{"id":28708,"date":"2018-01-03T09:36:15","date_gmt":"2018-01-03T08:36:15","guid":{"rendered":"https:\/\/nueva.hijasdejesus.org\/entrevista-em-lleida-com-nossa-irma-tita-hernandez\/"},"modified":"2018-01-05T18:18:00","modified_gmt":"2018-01-05T17:18:00","slug":"entrevista-em-lleida-com-nossa-irma-tita-hernandez","status":"publish","type":"post","link":"https:\/\/hijasdejesus.org\/pt-br\/entrevista-em-lleida-com-nossa-irma-tita-hernandez\/","title":{"rendered":"Entrevista em Lleida com nossa irm\u00e3 &#8220;Tita Hern\u00e1ndez&#8221;"},"content":{"rendered":"<p dir=\"ltr\">\n<p dir=\"ltr\"><strong>Maria Antonieta Hern\u00e1ndez Porcel, Filha de Jesus, de nacionalidade boliviana e com mais de trinta anos na comunidade, vive em Cochabamba, no meio rural, perto de Capinota, com um grupo de jovens em um internato, para dar-lhes a oportunidade de fazerem o curso secund\u00e1rio, e de aumentarem o n\u00edvel cultural de suas fam\u00edlias e ambiente pr\u00f3ximo. Semanas antes de mergulhar no curso, aproveitamos sua passagem por Lleida para conversar com ela.<\/strong><\/p>\n<p dir=\"ltr\"><strong>\u00a0<\/strong><\/p>\n<p dir=\"ltr\"><strong>-Irm\u00e3 Tita Por que voc\u00ea veio? <\/strong><\/p>\n<p dir=\"ltr\">-Vim aqui porque minha Congrega\u00e7\u00e3o me ofereceu a oportunidade de fazer um curso de Imers\u00e3o Inaciana, em Manresa. O objetivo principal \u00e9 fortalecer meu ser, fortalecer minha f\u00e9 e minha espiritualidade. Estou muito entusiasmada, com muitos desejos de receber os dons que o Senhor ir\u00e1 me presentear neste tempo. Irei ficar um m\u00eas e meio, e meu maior desejo \u00e9 voltar \u00e0 Bol\u00edvia com esta experi\u00eancia recebida e partilhada com mestres, estudantes, e outras pessoas\u2026 Partilhar o que Deus realiza em mim e em cada um de n\u00f3s, porque a viv\u00eancia da f\u00e9 \u00e9 descobrir que Deus est\u00e1 muito presente, e que seu projeto \u00e9 que busquemos a felicidade juntos, para a realiza\u00e7\u00e3o de seu Reino. E para mim, creio que minha f\u00e9 se ir\u00e1 fortalecer ao fazer este curso. Vim para isso. \u00a0<\/p>\n<p dir=\"ltr\"><strong>\u00a0<\/strong><\/p>\n<p dir=\"ltr\"><strong>-Como a irm\u00e3 nos v\u00ea, no pouco tempo que est\u00e1 conosco? <\/strong><\/p>\n<p dir=\"ltr\">-Fomos passear pelas ruas de Lleida. Vi gente que vive uma vida t\u00e3o simples e t\u00e3o tranquila, em uma cidade onde vi casas grandes, edif\u00edcios, mercado,\u2026 Chamaram muito minha aten\u00e7\u00e3o os imigrantes, que tamb\u00e9m t\u00eam muita oportunidade de poder ser gente. E t\u00eam oportunidade de manter sua cultura, embora com dificuldade no trabalho. Surpreendeu-me a acolhida ao diferente. N\u00e3o vi recha\u00e7o a eles, e estou surpresa com tantos imigrantes.<\/p>\n<p dir=\"ltr\">\u00a0<\/p>\n<p dir=\"ltr\"><strong>-Irm\u00e3, como podemos nos ajudar na viv\u00eancia da f\u00e9 considerando como \u00e9 vivida na Am\u00e9rica Latina e como se vive aqui na Europa?<\/strong><\/p>\n<p dir=\"ltr\">-Conhe\u00e7o pouco como se vive a f\u00e9 na Europa, mas, poderemos nos ajudar tendo presente o que partilhei com os volunt\u00e1rios europeus que v\u00e3o ao internato. Creio que deveria ser fomentada a rela\u00e7\u00e3o, cuidando do humano que somos, o que \u00e9 um dom,\u00a0e que nos permite recuperar nosso \u201cser filhos de Deus\u201d. A partir disto, creio que as coisas ir\u00e3o acontecendo, porque Deus n\u00e3o se deixa vencer na miseric\u00f3rdia. Aqui ou l\u00e1 podemos ser humanos, pessoas misericordiosas, podemos aceitar os outros como s\u00e3o, e viver como Deus quer neste Reino de Deus.<\/p>\n<p dir=\"ltr\">\u00a0<\/p>\n<p dir=\"ltr\"><strong>-Pode dar-nos uma mensagem que possa nos servir para viver nossa f\u00e9 aqui, e que tenha algo a ver um pouco com a viv\u00eancia de sua f\u00e9 em Bol\u00edvia, em Cochabamba?<\/strong><\/p>\n<p dir=\"ltr\">Visitei uma manh\u00e3 esportiva no col\u00e9gio Episcopal; vi o desejo de ajudar nas oficinas solid\u00e1rias de C\u00e1ritas, com a reciclagem de roupa e complementos;\u00a0\u00a0notei o tratamento entre as pessoas que se conhecem\u2026 Ent\u00e3o, creio que temos que continuar mantendo o que fazemos; que este mundo \u00e9 para todos; \u00e9 a casa comum, como diz o Papa; temos que manter nosso ser de irm\u00e3os na rela\u00e7\u00e3o, em sermos sens\u00edveis \u00e0s necessidades dos demais, e ver o que posso fazer no lugar onde estou. Talvez n\u00e3o seja muito, mas, em qualquer lugar podemos ser fraternos, solid\u00e1rios, irm\u00e3os\u2026 Creio que ter\u00edamos que ser assim em qualquer lugar, seja na Europa ou na Bol\u00edvia. No lugar onde estivermos Deus \u00e9 o Deus do amor, da miseric\u00f3rdia. Manifest\u00e1-lo \u00e9 o mais importante, creio. Deixar que Ele seja em n\u00f3s, e que continue agindo em nosso agir cotidiano.<\/p>\n<p>\u00a0<\/p>\n<p dir=\"ltr\"><strong>-Falemos da figura da madre C\u00e2ndida, sua fundadora. Aqui \u00e9 pouco conhecida, mas h\u00e1 uma pequena comunidade das Filhas de Jesus em Alcarr\u00e1s, que s\u00e3o conhecidas como Jesuitinas por ter a espiritualidade jesu\u00edtica. Apesar disso, para a maioria dos cidad\u00e3os de Lleida, santa C\u00e2ndida Maria de Jesus n\u00e3o \u00e9 t\u00e3o familiar. Poderia nos dizer alguma frase da madre C\u00e2ndida que possa recolher este pensamento de partilhar, que voc\u00ea nos disse agora h\u00e1 pouco? <\/strong><\/p>\n<p dir=\"ltr\">-Olhe, ser Filha de Jesus marca minha vida porque o carisma que Deus deu \u00e0 minha congrega\u00e7\u00e3o \u00e9 um carisma de miseric\u00f3rdia e de fraternidade. Ent\u00e3o, as Filhas de Jesus, aqui e ali, em qualquer lugar onde estivermos no mundo, nos sentimos filhas, e ao nos sentirmos filhas, nos sentimos irm\u00e3s de toda pessoa. A madre C\u00e2ndida com suas frases nos acompanha, como por exemplo:\u00a0\u201cO mundo \u00e9 pequeno para meus desejos\u201d,\u00a0\u00e9 o desejo de que se conhe\u00e7a Deus, para ser pessoa;\u00a0\u201cDeus o quer\u201d;\u00a0\u201cCom Deus, a todos os lugares\u201d.\u00a0O desejo de filia\u00e7\u00e3o e de fraternidade, que me d\u00e1 minha congrega\u00e7\u00e3o atrav\u00e9s do carisma da M. C\u00e2ndida, me faz ser e desejar. Dizia tamb\u00e9m a madre C\u00e2ndida:\u00a0\u201cOnde n\u00e3o h\u00e1 lugar para meus pobres, n\u00e3o h\u00e1 lugar para mim\u201d.\u00a0Esta \u00e9 uma das frases que marca nossa identidade e nosso desejo de servi\u00e7o, onde estivermos.<\/p>\n<p dir=\"ltr\">\u00a0<\/p>\n<p dir=\"ltr\"><strong>-Muito agradecido, Irm\u00e3, por responder nossas perguntas. Desejamos-lhe muito fruto em seu curso de imers\u00e3o inaciana em Manresa, e feliz regresso \u00e0 Bol\u00edvia.<\/strong><\/p>\n<p>\u00a0<\/p>\n<p dir=\"ltr\"><strong>\u00a0<\/strong><\/p>\n<p><span style=\"font-size: 2.25pt; font-family: 'Trebuchet MS'; color: #000000; background-color: transparent; font-weight: bold; font-style: italic; font-variant: normal; text-decoration: none; vertical-align: baseline; white-space: pre-wrap;\">\u00a0<\/span><\/p>\n","protected":false},"excerpt":{"rendered":"<p>Maria Antonieta Hern\u00e1ndez Porcel, Filha de Jesus, de nacionalidade boliviana e com mais de trinta anos na comunidade, vive em Cochabamba, no meio rural, perto de Capinota, com um grupo de jovens em um internato, para dar-lhes a oportunidade de fazerem o curso secund\u00e1rio, e de aumentarem o n\u00edvel cultural de suas fam\u00edlias e ambiente [&hellip;]<\/p>\n","protected":false},"author":28,"featured_media":9536,"comment_status":"closed","ping_status":"closed","sticky":false,"template":"","format":"standard","meta":{"_et_pb_use_builder":"","_et_pb_old_content":"","_et_gb_content_width":"","footnotes":"","_links_to":"","_links_to_target":""},"categories":[529,469],"tags":[],"class_list":["post-28708","post","type-post","status-publish","format-standard","has-post-thumbnail","hentry","category-hijas-de-jesus-pt-br","category-noticias-pt-br"],"yoast_head":"<!-- This site is optimized with the Yoast SEO plugin v27.5 - https:\/\/yoast.com\/product\/yoast-seo-wordpress\/ -->\n<title>Entrevista em Lleida com nossa irm\u00e3 &quot;Tita Hern\u00e1ndez&quot; - Hijas de Jes\u00fas<\/title>\n<meta name=\"robots\" content=\"index, follow, max-snippet:-1, max-image-preview:large, max-video-preview:-1\" \/>\n<link rel=\"canonical\" href=\"https:\/\/hijasdejesus.org\/pt-br\/entrevista-em-lleida-com-nossa-irma-tita-hernandez\/\" \/>\n<meta property=\"og:locale\" content=\"pt_BR\" \/>\n<meta property=\"og:type\" content=\"article\" \/>\n<meta property=\"og:title\" content=\"Entrevista em Lleida com nossa irm\u00e3 &quot;Tita Hern\u00e1ndez&quot; - Hijas de Jes\u00fas\" \/>\n<meta property=\"og:description\" content=\"Maria Antonieta Hern\u00e1ndez Porcel, Filha de Jesus, de nacionalidade boliviana e com mais de trinta anos na comunidade, vive em Cochabamba, no meio rural, perto de Capinota, com um grupo de jovens em um internato, para dar-lhes a oportunidade de fazerem o curso secund\u00e1rio, e de aumentarem o n\u00edvel cultural de suas fam\u00edlias e ambiente [&hellip;]\" \/>\n<meta property=\"og:url\" content=\"https:\/\/hijasdejesus.org\/pt-br\/entrevista-em-lleida-com-nossa-irma-tita-hernandez\/\" \/>\n<meta property=\"og:site_name\" content=\"Hijas de Jes\u00fas\" \/>\n<meta property=\"article:publisher\" content=\"https:\/\/www.facebook.com\/hijasdejesusenelmundo\/\" \/>\n<meta property=\"article:published_time\" content=\"2018-01-03T08:36:15+00:00\" \/>\n<meta property=\"article:modified_time\" content=\"2018-01-05T17:18:00+00:00\" \/>\n<meta property=\"og:image\" content=\"https:\/\/hijasdejesus.org\/wp-content\/uploads\/2018\/01\/Tita-hernndez-fi.jpg\" \/>\n\t<meta property=\"og:image:width\" content=\"708\" \/>\n\t<meta property=\"og:image:height\" content=\"531\" \/>\n\t<meta property=\"og:image:type\" content=\"image\/jpeg\" \/>\n<meta name=\"author\" content=\"Webmaster\" \/>\n<meta name=\"twitter:card\" content=\"summary_large_image\" \/>\n<meta name=\"twitter:creator\" content=\"@hijasdjesus\" \/>\n<meta name=\"twitter:site\" content=\"@hijasdjesus\" \/>\n<meta name=\"twitter:label1\" content=\"Escrito por\" \/>\n\t<meta name=\"twitter:data1\" content=\"Webmaster\" \/>\n\t<meta name=\"twitter:label2\" content=\"Est. tempo de leitura\" \/>\n\t<meta name=\"twitter:data2\" content=\"4 minutos\" \/>\n<script type=\"application\/ld+json\" class=\"yoast-schema-graph\">{\"@context\":\"https:\\\/\\\/schema.org\",\"@graph\":[{\"@type\":\"Article\",\"@id\":\"https:\\\/\\\/hijasdejesus.org\\\/pt-br\\\/entrevista-em-lleida-com-nossa-irma-tita-hernandez\\\/#article\",\"isPartOf\":{\"@id\":\"https:\\\/\\\/hijasdejesus.org\\\/pt-br\\\/entrevista-em-lleida-com-nossa-irma-tita-hernandez\\\/\"},\"author\":{\"name\":\"Webmaster\",\"@id\":\"https:\\\/\\\/hijasdejesus.org\\\/pt-br\\\/#\\\/schema\\\/person\\\/ce4455965da733f2791f23b6ec14e9b6\"},\"headline\":\"Entrevista em Lleida com nossa irm\u00e3 &#8220;Tita Hern\u00e1ndez&#8221;\",\"datePublished\":\"2018-01-03T08:36:15+00:00\",\"dateModified\":\"2018-01-05T17:18:00+00:00\",\"mainEntityOfPage\":{\"@id\":\"https:\\\/\\\/hijasdejesus.org\\\/pt-br\\\/entrevista-em-lleida-com-nossa-irma-tita-hernandez\\\/\"},\"wordCount\":889,\"publisher\":{\"@id\":\"https:\\\/\\\/hijasdejesus.org\\\/pt-br\\\/#organization\"},\"image\":{\"@id\":\"https:\\\/\\\/hijasdejesus.org\\\/pt-br\\\/entrevista-em-lleida-com-nossa-irma-tita-hernandez\\\/#primaryimage\"},\"thumbnailUrl\":\"https:\\\/\\\/hijasdejesus.org\\\/wp-content\\\/uploads\\\/2018\\\/01\\\/Tita-hernndez-fi.jpg\",\"articleSection\":[\"Hijas de Jes\u00fas\",\"Not\u00edcias\"],\"inLanguage\":\"pt-BR\"},{\"@type\":\"WebPage\",\"@id\":\"https:\\\/\\\/hijasdejesus.org\\\/pt-br\\\/entrevista-em-lleida-com-nossa-irma-tita-hernandez\\\/\",\"url\":\"https:\\\/\\\/hijasdejesus.org\\\/pt-br\\\/entrevista-em-lleida-com-nossa-irma-tita-hernandez\\\/\",\"name\":\"Entrevista em Lleida com nossa irm\u00e3 \\\"Tita Hern\u00e1ndez\\\" - Hijas de Jes\u00fas\",\"isPartOf\":{\"@id\":\"https:\\\/\\\/hijasdejesus.org\\\/pt-br\\\/#website\"},\"primaryImageOfPage\":{\"@id\":\"https:\\\/\\\/hijasdejesus.org\\\/pt-br\\\/entrevista-em-lleida-com-nossa-irma-tita-hernandez\\\/#primaryimage\"},\"image\":{\"@id\":\"https:\\\/\\\/hijasdejesus.org\\\/pt-br\\\/entrevista-em-lleida-com-nossa-irma-tita-hernandez\\\/#primaryimage\"},\"thumbnailUrl\":\"https:\\\/\\\/hijasdejesus.org\\\/wp-content\\\/uploads\\\/2018\\\/01\\\/Tita-hernndez-fi.jpg\",\"datePublished\":\"2018-01-03T08:36:15+00:00\",\"dateModified\":\"2018-01-05T17:18:00+00:00\",\"breadcrumb\":{\"@id\":\"https:\\\/\\\/hijasdejesus.org\\\/pt-br\\\/entrevista-em-lleida-com-nossa-irma-tita-hernandez\\\/#breadcrumb\"},\"inLanguage\":\"pt-BR\",\"potentialAction\":[{\"@type\":\"ReadAction\",\"target\":[\"https:\\\/\\\/hijasdejesus.org\\\/pt-br\\\/entrevista-em-lleida-com-nossa-irma-tita-hernandez\\\/\"]}]},{\"@type\":\"ImageObject\",\"inLanguage\":\"pt-BR\",\"@id\":\"https:\\\/\\\/hijasdejesus.org\\\/pt-br\\\/entrevista-em-lleida-com-nossa-irma-tita-hernandez\\\/#primaryimage\",\"url\":\"https:\\\/\\\/hijasdejesus.org\\\/wp-content\\\/uploads\\\/2018\\\/01\\\/Tita-hernndez-fi.jpg\",\"contentUrl\":\"https:\\\/\\\/hijasdejesus.org\\\/wp-content\\\/uploads\\\/2018\\\/01\\\/Tita-hernndez-fi.jpg\",\"width\":708,\"height\":531},{\"@type\":\"BreadcrumbList\",\"@id\":\"https:\\\/\\\/hijasdejesus.org\\\/pt-br\\\/entrevista-em-lleida-com-nossa-irma-tita-hernandez\\\/#breadcrumb\",\"itemListElement\":[{\"@type\":\"ListItem\",\"position\":1,\"name\":\"Portada\",\"item\":\"https:\\\/\\\/hijasdejesus.org\\\/pt-br\\\/\"},{\"@type\":\"ListItem\",\"position\":2,\"name\":\"Entrevista em Lleida com nossa irm\u00e3 \u00abTita Hern\u00e1ndez\u00bb\"}]},{\"@type\":\"WebSite\",\"@id\":\"https:\\\/\\\/hijasdejesus.org\\\/pt-br\\\/#website\",\"url\":\"https:\\\/\\\/hijasdejesus.org\\\/pt-br\\\/\",\"name\":\"Hijas de Jes\u00fas\",\"description\":\"Despertamos a Jes\u00fas en el coraz\u00f3n, sacando lo mejor de las personas. Somos una congregaci\u00f3n religiosa ignaciana fundada por la Madre Candida\",\"publisher\":{\"@id\":\"https:\\\/\\\/hijasdejesus.org\\\/pt-br\\\/#organization\"},\"potentialAction\":[{\"@type\":\"SearchAction\",\"target\":{\"@type\":\"EntryPoint\",\"urlTemplate\":\"https:\\\/\\\/hijasdejesus.org\\\/pt-br\\\/?s={search_term_string}\"},\"query-input\":{\"@type\":\"PropertyValueSpecification\",\"valueRequired\":true,\"valueName\":\"search_term_string\"}}],\"inLanguage\":\"pt-BR\"},{\"@type\":\"Organization\",\"@id\":\"https:\\\/\\\/hijasdejesus.org\\\/pt-br\\\/#organization\",\"name\":\"Hijas de Jes\u00fas\",\"url\":\"https:\\\/\\\/hijasdejesus.org\\\/pt-br\\\/\",\"logo\":{\"@type\":\"ImageObject\",\"inLanguage\":\"pt-BR\",\"@id\":\"https:\\\/\\\/hijasdejesus.org\\\/pt-br\\\/#\\\/schema\\\/logo\\\/image\\\/\",\"url\":\"https:\\\/\\\/hijasdejesus.org\\\/wp-content\\\/uploads\\\/2023\\\/01\\\/Hijas-de-Jesus_hor-A7C957.png\",\"contentUrl\":\"https:\\\/\\\/hijasdejesus.org\\\/wp-content\\\/uploads\\\/2023\\\/01\\\/Hijas-de-Jesus_hor-A7C957.png\",\"width\":700,\"height\":360,\"caption\":\"Hijas de Jes\u00fas\"},\"image\":{\"@id\":\"https:\\\/\\\/hijasdejesus.org\\\/pt-br\\\/#\\\/schema\\\/logo\\\/image\\\/\"},\"sameAs\":[\"https:\\\/\\\/www.facebook.com\\\/hijasdejesusenelmundo\\\/\",\"https:\\\/\\\/x.com\\\/hijasdjesus\"]},{\"@type\":\"Person\",\"@id\":\"https:\\\/\\\/hijasdejesus.org\\\/pt-br\\\/#\\\/schema\\\/person\\\/ce4455965da733f2791f23b6ec14e9b6\",\"name\":\"Webmaster\",\"image\":{\"@type\":\"ImageObject\",\"inLanguage\":\"pt-BR\",\"@id\":\"https:\\\/\\\/secure.gravatar.com\\\/avatar\\\/cfd0acaac86c3981d541d2e99a0ffb7b6d33a5ac8989a62f5518b9e0f7ee128a?s=96&d=mm&r=g\",\"url\":\"https:\\\/\\\/secure.gravatar.com\\\/avatar\\\/cfd0acaac86c3981d541d2e99a0ffb7b6d33a5ac8989a62f5518b9e0f7ee128a?s=96&d=mm&r=g\",\"contentUrl\":\"https:\\\/\\\/secure.gravatar.com\\\/avatar\\\/cfd0acaac86c3981d541d2e99a0ffb7b6d33a5ac8989a62f5518b9e0f7ee128a?s=96&d=mm&r=g\",\"caption\":\"Webmaster\"},\"url\":\"https:\\\/\\\/hijasdejesus.org\\\/pt-br\\\/author\\\/webmaster\\\/\"}]}<\/script>\n<!-- \/ Yoast SEO plugin. -->","yoast_head_json":{"title":"Entrevista em Lleida com nossa irm\u00e3 \"Tita Hern\u00e1ndez\" - Hijas de Jes\u00fas","robots":{"index":"index","follow":"follow","max-snippet":"max-snippet:-1","max-image-preview":"max-image-preview:large","max-video-preview":"max-video-preview:-1"},"canonical":"https:\/\/hijasdejesus.org\/pt-br\/entrevista-em-lleida-com-nossa-irma-tita-hernandez\/","og_locale":"pt_BR","og_type":"article","og_title":"Entrevista em Lleida com nossa irm\u00e3 \"Tita Hern\u00e1ndez\" - Hijas de Jes\u00fas","og_description":"Maria Antonieta Hern\u00e1ndez Porcel, Filha de Jesus, de nacionalidade boliviana e com mais de trinta anos na comunidade, vive em Cochabamba, no meio rural, perto de Capinota, com um grupo de jovens em um internato, para dar-lhes a oportunidade de fazerem o curso secund\u00e1rio, e de aumentarem o n\u00edvel cultural de suas fam\u00edlias e ambiente [&hellip;]","og_url":"https:\/\/hijasdejesus.org\/pt-br\/entrevista-em-lleida-com-nossa-irma-tita-hernandez\/","og_site_name":"Hijas de Jes\u00fas","article_publisher":"https:\/\/www.facebook.com\/hijasdejesusenelmundo\/","article_published_time":"2018-01-03T08:36:15+00:00","article_modified_time":"2018-01-05T17:18:00+00:00","og_image":[{"width":708,"height":531,"url":"https:\/\/hijasdejesus.org\/wp-content\/uploads\/2018\/01\/Tita-hernndez-fi.jpg","type":"image\/jpeg"}],"author":"Webmaster","twitter_card":"summary_large_image","twitter_creator":"@hijasdjesus","twitter_site":"@hijasdjesus","twitter_misc":{"Escrito por":"Webmaster","Est. tempo de leitura":"4 minutos"},"schema":{"@context":"https:\/\/schema.org","@graph":[{"@type":"Article","@id":"https:\/\/hijasdejesus.org\/pt-br\/entrevista-em-lleida-com-nossa-irma-tita-hernandez\/#article","isPartOf":{"@id":"https:\/\/hijasdejesus.org\/pt-br\/entrevista-em-lleida-com-nossa-irma-tita-hernandez\/"},"author":{"name":"Webmaster","@id":"https:\/\/hijasdejesus.org\/pt-br\/#\/schema\/person\/ce4455965da733f2791f23b6ec14e9b6"},"headline":"Entrevista em Lleida com nossa irm\u00e3 &#8220;Tita Hern\u00e1ndez&#8221;","datePublished":"2018-01-03T08:36:15+00:00","dateModified":"2018-01-05T17:18:00+00:00","mainEntityOfPage":{"@id":"https:\/\/hijasdejesus.org\/pt-br\/entrevista-em-lleida-com-nossa-irma-tita-hernandez\/"},"wordCount":889,"publisher":{"@id":"https:\/\/hijasdejesus.org\/pt-br\/#organization"},"image":{"@id":"https:\/\/hijasdejesus.org\/pt-br\/entrevista-em-lleida-com-nossa-irma-tita-hernandez\/#primaryimage"},"thumbnailUrl":"https:\/\/hijasdejesus.org\/wp-content\/uploads\/2018\/01\/Tita-hernndez-fi.jpg","articleSection":["Hijas de Jes\u00fas","Not\u00edcias"],"inLanguage":"pt-BR"},{"@type":"WebPage","@id":"https:\/\/hijasdejesus.org\/pt-br\/entrevista-em-lleida-com-nossa-irma-tita-hernandez\/","url":"https:\/\/hijasdejesus.org\/pt-br\/entrevista-em-lleida-com-nossa-irma-tita-hernandez\/","name":"Entrevista em Lleida com nossa irm\u00e3 \"Tita Hern\u00e1ndez\" - Hijas de Jes\u00fas","isPartOf":{"@id":"https:\/\/hijasdejesus.org\/pt-br\/#website"},"primaryImageOfPage":{"@id":"https:\/\/hijasdejesus.org\/pt-br\/entrevista-em-lleida-com-nossa-irma-tita-hernandez\/#primaryimage"},"image":{"@id":"https:\/\/hijasdejesus.org\/pt-br\/entrevista-em-lleida-com-nossa-irma-tita-hernandez\/#primaryimage"},"thumbnailUrl":"https:\/\/hijasdejesus.org\/wp-content\/uploads\/2018\/01\/Tita-hernndez-fi.jpg","datePublished":"2018-01-03T08:36:15+00:00","dateModified":"2018-01-05T17:18:00+00:00","breadcrumb":{"@id":"https:\/\/hijasdejesus.org\/pt-br\/entrevista-em-lleida-com-nossa-irma-tita-hernandez\/#breadcrumb"},"inLanguage":"pt-BR","potentialAction":[{"@type":"ReadAction","target":["https:\/\/hijasdejesus.org\/pt-br\/entrevista-em-lleida-com-nossa-irma-tita-hernandez\/"]}]},{"@type":"ImageObject","inLanguage":"pt-BR","@id":"https:\/\/hijasdejesus.org\/pt-br\/entrevista-em-lleida-com-nossa-irma-tita-hernandez\/#primaryimage","url":"https:\/\/hijasdejesus.org\/wp-content\/uploads\/2018\/01\/Tita-hernndez-fi.jpg","contentUrl":"https:\/\/hijasdejesus.org\/wp-content\/uploads\/2018\/01\/Tita-hernndez-fi.jpg","width":708,"height":531},{"@type":"BreadcrumbList","@id":"https:\/\/hijasdejesus.org\/pt-br\/entrevista-em-lleida-com-nossa-irma-tita-hernandez\/#breadcrumb","itemListElement":[{"@type":"ListItem","position":1,"name":"Portada","item":"https:\/\/hijasdejesus.org\/pt-br\/"},{"@type":"ListItem","position":2,"name":"Entrevista em Lleida com nossa irm\u00e3 \u00abTita Hern\u00e1ndez\u00bb"}]},{"@type":"WebSite","@id":"https:\/\/hijasdejesus.org\/pt-br\/#website","url":"https:\/\/hijasdejesus.org\/pt-br\/","name":"Hijas de Jes\u00fas","description":"Despertamos a Jes\u00fas en el coraz\u00f3n, sacando lo mejor de las personas. Somos una congregaci\u00f3n religiosa ignaciana fundada por la Madre Candida","publisher":{"@id":"https:\/\/hijasdejesus.org\/pt-br\/#organization"},"potentialAction":[{"@type":"SearchAction","target":{"@type":"EntryPoint","urlTemplate":"https:\/\/hijasdejesus.org\/pt-br\/?s={search_term_string}"},"query-input":{"@type":"PropertyValueSpecification","valueRequired":true,"valueName":"search_term_string"}}],"inLanguage":"pt-BR"},{"@type":"Organization","@id":"https:\/\/hijasdejesus.org\/pt-br\/#organization","name":"Hijas de Jes\u00fas","url":"https:\/\/hijasdejesus.org\/pt-br\/","logo":{"@type":"ImageObject","inLanguage":"pt-BR","@id":"https:\/\/hijasdejesus.org\/pt-br\/#\/schema\/logo\/image\/","url":"https:\/\/hijasdejesus.org\/wp-content\/uploads\/2023\/01\/Hijas-de-Jesus_hor-A7C957.png","contentUrl":"https:\/\/hijasdejesus.org\/wp-content\/uploads\/2023\/01\/Hijas-de-Jesus_hor-A7C957.png","width":700,"height":360,"caption":"Hijas de Jes\u00fas"},"image":{"@id":"https:\/\/hijasdejesus.org\/pt-br\/#\/schema\/logo\/image\/"},"sameAs":["https:\/\/www.facebook.com\/hijasdejesusenelmundo\/","https:\/\/x.com\/hijasdjesus"]},{"@type":"Person","@id":"https:\/\/hijasdejesus.org\/pt-br\/#\/schema\/person\/ce4455965da733f2791f23b6ec14e9b6","name":"Webmaster","image":{"@type":"ImageObject","inLanguage":"pt-BR","@id":"https:\/\/secure.gravatar.com\/avatar\/cfd0acaac86c3981d541d2e99a0ffb7b6d33a5ac8989a62f5518b9e0f7ee128a?s=96&d=mm&r=g","url":"https:\/\/secure.gravatar.com\/avatar\/cfd0acaac86c3981d541d2e99a0ffb7b6d33a5ac8989a62f5518b9e0f7ee128a?s=96&d=mm&r=g","contentUrl":"https:\/\/secure.gravatar.com\/avatar\/cfd0acaac86c3981d541d2e99a0ffb7b6d33a5ac8989a62f5518b9e0f7ee128a?s=96&d=mm&r=g","caption":"Webmaster"},"url":"https:\/\/hijasdejesus.org\/pt-br\/author\/webmaster\/"}]}},"_links":{"self":[{"href":"https:\/\/hijasdejesus.org\/pt-br\/wp-json\/wp\/v2\/posts\/28708","targetHints":{"allow":["GET"]}}],"collection":[{"href":"https:\/\/hijasdejesus.org\/pt-br\/wp-json\/wp\/v2\/posts"}],"about":[{"href":"https:\/\/hijasdejesus.org\/pt-br\/wp-json\/wp\/v2\/types\/post"}],"author":[{"embeddable":true,"href":"https:\/\/hijasdejesus.org\/pt-br\/wp-json\/wp\/v2\/users\/28"}],"replies":[{"embeddable":true,"href":"https:\/\/hijasdejesus.org\/pt-br\/wp-json\/wp\/v2\/comments?post=28708"}],"version-history":[{"count":0,"href":"https:\/\/hijasdejesus.org\/pt-br\/wp-json\/wp\/v2\/posts\/28708\/revisions"}],"wp:featuredmedia":[{"embeddable":true,"href":"https:\/\/hijasdejesus.org\/pt-br\/wp-json\/wp\/v2\/media\/9536"}],"wp:attachment":[{"href":"https:\/\/hijasdejesus.org\/pt-br\/wp-json\/wp\/v2\/media?parent=28708"}],"wp:term":[{"taxonomy":"category","embeddable":true,"href":"https:\/\/hijasdejesus.org\/pt-br\/wp-json\/wp\/v2\/categories?post=28708"},{"taxonomy":"post_tag","embeddable":true,"href":"https:\/\/hijasdejesus.org\/pt-br\/wp-json\/wp\/v2\/tags?post=28708"}],"curies":[{"name":"wp","href":"https:\/\/api.w.org\/{rel}","templated":true}]}}