{"id":28772,"date":"2018-03-08T18:12:20","date_gmt":"2018-03-08T17:12:20","guid":{"rendered":"https:\/\/nueva.hijasdejesus.org\/beata-maria-antonia-bandres-corage-y-amor\/"},"modified":"2018-03-15T10:25:01","modified_gmt":"2018-03-15T09:25:01","slug":"beata-maria-antonia-bandres-corage-y-amor","status":"publish","type":"post","link":"https:\/\/hijasdejesus.org\/pt-br\/beata-maria-antonia-bandres-corage-y-amor\/","title":{"rendered":"Beata Maria Antonia Bandr\u00e9s- Corage y amor"},"content":{"rendered":"<p dir=\"ltr\" style=\"line-height: 1.295; margin-top: 0pt; margin-bottom: 8pt; text-indent: 36pt;\"><span style=\"font-size: 12pt; font-family: 'Times New Roman'; color: #000000; background-color: transparent; font-weight: 400; font-style: normal; font-variant: normal; text-decoration: none; vertical-align: baseline; white-space: pre-wrap;\"><\/span><\/p>\n<p dir=\"ltr\">Faz 120 anos. Dia 06 de mar\u00e7o de 1898 nasceu Maria Antonia em Tolosa (Guip\u00fazcoa), na Espanha. Seus pais, Ram\u00f3n Bandr\u00e9s e Teresa El\u00f3segui, tiveram quinze filhos. Maria Antonia foi a segunda. Recebeu o batismo dois dias depois do seu nascimento, e foi crismada aos quatro anos. Em 23 de maio recebeu a Eucaristia pela primeira vez.<\/p>\n<p dir=\"ltr\">Desde ent\u00e3o, o centro de sua vida espiritual, caracterizada tamb\u00e9m por seu amor filial pela Virgem, ser\u00e1 Jesus no Sacr\u00e1rio. Por causa da sa\u00fade um pouco fraca, recebeu em casa as primeiras aulas e depois frequentou o col\u00e9gio das Filhas de Jesus fundado em Tolosa pela Madre C\u00e2ndida Maria de Jesus.<\/p>\n<p dir=\"ltr\">Desde os primeiros anos da inf\u00e2ncia ela se distinguiu por uma profunda vida espiritual pouco comum para sua idade, pelo zelo apost\u00f3lico, humildade, caridade, amor a Jesus e \u00e0 Virgem, manifestado em pequenos gestos, pela obedi\u00eancia e esp\u00edrito de sacrif\u00edcio. Interessava-se vivamente pelos pobres e necessitados e realizou na periferia de Tolosa, em particular com as trabalhadoras do sindicato, uma obra evangelizadora e social incomum naquele tempo.<\/p>\n<p dir=\"ltr\">Com dezessete anos entrou na Congrega\u00e7\u00e3o das Filhas de Jesus em Salamanca, em 08 de dezembro de 1915. Dia 31 de maio de 1918 emitiu os votos religiosos. Poucos dias antes, ela escreveu: <em>\u201cViver crucificada com Jesus, por meio dos santos votos e, atrav\u00e9s deles, toda e sempre de Deus. Que somente Jesus e Maria ocupem meu cora\u00e7\u00e3o\u201d.<\/em><\/p>\n<p dir=\"ltr\">Antes da profiss\u00e3o religiosa fizera uma preciosa entrega ao Senhor: seguindo uma inspira\u00e7\u00e3o interior, ofereceu sua vida a Deus pela convers\u00e3o e salva\u00e7\u00e3o de seu tio Antonio, seu padrinho de batismo. Pareceu-lhe que o Senhor aceitou a generosa oferta. Sua sa\u00fade, que nunca fora muito forte, come\u00e7ou a se debilitar pouco a pouco, e se manifestou uma doen\u00e7a que, no in\u00edcio de 1919, foi diagnosticada como infec\u00e7\u00e3o intestinal, resistente a todo e qualquer tratamento.<\/p>\n<p dir=\"ltr\">Na sexta feira santa, 25 de abril, recebeu a Eucaristia com fervor e alegria. Depois disse que lhe faltava ainda receber a Un\u00e7\u00e3o dos enfermos para se preparar ao encontro com Deus. Ela pediu e lhe foi concedido emitir os votos perp\u00e9tuos. Com firmeza pronunciou a f\u00f3rmula dos votos e repetia com muita paz: <em>\u201c\u00c9 isto morrer? Que suave \u00e9 a morte! Como \u00e9 suave morrer na vida religiosa!\u201d.<\/em><\/p>\n<p dir=\"ltr\">Nas primeiras horas de 27 de abril de 1919, aos vinte e um anos, entrou na eternidade depois de ter invocado Maria, a \u201cM\u00e3e de clem\u00eancia\u201d.<\/p>\n<p dir=\"ltr\">O exemplo de coragem e f\u00e9 de Antonita nos leva a refletir sobre as palavras do anjo Gabriel \u00e0 Sant\u00edssima Virgem: <em>\u201cN\u00e3o temas, Maria, porque encontraste gra\u00e7a diante de Deus\u201d<\/em> (Lc 1,30), que \u00e9 tamb\u00e9m o tema que o Papa Francisco escolheu para sua mensagem \u00e0 33\u00aa Jornada Mundial da Juventude (Domingo de Ramos, 25 de mar\u00e7o de 2018). Ele quer que <em>\u201cprocuremos escutar com ela a voz de Deus que infunde coragem e d\u00e1 a gra\u00e7a necess\u00e1ria para responder a seu chamado: \u2018N\u00e3o temas, Maria, porque encontraste gra\u00e7a diante de Deus\u2019\u201d.<\/em><\/p>\n<p dir=\"ltr\">O Papa nos assegura: \u201cDeus tamb\u00e9m l\u00ea nosso cora\u00e7\u00e3o. Ele conhece bem os desafios que devemos enfrentar na vida, especialmente quando nos encontramos ante decis\u00f5es fundamentais das quais depende o que seremos e o que faremos neste mundo\u201d. \u00c9 a \u00abemo\u00e7\u00e3o\u00bb que sentimos frente \u00e0s decis\u00f5es sobre nosso futuro, nosso estado de vida, nossa voca\u00e7\u00e3o. O Santo Padre nos impele a fazer um ato de f\u00e9 em Deus, e que significa \u201cacreditar na bondade fundamental da exist\u00eancia que Deus nos deu, confiar que ele nos conduz a um bem final\u201d.<\/p>\n<p dir=\"ltr\">Antonita, que era de temperamento vivo e nervoso necessitado de constante autocontrole, tamb\u00e9m teve que enfrentar desafios para tomar decis\u00f5es fundamentais. Por\u00e9m, sabia focar para fins superiores sua afetividade e sua ternura de cora\u00e7\u00e3o, e, apesar de amar os seus com profundo amor, fez de Deus seu Absoluto..<em>. \u201cCalar at\u00e9 ao hero\u00edsmo, sofrer permanentemente durante toda minha vida, at\u00e9 a morte\u201d<\/em>, foi um ponto firme em seu pensamento. Suas palavras poderiam nos fazer pensar em uma jovem triste, por\u00e9m o Dr. Filiberto Villalobos de Salamanca, o m\u00e9dico que a atendeu, declarou:<em> \u201cDesde a primeira visita que lhe fiz como m\u00e9dico, no Noviciado das Filhas de Jesus de Salamanca, me impressionou a alegria e o encanto desta religiosa. No curso de sua doen\u00e7a que terminou com a morte, nunca se lamentou da gravidade da enfermidade nem das amarguras que ela lhe ocasionava. Sempre a encontrei risonha e contente\u201d.<\/em><\/p>\n<p dir=\"ltr\">Era como se Antonita soubesse o que o Papa Francisco insiste em sua Mensagem; que<em> \u201cnossa vida n\u00e3o \u00e9 pura casualidade nem mera luta para sobreviver, mas cada um de n\u00f3s \u00e9 uma hist\u00f3ria amada por Deus.\u201d<\/em> Pr\u00f3xima \u00e0 morte fez esta confid\u00eancia: <em>\u201cPara mim tudo foi duro, frio, \u00e1rido; para mim Jesus n\u00e3o me presenteou com suas car\u00edcias, mas agora estou repleta de paz e de consola\u00e7\u00e3o; sinto que a Virgem est\u00e1 a meu lado, que Jesus me ama e eu o amo\u201d.<\/em><\/p>\n<p dir=\"ltr\">Para o Dr. Villalobos Antonita foi um forte testemunho desse Amor. Quando a visitou pela \u00faltima vez, \u00e0 tarde de 26 de abril de 1919, ficou assombrado. E mais de 25 anos depois ele escreveu sobre esta sua experi\u00eancia:<\/p>\n<p dir=\"ltr\"><em>Eu estava impressionad\u00edssimo. Sentimentos de ternura, de admira\u00e7\u00e3o e de assombro me impediam dialogar serenamente com aquela religiosa de 21 anos que me anunciava, alegre e gozosa, sua pr\u00f3xima morte. Desejava terminar a cena emocionante e desejava n\u00e3o me separar daquela criatura sobrenatural. Com um, \u00abat\u00e9 amanh\u00e3\u00bb despedi-me angustiado da Irm\u00e3 Antonia, que me respondeu risonha com um \u00abat\u00e9 o c\u00e9u\u00bb. <\/em><\/p>\n<p dir=\"ltr\"><em>Umas horas depois, cantando jaculat\u00f3rias, a alma pura e bondosa da Filha de Jesus deixou a terra. Naquela tarde, como outras vezes, fui ao noviciado em companhia de D. Miguel de Unamuno muito amigo da fam\u00edlia Bandr\u00e9s. Dom Miguel me esperava na cal\u00e7ada pr\u00f3xima ao noviciado. Poucos homens mais sens\u00edveis que D. Miguel para apreciar a grandeza e a ternura do esp\u00edrito excelso da Ir. Antonia. E meu relato penetrou t\u00e3o dentro de sua alma, sempre torturada pela inquieta\u00e7\u00e3o e preocupa\u00e7\u00e3o em rela\u00e7\u00e3o \u00e0 outra vida, que nas andan\u00e7as pelas ruas e pra\u00e7as desta cidade de Salamanca foi tema frequente de nossas conversa\u00e7\u00f5es o gozoso e suave morrer da irm\u00e3zinha angelical. Ela nunca me perguntou, como muitas vezes o fez D. Miguel, \u00abo que ser\u00e1 de n\u00f3s depois da morte?\u00bb. O g\u00eanio e o saber extraordin\u00e1rios de Unamuno se chocavam sempre ante o misterioso destino da alma humana&#8230;<\/em><\/p>\n<p dir=\"ltr\">Maria Antonia, t\u00e3o jovem e, como Maria, nossa M\u00e3e, forte testemunha de Coragem e Amor. Partilhamos com os jovens de hoje o convite do Papa: \u201ccontinuar contemplando o amor de Maria: um amor atento, din\u00e2mico, concreto. Um amor cheio de aud\u00e1cia e completamente projetado para o dom de si mesma.\u2026 um amor que se converte em servi\u00e7o e dedica\u00e7\u00e3o, especialmente para com os mais fracos e pobres, que transforma nossos rostos e nos enche de alegria\u201d.<\/p>\n<p dir=\"ltr\">Que a Beata Antonita nos inspire com seu exemplo, e nos ajude com sua intercess\u00e3o!<\/p>\n<p>\u00a0<\/p>\n<p dir=\"ltr\">Anna-Mar\u00eda Cinco, FI<\/p>\n<p><span style=\"font-size: 12pt; font-family: 'Times New Roman'; color: #000000; background-color: transparent; font-weight: 400; font-style: normal; font-variant: normal; text-decoration: none; vertical-align: baseline; white-space: pre-wrap;\">\u00a0<\/span><\/p>\n","protected":false},"excerpt":{"rendered":"<p>Faz 120 anos. Dia 06 de mar\u00e7o de 1898 nasceu Maria Antonia em Tolosa (Guip\u00fazcoa), na Espanha. Seus pais, Ram\u00f3n Bandr\u00e9s e Teresa El\u00f3segui, tiveram quinze filhos. Maria Antonia foi a segunda. Recebeu o batismo dois dias depois do seu nascimento, e foi crismada aos quatro anos. Em 23 de maio recebeu a Eucaristia pela [&hellip;]<\/p>\n","protected":false},"author":28,"featured_media":9606,"comment_status":"closed","ping_status":"closed","sticky":false,"template":"","format":"standard","meta":{"_et_pb_use_builder":"","_et_pb_old_content":"","_et_gb_content_width":"","footnotes":"","_links_to":"","_links_to_target":""},"categories":[529,469],"tags":[],"class_list":["post-28772","post","type-post","status-publish","format-standard","has-post-thumbnail","hentry","category-hijas-de-jesus-pt-br","category-noticias-pt-br"],"yoast_head":"<!-- This site is optimized with the Yoast SEO plugin v27.4 - https:\/\/yoast.com\/product\/yoast-seo-wordpress\/ -->\n<title>Beata Maria Antonia Bandr\u00e9s- Corage y amor - Hijas de Jes\u00fas<\/title>\n<meta name=\"robots\" content=\"index, follow, max-snippet:-1, max-image-preview:large, max-video-preview:-1\" \/>\n<link rel=\"canonical\" href=\"https:\/\/hijasdejesus.org\/pt-br\/beata-maria-antonia-bandres-corage-y-amor\/\" \/>\n<meta property=\"og:locale\" content=\"pt_BR\" \/>\n<meta property=\"og:type\" content=\"article\" \/>\n<meta property=\"og:title\" content=\"Beata Maria Antonia Bandr\u00e9s- Corage y amor - Hijas de Jes\u00fas\" \/>\n<meta property=\"og:description\" content=\"Faz 120 anos. Dia 06 de mar\u00e7o de 1898 nasceu Maria Antonia em Tolosa (Guip\u00fazcoa), na Espanha. Seus pais, Ram\u00f3n Bandr\u00e9s e Teresa El\u00f3segui, tiveram quinze filhos. Maria Antonia foi a segunda. Recebeu o batismo dois dias depois do seu nascimento, e foi crismada aos quatro anos. Em 23 de maio recebeu a Eucaristia pela [&hellip;]\" \/>\n<meta property=\"og:url\" content=\"https:\/\/hijasdejesus.org\/pt-br\/beata-maria-antonia-bandres-corage-y-amor\/\" \/>\n<meta property=\"og:site_name\" content=\"Hijas de Jes\u00fas\" \/>\n<meta property=\"article:publisher\" content=\"https:\/\/www.facebook.com\/hijasdejesusenelmundo\/\" \/>\n<meta property=\"article:published_time\" content=\"2018-03-08T17:12:20+00:00\" \/>\n<meta property=\"article:modified_time\" content=\"2018-03-15T09:25:01+00:00\" \/>\n<meta property=\"og:image\" content=\"https:\/\/hijasdejesus.org\/wp-content\/uploads\/2018\/03\/MAB2-scaled.jpg\" \/>\n\t<meta property=\"og:image:width\" content=\"1691\" \/>\n\t<meta property=\"og:image:height\" content=\"2560\" \/>\n\t<meta property=\"og:image:type\" content=\"image\/jpeg\" \/>\n<meta name=\"author\" content=\"Webmaster\" \/>\n<meta name=\"twitter:card\" content=\"summary_large_image\" \/>\n<meta name=\"twitter:creator\" content=\"@hijasdjesus\" \/>\n<meta name=\"twitter:site\" content=\"@hijasdjesus\" \/>\n<meta name=\"twitter:label1\" content=\"Escrito por\" \/>\n\t<meta name=\"twitter:data1\" content=\"Webmaster\" \/>\n\t<meta name=\"twitter:label2\" content=\"Est. tempo de leitura\" \/>\n\t<meta name=\"twitter:data2\" content=\"6 minutos\" \/>\n<script type=\"application\/ld+json\" class=\"yoast-schema-graph\">{\"@context\":\"https:\\\/\\\/schema.org\",\"@graph\":[{\"@type\":\"Article\",\"@id\":\"https:\\\/\\\/hijasdejesus.org\\\/pt-br\\\/beata-maria-antonia-bandres-corage-y-amor\\\/#article\",\"isPartOf\":{\"@id\":\"https:\\\/\\\/hijasdejesus.org\\\/pt-br\\\/beata-maria-antonia-bandres-corage-y-amor\\\/\"},\"author\":{\"name\":\"Webmaster\",\"@id\":\"https:\\\/\\\/hijasdejesus.org\\\/pt-br\\\/#\\\/schema\\\/person\\\/ce4455965da733f2791f23b6ec14e9b6\"},\"headline\":\"Beata Maria Antonia Bandr\u00e9s- Corage y amor\",\"datePublished\":\"2018-03-08T17:12:20+00:00\",\"dateModified\":\"2018-03-15T09:25:01+00:00\",\"mainEntityOfPage\":{\"@id\":\"https:\\\/\\\/hijasdejesus.org\\\/pt-br\\\/beata-maria-antonia-bandres-corage-y-amor\\\/\"},\"wordCount\":1230,\"publisher\":{\"@id\":\"https:\\\/\\\/hijasdejesus.org\\\/pt-br\\\/#organization\"},\"image\":{\"@id\":\"https:\\\/\\\/hijasdejesus.org\\\/pt-br\\\/beata-maria-antonia-bandres-corage-y-amor\\\/#primaryimage\"},\"thumbnailUrl\":\"https:\\\/\\\/hijasdejesus.org\\\/wp-content\\\/uploads\\\/2018\\\/03\\\/MAB2-scaled.jpg\",\"articleSection\":[\"Hijas de Jes\u00fas\",\"Not\u00edcias\"],\"inLanguage\":\"pt-BR\"},{\"@type\":\"WebPage\",\"@id\":\"https:\\\/\\\/hijasdejesus.org\\\/pt-br\\\/beata-maria-antonia-bandres-corage-y-amor\\\/\",\"url\":\"https:\\\/\\\/hijasdejesus.org\\\/pt-br\\\/beata-maria-antonia-bandres-corage-y-amor\\\/\",\"name\":\"Beata Maria Antonia Bandr\u00e9s- Corage y amor - Hijas de Jes\u00fas\",\"isPartOf\":{\"@id\":\"https:\\\/\\\/hijasdejesus.org\\\/pt-br\\\/#website\"},\"primaryImageOfPage\":{\"@id\":\"https:\\\/\\\/hijasdejesus.org\\\/pt-br\\\/beata-maria-antonia-bandres-corage-y-amor\\\/#primaryimage\"},\"image\":{\"@id\":\"https:\\\/\\\/hijasdejesus.org\\\/pt-br\\\/beata-maria-antonia-bandres-corage-y-amor\\\/#primaryimage\"},\"thumbnailUrl\":\"https:\\\/\\\/hijasdejesus.org\\\/wp-content\\\/uploads\\\/2018\\\/03\\\/MAB2-scaled.jpg\",\"datePublished\":\"2018-03-08T17:12:20+00:00\",\"dateModified\":\"2018-03-15T09:25:01+00:00\",\"breadcrumb\":{\"@id\":\"https:\\\/\\\/hijasdejesus.org\\\/pt-br\\\/beata-maria-antonia-bandres-corage-y-amor\\\/#breadcrumb\"},\"inLanguage\":\"pt-BR\",\"potentialAction\":[{\"@type\":\"ReadAction\",\"target\":[\"https:\\\/\\\/hijasdejesus.org\\\/pt-br\\\/beata-maria-antonia-bandres-corage-y-amor\\\/\"]}]},{\"@type\":\"ImageObject\",\"inLanguage\":\"pt-BR\",\"@id\":\"https:\\\/\\\/hijasdejesus.org\\\/pt-br\\\/beata-maria-antonia-bandres-corage-y-amor\\\/#primaryimage\",\"url\":\"https:\\\/\\\/hijasdejesus.org\\\/wp-content\\\/uploads\\\/2018\\\/03\\\/MAB2-scaled.jpg\",\"contentUrl\":\"https:\\\/\\\/hijasdejesus.org\\\/wp-content\\\/uploads\\\/2018\\\/03\\\/MAB2-scaled.jpg\",\"width\":1691,\"height\":2560},{\"@type\":\"BreadcrumbList\",\"@id\":\"https:\\\/\\\/hijasdejesus.org\\\/pt-br\\\/beata-maria-antonia-bandres-corage-y-amor\\\/#breadcrumb\",\"itemListElement\":[{\"@type\":\"ListItem\",\"position\":1,\"name\":\"Portada\",\"item\":\"https:\\\/\\\/hijasdejesus.org\\\/pt-br\\\/\"},{\"@type\":\"ListItem\",\"position\":2,\"name\":\"Beata Maria Antonia Bandr\u00e9s- Corage y amor\"}]},{\"@type\":\"WebSite\",\"@id\":\"https:\\\/\\\/hijasdejesus.org\\\/pt-br\\\/#website\",\"url\":\"https:\\\/\\\/hijasdejesus.org\\\/pt-br\\\/\",\"name\":\"Hijas de Jes\u00fas\",\"description\":\"Despertamos a Jes\u00fas en el coraz\u00f3n, sacando lo mejor de las personas. Somos una congregaci\u00f3n religiosa ignaciana fundada por la Madre Candida\",\"publisher\":{\"@id\":\"https:\\\/\\\/hijasdejesus.org\\\/pt-br\\\/#organization\"},\"potentialAction\":[{\"@type\":\"SearchAction\",\"target\":{\"@type\":\"EntryPoint\",\"urlTemplate\":\"https:\\\/\\\/hijasdejesus.org\\\/pt-br\\\/?s={search_term_string}\"},\"query-input\":{\"@type\":\"PropertyValueSpecification\",\"valueRequired\":true,\"valueName\":\"search_term_string\"}}],\"inLanguage\":\"pt-BR\"},{\"@type\":\"Organization\",\"@id\":\"https:\\\/\\\/hijasdejesus.org\\\/pt-br\\\/#organization\",\"name\":\"Hijas de Jes\u00fas\",\"url\":\"https:\\\/\\\/hijasdejesus.org\\\/pt-br\\\/\",\"logo\":{\"@type\":\"ImageObject\",\"inLanguage\":\"pt-BR\",\"@id\":\"https:\\\/\\\/hijasdejesus.org\\\/pt-br\\\/#\\\/schema\\\/logo\\\/image\\\/\",\"url\":\"https:\\\/\\\/hijasdejesus.org\\\/wp-content\\\/uploads\\\/2023\\\/01\\\/Hijas-de-Jesus_hor-A7C957.png\",\"contentUrl\":\"https:\\\/\\\/hijasdejesus.org\\\/wp-content\\\/uploads\\\/2023\\\/01\\\/Hijas-de-Jesus_hor-A7C957.png\",\"width\":700,\"height\":360,\"caption\":\"Hijas de Jes\u00fas\"},\"image\":{\"@id\":\"https:\\\/\\\/hijasdejesus.org\\\/pt-br\\\/#\\\/schema\\\/logo\\\/image\\\/\"},\"sameAs\":[\"https:\\\/\\\/www.facebook.com\\\/hijasdejesusenelmundo\\\/\",\"https:\\\/\\\/x.com\\\/hijasdjesus\"]},{\"@type\":\"Person\",\"@id\":\"https:\\\/\\\/hijasdejesus.org\\\/pt-br\\\/#\\\/schema\\\/person\\\/ce4455965da733f2791f23b6ec14e9b6\",\"name\":\"Webmaster\",\"image\":{\"@type\":\"ImageObject\",\"inLanguage\":\"pt-BR\",\"@id\":\"https:\\\/\\\/secure.gravatar.com\\\/avatar\\\/cfd0acaac86c3981d541d2e99a0ffb7b6d33a5ac8989a62f5518b9e0f7ee128a?s=96&d=mm&r=g\",\"url\":\"https:\\\/\\\/secure.gravatar.com\\\/avatar\\\/cfd0acaac86c3981d541d2e99a0ffb7b6d33a5ac8989a62f5518b9e0f7ee128a?s=96&d=mm&r=g\",\"contentUrl\":\"https:\\\/\\\/secure.gravatar.com\\\/avatar\\\/cfd0acaac86c3981d541d2e99a0ffb7b6d33a5ac8989a62f5518b9e0f7ee128a?s=96&d=mm&r=g\",\"caption\":\"Webmaster\"},\"url\":\"https:\\\/\\\/hijasdejesus.org\\\/pt-br\\\/author\\\/webmaster\\\/\"}]}<\/script>\n<!-- \/ Yoast SEO plugin. -->","yoast_head_json":{"title":"Beata Maria Antonia Bandr\u00e9s- Corage y amor - Hijas de Jes\u00fas","robots":{"index":"index","follow":"follow","max-snippet":"max-snippet:-1","max-image-preview":"max-image-preview:large","max-video-preview":"max-video-preview:-1"},"canonical":"https:\/\/hijasdejesus.org\/pt-br\/beata-maria-antonia-bandres-corage-y-amor\/","og_locale":"pt_BR","og_type":"article","og_title":"Beata Maria Antonia Bandr\u00e9s- Corage y amor - Hijas de Jes\u00fas","og_description":"Faz 120 anos. Dia 06 de mar\u00e7o de 1898 nasceu Maria Antonia em Tolosa (Guip\u00fazcoa), na Espanha. Seus pais, Ram\u00f3n Bandr\u00e9s e Teresa El\u00f3segui, tiveram quinze filhos. Maria Antonia foi a segunda. Recebeu o batismo dois dias depois do seu nascimento, e foi crismada aos quatro anos. Em 23 de maio recebeu a Eucaristia pela [&hellip;]","og_url":"https:\/\/hijasdejesus.org\/pt-br\/beata-maria-antonia-bandres-corage-y-amor\/","og_site_name":"Hijas de Jes\u00fas","article_publisher":"https:\/\/www.facebook.com\/hijasdejesusenelmundo\/","article_published_time":"2018-03-08T17:12:20+00:00","article_modified_time":"2018-03-15T09:25:01+00:00","og_image":[{"width":1691,"height":2560,"url":"https:\/\/hijasdejesus.org\/wp-content\/uploads\/2018\/03\/MAB2-scaled.jpg","type":"image\/jpeg"}],"author":"Webmaster","twitter_card":"summary_large_image","twitter_creator":"@hijasdjesus","twitter_site":"@hijasdjesus","twitter_misc":{"Escrito por":"Webmaster","Est. tempo de leitura":"6 minutos"},"schema":{"@context":"https:\/\/schema.org","@graph":[{"@type":"Article","@id":"https:\/\/hijasdejesus.org\/pt-br\/beata-maria-antonia-bandres-corage-y-amor\/#article","isPartOf":{"@id":"https:\/\/hijasdejesus.org\/pt-br\/beata-maria-antonia-bandres-corage-y-amor\/"},"author":{"name":"Webmaster","@id":"https:\/\/hijasdejesus.org\/pt-br\/#\/schema\/person\/ce4455965da733f2791f23b6ec14e9b6"},"headline":"Beata Maria Antonia Bandr\u00e9s- Corage y amor","datePublished":"2018-03-08T17:12:20+00:00","dateModified":"2018-03-15T09:25:01+00:00","mainEntityOfPage":{"@id":"https:\/\/hijasdejesus.org\/pt-br\/beata-maria-antonia-bandres-corage-y-amor\/"},"wordCount":1230,"publisher":{"@id":"https:\/\/hijasdejesus.org\/pt-br\/#organization"},"image":{"@id":"https:\/\/hijasdejesus.org\/pt-br\/beata-maria-antonia-bandres-corage-y-amor\/#primaryimage"},"thumbnailUrl":"https:\/\/hijasdejesus.org\/wp-content\/uploads\/2018\/03\/MAB2-scaled.jpg","articleSection":["Hijas de Jes\u00fas","Not\u00edcias"],"inLanguage":"pt-BR"},{"@type":"WebPage","@id":"https:\/\/hijasdejesus.org\/pt-br\/beata-maria-antonia-bandres-corage-y-amor\/","url":"https:\/\/hijasdejesus.org\/pt-br\/beata-maria-antonia-bandres-corage-y-amor\/","name":"Beata Maria Antonia Bandr\u00e9s- Corage y amor - Hijas de Jes\u00fas","isPartOf":{"@id":"https:\/\/hijasdejesus.org\/pt-br\/#website"},"primaryImageOfPage":{"@id":"https:\/\/hijasdejesus.org\/pt-br\/beata-maria-antonia-bandres-corage-y-amor\/#primaryimage"},"image":{"@id":"https:\/\/hijasdejesus.org\/pt-br\/beata-maria-antonia-bandres-corage-y-amor\/#primaryimage"},"thumbnailUrl":"https:\/\/hijasdejesus.org\/wp-content\/uploads\/2018\/03\/MAB2-scaled.jpg","datePublished":"2018-03-08T17:12:20+00:00","dateModified":"2018-03-15T09:25:01+00:00","breadcrumb":{"@id":"https:\/\/hijasdejesus.org\/pt-br\/beata-maria-antonia-bandres-corage-y-amor\/#breadcrumb"},"inLanguage":"pt-BR","potentialAction":[{"@type":"ReadAction","target":["https:\/\/hijasdejesus.org\/pt-br\/beata-maria-antonia-bandres-corage-y-amor\/"]}]},{"@type":"ImageObject","inLanguage":"pt-BR","@id":"https:\/\/hijasdejesus.org\/pt-br\/beata-maria-antonia-bandres-corage-y-amor\/#primaryimage","url":"https:\/\/hijasdejesus.org\/wp-content\/uploads\/2018\/03\/MAB2-scaled.jpg","contentUrl":"https:\/\/hijasdejesus.org\/wp-content\/uploads\/2018\/03\/MAB2-scaled.jpg","width":1691,"height":2560},{"@type":"BreadcrumbList","@id":"https:\/\/hijasdejesus.org\/pt-br\/beata-maria-antonia-bandres-corage-y-amor\/#breadcrumb","itemListElement":[{"@type":"ListItem","position":1,"name":"Portada","item":"https:\/\/hijasdejesus.org\/pt-br\/"},{"@type":"ListItem","position":2,"name":"Beata Maria Antonia Bandr\u00e9s- Corage y amor"}]},{"@type":"WebSite","@id":"https:\/\/hijasdejesus.org\/pt-br\/#website","url":"https:\/\/hijasdejesus.org\/pt-br\/","name":"Hijas de Jes\u00fas","description":"Despertamos a Jes\u00fas en el coraz\u00f3n, sacando lo mejor de las personas. Somos una congregaci\u00f3n religiosa ignaciana fundada por la Madre Candida","publisher":{"@id":"https:\/\/hijasdejesus.org\/pt-br\/#organization"},"potentialAction":[{"@type":"SearchAction","target":{"@type":"EntryPoint","urlTemplate":"https:\/\/hijasdejesus.org\/pt-br\/?s={search_term_string}"},"query-input":{"@type":"PropertyValueSpecification","valueRequired":true,"valueName":"search_term_string"}}],"inLanguage":"pt-BR"},{"@type":"Organization","@id":"https:\/\/hijasdejesus.org\/pt-br\/#organization","name":"Hijas de Jes\u00fas","url":"https:\/\/hijasdejesus.org\/pt-br\/","logo":{"@type":"ImageObject","inLanguage":"pt-BR","@id":"https:\/\/hijasdejesus.org\/pt-br\/#\/schema\/logo\/image\/","url":"https:\/\/hijasdejesus.org\/wp-content\/uploads\/2023\/01\/Hijas-de-Jesus_hor-A7C957.png","contentUrl":"https:\/\/hijasdejesus.org\/wp-content\/uploads\/2023\/01\/Hijas-de-Jesus_hor-A7C957.png","width":700,"height":360,"caption":"Hijas de Jes\u00fas"},"image":{"@id":"https:\/\/hijasdejesus.org\/pt-br\/#\/schema\/logo\/image\/"},"sameAs":["https:\/\/www.facebook.com\/hijasdejesusenelmundo\/","https:\/\/x.com\/hijasdjesus"]},{"@type":"Person","@id":"https:\/\/hijasdejesus.org\/pt-br\/#\/schema\/person\/ce4455965da733f2791f23b6ec14e9b6","name":"Webmaster","image":{"@type":"ImageObject","inLanguage":"pt-BR","@id":"https:\/\/secure.gravatar.com\/avatar\/cfd0acaac86c3981d541d2e99a0ffb7b6d33a5ac8989a62f5518b9e0f7ee128a?s=96&d=mm&r=g","url":"https:\/\/secure.gravatar.com\/avatar\/cfd0acaac86c3981d541d2e99a0ffb7b6d33a5ac8989a62f5518b9e0f7ee128a?s=96&d=mm&r=g","contentUrl":"https:\/\/secure.gravatar.com\/avatar\/cfd0acaac86c3981d541d2e99a0ffb7b6d33a5ac8989a62f5518b9e0f7ee128a?s=96&d=mm&r=g","caption":"Webmaster"},"url":"https:\/\/hijasdejesus.org\/pt-br\/author\/webmaster\/"}]}},"_links":{"self":[{"href":"https:\/\/hijasdejesus.org\/pt-br\/wp-json\/wp\/v2\/posts\/28772","targetHints":{"allow":["GET"]}}],"collection":[{"href":"https:\/\/hijasdejesus.org\/pt-br\/wp-json\/wp\/v2\/posts"}],"about":[{"href":"https:\/\/hijasdejesus.org\/pt-br\/wp-json\/wp\/v2\/types\/post"}],"author":[{"embeddable":true,"href":"https:\/\/hijasdejesus.org\/pt-br\/wp-json\/wp\/v2\/users\/28"}],"replies":[{"embeddable":true,"href":"https:\/\/hijasdejesus.org\/pt-br\/wp-json\/wp\/v2\/comments?post=28772"}],"version-history":[{"count":0,"href":"https:\/\/hijasdejesus.org\/pt-br\/wp-json\/wp\/v2\/posts\/28772\/revisions"}],"wp:featuredmedia":[{"embeddable":true,"href":"https:\/\/hijasdejesus.org\/pt-br\/wp-json\/wp\/v2\/media\/9606"}],"wp:attachment":[{"href":"https:\/\/hijasdejesus.org\/pt-br\/wp-json\/wp\/v2\/media?parent=28772"}],"wp:term":[{"taxonomy":"category","embeddable":true,"href":"https:\/\/hijasdejesus.org\/pt-br\/wp-json\/wp\/v2\/categories?post=28772"},{"taxonomy":"post_tag","embeddable":true,"href":"https:\/\/hijasdejesus.org\/pt-br\/wp-json\/wp\/v2\/tags?post=28772"}],"curies":[{"name":"wp","href":"https:\/\/api.w.org\/{rel}","templated":true}]}}