{"id":28804,"date":"2018-04-24T09:56:52","date_gmt":"2018-04-24T07:56:52","guid":{"rendered":"https:\/\/nueva.hijasdejesus.org\/oracao-pela-cgxviii\/"},"modified":"2018-04-25T18:09:25","modified_gmt":"2018-04-25T16:09:25","slug":"oracao-pela-cgxviii","status":"publish","type":"post","link":"https:\/\/hijasdejesus.org\/pt-br\/oracao-pela-cgxviii\/","title":{"rendered":"ORA\u00c7\u00c3O PELA CGXVIII"},"content":{"rendered":"<p class=\"MsoNormal\" style=\"margin: 0px 0px 10pt; color: #222222; font-family: arial, sans-serif; font-size: 12.8px; text-align: center; line-height: 14.72px;\" align=\"center\">\u00a0<\/p>\n<p align=\"center\">Virgem da\u00a0 espera, da fidelidade<\/p>\n<p align=\"center\">e do servi\u00e7o, da pobreza,<\/p>\n<p align=\"center\">do amor e do sil\u00eancio,<\/p>\n<p align=\"center\">da nova cria\u00e7\u00e3o pelo Esp\u00edrito<\/p>\n<p align=\"center\">d\u00e1-nos olhos novos para reconhecer Cristo Ressuscitado<\/p>\n<p align=\"center\"><span style=\"font-size: 12.16px;\">formamos a fam\u00edlia carism\u00e1tica de<\/span><\/p>\n<p align=\"center\">Santa C\u00e2ndida Maria de Jesus,<\/p>\n<p align=\"center\">neste caminhar para a pr\u00f3xima CG.<\/p>\n<p align=\"center\">\u00a0<\/p>\n<p align=\"center\">Ajuda-nos para que Jesus, o Filho encarnado,<\/p>\n<p align=\"center\">morto e ressuscitado, seja quem nos conduza<\/p>\n<p align=\"center\">neste novo per\u00edodo, iniciado em 2 de abril.<\/p>\n<p align=\"center\">\u00a0<\/p>\n<p align=\"center\">Acompanha, Maria, nossa busca para discernir:<\/p>\n<p align=\"center\">A QUE NOS CHAMAS, SENHOR?<\/p>\n<p align=\"center\">QUE QUERES QUE FA\u00c7AMOS?<\/p>\n<p align=\"center\">Ajuda a nos colocarmos em sintonia com o<\/p>\n<p align=\"center\">Esp\u00edrito de Deus, rejeitando o que n\u00e3o venha dele.<\/p>\n<p align=\"center\">\u00a0<\/p>\n<p align=\"center\">Disponha-nos em todo este tempo, \u00e0 leitura<\/p>\n<p align=\"center\">orante da Palavra e dos textos sugeridos\u2026<\/p>\n<p align=\"center\">Para viver as atitudes:<\/p>\n<p align=\"center\">&#8211; DE UNI\u00c3O E BUSCA EM COMUM<\/p>\n<p align=\"center\">&#8211; DE COLOCAR TODO NOSSO EMPENHO<\/p>\n<p align=\"center\">&#8211; DE DAR O QUE CADA UMA PUDER<\/p>\n<p align=\"center\">EM NOSSA ATUAL CIRCUNST\u00c2NCIA<\/p>\n<p align=\"center\">&#8211; DE COLABORA\u00c7\u00c3O DAS PESSOAS<\/p>\n<p align=\"center\">LEIGAS QUE PARTILHAM O CARISMA<\/p>\n<p align=\"center\">DA MADRE C\u00c2NDIDA\u2026<\/p>\n<p align=\"center\">Ajuda-nos a manter nossas l\u00e2mpadas<\/p>\n<p align=\"center\">acesas para que secundemos a a\u00e7\u00e3o<\/p>\n<p align=\"center\">do Esp\u00edrito. Mostra-nos o Pai e o Cristo vivo<\/p>\n<p align=\"center\">em todos os irm\u00e3os, especialmente<\/p>\n<p align=\"center\">nos que mais sofrem\u2026 e buscam em esperan\u00e7a<\/p>\n<p align=\"center\">a paz e o consolo que v\u00eam de Ti,<\/p>\n<p align=\"center\">atrav\u00e9s de n\u00f3s. Am\u00e9n.<\/p>\n<p><span style=\"font-size: 11pt; line-height: 16.8667px; font-family: Calibri, sans-serif;\">\u00a0<\/span><\/p>\n","protected":false},"excerpt":{"rendered":"<p>\u00a0 Virgem da\u00a0 espera, da fidelidade e do servi\u00e7o, da pobreza, do amor e do sil\u00eancio, da nova cria\u00e7\u00e3o pelo Esp\u00edrito d\u00e1-nos olhos novos para reconhecer Cristo Ressuscitado formamos a fam\u00edlia carism\u00e1tica de Santa C\u00e2ndida Maria de Jesus, neste caminhar para a pr\u00f3xima CG. \u00a0 Ajuda-nos para que Jesus, o Filho encarnado, morto e ressuscitado, [&hellip;]<\/p>\n","protected":false},"author":28,"featured_media":9626,"comment_status":"closed","ping_status":"closed","sticky":false,"template":"","format":"standard","meta":{"_et_pb_use_builder":"","_et_pb_old_content":"","_et_gb_content_width":"","footnotes":"","_links_to":"","_links_to_target":""},"categories":[483,529,469],"tags":[],"class_list":["post-28804","post","type-post","status-publish","format-standard","has-post-thumbnail","hentry","category-america-andina-pt-br","category-hijas-de-jesus-pt-br","category-noticias-pt-br"],"yoast_head":"<!-- This site is optimized with the Yoast SEO plugin v27.4 - https:\/\/yoast.com\/product\/yoast-seo-wordpress\/ -->\n<title>ORA\u00c7\u00c3O PELA CGXVIII - Hijas de Jes\u00fas<\/title>\n<meta name=\"robots\" content=\"index, follow, max-snippet:-1, max-image-preview:large, max-video-preview:-1\" \/>\n<link rel=\"canonical\" href=\"https:\/\/hijasdejesus.org\/pt-br\/oracao-pela-cgxviii\/\" \/>\n<meta property=\"og:locale\" content=\"pt_BR\" \/>\n<meta property=\"og:type\" content=\"article\" \/>\n<meta property=\"og:title\" content=\"ORA\u00c7\u00c3O PELA CGXVIII - Hijas de Jes\u00fas\" \/>\n<meta property=\"og:description\" content=\"\u00a0 Virgem da\u00a0 espera, da fidelidade e do servi\u00e7o, da pobreza, do amor e do sil\u00eancio, da nova cria\u00e7\u00e3o pelo Esp\u00edrito d\u00e1-nos olhos novos para reconhecer Cristo Ressuscitado formamos a fam\u00edlia carism\u00e1tica de Santa C\u00e2ndida Maria de Jesus, neste caminhar para a pr\u00f3xima CG. \u00a0 Ajuda-nos para que Jesus, o Filho encarnado, morto e ressuscitado, [&hellip;]\" \/>\n<meta property=\"og:url\" content=\"https:\/\/hijasdejesus.org\/pt-br\/oracao-pela-cgxviii\/\" \/>\n<meta property=\"og:site_name\" content=\"Hijas de Jes\u00fas\" \/>\n<meta property=\"article:publisher\" content=\"https:\/\/www.facebook.com\/hijasdejesusenelmundo\/\" \/>\n<meta property=\"article:published_time\" content=\"2018-04-24T07:56:52+00:00\" \/>\n<meta property=\"article:modified_time\" content=\"2018-04-25T16:09:25+00:00\" \/>\n<meta property=\"og:image\" content=\"https:\/\/hijasdejesus.org\/wp-content\/uploads\/2018\/04\/IMG-20180412-WA0035.jpg\" \/>\n\t<meta property=\"og:image:width\" content=\"1280\" \/>\n\t<meta property=\"og:image:height\" content=\"1278\" \/>\n\t<meta property=\"og:image:type\" content=\"image\/jpeg\" \/>\n<meta name=\"author\" content=\"Webmaster\" \/>\n<meta name=\"twitter:card\" content=\"summary_large_image\" \/>\n<meta name=\"twitter:creator\" content=\"@hijasdjesus\" \/>\n<meta name=\"twitter:site\" content=\"@hijasdjesus\" \/>\n<meta name=\"twitter:label1\" content=\"Escrito por\" \/>\n\t<meta name=\"twitter:data1\" content=\"Webmaster\" \/>\n\t<meta name=\"twitter:label2\" content=\"Est. tempo de leitura\" \/>\n\t<meta name=\"twitter:data2\" content=\"1 minuto\" \/>\n<script type=\"application\/ld+json\" class=\"yoast-schema-graph\">{\"@context\":\"https:\\\/\\\/schema.org\",\"@graph\":[{\"@type\":\"Article\",\"@id\":\"https:\\\/\\\/hijasdejesus.org\\\/pt-br\\\/oracao-pela-cgxviii\\\/#article\",\"isPartOf\":{\"@id\":\"https:\\\/\\\/hijasdejesus.org\\\/pt-br\\\/oracao-pela-cgxviii\\\/\"},\"author\":{\"name\":\"Webmaster\",\"@id\":\"https:\\\/\\\/hijasdejesus.org\\\/pt-br\\\/#\\\/schema\\\/person\\\/ce4455965da733f2791f23b6ec14e9b6\"},\"headline\":\"ORA\u00c7\u00c3O PELA CGXVIII\",\"datePublished\":\"2018-04-24T07:56:52+00:00\",\"dateModified\":\"2018-04-25T16:09:25+00:00\",\"mainEntityOfPage\":{\"@id\":\"https:\\\/\\\/hijasdejesus.org\\\/pt-br\\\/oracao-pela-cgxviii\\\/\"},\"wordCount\":227,\"publisher\":{\"@id\":\"https:\\\/\\\/hijasdejesus.org\\\/pt-br\\\/#organization\"},\"image\":{\"@id\":\"https:\\\/\\\/hijasdejesus.org\\\/pt-br\\\/oracao-pela-cgxviii\\\/#primaryimage\"},\"thumbnailUrl\":\"https:\\\/\\\/hijasdejesus.org\\\/wp-content\\\/uploads\\\/2018\\\/04\\\/IMG-20180412-WA0035.jpg\",\"articleSection\":[\"Am\u00e9rica Andina\",\"Hijas de Jes\u00fas\",\"Not\u00edcias\"],\"inLanguage\":\"pt-BR\"},{\"@type\":\"WebPage\",\"@id\":\"https:\\\/\\\/hijasdejesus.org\\\/pt-br\\\/oracao-pela-cgxviii\\\/\",\"url\":\"https:\\\/\\\/hijasdejesus.org\\\/pt-br\\\/oracao-pela-cgxviii\\\/\",\"name\":\"ORA\u00c7\u00c3O PELA CGXVIII - Hijas de Jes\u00fas\",\"isPartOf\":{\"@id\":\"https:\\\/\\\/hijasdejesus.org\\\/pt-br\\\/#website\"},\"primaryImageOfPage\":{\"@id\":\"https:\\\/\\\/hijasdejesus.org\\\/pt-br\\\/oracao-pela-cgxviii\\\/#primaryimage\"},\"image\":{\"@id\":\"https:\\\/\\\/hijasdejesus.org\\\/pt-br\\\/oracao-pela-cgxviii\\\/#primaryimage\"},\"thumbnailUrl\":\"https:\\\/\\\/hijasdejesus.org\\\/wp-content\\\/uploads\\\/2018\\\/04\\\/IMG-20180412-WA0035.jpg\",\"datePublished\":\"2018-04-24T07:56:52+00:00\",\"dateModified\":\"2018-04-25T16:09:25+00:00\",\"breadcrumb\":{\"@id\":\"https:\\\/\\\/hijasdejesus.org\\\/pt-br\\\/oracao-pela-cgxviii\\\/#breadcrumb\"},\"inLanguage\":\"pt-BR\",\"potentialAction\":[{\"@type\":\"ReadAction\",\"target\":[\"https:\\\/\\\/hijasdejesus.org\\\/pt-br\\\/oracao-pela-cgxviii\\\/\"]}]},{\"@type\":\"ImageObject\",\"inLanguage\":\"pt-BR\",\"@id\":\"https:\\\/\\\/hijasdejesus.org\\\/pt-br\\\/oracao-pela-cgxviii\\\/#primaryimage\",\"url\":\"https:\\\/\\\/hijasdejesus.org\\\/wp-content\\\/uploads\\\/2018\\\/04\\\/IMG-20180412-WA0035.jpg\",\"contentUrl\":\"https:\\\/\\\/hijasdejesus.org\\\/wp-content\\\/uploads\\\/2018\\\/04\\\/IMG-20180412-WA0035.jpg\",\"width\":1280,\"height\":1278},{\"@type\":\"BreadcrumbList\",\"@id\":\"https:\\\/\\\/hijasdejesus.org\\\/pt-br\\\/oracao-pela-cgxviii\\\/#breadcrumb\",\"itemListElement\":[{\"@type\":\"ListItem\",\"position\":1,\"name\":\"Portada\",\"item\":\"https:\\\/\\\/hijasdejesus.org\\\/pt-br\\\/\"},{\"@type\":\"ListItem\",\"position\":2,\"name\":\"ORA\u00c7\u00c3O PELA CGXVIII\"}]},{\"@type\":\"WebSite\",\"@id\":\"https:\\\/\\\/hijasdejesus.org\\\/pt-br\\\/#website\",\"url\":\"https:\\\/\\\/hijasdejesus.org\\\/pt-br\\\/\",\"name\":\"Hijas de Jes\u00fas\",\"description\":\"Despertamos a Jes\u00fas en el coraz\u00f3n, sacando lo mejor de las personas. Somos una congregaci\u00f3n religiosa ignaciana fundada por la Madre Candida\",\"publisher\":{\"@id\":\"https:\\\/\\\/hijasdejesus.org\\\/pt-br\\\/#organization\"},\"potentialAction\":[{\"@type\":\"SearchAction\",\"target\":{\"@type\":\"EntryPoint\",\"urlTemplate\":\"https:\\\/\\\/hijasdejesus.org\\\/pt-br\\\/?s={search_term_string}\"},\"query-input\":{\"@type\":\"PropertyValueSpecification\",\"valueRequired\":true,\"valueName\":\"search_term_string\"}}],\"inLanguage\":\"pt-BR\"},{\"@type\":\"Organization\",\"@id\":\"https:\\\/\\\/hijasdejesus.org\\\/pt-br\\\/#organization\",\"name\":\"Hijas de Jes\u00fas\",\"url\":\"https:\\\/\\\/hijasdejesus.org\\\/pt-br\\\/\",\"logo\":{\"@type\":\"ImageObject\",\"inLanguage\":\"pt-BR\",\"@id\":\"https:\\\/\\\/hijasdejesus.org\\\/pt-br\\\/#\\\/schema\\\/logo\\\/image\\\/\",\"url\":\"https:\\\/\\\/hijasdejesus.org\\\/wp-content\\\/uploads\\\/2023\\\/01\\\/Hijas-de-Jesus_hor-A7C957.png\",\"contentUrl\":\"https:\\\/\\\/hijasdejesus.org\\\/wp-content\\\/uploads\\\/2023\\\/01\\\/Hijas-de-Jesus_hor-A7C957.png\",\"width\":700,\"height\":360,\"caption\":\"Hijas de Jes\u00fas\"},\"image\":{\"@id\":\"https:\\\/\\\/hijasdejesus.org\\\/pt-br\\\/#\\\/schema\\\/logo\\\/image\\\/\"},\"sameAs\":[\"https:\\\/\\\/www.facebook.com\\\/hijasdejesusenelmundo\\\/\",\"https:\\\/\\\/x.com\\\/hijasdjesus\"]},{\"@type\":\"Person\",\"@id\":\"https:\\\/\\\/hijasdejesus.org\\\/pt-br\\\/#\\\/schema\\\/person\\\/ce4455965da733f2791f23b6ec14e9b6\",\"name\":\"Webmaster\",\"image\":{\"@type\":\"ImageObject\",\"inLanguage\":\"pt-BR\",\"@id\":\"https:\\\/\\\/secure.gravatar.com\\\/avatar\\\/cfd0acaac86c3981d541d2e99a0ffb7b6d33a5ac8989a62f5518b9e0f7ee128a?s=96&d=mm&r=g\",\"url\":\"https:\\\/\\\/secure.gravatar.com\\\/avatar\\\/cfd0acaac86c3981d541d2e99a0ffb7b6d33a5ac8989a62f5518b9e0f7ee128a?s=96&d=mm&r=g\",\"contentUrl\":\"https:\\\/\\\/secure.gravatar.com\\\/avatar\\\/cfd0acaac86c3981d541d2e99a0ffb7b6d33a5ac8989a62f5518b9e0f7ee128a?s=96&d=mm&r=g\",\"caption\":\"Webmaster\"},\"url\":\"https:\\\/\\\/hijasdejesus.org\\\/pt-br\\\/author\\\/webmaster\\\/\"}]}<\/script>\n<!-- \/ Yoast SEO plugin. -->","yoast_head_json":{"title":"ORA\u00c7\u00c3O PELA CGXVIII - Hijas de Jes\u00fas","robots":{"index":"index","follow":"follow","max-snippet":"max-snippet:-1","max-image-preview":"max-image-preview:large","max-video-preview":"max-video-preview:-1"},"canonical":"https:\/\/hijasdejesus.org\/pt-br\/oracao-pela-cgxviii\/","og_locale":"pt_BR","og_type":"article","og_title":"ORA\u00c7\u00c3O PELA CGXVIII - Hijas de Jes\u00fas","og_description":"\u00a0 Virgem da\u00a0 espera, da fidelidade e do servi\u00e7o, da pobreza, do amor e do sil\u00eancio, da nova cria\u00e7\u00e3o pelo Esp\u00edrito d\u00e1-nos olhos novos para reconhecer Cristo Ressuscitado formamos a fam\u00edlia carism\u00e1tica de Santa C\u00e2ndida Maria de Jesus, neste caminhar para a pr\u00f3xima CG. \u00a0 Ajuda-nos para que Jesus, o Filho encarnado, morto e ressuscitado, [&hellip;]","og_url":"https:\/\/hijasdejesus.org\/pt-br\/oracao-pela-cgxviii\/","og_site_name":"Hijas de Jes\u00fas","article_publisher":"https:\/\/www.facebook.com\/hijasdejesusenelmundo\/","article_published_time":"2018-04-24T07:56:52+00:00","article_modified_time":"2018-04-25T16:09:25+00:00","og_image":[{"width":1280,"height":1278,"url":"https:\/\/hijasdejesus.org\/wp-content\/uploads\/2018\/04\/IMG-20180412-WA0035.jpg","type":"image\/jpeg"}],"author":"Webmaster","twitter_card":"summary_large_image","twitter_creator":"@hijasdjesus","twitter_site":"@hijasdjesus","twitter_misc":{"Escrito por":"Webmaster","Est. tempo de leitura":"1 minuto"},"schema":{"@context":"https:\/\/schema.org","@graph":[{"@type":"Article","@id":"https:\/\/hijasdejesus.org\/pt-br\/oracao-pela-cgxviii\/#article","isPartOf":{"@id":"https:\/\/hijasdejesus.org\/pt-br\/oracao-pela-cgxviii\/"},"author":{"name":"Webmaster","@id":"https:\/\/hijasdejesus.org\/pt-br\/#\/schema\/person\/ce4455965da733f2791f23b6ec14e9b6"},"headline":"ORA\u00c7\u00c3O PELA CGXVIII","datePublished":"2018-04-24T07:56:52+00:00","dateModified":"2018-04-25T16:09:25+00:00","mainEntityOfPage":{"@id":"https:\/\/hijasdejesus.org\/pt-br\/oracao-pela-cgxviii\/"},"wordCount":227,"publisher":{"@id":"https:\/\/hijasdejesus.org\/pt-br\/#organization"},"image":{"@id":"https:\/\/hijasdejesus.org\/pt-br\/oracao-pela-cgxviii\/#primaryimage"},"thumbnailUrl":"https:\/\/hijasdejesus.org\/wp-content\/uploads\/2018\/04\/IMG-20180412-WA0035.jpg","articleSection":["Am\u00e9rica Andina","Hijas de Jes\u00fas","Not\u00edcias"],"inLanguage":"pt-BR"},{"@type":"WebPage","@id":"https:\/\/hijasdejesus.org\/pt-br\/oracao-pela-cgxviii\/","url":"https:\/\/hijasdejesus.org\/pt-br\/oracao-pela-cgxviii\/","name":"ORA\u00c7\u00c3O PELA CGXVIII - Hijas de Jes\u00fas","isPartOf":{"@id":"https:\/\/hijasdejesus.org\/pt-br\/#website"},"primaryImageOfPage":{"@id":"https:\/\/hijasdejesus.org\/pt-br\/oracao-pela-cgxviii\/#primaryimage"},"image":{"@id":"https:\/\/hijasdejesus.org\/pt-br\/oracao-pela-cgxviii\/#primaryimage"},"thumbnailUrl":"https:\/\/hijasdejesus.org\/wp-content\/uploads\/2018\/04\/IMG-20180412-WA0035.jpg","datePublished":"2018-04-24T07:56:52+00:00","dateModified":"2018-04-25T16:09:25+00:00","breadcrumb":{"@id":"https:\/\/hijasdejesus.org\/pt-br\/oracao-pela-cgxviii\/#breadcrumb"},"inLanguage":"pt-BR","potentialAction":[{"@type":"ReadAction","target":["https:\/\/hijasdejesus.org\/pt-br\/oracao-pela-cgxviii\/"]}]},{"@type":"ImageObject","inLanguage":"pt-BR","@id":"https:\/\/hijasdejesus.org\/pt-br\/oracao-pela-cgxviii\/#primaryimage","url":"https:\/\/hijasdejesus.org\/wp-content\/uploads\/2018\/04\/IMG-20180412-WA0035.jpg","contentUrl":"https:\/\/hijasdejesus.org\/wp-content\/uploads\/2018\/04\/IMG-20180412-WA0035.jpg","width":1280,"height":1278},{"@type":"BreadcrumbList","@id":"https:\/\/hijasdejesus.org\/pt-br\/oracao-pela-cgxviii\/#breadcrumb","itemListElement":[{"@type":"ListItem","position":1,"name":"Portada","item":"https:\/\/hijasdejesus.org\/pt-br\/"},{"@type":"ListItem","position":2,"name":"ORA\u00c7\u00c3O PELA CGXVIII"}]},{"@type":"WebSite","@id":"https:\/\/hijasdejesus.org\/pt-br\/#website","url":"https:\/\/hijasdejesus.org\/pt-br\/","name":"Hijas de Jes\u00fas","description":"Despertamos a Jes\u00fas en el coraz\u00f3n, sacando lo mejor de las personas. Somos una congregaci\u00f3n religiosa ignaciana fundada por la Madre Candida","publisher":{"@id":"https:\/\/hijasdejesus.org\/pt-br\/#organization"},"potentialAction":[{"@type":"SearchAction","target":{"@type":"EntryPoint","urlTemplate":"https:\/\/hijasdejesus.org\/pt-br\/?s={search_term_string}"},"query-input":{"@type":"PropertyValueSpecification","valueRequired":true,"valueName":"search_term_string"}}],"inLanguage":"pt-BR"},{"@type":"Organization","@id":"https:\/\/hijasdejesus.org\/pt-br\/#organization","name":"Hijas de Jes\u00fas","url":"https:\/\/hijasdejesus.org\/pt-br\/","logo":{"@type":"ImageObject","inLanguage":"pt-BR","@id":"https:\/\/hijasdejesus.org\/pt-br\/#\/schema\/logo\/image\/","url":"https:\/\/hijasdejesus.org\/wp-content\/uploads\/2023\/01\/Hijas-de-Jesus_hor-A7C957.png","contentUrl":"https:\/\/hijasdejesus.org\/wp-content\/uploads\/2023\/01\/Hijas-de-Jesus_hor-A7C957.png","width":700,"height":360,"caption":"Hijas de Jes\u00fas"},"image":{"@id":"https:\/\/hijasdejesus.org\/pt-br\/#\/schema\/logo\/image\/"},"sameAs":["https:\/\/www.facebook.com\/hijasdejesusenelmundo\/","https:\/\/x.com\/hijasdjesus"]},{"@type":"Person","@id":"https:\/\/hijasdejesus.org\/pt-br\/#\/schema\/person\/ce4455965da733f2791f23b6ec14e9b6","name":"Webmaster","image":{"@type":"ImageObject","inLanguage":"pt-BR","@id":"https:\/\/secure.gravatar.com\/avatar\/cfd0acaac86c3981d541d2e99a0ffb7b6d33a5ac8989a62f5518b9e0f7ee128a?s=96&d=mm&r=g","url":"https:\/\/secure.gravatar.com\/avatar\/cfd0acaac86c3981d541d2e99a0ffb7b6d33a5ac8989a62f5518b9e0f7ee128a?s=96&d=mm&r=g","contentUrl":"https:\/\/secure.gravatar.com\/avatar\/cfd0acaac86c3981d541d2e99a0ffb7b6d33a5ac8989a62f5518b9e0f7ee128a?s=96&d=mm&r=g","caption":"Webmaster"},"url":"https:\/\/hijasdejesus.org\/pt-br\/author\/webmaster\/"}]}},"_links":{"self":[{"href":"https:\/\/hijasdejesus.org\/pt-br\/wp-json\/wp\/v2\/posts\/28804","targetHints":{"allow":["GET"]}}],"collection":[{"href":"https:\/\/hijasdejesus.org\/pt-br\/wp-json\/wp\/v2\/posts"}],"about":[{"href":"https:\/\/hijasdejesus.org\/pt-br\/wp-json\/wp\/v2\/types\/post"}],"author":[{"embeddable":true,"href":"https:\/\/hijasdejesus.org\/pt-br\/wp-json\/wp\/v2\/users\/28"}],"replies":[{"embeddable":true,"href":"https:\/\/hijasdejesus.org\/pt-br\/wp-json\/wp\/v2\/comments?post=28804"}],"version-history":[{"count":0,"href":"https:\/\/hijasdejesus.org\/pt-br\/wp-json\/wp\/v2\/posts\/28804\/revisions"}],"wp:featuredmedia":[{"embeddable":true,"href":"https:\/\/hijasdejesus.org\/pt-br\/wp-json\/wp\/v2\/media\/9626"}],"wp:attachment":[{"href":"https:\/\/hijasdejesus.org\/pt-br\/wp-json\/wp\/v2\/media?parent=28804"}],"wp:term":[{"taxonomy":"category","embeddable":true,"href":"https:\/\/hijasdejesus.org\/pt-br\/wp-json\/wp\/v2\/categories?post=28804"},{"taxonomy":"post_tag","embeddable":true,"href":"https:\/\/hijasdejesus.org\/pt-br\/wp-json\/wp\/v2\/tags?post=28804"}],"curies":[{"name":"wp","href":"https:\/\/api.w.org\/{rel}","templated":true}]}}