{"id":28831,"date":"2018-07-05T11:32:33","date_gmt":"2018-07-05T09:32:33","guid":{"rendered":"https:\/\/nueva.hijasdejesus.org\/feliz-presenca-do-padre-herranz-teresa-zugazabeitia-fi\/"},"modified":"2018-07-09T11:07:44","modified_gmt":"2018-07-09T09:07:44","slug":"feliz-presenca-do-padre-herranz-teresa-zugazabeitia-fi","status":"publish","type":"post","link":"https:\/\/hijasdejesus.org\/pt-br\/feliz-presenca-do-padre-herranz-teresa-zugazabeitia-fi\/","title":{"rendered":"Feliz presen\u00e7a do Padre Herranz- Teresa Zugazabeitia, FI"},"content":{"rendered":"<p dir=\"ltr\">\n<p dir=\"ltr\">\u00a0<\/p>\n<p dir=\"ltr\">5 deJulho: feliz presen\u00e7a de nosso querido P. HERRANZ: seu &#8220;dies natalis&#8221; \u00a0naquele 1819.<\/p>\n<p dir=\"ltr\">Miguel foi seu nome&#8230; &#8220;quem como Deus?&#8221; De verdade, a fortaleza e fidelidade de Deus se manifestaram nele, E se derramaram na m\u00ednima Congrega\u00e7\u00e3o que nascia entre pen\u00farias e dificuldades.<\/p>\n<p dir=\"ltr\">Estamos celebrando a experi\u00eancia do Rosarilho, 150 anos. Tamb\u00e9m o nascimento do P. Herranz: segundo centen\u00e1rio de seu nascimento. Com a Madre C\u00e2ndida partilhamos, sobretudo, sua alegria, e o apoio, o agradecimento, o vener\u00e1vel respeito; e a confian\u00e7a, o carinho filial que brotavam em seu grande cora\u00e7\u00e3o, derramando-se naqueles versos que lhe escreveu, t\u00e3o simples quanto sinceros; intensos, como ela era.<\/p>\n<p dir=\"ltr\" style=\"line-height: 1.2; margin-top: 0pt; margin-bottom: 0pt; background-color: #ffffff; text-align: center;\">\u00a0<\/p>\n<p dir=\"ltr\" style=\"text-align: center;\">&#8220;Hora para mim feliz<\/p>\n<p dir=\"ltr\" style=\"text-align: center;\">Chegue logo&#8230; n\u00e3o demore tanto<\/p>\n<p dir=\"ltr\" style=\"text-align: center;\">N\u00e3o me obrigue a sofrer<\/p>\n<p dir=\"ltr\" style=\"text-align: center;\">Tanta dor e quebranto<\/p>\n<p dir=\"ltr\" style=\"text-align: center;\">\u00a0<\/p>\n<p dir=\"ltr\" style=\"text-align: center;\">Meu cora\u00e7\u00e3o somente anela<\/p>\n<p dir=\"ltr\" style=\"text-align: center;\">S\u00f3 me anima o desejo<\/p>\n<p dir=\"ltr\" style=\"text-align: center;\">De ver meu P. Herranz<\/p>\n<p dir=\"ltr\" style=\"text-align: center;\">Que \u00e9 meu cont\u00ednuo desvelo<\/p>\n<p dir=\"ltr\" style=\"text-align: center;\">\u00a0<\/p>\n<p dir=\"ltr\" style=\"text-align: center;\">Tal g\u00eanero de prazer<\/p>\n<p dir=\"ltr\" style=\"text-align: center;\">Quando me ponho a pensar<\/p>\n<p dir=\"ltr\" style=\"text-align: center;\">Parece que n\u00e3o irei poder<\/p>\n<p dir=\"ltr\" style=\"text-align: center;\">De alegria suportar<\/p>\n<p dir=\"ltr\" style=\"text-align: center;\">\u00a0<\/p>\n<p dir=\"ltr\" style=\"text-align: center;\">Meu cora\u00e7\u00e3o angustiado<\/p>\n<p dir=\"ltr\" style=\"text-align: center;\">Suspira por quem tem sido<\/p>\n<p dir=\"ltr\" style=\"text-align: center;\">Testemunha de meus trabalhos<\/p>\n<p dir=\"ltr\" style=\"text-align: center;\">Len\u00e7o de minhas l\u00e1grimas.<\/p>\n<p dir=\"ltr\" style=\"text-align: center;\">\u00a0<\/p>\n<p dir=\"ltr\" style=\"text-align: center;\">Ah, En\u00e9, se eu pudesse<\/p>\n<p dir=\"ltr\" style=\"text-align: center;\">Como tenho desejado<\/p>\n<p dir=\"ltr\" style=\"text-align: center;\">Em \u00e1guia transformar-me<\/p>\n<p dir=\"ltr\" style=\"text-align: center;\">E voar at\u00e9 seu lado!<\/p>\n<p dir=\"ltr\" style=\"text-align: center;\">\u00a0<\/p>\n<p dir=\"ltr\" style=\"text-align: center;\">Como, ali, com voz sonora<\/p>\n<p dir=\"ltr\" style=\"text-align: center;\">Contaria-lhe minhas penas,<\/p>\n<p dir=\"ltr\" style=\"text-align: center;\">Meus sobressaltos, minhas desventuras<\/p>\n<p dir=\"ltr\" style=\"text-align: center;\">E coisas que n\u00e3o ignora<\/p>\n<p dir=\"ltr\" style=\"text-align: center;\">\u00a0<\/p>\n<p dir=\"ltr\" style=\"text-align: center;\">Seu cora\u00e7\u00e3o \u00e9 o templo<\/p>\n<p dir=\"ltr\" style=\"text-align: center;\">\u00c9 a arca salvadora<\/p>\n<p dir=\"ltr\" style=\"text-align: center;\">Onde colocou seus segredos<\/p>\n<p dir=\"ltr\" style=\"text-align: center;\">Esta pobre Fundadora&#8230;<\/p>\n<p dir=\"ltr\" style=\"text-align: center;\">\u00a0<\/p>\n<p dir=\"ltr\" style=\"text-align: center;\">Pois s\u00f3 voc\u00ea pode saber<\/p>\n<p dir=\"ltr\" style=\"text-align: center;\">E acertar\u00e1 &#8230;..<\/p>\n<p dir=\"ltr\" style=\"text-align: center;\">Ao descrever os acontecimentos<\/p>\n<p dir=\"ltr\" style=\"text-align: center;\">Que aos dois nos coube passar&#8221;.<\/p>\n<p dir=\"ltr\" style=\"text-align: center;\">\u00a0<\/p>\n<p dir=\"ltr\" style=\"text-align: center;\">Sua letra autografada continua&#8230;<\/p>\n<p dir=\"ltr\" style=\"text-align: center;\">\u00a0<\/p>\n<p dir=\"ltr\" style=\"text-align: center;\">&#8220;C\u00e2ndida Maria, muito de cora\u00e7\u00e3o,<\/p>\n<p style=\"text-align: center;\">\u00a0<\/p>\n<p dir=\"ltr\" style=\"text-align: center;\">A seu Padre Herranz&#8230;<\/p>\n","protected":false},"excerpt":{"rendered":"<p>\u00a0 5 deJulho: feliz presen\u00e7a de nosso querido P. HERRANZ: seu &#8220;dies natalis&#8221; \u00a0naquele 1819. Miguel foi seu nome&#8230; &#8220;quem como Deus?&#8221; De verdade, a fortaleza e fidelidade de Deus se manifestaram nele, E se derramaram na m\u00ednima Congrega\u00e7\u00e3o que nascia entre pen\u00farias e dificuldades. Estamos celebrando a experi\u00eancia do Rosarilho, 150 anos. Tamb\u00e9m o [&hellip;]<\/p>\n","protected":false},"author":28,"featured_media":9639,"comment_status":"closed","ping_status":"closed","sticky":false,"template":"","format":"standard","meta":{"_et_pb_use_builder":"","_et_pb_old_content":"","_et_gb_content_width":"","footnotes":"","_links_to":"","_links_to_target":""},"categories":[529,469],"tags":[],"class_list":["post-28831","post","type-post","status-publish","format-standard","has-post-thumbnail","hentry","category-hijas-de-jesus-pt-br","category-noticias-pt-br"],"yoast_head":"<!-- This site is optimized with the Yoast SEO plugin v27.5 - https:\/\/yoast.com\/product\/yoast-seo-wordpress\/ -->\n<title>Feliz presen\u00e7a do Padre Herranz- Teresa Zugazabeitia, FI - Hijas de Jes\u00fas<\/title>\n<meta name=\"robots\" content=\"index, follow, max-snippet:-1, max-image-preview:large, max-video-preview:-1\" \/>\n<link rel=\"canonical\" href=\"https:\/\/hijasdejesus.org\/pt-br\/feliz-presenca-do-padre-herranz-teresa-zugazabeitia-fi\/\" \/>\n<meta property=\"og:locale\" content=\"pt_BR\" \/>\n<meta property=\"og:type\" content=\"article\" \/>\n<meta property=\"og:title\" content=\"Feliz presen\u00e7a do Padre Herranz- Teresa Zugazabeitia, FI - Hijas de Jes\u00fas\" \/>\n<meta property=\"og:description\" content=\"\u00a0 5 deJulho: feliz presen\u00e7a de nosso querido P. HERRANZ: seu &#8220;dies natalis&#8221; \u00a0naquele 1819. Miguel foi seu nome&#8230; &#8220;quem como Deus?&#8221; De verdade, a fortaleza e fidelidade de Deus se manifestaram nele, E se derramaram na m\u00ednima Congrega\u00e7\u00e3o que nascia entre pen\u00farias e dificuldades. Estamos celebrando a experi\u00eancia do Rosarilho, 150 anos. Tamb\u00e9m o [&hellip;]\" \/>\n<meta property=\"og:url\" content=\"https:\/\/hijasdejesus.org\/pt-br\/feliz-presenca-do-padre-herranz-teresa-zugazabeitia-fi\/\" \/>\n<meta property=\"og:site_name\" content=\"Hijas de Jes\u00fas\" \/>\n<meta property=\"article:publisher\" content=\"https:\/\/www.facebook.com\/hijasdejesusenelmundo\/\" \/>\n<meta property=\"article:published_time\" content=\"2018-07-05T09:32:33+00:00\" \/>\n<meta property=\"article:modified_time\" content=\"2018-07-09T09:07:44+00:00\" \/>\n<meta property=\"og:image\" content=\"https:\/\/hijasdejesus.org\/wp-content\/uploads\/2018\/07\/pherranz-rotated.jpg\" \/>\n\t<meta property=\"og:image:width\" content=\"1024\" \/>\n\t<meta property=\"og:image:height\" content=\"683\" \/>\n\t<meta property=\"og:image:type\" content=\"image\/jpeg\" \/>\n<meta name=\"author\" content=\"Webmaster\" \/>\n<meta name=\"twitter:card\" content=\"summary_large_image\" \/>\n<meta name=\"twitter:creator\" content=\"@hijasdjesus\" \/>\n<meta name=\"twitter:site\" content=\"@hijasdjesus\" \/>\n<meta name=\"twitter:label1\" content=\"Escrito por\" \/>\n\t<meta name=\"twitter:data1\" content=\"Webmaster\" \/>\n\t<meta name=\"twitter:label2\" content=\"Est. tempo de leitura\" \/>\n\t<meta name=\"twitter:data2\" content=\"1 minuto\" \/>\n<script type=\"application\/ld+json\" class=\"yoast-schema-graph\">{\"@context\":\"https:\\\/\\\/schema.org\",\"@graph\":[{\"@type\":\"Article\",\"@id\":\"https:\\\/\\\/hijasdejesus.org\\\/pt-br\\\/feliz-presenca-do-padre-herranz-teresa-zugazabeitia-fi\\\/#article\",\"isPartOf\":{\"@id\":\"https:\\\/\\\/hijasdejesus.org\\\/pt-br\\\/feliz-presenca-do-padre-herranz-teresa-zugazabeitia-fi\\\/\"},\"author\":{\"name\":\"Webmaster\",\"@id\":\"https:\\\/\\\/hijasdejesus.org\\\/pt-br\\\/#\\\/schema\\\/person\\\/ce4455965da733f2791f23b6ec14e9b6\"},\"headline\":\"Feliz presen\u00e7a do Padre Herranz- Teresa Zugazabeitia, FI\",\"datePublished\":\"2018-07-05T09:32:33+00:00\",\"dateModified\":\"2018-07-09T09:07:44+00:00\",\"mainEntityOfPage\":{\"@id\":\"https:\\\/\\\/hijasdejesus.org\\\/pt-br\\\/feliz-presenca-do-padre-herranz-teresa-zugazabeitia-fi\\\/\"},\"wordCount\":282,\"publisher\":{\"@id\":\"https:\\\/\\\/hijasdejesus.org\\\/pt-br\\\/#organization\"},\"image\":{\"@id\":\"https:\\\/\\\/hijasdejesus.org\\\/pt-br\\\/feliz-presenca-do-padre-herranz-teresa-zugazabeitia-fi\\\/#primaryimage\"},\"thumbnailUrl\":\"https:\\\/\\\/hijasdejesus.org\\\/wp-content\\\/uploads\\\/2018\\\/07\\\/pherranz-rotated.jpg\",\"articleSection\":[\"Hijas de Jes\u00fas\",\"Not\u00edcias\"],\"inLanguage\":\"pt-BR\"},{\"@type\":\"WebPage\",\"@id\":\"https:\\\/\\\/hijasdejesus.org\\\/pt-br\\\/feliz-presenca-do-padre-herranz-teresa-zugazabeitia-fi\\\/\",\"url\":\"https:\\\/\\\/hijasdejesus.org\\\/pt-br\\\/feliz-presenca-do-padre-herranz-teresa-zugazabeitia-fi\\\/\",\"name\":\"Feliz presen\u00e7a do Padre Herranz- Teresa Zugazabeitia, FI - Hijas de Jes\u00fas\",\"isPartOf\":{\"@id\":\"https:\\\/\\\/hijasdejesus.org\\\/pt-br\\\/#website\"},\"primaryImageOfPage\":{\"@id\":\"https:\\\/\\\/hijasdejesus.org\\\/pt-br\\\/feliz-presenca-do-padre-herranz-teresa-zugazabeitia-fi\\\/#primaryimage\"},\"image\":{\"@id\":\"https:\\\/\\\/hijasdejesus.org\\\/pt-br\\\/feliz-presenca-do-padre-herranz-teresa-zugazabeitia-fi\\\/#primaryimage\"},\"thumbnailUrl\":\"https:\\\/\\\/hijasdejesus.org\\\/wp-content\\\/uploads\\\/2018\\\/07\\\/pherranz-rotated.jpg\",\"datePublished\":\"2018-07-05T09:32:33+00:00\",\"dateModified\":\"2018-07-09T09:07:44+00:00\",\"breadcrumb\":{\"@id\":\"https:\\\/\\\/hijasdejesus.org\\\/pt-br\\\/feliz-presenca-do-padre-herranz-teresa-zugazabeitia-fi\\\/#breadcrumb\"},\"inLanguage\":\"pt-BR\",\"potentialAction\":[{\"@type\":\"ReadAction\",\"target\":[\"https:\\\/\\\/hijasdejesus.org\\\/pt-br\\\/feliz-presenca-do-padre-herranz-teresa-zugazabeitia-fi\\\/\"]}]},{\"@type\":\"ImageObject\",\"inLanguage\":\"pt-BR\",\"@id\":\"https:\\\/\\\/hijasdejesus.org\\\/pt-br\\\/feliz-presenca-do-padre-herranz-teresa-zugazabeitia-fi\\\/#primaryimage\",\"url\":\"https:\\\/\\\/hijasdejesus.org\\\/wp-content\\\/uploads\\\/2018\\\/07\\\/pherranz-rotated.jpg\",\"contentUrl\":\"https:\\\/\\\/hijasdejesus.org\\\/wp-content\\\/uploads\\\/2018\\\/07\\\/pherranz-rotated.jpg\",\"width\":1024,\"height\":683},{\"@type\":\"BreadcrumbList\",\"@id\":\"https:\\\/\\\/hijasdejesus.org\\\/pt-br\\\/feliz-presenca-do-padre-herranz-teresa-zugazabeitia-fi\\\/#breadcrumb\",\"itemListElement\":[{\"@type\":\"ListItem\",\"position\":1,\"name\":\"Portada\",\"item\":\"https:\\\/\\\/hijasdejesus.org\\\/pt-br\\\/\"},{\"@type\":\"ListItem\",\"position\":2,\"name\":\"Feliz presen\u00e7a do Padre Herranz- Teresa Zugazabeitia, FI\"}]},{\"@type\":\"WebSite\",\"@id\":\"https:\\\/\\\/hijasdejesus.org\\\/pt-br\\\/#website\",\"url\":\"https:\\\/\\\/hijasdejesus.org\\\/pt-br\\\/\",\"name\":\"Hijas de Jes\u00fas\",\"description\":\"Despertamos a Jes\u00fas en el coraz\u00f3n, sacando lo mejor de las personas. Somos una congregaci\u00f3n religiosa ignaciana fundada por la Madre Candida\",\"publisher\":{\"@id\":\"https:\\\/\\\/hijasdejesus.org\\\/pt-br\\\/#organization\"},\"potentialAction\":[{\"@type\":\"SearchAction\",\"target\":{\"@type\":\"EntryPoint\",\"urlTemplate\":\"https:\\\/\\\/hijasdejesus.org\\\/pt-br\\\/?s={search_term_string}\"},\"query-input\":{\"@type\":\"PropertyValueSpecification\",\"valueRequired\":true,\"valueName\":\"search_term_string\"}}],\"inLanguage\":\"pt-BR\"},{\"@type\":\"Organization\",\"@id\":\"https:\\\/\\\/hijasdejesus.org\\\/pt-br\\\/#organization\",\"name\":\"Hijas de Jes\u00fas\",\"url\":\"https:\\\/\\\/hijasdejesus.org\\\/pt-br\\\/\",\"logo\":{\"@type\":\"ImageObject\",\"inLanguage\":\"pt-BR\",\"@id\":\"https:\\\/\\\/hijasdejesus.org\\\/pt-br\\\/#\\\/schema\\\/logo\\\/image\\\/\",\"url\":\"https:\\\/\\\/hijasdejesus.org\\\/wp-content\\\/uploads\\\/2023\\\/01\\\/Hijas-de-Jesus_hor-A7C957.png\",\"contentUrl\":\"https:\\\/\\\/hijasdejesus.org\\\/wp-content\\\/uploads\\\/2023\\\/01\\\/Hijas-de-Jesus_hor-A7C957.png\",\"width\":700,\"height\":360,\"caption\":\"Hijas de Jes\u00fas\"},\"image\":{\"@id\":\"https:\\\/\\\/hijasdejesus.org\\\/pt-br\\\/#\\\/schema\\\/logo\\\/image\\\/\"},\"sameAs\":[\"https:\\\/\\\/www.facebook.com\\\/hijasdejesusenelmundo\\\/\",\"https:\\\/\\\/x.com\\\/hijasdjesus\"]},{\"@type\":\"Person\",\"@id\":\"https:\\\/\\\/hijasdejesus.org\\\/pt-br\\\/#\\\/schema\\\/person\\\/ce4455965da733f2791f23b6ec14e9b6\",\"name\":\"Webmaster\",\"image\":{\"@type\":\"ImageObject\",\"inLanguage\":\"pt-BR\",\"@id\":\"https:\\\/\\\/secure.gravatar.com\\\/avatar\\\/cfd0acaac86c3981d541d2e99a0ffb7b6d33a5ac8989a62f5518b9e0f7ee128a?s=96&d=mm&r=g\",\"url\":\"https:\\\/\\\/secure.gravatar.com\\\/avatar\\\/cfd0acaac86c3981d541d2e99a0ffb7b6d33a5ac8989a62f5518b9e0f7ee128a?s=96&d=mm&r=g\",\"contentUrl\":\"https:\\\/\\\/secure.gravatar.com\\\/avatar\\\/cfd0acaac86c3981d541d2e99a0ffb7b6d33a5ac8989a62f5518b9e0f7ee128a?s=96&d=mm&r=g\",\"caption\":\"Webmaster\"},\"url\":\"https:\\\/\\\/hijasdejesus.org\\\/pt-br\\\/author\\\/webmaster\\\/\"}]}<\/script>\n<!-- \/ Yoast SEO plugin. -->","yoast_head_json":{"title":"Feliz presen\u00e7a do Padre Herranz- Teresa Zugazabeitia, FI - Hijas de Jes\u00fas","robots":{"index":"index","follow":"follow","max-snippet":"max-snippet:-1","max-image-preview":"max-image-preview:large","max-video-preview":"max-video-preview:-1"},"canonical":"https:\/\/hijasdejesus.org\/pt-br\/feliz-presenca-do-padre-herranz-teresa-zugazabeitia-fi\/","og_locale":"pt_BR","og_type":"article","og_title":"Feliz presen\u00e7a do Padre Herranz- Teresa Zugazabeitia, FI - Hijas de Jes\u00fas","og_description":"\u00a0 5 deJulho: feliz presen\u00e7a de nosso querido P. HERRANZ: seu &#8220;dies natalis&#8221; \u00a0naquele 1819. Miguel foi seu nome&#8230; &#8220;quem como Deus?&#8221; De verdade, a fortaleza e fidelidade de Deus se manifestaram nele, E se derramaram na m\u00ednima Congrega\u00e7\u00e3o que nascia entre pen\u00farias e dificuldades. Estamos celebrando a experi\u00eancia do Rosarilho, 150 anos. Tamb\u00e9m o [&hellip;]","og_url":"https:\/\/hijasdejesus.org\/pt-br\/feliz-presenca-do-padre-herranz-teresa-zugazabeitia-fi\/","og_site_name":"Hijas de Jes\u00fas","article_publisher":"https:\/\/www.facebook.com\/hijasdejesusenelmundo\/","article_published_time":"2018-07-05T09:32:33+00:00","article_modified_time":"2018-07-09T09:07:44+00:00","og_image":[{"width":1024,"height":683,"url":"https:\/\/hijasdejesus.org\/wp-content\/uploads\/2018\/07\/pherranz-rotated.jpg","type":"image\/jpeg"}],"author":"Webmaster","twitter_card":"summary_large_image","twitter_creator":"@hijasdjesus","twitter_site":"@hijasdjesus","twitter_misc":{"Escrito por":"Webmaster","Est. tempo de leitura":"1 minuto"},"schema":{"@context":"https:\/\/schema.org","@graph":[{"@type":"Article","@id":"https:\/\/hijasdejesus.org\/pt-br\/feliz-presenca-do-padre-herranz-teresa-zugazabeitia-fi\/#article","isPartOf":{"@id":"https:\/\/hijasdejesus.org\/pt-br\/feliz-presenca-do-padre-herranz-teresa-zugazabeitia-fi\/"},"author":{"name":"Webmaster","@id":"https:\/\/hijasdejesus.org\/pt-br\/#\/schema\/person\/ce4455965da733f2791f23b6ec14e9b6"},"headline":"Feliz presen\u00e7a do Padre Herranz- Teresa Zugazabeitia, FI","datePublished":"2018-07-05T09:32:33+00:00","dateModified":"2018-07-09T09:07:44+00:00","mainEntityOfPage":{"@id":"https:\/\/hijasdejesus.org\/pt-br\/feliz-presenca-do-padre-herranz-teresa-zugazabeitia-fi\/"},"wordCount":282,"publisher":{"@id":"https:\/\/hijasdejesus.org\/pt-br\/#organization"},"image":{"@id":"https:\/\/hijasdejesus.org\/pt-br\/feliz-presenca-do-padre-herranz-teresa-zugazabeitia-fi\/#primaryimage"},"thumbnailUrl":"https:\/\/hijasdejesus.org\/wp-content\/uploads\/2018\/07\/pherranz-rotated.jpg","articleSection":["Hijas de Jes\u00fas","Not\u00edcias"],"inLanguage":"pt-BR"},{"@type":"WebPage","@id":"https:\/\/hijasdejesus.org\/pt-br\/feliz-presenca-do-padre-herranz-teresa-zugazabeitia-fi\/","url":"https:\/\/hijasdejesus.org\/pt-br\/feliz-presenca-do-padre-herranz-teresa-zugazabeitia-fi\/","name":"Feliz presen\u00e7a do Padre Herranz- Teresa Zugazabeitia, FI - Hijas de Jes\u00fas","isPartOf":{"@id":"https:\/\/hijasdejesus.org\/pt-br\/#website"},"primaryImageOfPage":{"@id":"https:\/\/hijasdejesus.org\/pt-br\/feliz-presenca-do-padre-herranz-teresa-zugazabeitia-fi\/#primaryimage"},"image":{"@id":"https:\/\/hijasdejesus.org\/pt-br\/feliz-presenca-do-padre-herranz-teresa-zugazabeitia-fi\/#primaryimage"},"thumbnailUrl":"https:\/\/hijasdejesus.org\/wp-content\/uploads\/2018\/07\/pherranz-rotated.jpg","datePublished":"2018-07-05T09:32:33+00:00","dateModified":"2018-07-09T09:07:44+00:00","breadcrumb":{"@id":"https:\/\/hijasdejesus.org\/pt-br\/feliz-presenca-do-padre-herranz-teresa-zugazabeitia-fi\/#breadcrumb"},"inLanguage":"pt-BR","potentialAction":[{"@type":"ReadAction","target":["https:\/\/hijasdejesus.org\/pt-br\/feliz-presenca-do-padre-herranz-teresa-zugazabeitia-fi\/"]}]},{"@type":"ImageObject","inLanguage":"pt-BR","@id":"https:\/\/hijasdejesus.org\/pt-br\/feliz-presenca-do-padre-herranz-teresa-zugazabeitia-fi\/#primaryimage","url":"https:\/\/hijasdejesus.org\/wp-content\/uploads\/2018\/07\/pherranz-rotated.jpg","contentUrl":"https:\/\/hijasdejesus.org\/wp-content\/uploads\/2018\/07\/pherranz-rotated.jpg","width":1024,"height":683},{"@type":"BreadcrumbList","@id":"https:\/\/hijasdejesus.org\/pt-br\/feliz-presenca-do-padre-herranz-teresa-zugazabeitia-fi\/#breadcrumb","itemListElement":[{"@type":"ListItem","position":1,"name":"Portada","item":"https:\/\/hijasdejesus.org\/pt-br\/"},{"@type":"ListItem","position":2,"name":"Feliz presen\u00e7a do Padre Herranz- Teresa Zugazabeitia, FI"}]},{"@type":"WebSite","@id":"https:\/\/hijasdejesus.org\/pt-br\/#website","url":"https:\/\/hijasdejesus.org\/pt-br\/","name":"Hijas de Jes\u00fas","description":"Despertamos a Jes\u00fas en el coraz\u00f3n, sacando lo mejor de las personas. Somos una congregaci\u00f3n religiosa ignaciana fundada por la Madre Candida","publisher":{"@id":"https:\/\/hijasdejesus.org\/pt-br\/#organization"},"potentialAction":[{"@type":"SearchAction","target":{"@type":"EntryPoint","urlTemplate":"https:\/\/hijasdejesus.org\/pt-br\/?s={search_term_string}"},"query-input":{"@type":"PropertyValueSpecification","valueRequired":true,"valueName":"search_term_string"}}],"inLanguage":"pt-BR"},{"@type":"Organization","@id":"https:\/\/hijasdejesus.org\/pt-br\/#organization","name":"Hijas de Jes\u00fas","url":"https:\/\/hijasdejesus.org\/pt-br\/","logo":{"@type":"ImageObject","inLanguage":"pt-BR","@id":"https:\/\/hijasdejesus.org\/pt-br\/#\/schema\/logo\/image\/","url":"https:\/\/hijasdejesus.org\/wp-content\/uploads\/2023\/01\/Hijas-de-Jesus_hor-A7C957.png","contentUrl":"https:\/\/hijasdejesus.org\/wp-content\/uploads\/2023\/01\/Hijas-de-Jesus_hor-A7C957.png","width":700,"height":360,"caption":"Hijas de Jes\u00fas"},"image":{"@id":"https:\/\/hijasdejesus.org\/pt-br\/#\/schema\/logo\/image\/"},"sameAs":["https:\/\/www.facebook.com\/hijasdejesusenelmundo\/","https:\/\/x.com\/hijasdjesus"]},{"@type":"Person","@id":"https:\/\/hijasdejesus.org\/pt-br\/#\/schema\/person\/ce4455965da733f2791f23b6ec14e9b6","name":"Webmaster","image":{"@type":"ImageObject","inLanguage":"pt-BR","@id":"https:\/\/secure.gravatar.com\/avatar\/cfd0acaac86c3981d541d2e99a0ffb7b6d33a5ac8989a62f5518b9e0f7ee128a?s=96&d=mm&r=g","url":"https:\/\/secure.gravatar.com\/avatar\/cfd0acaac86c3981d541d2e99a0ffb7b6d33a5ac8989a62f5518b9e0f7ee128a?s=96&d=mm&r=g","contentUrl":"https:\/\/secure.gravatar.com\/avatar\/cfd0acaac86c3981d541d2e99a0ffb7b6d33a5ac8989a62f5518b9e0f7ee128a?s=96&d=mm&r=g","caption":"Webmaster"},"url":"https:\/\/hijasdejesus.org\/pt-br\/author\/webmaster\/"}]}},"_links":{"self":[{"href":"https:\/\/hijasdejesus.org\/pt-br\/wp-json\/wp\/v2\/posts\/28831","targetHints":{"allow":["GET"]}}],"collection":[{"href":"https:\/\/hijasdejesus.org\/pt-br\/wp-json\/wp\/v2\/posts"}],"about":[{"href":"https:\/\/hijasdejesus.org\/pt-br\/wp-json\/wp\/v2\/types\/post"}],"author":[{"embeddable":true,"href":"https:\/\/hijasdejesus.org\/pt-br\/wp-json\/wp\/v2\/users\/28"}],"replies":[{"embeddable":true,"href":"https:\/\/hijasdejesus.org\/pt-br\/wp-json\/wp\/v2\/comments?post=28831"}],"version-history":[{"count":0,"href":"https:\/\/hijasdejesus.org\/pt-br\/wp-json\/wp\/v2\/posts\/28831\/revisions"}],"wp:featuredmedia":[{"embeddable":true,"href":"https:\/\/hijasdejesus.org\/pt-br\/wp-json\/wp\/v2\/media\/9639"}],"wp:attachment":[{"href":"https:\/\/hijasdejesus.org\/pt-br\/wp-json\/wp\/v2\/media?parent=28831"}],"wp:term":[{"taxonomy":"category","embeddable":true,"href":"https:\/\/hijasdejesus.org\/pt-br\/wp-json\/wp\/v2\/categories?post=28831"},{"taxonomy":"post_tag","embeddable":true,"href":"https:\/\/hijasdejesus.org\/pt-br\/wp-json\/wp\/v2\/tags?post=28831"}],"curies":[{"name":"wp","href":"https:\/\/api.w.org\/{rel}","templated":true}]}}