{"id":28854,"date":"2018-08-27T13:22:38","date_gmt":"2018-08-27T11:22:38","guid":{"rendered":"https:\/\/nueva.hijasdejesus.org\/65-anos-de-villasuncion-o-bucaramanga-i\/"},"modified":"2018-09-21T17:23:51","modified_gmt":"2018-09-21T15:23:51","slug":"65-anos-de-villasuncion-o-bucaramanga-i","status":"publish","type":"post","link":"https:\/\/hijasdejesus.org\/pt-br\/65-anos-de-villasuncion-o-bucaramanga-i\/","title":{"rendered":"65 anos de Villasunci\u00f3n o Bucaramanga (I)"},"content":{"rendered":"<h3 style=\"text-align: center;\"><span lang=\"PT-BR\">Uma c<\/span><span lang=\"PT-BR\">asa e obra significativa em Bucaramanga, sob a prote\u00e7\u00e3o da Virgem da Assun\u00e7\u00e3o!<\/span><\/h3>\n<p><span lang=\"PT-BR\"><\/span><\/p>\n<p class=\"MsoNormal\" style=\"margin-bottom: 4.0pt; text-align: center; line-height: normal;\" align=\"center\"><span lang=\"PT-BR\" style=\"font-size: 6.0pt; mso-bidi-font-size: 11.0pt; font-family: 'Arial Rounded MT Bold','sans-serif'; color: #002060; mso-ansi-language: PT-BR;\">\u00a0<\/span><\/p>\n<p><span lang=\"PT-BR\">\u00a0<\/span><span lang=\"PT-BR\">Quase tudo tem in\u00edcio nos sonhos de pessoas ou de grupos que t\u00eam um olhar al\u00e9m de seus horizontes, na busca do bem para outras pessoas, e que nem imaginam onde suas realiza\u00e7\u00f5es poder\u00e3o chegar, porque o Esp\u00edrito de Deus se encarrega de fazer crescer a semente e produzir o fruto; claro, contando com os instrumentos humanos, e com seus acertos e desacertos.<\/span><\/p>\n<p><span lang=\"PT-BR\">A festa da Assun\u00e7\u00e3o de Maria celebrada 15 de agosto passado foi muito significativa para esta casa de Encontros Villasunci\u00f3n pela qual passaram, desde sua funda\u00e7\u00e3o, v\u00e1rios padres Jesu\u00edtas como o P. Antonio Upegui at\u00e9 o atual diretor, o bom amigo e irm\u00e3o P.Julio Jim\u00e9nez Dorado.<\/span><\/p>\n<p><span lang=\"PT-BR\">Tive a sorte de conhecer, viver e participar de boa parte da trajet\u00f3ria hist\u00f3rica, como santanderiana e Filha de Jesus.<\/span><\/p>\n<p><span lang=\"PT-BR\">Lembro-me perfeitamente<\/span><span lang=\"PT-BR\">\u00a0&#8211; eu tinha uns dez anos &#8211; do P. Upegui com seu fino porte e talento se aproximando das fam\u00edlias \u00a0bumanguesas e dos comerciantes da cidade para saber como estavam, e convid\u00e1-los a participar desta bela a\u00e7\u00e3o social doando o valor correspondente a um c\u00f4modo, para construir em terrenos doados em 1959 pela senhora Elvira Mantilla de Mantilla \u00e0 Companhia de Jesus; ela sonhava que os terrenos fossem empregados para o bem da Igreja, como, de fato, \u00e9 hoje.<\/span><br \/><img loading=\"lazy\" decoding=\"async\" class=\" alignright size-full wp-image-14192\" style=\"float: right;\" src=\"https:\/\/hijasdejesus.org\/wp-content\/uploads\/2018\/09\/Villasuncin-2.jpg\" alt=\"\" width=\"358\" height=\"233\" \/><\/p>\n<p><span lang=\"PT-BR\">Naquela \u00e9poca se localizava fora da cidade. Hoje est\u00e1 totalmente imersa nela, embora em um lugar tranquilo. Pouco a pouco o P. Upegui foi angariando\u00a0dinheiro e estimulando a participa\u00e7\u00e3o de colaboradores com uma placa na qual se via o nome da fam\u00edlia, em cada lugar da casa, como aconteceu at\u00e9 faz poucos anos. Narra-nos a hist\u00f3ria que a constru\u00e7\u00e3o dos dois m\u00f3dulos demorou quase 25\u00a0anos; um deles, um pouco melhor para cobrir os\u00a0gastos do outro, com o objetivo de que as\u00a0pessoas que<\/span><span lang=\"PT-BR\"> n\u00e3o\u00a0pudessem pagar o custo total tamb\u00e9m tivessem acesso aos EE e \u00e0s atividades oferecidas pela casa.<\/span><\/p>\n<p><span lang=\"PT-BR\">Minha fam\u00edlia acompanhou com carinho o crescimento da obra e, de fato, meu pai, j\u00e1 falecido, foi ass\u00edduo exercitante desde que se abriu um grupo para homens na Semana Santa at\u00e9 1979, quando, nesses \u00faltimos EE se preparou para assumir a doen\u00e7a que o levaria ao encontro do Pai.<\/span><\/p>\n<p class=\"MsoNormal\" style=\"margin-bottom: 4.0pt; line-height: normal;\"><span lang=\"PT-BR\">Neste ano veio o P. Julio Jim\u00e9nez sj excelente pastoralista no campo dos EE para assumir a casa, e seu amigo no Senhor e companheiro de comunidade P. Munhoz sj, informou-lhe que dia 15 se celebraria o 65\u00ba anivers\u00e1rio do verdadeiro in\u00edcio da casa, com a b\u00ean\u00e7\u00e3o dos terrenos sob a prote\u00e7\u00e3o da Assun\u00e7\u00e3o.<\/span><\/p>\n<p>\u00a0<\/p>\n<p><span lang=\"PT-BR\">E ele me perguntou se eu conhecia alguns dados de pessoas vinculadas \u00e0 casa. No dia 15 houve uma bela celebra\u00e7\u00e3o, tanto com a partilha do P\u00e3o na Ceia do Senhor, presidida pelo Sr. Arcebispo Ismael Rueda e concelebrada por v\u00e1rios Jesu\u00edtas como, ap\u00f3s a Eucaristia, com a partilha de fraternal mesa animada por um saxofonista e com a presen\u00e7a, entre outras pessoas, de uma sobrinha neta da Fam\u00edlia doadora do terreno, de uma sobrinha do P. Upegui religiosa Betlemita, Religiosas fundadas por uma tia do P. Upegui, e outras pessoas significativas que tamb\u00e9m tiveram a ver com os in\u00edcios de nosso querido \u201cReina de la Paz\u201d.<\/span><\/p>\n<p style=\"text-align: right;\"><span lang=\"PT-BR\"><strong style=\"box-sizing: border-box; margin: 0px; padding: 0px; border: 0px; outline: 0px; font-size: 16px; font-family: Frutiger; vertical-align: baseline; color: #49105b; text-align: right;\"><span lang=\"ES-MX\" style=\"box-sizing: border-box; margin: 0px; padding: 0px; border: 0px; outline: 0px; vertical-align: baseline;\">Teresa Ram\u00edre<\/span><\/strong><strong style=\"box-sizing: border-box; margin: 0px; padding: 0px; border: 0px; outline: 0px; font-size: 16px; font-family: Frutiger; vertical-align: baseline; color: #49105b; text-align: right;\"><span lang=\"ES-MX\" style=\"box-sizing: border-box; margin: 0px; padding: 0px; border: 0px; outline: 0px; vertical-align: baseline;\">z, FI<\/span><\/strong><\/span><\/p>\n<p><span lang=\"PT-BR\"><img decoding=\"async\" class=\" size-full wp-image-14195\" style=\"display: block; margin-left: auto; margin-right: auto;\" src=\"https:\/\/hijasdejesus.org\/wp-content\/uploads\/2018\/09\/Villasuncin-3.jpg\" \/><\/span><\/p>\n<p>\u00a0<\/p>\n<p>\u00a0<\/p>\n","protected":false},"excerpt":{"rendered":"<p>Uma casa e obra significativa em Bucaramanga, sob a prote\u00e7\u00e3o da Virgem da Assun\u00e7\u00e3o! \u00a0 \u00a0Quase tudo tem in\u00edcio nos sonhos de pessoas ou de grupos que t\u00eam um olhar al\u00e9m de seus horizontes, na busca do bem para outras pessoas, e que nem imaginam onde suas realiza\u00e7\u00f5es poder\u00e3o chegar, porque o Esp\u00edrito de Deus [&hellip;]<\/p>\n","protected":false},"author":28,"featured_media":14189,"comment_status":"closed","ping_status":"closed","sticky":false,"template":"","format":"standard","meta":{"_et_pb_use_builder":"","_et_pb_old_content":"","_et_gb_content_width":"","footnotes":"","_links_to":"","_links_to_target":""},"categories":[483,509,529,469],"tags":[],"class_list":["post-28854","post","type-post","status-publish","format-standard","has-post-thumbnail","hentry","category-america-andina-pt-br","category-colombia-pt-br","category-hijas-de-jesus-pt-br","category-noticias-pt-br"],"yoast_head":"<!-- This site is optimized with the Yoast SEO plugin v27.4 - https:\/\/yoast.com\/product\/yoast-seo-wordpress\/ -->\n<title>65 anos de Villasunci\u00f3n o Bucaramanga (I) - Hijas de Jes\u00fas<\/title>\n<meta name=\"robots\" content=\"index, follow, max-snippet:-1, max-image-preview:large, max-video-preview:-1\" \/>\n<link rel=\"canonical\" href=\"https:\/\/hijasdejesus.org\/pt-br\/65-anos-de-villasuncion-o-bucaramanga-i\/\" \/>\n<meta property=\"og:locale\" content=\"pt_BR\" \/>\n<meta property=\"og:type\" content=\"article\" \/>\n<meta property=\"og:title\" content=\"65 anos de Villasunci\u00f3n o Bucaramanga (I) - Hijas de Jes\u00fas\" \/>\n<meta property=\"og:description\" content=\"Uma casa e obra significativa em Bucaramanga, sob a prote\u00e7\u00e3o da Virgem da Assun\u00e7\u00e3o! \u00a0 \u00a0Quase tudo tem in\u00edcio nos sonhos de pessoas ou de grupos que t\u00eam um olhar al\u00e9m de seus horizontes, na busca do bem para outras pessoas, e que nem imaginam onde suas realiza\u00e7\u00f5es poder\u00e3o chegar, porque o Esp\u00edrito de Deus [&hellip;]\" \/>\n<meta property=\"og:url\" content=\"https:\/\/hijasdejesus.org\/pt-br\/65-anos-de-villasuncion-o-bucaramanga-i\/\" \/>\n<meta property=\"og:site_name\" content=\"Hijas de Jes\u00fas\" \/>\n<meta property=\"article:publisher\" content=\"https:\/\/www.facebook.com\/hijasdejesusenelmundo\/\" \/>\n<meta property=\"article:published_time\" content=\"2018-08-27T11:22:38+00:00\" \/>\n<meta property=\"article:modified_time\" content=\"2018-09-21T15:23:51+00:00\" \/>\n<meta property=\"og:image\" content=\"https:\/\/hijasdejesus.org\/wp-content\/uploads\/2018\/09\/Villasuncin-1.jpg\" \/>\n\t<meta property=\"og:image:width\" content=\"1\" \/>\n\t<meta property=\"og:image:height\" content=\"1\" \/>\n\t<meta property=\"og:image:type\" content=\"image\/jpeg\" \/>\n<meta name=\"author\" content=\"Webmaster\" \/>\n<meta name=\"twitter:card\" content=\"summary_large_image\" \/>\n<meta name=\"twitter:creator\" content=\"@hijasdjesus\" \/>\n<meta name=\"twitter:site\" content=\"@hijasdjesus\" \/>\n<meta name=\"twitter:label1\" content=\"Escrito por\" \/>\n\t<meta name=\"twitter:data1\" content=\"Webmaster\" \/>\n\t<meta name=\"twitter:label2\" content=\"Est. tempo de leitura\" \/>\n\t<meta name=\"twitter:data2\" content=\"3 minutos\" \/>\n<script type=\"application\/ld+json\" class=\"yoast-schema-graph\">{\"@context\":\"https:\\\/\\\/schema.org\",\"@graph\":[{\"@type\":\"Article\",\"@id\":\"https:\\\/\\\/hijasdejesus.org\\\/pt-br\\\/65-anos-de-villasuncion-o-bucaramanga-i\\\/#article\",\"isPartOf\":{\"@id\":\"https:\\\/\\\/hijasdejesus.org\\\/pt-br\\\/65-anos-de-villasuncion-o-bucaramanga-i\\\/\"},\"author\":{\"name\":\"Webmaster\",\"@id\":\"https:\\\/\\\/hijasdejesus.org\\\/pt-br\\\/#\\\/schema\\\/person\\\/ce4455965da733f2791f23b6ec14e9b6\"},\"headline\":\"65 anos de Villasunci\u00f3n o Bucaramanga (I)\",\"datePublished\":\"2018-08-27T11:22:38+00:00\",\"dateModified\":\"2018-09-21T15:23:51+00:00\",\"mainEntityOfPage\":{\"@id\":\"https:\\\/\\\/hijasdejesus.org\\\/pt-br\\\/65-anos-de-villasuncion-o-bucaramanga-i\\\/\"},\"wordCount\":588,\"publisher\":{\"@id\":\"https:\\\/\\\/hijasdejesus.org\\\/pt-br\\\/#organization\"},\"image\":{\"@id\":\"https:\\\/\\\/hijasdejesus.org\\\/pt-br\\\/65-anos-de-villasuncion-o-bucaramanga-i\\\/#primaryimage\"},\"thumbnailUrl\":\"https:\\\/\\\/hijasdejesus.org\\\/wp-content\\\/uploads\\\/2018\\\/09\\\/Villasuncin-1.jpg\",\"articleSection\":[\"Am\u00e9rica Andina\",\"Col\u00f4mbia\",\"Hijas de Jes\u00fas\",\"Not\u00edcias\"],\"inLanguage\":\"pt-BR\"},{\"@type\":\"WebPage\",\"@id\":\"https:\\\/\\\/hijasdejesus.org\\\/pt-br\\\/65-anos-de-villasuncion-o-bucaramanga-i\\\/\",\"url\":\"https:\\\/\\\/hijasdejesus.org\\\/pt-br\\\/65-anos-de-villasuncion-o-bucaramanga-i\\\/\",\"name\":\"65 anos de Villasunci\u00f3n o Bucaramanga (I) - Hijas de Jes\u00fas\",\"isPartOf\":{\"@id\":\"https:\\\/\\\/hijasdejesus.org\\\/pt-br\\\/#website\"},\"primaryImageOfPage\":{\"@id\":\"https:\\\/\\\/hijasdejesus.org\\\/pt-br\\\/65-anos-de-villasuncion-o-bucaramanga-i\\\/#primaryimage\"},\"image\":{\"@id\":\"https:\\\/\\\/hijasdejesus.org\\\/pt-br\\\/65-anos-de-villasuncion-o-bucaramanga-i\\\/#primaryimage\"},\"thumbnailUrl\":\"https:\\\/\\\/hijasdejesus.org\\\/wp-content\\\/uploads\\\/2018\\\/09\\\/Villasuncin-1.jpg\",\"datePublished\":\"2018-08-27T11:22:38+00:00\",\"dateModified\":\"2018-09-21T15:23:51+00:00\",\"breadcrumb\":{\"@id\":\"https:\\\/\\\/hijasdejesus.org\\\/pt-br\\\/65-anos-de-villasuncion-o-bucaramanga-i\\\/#breadcrumb\"},\"inLanguage\":\"pt-BR\",\"potentialAction\":[{\"@type\":\"ReadAction\",\"target\":[\"https:\\\/\\\/hijasdejesus.org\\\/pt-br\\\/65-anos-de-villasuncion-o-bucaramanga-i\\\/\"]}]},{\"@type\":\"ImageObject\",\"inLanguage\":\"pt-BR\",\"@id\":\"https:\\\/\\\/hijasdejesus.org\\\/pt-br\\\/65-anos-de-villasuncion-o-bucaramanga-i\\\/#primaryimage\",\"url\":\"https:\\\/\\\/hijasdejesus.org\\\/wp-content\\\/uploads\\\/2018\\\/09\\\/Villasuncin-1.jpg\",\"contentUrl\":\"https:\\\/\\\/hijasdejesus.org\\\/wp-content\\\/uploads\\\/2018\\\/09\\\/Villasuncin-1.jpg\"},{\"@type\":\"BreadcrumbList\",\"@id\":\"https:\\\/\\\/hijasdejesus.org\\\/pt-br\\\/65-anos-de-villasuncion-o-bucaramanga-i\\\/#breadcrumb\",\"itemListElement\":[{\"@type\":\"ListItem\",\"position\":1,\"name\":\"Portada\",\"item\":\"https:\\\/\\\/hijasdejesus.org\\\/pt-br\\\/\"},{\"@type\":\"ListItem\",\"position\":2,\"name\":\"65 anos de Villasunci\u00f3n o Bucaramanga (I)\"}]},{\"@type\":\"WebSite\",\"@id\":\"https:\\\/\\\/hijasdejesus.org\\\/pt-br\\\/#website\",\"url\":\"https:\\\/\\\/hijasdejesus.org\\\/pt-br\\\/\",\"name\":\"Hijas de Jes\u00fas\",\"description\":\"Despertamos a Jes\u00fas en el coraz\u00f3n, sacando lo mejor de las personas. Somos una congregaci\u00f3n religiosa ignaciana fundada por la Madre Candida\",\"publisher\":{\"@id\":\"https:\\\/\\\/hijasdejesus.org\\\/pt-br\\\/#organization\"},\"potentialAction\":[{\"@type\":\"SearchAction\",\"target\":{\"@type\":\"EntryPoint\",\"urlTemplate\":\"https:\\\/\\\/hijasdejesus.org\\\/pt-br\\\/?s={search_term_string}\"},\"query-input\":{\"@type\":\"PropertyValueSpecification\",\"valueRequired\":true,\"valueName\":\"search_term_string\"}}],\"inLanguage\":\"pt-BR\"},{\"@type\":\"Organization\",\"@id\":\"https:\\\/\\\/hijasdejesus.org\\\/pt-br\\\/#organization\",\"name\":\"Hijas de Jes\u00fas\",\"url\":\"https:\\\/\\\/hijasdejesus.org\\\/pt-br\\\/\",\"logo\":{\"@type\":\"ImageObject\",\"inLanguage\":\"pt-BR\",\"@id\":\"https:\\\/\\\/hijasdejesus.org\\\/pt-br\\\/#\\\/schema\\\/logo\\\/image\\\/\",\"url\":\"https:\\\/\\\/hijasdejesus.org\\\/wp-content\\\/uploads\\\/2023\\\/01\\\/Hijas-de-Jesus_hor-A7C957.png\",\"contentUrl\":\"https:\\\/\\\/hijasdejesus.org\\\/wp-content\\\/uploads\\\/2023\\\/01\\\/Hijas-de-Jesus_hor-A7C957.png\",\"width\":700,\"height\":360,\"caption\":\"Hijas de Jes\u00fas\"},\"image\":{\"@id\":\"https:\\\/\\\/hijasdejesus.org\\\/pt-br\\\/#\\\/schema\\\/logo\\\/image\\\/\"},\"sameAs\":[\"https:\\\/\\\/www.facebook.com\\\/hijasdejesusenelmundo\\\/\",\"https:\\\/\\\/x.com\\\/hijasdjesus\"]},{\"@type\":\"Person\",\"@id\":\"https:\\\/\\\/hijasdejesus.org\\\/pt-br\\\/#\\\/schema\\\/person\\\/ce4455965da733f2791f23b6ec14e9b6\",\"name\":\"Webmaster\",\"image\":{\"@type\":\"ImageObject\",\"inLanguage\":\"pt-BR\",\"@id\":\"https:\\\/\\\/secure.gravatar.com\\\/avatar\\\/cfd0acaac86c3981d541d2e99a0ffb7b6d33a5ac8989a62f5518b9e0f7ee128a?s=96&d=mm&r=g\",\"url\":\"https:\\\/\\\/secure.gravatar.com\\\/avatar\\\/cfd0acaac86c3981d541d2e99a0ffb7b6d33a5ac8989a62f5518b9e0f7ee128a?s=96&d=mm&r=g\",\"contentUrl\":\"https:\\\/\\\/secure.gravatar.com\\\/avatar\\\/cfd0acaac86c3981d541d2e99a0ffb7b6d33a5ac8989a62f5518b9e0f7ee128a?s=96&d=mm&r=g\",\"caption\":\"Webmaster\"},\"url\":\"https:\\\/\\\/hijasdejesus.org\\\/pt-br\\\/author\\\/webmaster\\\/\"}]}<\/script>\n<!-- \/ Yoast SEO plugin. -->","yoast_head_json":{"title":"65 anos de Villasunci\u00f3n o Bucaramanga (I) - Hijas de Jes\u00fas","robots":{"index":"index","follow":"follow","max-snippet":"max-snippet:-1","max-image-preview":"max-image-preview:large","max-video-preview":"max-video-preview:-1"},"canonical":"https:\/\/hijasdejesus.org\/pt-br\/65-anos-de-villasuncion-o-bucaramanga-i\/","og_locale":"pt_BR","og_type":"article","og_title":"65 anos de Villasunci\u00f3n o Bucaramanga (I) - Hijas de Jes\u00fas","og_description":"Uma casa e obra significativa em Bucaramanga, sob a prote\u00e7\u00e3o da Virgem da Assun\u00e7\u00e3o! \u00a0 \u00a0Quase tudo tem in\u00edcio nos sonhos de pessoas ou de grupos que t\u00eam um olhar al\u00e9m de seus horizontes, na busca do bem para outras pessoas, e que nem imaginam onde suas realiza\u00e7\u00f5es poder\u00e3o chegar, porque o Esp\u00edrito de Deus [&hellip;]","og_url":"https:\/\/hijasdejesus.org\/pt-br\/65-anos-de-villasuncion-o-bucaramanga-i\/","og_site_name":"Hijas de Jes\u00fas","article_publisher":"https:\/\/www.facebook.com\/hijasdejesusenelmundo\/","article_published_time":"2018-08-27T11:22:38+00:00","article_modified_time":"2018-09-21T15:23:51+00:00","og_image":[{"url":"https:\/\/hijasdejesus.org\/wp-content\/uploads\/2018\/09\/Villasuncin-1.jpg","width":1,"height":1,"type":"image\/jpeg"}],"author":"Webmaster","twitter_card":"summary_large_image","twitter_creator":"@hijasdjesus","twitter_site":"@hijasdjesus","twitter_misc":{"Escrito por":"Webmaster","Est. tempo de leitura":"3 minutos"},"schema":{"@context":"https:\/\/schema.org","@graph":[{"@type":"Article","@id":"https:\/\/hijasdejesus.org\/pt-br\/65-anos-de-villasuncion-o-bucaramanga-i\/#article","isPartOf":{"@id":"https:\/\/hijasdejesus.org\/pt-br\/65-anos-de-villasuncion-o-bucaramanga-i\/"},"author":{"name":"Webmaster","@id":"https:\/\/hijasdejesus.org\/pt-br\/#\/schema\/person\/ce4455965da733f2791f23b6ec14e9b6"},"headline":"65 anos de Villasunci\u00f3n o Bucaramanga (I)","datePublished":"2018-08-27T11:22:38+00:00","dateModified":"2018-09-21T15:23:51+00:00","mainEntityOfPage":{"@id":"https:\/\/hijasdejesus.org\/pt-br\/65-anos-de-villasuncion-o-bucaramanga-i\/"},"wordCount":588,"publisher":{"@id":"https:\/\/hijasdejesus.org\/pt-br\/#organization"},"image":{"@id":"https:\/\/hijasdejesus.org\/pt-br\/65-anos-de-villasuncion-o-bucaramanga-i\/#primaryimage"},"thumbnailUrl":"https:\/\/hijasdejesus.org\/wp-content\/uploads\/2018\/09\/Villasuncin-1.jpg","articleSection":["Am\u00e9rica Andina","Col\u00f4mbia","Hijas de Jes\u00fas","Not\u00edcias"],"inLanguage":"pt-BR"},{"@type":"WebPage","@id":"https:\/\/hijasdejesus.org\/pt-br\/65-anos-de-villasuncion-o-bucaramanga-i\/","url":"https:\/\/hijasdejesus.org\/pt-br\/65-anos-de-villasuncion-o-bucaramanga-i\/","name":"65 anos de Villasunci\u00f3n o Bucaramanga (I) - Hijas de Jes\u00fas","isPartOf":{"@id":"https:\/\/hijasdejesus.org\/pt-br\/#website"},"primaryImageOfPage":{"@id":"https:\/\/hijasdejesus.org\/pt-br\/65-anos-de-villasuncion-o-bucaramanga-i\/#primaryimage"},"image":{"@id":"https:\/\/hijasdejesus.org\/pt-br\/65-anos-de-villasuncion-o-bucaramanga-i\/#primaryimage"},"thumbnailUrl":"https:\/\/hijasdejesus.org\/wp-content\/uploads\/2018\/09\/Villasuncin-1.jpg","datePublished":"2018-08-27T11:22:38+00:00","dateModified":"2018-09-21T15:23:51+00:00","breadcrumb":{"@id":"https:\/\/hijasdejesus.org\/pt-br\/65-anos-de-villasuncion-o-bucaramanga-i\/#breadcrumb"},"inLanguage":"pt-BR","potentialAction":[{"@type":"ReadAction","target":["https:\/\/hijasdejesus.org\/pt-br\/65-anos-de-villasuncion-o-bucaramanga-i\/"]}]},{"@type":"ImageObject","inLanguage":"pt-BR","@id":"https:\/\/hijasdejesus.org\/pt-br\/65-anos-de-villasuncion-o-bucaramanga-i\/#primaryimage","url":"https:\/\/hijasdejesus.org\/wp-content\/uploads\/2018\/09\/Villasuncin-1.jpg","contentUrl":"https:\/\/hijasdejesus.org\/wp-content\/uploads\/2018\/09\/Villasuncin-1.jpg"},{"@type":"BreadcrumbList","@id":"https:\/\/hijasdejesus.org\/pt-br\/65-anos-de-villasuncion-o-bucaramanga-i\/#breadcrumb","itemListElement":[{"@type":"ListItem","position":1,"name":"Portada","item":"https:\/\/hijasdejesus.org\/pt-br\/"},{"@type":"ListItem","position":2,"name":"65 anos de Villasunci\u00f3n o Bucaramanga (I)"}]},{"@type":"WebSite","@id":"https:\/\/hijasdejesus.org\/pt-br\/#website","url":"https:\/\/hijasdejesus.org\/pt-br\/","name":"Hijas de Jes\u00fas","description":"Despertamos a Jes\u00fas en el coraz\u00f3n, sacando lo mejor de las personas. Somos una congregaci\u00f3n religiosa ignaciana fundada por la Madre Candida","publisher":{"@id":"https:\/\/hijasdejesus.org\/pt-br\/#organization"},"potentialAction":[{"@type":"SearchAction","target":{"@type":"EntryPoint","urlTemplate":"https:\/\/hijasdejesus.org\/pt-br\/?s={search_term_string}"},"query-input":{"@type":"PropertyValueSpecification","valueRequired":true,"valueName":"search_term_string"}}],"inLanguage":"pt-BR"},{"@type":"Organization","@id":"https:\/\/hijasdejesus.org\/pt-br\/#organization","name":"Hijas de Jes\u00fas","url":"https:\/\/hijasdejesus.org\/pt-br\/","logo":{"@type":"ImageObject","inLanguage":"pt-BR","@id":"https:\/\/hijasdejesus.org\/pt-br\/#\/schema\/logo\/image\/","url":"https:\/\/hijasdejesus.org\/wp-content\/uploads\/2023\/01\/Hijas-de-Jesus_hor-A7C957.png","contentUrl":"https:\/\/hijasdejesus.org\/wp-content\/uploads\/2023\/01\/Hijas-de-Jesus_hor-A7C957.png","width":700,"height":360,"caption":"Hijas de Jes\u00fas"},"image":{"@id":"https:\/\/hijasdejesus.org\/pt-br\/#\/schema\/logo\/image\/"},"sameAs":["https:\/\/www.facebook.com\/hijasdejesusenelmundo\/","https:\/\/x.com\/hijasdjesus"]},{"@type":"Person","@id":"https:\/\/hijasdejesus.org\/pt-br\/#\/schema\/person\/ce4455965da733f2791f23b6ec14e9b6","name":"Webmaster","image":{"@type":"ImageObject","inLanguage":"pt-BR","@id":"https:\/\/secure.gravatar.com\/avatar\/cfd0acaac86c3981d541d2e99a0ffb7b6d33a5ac8989a62f5518b9e0f7ee128a?s=96&d=mm&r=g","url":"https:\/\/secure.gravatar.com\/avatar\/cfd0acaac86c3981d541d2e99a0ffb7b6d33a5ac8989a62f5518b9e0f7ee128a?s=96&d=mm&r=g","contentUrl":"https:\/\/secure.gravatar.com\/avatar\/cfd0acaac86c3981d541d2e99a0ffb7b6d33a5ac8989a62f5518b9e0f7ee128a?s=96&d=mm&r=g","caption":"Webmaster"},"url":"https:\/\/hijasdejesus.org\/pt-br\/author\/webmaster\/"}]}},"_links":{"self":[{"href":"https:\/\/hijasdejesus.org\/pt-br\/wp-json\/wp\/v2\/posts\/28854","targetHints":{"allow":["GET"]}}],"collection":[{"href":"https:\/\/hijasdejesus.org\/pt-br\/wp-json\/wp\/v2\/posts"}],"about":[{"href":"https:\/\/hijasdejesus.org\/pt-br\/wp-json\/wp\/v2\/types\/post"}],"author":[{"embeddable":true,"href":"https:\/\/hijasdejesus.org\/pt-br\/wp-json\/wp\/v2\/users\/28"}],"replies":[{"embeddable":true,"href":"https:\/\/hijasdejesus.org\/pt-br\/wp-json\/wp\/v2\/comments?post=28854"}],"version-history":[{"count":0,"href":"https:\/\/hijasdejesus.org\/pt-br\/wp-json\/wp\/v2\/posts\/28854\/revisions"}],"wp:featuredmedia":[{"embeddable":true,"href":"https:\/\/hijasdejesus.org\/pt-br\/wp-json\/wp\/v2\/media\/14189"}],"wp:attachment":[{"href":"https:\/\/hijasdejesus.org\/pt-br\/wp-json\/wp\/v2\/media?parent=28854"}],"wp:term":[{"taxonomy":"category","embeddable":true,"href":"https:\/\/hijasdejesus.org\/pt-br\/wp-json\/wp\/v2\/categories?post=28854"},{"taxonomy":"post_tag","embeddable":true,"href":"https:\/\/hijasdejesus.org\/pt-br\/wp-json\/wp\/v2\/tags?post=28854"}],"curies":[{"name":"wp","href":"https:\/\/api.w.org\/{rel}","templated":true}]}}