{"id":28855,"date":"2018-08-27T13:26:46","date_gmt":"2018-08-27T11:26:46","guid":{"rendered":"https:\/\/nueva.hijasdejesus.org\/65-anos-de-villasuncion-o-bucaramanga-ii\/"},"modified":"2018-09-21T17:34:15","modified_gmt":"2018-09-21T15:34:15","slug":"65-anos-de-villasuncion-o-bucaramanga-ii","status":"publish","type":"post","link":"https:\/\/hijasdejesus.org\/pt-br\/65-anos-de-villasuncion-o-bucaramanga-ii\/","title":{"rendered":"65 anos de Villasunci\u00f3n o Bucaramanga (II)"},"content":{"rendered":"<h2 style=\"text-align: center;\"><span lang=\"PT-BR\">Villasunci\u00f3n para a Congrega\u00e7\u00e3o das Filhas de Jesus<\/span><span lang=\"PT-BR\">\u00a0<\/span><\/h2>\n<\/p>\n<p><span lang=\"PT-BR\">Foi nossa primeira casa de acolhida ao chegarmos a Bucaramanga para fundar o Col\u00e9gio \u201cReina de la Paz\u201d. A\u00ed ficaram hospedadas nossas irm\u00e3s Ver\u00f3nica Tejedor e Concepci\u00f3n Garc\u00eda Nieves acolhidas pelas irm\u00e3s Escravas de Cristo Rei, Religiosas que cuidaram da casa e nela permaneceram at\u00e9 o ano anterior, deixando uma linda lembran\u00e7a.<\/span><\/p>\n<p><span lang=\"PT-BR\">Muitas irm\u00e3s da Regi\u00e3o Col\u00f4mbia &#8211; Venezuela, em diferentes momentos fizemos os EE nessa casa, e dela guardamos agradecidas lembran\u00e7as. Inclusive uma das reuni\u00f5es de equipes de governo FI de Am\u00e9rica com nossa atual Superiora Geral em um encontro que nos marcou, quando estava respons\u00e1vel pela reforma da casa P. Gerardo Arango de saudosa mem\u00f3ria, e muito pr\u00f3ximo de v\u00e1rias Filhas de Jesus. <\/span><\/p>\n<p><span lang=\"PT-BR\">Grupos de estudantes do Col\u00e9gio \u201cReina de la paz\u201d desde 1976 at\u00e9 hoje, assim como grupos de educadores, tiveram a oportunidade de viver ricas experi\u00eancias espirituais e de EE nesse maravilhoso encontro com o Deus da Vida, consigo mesmos e com seu compromisso de f\u00e9.<\/span><\/p>\n<p><span lang=\"PT-BR\">O encontro mais significativo e recente foi o dos estudantes dos \u00faltimos anos do Col\u00e9gio Santander, nos dias 14 a 17 de agosto, no qual tive a oportunidade de trabalhar como educadora desde 1973 at\u00e9 meu ingresso na Congrega\u00e7\u00e3o.<\/span><\/p>\n<p><span lang=\"PT-BR\">Experi\u00eancia organizada pela CVX Bucaramanga a quem lhe pediram atender a solicita\u00e7\u00e3o apoiada pelo P. Julio Jim\u00e9nez e por mim. <\/span><\/p>\n<p><span lang=\"PT-BR\">Estava recente nossa participa\u00e7\u00e3o no XVIII Simp\u00f3sio de EE e vimos que era uma bela oportunidade apoiar os jovens de um col\u00e9gio estadual e de ambientes muito populares. Foi muito bom constatar que o sonho do P. Upegui SI, bem como o compromisso inaciano de atender a juventude, especialmente a mais vulner\u00e1vel, \u00e9 um grito de miss\u00e3o na Igreja hoje. \u00a0<\/span><\/p>\n<p><span lang=\"PT-BR\">Nas avalia\u00e7\u00f5es destes dias, tanto as feitas pelos jovens como as da equipe que assumimos a experi\u00eancia, surgiram novas mo\u00e7\u00f5es a discernir e a projetar. <\/span><\/p>\n<p><span lang=\"PT-BR\">Obrigada Villasunci\u00f3n por ser nossa casa, por sua miss\u00e3o evangelizadora ao longo destes 65 anos. Obrigada P. Julio Jim\u00e9nez pelo acertado detalhe de trazer \u00e0 mem\u00f3ria do cora\u00e7\u00e3o a linda hist\u00f3ria de amor escondida, por seu entusiasmo para dinamizar a obra neste tempo, e obrigada a todo o pessoal que silenciosamente faz poss\u00edvel este trabalho.<\/span><\/p>\n<p>\u00a0<\/p>\n<p class=\"MsoNormal\" style=\"margin-bottom: 4pt; line-height: normal; text-align: right;\"><span lang=\"PT-BR\">\u00a0<\/span><strong><span lang=\"PT-BR\">Teresa Ram\u00edrez FI\u00a0<\/span><\/strong><\/p>\n<p>\u00a0<\/p>\n","protected":false},"excerpt":{"rendered":"<p>Villasunci\u00f3n para a Congrega\u00e7\u00e3o das Filhas de Jesus\u00a0 Foi nossa primeira casa de acolhida ao chegarmos a Bucaramanga para fundar o Col\u00e9gio \u201cReina de la Paz\u201d. A\u00ed ficaram hospedadas nossas irm\u00e3s Ver\u00f3nica Tejedor e Concepci\u00f3n Garc\u00eda Nieves acolhidas pelas irm\u00e3s Escravas de Cristo Rei, Religiosas que cuidaram da casa e nela permaneceram at\u00e9 o ano [&hellip;]<\/p>\n","protected":false},"author":28,"featured_media":14192,"comment_status":"closed","ping_status":"closed","sticky":false,"template":"","format":"standard","meta":{"_et_pb_use_builder":"","_et_pb_old_content":"","_et_gb_content_width":"","footnotes":"","_links_to":"","_links_to_target":""},"categories":[483,509,529,469],"tags":[],"class_list":["post-28855","post","type-post","status-publish","format-standard","has-post-thumbnail","hentry","category-america-andina-pt-br","category-colombia-pt-br","category-hijas-de-jesus-pt-br","category-noticias-pt-br"],"yoast_head":"<!-- This site is optimized with the Yoast SEO plugin v27.4 - https:\/\/yoast.com\/product\/yoast-seo-wordpress\/ -->\n<title>65 anos de Villasunci\u00f3n o Bucaramanga (II) - Hijas de Jes\u00fas<\/title>\n<meta name=\"robots\" content=\"index, follow, max-snippet:-1, max-image-preview:large, max-video-preview:-1\" \/>\n<link rel=\"canonical\" href=\"https:\/\/hijasdejesus.org\/pt-br\/65-anos-de-villasuncion-o-bucaramanga-ii\/\" \/>\n<meta property=\"og:locale\" content=\"pt_BR\" \/>\n<meta property=\"og:type\" content=\"article\" \/>\n<meta property=\"og:title\" content=\"65 anos de Villasunci\u00f3n o Bucaramanga (II) - Hijas de Jes\u00fas\" \/>\n<meta property=\"og:description\" content=\"Villasunci\u00f3n para a Congrega\u00e7\u00e3o das Filhas de Jesus\u00a0 Foi nossa primeira casa de acolhida ao chegarmos a Bucaramanga para fundar o Col\u00e9gio \u201cReina de la Paz\u201d. A\u00ed ficaram hospedadas nossas irm\u00e3s Ver\u00f3nica Tejedor e Concepci\u00f3n Garc\u00eda Nieves acolhidas pelas irm\u00e3s Escravas de Cristo Rei, Religiosas que cuidaram da casa e nela permaneceram at\u00e9 o ano [&hellip;]\" \/>\n<meta property=\"og:url\" content=\"https:\/\/hijasdejesus.org\/pt-br\/65-anos-de-villasuncion-o-bucaramanga-ii\/\" \/>\n<meta property=\"og:site_name\" content=\"Hijas de Jes\u00fas\" \/>\n<meta property=\"article:publisher\" content=\"https:\/\/www.facebook.com\/hijasdejesusenelmundo\/\" \/>\n<meta property=\"article:published_time\" content=\"2018-08-27T11:26:46+00:00\" \/>\n<meta property=\"article:modified_time\" content=\"2018-09-21T15:34:15+00:00\" \/>\n<meta property=\"og:image\" content=\"https:\/\/hijasdejesus.org\/wp-content\/uploads\/2018\/09\/Villasuncin-2.jpg\" \/>\n\t<meta property=\"og:image:width\" content=\"1\" \/>\n\t<meta property=\"og:image:height\" content=\"1\" \/>\n\t<meta property=\"og:image:type\" content=\"image\/jpeg\" \/>\n<meta name=\"author\" content=\"Webmaster\" \/>\n<meta name=\"twitter:card\" content=\"summary_large_image\" \/>\n<meta name=\"twitter:creator\" content=\"@hijasdjesus\" \/>\n<meta name=\"twitter:site\" content=\"@hijasdjesus\" \/>\n<meta name=\"twitter:label1\" content=\"Escrito por\" \/>\n\t<meta name=\"twitter:data1\" content=\"Webmaster\" \/>\n\t<meta name=\"twitter:label2\" content=\"Est. tempo de leitura\" \/>\n\t<meta name=\"twitter:data2\" content=\"2 minutos\" \/>\n<script type=\"application\/ld+json\" class=\"yoast-schema-graph\">{\"@context\":\"https:\\\/\\\/schema.org\",\"@graph\":[{\"@type\":\"Article\",\"@id\":\"https:\\\/\\\/hijasdejesus.org\\\/pt-br\\\/65-anos-de-villasuncion-o-bucaramanga-ii\\\/#article\",\"isPartOf\":{\"@id\":\"https:\\\/\\\/hijasdejesus.org\\\/pt-br\\\/65-anos-de-villasuncion-o-bucaramanga-ii\\\/\"},\"author\":{\"name\":\"Webmaster\",\"@id\":\"https:\\\/\\\/hijasdejesus.org\\\/pt-br\\\/#\\\/schema\\\/person\\\/ce4455965da733f2791f23b6ec14e9b6\"},\"headline\":\"65 anos de Villasunci\u00f3n o Bucaramanga (II)\",\"datePublished\":\"2018-08-27T11:26:46+00:00\",\"dateModified\":\"2018-09-21T15:34:15+00:00\",\"mainEntityOfPage\":{\"@id\":\"https:\\\/\\\/hijasdejesus.org\\\/pt-br\\\/65-anos-de-villasuncion-o-bucaramanga-ii\\\/\"},\"wordCount\":412,\"publisher\":{\"@id\":\"https:\\\/\\\/hijasdejesus.org\\\/pt-br\\\/#organization\"},\"image\":{\"@id\":\"https:\\\/\\\/hijasdejesus.org\\\/pt-br\\\/65-anos-de-villasuncion-o-bucaramanga-ii\\\/#primaryimage\"},\"thumbnailUrl\":\"https:\\\/\\\/hijasdejesus.org\\\/wp-content\\\/uploads\\\/2018\\\/09\\\/Villasuncin-2.jpg\",\"articleSection\":[\"Am\u00e9rica Andina\",\"Col\u00f4mbia\",\"Hijas de Jes\u00fas\",\"Not\u00edcias\"],\"inLanguage\":\"pt-BR\"},{\"@type\":\"WebPage\",\"@id\":\"https:\\\/\\\/hijasdejesus.org\\\/pt-br\\\/65-anos-de-villasuncion-o-bucaramanga-ii\\\/\",\"url\":\"https:\\\/\\\/hijasdejesus.org\\\/pt-br\\\/65-anos-de-villasuncion-o-bucaramanga-ii\\\/\",\"name\":\"65 anos de Villasunci\u00f3n o Bucaramanga (II) - Hijas de Jes\u00fas\",\"isPartOf\":{\"@id\":\"https:\\\/\\\/hijasdejesus.org\\\/pt-br\\\/#website\"},\"primaryImageOfPage\":{\"@id\":\"https:\\\/\\\/hijasdejesus.org\\\/pt-br\\\/65-anos-de-villasuncion-o-bucaramanga-ii\\\/#primaryimage\"},\"image\":{\"@id\":\"https:\\\/\\\/hijasdejesus.org\\\/pt-br\\\/65-anos-de-villasuncion-o-bucaramanga-ii\\\/#primaryimage\"},\"thumbnailUrl\":\"https:\\\/\\\/hijasdejesus.org\\\/wp-content\\\/uploads\\\/2018\\\/09\\\/Villasuncin-2.jpg\",\"datePublished\":\"2018-08-27T11:26:46+00:00\",\"dateModified\":\"2018-09-21T15:34:15+00:00\",\"breadcrumb\":{\"@id\":\"https:\\\/\\\/hijasdejesus.org\\\/pt-br\\\/65-anos-de-villasuncion-o-bucaramanga-ii\\\/#breadcrumb\"},\"inLanguage\":\"pt-BR\",\"potentialAction\":[{\"@type\":\"ReadAction\",\"target\":[\"https:\\\/\\\/hijasdejesus.org\\\/pt-br\\\/65-anos-de-villasuncion-o-bucaramanga-ii\\\/\"]}]},{\"@type\":\"ImageObject\",\"inLanguage\":\"pt-BR\",\"@id\":\"https:\\\/\\\/hijasdejesus.org\\\/pt-br\\\/65-anos-de-villasuncion-o-bucaramanga-ii\\\/#primaryimage\",\"url\":\"https:\\\/\\\/hijasdejesus.org\\\/wp-content\\\/uploads\\\/2018\\\/09\\\/Villasuncin-2.jpg\",\"contentUrl\":\"https:\\\/\\\/hijasdejesus.org\\\/wp-content\\\/uploads\\\/2018\\\/09\\\/Villasuncin-2.jpg\"},{\"@type\":\"BreadcrumbList\",\"@id\":\"https:\\\/\\\/hijasdejesus.org\\\/pt-br\\\/65-anos-de-villasuncion-o-bucaramanga-ii\\\/#breadcrumb\",\"itemListElement\":[{\"@type\":\"ListItem\",\"position\":1,\"name\":\"Portada\",\"item\":\"https:\\\/\\\/hijasdejesus.org\\\/pt-br\\\/\"},{\"@type\":\"ListItem\",\"position\":2,\"name\":\"65 anos de Villasunci\u00f3n o Bucaramanga (II)\"}]},{\"@type\":\"WebSite\",\"@id\":\"https:\\\/\\\/hijasdejesus.org\\\/pt-br\\\/#website\",\"url\":\"https:\\\/\\\/hijasdejesus.org\\\/pt-br\\\/\",\"name\":\"Hijas de Jes\u00fas\",\"description\":\"Despertamos a Jes\u00fas en el coraz\u00f3n, sacando lo mejor de las personas. Somos una congregaci\u00f3n religiosa ignaciana fundada por la Madre Candida\",\"publisher\":{\"@id\":\"https:\\\/\\\/hijasdejesus.org\\\/pt-br\\\/#organization\"},\"potentialAction\":[{\"@type\":\"SearchAction\",\"target\":{\"@type\":\"EntryPoint\",\"urlTemplate\":\"https:\\\/\\\/hijasdejesus.org\\\/pt-br\\\/?s={search_term_string}\"},\"query-input\":{\"@type\":\"PropertyValueSpecification\",\"valueRequired\":true,\"valueName\":\"search_term_string\"}}],\"inLanguage\":\"pt-BR\"},{\"@type\":\"Organization\",\"@id\":\"https:\\\/\\\/hijasdejesus.org\\\/pt-br\\\/#organization\",\"name\":\"Hijas de Jes\u00fas\",\"url\":\"https:\\\/\\\/hijasdejesus.org\\\/pt-br\\\/\",\"logo\":{\"@type\":\"ImageObject\",\"inLanguage\":\"pt-BR\",\"@id\":\"https:\\\/\\\/hijasdejesus.org\\\/pt-br\\\/#\\\/schema\\\/logo\\\/image\\\/\",\"url\":\"https:\\\/\\\/hijasdejesus.org\\\/wp-content\\\/uploads\\\/2023\\\/01\\\/Hijas-de-Jesus_hor-A7C957.png\",\"contentUrl\":\"https:\\\/\\\/hijasdejesus.org\\\/wp-content\\\/uploads\\\/2023\\\/01\\\/Hijas-de-Jesus_hor-A7C957.png\",\"width\":700,\"height\":360,\"caption\":\"Hijas de Jes\u00fas\"},\"image\":{\"@id\":\"https:\\\/\\\/hijasdejesus.org\\\/pt-br\\\/#\\\/schema\\\/logo\\\/image\\\/\"},\"sameAs\":[\"https:\\\/\\\/www.facebook.com\\\/hijasdejesusenelmundo\\\/\",\"https:\\\/\\\/x.com\\\/hijasdjesus\"]},{\"@type\":\"Person\",\"@id\":\"https:\\\/\\\/hijasdejesus.org\\\/pt-br\\\/#\\\/schema\\\/person\\\/ce4455965da733f2791f23b6ec14e9b6\",\"name\":\"Webmaster\",\"image\":{\"@type\":\"ImageObject\",\"inLanguage\":\"pt-BR\",\"@id\":\"https:\\\/\\\/secure.gravatar.com\\\/avatar\\\/cfd0acaac86c3981d541d2e99a0ffb7b6d33a5ac8989a62f5518b9e0f7ee128a?s=96&d=mm&r=g\",\"url\":\"https:\\\/\\\/secure.gravatar.com\\\/avatar\\\/cfd0acaac86c3981d541d2e99a0ffb7b6d33a5ac8989a62f5518b9e0f7ee128a?s=96&d=mm&r=g\",\"contentUrl\":\"https:\\\/\\\/secure.gravatar.com\\\/avatar\\\/cfd0acaac86c3981d541d2e99a0ffb7b6d33a5ac8989a62f5518b9e0f7ee128a?s=96&d=mm&r=g\",\"caption\":\"Webmaster\"},\"url\":\"https:\\\/\\\/hijasdejesus.org\\\/pt-br\\\/author\\\/webmaster\\\/\"}]}<\/script>\n<!-- \/ Yoast SEO plugin. -->","yoast_head_json":{"title":"65 anos de Villasunci\u00f3n o Bucaramanga (II) - Hijas de Jes\u00fas","robots":{"index":"index","follow":"follow","max-snippet":"max-snippet:-1","max-image-preview":"max-image-preview:large","max-video-preview":"max-video-preview:-1"},"canonical":"https:\/\/hijasdejesus.org\/pt-br\/65-anos-de-villasuncion-o-bucaramanga-ii\/","og_locale":"pt_BR","og_type":"article","og_title":"65 anos de Villasunci\u00f3n o Bucaramanga (II) - Hijas de Jes\u00fas","og_description":"Villasunci\u00f3n para a Congrega\u00e7\u00e3o das Filhas de Jesus\u00a0 Foi nossa primeira casa de acolhida ao chegarmos a Bucaramanga para fundar o Col\u00e9gio \u201cReina de la Paz\u201d. A\u00ed ficaram hospedadas nossas irm\u00e3s Ver\u00f3nica Tejedor e Concepci\u00f3n Garc\u00eda Nieves acolhidas pelas irm\u00e3s Escravas de Cristo Rei, Religiosas que cuidaram da casa e nela permaneceram at\u00e9 o ano [&hellip;]","og_url":"https:\/\/hijasdejesus.org\/pt-br\/65-anos-de-villasuncion-o-bucaramanga-ii\/","og_site_name":"Hijas de Jes\u00fas","article_publisher":"https:\/\/www.facebook.com\/hijasdejesusenelmundo\/","article_published_time":"2018-08-27T11:26:46+00:00","article_modified_time":"2018-09-21T15:34:15+00:00","og_image":[{"url":"https:\/\/hijasdejesus.org\/wp-content\/uploads\/2018\/09\/Villasuncin-2.jpg","width":1,"height":1,"type":"image\/jpeg"}],"author":"Webmaster","twitter_card":"summary_large_image","twitter_creator":"@hijasdjesus","twitter_site":"@hijasdjesus","twitter_misc":{"Escrito por":"Webmaster","Est. tempo de leitura":"2 minutos"},"schema":{"@context":"https:\/\/schema.org","@graph":[{"@type":"Article","@id":"https:\/\/hijasdejesus.org\/pt-br\/65-anos-de-villasuncion-o-bucaramanga-ii\/#article","isPartOf":{"@id":"https:\/\/hijasdejesus.org\/pt-br\/65-anos-de-villasuncion-o-bucaramanga-ii\/"},"author":{"name":"Webmaster","@id":"https:\/\/hijasdejesus.org\/pt-br\/#\/schema\/person\/ce4455965da733f2791f23b6ec14e9b6"},"headline":"65 anos de Villasunci\u00f3n o Bucaramanga (II)","datePublished":"2018-08-27T11:26:46+00:00","dateModified":"2018-09-21T15:34:15+00:00","mainEntityOfPage":{"@id":"https:\/\/hijasdejesus.org\/pt-br\/65-anos-de-villasuncion-o-bucaramanga-ii\/"},"wordCount":412,"publisher":{"@id":"https:\/\/hijasdejesus.org\/pt-br\/#organization"},"image":{"@id":"https:\/\/hijasdejesus.org\/pt-br\/65-anos-de-villasuncion-o-bucaramanga-ii\/#primaryimage"},"thumbnailUrl":"https:\/\/hijasdejesus.org\/wp-content\/uploads\/2018\/09\/Villasuncin-2.jpg","articleSection":["Am\u00e9rica Andina","Col\u00f4mbia","Hijas de Jes\u00fas","Not\u00edcias"],"inLanguage":"pt-BR"},{"@type":"WebPage","@id":"https:\/\/hijasdejesus.org\/pt-br\/65-anos-de-villasuncion-o-bucaramanga-ii\/","url":"https:\/\/hijasdejesus.org\/pt-br\/65-anos-de-villasuncion-o-bucaramanga-ii\/","name":"65 anos de Villasunci\u00f3n o Bucaramanga (II) - Hijas de Jes\u00fas","isPartOf":{"@id":"https:\/\/hijasdejesus.org\/pt-br\/#website"},"primaryImageOfPage":{"@id":"https:\/\/hijasdejesus.org\/pt-br\/65-anos-de-villasuncion-o-bucaramanga-ii\/#primaryimage"},"image":{"@id":"https:\/\/hijasdejesus.org\/pt-br\/65-anos-de-villasuncion-o-bucaramanga-ii\/#primaryimage"},"thumbnailUrl":"https:\/\/hijasdejesus.org\/wp-content\/uploads\/2018\/09\/Villasuncin-2.jpg","datePublished":"2018-08-27T11:26:46+00:00","dateModified":"2018-09-21T15:34:15+00:00","breadcrumb":{"@id":"https:\/\/hijasdejesus.org\/pt-br\/65-anos-de-villasuncion-o-bucaramanga-ii\/#breadcrumb"},"inLanguage":"pt-BR","potentialAction":[{"@type":"ReadAction","target":["https:\/\/hijasdejesus.org\/pt-br\/65-anos-de-villasuncion-o-bucaramanga-ii\/"]}]},{"@type":"ImageObject","inLanguage":"pt-BR","@id":"https:\/\/hijasdejesus.org\/pt-br\/65-anos-de-villasuncion-o-bucaramanga-ii\/#primaryimage","url":"https:\/\/hijasdejesus.org\/wp-content\/uploads\/2018\/09\/Villasuncin-2.jpg","contentUrl":"https:\/\/hijasdejesus.org\/wp-content\/uploads\/2018\/09\/Villasuncin-2.jpg"},{"@type":"BreadcrumbList","@id":"https:\/\/hijasdejesus.org\/pt-br\/65-anos-de-villasuncion-o-bucaramanga-ii\/#breadcrumb","itemListElement":[{"@type":"ListItem","position":1,"name":"Portada","item":"https:\/\/hijasdejesus.org\/pt-br\/"},{"@type":"ListItem","position":2,"name":"65 anos de Villasunci\u00f3n o Bucaramanga (II)"}]},{"@type":"WebSite","@id":"https:\/\/hijasdejesus.org\/pt-br\/#website","url":"https:\/\/hijasdejesus.org\/pt-br\/","name":"Hijas de Jes\u00fas","description":"Despertamos a Jes\u00fas en el coraz\u00f3n, sacando lo mejor de las personas. Somos una congregaci\u00f3n religiosa ignaciana fundada por la Madre Candida","publisher":{"@id":"https:\/\/hijasdejesus.org\/pt-br\/#organization"},"potentialAction":[{"@type":"SearchAction","target":{"@type":"EntryPoint","urlTemplate":"https:\/\/hijasdejesus.org\/pt-br\/?s={search_term_string}"},"query-input":{"@type":"PropertyValueSpecification","valueRequired":true,"valueName":"search_term_string"}}],"inLanguage":"pt-BR"},{"@type":"Organization","@id":"https:\/\/hijasdejesus.org\/pt-br\/#organization","name":"Hijas de Jes\u00fas","url":"https:\/\/hijasdejesus.org\/pt-br\/","logo":{"@type":"ImageObject","inLanguage":"pt-BR","@id":"https:\/\/hijasdejesus.org\/pt-br\/#\/schema\/logo\/image\/","url":"https:\/\/hijasdejesus.org\/wp-content\/uploads\/2023\/01\/Hijas-de-Jesus_hor-A7C957.png","contentUrl":"https:\/\/hijasdejesus.org\/wp-content\/uploads\/2023\/01\/Hijas-de-Jesus_hor-A7C957.png","width":700,"height":360,"caption":"Hijas de Jes\u00fas"},"image":{"@id":"https:\/\/hijasdejesus.org\/pt-br\/#\/schema\/logo\/image\/"},"sameAs":["https:\/\/www.facebook.com\/hijasdejesusenelmundo\/","https:\/\/x.com\/hijasdjesus"]},{"@type":"Person","@id":"https:\/\/hijasdejesus.org\/pt-br\/#\/schema\/person\/ce4455965da733f2791f23b6ec14e9b6","name":"Webmaster","image":{"@type":"ImageObject","inLanguage":"pt-BR","@id":"https:\/\/secure.gravatar.com\/avatar\/cfd0acaac86c3981d541d2e99a0ffb7b6d33a5ac8989a62f5518b9e0f7ee128a?s=96&d=mm&r=g","url":"https:\/\/secure.gravatar.com\/avatar\/cfd0acaac86c3981d541d2e99a0ffb7b6d33a5ac8989a62f5518b9e0f7ee128a?s=96&d=mm&r=g","contentUrl":"https:\/\/secure.gravatar.com\/avatar\/cfd0acaac86c3981d541d2e99a0ffb7b6d33a5ac8989a62f5518b9e0f7ee128a?s=96&d=mm&r=g","caption":"Webmaster"},"url":"https:\/\/hijasdejesus.org\/pt-br\/author\/webmaster\/"}]}},"_links":{"self":[{"href":"https:\/\/hijasdejesus.org\/pt-br\/wp-json\/wp\/v2\/posts\/28855","targetHints":{"allow":["GET"]}}],"collection":[{"href":"https:\/\/hijasdejesus.org\/pt-br\/wp-json\/wp\/v2\/posts"}],"about":[{"href":"https:\/\/hijasdejesus.org\/pt-br\/wp-json\/wp\/v2\/types\/post"}],"author":[{"embeddable":true,"href":"https:\/\/hijasdejesus.org\/pt-br\/wp-json\/wp\/v2\/users\/28"}],"replies":[{"embeddable":true,"href":"https:\/\/hijasdejesus.org\/pt-br\/wp-json\/wp\/v2\/comments?post=28855"}],"version-history":[{"count":0,"href":"https:\/\/hijasdejesus.org\/pt-br\/wp-json\/wp\/v2\/posts\/28855\/revisions"}],"wp:featuredmedia":[{"embeddable":true,"href":"https:\/\/hijasdejesus.org\/pt-br\/wp-json\/wp\/v2\/media\/14192"}],"wp:attachment":[{"href":"https:\/\/hijasdejesus.org\/pt-br\/wp-json\/wp\/v2\/media?parent=28855"}],"wp:term":[{"taxonomy":"category","embeddable":true,"href":"https:\/\/hijasdejesus.org\/pt-br\/wp-json\/wp\/v2\/categories?post=28855"},{"taxonomy":"post_tag","embeddable":true,"href":"https:\/\/hijasdejesus.org\/pt-br\/wp-json\/wp\/v2\/tags?post=28855"}],"curies":[{"name":"wp","href":"https:\/\/api.w.org\/{rel}","templated":true}]}}