{"id":28876,"date":"2018-09-27T18:12:22","date_gmt":"2018-09-27T16:12:22","guid":{"rendered":"https:\/\/nueva.hijasdejesus.org\/para-a-formulacao-de-postulados-en-colombia\/"},"modified":"2018-10-02T12:40:21","modified_gmt":"2018-10-02T10:40:21","slug":"para-a-formulacao-de-postulados-en-colombia","status":"publish","type":"post","link":"https:\/\/hijasdejesus.org\/pt-br\/para-a-formulacao-de-postulados-en-colombia\/","title":{"rendered":"Para a Formula\u00e7\u00e3o de Postulados en Colombia"},"content":{"rendered":"<p><span lang=\"PT-BR\">Vamos percorrendo um caminho significativo desde 19 de mar\u00e7o, quando nossa S. Geral nos escreveu com o \u00fanico objetivo de animar-nos a viver este tempo de prepara\u00e7\u00e3o da pr\u00f3xima C.G. XVIII, convocada por ela no dia 2 de abril. <\/span><\/p>\n<p class=\"MsoNormal\" style=\"margin-bottom: 6.0pt; text-align: justify;\"><span lang=\"PT-BR\">Durante todo este tempo tivemos nossos encontros comunit\u00e1rios, reflex\u00f5es pessoais, retiros comunit\u00e1rios \u00e0 luz do material simples e ao mesmo tempo provocativo, que est\u00e1 nos animando a adentrar-nos no processo.<\/span><\/p>\n<\/p>\n<h1>As Irm\u00e3s Filhas de Jesus de Colombia partilhan conosco sua reflex\u00e3o e caminho em dire\u00e7ao a formula\u00e7\u00e3o do Postulados para Congrega\u00e7\u00e3o Geral<\/h1>\n<p align=\"center\"><span lang=\"PT-BR\">\u201cCHAMADAS A EXPERIMENTAR DE NOVO QUE DEUS SACIA NOSSOS CORA\u00c7\u00d5ES DE FILHAS DE JESUS E NOS PLENIFICA\u2026\u201d<\/span><\/p>\n<p><span lang=\"PT-BR\">Somos chamadas cada dia a nos apaixonar por Cristo, por seu Evangelho e pela humanidade. E se necessita um chamado muito pessoal para fazer este caminho espiritual com valentia, uma decis\u00e3o constante para viv\u00ea-lo e segui-lo, e tamb\u00e9m o desejo renovado de assumir generosamente as consequ\u00eancias desta op\u00e7\u00e3o.<\/span><\/p>\n<p><span lang=\"PT-BR\">Nosso caminho nasce da experi\u00eancia vivida por C\u00e2ndida Maria de Jesus, da qual cada uma de n\u00f3s, gratuitamente, participamos por puro dom.<\/span><\/p>\n<p><span lang=\"PT-BR\">\u201cEle \u00e9 a pedra angular de nossa vida&#8230;\u201d (Atos 4,11-12); \u201cO des\u00edgnio do Pai \u00e9 fazer de Jesus o cora\u00e7\u00e3o do mundo\u201d (Ef 1,3-10); \u201cN\u00e3o ardia nosso cora\u00e7\u00e3o quando Ele falava no caminho e nos explicava as Escrituras?\u201d (Lc 24,32); \u201cPara que nele tenham vida e a tenham em abund\u00e2ncia\u201d (Jo 11,25). <\/span><\/p>\n<p align=\"center\">\u00a0<\/p>\n<p class=\"MsoNormal\" style=\"text-align: justify; margin: 0cm 2.85pt .0001pt 0cm;\"><span lang=\"PT-BR\">Retomamos na comunidade de Col\u00f4mbia, no retiro deste m\u00eas de setembro, tr\u00eas palavras chaves: <strong>encanto, desencanto e reencanto<\/strong>. N\u00e3o s\u00e3o palavras de livro, nem de dicion\u00e1rio. N\u00e3o! S\u00e3o realidades e experi\u00eancias de vida que vamos tendo por diversos fatores\u2026 e em distintos momentos de nossa exist\u00eancia, como pessoas e como Filhas de Jesus\u2026<\/span><\/p>\n<p class=\"MsoNormal\" style=\"text-align: justify; margin: 0cm 2.85pt .0001pt 0cm;\">\u00a0<\/p>\n<p style=\"padding-left: 60px;\"><em><span lang=\"PT-BR\">O <strong>encanto<\/strong>. <\/span><span lang=\"PT-BR\">Sem d\u00favida o vivenciamos particularmente no in\u00edcio de nossos processos de Filhas de Jesus. A ilus\u00e3o estava \u00e0 flor da pele&#8230; Desconhec\u00edamos muitas cosas e esper\u00e1vamos com grande confian\u00e7a em tudo\u2026 Ao come\u00e7ar novas fases em nosso caminhar tamb\u00e9m experimentamos de novo o encanto. Talvez, com maior realismo\u2026 \u00a0Recordemos estas gratas experi\u00eancias\u2026 <\/span><\/em><\/p>\n<p style=\"padding-left: 60px;\"><em><span lang=\"PT-BR\">O <strong>desencanto<\/strong>. <\/span><span lang=\"PT-BR\">Tamb\u00e9m o palpamos\u2026 e, em alguns momentos, com maior for\u00e7a do que em outros. H\u00e1 experi\u00eancias que nos convidam a superar este desencanto\u2026 Hoje, por exemplo, a diminui\u00e7\u00e3o de for\u00e7as, redu\u00e7\u00e3o de n\u00famero de pessoas, falta de voca\u00e7\u00f5es, crise sacerdotal, a problem\u00e1tica que estamos vivendo como Igreja institui\u00e7\u00e3o. Pessoas leigas dirigem palavras fortes \u00e0s consagradas para n\u00e3o nos deixarmos invadir pelo desencanto. <\/span><\/em><\/p>\n<p style=\"padding-left: 60px;\">\u00a0<\/p>\n<p style=\"padding-left: 60px;\"><em><span lang=\"PT-BR\">Vivendo a vida religiosa hoje, estamos para andar pelos caminhos do <strong>reencantamento<\/strong>. O convite \u00e9 claro e necessita que nossas vidas estejam intensamente apaixonadas por Cristo que \u201c\u00e9 o princ\u00edpio e fundamento da hist\u00f3ria humana, o ponto no qual convergem os desejos da hist\u00f3ria e da civiliza\u00e7\u00e3o, o centro do g\u00eanero <\/span><span lang=\"PT-BR\">humano, o gozo apaixonado de todos os cora\u00e7\u00f5es e a plenitude de todas as aspira\u00e7\u00f5es\u201d.<\/span><\/em><\/p>\n<p><span lang=\"PT-BR\">Apesar do real desencanto que podemos ter como Vida Consagrada devemos tamb\u00e9m aceitar que ela est\u00e1<strong> feita para encantar e apaixonar pela vida de f\u00e9 e vida evang\u00e9lica; que tem em si uma maravilhosa for\u00e7a prof\u00e9tica, carism\u00e1tica, de radicalidade, de humanidade e de espiritualidade. <\/strong>E nos pede se manifestar de maneira nova na pr\u00f3xima Congrega\u00e7\u00e3o Geral, com a colabora\u00e7\u00e3o de todas as irm\u00e3s, das pessoas leigas, e nossa abertura ao Esp\u00edrito de Deus.<\/span><\/p>\n<p><span lang=\"PT-BR\">Expressamos de diferentes maneiras, em todos estes encontros, <strong>que queremos viver nosso ser de Filhas com for\u00e7a renovada, fortalecer o bom ser da Congrega\u00e7\u00e3o potencializando a fam\u00edlia Carism\u00e1tica C\u00e2ndida Mar\u00eda de Jesus<\/strong> na Igreja hoje, viver nossa Filia\u00e7\u00e3o e Cristocentrismo de modo que Cristo habite plenamente em nosso cora\u00e7\u00e3o, em nossos l\u00e1bios, e n\u00f3s mesmas no cora\u00e7\u00e3o de Jesus. Que o reconhe\u00e7amos em todo rosto, especialmente no das pessoas mais d\u00e9beis hoje\u2026 e o sirvamos nos que mais necessitam\u2026 <\/span><\/p>\n<p><span lang=\"PT-BR\">o que nos foi oferecido n\u00e3o s\u00e3o conte\u00fados frios de uns roteiros e fichas de trabalho bem estruturados. Foi-nos apresentada a vida consagrada, e em concreto nosso ser de Filhas de Jesus, como uma forma de vida que nos encanta. Trata-se de devolver este encanto; de reavivar a gra\u00e7a recebida. Para isso h\u00e1 a\u00e7\u00f5es para impulsionar, iniciar ou refor\u00e7ar, e outras que teremos que deixar de fazer, debilitar ou suprimir\u2026<\/span><\/p>\n<p><span lang=\"PT-BR\">Necessitamos de uma especial habilidade para deixar-nos estimular, despertar, provocar, evocar, propor e encantar&#8230; sobretudo com um caminho espiritual marcado pelo entusiasmo do carisma da M. C\u00e2ndida em suas duas voca\u00e7\u00f5es\u2026<\/span><span lang=\"PT-BR\">\u00a0<\/span><\/p>\n<p style=\"text-align: right;\"><a name=\"_GoBack\"><\/a><strong><span lang=\"PT-BR\">Comunidade de Col\u00f4mbia<\/span><\/strong><\/p>\n<p>\u00a0<\/p>\n","protected":false},"excerpt":{"rendered":"<p>Vamos percorrendo um caminho significativo desde 19 de mar\u00e7o, quando nossa S. Geral nos escreveu com o \u00fanico objetivo de animar-nos a viver este tempo de prepara\u00e7\u00e3o da pr\u00f3xima C.G. XVIII, convocada por ela no dia 2 de abril. Durante todo este tempo tivemos nossos encontros comunit\u00e1rios, reflex\u00f5es pessoais, retiros comunit\u00e1rios \u00e0 luz do material [&hellip;]<\/p>\n","protected":false},"author":28,"featured_media":14209,"comment_status":"closed","ping_status":"closed","sticky":false,"template":"","format":"standard","meta":{"_et_pb_use_builder":"","_et_pb_old_content":"","_et_gb_content_width":"","footnotes":"","_links_to":"","_links_to_target":""},"categories":[483,509,529,469],"tags":[],"class_list":["post-28876","post","type-post","status-publish","format-standard","has-post-thumbnail","hentry","category-america-andina-pt-br","category-colombia-pt-br","category-hijas-de-jesus-pt-br","category-noticias-pt-br"],"yoast_head":"<!-- This site is optimized with the Yoast SEO plugin v27.4 - https:\/\/yoast.com\/product\/yoast-seo-wordpress\/ -->\n<title>Para a Formula\u00e7\u00e3o de Postulados en Colombia - Hijas de Jes\u00fas<\/title>\n<meta name=\"robots\" content=\"index, follow, max-snippet:-1, max-image-preview:large, max-video-preview:-1\" \/>\n<link rel=\"canonical\" href=\"https:\/\/hijasdejesus.org\/pt-br\/para-a-formulacao-de-postulados-en-colombia\/\" \/>\n<meta property=\"og:locale\" content=\"pt_BR\" \/>\n<meta property=\"og:type\" content=\"article\" \/>\n<meta property=\"og:title\" content=\"Para a Formula\u00e7\u00e3o de Postulados en Colombia - Hijas de Jes\u00fas\" \/>\n<meta property=\"og:description\" content=\"Vamos percorrendo um caminho significativo desde 19 de mar\u00e7o, quando nossa S. Geral nos escreveu com o \u00fanico objetivo de animar-nos a viver este tempo de prepara\u00e7\u00e3o da pr\u00f3xima C.G. XVIII, convocada por ela no dia 2 de abril. Durante todo este tempo tivemos nossos encontros comunit\u00e1rios, reflex\u00f5es pessoais, retiros comunit\u00e1rios \u00e0 luz do material [&hellip;]\" \/>\n<meta property=\"og:url\" content=\"https:\/\/hijasdejesus.org\/pt-br\/para-a-formulacao-de-postulados-en-colombia\/\" \/>\n<meta property=\"og:site_name\" content=\"Hijas de Jes\u00fas\" \/>\n<meta property=\"article:publisher\" content=\"https:\/\/www.facebook.com\/hijasdejesusenelmundo\/\" \/>\n<meta property=\"article:published_time\" content=\"2018-09-27T16:12:22+00:00\" \/>\n<meta property=\"article:modified_time\" content=\"2018-10-02T10:40:21+00:00\" \/>\n<meta property=\"og:image\" content=\"https:\/\/hijasdejesus.org\/wp-content\/uploads\/2018\/10\/formilacion-postlados.jpg\" \/>\n\t<meta property=\"og:image:width\" content=\"1\" \/>\n\t<meta property=\"og:image:height\" content=\"1\" \/>\n\t<meta property=\"og:image:type\" content=\"image\/jpeg\" \/>\n<meta name=\"author\" content=\"Webmaster\" \/>\n<meta name=\"twitter:card\" content=\"summary_large_image\" \/>\n<meta name=\"twitter:creator\" content=\"@hijasdjesus\" \/>\n<meta name=\"twitter:site\" content=\"@hijasdjesus\" \/>\n<meta name=\"twitter:label1\" content=\"Escrito por\" \/>\n\t<meta name=\"twitter:data1\" content=\"Webmaster\" \/>\n\t<meta name=\"twitter:label2\" content=\"Est. tempo de leitura\" \/>\n\t<meta name=\"twitter:data2\" content=\"4 minutos\" \/>\n<script type=\"application\/ld+json\" class=\"yoast-schema-graph\">{\"@context\":\"https:\\\/\\\/schema.org\",\"@graph\":[{\"@type\":\"Article\",\"@id\":\"https:\\\/\\\/hijasdejesus.org\\\/pt-br\\\/para-a-formulacao-de-postulados-en-colombia\\\/#article\",\"isPartOf\":{\"@id\":\"https:\\\/\\\/hijasdejesus.org\\\/pt-br\\\/para-a-formulacao-de-postulados-en-colombia\\\/\"},\"author\":{\"name\":\"Webmaster\",\"@id\":\"https:\\\/\\\/hijasdejesus.org\\\/pt-br\\\/#\\\/schema\\\/person\\\/ce4455965da733f2791f23b6ec14e9b6\"},\"headline\":\"Para a Formula\u00e7\u00e3o de Postulados en Colombia\",\"datePublished\":\"2018-09-27T16:12:22+00:00\",\"dateModified\":\"2018-10-02T10:40:21+00:00\",\"mainEntityOfPage\":{\"@id\":\"https:\\\/\\\/hijasdejesus.org\\\/pt-br\\\/para-a-formulacao-de-postulados-en-colombia\\\/\"},\"wordCount\":816,\"publisher\":{\"@id\":\"https:\\\/\\\/hijasdejesus.org\\\/pt-br\\\/#organization\"},\"image\":{\"@id\":\"https:\\\/\\\/hijasdejesus.org\\\/pt-br\\\/para-a-formulacao-de-postulados-en-colombia\\\/#primaryimage\"},\"thumbnailUrl\":\"https:\\\/\\\/hijasdejesus.org\\\/wp-content\\\/uploads\\\/2018\\\/10\\\/formilacion-postlados.jpg\",\"articleSection\":[\"Am\u00e9rica Andina\",\"Col\u00f4mbia\",\"Hijas de Jes\u00fas\",\"Not\u00edcias\"],\"inLanguage\":\"pt-BR\"},{\"@type\":\"WebPage\",\"@id\":\"https:\\\/\\\/hijasdejesus.org\\\/pt-br\\\/para-a-formulacao-de-postulados-en-colombia\\\/\",\"url\":\"https:\\\/\\\/hijasdejesus.org\\\/pt-br\\\/para-a-formulacao-de-postulados-en-colombia\\\/\",\"name\":\"Para a Formula\u00e7\u00e3o de Postulados en Colombia - Hijas de Jes\u00fas\",\"isPartOf\":{\"@id\":\"https:\\\/\\\/hijasdejesus.org\\\/pt-br\\\/#website\"},\"primaryImageOfPage\":{\"@id\":\"https:\\\/\\\/hijasdejesus.org\\\/pt-br\\\/para-a-formulacao-de-postulados-en-colombia\\\/#primaryimage\"},\"image\":{\"@id\":\"https:\\\/\\\/hijasdejesus.org\\\/pt-br\\\/para-a-formulacao-de-postulados-en-colombia\\\/#primaryimage\"},\"thumbnailUrl\":\"https:\\\/\\\/hijasdejesus.org\\\/wp-content\\\/uploads\\\/2018\\\/10\\\/formilacion-postlados.jpg\",\"datePublished\":\"2018-09-27T16:12:22+00:00\",\"dateModified\":\"2018-10-02T10:40:21+00:00\",\"breadcrumb\":{\"@id\":\"https:\\\/\\\/hijasdejesus.org\\\/pt-br\\\/para-a-formulacao-de-postulados-en-colombia\\\/#breadcrumb\"},\"inLanguage\":\"pt-BR\",\"potentialAction\":[{\"@type\":\"ReadAction\",\"target\":[\"https:\\\/\\\/hijasdejesus.org\\\/pt-br\\\/para-a-formulacao-de-postulados-en-colombia\\\/\"]}]},{\"@type\":\"ImageObject\",\"inLanguage\":\"pt-BR\",\"@id\":\"https:\\\/\\\/hijasdejesus.org\\\/pt-br\\\/para-a-formulacao-de-postulados-en-colombia\\\/#primaryimage\",\"url\":\"https:\\\/\\\/hijasdejesus.org\\\/wp-content\\\/uploads\\\/2018\\\/10\\\/formilacion-postlados.jpg\",\"contentUrl\":\"https:\\\/\\\/hijasdejesus.org\\\/wp-content\\\/uploads\\\/2018\\\/10\\\/formilacion-postlados.jpg\"},{\"@type\":\"BreadcrumbList\",\"@id\":\"https:\\\/\\\/hijasdejesus.org\\\/pt-br\\\/para-a-formulacao-de-postulados-en-colombia\\\/#breadcrumb\",\"itemListElement\":[{\"@type\":\"ListItem\",\"position\":1,\"name\":\"Portada\",\"item\":\"https:\\\/\\\/hijasdejesus.org\\\/pt-br\\\/\"},{\"@type\":\"ListItem\",\"position\":2,\"name\":\"Para a Formula\u00e7\u00e3o de Postulados en Colombia\"}]},{\"@type\":\"WebSite\",\"@id\":\"https:\\\/\\\/hijasdejesus.org\\\/pt-br\\\/#website\",\"url\":\"https:\\\/\\\/hijasdejesus.org\\\/pt-br\\\/\",\"name\":\"Hijas de Jes\u00fas\",\"description\":\"Despertamos a Jes\u00fas en el coraz\u00f3n, sacando lo mejor de las personas. Somos una congregaci\u00f3n religiosa ignaciana fundada por la Madre Candida\",\"publisher\":{\"@id\":\"https:\\\/\\\/hijasdejesus.org\\\/pt-br\\\/#organization\"},\"potentialAction\":[{\"@type\":\"SearchAction\",\"target\":{\"@type\":\"EntryPoint\",\"urlTemplate\":\"https:\\\/\\\/hijasdejesus.org\\\/pt-br\\\/?s={search_term_string}\"},\"query-input\":{\"@type\":\"PropertyValueSpecification\",\"valueRequired\":true,\"valueName\":\"search_term_string\"}}],\"inLanguage\":\"pt-BR\"},{\"@type\":\"Organization\",\"@id\":\"https:\\\/\\\/hijasdejesus.org\\\/pt-br\\\/#organization\",\"name\":\"Hijas de Jes\u00fas\",\"url\":\"https:\\\/\\\/hijasdejesus.org\\\/pt-br\\\/\",\"logo\":{\"@type\":\"ImageObject\",\"inLanguage\":\"pt-BR\",\"@id\":\"https:\\\/\\\/hijasdejesus.org\\\/pt-br\\\/#\\\/schema\\\/logo\\\/image\\\/\",\"url\":\"https:\\\/\\\/hijasdejesus.org\\\/wp-content\\\/uploads\\\/2023\\\/01\\\/Hijas-de-Jesus_hor-A7C957.png\",\"contentUrl\":\"https:\\\/\\\/hijasdejesus.org\\\/wp-content\\\/uploads\\\/2023\\\/01\\\/Hijas-de-Jesus_hor-A7C957.png\",\"width\":700,\"height\":360,\"caption\":\"Hijas de Jes\u00fas\"},\"image\":{\"@id\":\"https:\\\/\\\/hijasdejesus.org\\\/pt-br\\\/#\\\/schema\\\/logo\\\/image\\\/\"},\"sameAs\":[\"https:\\\/\\\/www.facebook.com\\\/hijasdejesusenelmundo\\\/\",\"https:\\\/\\\/x.com\\\/hijasdjesus\"]},{\"@type\":\"Person\",\"@id\":\"https:\\\/\\\/hijasdejesus.org\\\/pt-br\\\/#\\\/schema\\\/person\\\/ce4455965da733f2791f23b6ec14e9b6\",\"name\":\"Webmaster\",\"image\":{\"@type\":\"ImageObject\",\"inLanguage\":\"pt-BR\",\"@id\":\"https:\\\/\\\/secure.gravatar.com\\\/avatar\\\/cfd0acaac86c3981d541d2e99a0ffb7b6d33a5ac8989a62f5518b9e0f7ee128a?s=96&d=mm&r=g\",\"url\":\"https:\\\/\\\/secure.gravatar.com\\\/avatar\\\/cfd0acaac86c3981d541d2e99a0ffb7b6d33a5ac8989a62f5518b9e0f7ee128a?s=96&d=mm&r=g\",\"contentUrl\":\"https:\\\/\\\/secure.gravatar.com\\\/avatar\\\/cfd0acaac86c3981d541d2e99a0ffb7b6d33a5ac8989a62f5518b9e0f7ee128a?s=96&d=mm&r=g\",\"caption\":\"Webmaster\"},\"url\":\"https:\\\/\\\/hijasdejesus.org\\\/pt-br\\\/author\\\/webmaster\\\/\"}]}<\/script>\n<!-- \/ Yoast SEO plugin. -->","yoast_head_json":{"title":"Para a Formula\u00e7\u00e3o de Postulados en Colombia - Hijas de Jes\u00fas","robots":{"index":"index","follow":"follow","max-snippet":"max-snippet:-1","max-image-preview":"max-image-preview:large","max-video-preview":"max-video-preview:-1"},"canonical":"https:\/\/hijasdejesus.org\/pt-br\/para-a-formulacao-de-postulados-en-colombia\/","og_locale":"pt_BR","og_type":"article","og_title":"Para a Formula\u00e7\u00e3o de Postulados en Colombia - Hijas de Jes\u00fas","og_description":"Vamos percorrendo um caminho significativo desde 19 de mar\u00e7o, quando nossa S. Geral nos escreveu com o \u00fanico objetivo de animar-nos a viver este tempo de prepara\u00e7\u00e3o da pr\u00f3xima C.G. XVIII, convocada por ela no dia 2 de abril. Durante todo este tempo tivemos nossos encontros comunit\u00e1rios, reflex\u00f5es pessoais, retiros comunit\u00e1rios \u00e0 luz do material [&hellip;]","og_url":"https:\/\/hijasdejesus.org\/pt-br\/para-a-formulacao-de-postulados-en-colombia\/","og_site_name":"Hijas de Jes\u00fas","article_publisher":"https:\/\/www.facebook.com\/hijasdejesusenelmundo\/","article_published_time":"2018-09-27T16:12:22+00:00","article_modified_time":"2018-10-02T10:40:21+00:00","og_image":[{"url":"https:\/\/hijasdejesus.org\/wp-content\/uploads\/2018\/10\/formilacion-postlados.jpg","width":1,"height":1,"type":"image\/jpeg"}],"author":"Webmaster","twitter_card":"summary_large_image","twitter_creator":"@hijasdjesus","twitter_site":"@hijasdjesus","twitter_misc":{"Escrito por":"Webmaster","Est. tempo de leitura":"4 minutos"},"schema":{"@context":"https:\/\/schema.org","@graph":[{"@type":"Article","@id":"https:\/\/hijasdejesus.org\/pt-br\/para-a-formulacao-de-postulados-en-colombia\/#article","isPartOf":{"@id":"https:\/\/hijasdejesus.org\/pt-br\/para-a-formulacao-de-postulados-en-colombia\/"},"author":{"name":"Webmaster","@id":"https:\/\/hijasdejesus.org\/pt-br\/#\/schema\/person\/ce4455965da733f2791f23b6ec14e9b6"},"headline":"Para a Formula\u00e7\u00e3o de Postulados en Colombia","datePublished":"2018-09-27T16:12:22+00:00","dateModified":"2018-10-02T10:40:21+00:00","mainEntityOfPage":{"@id":"https:\/\/hijasdejesus.org\/pt-br\/para-a-formulacao-de-postulados-en-colombia\/"},"wordCount":816,"publisher":{"@id":"https:\/\/hijasdejesus.org\/pt-br\/#organization"},"image":{"@id":"https:\/\/hijasdejesus.org\/pt-br\/para-a-formulacao-de-postulados-en-colombia\/#primaryimage"},"thumbnailUrl":"https:\/\/hijasdejesus.org\/wp-content\/uploads\/2018\/10\/formilacion-postlados.jpg","articleSection":["Am\u00e9rica Andina","Col\u00f4mbia","Hijas de Jes\u00fas","Not\u00edcias"],"inLanguage":"pt-BR"},{"@type":"WebPage","@id":"https:\/\/hijasdejesus.org\/pt-br\/para-a-formulacao-de-postulados-en-colombia\/","url":"https:\/\/hijasdejesus.org\/pt-br\/para-a-formulacao-de-postulados-en-colombia\/","name":"Para a Formula\u00e7\u00e3o de Postulados en Colombia - Hijas de Jes\u00fas","isPartOf":{"@id":"https:\/\/hijasdejesus.org\/pt-br\/#website"},"primaryImageOfPage":{"@id":"https:\/\/hijasdejesus.org\/pt-br\/para-a-formulacao-de-postulados-en-colombia\/#primaryimage"},"image":{"@id":"https:\/\/hijasdejesus.org\/pt-br\/para-a-formulacao-de-postulados-en-colombia\/#primaryimage"},"thumbnailUrl":"https:\/\/hijasdejesus.org\/wp-content\/uploads\/2018\/10\/formilacion-postlados.jpg","datePublished":"2018-09-27T16:12:22+00:00","dateModified":"2018-10-02T10:40:21+00:00","breadcrumb":{"@id":"https:\/\/hijasdejesus.org\/pt-br\/para-a-formulacao-de-postulados-en-colombia\/#breadcrumb"},"inLanguage":"pt-BR","potentialAction":[{"@type":"ReadAction","target":["https:\/\/hijasdejesus.org\/pt-br\/para-a-formulacao-de-postulados-en-colombia\/"]}]},{"@type":"ImageObject","inLanguage":"pt-BR","@id":"https:\/\/hijasdejesus.org\/pt-br\/para-a-formulacao-de-postulados-en-colombia\/#primaryimage","url":"https:\/\/hijasdejesus.org\/wp-content\/uploads\/2018\/10\/formilacion-postlados.jpg","contentUrl":"https:\/\/hijasdejesus.org\/wp-content\/uploads\/2018\/10\/formilacion-postlados.jpg"},{"@type":"BreadcrumbList","@id":"https:\/\/hijasdejesus.org\/pt-br\/para-a-formulacao-de-postulados-en-colombia\/#breadcrumb","itemListElement":[{"@type":"ListItem","position":1,"name":"Portada","item":"https:\/\/hijasdejesus.org\/pt-br\/"},{"@type":"ListItem","position":2,"name":"Para a Formula\u00e7\u00e3o de Postulados en Colombia"}]},{"@type":"WebSite","@id":"https:\/\/hijasdejesus.org\/pt-br\/#website","url":"https:\/\/hijasdejesus.org\/pt-br\/","name":"Hijas de Jes\u00fas","description":"Despertamos a Jes\u00fas en el coraz\u00f3n, sacando lo mejor de las personas. Somos una congregaci\u00f3n religiosa ignaciana fundada por la Madre Candida","publisher":{"@id":"https:\/\/hijasdejesus.org\/pt-br\/#organization"},"potentialAction":[{"@type":"SearchAction","target":{"@type":"EntryPoint","urlTemplate":"https:\/\/hijasdejesus.org\/pt-br\/?s={search_term_string}"},"query-input":{"@type":"PropertyValueSpecification","valueRequired":true,"valueName":"search_term_string"}}],"inLanguage":"pt-BR"},{"@type":"Organization","@id":"https:\/\/hijasdejesus.org\/pt-br\/#organization","name":"Hijas de Jes\u00fas","url":"https:\/\/hijasdejesus.org\/pt-br\/","logo":{"@type":"ImageObject","inLanguage":"pt-BR","@id":"https:\/\/hijasdejesus.org\/pt-br\/#\/schema\/logo\/image\/","url":"https:\/\/hijasdejesus.org\/wp-content\/uploads\/2023\/01\/Hijas-de-Jesus_hor-A7C957.png","contentUrl":"https:\/\/hijasdejesus.org\/wp-content\/uploads\/2023\/01\/Hijas-de-Jesus_hor-A7C957.png","width":700,"height":360,"caption":"Hijas de Jes\u00fas"},"image":{"@id":"https:\/\/hijasdejesus.org\/pt-br\/#\/schema\/logo\/image\/"},"sameAs":["https:\/\/www.facebook.com\/hijasdejesusenelmundo\/","https:\/\/x.com\/hijasdjesus"]},{"@type":"Person","@id":"https:\/\/hijasdejesus.org\/pt-br\/#\/schema\/person\/ce4455965da733f2791f23b6ec14e9b6","name":"Webmaster","image":{"@type":"ImageObject","inLanguage":"pt-BR","@id":"https:\/\/secure.gravatar.com\/avatar\/cfd0acaac86c3981d541d2e99a0ffb7b6d33a5ac8989a62f5518b9e0f7ee128a?s=96&d=mm&r=g","url":"https:\/\/secure.gravatar.com\/avatar\/cfd0acaac86c3981d541d2e99a0ffb7b6d33a5ac8989a62f5518b9e0f7ee128a?s=96&d=mm&r=g","contentUrl":"https:\/\/secure.gravatar.com\/avatar\/cfd0acaac86c3981d541d2e99a0ffb7b6d33a5ac8989a62f5518b9e0f7ee128a?s=96&d=mm&r=g","caption":"Webmaster"},"url":"https:\/\/hijasdejesus.org\/pt-br\/author\/webmaster\/"}]}},"_links":{"self":[{"href":"https:\/\/hijasdejesus.org\/pt-br\/wp-json\/wp\/v2\/posts\/28876","targetHints":{"allow":["GET"]}}],"collection":[{"href":"https:\/\/hijasdejesus.org\/pt-br\/wp-json\/wp\/v2\/posts"}],"about":[{"href":"https:\/\/hijasdejesus.org\/pt-br\/wp-json\/wp\/v2\/types\/post"}],"author":[{"embeddable":true,"href":"https:\/\/hijasdejesus.org\/pt-br\/wp-json\/wp\/v2\/users\/28"}],"replies":[{"embeddable":true,"href":"https:\/\/hijasdejesus.org\/pt-br\/wp-json\/wp\/v2\/comments?post=28876"}],"version-history":[{"count":0,"href":"https:\/\/hijasdejesus.org\/pt-br\/wp-json\/wp\/v2\/posts\/28876\/revisions"}],"wp:featuredmedia":[{"embeddable":true,"href":"https:\/\/hijasdejesus.org\/pt-br\/wp-json\/wp\/v2\/media\/14209"}],"wp:attachment":[{"href":"https:\/\/hijasdejesus.org\/pt-br\/wp-json\/wp\/v2\/media?parent=28876"}],"wp:term":[{"taxonomy":"category","embeddable":true,"href":"https:\/\/hijasdejesus.org\/pt-br\/wp-json\/wp\/v2\/categories?post=28876"},{"taxonomy":"post_tag","embeddable":true,"href":"https:\/\/hijasdejesus.org\/pt-br\/wp-json\/wp\/v2\/tags?post=28876"}],"curies":[{"name":"wp","href":"https:\/\/api.w.org\/{rel}","templated":true}]}}