{"id":29046,"date":"2019-05-02T19:44:48","date_gmt":"2019-05-02T17:44:48","guid":{"rendered":"https:\/\/nueva.hijasdejesus.org\/conselheiras-gerais-filhas-de-jesus\/"},"modified":"2019-05-03T00:01:15","modified_gmt":"2019-05-02T22:01:15","slug":"conselheiras-gerais-filhas-de-jesus","status":"publish","type":"post","link":"https:\/\/hijasdejesus.org\/pt-br\/conselheiras-gerais-filhas-de-jesus\/","title":{"rendered":"Conselheiras Gerais Filhas de Jesus"},"content":{"rendered":"<p dir=\"ltr\" style=\"line-height: 1.2; margin-top: 14pt; margin-bottom: 14pt; text-align: center; background-color: #ffffff;\">\n<p dir=\"ltr\" style=\"line-height: 1.3800000000000001; margin-top: 14pt; margin-bottom: 14pt; text-align: justify; background-color: #ffffff;\">\u00a0<\/p>\n<p dir=\"ltr\">Com alegria, \u00a0comunicamos-lhes que as quatro irm\u00e3s que a Congrega\u00e7\u00e3o Geral XVIII enviou junto \u00e0 Superiora Geral, para partilhar o trabalho e a \u00a0responsabilidade de governar todo o corpo da Congrega\u00e7\u00e3o, de maneira que se conserve e aumente em seu bom ser e proceder, s\u00e3o:<\/p>\n<p dir=\"ltr\" style=\"text-align: center;\"><strong>S\u00f4nia Regina Rosa<\/strong><\/p>\n<p dir=\"ltr\">Pertence \u00e0 Prov\u00edncia de Brasil-Caribe. At\u00e9 este momento est\u00e1 como Delegada provincial para Escolas e Obras Educativas na regi\u00e3o do Brasil e na coordena\u00e7\u00e3o da Equipe de Gest\u00e3o Estrat\u00e9gica e Anima\u00e7\u00e3o do Carisma nas Escolas e Obras, na mesma regi\u00e3o.<\/p>\n<p dir=\"ltr\">Ao longo de sua vida congregacional teve diferentes tarefas e responsabilidades provinciais, foi superiora local, diretora de col\u00e9gios, coordenadora de Equipes de assessoria ao governo provincial. Conselheira provincial de maio de 2004 a julho de 2008; provincial da prov\u00edncia do Brasil de julho de 2008 a maio de 2011. Com a reconfigura\u00e7\u00e3o das prov\u00edncias, unificando Brasil e Caribe, passou a ser provincial da prov\u00edncia \u00a0Brasil-Caribe, de maio de 2011 a julho de 2017.<\/p>\n<p dir=\"ltr\">S\u00f4nia Regina nasceu no dia 29 de outubro de \u00a01967 em Botucatu, estado de S\u00e3o Paulo &#8211; Brasil. Entrou na Congrega\u00e7\u00e3o em Leopoldina, estado de Minas Gerais, no ano de 1991 e emitiu os votos perp\u00e9tuos no dia 02 de dezembro de 2000, em Bragan\u00e7a Paulista, estado de S\u00e3o Paulo.<\/p>\n<p dir=\"ltr\">S\u00f4nia Regina \u00e9 uma pessoa entusiasta, com sentido de humor, valente diante dos desafios, \u00e9 criativa e aberta.<\/p>\n<p dir=\"ltr\">\u00a0<img loading=\"lazy\" decoding=\"async\" class=\" size-full wp-image-9900\" style=\"display: block; margin-left: auto; margin-right: auto;\" src=\"https:\/\/hijasdejesus.org\/wp-content\/uploads\/2019\/05\/sonia-regina-scaled.jpg\" width=\"342\" height=\"456\" \/><\/p>\n<p dir=\"ltr\" style=\"text-align: center;\"><strong>Maria Teresa Pinto Terradillos<\/strong><\/p>\n<p dir=\"ltr\">Pertence \u00e0 Prov\u00edncia de Espanha-Italia. At\u00e9 este momento foi superiora da comunidade de Burgos em Espanha e Coordenadora da comiss\u00e3o Fam\u00edlia Madre C\u00e2ndida. Ao longo de sua vida congregacional foi \u00a0superiora em v\u00e1rias ocasi\u00f5es. Foi conselheira da Prov\u00edncia centro de 2001 a 2005 e mais tarde Superiora Provincial, de 2005 a 2008. Conselheira Provincial da prov\u00edncia de Espanha ap\u00f3s a unifica\u00e7\u00e3o, de 2008 a 2011 e Superiora Provincial de 2013 a 2016. Trabalhou muito em \u00a0v\u00e1rias atividades dos col\u00e9gios e da pastoral.<\/p>\n<p dir=\"ltr\">Maria Teresa nasceu no dia 11 de mar\u00e7o de 1963 em Salamanca. Entrou na Congrega\u00e7\u00e3o em Salamanca, no ano de 1981 e emitiu os votos perp\u00e9tuos em 1991 em Madrid.<\/p>\n<p dir=\"ltr\">Maria Teresa \u00e9 uma pessoa de profunda espiritualidade inaciana, amplo horizonte e vis\u00e3o de futuro, p\u00f5e muita paix\u00e3o em tudo o que faz e tem um grande sentido de \u00a0responsabilidade.<\/p>\n<p dir=\"ltr\">\u00a0<img loading=\"lazy\" decoding=\"async\" class=\" size-full wp-image-9902\" style=\"display: block; margin-left: auto; margin-right: auto;\" src=\"https:\/\/hijasdejesus.org\/wp-content\/uploads\/2019\/05\/Teresa-Pinto.jpg\" width=\"503\" height=\"335\" \/><\/p>\n<p dir=\"ltr\" style=\"text-align: center;\"><strong>Thelma Barbarona Almedilla<\/strong><\/p>\n<p dir=\"ltr\">Pertence \u00e0 Prov\u00edncia de Indico Pac\u00edfico. At\u00e9 este momento foi Superiora Provincial. Em diferentes momentos foi superiora local, tem uma longa trajet\u00f3ria de trabalhos em v\u00e1rios \u00e2mbitos nos col\u00e9gios e na pastoral em v\u00e1rios lugares: Davao, Quezon City, Para\u00f1aque, Iloilo City. Tamb\u00e9m na \u00e1rea da economia. Ao longo de sua vida congregacional teve diferentes responsabilidades provinciais: foi ec\u00f4noma provincial da Prov\u00edncia de Filipinas do ano 2001 at\u00e9 \u00a02009; Conselheira de 2010 a 2012. Quando se unificaram as prov\u00edncias foi Conselheira Provincial da prov\u00edncia \u00cdndico-Pac\u00edfico, posteriormente Superiora Provincial, of\u00edcio que desempenhou at\u00e9 o momento.<\/p>\n<p dir=\"ltr\">Thelma nasceu no dia 03 de janeiro de 1961 em Loon, Bohol, Filipinas. Entrou na Congrega\u00e7\u00e3o em Quezon City, no ano de 1987 e emitiu seus votos perp\u00e9tuos em Ceb\u00fa.<\/p>\n<p dir=\"ltr\">Thelma \u00e9 uma pessoa que se destaca pela sua grande dedica\u00e7\u00e3o a qualquer miss\u00e3o que lhe encomende, \u00e9 muito pr\u00f3xima, simples e com grande amor \u00e0 Congrega\u00e7\u00e3o.<\/p>\n<p dir=\"ltr\">\u00a0<img loading=\"lazy\" decoding=\"async\" class=\" size-full wp-image-9904\" style=\"display: block; margin-left: auto; margin-right: auto;\" src=\"https:\/\/hijasdejesus.org\/wp-content\/uploads\/2019\/05\/WhatsApp-Image-2019-05-02-at-23.12.09.jpeg\" width=\"340\" height=\"456\" \/><\/p>\n<p dir=\"ltr\" style=\"text-align: center;\"><strong>Teresa Li Liu<\/strong><\/p>\n<p dir=\"ltr\">Pertence \u00e0 Provincia de \u00c1sia Oriental. At\u00e9 este momento foi superiora local e mestra de Junioras na comunidade do juniorado de Taipei. Teve diferentes responsabilidades provinciais: conselheira vice provincial de China Taiwan de 1992 a 1999, superiora Vice Provincial de 1999 a 2005, novamente viceconsejera de 2007 a 2010, Delegada de China de 2010 a 2013, e Superiora provincial de \u00c1sia Oriental ap\u00f3s a unifica\u00e7\u00e3o de Prov\u00edncias de 2013 a 2017.<\/p>\n<p dir=\"ltr\">Teresa Li nasceu no dia 16 de mar\u00e7o de 1951 em Taiwan. Entrou na Congrega\u00e7\u00e3o em Taipei no ano de 1980 e emitiu seus votos perp\u00e9tuos em 1989 em Taipei.<\/p>\n<p dir=\"ltr\">Teresa Li \u00e9 uma pessoa com uma vis\u00e3o muito aberta da vida, prudente, alegre e criativa.<\/p>\n<p dir=\"ltr\"><img loading=\"lazy\" decoding=\"async\" class=\" size-full wp-image-14423\" style=\"display: block; margin-left: auto; margin-right: auto;\" src=\"https:\/\/hijasdejesus.org\/wp-content\/uploads\/2019\/05\/TERESA-LI.jpg\" width=\"364\" height=\"486\" \/><\/p>\n<p dir=\"ltr\">\u00a0<\/p>\n<p dir=\"ltr\" style=\"line-height: 1.38; margin-top: 14pt; margin-bottom: 14pt; background-color: #ffffff; text-align: right;\">\u00a0<strong>Equipo de Informaci\u00f3n de la CGXVIII<\/strong><\/p>\n<h3 dir=\"ltr\" style=\"line-height: 1.38; margin-top: 14pt; margin-bottom: 14pt; background-color: #ffffff; text-align: center;\"><a href=\"https:\/\/drive.google.com\/file\/d\/1msLujHEpqCyWhZBcmajQgAb3kGfIK6Gf\/view?usp=sharing\" target=\"_blank\" rel=\"noopener noreferrer\">Descarrega o PDF neste link<\/a><\/h3>\n","protected":false},"excerpt":{"rendered":"<p>\u00a0 Com alegria, \u00a0comunicamos-lhes que as quatro irm\u00e3s que a Congrega\u00e7\u00e3o Geral XVIII enviou junto \u00e0 Superiora Geral, para partilhar o trabalho e a \u00a0responsabilidade de governar todo o corpo da Congrega\u00e7\u00e3o, de maneira que se conserve e aumente em seu bom ser e proceder, s\u00e3o: S\u00f4nia Regina Rosa Pertence \u00e0 Prov\u00edncia de Brasil-Caribe. At\u00e9 [&hellip;]<\/p>\n","protected":false},"author":28,"featured_media":9898,"comment_status":"closed","ping_status":"closed","sticky":false,"template":"","format":"standard","meta":{"_et_pb_use_builder":"","_et_pb_old_content":"","_et_gb_content_width":"","footnotes":"","_links_to":"","_links_to_target":""},"categories":[527,529,469],"tags":[743],"class_list":["post-29046","post","type-post","status-publish","format-standard","has-post-thumbnail","hentry","category-governo_geral","category-hijas-de-jesus-pt-br","category-noticias-pt-br","tag-congregacao-geral"],"yoast_head":"<!-- This site is optimized with the Yoast SEO plugin v27.4 - https:\/\/yoast.com\/product\/yoast-seo-wordpress\/ -->\n<title>Conselheiras Gerais Filhas de Jesus - Hijas de Jes\u00fas<\/title>\n<meta name=\"robots\" content=\"index, follow, max-snippet:-1, max-image-preview:large, max-video-preview:-1\" \/>\n<link rel=\"canonical\" href=\"https:\/\/hijasdejesus.org\/pt-br\/conselheiras-gerais-filhas-de-jesus\/\" \/>\n<meta property=\"og:locale\" content=\"pt_BR\" \/>\n<meta property=\"og:type\" content=\"article\" \/>\n<meta property=\"og:title\" content=\"Conselheiras Gerais Filhas de Jesus - Hijas de Jes\u00fas\" \/>\n<meta property=\"og:description\" content=\"\u00a0 Com alegria, \u00a0comunicamos-lhes que as quatro irm\u00e3s que a Congrega\u00e7\u00e3o Geral XVIII enviou junto \u00e0 Superiora Geral, para partilhar o trabalho e a \u00a0responsabilidade de governar todo o corpo da Congrega\u00e7\u00e3o, de maneira que se conserve e aumente em seu bom ser e proceder, s\u00e3o: S\u00f4nia Regina Rosa Pertence \u00e0 Prov\u00edncia de Brasil-Caribe. At\u00e9 [&hellip;]\" \/>\n<meta property=\"og:url\" content=\"https:\/\/hijasdejesus.org\/pt-br\/conselheiras-gerais-filhas-de-jesus\/\" \/>\n<meta property=\"og:site_name\" content=\"Hijas de Jes\u00fas\" \/>\n<meta property=\"article:publisher\" content=\"https:\/\/www.facebook.com\/hijasdejesusenelmundo\/\" \/>\n<meta property=\"article:published_time\" content=\"2019-05-02T17:44:48+00:00\" \/>\n<meta property=\"article:modified_time\" content=\"2019-05-02T22:01:15+00:00\" \/>\n<meta property=\"og:image\" content=\"https:\/\/hijasdejesus.org\/wp-content\/uploads\/2019\/05\/WhatsApp-Image-2019-05-02-at-20.07.38.jpeg\" \/>\n\t<meta property=\"og:image:width\" content=\"1599\" \/>\n\t<meta property=\"og:image:height\" content=\"1200\" \/>\n\t<meta property=\"og:image:type\" content=\"image\/jpeg\" \/>\n<meta name=\"author\" content=\"Webmaster\" \/>\n<meta name=\"twitter:card\" content=\"summary_large_image\" \/>\n<meta name=\"twitter:creator\" content=\"@hijasdjesus\" \/>\n<meta name=\"twitter:site\" content=\"@hijasdjesus\" \/>\n<meta name=\"twitter:label1\" content=\"Escrito por\" \/>\n\t<meta name=\"twitter:data1\" content=\"Webmaster\" \/>\n\t<meta name=\"twitter:label2\" content=\"Est. tempo de leitura\" \/>\n\t<meta name=\"twitter:data2\" content=\"3 minutos\" \/>\n<script type=\"application\/ld+json\" class=\"yoast-schema-graph\">{\"@context\":\"https:\\\/\\\/schema.org\",\"@graph\":[{\"@type\":\"Article\",\"@id\":\"https:\\\/\\\/hijasdejesus.org\\\/pt-br\\\/conselheiras-gerais-filhas-de-jesus\\\/#article\",\"isPartOf\":{\"@id\":\"https:\\\/\\\/hijasdejesus.org\\\/pt-br\\\/conselheiras-gerais-filhas-de-jesus\\\/\"},\"author\":{\"name\":\"Webmaster\",\"@id\":\"https:\\\/\\\/hijasdejesus.org\\\/pt-br\\\/#\\\/schema\\\/person\\\/ce4455965da733f2791f23b6ec14e9b6\"},\"headline\":\"Conselheiras Gerais Filhas de Jesus\",\"datePublished\":\"2019-05-02T17:44:48+00:00\",\"dateModified\":\"2019-05-02T22:01:15+00:00\",\"mainEntityOfPage\":{\"@id\":\"https:\\\/\\\/hijasdejesus.org\\\/pt-br\\\/conselheiras-gerais-filhas-de-jesus\\\/\"},\"wordCount\":678,\"publisher\":{\"@id\":\"https:\\\/\\\/hijasdejesus.org\\\/pt-br\\\/#organization\"},\"image\":{\"@id\":\"https:\\\/\\\/hijasdejesus.org\\\/pt-br\\\/conselheiras-gerais-filhas-de-jesus\\\/#primaryimage\"},\"thumbnailUrl\":\"https:\\\/\\\/hijasdejesus.org\\\/wp-content\\\/uploads\\\/2019\\\/05\\\/WhatsApp-Image-2019-05-02-at-20.07.38.jpeg\",\"keywords\":[\"Congrega\u00e7\u00e3o Geral\"],\"articleSection\":[\"Governo geral\",\"Hijas de Jes\u00fas\",\"Not\u00edcias\"],\"inLanguage\":\"pt-BR\"},{\"@type\":\"WebPage\",\"@id\":\"https:\\\/\\\/hijasdejesus.org\\\/pt-br\\\/conselheiras-gerais-filhas-de-jesus\\\/\",\"url\":\"https:\\\/\\\/hijasdejesus.org\\\/pt-br\\\/conselheiras-gerais-filhas-de-jesus\\\/\",\"name\":\"Conselheiras Gerais Filhas de Jesus - Hijas de Jes\u00fas\",\"isPartOf\":{\"@id\":\"https:\\\/\\\/hijasdejesus.org\\\/pt-br\\\/#website\"},\"primaryImageOfPage\":{\"@id\":\"https:\\\/\\\/hijasdejesus.org\\\/pt-br\\\/conselheiras-gerais-filhas-de-jesus\\\/#primaryimage\"},\"image\":{\"@id\":\"https:\\\/\\\/hijasdejesus.org\\\/pt-br\\\/conselheiras-gerais-filhas-de-jesus\\\/#primaryimage\"},\"thumbnailUrl\":\"https:\\\/\\\/hijasdejesus.org\\\/wp-content\\\/uploads\\\/2019\\\/05\\\/WhatsApp-Image-2019-05-02-at-20.07.38.jpeg\",\"datePublished\":\"2019-05-02T17:44:48+00:00\",\"dateModified\":\"2019-05-02T22:01:15+00:00\",\"breadcrumb\":{\"@id\":\"https:\\\/\\\/hijasdejesus.org\\\/pt-br\\\/conselheiras-gerais-filhas-de-jesus\\\/#breadcrumb\"},\"inLanguage\":\"pt-BR\",\"potentialAction\":[{\"@type\":\"ReadAction\",\"target\":[\"https:\\\/\\\/hijasdejesus.org\\\/pt-br\\\/conselheiras-gerais-filhas-de-jesus\\\/\"]}]},{\"@type\":\"ImageObject\",\"inLanguage\":\"pt-BR\",\"@id\":\"https:\\\/\\\/hijasdejesus.org\\\/pt-br\\\/conselheiras-gerais-filhas-de-jesus\\\/#primaryimage\",\"url\":\"https:\\\/\\\/hijasdejesus.org\\\/wp-content\\\/uploads\\\/2019\\\/05\\\/WhatsApp-Image-2019-05-02-at-20.07.38.jpeg\",\"contentUrl\":\"https:\\\/\\\/hijasdejesus.org\\\/wp-content\\\/uploads\\\/2019\\\/05\\\/WhatsApp-Image-2019-05-02-at-20.07.38.jpeg\",\"width\":1599,\"height\":1200},{\"@type\":\"BreadcrumbList\",\"@id\":\"https:\\\/\\\/hijasdejesus.org\\\/pt-br\\\/conselheiras-gerais-filhas-de-jesus\\\/#breadcrumb\",\"itemListElement\":[{\"@type\":\"ListItem\",\"position\":1,\"name\":\"Portada\",\"item\":\"https:\\\/\\\/hijasdejesus.org\\\/pt-br\\\/\"},{\"@type\":\"ListItem\",\"position\":2,\"name\":\"Conselheiras Gerais Filhas de Jesus\"}]},{\"@type\":\"WebSite\",\"@id\":\"https:\\\/\\\/hijasdejesus.org\\\/pt-br\\\/#website\",\"url\":\"https:\\\/\\\/hijasdejesus.org\\\/pt-br\\\/\",\"name\":\"Hijas de Jes\u00fas\",\"description\":\"Despertamos a Jes\u00fas en el coraz\u00f3n, sacando lo mejor de las personas. Somos una congregaci\u00f3n religiosa ignaciana fundada por la Madre Candida\",\"publisher\":{\"@id\":\"https:\\\/\\\/hijasdejesus.org\\\/pt-br\\\/#organization\"},\"potentialAction\":[{\"@type\":\"SearchAction\",\"target\":{\"@type\":\"EntryPoint\",\"urlTemplate\":\"https:\\\/\\\/hijasdejesus.org\\\/pt-br\\\/?s={search_term_string}\"},\"query-input\":{\"@type\":\"PropertyValueSpecification\",\"valueRequired\":true,\"valueName\":\"search_term_string\"}}],\"inLanguage\":\"pt-BR\"},{\"@type\":\"Organization\",\"@id\":\"https:\\\/\\\/hijasdejesus.org\\\/pt-br\\\/#organization\",\"name\":\"Hijas de Jes\u00fas\",\"url\":\"https:\\\/\\\/hijasdejesus.org\\\/pt-br\\\/\",\"logo\":{\"@type\":\"ImageObject\",\"inLanguage\":\"pt-BR\",\"@id\":\"https:\\\/\\\/hijasdejesus.org\\\/pt-br\\\/#\\\/schema\\\/logo\\\/image\\\/\",\"url\":\"https:\\\/\\\/hijasdejesus.org\\\/wp-content\\\/uploads\\\/2023\\\/01\\\/Hijas-de-Jesus_hor-A7C957.png\",\"contentUrl\":\"https:\\\/\\\/hijasdejesus.org\\\/wp-content\\\/uploads\\\/2023\\\/01\\\/Hijas-de-Jesus_hor-A7C957.png\",\"width\":700,\"height\":360,\"caption\":\"Hijas de Jes\u00fas\"},\"image\":{\"@id\":\"https:\\\/\\\/hijasdejesus.org\\\/pt-br\\\/#\\\/schema\\\/logo\\\/image\\\/\"},\"sameAs\":[\"https:\\\/\\\/www.facebook.com\\\/hijasdejesusenelmundo\\\/\",\"https:\\\/\\\/x.com\\\/hijasdjesus\"]},{\"@type\":\"Person\",\"@id\":\"https:\\\/\\\/hijasdejesus.org\\\/pt-br\\\/#\\\/schema\\\/person\\\/ce4455965da733f2791f23b6ec14e9b6\",\"name\":\"Webmaster\",\"image\":{\"@type\":\"ImageObject\",\"inLanguage\":\"pt-BR\",\"@id\":\"https:\\\/\\\/secure.gravatar.com\\\/avatar\\\/cfd0acaac86c3981d541d2e99a0ffb7b6d33a5ac8989a62f5518b9e0f7ee128a?s=96&d=mm&r=g\",\"url\":\"https:\\\/\\\/secure.gravatar.com\\\/avatar\\\/cfd0acaac86c3981d541d2e99a0ffb7b6d33a5ac8989a62f5518b9e0f7ee128a?s=96&d=mm&r=g\",\"contentUrl\":\"https:\\\/\\\/secure.gravatar.com\\\/avatar\\\/cfd0acaac86c3981d541d2e99a0ffb7b6d33a5ac8989a62f5518b9e0f7ee128a?s=96&d=mm&r=g\",\"caption\":\"Webmaster\"},\"url\":\"https:\\\/\\\/hijasdejesus.org\\\/pt-br\\\/author\\\/webmaster\\\/\"}]}<\/script>\n<!-- \/ Yoast SEO plugin. -->","yoast_head_json":{"title":"Conselheiras Gerais Filhas de Jesus - Hijas de Jes\u00fas","robots":{"index":"index","follow":"follow","max-snippet":"max-snippet:-1","max-image-preview":"max-image-preview:large","max-video-preview":"max-video-preview:-1"},"canonical":"https:\/\/hijasdejesus.org\/pt-br\/conselheiras-gerais-filhas-de-jesus\/","og_locale":"pt_BR","og_type":"article","og_title":"Conselheiras Gerais Filhas de Jesus - Hijas de Jes\u00fas","og_description":"\u00a0 Com alegria, \u00a0comunicamos-lhes que as quatro irm\u00e3s que a Congrega\u00e7\u00e3o Geral XVIII enviou junto \u00e0 Superiora Geral, para partilhar o trabalho e a \u00a0responsabilidade de governar todo o corpo da Congrega\u00e7\u00e3o, de maneira que se conserve e aumente em seu bom ser e proceder, s\u00e3o: S\u00f4nia Regina Rosa Pertence \u00e0 Prov\u00edncia de Brasil-Caribe. At\u00e9 [&hellip;]","og_url":"https:\/\/hijasdejesus.org\/pt-br\/conselheiras-gerais-filhas-de-jesus\/","og_site_name":"Hijas de Jes\u00fas","article_publisher":"https:\/\/www.facebook.com\/hijasdejesusenelmundo\/","article_published_time":"2019-05-02T17:44:48+00:00","article_modified_time":"2019-05-02T22:01:15+00:00","og_image":[{"width":1599,"height":1200,"url":"https:\/\/hijasdejesus.org\/wp-content\/uploads\/2019\/05\/WhatsApp-Image-2019-05-02-at-20.07.38.jpeg","type":"image\/jpeg"}],"author":"Webmaster","twitter_card":"summary_large_image","twitter_creator":"@hijasdjesus","twitter_site":"@hijasdjesus","twitter_misc":{"Escrito por":"Webmaster","Est. tempo de leitura":"3 minutos"},"schema":{"@context":"https:\/\/schema.org","@graph":[{"@type":"Article","@id":"https:\/\/hijasdejesus.org\/pt-br\/conselheiras-gerais-filhas-de-jesus\/#article","isPartOf":{"@id":"https:\/\/hijasdejesus.org\/pt-br\/conselheiras-gerais-filhas-de-jesus\/"},"author":{"name":"Webmaster","@id":"https:\/\/hijasdejesus.org\/pt-br\/#\/schema\/person\/ce4455965da733f2791f23b6ec14e9b6"},"headline":"Conselheiras Gerais Filhas de Jesus","datePublished":"2019-05-02T17:44:48+00:00","dateModified":"2019-05-02T22:01:15+00:00","mainEntityOfPage":{"@id":"https:\/\/hijasdejesus.org\/pt-br\/conselheiras-gerais-filhas-de-jesus\/"},"wordCount":678,"publisher":{"@id":"https:\/\/hijasdejesus.org\/pt-br\/#organization"},"image":{"@id":"https:\/\/hijasdejesus.org\/pt-br\/conselheiras-gerais-filhas-de-jesus\/#primaryimage"},"thumbnailUrl":"https:\/\/hijasdejesus.org\/wp-content\/uploads\/2019\/05\/WhatsApp-Image-2019-05-02-at-20.07.38.jpeg","keywords":["Congrega\u00e7\u00e3o Geral"],"articleSection":["Governo geral","Hijas de Jes\u00fas","Not\u00edcias"],"inLanguage":"pt-BR"},{"@type":"WebPage","@id":"https:\/\/hijasdejesus.org\/pt-br\/conselheiras-gerais-filhas-de-jesus\/","url":"https:\/\/hijasdejesus.org\/pt-br\/conselheiras-gerais-filhas-de-jesus\/","name":"Conselheiras Gerais Filhas de Jesus - Hijas de Jes\u00fas","isPartOf":{"@id":"https:\/\/hijasdejesus.org\/pt-br\/#website"},"primaryImageOfPage":{"@id":"https:\/\/hijasdejesus.org\/pt-br\/conselheiras-gerais-filhas-de-jesus\/#primaryimage"},"image":{"@id":"https:\/\/hijasdejesus.org\/pt-br\/conselheiras-gerais-filhas-de-jesus\/#primaryimage"},"thumbnailUrl":"https:\/\/hijasdejesus.org\/wp-content\/uploads\/2019\/05\/WhatsApp-Image-2019-05-02-at-20.07.38.jpeg","datePublished":"2019-05-02T17:44:48+00:00","dateModified":"2019-05-02T22:01:15+00:00","breadcrumb":{"@id":"https:\/\/hijasdejesus.org\/pt-br\/conselheiras-gerais-filhas-de-jesus\/#breadcrumb"},"inLanguage":"pt-BR","potentialAction":[{"@type":"ReadAction","target":["https:\/\/hijasdejesus.org\/pt-br\/conselheiras-gerais-filhas-de-jesus\/"]}]},{"@type":"ImageObject","inLanguage":"pt-BR","@id":"https:\/\/hijasdejesus.org\/pt-br\/conselheiras-gerais-filhas-de-jesus\/#primaryimage","url":"https:\/\/hijasdejesus.org\/wp-content\/uploads\/2019\/05\/WhatsApp-Image-2019-05-02-at-20.07.38.jpeg","contentUrl":"https:\/\/hijasdejesus.org\/wp-content\/uploads\/2019\/05\/WhatsApp-Image-2019-05-02-at-20.07.38.jpeg","width":1599,"height":1200},{"@type":"BreadcrumbList","@id":"https:\/\/hijasdejesus.org\/pt-br\/conselheiras-gerais-filhas-de-jesus\/#breadcrumb","itemListElement":[{"@type":"ListItem","position":1,"name":"Portada","item":"https:\/\/hijasdejesus.org\/pt-br\/"},{"@type":"ListItem","position":2,"name":"Conselheiras Gerais Filhas de Jesus"}]},{"@type":"WebSite","@id":"https:\/\/hijasdejesus.org\/pt-br\/#website","url":"https:\/\/hijasdejesus.org\/pt-br\/","name":"Hijas de Jes\u00fas","description":"Despertamos a Jes\u00fas en el coraz\u00f3n, sacando lo mejor de las personas. Somos una congregaci\u00f3n religiosa ignaciana fundada por la Madre Candida","publisher":{"@id":"https:\/\/hijasdejesus.org\/pt-br\/#organization"},"potentialAction":[{"@type":"SearchAction","target":{"@type":"EntryPoint","urlTemplate":"https:\/\/hijasdejesus.org\/pt-br\/?s={search_term_string}"},"query-input":{"@type":"PropertyValueSpecification","valueRequired":true,"valueName":"search_term_string"}}],"inLanguage":"pt-BR"},{"@type":"Organization","@id":"https:\/\/hijasdejesus.org\/pt-br\/#organization","name":"Hijas de Jes\u00fas","url":"https:\/\/hijasdejesus.org\/pt-br\/","logo":{"@type":"ImageObject","inLanguage":"pt-BR","@id":"https:\/\/hijasdejesus.org\/pt-br\/#\/schema\/logo\/image\/","url":"https:\/\/hijasdejesus.org\/wp-content\/uploads\/2023\/01\/Hijas-de-Jesus_hor-A7C957.png","contentUrl":"https:\/\/hijasdejesus.org\/wp-content\/uploads\/2023\/01\/Hijas-de-Jesus_hor-A7C957.png","width":700,"height":360,"caption":"Hijas de Jes\u00fas"},"image":{"@id":"https:\/\/hijasdejesus.org\/pt-br\/#\/schema\/logo\/image\/"},"sameAs":["https:\/\/www.facebook.com\/hijasdejesusenelmundo\/","https:\/\/x.com\/hijasdjesus"]},{"@type":"Person","@id":"https:\/\/hijasdejesus.org\/pt-br\/#\/schema\/person\/ce4455965da733f2791f23b6ec14e9b6","name":"Webmaster","image":{"@type":"ImageObject","inLanguage":"pt-BR","@id":"https:\/\/secure.gravatar.com\/avatar\/cfd0acaac86c3981d541d2e99a0ffb7b6d33a5ac8989a62f5518b9e0f7ee128a?s=96&d=mm&r=g","url":"https:\/\/secure.gravatar.com\/avatar\/cfd0acaac86c3981d541d2e99a0ffb7b6d33a5ac8989a62f5518b9e0f7ee128a?s=96&d=mm&r=g","contentUrl":"https:\/\/secure.gravatar.com\/avatar\/cfd0acaac86c3981d541d2e99a0ffb7b6d33a5ac8989a62f5518b9e0f7ee128a?s=96&d=mm&r=g","caption":"Webmaster"},"url":"https:\/\/hijasdejesus.org\/pt-br\/author\/webmaster\/"}]}},"_links":{"self":[{"href":"https:\/\/hijasdejesus.org\/pt-br\/wp-json\/wp\/v2\/posts\/29046","targetHints":{"allow":["GET"]}}],"collection":[{"href":"https:\/\/hijasdejesus.org\/pt-br\/wp-json\/wp\/v2\/posts"}],"about":[{"href":"https:\/\/hijasdejesus.org\/pt-br\/wp-json\/wp\/v2\/types\/post"}],"author":[{"embeddable":true,"href":"https:\/\/hijasdejesus.org\/pt-br\/wp-json\/wp\/v2\/users\/28"}],"replies":[{"embeddable":true,"href":"https:\/\/hijasdejesus.org\/pt-br\/wp-json\/wp\/v2\/comments?post=29046"}],"version-history":[{"count":0,"href":"https:\/\/hijasdejesus.org\/pt-br\/wp-json\/wp\/v2\/posts\/29046\/revisions"}],"wp:featuredmedia":[{"embeddable":true,"href":"https:\/\/hijasdejesus.org\/pt-br\/wp-json\/wp\/v2\/media\/9898"}],"wp:attachment":[{"href":"https:\/\/hijasdejesus.org\/pt-br\/wp-json\/wp\/v2\/media?parent=29046"}],"wp:term":[{"taxonomy":"category","embeddable":true,"href":"https:\/\/hijasdejesus.org\/pt-br\/wp-json\/wp\/v2\/categories?post=29046"},{"taxonomy":"post_tag","embeddable":true,"href":"https:\/\/hijasdejesus.org\/pt-br\/wp-json\/wp\/v2\/tags?post=29046"}],"curies":[{"name":"wp","href":"https:\/\/api.w.org\/{rel}","templated":true}]}}