{"id":29087,"date":"2019-05-27T21:15:15","date_gmt":"2019-05-27T19:15:15","guid":{"rendered":"https:\/\/nueva.hijasdejesus.org\/obrigado-as-filhas-de-jesus-em-bogota-pela-congregacao-geral-xviii\/"},"modified":"2019-05-30T18:34:50","modified_gmt":"2019-05-30T16:34:50","slug":"obrigado-as-filhas-de-jesus-em-bogota-pela-congregacao-geral-xviii","status":"publish","type":"post","link":"https:\/\/hijasdejesus.org\/pt-br\/obrigado-as-filhas-de-jesus-em-bogota-pela-congregacao-geral-xviii\/","title":{"rendered":"Obrigado \u00e0s Filhas de Jesus em Bogot\u00e1 pela Congrega\u00e7\u00e3o Geral XVIII"},"content":{"rendered":"<p dir=\"ltr\">\n<p dir=\"ltr\">Quase sem percebermos terminou esta XVIII experi\u00eancia congregacional para a qual todas nos preparamos com a devida anteced\u00eancia, vivendo ativamente suas diferentes fases, e acompanhando sua realiza\u00e7\u00e3o.\u00a0<img loading=\"lazy\" decoding=\"async\" style=\"display: block; margin-left: auto; margin-right: auto;\" src=\"https:\/\/lh3.googleusercontent.com\/JvvqajAsM6u2HRATTW8-cUuUs7bkJ24L4aY3dGUCUGXn0HvIQYqEzUVTMN_qTzDShWVoupgWqam-CoR0AiZj6jzTqFdCmPs0whsVKoieumOaHysb34UHDTzt_3wip_iWTkqNArGAtGTMAkd7lw\" width=\"296\" height=\"395\" \/><\/p>\n<p dir=\"ltr\">Com simplicidade oferecemos nossa colabora\u00e7\u00e3o discernida como comunidade, \u00e0 luz do material \u00a0preparado pelo governo, e depois, acompanhamos com nossa cont\u00ednua ora\u00e7\u00e3o todo o tempo de sua celebra\u00e7\u00e3o em Roma.<img loading=\"lazy\" decoding=\"async\" style=\"float: right;\" src=\"https:\/\/lh5.googleusercontent.com\/aM6nFT1UpTEiwwZac9BDfxMk7KsBJAeMUxgiKKCMacAQT4oxeFiV4Kx1aFclQefqwXs95y1t_AwuYweTTUzkV4PN3Hys4xc0V5dBbc6-D6w0kJaD_P_KqayiOz7aI8wpKCz51VQjaS3GuYxsEQ\" alt=\"https:\/\/hijasdejesus.org\/images\/noticias\/WhatsApp-Image-2019-05-02-at-20.34.33.jpeg\" width=\"533\" height=\"400\" \/><\/p>\n<p dir=\"ltr\">Maio foi um m\u00eas realmente denso e com a presen\u00e7a de Maria, por ser o m\u00eas dedicado a ela em nossa Igreja. Iniciamos, no dia primeiro, com a not\u00edcia da elei\u00e7\u00e3o da nova Superiora Geral, nossa querida Irm\u00e3 Graciela Francovig; no dia seguinte, a elei\u00e7\u00e3o do grupo de Irm\u00e3s conselheiras do governo geral, encontrando nele total representa\u00e7\u00e3o da universal congrega\u00e7\u00e3o. \u00c0 medida que passavam os dias a EQUIPE DE COMUNICA\u00c7\u00c3O nos manteve informadas sobre o que podiam comunicar, e lhe agradecemos o modo simples com o qual nos acercou, no decorrer dos dias, ao que vivenciavam em Roma.\u00a0<\/p>\n<p dir=\"ltr\">Certamente agradecemos a todas e a cada uma das Congregadas o trabalho de miss\u00e3o realizado nesse tempo pelo bem da Congrega\u00e7\u00e3o. Os momentos de trabalho, de ora\u00e7\u00e3o, de busca, como tamb\u00e9m de distens\u00e3o, que foram compartilhando. \u00a0<\/p>\n<p dir=\"ltr\">Resta-nos, agora, conhecer a Determina\u00e7\u00e3o anunciada, ir-nos adentrando nela, e continuar crescendo em nosso bom ser de Filhas de Jesus para ir e anunciar nosso bom Deus Trinit\u00e1rio desde um novo horizonte, reavivando em nossas comunidades essa experi\u00eancia no encontro cotidiano com Jesus e, com Ele, tamb\u00e9m nas irm\u00e3s e irm\u00e3os. Em uma sociedade moderna e p\u00f3s-moderna, como a que hoje vivemos, necessitada de uma nova experi\u00eancia de Deus come\u00e7ando por n\u00f3s mesmas, as Filhas de Jesus de hoje, e conscientes de que nesta complexa sociedade nosso trabalho evangelizador tem como suporte uma experi\u00eancia empobrecida de Deus, como nota o bom amigo e irm\u00e3o Jos\u00e9 Antonio Pagola em seu livro: \u201cAnunciar hoje Deus como boa not\u00edcia\u201d.<\/p>\n<p dir=\"ltr\">Contamos com a luz do Esp\u00edrito, com a presen\u00e7a de Maria nossa companheira e senhora do caminho, e o est\u00edmulo constante de nossa querida Santa C\u00e2ndida Maria de Jesus que hoje contempla do c\u00e9u este dom da Congrega\u00e7\u00e3o no tempo, que n\u00e3o se sustentar\u00e1 com os meios humanos, mas com a prote\u00e7\u00e3o e o olhar terno y carinhoso de Deus. \u00c9 Ele quem continua nos estimulando a percorrer o caminho da verdadeira Filha de Jesus at\u00e9 quando Ele quiser, pessoal e institucionalmente.<\/p>\n<p dir=\"ltr\">Novamente, tamb\u00e9m nossa gratid\u00e3o a Ma. Inez Furtado e \u00e0 sua equipe de governo. Para elas, bom retorno a seus lugares de destino como a todas as congregadas\u2026 Dispomo-nos a viver esta nova fase da CG XVIII\u2026<img loading=\"lazy\" decoding=\"async\" src=\"https:\/\/docs.google.com\/drawings\/u\/3\/d\/sHjadFxcojJRigMJW3z9eTg\/image?w=602&amp;h=72&amp;rev=1&amp;ac=1&amp;parent=13rAxBrWOBpgDncYnSFazeJpX0tZahfaDiHrxjwpHwcM\" width=\"602\" height=\"72\" \/><\/p>\n<p><span id=\"docs-internal-guid-acf81d0c-7fff-15c5-dac3-2c9747f428f6\">\u00a0<\/span><\/p>\n<p dir=\"ltr\">Irm\u00e3s na Casa de Bogot\u00e1<\/p>\n","protected":false},"excerpt":{"rendered":"<p>Quase sem percebermos terminou esta XVIII experi\u00eancia congregacional para a qual todas nos preparamos com a devida anteced\u00eancia, vivendo ativamente suas diferentes fases, e acompanhando sua realiza\u00e7\u00e3o.\u00a0 Com simplicidade oferecemos nossa colabora\u00e7\u00e3o discernida como comunidade, \u00e0 luz do material \u00a0preparado pelo governo, e depois, acompanhamos com nossa cont\u00ednua ora\u00e7\u00e3o todo o tempo de sua celebra\u00e7\u00e3o [&hellip;]<\/p>\n","protected":false},"author":28,"featured_media":0,"comment_status":"closed","ping_status":"closed","sticky":false,"template":"","format":"standard","meta":{"_et_pb_use_builder":"","_et_pb_old_content":"","_et_gb_content_width":"","footnotes":"","_links_to":"","_links_to_target":""},"categories":[483,509,529,469],"tags":[743],"class_list":["post-29087","post","type-post","status-publish","format-standard","hentry","category-america-andina-pt-br","category-colombia-pt-br","category-hijas-de-jesus-pt-br","category-noticias-pt-br","tag-congregacao-geral"],"yoast_head":"<!-- This site is optimized with the Yoast SEO plugin v27.4 - https:\/\/yoast.com\/product\/yoast-seo-wordpress\/ -->\n<title>Obrigado \u00e0s Filhas de Jesus em Bogot\u00e1 pela Congrega\u00e7\u00e3o Geral XVIII - Hijas de Jes\u00fas<\/title>\n<meta name=\"robots\" content=\"index, follow, max-snippet:-1, max-image-preview:large, max-video-preview:-1\" \/>\n<link rel=\"canonical\" href=\"https:\/\/hijasdejesus.org\/pt-br\/obrigado-as-filhas-de-jesus-em-bogota-pela-congregacao-geral-xviii\/\" \/>\n<meta property=\"og:locale\" content=\"pt_BR\" \/>\n<meta property=\"og:type\" content=\"article\" \/>\n<meta property=\"og:title\" content=\"Obrigado \u00e0s Filhas de Jesus em Bogot\u00e1 pela Congrega\u00e7\u00e3o Geral XVIII - Hijas de Jes\u00fas\" \/>\n<meta property=\"og:description\" content=\"Quase sem percebermos terminou esta XVIII experi\u00eancia congregacional para a qual todas nos preparamos com a devida anteced\u00eancia, vivendo ativamente suas diferentes fases, e acompanhando sua realiza\u00e7\u00e3o.\u00a0 Com simplicidade oferecemos nossa colabora\u00e7\u00e3o discernida como comunidade, \u00e0 luz do material \u00a0preparado pelo governo, e depois, acompanhamos com nossa cont\u00ednua ora\u00e7\u00e3o todo o tempo de sua celebra\u00e7\u00e3o [&hellip;]\" \/>\n<meta property=\"og:url\" content=\"https:\/\/hijasdejesus.org\/pt-br\/obrigado-as-filhas-de-jesus-em-bogota-pela-congregacao-geral-xviii\/\" \/>\n<meta property=\"og:site_name\" content=\"Hijas de Jes\u00fas\" \/>\n<meta property=\"article:publisher\" content=\"https:\/\/www.facebook.com\/hijasdejesusenelmundo\/\" \/>\n<meta property=\"article:published_time\" content=\"2019-05-27T19:15:15+00:00\" \/>\n<meta property=\"article:modified_time\" content=\"2019-05-30T16:34:50+00:00\" \/>\n<meta property=\"og:image\" content=\"https:\/\/lh3.googleusercontent.com\/JvvqajAsM6u2HRATTW8-cUuUs7bkJ24L4aY3dGUCUGXn0HvIQYqEzUVTMN_qTzDShWVoupgWqam-CoR0AiZj6jzTqFdCmPs0whsVKoieumOaHysb34UHDTzt_3wip_iWTkqNArGAtGTMAkd7lw\" \/>\n<meta name=\"author\" content=\"Webmaster\" \/>\n<meta name=\"twitter:card\" content=\"summary_large_image\" \/>\n<meta name=\"twitter:creator\" content=\"@hijasdjesus\" \/>\n<meta name=\"twitter:site\" content=\"@hijasdjesus\" \/>\n<meta name=\"twitter:label1\" content=\"Escrito por\" \/>\n\t<meta name=\"twitter:data1\" content=\"Webmaster\" \/>\n\t<meta name=\"twitter:label2\" content=\"Est. tempo de leitura\" \/>\n\t<meta name=\"twitter:data2\" content=\"2 minutos\" \/>\n<script type=\"application\/ld+json\" class=\"yoast-schema-graph\">{\"@context\":\"https:\\\/\\\/schema.org\",\"@graph\":[{\"@type\":\"Article\",\"@id\":\"https:\\\/\\\/hijasdejesus.org\\\/pt-br\\\/obrigado-as-filhas-de-jesus-em-bogota-pela-congregacao-geral-xviii\\\/#article\",\"isPartOf\":{\"@id\":\"https:\\\/\\\/hijasdejesus.org\\\/pt-br\\\/obrigado-as-filhas-de-jesus-em-bogota-pela-congregacao-geral-xviii\\\/\"},\"author\":{\"name\":\"Webmaster\",\"@id\":\"https:\\\/\\\/hijasdejesus.org\\\/pt-br\\\/#\\\/schema\\\/person\\\/ce4455965da733f2791f23b6ec14e9b6\"},\"headline\":\"Obrigado \u00e0s Filhas de Jesus em Bogot\u00e1 pela Congrega\u00e7\u00e3o Geral XVIII\",\"datePublished\":\"2019-05-27T19:15:15+00:00\",\"dateModified\":\"2019-05-30T16:34:50+00:00\",\"mainEntityOfPage\":{\"@id\":\"https:\\\/\\\/hijasdejesus.org\\\/pt-br\\\/obrigado-as-filhas-de-jesus-em-bogota-pela-congregacao-geral-xviii\\\/\"},\"wordCount\":485,\"publisher\":{\"@id\":\"https:\\\/\\\/hijasdejesus.org\\\/pt-br\\\/#organization\"},\"image\":{\"@id\":\"https:\\\/\\\/hijasdejesus.org\\\/pt-br\\\/obrigado-as-filhas-de-jesus-em-bogota-pela-congregacao-geral-xviii\\\/#primaryimage\"},\"thumbnailUrl\":\"https:\\\/\\\/lh3.googleusercontent.com\\\/JvvqajAsM6u2HRATTW8-cUuUs7bkJ24L4aY3dGUCUGXn0HvIQYqEzUVTMN_qTzDShWVoupgWqam-CoR0AiZj6jzTqFdCmPs0whsVKoieumOaHysb34UHDTzt_3wip_iWTkqNArGAtGTMAkd7lw\",\"keywords\":[\"Congrega\u00e7\u00e3o Geral\"],\"articleSection\":[\"Am\u00e9rica Andina\",\"Col\u00f4mbia\",\"Hijas de Jes\u00fas\",\"Not\u00edcias\"],\"inLanguage\":\"pt-BR\"},{\"@type\":\"WebPage\",\"@id\":\"https:\\\/\\\/hijasdejesus.org\\\/pt-br\\\/obrigado-as-filhas-de-jesus-em-bogota-pela-congregacao-geral-xviii\\\/\",\"url\":\"https:\\\/\\\/hijasdejesus.org\\\/pt-br\\\/obrigado-as-filhas-de-jesus-em-bogota-pela-congregacao-geral-xviii\\\/\",\"name\":\"Obrigado \u00e0s Filhas de Jesus em Bogot\u00e1 pela Congrega\u00e7\u00e3o Geral XVIII - Hijas de Jes\u00fas\",\"isPartOf\":{\"@id\":\"https:\\\/\\\/hijasdejesus.org\\\/pt-br\\\/#website\"},\"primaryImageOfPage\":{\"@id\":\"https:\\\/\\\/hijasdejesus.org\\\/pt-br\\\/obrigado-as-filhas-de-jesus-em-bogota-pela-congregacao-geral-xviii\\\/#primaryimage\"},\"image\":{\"@id\":\"https:\\\/\\\/hijasdejesus.org\\\/pt-br\\\/obrigado-as-filhas-de-jesus-em-bogota-pela-congregacao-geral-xviii\\\/#primaryimage\"},\"thumbnailUrl\":\"https:\\\/\\\/lh3.googleusercontent.com\\\/JvvqajAsM6u2HRATTW8-cUuUs7bkJ24L4aY3dGUCUGXn0HvIQYqEzUVTMN_qTzDShWVoupgWqam-CoR0AiZj6jzTqFdCmPs0whsVKoieumOaHysb34UHDTzt_3wip_iWTkqNArGAtGTMAkd7lw\",\"datePublished\":\"2019-05-27T19:15:15+00:00\",\"dateModified\":\"2019-05-30T16:34:50+00:00\",\"breadcrumb\":{\"@id\":\"https:\\\/\\\/hijasdejesus.org\\\/pt-br\\\/obrigado-as-filhas-de-jesus-em-bogota-pela-congregacao-geral-xviii\\\/#breadcrumb\"},\"inLanguage\":\"pt-BR\",\"potentialAction\":[{\"@type\":\"ReadAction\",\"target\":[\"https:\\\/\\\/hijasdejesus.org\\\/pt-br\\\/obrigado-as-filhas-de-jesus-em-bogota-pela-congregacao-geral-xviii\\\/\"]}]},{\"@type\":\"ImageObject\",\"inLanguage\":\"pt-BR\",\"@id\":\"https:\\\/\\\/hijasdejesus.org\\\/pt-br\\\/obrigado-as-filhas-de-jesus-em-bogota-pela-congregacao-geral-xviii\\\/#primaryimage\",\"url\":\"https:\\\/\\\/lh3.googleusercontent.com\\\/JvvqajAsM6u2HRATTW8-cUuUs7bkJ24L4aY3dGUCUGXn0HvIQYqEzUVTMN_qTzDShWVoupgWqam-CoR0AiZj6jzTqFdCmPs0whsVKoieumOaHysb34UHDTzt_3wip_iWTkqNArGAtGTMAkd7lw\",\"contentUrl\":\"https:\\\/\\\/lh3.googleusercontent.com\\\/JvvqajAsM6u2HRATTW8-cUuUs7bkJ24L4aY3dGUCUGXn0HvIQYqEzUVTMN_qTzDShWVoupgWqam-CoR0AiZj6jzTqFdCmPs0whsVKoieumOaHysb34UHDTzt_3wip_iWTkqNArGAtGTMAkd7lw\"},{\"@type\":\"BreadcrumbList\",\"@id\":\"https:\\\/\\\/hijasdejesus.org\\\/pt-br\\\/obrigado-as-filhas-de-jesus-em-bogota-pela-congregacao-geral-xviii\\\/#breadcrumb\",\"itemListElement\":[{\"@type\":\"ListItem\",\"position\":1,\"name\":\"Portada\",\"item\":\"https:\\\/\\\/hijasdejesus.org\\\/pt-br\\\/\"},{\"@type\":\"ListItem\",\"position\":2,\"name\":\"Obrigado \u00e0s Filhas de Jesus em Bogot\u00e1 pela Congrega\u00e7\u00e3o Geral XVIII\"}]},{\"@type\":\"WebSite\",\"@id\":\"https:\\\/\\\/hijasdejesus.org\\\/pt-br\\\/#website\",\"url\":\"https:\\\/\\\/hijasdejesus.org\\\/pt-br\\\/\",\"name\":\"Hijas de Jes\u00fas\",\"description\":\"Despertamos a Jes\u00fas en el coraz\u00f3n, sacando lo mejor de las personas. Somos una congregaci\u00f3n religiosa ignaciana fundada por la Madre Candida\",\"publisher\":{\"@id\":\"https:\\\/\\\/hijasdejesus.org\\\/pt-br\\\/#organization\"},\"potentialAction\":[{\"@type\":\"SearchAction\",\"target\":{\"@type\":\"EntryPoint\",\"urlTemplate\":\"https:\\\/\\\/hijasdejesus.org\\\/pt-br\\\/?s={search_term_string}\"},\"query-input\":{\"@type\":\"PropertyValueSpecification\",\"valueRequired\":true,\"valueName\":\"search_term_string\"}}],\"inLanguage\":\"pt-BR\"},{\"@type\":\"Organization\",\"@id\":\"https:\\\/\\\/hijasdejesus.org\\\/pt-br\\\/#organization\",\"name\":\"Hijas de Jes\u00fas\",\"url\":\"https:\\\/\\\/hijasdejesus.org\\\/pt-br\\\/\",\"logo\":{\"@type\":\"ImageObject\",\"inLanguage\":\"pt-BR\",\"@id\":\"https:\\\/\\\/hijasdejesus.org\\\/pt-br\\\/#\\\/schema\\\/logo\\\/image\\\/\",\"url\":\"https:\\\/\\\/hijasdejesus.org\\\/wp-content\\\/uploads\\\/2023\\\/01\\\/Hijas-de-Jesus_hor-A7C957.png\",\"contentUrl\":\"https:\\\/\\\/hijasdejesus.org\\\/wp-content\\\/uploads\\\/2023\\\/01\\\/Hijas-de-Jesus_hor-A7C957.png\",\"width\":700,\"height\":360,\"caption\":\"Hijas de Jes\u00fas\"},\"image\":{\"@id\":\"https:\\\/\\\/hijasdejesus.org\\\/pt-br\\\/#\\\/schema\\\/logo\\\/image\\\/\"},\"sameAs\":[\"https:\\\/\\\/www.facebook.com\\\/hijasdejesusenelmundo\\\/\",\"https:\\\/\\\/x.com\\\/hijasdjesus\"]},{\"@type\":\"Person\",\"@id\":\"https:\\\/\\\/hijasdejesus.org\\\/pt-br\\\/#\\\/schema\\\/person\\\/ce4455965da733f2791f23b6ec14e9b6\",\"name\":\"Webmaster\",\"image\":{\"@type\":\"ImageObject\",\"inLanguage\":\"pt-BR\",\"@id\":\"https:\\\/\\\/secure.gravatar.com\\\/avatar\\\/cfd0acaac86c3981d541d2e99a0ffb7b6d33a5ac8989a62f5518b9e0f7ee128a?s=96&d=mm&r=g\",\"url\":\"https:\\\/\\\/secure.gravatar.com\\\/avatar\\\/cfd0acaac86c3981d541d2e99a0ffb7b6d33a5ac8989a62f5518b9e0f7ee128a?s=96&d=mm&r=g\",\"contentUrl\":\"https:\\\/\\\/secure.gravatar.com\\\/avatar\\\/cfd0acaac86c3981d541d2e99a0ffb7b6d33a5ac8989a62f5518b9e0f7ee128a?s=96&d=mm&r=g\",\"caption\":\"Webmaster\"},\"url\":\"https:\\\/\\\/hijasdejesus.org\\\/pt-br\\\/author\\\/webmaster\\\/\"}]}<\/script>\n<!-- \/ Yoast SEO plugin. -->","yoast_head_json":{"title":"Obrigado \u00e0s Filhas de Jesus em Bogot\u00e1 pela Congrega\u00e7\u00e3o Geral XVIII - Hijas de Jes\u00fas","robots":{"index":"index","follow":"follow","max-snippet":"max-snippet:-1","max-image-preview":"max-image-preview:large","max-video-preview":"max-video-preview:-1"},"canonical":"https:\/\/hijasdejesus.org\/pt-br\/obrigado-as-filhas-de-jesus-em-bogota-pela-congregacao-geral-xviii\/","og_locale":"pt_BR","og_type":"article","og_title":"Obrigado \u00e0s Filhas de Jesus em Bogot\u00e1 pela Congrega\u00e7\u00e3o Geral XVIII - Hijas de Jes\u00fas","og_description":"Quase sem percebermos terminou esta XVIII experi\u00eancia congregacional para a qual todas nos preparamos com a devida anteced\u00eancia, vivendo ativamente suas diferentes fases, e acompanhando sua realiza\u00e7\u00e3o.\u00a0 Com simplicidade oferecemos nossa colabora\u00e7\u00e3o discernida como comunidade, \u00e0 luz do material \u00a0preparado pelo governo, e depois, acompanhamos com nossa cont\u00ednua ora\u00e7\u00e3o todo o tempo de sua celebra\u00e7\u00e3o [&hellip;]","og_url":"https:\/\/hijasdejesus.org\/pt-br\/obrigado-as-filhas-de-jesus-em-bogota-pela-congregacao-geral-xviii\/","og_site_name":"Hijas de Jes\u00fas","article_publisher":"https:\/\/www.facebook.com\/hijasdejesusenelmundo\/","article_published_time":"2019-05-27T19:15:15+00:00","article_modified_time":"2019-05-30T16:34:50+00:00","og_image":[{"url":"https:\/\/lh3.googleusercontent.com\/JvvqajAsM6u2HRATTW8-cUuUs7bkJ24L4aY3dGUCUGXn0HvIQYqEzUVTMN_qTzDShWVoupgWqam-CoR0AiZj6jzTqFdCmPs0whsVKoieumOaHysb34UHDTzt_3wip_iWTkqNArGAtGTMAkd7lw","type":"","width":"","height":""}],"author":"Webmaster","twitter_card":"summary_large_image","twitter_creator":"@hijasdjesus","twitter_site":"@hijasdjesus","twitter_misc":{"Escrito por":"Webmaster","Est. tempo de leitura":"2 minutos"},"schema":{"@context":"https:\/\/schema.org","@graph":[{"@type":"Article","@id":"https:\/\/hijasdejesus.org\/pt-br\/obrigado-as-filhas-de-jesus-em-bogota-pela-congregacao-geral-xviii\/#article","isPartOf":{"@id":"https:\/\/hijasdejesus.org\/pt-br\/obrigado-as-filhas-de-jesus-em-bogota-pela-congregacao-geral-xviii\/"},"author":{"name":"Webmaster","@id":"https:\/\/hijasdejesus.org\/pt-br\/#\/schema\/person\/ce4455965da733f2791f23b6ec14e9b6"},"headline":"Obrigado \u00e0s Filhas de Jesus em Bogot\u00e1 pela Congrega\u00e7\u00e3o Geral XVIII","datePublished":"2019-05-27T19:15:15+00:00","dateModified":"2019-05-30T16:34:50+00:00","mainEntityOfPage":{"@id":"https:\/\/hijasdejesus.org\/pt-br\/obrigado-as-filhas-de-jesus-em-bogota-pela-congregacao-geral-xviii\/"},"wordCount":485,"publisher":{"@id":"https:\/\/hijasdejesus.org\/pt-br\/#organization"},"image":{"@id":"https:\/\/hijasdejesus.org\/pt-br\/obrigado-as-filhas-de-jesus-em-bogota-pela-congregacao-geral-xviii\/#primaryimage"},"thumbnailUrl":"https:\/\/lh3.googleusercontent.com\/JvvqajAsM6u2HRATTW8-cUuUs7bkJ24L4aY3dGUCUGXn0HvIQYqEzUVTMN_qTzDShWVoupgWqam-CoR0AiZj6jzTqFdCmPs0whsVKoieumOaHysb34UHDTzt_3wip_iWTkqNArGAtGTMAkd7lw","keywords":["Congrega\u00e7\u00e3o Geral"],"articleSection":["Am\u00e9rica Andina","Col\u00f4mbia","Hijas de Jes\u00fas","Not\u00edcias"],"inLanguage":"pt-BR"},{"@type":"WebPage","@id":"https:\/\/hijasdejesus.org\/pt-br\/obrigado-as-filhas-de-jesus-em-bogota-pela-congregacao-geral-xviii\/","url":"https:\/\/hijasdejesus.org\/pt-br\/obrigado-as-filhas-de-jesus-em-bogota-pela-congregacao-geral-xviii\/","name":"Obrigado \u00e0s Filhas de Jesus em Bogot\u00e1 pela Congrega\u00e7\u00e3o Geral XVIII - Hijas de Jes\u00fas","isPartOf":{"@id":"https:\/\/hijasdejesus.org\/pt-br\/#website"},"primaryImageOfPage":{"@id":"https:\/\/hijasdejesus.org\/pt-br\/obrigado-as-filhas-de-jesus-em-bogota-pela-congregacao-geral-xviii\/#primaryimage"},"image":{"@id":"https:\/\/hijasdejesus.org\/pt-br\/obrigado-as-filhas-de-jesus-em-bogota-pela-congregacao-geral-xviii\/#primaryimage"},"thumbnailUrl":"https:\/\/lh3.googleusercontent.com\/JvvqajAsM6u2HRATTW8-cUuUs7bkJ24L4aY3dGUCUGXn0HvIQYqEzUVTMN_qTzDShWVoupgWqam-CoR0AiZj6jzTqFdCmPs0whsVKoieumOaHysb34UHDTzt_3wip_iWTkqNArGAtGTMAkd7lw","datePublished":"2019-05-27T19:15:15+00:00","dateModified":"2019-05-30T16:34:50+00:00","breadcrumb":{"@id":"https:\/\/hijasdejesus.org\/pt-br\/obrigado-as-filhas-de-jesus-em-bogota-pela-congregacao-geral-xviii\/#breadcrumb"},"inLanguage":"pt-BR","potentialAction":[{"@type":"ReadAction","target":["https:\/\/hijasdejesus.org\/pt-br\/obrigado-as-filhas-de-jesus-em-bogota-pela-congregacao-geral-xviii\/"]}]},{"@type":"ImageObject","inLanguage":"pt-BR","@id":"https:\/\/hijasdejesus.org\/pt-br\/obrigado-as-filhas-de-jesus-em-bogota-pela-congregacao-geral-xviii\/#primaryimage","url":"https:\/\/lh3.googleusercontent.com\/JvvqajAsM6u2HRATTW8-cUuUs7bkJ24L4aY3dGUCUGXn0HvIQYqEzUVTMN_qTzDShWVoupgWqam-CoR0AiZj6jzTqFdCmPs0whsVKoieumOaHysb34UHDTzt_3wip_iWTkqNArGAtGTMAkd7lw","contentUrl":"https:\/\/lh3.googleusercontent.com\/JvvqajAsM6u2HRATTW8-cUuUs7bkJ24L4aY3dGUCUGXn0HvIQYqEzUVTMN_qTzDShWVoupgWqam-CoR0AiZj6jzTqFdCmPs0whsVKoieumOaHysb34UHDTzt_3wip_iWTkqNArGAtGTMAkd7lw"},{"@type":"BreadcrumbList","@id":"https:\/\/hijasdejesus.org\/pt-br\/obrigado-as-filhas-de-jesus-em-bogota-pela-congregacao-geral-xviii\/#breadcrumb","itemListElement":[{"@type":"ListItem","position":1,"name":"Portada","item":"https:\/\/hijasdejesus.org\/pt-br\/"},{"@type":"ListItem","position":2,"name":"Obrigado \u00e0s Filhas de Jesus em Bogot\u00e1 pela Congrega\u00e7\u00e3o Geral XVIII"}]},{"@type":"WebSite","@id":"https:\/\/hijasdejesus.org\/pt-br\/#website","url":"https:\/\/hijasdejesus.org\/pt-br\/","name":"Hijas de Jes\u00fas","description":"Despertamos a Jes\u00fas en el coraz\u00f3n, sacando lo mejor de las personas. Somos una congregaci\u00f3n religiosa ignaciana fundada por la Madre Candida","publisher":{"@id":"https:\/\/hijasdejesus.org\/pt-br\/#organization"},"potentialAction":[{"@type":"SearchAction","target":{"@type":"EntryPoint","urlTemplate":"https:\/\/hijasdejesus.org\/pt-br\/?s={search_term_string}"},"query-input":{"@type":"PropertyValueSpecification","valueRequired":true,"valueName":"search_term_string"}}],"inLanguage":"pt-BR"},{"@type":"Organization","@id":"https:\/\/hijasdejesus.org\/pt-br\/#organization","name":"Hijas de Jes\u00fas","url":"https:\/\/hijasdejesus.org\/pt-br\/","logo":{"@type":"ImageObject","inLanguage":"pt-BR","@id":"https:\/\/hijasdejesus.org\/pt-br\/#\/schema\/logo\/image\/","url":"https:\/\/hijasdejesus.org\/wp-content\/uploads\/2023\/01\/Hijas-de-Jesus_hor-A7C957.png","contentUrl":"https:\/\/hijasdejesus.org\/wp-content\/uploads\/2023\/01\/Hijas-de-Jesus_hor-A7C957.png","width":700,"height":360,"caption":"Hijas de Jes\u00fas"},"image":{"@id":"https:\/\/hijasdejesus.org\/pt-br\/#\/schema\/logo\/image\/"},"sameAs":["https:\/\/www.facebook.com\/hijasdejesusenelmundo\/","https:\/\/x.com\/hijasdjesus"]},{"@type":"Person","@id":"https:\/\/hijasdejesus.org\/pt-br\/#\/schema\/person\/ce4455965da733f2791f23b6ec14e9b6","name":"Webmaster","image":{"@type":"ImageObject","inLanguage":"pt-BR","@id":"https:\/\/secure.gravatar.com\/avatar\/cfd0acaac86c3981d541d2e99a0ffb7b6d33a5ac8989a62f5518b9e0f7ee128a?s=96&d=mm&r=g","url":"https:\/\/secure.gravatar.com\/avatar\/cfd0acaac86c3981d541d2e99a0ffb7b6d33a5ac8989a62f5518b9e0f7ee128a?s=96&d=mm&r=g","contentUrl":"https:\/\/secure.gravatar.com\/avatar\/cfd0acaac86c3981d541d2e99a0ffb7b6d33a5ac8989a62f5518b9e0f7ee128a?s=96&d=mm&r=g","caption":"Webmaster"},"url":"https:\/\/hijasdejesus.org\/pt-br\/author\/webmaster\/"}]}},"_links":{"self":[{"href":"https:\/\/hijasdejesus.org\/pt-br\/wp-json\/wp\/v2\/posts\/29087","targetHints":{"allow":["GET"]}}],"collection":[{"href":"https:\/\/hijasdejesus.org\/pt-br\/wp-json\/wp\/v2\/posts"}],"about":[{"href":"https:\/\/hijasdejesus.org\/pt-br\/wp-json\/wp\/v2\/types\/post"}],"author":[{"embeddable":true,"href":"https:\/\/hijasdejesus.org\/pt-br\/wp-json\/wp\/v2\/users\/28"}],"replies":[{"embeddable":true,"href":"https:\/\/hijasdejesus.org\/pt-br\/wp-json\/wp\/v2\/comments?post=29087"}],"version-history":[{"count":0,"href":"https:\/\/hijasdejesus.org\/pt-br\/wp-json\/wp\/v2\/posts\/29087\/revisions"}],"wp:attachment":[{"href":"https:\/\/hijasdejesus.org\/pt-br\/wp-json\/wp\/v2\/media?parent=29087"}],"wp:term":[{"taxonomy":"category","embeddable":true,"href":"https:\/\/hijasdejesus.org\/pt-br\/wp-json\/wp\/v2\/categories?post=29087"},{"taxonomy":"post_tag","embeddable":true,"href":"https:\/\/hijasdejesus.org\/pt-br\/wp-json\/wp\/v2\/tags?post=29087"}],"curies":[{"name":"wp","href":"https:\/\/api.w.org\/{rel}","templated":true}]}}