{"id":29110,"date":"2019-10-09T09:53:34","date_gmt":"2019-10-09T07:53:34","guid":{"rendered":"https:\/\/nueva.hijasdejesus.org\/va-e-proclame-transmissao-da-18-congregacao-geral\/"},"modified":"2019-10-09T10:23:54","modified_gmt":"2019-10-09T08:23:54","slug":"va-e-proclame-transmissao-da-18-congregacao-geral","status":"publish","type":"post","link":"https:\/\/hijasdejesus.org\/pt-br\/va-e-proclame-transmissao-da-18-congregacao-geral\/","title":{"rendered":"&#8220;V\u00e1 e proclame&#8221;: transmiss\u00e3o da 18\u00aa Congrega\u00e7\u00e3o Geral"},"content":{"rendered":"<\/p>\n<p>O mandato de &#8220;ir e proclamar&#8221; denota urg\u00eancia, a\u00e7\u00e3o, clareza, considera\u00e7\u00e3o cuidadosa e comprometimento. Essa \u00e9 a impress\u00e3o geral de que o documento da 18\u00aa Congrega\u00e7\u00e3o Geral imprime colaboradores leigos sobre n\u00f3s. A \u00fanica determina\u00e7\u00e3o do 18\u00ba GC que \u00e9 seguir de perto Jesus Cristo, que escolheu a pobreza para si mesmo, parece ser um mandato reverberante de nossa voca\u00e7\u00e3o como crist\u00e3os batizados. \u00c9 consistente, provocador e radical. Nos deixa perguntando: \u201cFomos aut\u00eanticos em nosso discipulado crist\u00e3o? Como estamos fundamentados na pobreza de Cristo no contexto de nossa miss\u00e3o na escola. Apesar desse questionamento, a determina\u00e7\u00e3o nos leva a uma esp\u00e9cie de alegre antecipa\u00e7\u00e3o do que pode ser feito e do que pode acontecer nos pr\u00f3ximos seis anos, quando embarcamos em um compromisso renovado com a miss\u00e3o compartilhada. Embora reconhe\u00e7amos humildemente nossas lutas e limita\u00e7\u00f5es pessoais, estamos esperan\u00e7osos porque os seis apelos destacados no documento s\u00e3o: discernimento comum, prote\u00e7\u00e3o e integra\u00e7\u00e3o ecol\u00f3gica, resposta ao grito de migrantes e refugiados, compromisso com os jovens, compromisso com os jovens, abertura ao Esp\u00edrito , e a promo\u00e7\u00e3o universal da uni\u00e3o e articula\u00e7\u00e3o servem como nossos guias e fonte de dire\u00e7\u00e3o.<\/p>\n<p>Como fam\u00edlia educacional, compartilhamos as seguintes impress\u00f5es pessoais sobre os diferentes n\u00edveis de contexto em termos de nossos pap\u00e9is e responsabilidades. Reconhecemos nossa miopia e a falta de profundidade de nossa compreens\u00e3o do discernimento comum. Vemos a necessidade de entender o discernimento em n\u00edvel pessoal antes de entrar no discernimento da comunidade. Estamos refletindo sobre as perguntas: O que \u00e9 discernimento comum? Qual \u00e9 o processo Quando isso \u00e9 necess\u00e1rio? \u00c9 imperativo que estejamos no ritmo do discernimento, para que possamos determinar que nossas a\u00e7\u00f5es se alinham com a determina\u00e7\u00e3o da 18\u00aa CG nos pr\u00f3ximos seis anos. Vemos a necessidade de um discernimento comum para ver a conex\u00e3o entre nossos projetos ecol\u00f3gicos e o apostolado social com realidades variadas. Tamb\u00e9m admitimos a necessidade de autoconvers\u00e3o e um compromisso renovado de prestar aten\u00e7\u00e3o aos gritos do meio ambiente, bem como a nossos irm\u00e3os e irm\u00e3s marginalizados. Como educadores e pais, reconhecemos a sabedoria e a riqueza de ouvir jovens que podem evocar respostas mais criativas e n\u00e3o convencionais \u00e0s realidades de nossos tempos. Portanto, somos obrigados a ser mais deliberados, dando-lhes espa\u00e7os para conhecer, processar, esclarecer e aprofundar suas experi\u00eancias atrav\u00e9s da integra\u00e7\u00e3o de valores. Reconhecemos que ainda \u00e9 poss\u00edvel fazer mais para tornar os sacramentos atraentes para eles. Oramos e esperamos que continuemos sendo perceptivos e receptivos aos passos do Esp\u00edrito, assim como a mulher samaritana que recebeu a \u00c1gua Viva de Jesus, para que possamos ser renovados e gradualmente sermos testemunhas cred\u00edveis de discipular os caminhos de Jesus que escolheu a pobreza para si mesmo. . Esperamos que nossas modestas medidas em nossas \u00e1reas de responsabilidade possam criar um efeito domin\u00f3, para que mais pessoas, especialmente os jovens sob nossos cuidados, possam ver, sentir e se inspirar em nosso crescimento no estilo de Jesus, de acordo com o carisma da Igreja. Madre Fundadora Santa C\u00e2ndida Maria de Jesus.<\/p>\n","protected":false},"excerpt":{"rendered":"<p>O mandato de &#8220;ir e proclamar&#8221; denota urg\u00eancia, a\u00e7\u00e3o, clareza, considera\u00e7\u00e3o cuidadosa e comprometimento. Essa \u00e9 a impress\u00e3o geral de que o documento da 18\u00aa Congrega\u00e7\u00e3o Geral imprime colaboradores leigos sobre n\u00f3s. A \u00fanica determina\u00e7\u00e3o do 18\u00ba GC que \u00e9 seguir de perto Jesus Cristo, que escolheu a pobreza para si mesmo, parece ser um [&hellip;]<\/p>\n","protected":false},"author":28,"featured_media":10056,"comment_status":"closed","ping_status":"closed","sticky":false,"template":"","format":"standard","meta":{"_et_pb_use_builder":"","_et_pb_old_content":"","_et_gb_content_width":"","footnotes":"","_links_to":"","_links_to_target":""},"categories":[555,469],"tags":[743],"class_list":["post-29110","post","type-post","status-publish","format-standard","has-post-thumbnail","hentry","category-indico-pacifico-pt-br","category-noticias-pt-br","tag-congregacao-geral"],"yoast_head":"<!-- This site is optimized with the Yoast SEO plugin v27.5 - https:\/\/yoast.com\/product\/yoast-seo-wordpress\/ -->\n<title>&quot;V\u00e1 e proclame&quot;: transmiss\u00e3o da 18\u00aa Congrega\u00e7\u00e3o Geral - Hijas de Jes\u00fas<\/title>\n<meta name=\"robots\" content=\"index, follow, max-snippet:-1, max-image-preview:large, max-video-preview:-1\" \/>\n<link rel=\"canonical\" href=\"https:\/\/hijasdejesus.org\/pt-br\/va-e-proclame-transmissao-da-18-congregacao-geral\/\" \/>\n<meta property=\"og:locale\" content=\"pt_BR\" \/>\n<meta property=\"og:type\" content=\"article\" \/>\n<meta property=\"og:title\" content=\"&quot;V\u00e1 e proclame&quot;: transmiss\u00e3o da 18\u00aa Congrega\u00e7\u00e3o Geral - Hijas de Jes\u00fas\" \/>\n<meta property=\"og:description\" content=\"O mandato de &#8220;ir e proclamar&#8221; denota urg\u00eancia, a\u00e7\u00e3o, clareza, considera\u00e7\u00e3o cuidadosa e comprometimento. Essa \u00e9 a impress\u00e3o geral de que o documento da 18\u00aa Congrega\u00e7\u00e3o Geral imprime colaboradores leigos sobre n\u00f3s. A \u00fanica determina\u00e7\u00e3o do 18\u00ba GC que \u00e9 seguir de perto Jesus Cristo, que escolheu a pobreza para si mesmo, parece ser um [&hellip;]\" \/>\n<meta property=\"og:url\" content=\"https:\/\/hijasdejesus.org\/pt-br\/va-e-proclame-transmissao-da-18-congregacao-geral\/\" \/>\n<meta property=\"og:site_name\" content=\"Hijas de Jes\u00fas\" \/>\n<meta property=\"article:publisher\" content=\"https:\/\/www.facebook.com\/hijasdejesusenelmundo\/\" \/>\n<meta property=\"article:published_time\" content=\"2019-10-09T07:53:34+00:00\" \/>\n<meta property=\"article:modified_time\" content=\"2019-10-09T08:23:54+00:00\" \/>\n<meta property=\"og:image\" content=\"https:\/\/hijasdejesus.org\/wp-content\/uploads\/2019\/10\/1.phototrans.jpg\" \/>\n\t<meta property=\"og:image:width\" content=\"1429\" \/>\n\t<meta property=\"og:image:height\" content=\"1067\" \/>\n\t<meta property=\"og:image:type\" content=\"image\/jpeg\" \/>\n<meta name=\"author\" content=\"Webmaster\" \/>\n<meta name=\"twitter:card\" content=\"summary_large_image\" \/>\n<meta name=\"twitter:creator\" content=\"@hijasdjesus\" \/>\n<meta name=\"twitter:site\" content=\"@hijasdjesus\" \/>\n<meta name=\"twitter:label1\" content=\"Escrito por\" \/>\n\t<meta name=\"twitter:data1\" content=\"Webmaster\" \/>\n\t<meta name=\"twitter:label2\" content=\"Est. tempo de leitura\" \/>\n\t<meta name=\"twitter:data2\" content=\"3 minutos\" \/>\n<script type=\"application\/ld+json\" class=\"yoast-schema-graph\">{\"@context\":\"https:\\\/\\\/schema.org\",\"@graph\":[{\"@type\":\"Article\",\"@id\":\"https:\\\/\\\/hijasdejesus.org\\\/pt-br\\\/va-e-proclame-transmissao-da-18-congregacao-geral\\\/#article\",\"isPartOf\":{\"@id\":\"https:\\\/\\\/hijasdejesus.org\\\/pt-br\\\/va-e-proclame-transmissao-da-18-congregacao-geral\\\/\"},\"author\":{\"name\":\"Webmaster\",\"@id\":\"https:\\\/\\\/hijasdejesus.org\\\/pt-br\\\/#\\\/schema\\\/person\\\/ce4455965da733f2791f23b6ec14e9b6\"},\"headline\":\"&#8220;V\u00e1 e proclame&#8221;: transmiss\u00e3o da 18\u00aa Congrega\u00e7\u00e3o Geral\",\"datePublished\":\"2019-10-09T07:53:34+00:00\",\"dateModified\":\"2019-10-09T08:23:54+00:00\",\"mainEntityOfPage\":{\"@id\":\"https:\\\/\\\/hijasdejesus.org\\\/pt-br\\\/va-e-proclame-transmissao-da-18-congregacao-geral\\\/\"},\"wordCount\":547,\"publisher\":{\"@id\":\"https:\\\/\\\/hijasdejesus.org\\\/pt-br\\\/#organization\"},\"image\":{\"@id\":\"https:\\\/\\\/hijasdejesus.org\\\/pt-br\\\/va-e-proclame-transmissao-da-18-congregacao-geral\\\/#primaryimage\"},\"thumbnailUrl\":\"https:\\\/\\\/hijasdejesus.org\\\/wp-content\\\/uploads\\\/2019\\\/10\\\/1.phototrans.jpg\",\"keywords\":[\"Congrega\u00e7\u00e3o Geral\"],\"articleSection\":[\"\u00cdndico-Pac\u00edfico\",\"Not\u00edcias\"],\"inLanguage\":\"pt-BR\"},{\"@type\":\"WebPage\",\"@id\":\"https:\\\/\\\/hijasdejesus.org\\\/pt-br\\\/va-e-proclame-transmissao-da-18-congregacao-geral\\\/\",\"url\":\"https:\\\/\\\/hijasdejesus.org\\\/pt-br\\\/va-e-proclame-transmissao-da-18-congregacao-geral\\\/\",\"name\":\"\\\"V\u00e1 e proclame\\\": transmiss\u00e3o da 18\u00aa Congrega\u00e7\u00e3o Geral - Hijas de Jes\u00fas\",\"isPartOf\":{\"@id\":\"https:\\\/\\\/hijasdejesus.org\\\/pt-br\\\/#website\"},\"primaryImageOfPage\":{\"@id\":\"https:\\\/\\\/hijasdejesus.org\\\/pt-br\\\/va-e-proclame-transmissao-da-18-congregacao-geral\\\/#primaryimage\"},\"image\":{\"@id\":\"https:\\\/\\\/hijasdejesus.org\\\/pt-br\\\/va-e-proclame-transmissao-da-18-congregacao-geral\\\/#primaryimage\"},\"thumbnailUrl\":\"https:\\\/\\\/hijasdejesus.org\\\/wp-content\\\/uploads\\\/2019\\\/10\\\/1.phototrans.jpg\",\"datePublished\":\"2019-10-09T07:53:34+00:00\",\"dateModified\":\"2019-10-09T08:23:54+00:00\",\"breadcrumb\":{\"@id\":\"https:\\\/\\\/hijasdejesus.org\\\/pt-br\\\/va-e-proclame-transmissao-da-18-congregacao-geral\\\/#breadcrumb\"},\"inLanguage\":\"pt-BR\",\"potentialAction\":[{\"@type\":\"ReadAction\",\"target\":[\"https:\\\/\\\/hijasdejesus.org\\\/pt-br\\\/va-e-proclame-transmissao-da-18-congregacao-geral\\\/\"]}]},{\"@type\":\"ImageObject\",\"inLanguage\":\"pt-BR\",\"@id\":\"https:\\\/\\\/hijasdejesus.org\\\/pt-br\\\/va-e-proclame-transmissao-da-18-congregacao-geral\\\/#primaryimage\",\"url\":\"https:\\\/\\\/hijasdejesus.org\\\/wp-content\\\/uploads\\\/2019\\\/10\\\/1.phototrans.jpg\",\"contentUrl\":\"https:\\\/\\\/hijasdejesus.org\\\/wp-content\\\/uploads\\\/2019\\\/10\\\/1.phototrans.jpg\",\"width\":1429,\"height\":1067},{\"@type\":\"BreadcrumbList\",\"@id\":\"https:\\\/\\\/hijasdejesus.org\\\/pt-br\\\/va-e-proclame-transmissao-da-18-congregacao-geral\\\/#breadcrumb\",\"itemListElement\":[{\"@type\":\"ListItem\",\"position\":1,\"name\":\"Portada\",\"item\":\"https:\\\/\\\/hijasdejesus.org\\\/pt-br\\\/\"},{\"@type\":\"ListItem\",\"position\":2,\"name\":\"\u00abV\u00e1 e proclame\u00bb: transmiss\u00e3o da 18\u00aa Congrega\u00e7\u00e3o Geral\"}]},{\"@type\":\"WebSite\",\"@id\":\"https:\\\/\\\/hijasdejesus.org\\\/pt-br\\\/#website\",\"url\":\"https:\\\/\\\/hijasdejesus.org\\\/pt-br\\\/\",\"name\":\"Hijas de Jes\u00fas\",\"description\":\"Despertamos a Jes\u00fas en el coraz\u00f3n, sacando lo mejor de las personas. Somos una congregaci\u00f3n religiosa ignaciana fundada por la Madre Candida\",\"publisher\":{\"@id\":\"https:\\\/\\\/hijasdejesus.org\\\/pt-br\\\/#organization\"},\"potentialAction\":[{\"@type\":\"SearchAction\",\"target\":{\"@type\":\"EntryPoint\",\"urlTemplate\":\"https:\\\/\\\/hijasdejesus.org\\\/pt-br\\\/?s={search_term_string}\"},\"query-input\":{\"@type\":\"PropertyValueSpecification\",\"valueRequired\":true,\"valueName\":\"search_term_string\"}}],\"inLanguage\":\"pt-BR\"},{\"@type\":\"Organization\",\"@id\":\"https:\\\/\\\/hijasdejesus.org\\\/pt-br\\\/#organization\",\"name\":\"Hijas de Jes\u00fas\",\"url\":\"https:\\\/\\\/hijasdejesus.org\\\/pt-br\\\/\",\"logo\":{\"@type\":\"ImageObject\",\"inLanguage\":\"pt-BR\",\"@id\":\"https:\\\/\\\/hijasdejesus.org\\\/pt-br\\\/#\\\/schema\\\/logo\\\/image\\\/\",\"url\":\"https:\\\/\\\/hijasdejesus.org\\\/wp-content\\\/uploads\\\/2023\\\/01\\\/Hijas-de-Jesus_hor-A7C957.png\",\"contentUrl\":\"https:\\\/\\\/hijasdejesus.org\\\/wp-content\\\/uploads\\\/2023\\\/01\\\/Hijas-de-Jesus_hor-A7C957.png\",\"width\":700,\"height\":360,\"caption\":\"Hijas de Jes\u00fas\"},\"image\":{\"@id\":\"https:\\\/\\\/hijasdejesus.org\\\/pt-br\\\/#\\\/schema\\\/logo\\\/image\\\/\"},\"sameAs\":[\"https:\\\/\\\/www.facebook.com\\\/hijasdejesusenelmundo\\\/\",\"https:\\\/\\\/x.com\\\/hijasdjesus\"]},{\"@type\":\"Person\",\"@id\":\"https:\\\/\\\/hijasdejesus.org\\\/pt-br\\\/#\\\/schema\\\/person\\\/ce4455965da733f2791f23b6ec14e9b6\",\"name\":\"Webmaster\",\"image\":{\"@type\":\"ImageObject\",\"inLanguage\":\"pt-BR\",\"@id\":\"https:\\\/\\\/secure.gravatar.com\\\/avatar\\\/cfd0acaac86c3981d541d2e99a0ffb7b6d33a5ac8989a62f5518b9e0f7ee128a?s=96&d=mm&r=g\",\"url\":\"https:\\\/\\\/secure.gravatar.com\\\/avatar\\\/cfd0acaac86c3981d541d2e99a0ffb7b6d33a5ac8989a62f5518b9e0f7ee128a?s=96&d=mm&r=g\",\"contentUrl\":\"https:\\\/\\\/secure.gravatar.com\\\/avatar\\\/cfd0acaac86c3981d541d2e99a0ffb7b6d33a5ac8989a62f5518b9e0f7ee128a?s=96&d=mm&r=g\",\"caption\":\"Webmaster\"},\"url\":\"https:\\\/\\\/hijasdejesus.org\\\/pt-br\\\/author\\\/webmaster\\\/\"}]}<\/script>\n<!-- \/ Yoast SEO plugin. -->","yoast_head_json":{"title":"\"V\u00e1 e proclame\": transmiss\u00e3o da 18\u00aa Congrega\u00e7\u00e3o Geral - Hijas de Jes\u00fas","robots":{"index":"index","follow":"follow","max-snippet":"max-snippet:-1","max-image-preview":"max-image-preview:large","max-video-preview":"max-video-preview:-1"},"canonical":"https:\/\/hijasdejesus.org\/pt-br\/va-e-proclame-transmissao-da-18-congregacao-geral\/","og_locale":"pt_BR","og_type":"article","og_title":"\"V\u00e1 e proclame\": transmiss\u00e3o da 18\u00aa Congrega\u00e7\u00e3o Geral - Hijas de Jes\u00fas","og_description":"O mandato de &#8220;ir e proclamar&#8221; denota urg\u00eancia, a\u00e7\u00e3o, clareza, considera\u00e7\u00e3o cuidadosa e comprometimento. Essa \u00e9 a impress\u00e3o geral de que o documento da 18\u00aa Congrega\u00e7\u00e3o Geral imprime colaboradores leigos sobre n\u00f3s. A \u00fanica determina\u00e7\u00e3o do 18\u00ba GC que \u00e9 seguir de perto Jesus Cristo, que escolheu a pobreza para si mesmo, parece ser um [&hellip;]","og_url":"https:\/\/hijasdejesus.org\/pt-br\/va-e-proclame-transmissao-da-18-congregacao-geral\/","og_site_name":"Hijas de Jes\u00fas","article_publisher":"https:\/\/www.facebook.com\/hijasdejesusenelmundo\/","article_published_time":"2019-10-09T07:53:34+00:00","article_modified_time":"2019-10-09T08:23:54+00:00","og_image":[{"width":1429,"height":1067,"url":"https:\/\/hijasdejesus.org\/wp-content\/uploads\/2019\/10\/1.phototrans.jpg","type":"image\/jpeg"}],"author":"Webmaster","twitter_card":"summary_large_image","twitter_creator":"@hijasdjesus","twitter_site":"@hijasdjesus","twitter_misc":{"Escrito por":"Webmaster","Est. tempo de leitura":"3 minutos"},"schema":{"@context":"https:\/\/schema.org","@graph":[{"@type":"Article","@id":"https:\/\/hijasdejesus.org\/pt-br\/va-e-proclame-transmissao-da-18-congregacao-geral\/#article","isPartOf":{"@id":"https:\/\/hijasdejesus.org\/pt-br\/va-e-proclame-transmissao-da-18-congregacao-geral\/"},"author":{"name":"Webmaster","@id":"https:\/\/hijasdejesus.org\/pt-br\/#\/schema\/person\/ce4455965da733f2791f23b6ec14e9b6"},"headline":"&#8220;V\u00e1 e proclame&#8221;: transmiss\u00e3o da 18\u00aa Congrega\u00e7\u00e3o Geral","datePublished":"2019-10-09T07:53:34+00:00","dateModified":"2019-10-09T08:23:54+00:00","mainEntityOfPage":{"@id":"https:\/\/hijasdejesus.org\/pt-br\/va-e-proclame-transmissao-da-18-congregacao-geral\/"},"wordCount":547,"publisher":{"@id":"https:\/\/hijasdejesus.org\/pt-br\/#organization"},"image":{"@id":"https:\/\/hijasdejesus.org\/pt-br\/va-e-proclame-transmissao-da-18-congregacao-geral\/#primaryimage"},"thumbnailUrl":"https:\/\/hijasdejesus.org\/wp-content\/uploads\/2019\/10\/1.phototrans.jpg","keywords":["Congrega\u00e7\u00e3o Geral"],"articleSection":["\u00cdndico-Pac\u00edfico","Not\u00edcias"],"inLanguage":"pt-BR"},{"@type":"WebPage","@id":"https:\/\/hijasdejesus.org\/pt-br\/va-e-proclame-transmissao-da-18-congregacao-geral\/","url":"https:\/\/hijasdejesus.org\/pt-br\/va-e-proclame-transmissao-da-18-congregacao-geral\/","name":"\"V\u00e1 e proclame\": transmiss\u00e3o da 18\u00aa Congrega\u00e7\u00e3o Geral - Hijas de Jes\u00fas","isPartOf":{"@id":"https:\/\/hijasdejesus.org\/pt-br\/#website"},"primaryImageOfPage":{"@id":"https:\/\/hijasdejesus.org\/pt-br\/va-e-proclame-transmissao-da-18-congregacao-geral\/#primaryimage"},"image":{"@id":"https:\/\/hijasdejesus.org\/pt-br\/va-e-proclame-transmissao-da-18-congregacao-geral\/#primaryimage"},"thumbnailUrl":"https:\/\/hijasdejesus.org\/wp-content\/uploads\/2019\/10\/1.phototrans.jpg","datePublished":"2019-10-09T07:53:34+00:00","dateModified":"2019-10-09T08:23:54+00:00","breadcrumb":{"@id":"https:\/\/hijasdejesus.org\/pt-br\/va-e-proclame-transmissao-da-18-congregacao-geral\/#breadcrumb"},"inLanguage":"pt-BR","potentialAction":[{"@type":"ReadAction","target":["https:\/\/hijasdejesus.org\/pt-br\/va-e-proclame-transmissao-da-18-congregacao-geral\/"]}]},{"@type":"ImageObject","inLanguage":"pt-BR","@id":"https:\/\/hijasdejesus.org\/pt-br\/va-e-proclame-transmissao-da-18-congregacao-geral\/#primaryimage","url":"https:\/\/hijasdejesus.org\/wp-content\/uploads\/2019\/10\/1.phototrans.jpg","contentUrl":"https:\/\/hijasdejesus.org\/wp-content\/uploads\/2019\/10\/1.phototrans.jpg","width":1429,"height":1067},{"@type":"BreadcrumbList","@id":"https:\/\/hijasdejesus.org\/pt-br\/va-e-proclame-transmissao-da-18-congregacao-geral\/#breadcrumb","itemListElement":[{"@type":"ListItem","position":1,"name":"Portada","item":"https:\/\/hijasdejesus.org\/pt-br\/"},{"@type":"ListItem","position":2,"name":"\u00abV\u00e1 e proclame\u00bb: transmiss\u00e3o da 18\u00aa Congrega\u00e7\u00e3o Geral"}]},{"@type":"WebSite","@id":"https:\/\/hijasdejesus.org\/pt-br\/#website","url":"https:\/\/hijasdejesus.org\/pt-br\/","name":"Hijas de Jes\u00fas","description":"Despertamos a Jes\u00fas en el coraz\u00f3n, sacando lo mejor de las personas. Somos una congregaci\u00f3n religiosa ignaciana fundada por la Madre Candida","publisher":{"@id":"https:\/\/hijasdejesus.org\/pt-br\/#organization"},"potentialAction":[{"@type":"SearchAction","target":{"@type":"EntryPoint","urlTemplate":"https:\/\/hijasdejesus.org\/pt-br\/?s={search_term_string}"},"query-input":{"@type":"PropertyValueSpecification","valueRequired":true,"valueName":"search_term_string"}}],"inLanguage":"pt-BR"},{"@type":"Organization","@id":"https:\/\/hijasdejesus.org\/pt-br\/#organization","name":"Hijas de Jes\u00fas","url":"https:\/\/hijasdejesus.org\/pt-br\/","logo":{"@type":"ImageObject","inLanguage":"pt-BR","@id":"https:\/\/hijasdejesus.org\/pt-br\/#\/schema\/logo\/image\/","url":"https:\/\/hijasdejesus.org\/wp-content\/uploads\/2023\/01\/Hijas-de-Jesus_hor-A7C957.png","contentUrl":"https:\/\/hijasdejesus.org\/wp-content\/uploads\/2023\/01\/Hijas-de-Jesus_hor-A7C957.png","width":700,"height":360,"caption":"Hijas de Jes\u00fas"},"image":{"@id":"https:\/\/hijasdejesus.org\/pt-br\/#\/schema\/logo\/image\/"},"sameAs":["https:\/\/www.facebook.com\/hijasdejesusenelmundo\/","https:\/\/x.com\/hijasdjesus"]},{"@type":"Person","@id":"https:\/\/hijasdejesus.org\/pt-br\/#\/schema\/person\/ce4455965da733f2791f23b6ec14e9b6","name":"Webmaster","image":{"@type":"ImageObject","inLanguage":"pt-BR","@id":"https:\/\/secure.gravatar.com\/avatar\/cfd0acaac86c3981d541d2e99a0ffb7b6d33a5ac8989a62f5518b9e0f7ee128a?s=96&d=mm&r=g","url":"https:\/\/secure.gravatar.com\/avatar\/cfd0acaac86c3981d541d2e99a0ffb7b6d33a5ac8989a62f5518b9e0f7ee128a?s=96&d=mm&r=g","contentUrl":"https:\/\/secure.gravatar.com\/avatar\/cfd0acaac86c3981d541d2e99a0ffb7b6d33a5ac8989a62f5518b9e0f7ee128a?s=96&d=mm&r=g","caption":"Webmaster"},"url":"https:\/\/hijasdejesus.org\/pt-br\/author\/webmaster\/"}]}},"_links":{"self":[{"href":"https:\/\/hijasdejesus.org\/pt-br\/wp-json\/wp\/v2\/posts\/29110","targetHints":{"allow":["GET"]}}],"collection":[{"href":"https:\/\/hijasdejesus.org\/pt-br\/wp-json\/wp\/v2\/posts"}],"about":[{"href":"https:\/\/hijasdejesus.org\/pt-br\/wp-json\/wp\/v2\/types\/post"}],"author":[{"embeddable":true,"href":"https:\/\/hijasdejesus.org\/pt-br\/wp-json\/wp\/v2\/users\/28"}],"replies":[{"embeddable":true,"href":"https:\/\/hijasdejesus.org\/pt-br\/wp-json\/wp\/v2\/comments?post=29110"}],"version-history":[{"count":0,"href":"https:\/\/hijasdejesus.org\/pt-br\/wp-json\/wp\/v2\/posts\/29110\/revisions"}],"wp:featuredmedia":[{"embeddable":true,"href":"https:\/\/hijasdejesus.org\/pt-br\/wp-json\/wp\/v2\/media\/10056"}],"wp:attachment":[{"href":"https:\/\/hijasdejesus.org\/pt-br\/wp-json\/wp\/v2\/media?parent=29110"}],"wp:term":[{"taxonomy":"category","embeddable":true,"href":"https:\/\/hijasdejesus.org\/pt-br\/wp-json\/wp\/v2\/categories?post=29110"},{"taxonomy":"post_tag","embeddable":true,"href":"https:\/\/hijasdejesus.org\/pt-br\/wp-json\/wp\/v2\/tags?post=29110"}],"curies":[{"name":"wp","href":"https:\/\/api.w.org\/{rel}","templated":true}]}}