{"id":29198,"date":"2020-04-26T19:59:41","date_gmt":"2020-04-26T17:59:41","guid":{"rendered":"https:\/\/nueva.hijasdejesus.org\/parabens-do-governo-geral-pela-festa-de-m-antonia-bandres\/"},"modified":"2020-04-26T19:59:41","modified_gmt":"2020-04-26T17:59:41","slug":"parabens-do-governo-geral-pela-festa-de-m-antonia-bandres","status":"publish","type":"post","link":"https:\/\/hijasdejesus.org\/pt-br\/parabens-do-governo-geral-pela-festa-de-m-antonia-bandres\/","title":{"rendered":"Parab\u00e9ns do Governo Geral pela festa de M\u00aa Antonia Bandr\u00e9s"},"content":{"rendered":"<p style=\"text-align: center;\">\n<p id=\"tw-target-text\" class=\"tw-data-text tw-text-large tw-ta\" dir=\"ltr\" style=\"text-align: justify;\" data-placeholder=\"Traducci\u00f3n\"><span lang=\"pt\">Queridas Irm\u00e3s, Filhas de Jesus, e leigos com quem compartilhamos tanto:<\/span><\/p>\n<p id=\"tw-target-text\" class=\"tw-data-text tw-text-large tw-ta\" dir=\"ltr\" style=\"text-align: justify;\" data-placeholder=\"Traducci\u00f3n\"><span lang=\"pt\">No caminho para seguir a Jesus que M. C\u00e1ndida abriu, encontramos a M\u00aa Antonia Bandr\u00e9s, &#8216;Anto\u00f1ita&#8217;. Parab\u00e9ns porque nos reunimos para celebrar sua festa e deixar que o pr\u00f3prio Senhor seja encorajador em nosso progresso.<\/span><\/p>\n<p id=\"tw-target-text\" class=\"tw-data-text tw-text-large tw-ta\" dir=\"ltr\" style=\"text-align: justify;\" data-placeholder=\"Traducci\u00f3n\"><span lang=\"pt\">Parab\u00e9ns \u00e0 mais nova em nosso ambiente, porque ela sempre foi jovem. \u00c0s Filhas de Jesus &#8220;no in\u00edcio da forma\u00e7\u00e3o permanente&#8221;, porque seus vinte e um anos falam de um cumprimento que a idade n\u00e3o d\u00e1 automaticamente.<\/span><\/p>\n<p id=\"tw-target-text\" class=\"tw-data-text tw-text-large tw-ta\" dir=\"ltr\" style=\"text-align: justify;\" data-placeholder=\"Traducci\u00f3n\"><span lang=\"pt\">Possivelmente, podemos descobrir em Anto\u00f1ita, na maneira de viver &#8220;sua santidade&#8221; em um contexto sociocultural t\u00e3o diferente do nosso, muito mais do que poder\u00edamos acreditar.<\/span><\/p>\n<p style=\"text-align: justify;\">&#8220;<em><strong>Voc\u00ea tem que chegar ao topo&#8221;<\/strong><\/em>, disse ela; Ou tamb\u00e9m: <strong><em>&#8220;Eu me esfor\u00e7arei para fazer coisas comuns de uma maneira extraordin\u00e1ria e direi em cada ocasi\u00e3o: &#8216;Meu Jesus, por seu amor'&#8221;<\/em><\/strong>. Nessas express\u00f5es, as primeiras palavras que o Papa Francisco escreve sobre santidade podem ressoar: \u201cO Senhor pede tudo, e o que ele oferece \u00e9 a vida verdadeira, a felicidade pela qual fomos criados. Ele quer que sejamos santos e n\u00e3o espera que aceitemos uma exist\u00eancia med\u00edocre, dilu\u00edda e liquefeita &#8220;,&#8221; cada um de n\u00f3s foi escolhido pelo Senhor &#8220;para que sejamos santos e sem culpa diante dele por amor&#8221;. O que Deus pede de mim? O que voc\u00ea quer de mim, Senhor? Onde, como, voc\u00ea quer me conhecer hoje?<\/p>\n<p id=\"tw-target-text\" class=\"tw-data-text tw-text-large tw-ta\" dir=\"ltr\" style=\"text-align: justify;\" data-placeholder=\"Traducci\u00f3n\"><span lang=\"pt\">Tamb\u00e9m neste momento Deus entrou em nossa din\u00e2mica, n\u00f3s o sentimos \u00e0 medida que os dias passam nas iniciativas mais simples da vizinhan\u00e7a e naquelas que tornam a dignidade humana presente com toda a sua for\u00e7a. Poder\u00edamos passar alguns minutos neste dia da festa de Anto\u00f1ita para descobrir os sinais da presen\u00e7a do Esp\u00edrito que podemos capturar em nosso ambiente, como uma comunidade religiosa, ou fam\u00edlia ou bairro, como &#8220;comunidade humana&#8221;. &#8220;O Esp\u00edrito Santo espalha a santidade em todos os lugares&#8221;, &#8220;mesmo fora da Igreja Cat\u00f3lica e em esferas muito diferentes, o Esp\u00edrito suscita&#8221; sinais de sua presen\u00e7a, que ajudam os mesmos disc\u00edpulos de Cristo &#8220;&#8221;: vamos verificar, encorajar\u00e1 nossa gratid\u00e3o e Tamb\u00e9m nos mobilizar\u00e1 para ser um presente para os outros.<\/span><\/p>\n<p id=\"tw-target-text\" class=\"tw-data-text tw-text-large tw-ta\" dir=\"ltr\" style=\"text-align: justify;\" data-placeholder=\"Traducci\u00f3n\"><span lang=\"pt\">Anto\u00f1ita saiu para trabalhar para Deus e aprendeu a colocar sua pr\u00f3pria sensibilidade a seu servi\u00e7o. Poderia ser os pobres que ele conheceu na cidade, ou os trabalhadores das f\u00e1bricas, ou os trabalhadores dom\u00e9sticos, ou uma disc\u00f3rdia que surgiu em casa.<\/span><\/p>\n<p id=\"tw-target-text\" class=\"tw-data-text tw-text-large tw-ta\" dir=\"ltr\" style=\"text-align: justify;\" data-placeholder=\"Traducci\u00f3n\"><span lang=\"pt\">Agradecemos a carreira de Anto\u00f1ita e \u201ca santidade\u00ab da porta ao lado \u00bb, daqueles que moram perto de n\u00f3s e s\u00e3o um reflexo da presen\u00e7a de Deus\u201d, \u201cos pais que t\u00e3o amorosamente criam seus filhos naqueles homens e mulheres que trabalham para levar p\u00e3o para casa, para os doentes, para os idosos religiosos que continuam sorrindo \u201d, para os funcion\u00e1rios p\u00fablicos que fazem muito por n\u00f3s nos dias de hoje e como um presente que continua sendo devido ao fato de que n\u00e3o ser descoberto ou aplaudido.<\/span><\/p>\n<p id=\"tw-target-text\" class=\"tw-data-text tw-text-large tw-ta\" dir=\"ltr\" style=\"text-align: justify;\" data-placeholder=\"Traducci\u00f3n\"><span lang=\"pt\">Pe\u00e7amos neste dia que seja d\u00f3cil \u00e0 a\u00e7\u00e3o de Deus e de sua luz, para que cada um &#8220;discerna seu pr\u00f3prio caminho e ilumine o melhor de si mesmo, o que \u00e9 t\u00e3o pessoal que Deus colocou nele&#8221;.<\/span><\/p>\n<p style=\"text-align: justify; padding-left: 570px;\">\u00a0<em><strong><span lang=\"pt\">Filhas de Jesus- Governo Geral<\/span><\/strong><\/em><\/p>\n<div class=\"caption\" style=\"text-align: justify; padding-left: 750px;\">\n<p class=\"tw-data-text tw-text-large tw-ta\" dir=\"ltr\" data-placeholder=\"Traducci\u00f3n\">\u00a0<\/p>\n<\/div>\n","protected":false},"excerpt":{"rendered":"<p>Queridas Irm\u00e3s, Filhas de Jesus, e leigos com quem compartilhamos tanto: No caminho para seguir a Jesus que M. C\u00e1ndida abriu, encontramos a M\u00aa Antonia Bandr\u00e9s, &#8216;Anto\u00f1ita&#8217;. Parab\u00e9ns porque nos reunimos para celebrar sua festa e deixar que o pr\u00f3prio Senhor seja encorajador em nosso progresso. Parab\u00e9ns \u00e0 mais nova em nosso ambiente, porque ela [&hellip;]<\/p>\n","protected":false},"author":28,"featured_media":10176,"comment_status":"closed","ping_status":"closed","sticky":false,"template":"","format":"standard","meta":{"_et_pb_use_builder":"","_et_pb_old_content":"","_et_gb_content_width":"","footnotes":"","_links_to":"","_links_to_target":""},"categories":[527,529,469],"tags":[],"class_list":["post-29198","post","type-post","status-publish","format-standard","has-post-thumbnail","hentry","category-governo_geral","category-hijas-de-jesus-pt-br","category-noticias-pt-br"],"yoast_head":"<!-- This site is optimized with the Yoast SEO plugin v27.5 - https:\/\/yoast.com\/product\/yoast-seo-wordpress\/ -->\n<title>Parab\u00e9ns do Governo Geral pela festa de M\u00aa Antonia Bandr\u00e9s - Hijas de Jes\u00fas<\/title>\n<meta name=\"robots\" content=\"index, follow, max-snippet:-1, max-image-preview:large, max-video-preview:-1\" \/>\n<link rel=\"canonical\" href=\"https:\/\/hijasdejesus.org\/pt-br\/parabens-do-governo-geral-pela-festa-de-m-antonia-bandres\/\" \/>\n<meta property=\"og:locale\" content=\"pt_BR\" \/>\n<meta property=\"og:type\" content=\"article\" \/>\n<meta property=\"og:title\" content=\"Parab\u00e9ns do Governo Geral pela festa de M\u00aa Antonia Bandr\u00e9s - Hijas de Jes\u00fas\" \/>\n<meta property=\"og:description\" content=\"Queridas Irm\u00e3s, Filhas de Jesus, e leigos com quem compartilhamos tanto: No caminho para seguir a Jesus que M. C\u00e1ndida abriu, encontramos a M\u00aa Antonia Bandr\u00e9s, &#8216;Anto\u00f1ita&#8217;. Parab\u00e9ns porque nos reunimos para celebrar sua festa e deixar que o pr\u00f3prio Senhor seja encorajador em nosso progresso. Parab\u00e9ns \u00e0 mais nova em nosso ambiente, porque ela [&hellip;]\" \/>\n<meta property=\"og:url\" content=\"https:\/\/hijasdejesus.org\/pt-br\/parabens-do-governo-geral-pela-festa-de-m-antonia-bandres\/\" \/>\n<meta property=\"og:site_name\" content=\"Hijas de Jes\u00fas\" \/>\n<meta property=\"article:publisher\" content=\"https:\/\/www.facebook.com\/hijasdejesusenelmundo\/\" \/>\n<meta property=\"article:published_time\" content=\"2020-04-26T17:59:41+00:00\" \/>\n<meta property=\"og:image\" content=\"https:\/\/hijasdejesus.org\/wp-content\/uploads\/2020\/04\/Antoita2020PT.jpg\" \/>\n\t<meta property=\"og:image:width\" content=\"2000\" \/>\n\t<meta property=\"og:image:height\" content=\"1414\" \/>\n\t<meta property=\"og:image:type\" content=\"image\/jpeg\" \/>\n<meta name=\"author\" content=\"Webmaster\" \/>\n<meta name=\"twitter:card\" content=\"summary_large_image\" \/>\n<meta name=\"twitter:creator\" content=\"@hijasdjesus\" \/>\n<meta name=\"twitter:site\" content=\"@hijasdjesus\" \/>\n<meta name=\"twitter:label1\" content=\"Escrito por\" \/>\n\t<meta name=\"twitter:data1\" content=\"Webmaster\" \/>\n\t<meta name=\"twitter:label2\" content=\"Est. tempo de leitura\" \/>\n\t<meta name=\"twitter:data2\" content=\"3 minutos\" \/>\n<script type=\"application\/ld+json\" class=\"yoast-schema-graph\">{\"@context\":\"https:\\\/\\\/schema.org\",\"@graph\":[{\"@type\":\"Article\",\"@id\":\"https:\\\/\\\/hijasdejesus.org\\\/pt-br\\\/parabens-do-governo-geral-pela-festa-de-m-antonia-bandres\\\/#article\",\"isPartOf\":{\"@id\":\"https:\\\/\\\/hijasdejesus.org\\\/pt-br\\\/parabens-do-governo-geral-pela-festa-de-m-antonia-bandres\\\/\"},\"author\":{\"name\":\"Webmaster\",\"@id\":\"https:\\\/\\\/hijasdejesus.org\\\/pt-br\\\/#\\\/schema\\\/person\\\/ce4455965da733f2791f23b6ec14e9b6\"},\"headline\":\"Parab\u00e9ns do Governo Geral pela festa de M\u00aa Antonia Bandr\u00e9s\",\"datePublished\":\"2020-04-26T17:59:41+00:00\",\"mainEntityOfPage\":{\"@id\":\"https:\\\/\\\/hijasdejesus.org\\\/pt-br\\\/parabens-do-governo-geral-pela-festa-de-m-antonia-bandres\\\/\"},\"wordCount\":585,\"publisher\":{\"@id\":\"https:\\\/\\\/hijasdejesus.org\\\/pt-br\\\/#organization\"},\"image\":{\"@id\":\"https:\\\/\\\/hijasdejesus.org\\\/pt-br\\\/parabens-do-governo-geral-pela-festa-de-m-antonia-bandres\\\/#primaryimage\"},\"thumbnailUrl\":\"https:\\\/\\\/hijasdejesus.org\\\/wp-content\\\/uploads\\\/2020\\\/04\\\/Antoita2020PT.jpg\",\"articleSection\":[\"Governo geral\",\"Hijas de Jes\u00fas\",\"Not\u00edcias\"],\"inLanguage\":\"pt-BR\"},{\"@type\":\"WebPage\",\"@id\":\"https:\\\/\\\/hijasdejesus.org\\\/pt-br\\\/parabens-do-governo-geral-pela-festa-de-m-antonia-bandres\\\/\",\"url\":\"https:\\\/\\\/hijasdejesus.org\\\/pt-br\\\/parabens-do-governo-geral-pela-festa-de-m-antonia-bandres\\\/\",\"name\":\"Parab\u00e9ns do Governo Geral pela festa de M\u00aa Antonia Bandr\u00e9s - Hijas de Jes\u00fas\",\"isPartOf\":{\"@id\":\"https:\\\/\\\/hijasdejesus.org\\\/pt-br\\\/#website\"},\"primaryImageOfPage\":{\"@id\":\"https:\\\/\\\/hijasdejesus.org\\\/pt-br\\\/parabens-do-governo-geral-pela-festa-de-m-antonia-bandres\\\/#primaryimage\"},\"image\":{\"@id\":\"https:\\\/\\\/hijasdejesus.org\\\/pt-br\\\/parabens-do-governo-geral-pela-festa-de-m-antonia-bandres\\\/#primaryimage\"},\"thumbnailUrl\":\"https:\\\/\\\/hijasdejesus.org\\\/wp-content\\\/uploads\\\/2020\\\/04\\\/Antoita2020PT.jpg\",\"datePublished\":\"2020-04-26T17:59:41+00:00\",\"breadcrumb\":{\"@id\":\"https:\\\/\\\/hijasdejesus.org\\\/pt-br\\\/parabens-do-governo-geral-pela-festa-de-m-antonia-bandres\\\/#breadcrumb\"},\"inLanguage\":\"pt-BR\",\"potentialAction\":[{\"@type\":\"ReadAction\",\"target\":[\"https:\\\/\\\/hijasdejesus.org\\\/pt-br\\\/parabens-do-governo-geral-pela-festa-de-m-antonia-bandres\\\/\"]}]},{\"@type\":\"ImageObject\",\"inLanguage\":\"pt-BR\",\"@id\":\"https:\\\/\\\/hijasdejesus.org\\\/pt-br\\\/parabens-do-governo-geral-pela-festa-de-m-antonia-bandres\\\/#primaryimage\",\"url\":\"https:\\\/\\\/hijasdejesus.org\\\/wp-content\\\/uploads\\\/2020\\\/04\\\/Antoita2020PT.jpg\",\"contentUrl\":\"https:\\\/\\\/hijasdejesus.org\\\/wp-content\\\/uploads\\\/2020\\\/04\\\/Antoita2020PT.jpg\",\"width\":2000,\"height\":1414},{\"@type\":\"BreadcrumbList\",\"@id\":\"https:\\\/\\\/hijasdejesus.org\\\/pt-br\\\/parabens-do-governo-geral-pela-festa-de-m-antonia-bandres\\\/#breadcrumb\",\"itemListElement\":[{\"@type\":\"ListItem\",\"position\":1,\"name\":\"Portada\",\"item\":\"https:\\\/\\\/hijasdejesus.org\\\/pt-br\\\/\"},{\"@type\":\"ListItem\",\"position\":2,\"name\":\"Parab\u00e9ns do Governo Geral pela festa de M\u00aa Antonia Bandr\u00e9s\"}]},{\"@type\":\"WebSite\",\"@id\":\"https:\\\/\\\/hijasdejesus.org\\\/pt-br\\\/#website\",\"url\":\"https:\\\/\\\/hijasdejesus.org\\\/pt-br\\\/\",\"name\":\"Hijas de Jes\u00fas\",\"description\":\"Despertamos a Jes\u00fas en el coraz\u00f3n, sacando lo mejor de las personas. Somos una congregaci\u00f3n religiosa ignaciana fundada por la Madre Candida\",\"publisher\":{\"@id\":\"https:\\\/\\\/hijasdejesus.org\\\/pt-br\\\/#organization\"},\"potentialAction\":[{\"@type\":\"SearchAction\",\"target\":{\"@type\":\"EntryPoint\",\"urlTemplate\":\"https:\\\/\\\/hijasdejesus.org\\\/pt-br\\\/?s={search_term_string}\"},\"query-input\":{\"@type\":\"PropertyValueSpecification\",\"valueRequired\":true,\"valueName\":\"search_term_string\"}}],\"inLanguage\":\"pt-BR\"},{\"@type\":\"Organization\",\"@id\":\"https:\\\/\\\/hijasdejesus.org\\\/pt-br\\\/#organization\",\"name\":\"Hijas de Jes\u00fas\",\"url\":\"https:\\\/\\\/hijasdejesus.org\\\/pt-br\\\/\",\"logo\":{\"@type\":\"ImageObject\",\"inLanguage\":\"pt-BR\",\"@id\":\"https:\\\/\\\/hijasdejesus.org\\\/pt-br\\\/#\\\/schema\\\/logo\\\/image\\\/\",\"url\":\"https:\\\/\\\/hijasdejesus.org\\\/wp-content\\\/uploads\\\/2023\\\/01\\\/Hijas-de-Jesus_hor-A7C957.png\",\"contentUrl\":\"https:\\\/\\\/hijasdejesus.org\\\/wp-content\\\/uploads\\\/2023\\\/01\\\/Hijas-de-Jesus_hor-A7C957.png\",\"width\":700,\"height\":360,\"caption\":\"Hijas de Jes\u00fas\"},\"image\":{\"@id\":\"https:\\\/\\\/hijasdejesus.org\\\/pt-br\\\/#\\\/schema\\\/logo\\\/image\\\/\"},\"sameAs\":[\"https:\\\/\\\/www.facebook.com\\\/hijasdejesusenelmundo\\\/\",\"https:\\\/\\\/x.com\\\/hijasdjesus\"]},{\"@type\":\"Person\",\"@id\":\"https:\\\/\\\/hijasdejesus.org\\\/pt-br\\\/#\\\/schema\\\/person\\\/ce4455965da733f2791f23b6ec14e9b6\",\"name\":\"Webmaster\",\"image\":{\"@type\":\"ImageObject\",\"inLanguage\":\"pt-BR\",\"@id\":\"https:\\\/\\\/secure.gravatar.com\\\/avatar\\\/cfd0acaac86c3981d541d2e99a0ffb7b6d33a5ac8989a62f5518b9e0f7ee128a?s=96&d=mm&r=g\",\"url\":\"https:\\\/\\\/secure.gravatar.com\\\/avatar\\\/cfd0acaac86c3981d541d2e99a0ffb7b6d33a5ac8989a62f5518b9e0f7ee128a?s=96&d=mm&r=g\",\"contentUrl\":\"https:\\\/\\\/secure.gravatar.com\\\/avatar\\\/cfd0acaac86c3981d541d2e99a0ffb7b6d33a5ac8989a62f5518b9e0f7ee128a?s=96&d=mm&r=g\",\"caption\":\"Webmaster\"},\"url\":\"https:\\\/\\\/hijasdejesus.org\\\/pt-br\\\/author\\\/webmaster\\\/\"}]}<\/script>\n<!-- \/ Yoast SEO plugin. -->","yoast_head_json":{"title":"Parab\u00e9ns do Governo Geral pela festa de M\u00aa Antonia Bandr\u00e9s - Hijas de Jes\u00fas","robots":{"index":"index","follow":"follow","max-snippet":"max-snippet:-1","max-image-preview":"max-image-preview:large","max-video-preview":"max-video-preview:-1"},"canonical":"https:\/\/hijasdejesus.org\/pt-br\/parabens-do-governo-geral-pela-festa-de-m-antonia-bandres\/","og_locale":"pt_BR","og_type":"article","og_title":"Parab\u00e9ns do Governo Geral pela festa de M\u00aa Antonia Bandr\u00e9s - Hijas de Jes\u00fas","og_description":"Queridas Irm\u00e3s, Filhas de Jesus, e leigos com quem compartilhamos tanto: No caminho para seguir a Jesus que M. C\u00e1ndida abriu, encontramos a M\u00aa Antonia Bandr\u00e9s, &#8216;Anto\u00f1ita&#8217;. Parab\u00e9ns porque nos reunimos para celebrar sua festa e deixar que o pr\u00f3prio Senhor seja encorajador em nosso progresso. Parab\u00e9ns \u00e0 mais nova em nosso ambiente, porque ela [&hellip;]","og_url":"https:\/\/hijasdejesus.org\/pt-br\/parabens-do-governo-geral-pela-festa-de-m-antonia-bandres\/","og_site_name":"Hijas de Jes\u00fas","article_publisher":"https:\/\/www.facebook.com\/hijasdejesusenelmundo\/","article_published_time":"2020-04-26T17:59:41+00:00","og_image":[{"width":2000,"height":1414,"url":"https:\/\/hijasdejesus.org\/wp-content\/uploads\/2020\/04\/Antoita2020PT.jpg","type":"image\/jpeg"}],"author":"Webmaster","twitter_card":"summary_large_image","twitter_creator":"@hijasdjesus","twitter_site":"@hijasdjesus","twitter_misc":{"Escrito por":"Webmaster","Est. tempo de leitura":"3 minutos"},"schema":{"@context":"https:\/\/schema.org","@graph":[{"@type":"Article","@id":"https:\/\/hijasdejesus.org\/pt-br\/parabens-do-governo-geral-pela-festa-de-m-antonia-bandres\/#article","isPartOf":{"@id":"https:\/\/hijasdejesus.org\/pt-br\/parabens-do-governo-geral-pela-festa-de-m-antonia-bandres\/"},"author":{"name":"Webmaster","@id":"https:\/\/hijasdejesus.org\/pt-br\/#\/schema\/person\/ce4455965da733f2791f23b6ec14e9b6"},"headline":"Parab\u00e9ns do Governo Geral pela festa de M\u00aa Antonia Bandr\u00e9s","datePublished":"2020-04-26T17:59:41+00:00","mainEntityOfPage":{"@id":"https:\/\/hijasdejesus.org\/pt-br\/parabens-do-governo-geral-pela-festa-de-m-antonia-bandres\/"},"wordCount":585,"publisher":{"@id":"https:\/\/hijasdejesus.org\/pt-br\/#organization"},"image":{"@id":"https:\/\/hijasdejesus.org\/pt-br\/parabens-do-governo-geral-pela-festa-de-m-antonia-bandres\/#primaryimage"},"thumbnailUrl":"https:\/\/hijasdejesus.org\/wp-content\/uploads\/2020\/04\/Antoita2020PT.jpg","articleSection":["Governo geral","Hijas de Jes\u00fas","Not\u00edcias"],"inLanguage":"pt-BR"},{"@type":"WebPage","@id":"https:\/\/hijasdejesus.org\/pt-br\/parabens-do-governo-geral-pela-festa-de-m-antonia-bandres\/","url":"https:\/\/hijasdejesus.org\/pt-br\/parabens-do-governo-geral-pela-festa-de-m-antonia-bandres\/","name":"Parab\u00e9ns do Governo Geral pela festa de M\u00aa Antonia Bandr\u00e9s - Hijas de Jes\u00fas","isPartOf":{"@id":"https:\/\/hijasdejesus.org\/pt-br\/#website"},"primaryImageOfPage":{"@id":"https:\/\/hijasdejesus.org\/pt-br\/parabens-do-governo-geral-pela-festa-de-m-antonia-bandres\/#primaryimage"},"image":{"@id":"https:\/\/hijasdejesus.org\/pt-br\/parabens-do-governo-geral-pela-festa-de-m-antonia-bandres\/#primaryimage"},"thumbnailUrl":"https:\/\/hijasdejesus.org\/wp-content\/uploads\/2020\/04\/Antoita2020PT.jpg","datePublished":"2020-04-26T17:59:41+00:00","breadcrumb":{"@id":"https:\/\/hijasdejesus.org\/pt-br\/parabens-do-governo-geral-pela-festa-de-m-antonia-bandres\/#breadcrumb"},"inLanguage":"pt-BR","potentialAction":[{"@type":"ReadAction","target":["https:\/\/hijasdejesus.org\/pt-br\/parabens-do-governo-geral-pela-festa-de-m-antonia-bandres\/"]}]},{"@type":"ImageObject","inLanguage":"pt-BR","@id":"https:\/\/hijasdejesus.org\/pt-br\/parabens-do-governo-geral-pela-festa-de-m-antonia-bandres\/#primaryimage","url":"https:\/\/hijasdejesus.org\/wp-content\/uploads\/2020\/04\/Antoita2020PT.jpg","contentUrl":"https:\/\/hijasdejesus.org\/wp-content\/uploads\/2020\/04\/Antoita2020PT.jpg","width":2000,"height":1414},{"@type":"BreadcrumbList","@id":"https:\/\/hijasdejesus.org\/pt-br\/parabens-do-governo-geral-pela-festa-de-m-antonia-bandres\/#breadcrumb","itemListElement":[{"@type":"ListItem","position":1,"name":"Portada","item":"https:\/\/hijasdejesus.org\/pt-br\/"},{"@type":"ListItem","position":2,"name":"Parab\u00e9ns do Governo Geral pela festa de M\u00aa Antonia Bandr\u00e9s"}]},{"@type":"WebSite","@id":"https:\/\/hijasdejesus.org\/pt-br\/#website","url":"https:\/\/hijasdejesus.org\/pt-br\/","name":"Hijas de Jes\u00fas","description":"Despertamos a Jes\u00fas en el coraz\u00f3n, sacando lo mejor de las personas. Somos una congregaci\u00f3n religiosa ignaciana fundada por la Madre Candida","publisher":{"@id":"https:\/\/hijasdejesus.org\/pt-br\/#organization"},"potentialAction":[{"@type":"SearchAction","target":{"@type":"EntryPoint","urlTemplate":"https:\/\/hijasdejesus.org\/pt-br\/?s={search_term_string}"},"query-input":{"@type":"PropertyValueSpecification","valueRequired":true,"valueName":"search_term_string"}}],"inLanguage":"pt-BR"},{"@type":"Organization","@id":"https:\/\/hijasdejesus.org\/pt-br\/#organization","name":"Hijas de Jes\u00fas","url":"https:\/\/hijasdejesus.org\/pt-br\/","logo":{"@type":"ImageObject","inLanguage":"pt-BR","@id":"https:\/\/hijasdejesus.org\/pt-br\/#\/schema\/logo\/image\/","url":"https:\/\/hijasdejesus.org\/wp-content\/uploads\/2023\/01\/Hijas-de-Jesus_hor-A7C957.png","contentUrl":"https:\/\/hijasdejesus.org\/wp-content\/uploads\/2023\/01\/Hijas-de-Jesus_hor-A7C957.png","width":700,"height":360,"caption":"Hijas de Jes\u00fas"},"image":{"@id":"https:\/\/hijasdejesus.org\/pt-br\/#\/schema\/logo\/image\/"},"sameAs":["https:\/\/www.facebook.com\/hijasdejesusenelmundo\/","https:\/\/x.com\/hijasdjesus"]},{"@type":"Person","@id":"https:\/\/hijasdejesus.org\/pt-br\/#\/schema\/person\/ce4455965da733f2791f23b6ec14e9b6","name":"Webmaster","image":{"@type":"ImageObject","inLanguage":"pt-BR","@id":"https:\/\/secure.gravatar.com\/avatar\/cfd0acaac86c3981d541d2e99a0ffb7b6d33a5ac8989a62f5518b9e0f7ee128a?s=96&d=mm&r=g","url":"https:\/\/secure.gravatar.com\/avatar\/cfd0acaac86c3981d541d2e99a0ffb7b6d33a5ac8989a62f5518b9e0f7ee128a?s=96&d=mm&r=g","contentUrl":"https:\/\/secure.gravatar.com\/avatar\/cfd0acaac86c3981d541d2e99a0ffb7b6d33a5ac8989a62f5518b9e0f7ee128a?s=96&d=mm&r=g","caption":"Webmaster"},"url":"https:\/\/hijasdejesus.org\/pt-br\/author\/webmaster\/"}]}},"_links":{"self":[{"href":"https:\/\/hijasdejesus.org\/pt-br\/wp-json\/wp\/v2\/posts\/29198","targetHints":{"allow":["GET"]}}],"collection":[{"href":"https:\/\/hijasdejesus.org\/pt-br\/wp-json\/wp\/v2\/posts"}],"about":[{"href":"https:\/\/hijasdejesus.org\/pt-br\/wp-json\/wp\/v2\/types\/post"}],"author":[{"embeddable":true,"href":"https:\/\/hijasdejesus.org\/pt-br\/wp-json\/wp\/v2\/users\/28"}],"replies":[{"embeddable":true,"href":"https:\/\/hijasdejesus.org\/pt-br\/wp-json\/wp\/v2\/comments?post=29198"}],"version-history":[{"count":0,"href":"https:\/\/hijasdejesus.org\/pt-br\/wp-json\/wp\/v2\/posts\/29198\/revisions"}],"wp:featuredmedia":[{"embeddable":true,"href":"https:\/\/hijasdejesus.org\/pt-br\/wp-json\/wp\/v2\/media\/10176"}],"wp:attachment":[{"href":"https:\/\/hijasdejesus.org\/pt-br\/wp-json\/wp\/v2\/media?parent=29198"}],"wp:term":[{"taxonomy":"category","embeddable":true,"href":"https:\/\/hijasdejesus.org\/pt-br\/wp-json\/wp\/v2\/categories?post=29198"},{"taxonomy":"post_tag","embeddable":true,"href":"https:\/\/hijasdejesus.org\/pt-br\/wp-json\/wp\/v2\/tags?post=29198"}],"curies":[{"name":"wp","href":"https:\/\/api.w.org\/{rel}","templated":true}]}}