{"id":29428,"date":"2021-02-01T23:16:14","date_gmt":"2021-02-01T22:16:14","guid":{"rendered":"https:\/\/nueva.hijasdejesus.org\/renovamos-nosso-sim-ao-que-jesus-amou-e-escolheu\/"},"modified":"2021-02-01T23:16:14","modified_gmt":"2021-02-01T22:16:14","slug":"renovamos-nosso-sim-ao-que-jesus-amou-e-escolheu","status":"publish","type":"post","link":"https:\/\/hijasdejesus.org\/pt-br\/renovamos-nosso-sim-ao-que-jesus-amou-e-escolheu\/","title":{"rendered":"Renovamos nosso sim ao que Jesus amou e escolheu"},"content":{"rendered":"<p style=\"text-align: justify;\">Hoje, 2 de fevereiro, celebramos junto com toda a Igreja o <strong>XXV Dia Mundial da Vida Consagrada<\/strong> e liturgicamente \u00e9 a festa da apresenta\u00e7\u00e3o de Jesus no Templo.<\/p>\n<p style=\"text-align: justify;\"><strong>\u201cA vida consagrada \u00e9 uma par\u00e1bola da fraternidade em um mundo ferido\u201d<\/strong>, \u00e9 vida e esperan\u00e7a para o mundo, \u00e9 uma presen\u00e7a simples, \u00e9 fermento. Hoje recordamos e valorizamos os testemunhos de irm\u00e3os religiosos que se expressam especificamente na fronteira e situa\u00e7\u00f5es de marginaliza\u00e7\u00e3o a sua consagra\u00e7\u00e3o a partir de <strong>um amor concreto, pleno e total pelas pessoas que mais sofrem<\/strong>, buscando na sua dedica\u00e7\u00e3o o consolo e o al\u00edvio de muitos.<\/p>\n<p style=\"text-align: center;\">\n<p style=\"text-align: justify;\">Embora sejamos poucos, embora nossa contribui\u00e7\u00e3o seja pequena, continuamos em p\u00e9 e a caminho para curar feridas, semear alegria, criando espa\u00e7os de encontro. Desde a educa\u00e7\u00e3o, os exerc\u00edcios espirituais, o acompanhamento, a pastoral dos migrantes, dos jovens, dos universit\u00e1rios, das mulheres, sendo como mulheres voz nas reflex\u00f5es teol\u00f3gicas e nos processos eclesiais. Diante da pandemia, pedimos a gra\u00e7a de estar dispon\u00edvel e aberto. A pandemia n\u00e3o mata nosso sonho, ela o torna urgente. A virtualidade nos abre portas, nos convida a percorrer caminhos pouco usados \u200b\u200be nos esfor\u00e7amos porque precisamos estar pr\u00f3ximos.<\/p>\n<p style=\"text-align: justify;\"><strong>Hoje renovamos o nosso sim a tudo o que Jesus amou e escolheu, abra\u00e7ando a todos<\/strong>, especialmente aqueles que ningu\u00e9m ama, que \u00e9 a marca de viver o amor crist\u00e3o.<\/p>\n<p style=\"text-align: justify;\">\u00a0<\/p>\n<p style=\"text-align: center;\"><img loading=\"lazy\" decoding=\"async\" class=\" size-full wp-image-10598\" src=\"https:\/\/hijasdejesus.org\/wp-content\/uploads\/2021\/02\/DSCN3883-scaled.jpg\" alt=\"\" width=\"303\" height=\"227\" \/><\/p>\n<p style=\"text-align: justify;\"><strong>O que a par\u00e1bola do Bom Samaritano diz \u00e0 nossa vida consagrada hoje?<\/strong> Este \u00e9 o texto que nos ilumina este ano e que tem suas ra\u00edzes no desejo de fraternidade universal expresso pelo Papa Francisco na Fratelli Tutti. As Filhas de Jesus s\u00e3o chamadas pelo Esp\u00edrito, desde a \u00faltima Congrega\u00e7\u00e3o Geral XVIII, a <strong>\u201cseguir de perto Jesus Cristo que escolheu para si a pobreza\u201d<\/strong>. Do n\u00famero [4] da Determina\u00e7ao somos convidados a recordar que: <strong>\u201ca vida consagrada \u00e9 chamada a ser b\u00e1lsamo, encorajamento, presen\u00e7a gentil, impulso de esperan\u00e7a, consola\u00e7\u00e3o ao longo do caminho, encorajamento, pergunta sugestiva, perita em comunh\u00e3o, vida que faz Jesus de Nazar\u00e9 transparente \u201d.<\/strong> Como estamos vivendo isso? Vamos parar um momento para narrar nossa experi\u00eancia, deixar o Senhor olhar para n\u00f3s e continuar a converter nossos cora\u00e7\u00f5es de mulheres consagradas.<\/p>\n<p style=\"text-align: justify;\">Testemunho de uma novicia<\/p>\n<p style=\"text-align: justify;\">No meu primeiro ano de noviciado, e na viv\u00eancia deste caminho de vida consagrada, fui acompanhada por um conceito que algu\u00e9m partilhou comigo: <strong>\u201cA vida consagrada \u00e9 uma alian\u00e7a que aos poucos se torna um estado m\u00edstico em que tudo fala e aponta para o insond\u00e1vel mist\u00e9rio de Deus que \u00e9 Cristo. &#8220;<\/strong><\/p>\n<p style=\"text-align: center;\"><strong style=\"font-size: 12.16px;\"><em><img loading=\"lazy\" decoding=\"async\" class=\" size-full wp-image-10600\" src=\"https:\/\/hijasdejesus.org\/wp-content\/uploads\/2021\/02\/Casa_de_Formacin_internaiconal_Madre_Cndida-Cba_Argentina.jpeg\" alt=\"\" width=\"321\" height=\"269\" \/><\/em><\/strong><\/p>\n<p style=\"text-align: justify;\">(Da esquerda para a direita: Santa Maribel Ad\u00f3n Santos &#8211; novicia do primeiro ano, Celina Garc\u00eda-Juniora- Diomaris Tolentino Soto e Adriana Sep\u00falveda \u2013 novicias do primeiro ano)<\/p>\n<p style=\"text-align: justify;\">E desde ent\u00e3o venho experimentando aquela alian\u00e7a que ocorre no cotidiano de cada dia, na vida, em pequenos gestos e compromissos. Isso me encoraja e me ajuda a perceber que minha alian\u00e7a, minha consagra\u00e7\u00e3o, n\u00e3o \u00e9 com uma coisa, n\u00e3o \u00e9 fazer votos &#8211; embora isso tamb\u00e9m fa\u00e7a parte -; Pelo contr\u00e1rio, \u00e9 um compromisso de amor com Deus que continua a me consagrar, que continua a criar em mim <strong>la\u00e7os fraternos de amor e comunh\u00e3o que me levam todos os dias a dar uma resposta<\/strong>. Para este segundo ano que se inicia dentro de poucos dias, desejo viv\u00ea-lo como afirma Vita Consecrata no n\u00ba 3<strong> \u201c\u2026 como um dom precioso e necess\u00e1rio tamb\u00e9m para o presente e o futuro do Povo de Deus, porque pertence intimamente a a sua vida, a sua santidade e a sua miss\u00e3o\u2026 \u201d.<\/strong><\/p>\n<p style=\"text-align: justify;\"><strong>Santa Maribel Ad\u00f3n Santos<\/strong><\/p>\n<p style=\"text-align: justify;\"><strong>Novicia FI do primeiro ano<\/strong><\/p>\n<p style=\"text-align: center;\"><strong><img loading=\"lazy\" decoding=\"async\" class=\" size-full wp-image-10602\" src=\"https:\/\/hijasdejesus.org\/wp-content\/uploads\/2021\/02\/Mary_Mae_Primeros_votos_Agosto_2020.jpg\" alt=\"\" width=\"221\" height=\"241\" \/><img loading=\"lazy\" decoding=\"async\" class=\" size-full wp-image-10604\" src=\"https:\/\/hijasdejesus.org\/wp-content\/uploads\/2021\/02\/Casa_de_Formacin_RepDominicana.jpeg\" alt=\"\" width=\"321\" height=\"241\" \/><img loading=\"lazy\" decoding=\"async\" class=\" size-full wp-image-10606\" src=\"https:\/\/hijasdejesus.org\/wp-content\/uploads\/2021\/02\/Renovacin_Crystal_Bermejo_Filipinas_2021.jpg\" alt=\"\" width=\"162\" height=\"243\" \/><\/strong><\/p>\n<p style=\"text-align: justify;\">(Da esquerda para a direita: Mary Mae Santorce no dia do seus primeiro votos, Madelyn, Isairis, Rosabelkis, Gabriela e a renova\u00e7\u00e3o dos votos tempor\u00e1rios da Juniora Crystal Bermejo)<\/p>\n<p style=\"text-align: justify;\">Aqui compartilhamos algumas fotos das irm\u00e3s na forma\u00e7\u00e3o inicial que realizam na Rep\u00fablica Dominicana, Filipinas e Argentina. Convidamos ao Corpo Congregacional e toda a Fam\u00edlia Madre C\u00e2ndida a se juntar a n\u00f3s na ora\u00e7\u00e3o, especialmente agradecendo ao Pai pelas forma\u00e7\u00f5es presentes nas diferentes casas de nos lugares de miss\u00e3o onde estamos presentes.\u00a0<\/p>\n<p style=\"text-align: center;\"><img loading=\"lazy\" decoding=\"async\" class=\" size-full wp-image-10608\" src=\"https:\/\/hijasdejesus.org\/wp-content\/uploads\/2021\/02\/Ingreso_posulantado_Isairis_RepDominicana_1.jpeg\" alt=\"\" width=\"247\" height=\"329\" \/><img loading=\"lazy\" decoding=\"async\" class=\" size-full wp-image-10610\" src=\"https:\/\/hijasdejesus.org\/wp-content\/uploads\/2021\/02\/Renovacin_de_votos_Celina_Garca_juniora_uruguaya_2.jpeg\" alt=\"\" width=\"437\" height=\"327\" \/><\/p>\n<p style=\"text-align: justify;\">(Da esquerda para a direita:\u00a0Isairis em sua entrada no Postulantado e\u00a0a renova\u00e7\u00e3o dos votos tempor\u00e1rios da Juniora Celina Garc\u00eda)<\/p>\n","protected":false},"excerpt":{"rendered":"<p>Hoje, 2 de fevereiro, celebramos junto com toda a Igreja o XXV Dia Mundial da Vida Consagrada e liturgicamente \u00e9 a festa da apresenta\u00e7\u00e3o de Jesus no Templo. \u201cA vida consagrada \u00e9 uma par\u00e1bola da fraternidade em um mundo ferido\u201d, \u00e9 vida e esperan\u00e7a para o mundo, \u00e9 uma presen\u00e7a simples, \u00e9 fermento. Hoje recordamos [&hellip;]<\/p>\n","protected":false},"author":28,"featured_media":10596,"comment_status":"closed","ping_status":"closed","sticky":false,"template":"","format":"standard","meta":{"_et_pb_use_builder":"","_et_pb_old_content":"","_et_gb_content_width":"","footnotes":"","_links_to":"","_links_to_target":""},"categories":[483,499,533,537,469,704],"tags":[],"class_list":["post-29428","post","type-post","status-publish","format-standard","has-post-thumbnail","hentry","category-america-andina-pt-br","category-argentina-pt-br","category-igreja","category-juventude","category-noticias-pt-br","category-vida-religiosa-pt-br"],"yoast_head":"<!-- This site is optimized with the Yoast SEO plugin v27.5 - https:\/\/yoast.com\/product\/yoast-seo-wordpress\/ -->\n<title>Renovamos nosso sim ao que Jesus amou e escolheu - Hijas de Jes\u00fas<\/title>\n<meta name=\"robots\" content=\"index, follow, max-snippet:-1, max-image-preview:large, max-video-preview:-1\" \/>\n<link rel=\"canonical\" href=\"https:\/\/hijasdejesus.org\/pt-br\/renovamos-nosso-sim-ao-que-jesus-amou-e-escolheu\/\" \/>\n<meta property=\"og:locale\" content=\"pt_BR\" \/>\n<meta property=\"og:type\" content=\"article\" \/>\n<meta property=\"og:title\" content=\"Renovamos nosso sim ao que Jesus amou e escolheu - Hijas de Jes\u00fas\" \/>\n<meta property=\"og:description\" content=\"Hoje, 2 de fevereiro, celebramos junto com toda a Igreja o XXV Dia Mundial da Vida Consagrada e liturgicamente \u00e9 a festa da apresenta\u00e7\u00e3o de Jesus no Templo. \u201cA vida consagrada \u00e9 uma par\u00e1bola da fraternidade em um mundo ferido\u201d, \u00e9 vida e esperan\u00e7a para o mundo, \u00e9 uma presen\u00e7a simples, \u00e9 fermento. Hoje recordamos [&hellip;]\" \/>\n<meta property=\"og:url\" content=\"https:\/\/hijasdejesus.org\/pt-br\/renovamos-nosso-sim-ao-que-jesus-amou-e-escolheu\/\" \/>\n<meta property=\"og:site_name\" content=\"Hijas de Jes\u00fas\" \/>\n<meta property=\"article:publisher\" content=\"https:\/\/www.facebook.com\/hijasdejesusenelmundo\/\" \/>\n<meta property=\"article:published_time\" content=\"2021-02-01T22:16:14+00:00\" \/>\n<meta property=\"og:image\" content=\"https:\/\/hijasdejesus.org\/wp-content\/uploads\/2021\/02\/Espritu_Misionero.jpg\" \/>\n\t<meta property=\"og:image:width\" content=\"1152\" \/>\n\t<meta property=\"og:image:height\" content=\"864\" \/>\n\t<meta property=\"og:image:type\" content=\"image\/jpeg\" \/>\n<meta name=\"author\" content=\"Webmaster\" \/>\n<meta name=\"twitter:card\" content=\"summary_large_image\" \/>\n<meta name=\"twitter:creator\" content=\"@hijasdjesus\" \/>\n<meta name=\"twitter:site\" content=\"@hijasdjesus\" \/>\n<meta name=\"twitter:label1\" content=\"Escrito por\" \/>\n\t<meta name=\"twitter:data1\" content=\"Webmaster\" \/>\n\t<meta name=\"twitter:label2\" content=\"Est. tempo de leitura\" \/>\n\t<meta name=\"twitter:data2\" content=\"4 minutos\" \/>\n<script type=\"application\/ld+json\" class=\"yoast-schema-graph\">{\"@context\":\"https:\\\/\\\/schema.org\",\"@graph\":[{\"@type\":\"Article\",\"@id\":\"https:\\\/\\\/hijasdejesus.org\\\/pt-br\\\/renovamos-nosso-sim-ao-que-jesus-amou-e-escolheu\\\/#article\",\"isPartOf\":{\"@id\":\"https:\\\/\\\/hijasdejesus.org\\\/pt-br\\\/renovamos-nosso-sim-ao-que-jesus-amou-e-escolheu\\\/\"},\"author\":{\"name\":\"Webmaster\",\"@id\":\"https:\\\/\\\/hijasdejesus.org\\\/pt-br\\\/#\\\/schema\\\/person\\\/ce4455965da733f2791f23b6ec14e9b6\"},\"headline\":\"Renovamos nosso sim ao que Jesus amou e escolheu\",\"datePublished\":\"2021-02-01T22:16:14+00:00\",\"mainEntityOfPage\":{\"@id\":\"https:\\\/\\\/hijasdejesus.org\\\/pt-br\\\/renovamos-nosso-sim-ao-que-jesus-amou-e-escolheu\\\/\"},\"wordCount\":756,\"publisher\":{\"@id\":\"https:\\\/\\\/hijasdejesus.org\\\/pt-br\\\/#organization\"},\"image\":{\"@id\":\"https:\\\/\\\/hijasdejesus.org\\\/pt-br\\\/renovamos-nosso-sim-ao-que-jesus-amou-e-escolheu\\\/#primaryimage\"},\"thumbnailUrl\":\"https:\\\/\\\/hijasdejesus.org\\\/wp-content\\\/uploads\\\/2021\\\/02\\\/Espritu_Misionero.jpg\",\"articleSection\":[\"Am\u00e9rica Andina\",\"Argentina\",\"Igreja\",\"Juventude\",\"Not\u00edcias\",\"Vida Religiosa\"],\"inLanguage\":\"pt-BR\"},{\"@type\":\"WebPage\",\"@id\":\"https:\\\/\\\/hijasdejesus.org\\\/pt-br\\\/renovamos-nosso-sim-ao-que-jesus-amou-e-escolheu\\\/\",\"url\":\"https:\\\/\\\/hijasdejesus.org\\\/pt-br\\\/renovamos-nosso-sim-ao-que-jesus-amou-e-escolheu\\\/\",\"name\":\"Renovamos nosso sim ao que Jesus amou e escolheu - Hijas de Jes\u00fas\",\"isPartOf\":{\"@id\":\"https:\\\/\\\/hijasdejesus.org\\\/pt-br\\\/#website\"},\"primaryImageOfPage\":{\"@id\":\"https:\\\/\\\/hijasdejesus.org\\\/pt-br\\\/renovamos-nosso-sim-ao-que-jesus-amou-e-escolheu\\\/#primaryimage\"},\"image\":{\"@id\":\"https:\\\/\\\/hijasdejesus.org\\\/pt-br\\\/renovamos-nosso-sim-ao-que-jesus-amou-e-escolheu\\\/#primaryimage\"},\"thumbnailUrl\":\"https:\\\/\\\/hijasdejesus.org\\\/wp-content\\\/uploads\\\/2021\\\/02\\\/Espritu_Misionero.jpg\",\"datePublished\":\"2021-02-01T22:16:14+00:00\",\"breadcrumb\":{\"@id\":\"https:\\\/\\\/hijasdejesus.org\\\/pt-br\\\/renovamos-nosso-sim-ao-que-jesus-amou-e-escolheu\\\/#breadcrumb\"},\"inLanguage\":\"pt-BR\",\"potentialAction\":[{\"@type\":\"ReadAction\",\"target\":[\"https:\\\/\\\/hijasdejesus.org\\\/pt-br\\\/renovamos-nosso-sim-ao-que-jesus-amou-e-escolheu\\\/\"]}]},{\"@type\":\"ImageObject\",\"inLanguage\":\"pt-BR\",\"@id\":\"https:\\\/\\\/hijasdejesus.org\\\/pt-br\\\/renovamos-nosso-sim-ao-que-jesus-amou-e-escolheu\\\/#primaryimage\",\"url\":\"https:\\\/\\\/hijasdejesus.org\\\/wp-content\\\/uploads\\\/2021\\\/02\\\/Espritu_Misionero.jpg\",\"contentUrl\":\"https:\\\/\\\/hijasdejesus.org\\\/wp-content\\\/uploads\\\/2021\\\/02\\\/Espritu_Misionero.jpg\",\"width\":1152,\"height\":864},{\"@type\":\"BreadcrumbList\",\"@id\":\"https:\\\/\\\/hijasdejesus.org\\\/pt-br\\\/renovamos-nosso-sim-ao-que-jesus-amou-e-escolheu\\\/#breadcrumb\",\"itemListElement\":[{\"@type\":\"ListItem\",\"position\":1,\"name\":\"Portada\",\"item\":\"https:\\\/\\\/hijasdejesus.org\\\/pt-br\\\/\"},{\"@type\":\"ListItem\",\"position\":2,\"name\":\"Renovamos nosso sim ao que Jesus amou e escolheu\"}]},{\"@type\":\"WebSite\",\"@id\":\"https:\\\/\\\/hijasdejesus.org\\\/pt-br\\\/#website\",\"url\":\"https:\\\/\\\/hijasdejesus.org\\\/pt-br\\\/\",\"name\":\"Hijas de Jes\u00fas\",\"description\":\"Despertamos a Jes\u00fas en el coraz\u00f3n, sacando lo mejor de las personas. Somos una congregaci\u00f3n religiosa ignaciana fundada por la Madre Candida\",\"publisher\":{\"@id\":\"https:\\\/\\\/hijasdejesus.org\\\/pt-br\\\/#organization\"},\"potentialAction\":[{\"@type\":\"SearchAction\",\"target\":{\"@type\":\"EntryPoint\",\"urlTemplate\":\"https:\\\/\\\/hijasdejesus.org\\\/pt-br\\\/?s={search_term_string}\"},\"query-input\":{\"@type\":\"PropertyValueSpecification\",\"valueRequired\":true,\"valueName\":\"search_term_string\"}}],\"inLanguage\":\"pt-BR\"},{\"@type\":\"Organization\",\"@id\":\"https:\\\/\\\/hijasdejesus.org\\\/pt-br\\\/#organization\",\"name\":\"Hijas de Jes\u00fas\",\"url\":\"https:\\\/\\\/hijasdejesus.org\\\/pt-br\\\/\",\"logo\":{\"@type\":\"ImageObject\",\"inLanguage\":\"pt-BR\",\"@id\":\"https:\\\/\\\/hijasdejesus.org\\\/pt-br\\\/#\\\/schema\\\/logo\\\/image\\\/\",\"url\":\"https:\\\/\\\/hijasdejesus.org\\\/wp-content\\\/uploads\\\/2023\\\/01\\\/Hijas-de-Jesus_hor-A7C957.png\",\"contentUrl\":\"https:\\\/\\\/hijasdejesus.org\\\/wp-content\\\/uploads\\\/2023\\\/01\\\/Hijas-de-Jesus_hor-A7C957.png\",\"width\":700,\"height\":360,\"caption\":\"Hijas de Jes\u00fas\"},\"image\":{\"@id\":\"https:\\\/\\\/hijasdejesus.org\\\/pt-br\\\/#\\\/schema\\\/logo\\\/image\\\/\"},\"sameAs\":[\"https:\\\/\\\/www.facebook.com\\\/hijasdejesusenelmundo\\\/\",\"https:\\\/\\\/x.com\\\/hijasdjesus\"]},{\"@type\":\"Person\",\"@id\":\"https:\\\/\\\/hijasdejesus.org\\\/pt-br\\\/#\\\/schema\\\/person\\\/ce4455965da733f2791f23b6ec14e9b6\",\"name\":\"Webmaster\",\"image\":{\"@type\":\"ImageObject\",\"inLanguage\":\"pt-BR\",\"@id\":\"https:\\\/\\\/secure.gravatar.com\\\/avatar\\\/cfd0acaac86c3981d541d2e99a0ffb7b6d33a5ac8989a62f5518b9e0f7ee128a?s=96&d=mm&r=g\",\"url\":\"https:\\\/\\\/secure.gravatar.com\\\/avatar\\\/cfd0acaac86c3981d541d2e99a0ffb7b6d33a5ac8989a62f5518b9e0f7ee128a?s=96&d=mm&r=g\",\"contentUrl\":\"https:\\\/\\\/secure.gravatar.com\\\/avatar\\\/cfd0acaac86c3981d541d2e99a0ffb7b6d33a5ac8989a62f5518b9e0f7ee128a?s=96&d=mm&r=g\",\"caption\":\"Webmaster\"},\"url\":\"https:\\\/\\\/hijasdejesus.org\\\/pt-br\\\/author\\\/webmaster\\\/\"}]}<\/script>\n<!-- \/ Yoast SEO plugin. -->","yoast_head_json":{"title":"Renovamos nosso sim ao que Jesus amou e escolheu - Hijas de Jes\u00fas","robots":{"index":"index","follow":"follow","max-snippet":"max-snippet:-1","max-image-preview":"max-image-preview:large","max-video-preview":"max-video-preview:-1"},"canonical":"https:\/\/hijasdejesus.org\/pt-br\/renovamos-nosso-sim-ao-que-jesus-amou-e-escolheu\/","og_locale":"pt_BR","og_type":"article","og_title":"Renovamos nosso sim ao que Jesus amou e escolheu - Hijas de Jes\u00fas","og_description":"Hoje, 2 de fevereiro, celebramos junto com toda a Igreja o XXV Dia Mundial da Vida Consagrada e liturgicamente \u00e9 a festa da apresenta\u00e7\u00e3o de Jesus no Templo. \u201cA vida consagrada \u00e9 uma par\u00e1bola da fraternidade em um mundo ferido\u201d, \u00e9 vida e esperan\u00e7a para o mundo, \u00e9 uma presen\u00e7a simples, \u00e9 fermento. Hoje recordamos [&hellip;]","og_url":"https:\/\/hijasdejesus.org\/pt-br\/renovamos-nosso-sim-ao-que-jesus-amou-e-escolheu\/","og_site_name":"Hijas de Jes\u00fas","article_publisher":"https:\/\/www.facebook.com\/hijasdejesusenelmundo\/","article_published_time":"2021-02-01T22:16:14+00:00","og_image":[{"width":1152,"height":864,"url":"https:\/\/hijasdejesus.org\/wp-content\/uploads\/2021\/02\/Espritu_Misionero.jpg","type":"image\/jpeg"}],"author":"Webmaster","twitter_card":"summary_large_image","twitter_creator":"@hijasdjesus","twitter_site":"@hijasdjesus","twitter_misc":{"Escrito por":"Webmaster","Est. tempo de leitura":"4 minutos"},"schema":{"@context":"https:\/\/schema.org","@graph":[{"@type":"Article","@id":"https:\/\/hijasdejesus.org\/pt-br\/renovamos-nosso-sim-ao-que-jesus-amou-e-escolheu\/#article","isPartOf":{"@id":"https:\/\/hijasdejesus.org\/pt-br\/renovamos-nosso-sim-ao-que-jesus-amou-e-escolheu\/"},"author":{"name":"Webmaster","@id":"https:\/\/hijasdejesus.org\/pt-br\/#\/schema\/person\/ce4455965da733f2791f23b6ec14e9b6"},"headline":"Renovamos nosso sim ao que Jesus amou e escolheu","datePublished":"2021-02-01T22:16:14+00:00","mainEntityOfPage":{"@id":"https:\/\/hijasdejesus.org\/pt-br\/renovamos-nosso-sim-ao-que-jesus-amou-e-escolheu\/"},"wordCount":756,"publisher":{"@id":"https:\/\/hijasdejesus.org\/pt-br\/#organization"},"image":{"@id":"https:\/\/hijasdejesus.org\/pt-br\/renovamos-nosso-sim-ao-que-jesus-amou-e-escolheu\/#primaryimage"},"thumbnailUrl":"https:\/\/hijasdejesus.org\/wp-content\/uploads\/2021\/02\/Espritu_Misionero.jpg","articleSection":["Am\u00e9rica Andina","Argentina","Igreja","Juventude","Not\u00edcias","Vida Religiosa"],"inLanguage":"pt-BR"},{"@type":"WebPage","@id":"https:\/\/hijasdejesus.org\/pt-br\/renovamos-nosso-sim-ao-que-jesus-amou-e-escolheu\/","url":"https:\/\/hijasdejesus.org\/pt-br\/renovamos-nosso-sim-ao-que-jesus-amou-e-escolheu\/","name":"Renovamos nosso sim ao que Jesus amou e escolheu - Hijas de Jes\u00fas","isPartOf":{"@id":"https:\/\/hijasdejesus.org\/pt-br\/#website"},"primaryImageOfPage":{"@id":"https:\/\/hijasdejesus.org\/pt-br\/renovamos-nosso-sim-ao-que-jesus-amou-e-escolheu\/#primaryimage"},"image":{"@id":"https:\/\/hijasdejesus.org\/pt-br\/renovamos-nosso-sim-ao-que-jesus-amou-e-escolheu\/#primaryimage"},"thumbnailUrl":"https:\/\/hijasdejesus.org\/wp-content\/uploads\/2021\/02\/Espritu_Misionero.jpg","datePublished":"2021-02-01T22:16:14+00:00","breadcrumb":{"@id":"https:\/\/hijasdejesus.org\/pt-br\/renovamos-nosso-sim-ao-que-jesus-amou-e-escolheu\/#breadcrumb"},"inLanguage":"pt-BR","potentialAction":[{"@type":"ReadAction","target":["https:\/\/hijasdejesus.org\/pt-br\/renovamos-nosso-sim-ao-que-jesus-amou-e-escolheu\/"]}]},{"@type":"ImageObject","inLanguage":"pt-BR","@id":"https:\/\/hijasdejesus.org\/pt-br\/renovamos-nosso-sim-ao-que-jesus-amou-e-escolheu\/#primaryimage","url":"https:\/\/hijasdejesus.org\/wp-content\/uploads\/2021\/02\/Espritu_Misionero.jpg","contentUrl":"https:\/\/hijasdejesus.org\/wp-content\/uploads\/2021\/02\/Espritu_Misionero.jpg","width":1152,"height":864},{"@type":"BreadcrumbList","@id":"https:\/\/hijasdejesus.org\/pt-br\/renovamos-nosso-sim-ao-que-jesus-amou-e-escolheu\/#breadcrumb","itemListElement":[{"@type":"ListItem","position":1,"name":"Portada","item":"https:\/\/hijasdejesus.org\/pt-br\/"},{"@type":"ListItem","position":2,"name":"Renovamos nosso sim ao que Jesus amou e escolheu"}]},{"@type":"WebSite","@id":"https:\/\/hijasdejesus.org\/pt-br\/#website","url":"https:\/\/hijasdejesus.org\/pt-br\/","name":"Hijas de Jes\u00fas","description":"Despertamos a Jes\u00fas en el coraz\u00f3n, sacando lo mejor de las personas. Somos una congregaci\u00f3n religiosa ignaciana fundada por la Madre Candida","publisher":{"@id":"https:\/\/hijasdejesus.org\/pt-br\/#organization"},"potentialAction":[{"@type":"SearchAction","target":{"@type":"EntryPoint","urlTemplate":"https:\/\/hijasdejesus.org\/pt-br\/?s={search_term_string}"},"query-input":{"@type":"PropertyValueSpecification","valueRequired":true,"valueName":"search_term_string"}}],"inLanguage":"pt-BR"},{"@type":"Organization","@id":"https:\/\/hijasdejesus.org\/pt-br\/#organization","name":"Hijas de Jes\u00fas","url":"https:\/\/hijasdejesus.org\/pt-br\/","logo":{"@type":"ImageObject","inLanguage":"pt-BR","@id":"https:\/\/hijasdejesus.org\/pt-br\/#\/schema\/logo\/image\/","url":"https:\/\/hijasdejesus.org\/wp-content\/uploads\/2023\/01\/Hijas-de-Jesus_hor-A7C957.png","contentUrl":"https:\/\/hijasdejesus.org\/wp-content\/uploads\/2023\/01\/Hijas-de-Jesus_hor-A7C957.png","width":700,"height":360,"caption":"Hijas de Jes\u00fas"},"image":{"@id":"https:\/\/hijasdejesus.org\/pt-br\/#\/schema\/logo\/image\/"},"sameAs":["https:\/\/www.facebook.com\/hijasdejesusenelmundo\/","https:\/\/x.com\/hijasdjesus"]},{"@type":"Person","@id":"https:\/\/hijasdejesus.org\/pt-br\/#\/schema\/person\/ce4455965da733f2791f23b6ec14e9b6","name":"Webmaster","image":{"@type":"ImageObject","inLanguage":"pt-BR","@id":"https:\/\/secure.gravatar.com\/avatar\/cfd0acaac86c3981d541d2e99a0ffb7b6d33a5ac8989a62f5518b9e0f7ee128a?s=96&d=mm&r=g","url":"https:\/\/secure.gravatar.com\/avatar\/cfd0acaac86c3981d541d2e99a0ffb7b6d33a5ac8989a62f5518b9e0f7ee128a?s=96&d=mm&r=g","contentUrl":"https:\/\/secure.gravatar.com\/avatar\/cfd0acaac86c3981d541d2e99a0ffb7b6d33a5ac8989a62f5518b9e0f7ee128a?s=96&d=mm&r=g","caption":"Webmaster"},"url":"https:\/\/hijasdejesus.org\/pt-br\/author\/webmaster\/"}]}},"_links":{"self":[{"href":"https:\/\/hijasdejesus.org\/pt-br\/wp-json\/wp\/v2\/posts\/29428","targetHints":{"allow":["GET"]}}],"collection":[{"href":"https:\/\/hijasdejesus.org\/pt-br\/wp-json\/wp\/v2\/posts"}],"about":[{"href":"https:\/\/hijasdejesus.org\/pt-br\/wp-json\/wp\/v2\/types\/post"}],"author":[{"embeddable":true,"href":"https:\/\/hijasdejesus.org\/pt-br\/wp-json\/wp\/v2\/users\/28"}],"replies":[{"embeddable":true,"href":"https:\/\/hijasdejesus.org\/pt-br\/wp-json\/wp\/v2\/comments?post=29428"}],"version-history":[{"count":0,"href":"https:\/\/hijasdejesus.org\/pt-br\/wp-json\/wp\/v2\/posts\/29428\/revisions"}],"wp:featuredmedia":[{"embeddable":true,"href":"https:\/\/hijasdejesus.org\/pt-br\/wp-json\/wp\/v2\/media\/10596"}],"wp:attachment":[{"href":"https:\/\/hijasdejesus.org\/pt-br\/wp-json\/wp\/v2\/media?parent=29428"}],"wp:term":[{"taxonomy":"category","embeddable":true,"href":"https:\/\/hijasdejesus.org\/pt-br\/wp-json\/wp\/v2\/categories?post=29428"},{"taxonomy":"post_tag","embeddable":true,"href":"https:\/\/hijasdejesus.org\/pt-br\/wp-json\/wp\/v2\/tags?post=29428"}],"curies":[{"name":"wp","href":"https:\/\/api.w.org\/{rel}","templated":true}]}}