{"id":29501,"date":"2021-04-10T04:20:52","date_gmt":"2021-04-10T02:20:52","guid":{"rendered":"https:\/\/nueva.hijasdejesus.org\/em-dialogo-com-nathalie-becquard-de-xaviere\/"},"modified":"2021-04-10T02:20:52","modified_gmt":"2021-04-10T00:20:52","slug":"em-dialogo-com-nathalie-becquard-de-xaviere","status":"publish","type":"post","link":"https:\/\/hijasdejesus.org\/pt-br\/em-dialogo-com-nathalie-becquard-de-xaviere\/","title":{"rendered":"Em di\u00e1logo com&#8230; Nathalie Becquard, de Xavi\u00e8re"},"content":{"rendered":"<\/p>\n<p style=\"text-align: justify;\"><strong><em>Nathalie Becquard <\/em><\/strong>\u00e9 uma religiosa das <em><strong>Mission\u00e1rias de Cristo Jesus<\/strong><\/em> <em>(Xavi\u00e8re). <\/em>Como sabemos, ela foi recentemente nomeada <strong><em>subsecret\u00e1ria da Secretaria-Geral do S\u00ednodo dos Bispos, <\/em><\/strong>a primeira mulher e com direito a voto. Tamb\u00e9m foi eleito um religioso<strong> <em>agostiniano espanhol, Luis Mar\u00edn de San Mart\u00edn.<\/em><\/strong><\/p>\n<p style=\"text-align: justify;\">Pudemos compartilhar muitas horas de trabalho e reflex\u00e3o conjunta no S\u00ednodo Juvenil e, a partir desse v\u00ednculo que se criou entre n\u00f3s, ousei fazer-lhe algumas perguntas, \u00e0s quais ela gentilmente respondeu dando-me um espa\u00e7o na sua agenda , agora sempre. mais completo.<\/p>\n<p style=\"text-align: justify;\"><em><strong>Pensa que a sua nomea\u00e7\u00e3o \u00e9 o resultado do trabalho realizado nos dois S\u00ednodos anteriores, onde ouvimos o Esp\u00edrito Santo? Qual \u00e9 a tua opini\u00e3o?<\/strong><\/em><\/p>\n<p style=\"text-align: justify;\">Os <strong>dois \u00faltimos s\u00ednodos<\/strong> falaram muito sobre a quest\u00e3o das mulheres. En el Documento Final del S\u00ednodo de los J\u00f3venes y del S\u00ednodo sobre la Amazon\u00eda podemos leer palabras fuertes que llaman, por un lado, <strong>a luchar contra toda discriminaci\u00f3n de la mujer en la sociedad<\/strong> y, por otro, <strong>a dar m\u00e1s responsabilidad a las mujeres en a Igreja.<\/strong><\/p>\n<p style=\"text-align: justify;\">Assim, no par\u00e1grafo 13 do Documento Final do S\u00ednodo dos Jovens: <em>\u201cA B\u00edblia apresenta o homem e a mulher como parceiros iguais perante Deus (cf. Gn 5,2): toda domina\u00e7\u00e3o e discrimina\u00e7\u00e3o com base no sexo ofende a dignidade humana\u201d; ou ainda no par\u00e1grafo 148: \u201cUma Igreja que se prop\u00f5e a viver o estilo sinodal n\u00e3o pode prescindir da reflex\u00e3o sobre a condi\u00e7\u00e3o e o papel da mulher nela e, por conseguinte, tamb\u00e9m na sociedade. Mulheres e homens. Os jovens o pedem com As reflex\u00f5es desenvolvidas devem ser postas em pr\u00e1tica atrav\u00e9s de um trabalho de corajosa convers\u00e3o cultural e mudan\u00e7a na pr\u00e1tica pastoral cotidiana.Uma \u00e1rea de particular import\u00e2ncia neste sentido \u00e9 a presen\u00e7a das mulheres nas organiza\u00e7\u00f5es eclesiais em todos os n\u00edveis, especialmente nos cargos de responsabilidade e na participa\u00e7\u00e3o das mulheres nos processos de decis\u00e3o eclesial, respeitando o papel do minist\u00e9rio ordenado, \u00e9 um dever de justi\u00e7a, inspirado tanto na forma como Jesus se relacionou com os homens e mulheres de sua tempo, como na import\u00e2ncia do papel de certas figuras femininas na B\u00edblia, na hist\u00f3ria da salva\u00e7\u00e3o e na vida da Igreja.<\/em><\/p>\n<p style=\"text-align: justify;\">Na mesma linha, o S\u00ednodo sobre a Amaz\u00f4nia preconiza que a Igreja consulte as mulheres, <strong>reconhe\u00e7a e fortale\u00e7a sua participa\u00e7\u00e3o nos processos de tomada de decis\u00e3o<\/strong> (DF \u00a7101). A minha nomea\u00e7\u00e3o pode, portanto, ser lida como um <strong>gesto do Papa Francisco em resposta aos pedidos dos \u00faltimos s\u00ednodos.<\/strong><strong>\u00a0<\/strong><\/p>\n<p style=\"text-align: justify;\"><em><strong>O que podemos fazer para viver a sinodalidade na vida crist\u00e3 di\u00e1ria, sem deixar tudo para o S\u00ednodo como tal?<\/strong><\/em><\/p>\n<p style=\"text-align: justify;\">Nesta fase atual da recep\u00e7\u00e3o do Vaticano II, no contexto hist\u00f3rico que \u00e9 nosso, somos chamados a fortalecer e desenvolver a sinodalidade em todos os n\u00edveis da Igreja. \u00c9 claro que <em>\u00abdevemos avan\u00e7ar neste caminho. O mundo em que vivemos, e que somos chamados a amar e servir mesmo nas suas contradi\u00e7\u00f5es, exige da Igreja o refor\u00e7o das sinergias em todos os \u00e2mbitos da sua miss\u00e3o. O caminho da sinodalidade \u00e9 precisamente o que Deus espera da Igreja do terceiro mil\u00eanio.&#8221;\u00a0\u00a0<\/em><a href=\"#_ftn1\" name=\"_ftnref1\">[1]<\/a>.<\/p>\n<p style=\"text-align: justify;\">Portanto, todos n\u00f3s somos convidados a <strong>promover e colocar em pr\u00e1tica a sinodalidade onde quer que estejamos<\/strong>. Ou seja, viver a nossa f\u00e9 crist\u00e3 neste estilo sinodal, que \u00e9 um estilo mission\u00e1rio para anunciar o Evangelho aos homens e mulheres deste tempo. Trata-se, em primeiro lugar, de dar vida \u00e0s institui\u00e7\u00f5es sinodais que n\u00e3o s\u00e3o apenas o S\u00ednodo dos Bispos ou o S\u00ednodo diocesano, mas tamb\u00e9m um conselho pastoral diocesano ou paroquial, um conselho presbiteral, um cap\u00edtulo local, provincial ou geral para as comunidades religiosas, assembleias gerais e conselhos de movimentos eclesiais &#8230;<\/p>\n<p style=\"text-align: justify;\">Como nos diz o Papa Francisco: <em>\u201cSer Igreja \u00e9 ser uma comunidade que caminha junto. N\u00e3o basta ter um s\u00ednodo, deve s\u00ea-lo. A Igreja precisa de um intenso interc\u00e2mbio interior: um di\u00e1logo vivo entre os pastores e entre eles e os fi\u00e9is.&#8221;<\/em> \u00a0<a href=\"#_ftn2\" name=\"_ftnref2\">[2]<\/a>.\u00a0<strong>A sinodalidade \u00e9 um estilo mission\u00e1rio que \u00e9 um modo de vida e uma pr\u00e1tica marcada pela escuta e pelo discernimento.<\/strong><\/p>\n<p style=\"text-align: justify;\">Para colocar a sinodalidade em pr\u00e1tica no dia a dia, precisamos integrar e viver a espiritualidade da sinodalidade, que<strong> exige atitudes de f\u00e9 e confian\u00e7a<\/strong> (em Deus, nos outros), de escuta e humildade, de di\u00e1logo e de liberdade para busque a verdade. Trata-se de <strong>desenvolver uma verdadeira cultura do encontro ao servi\u00e7o do bem comum<\/strong>, na aceita\u00e7\u00e3o e no respeito das diferen\u00e7as com a convic\u00e7\u00e3o de que o Esp\u00edrito fala em cada pessoa e que s\u00f3 podemos discernir juntos nesta escuta m\u00fatua os apelos do Esp\u00edrito. . Sinodalidade significa passar do &#8220;eu&#8221; ao &#8220;n\u00f3s&#8221;, redescobrindo o primado do &#8220;n\u00f3s&#8221; eclesial, da comunidade, uma comunidade aberta e inclusiva que caminha junto com Cristo no centro. A sinodalidade, ao colocar Cristo e os outros no centro, nos edifica como Povo de Deus.<\/p>\n<p><strong><em><img loading=\"lazy\" decoding=\"async\" class=\" size-full wp-image-10822\" style=\"display: block; margin-left: auto; margin-right: auto;\" src=\"https:\/\/hijasdejesus.org\/wp-content\/uploads\/2021\/04\/2021-04-09_Entrevista_Nathalie_1.jpg\" alt=\"\" width=\"562\" height=\"316\" \/><\/em><\/strong><\/p>\n<p><em><strong>Teremos pais e m\u00e3es sinodais no pr\u00f3ximo S\u00ednodo? Homens e mulheres leigos? Voc\u00ea acha que haver\u00e1 uma verdadeira experi\u00eancia sinodal?<\/strong><\/em><\/p>\n<p style=\"text-align: justify;\"><em>\u00abFoi aberta uma porta\u00bb,<\/em> disse o Cardeal Mario Grech ao comentar a minha nomea\u00e7\u00e3o, porque de facto, segundo a Constitui\u00e7\u00e3o da <em>Episcopalis Communio<\/em>, a miss\u00e3o do Subsecret\u00e1rio do Secretariado Geral do S\u00ednodo implica ser membro do S\u00ednodo de direito e , portanto, direito de voto. Esta quest\u00e3o foi levantada em massa nos \u00faltimos dois s\u00ednodos, e muitos expressaram sua incompreens\u00e3o pelo fato de que os superiores gerais n\u00e3o clericais que representam as ordens religiosas masculinas podem votar como padres sinodais e n\u00e3o os religiosos, que at\u00e9 agora s\u00f3 podiam participam do s\u00ednodo como auditores ou especialistas.<\/p>\n<p style=\"text-align: justify;\"><strong>A hist\u00f3ria do S\u00ednodo dos Bispos<\/strong>, desde a sua cria\u00e7\u00e3o no final do Conc\u00edlio em 1965, ensina-nos que <strong>evolui de um s\u00ednodo para o s\u00ednodo.<\/strong> Portanto, podemos assumir que a evolu\u00e7\u00e3o continuar\u00e1. Em particular, espera-se que o pr\u00f3ximo s\u00ednodo sobre sinodalidade em 2022 conduza a uma importante fase de prepara\u00e7\u00e3o nas Igrejas locais, possibilitando experi\u00eancias sinodais concretas ao n\u00edvel de par\u00f3quias, dioceses, confer\u00eancias episcopais, etc., <strong>com destaque para ouvir o povo de Deus.<\/strong><\/p>\n<p style=\"text-align: justify;\">\u00a0<\/p>\n<p><strong><em>Certamente, tenho sentido a alegria de muitas mulheres pela sua nomea\u00e7\u00e3o, o que diria, como mulher, a todas n\u00f3s?<\/em><\/strong><\/p>\n<p style=\"text-align: justify;\">Sim, fiquei impressionado e comovido com as muitas mensagens que recebi de todo o mundo ap\u00f3s minha nomea\u00e7\u00e3o [3]. Todos expressaram a<em><strong> alegria compartilhada por quem recebeu a not\u00edcia.<\/strong> <\/em>Muitas mulheres, claro, e em particular as freiras que receberam esta nomea\u00e7\u00e3o como suas. Mas tamb\u00e9m muitos homens, muitos padres, bispos, cardeais que me disseram como ficaram felizes com esta decis\u00e3o do Papa Francisco e o que ela simboliza: a inscri\u00e7\u00e3o na pr\u00f3pria estrutura do S\u00ednodo dos Bispos da presen\u00e7a das mulheres, dos religiosos &#8211; n\u00f3s n\u00e3o devemos esquecer que fui nomeado juntamente com outro subsecret\u00e1rio religioso agostiniano espanhol, padre Luis Mar\u00edn de San Mart\u00edn-, de laicato.<\/p>\n<p style=\"text-align: justify;\">\u00c9 um sinal vis\u00edvel de que <em><strong>o Sensus Fidei est\u00e1 sendo levado em considera\u00e7\u00e3o<\/strong><\/em>. Sinto-me levado e apoiado pelas ora\u00e7\u00f5es de muitos. Isso me chama a viver esta miss\u00e3o como um servi\u00e7o humilde estando profundamente conectada, ligada ao povo de Deus, ouvindo a todos, especialmente os mais pobres e sofredores.<\/p>\n<p><strong><em>Muito obrigada, Natahalie, por esta partilha cordial e profunda que nos encoraja a continuar caminhando sinodalmente.<\/em><\/strong><\/p>\n<p><strong><em>Mar\u00eda Luisa Berzosa, FI &#8211;<\/em><\/strong><strong><em>Roma-<\/em><\/strong><\/p>\n<p>\u00a0<\/p>\n<p><a href=\"#_ftnref1\" name=\"_ftn1\">[1]<\/a> <a href=\"http:\/\/www.vatican.va\/content\/francesco\/fr\/speeches\/2015\/october\/documents\/papa-francesco_20151017_50-anniversario-sinodo.html\">Discurso do Papa Francisco por ocasi\u00e3o do 50\u00ba anivers\u00e1rio da Institui\u00e7\u00e3o do S\u00ednodo, 17 de outubro de 2015<\/a>.<\/p>\n<p><a href=\"#_ftnref2\" name=\"_ftn2\">[2]<\/a> <a href=\"https:\/\/www.la-croix.com\/Urbi-et-Orbi\/Documentation-catholique\/Actes-du-pape\/Le-pape-Francois-responsables-greco-catholiques-ukrainiens-Lecoute-sensibilite-ouverture-opinions-freres-2019-08-22-1201042392\">Discurso do Papa Francisco aos respons\u00e1veis \u200b\u200bpela Igreja Greco-Cat\u00f3lica Ucraniana, 5 de julho de 2019<\/a>.<\/p>\n<p><a href=\"#_ftnref3\" name=\"_ftn3\">[3]<\/a> <a href=\"https:\/\/www.vaticannews.va\/fr\/vatican\/news\/2021-02\/interview-cardinal-grech-synode-sous-secretaires.html\">Entrevista al cardenal Grech, Secretario General del S\u00ednodo de los obispos<\/a>.<\/p>\n","protected":false},"excerpt":{"rendered":"<p>Nathalie Becquard \u00e9 uma religiosa das Mission\u00e1rias de Cristo Jesus (Xavi\u00e8re). Como sabemos, ela foi recentemente nomeada subsecret\u00e1ria da Secretaria-Geral do S\u00ednodo dos Bispos, a primeira mulher e com direito a voto. Tamb\u00e9m foi eleito um religioso agostiniano espanhol, Luis Mar\u00edn de San Mart\u00edn. Pudemos compartilhar muitas horas de trabalho e reflex\u00e3o conjunta no S\u00ednodo [&hellip;]<\/p>\n","protected":false},"author":28,"featured_media":10826,"comment_status":"closed","ping_status":"closed","sticky":false,"template":"","format":"standard","meta":{"_et_pb_use_builder":"","_et_pb_old_content":"","_et_gb_content_width":"","footnotes":"","_links_to":"","_links_to_target":""},"categories":[533,469],"tags":[712],"class_list":["post-29501","post","type-post","status-publish","format-standard","has-post-thumbnail","hentry","category-igreja","category-noticias-pt-br","tag-sinodo-pt-br"],"yoast_head":"<!-- This site is optimized with the Yoast SEO plugin v27.4 - https:\/\/yoast.com\/product\/yoast-seo-wordpress\/ -->\n<title>Em di\u00e1logo com... Nathalie Becquard, de Xavi\u00e8re - Hijas de Jes\u00fas<\/title>\n<meta name=\"robots\" content=\"index, follow, max-snippet:-1, max-image-preview:large, max-video-preview:-1\" \/>\n<link rel=\"canonical\" href=\"https:\/\/hijasdejesus.org\/pt-br\/em-dialogo-com-nathalie-becquard-de-xaviere\/\" \/>\n<meta property=\"og:locale\" content=\"pt_BR\" \/>\n<meta property=\"og:type\" content=\"article\" \/>\n<meta property=\"og:title\" content=\"Em di\u00e1logo com... Nathalie Becquard, de Xavi\u00e8re - Hijas de Jes\u00fas\" \/>\n<meta property=\"og:description\" content=\"Nathalie Becquard \u00e9 uma religiosa das Mission\u00e1rias de Cristo Jesus (Xavi\u00e8re). Como sabemos, ela foi recentemente nomeada subsecret\u00e1ria da Secretaria-Geral do S\u00ednodo dos Bispos, a primeira mulher e com direito a voto. Tamb\u00e9m foi eleito um religioso agostiniano espanhol, Luis Mar\u00edn de San Mart\u00edn. Pudemos compartilhar muitas horas de trabalho e reflex\u00e3o conjunta no S\u00ednodo [&hellip;]\" \/>\n<meta property=\"og:url\" content=\"https:\/\/hijasdejesus.org\/pt-br\/em-dialogo-com-nathalie-becquard-de-xaviere\/\" \/>\n<meta property=\"og:site_name\" content=\"Hijas de Jes\u00fas\" \/>\n<meta property=\"article:publisher\" content=\"https:\/\/www.facebook.com\/hijasdejesusenelmundo\/\" \/>\n<meta property=\"article:published_time\" content=\"2021-04-10T02:20:52+00:00\" \/>\n<meta property=\"og:image\" content=\"https:\/\/hijasdejesus.org\/wp-content\/uploads\/2021\/04\/2021-04-09_Entrevista_Nathalie_Cabecera_PT.jpg\" \/>\n\t<meta property=\"og:image:width\" content=\"2000\" \/>\n\t<meta property=\"og:image:height\" content=\"647\" \/>\n\t<meta property=\"og:image:type\" content=\"image\/jpeg\" \/>\n<meta name=\"author\" content=\"Webmaster\" \/>\n<meta name=\"twitter:card\" content=\"summary_large_image\" \/>\n<meta name=\"twitter:creator\" content=\"@hijasdjesus\" \/>\n<meta name=\"twitter:site\" content=\"@hijasdjesus\" \/>\n<meta name=\"twitter:label1\" content=\"Escrito por\" \/>\n\t<meta name=\"twitter:data1\" content=\"Webmaster\" \/>\n\t<meta name=\"twitter:label2\" content=\"Est. tempo de leitura\" \/>\n\t<meta name=\"twitter:data2\" content=\"7 minutos\" \/>\n<script type=\"application\/ld+json\" class=\"yoast-schema-graph\">{\"@context\":\"https:\\\/\\\/schema.org\",\"@graph\":[{\"@type\":\"Article\",\"@id\":\"https:\\\/\\\/hijasdejesus.org\\\/pt-br\\\/em-dialogo-com-nathalie-becquard-de-xaviere\\\/#article\",\"isPartOf\":{\"@id\":\"https:\\\/\\\/hijasdejesus.org\\\/pt-br\\\/em-dialogo-com-nathalie-becquard-de-xaviere\\\/\"},\"author\":{\"name\":\"Webmaster\",\"@id\":\"https:\\\/\\\/hijasdejesus.org\\\/pt-br\\\/#\\\/schema\\\/person\\\/ce4455965da733f2791f23b6ec14e9b6\"},\"headline\":\"Em di\u00e1logo com&#8230; Nathalie Becquard, de Xavi\u00e8re\",\"datePublished\":\"2021-04-10T02:20:52+00:00\",\"mainEntityOfPage\":{\"@id\":\"https:\\\/\\\/hijasdejesus.org\\\/pt-br\\\/em-dialogo-com-nathalie-becquard-de-xaviere\\\/\"},\"wordCount\":1361,\"publisher\":{\"@id\":\"https:\\\/\\\/hijasdejesus.org\\\/pt-br\\\/#organization\"},\"image\":{\"@id\":\"https:\\\/\\\/hijasdejesus.org\\\/pt-br\\\/em-dialogo-com-nathalie-becquard-de-xaviere\\\/#primaryimage\"},\"thumbnailUrl\":\"https:\\\/\\\/hijasdejesus.org\\\/wp-content\\\/uploads\\\/2021\\\/04\\\/2021-04-09_Entrevista_Nathalie_Cabecera_PT.jpg\",\"keywords\":[\"S\u00ednodo\"],\"articleSection\":[\"Igreja\",\"Not\u00edcias\"],\"inLanguage\":\"pt-BR\"},{\"@type\":\"WebPage\",\"@id\":\"https:\\\/\\\/hijasdejesus.org\\\/pt-br\\\/em-dialogo-com-nathalie-becquard-de-xaviere\\\/\",\"url\":\"https:\\\/\\\/hijasdejesus.org\\\/pt-br\\\/em-dialogo-com-nathalie-becquard-de-xaviere\\\/\",\"name\":\"Em di\u00e1logo com... Nathalie Becquard, de Xavi\u00e8re - Hijas de Jes\u00fas\",\"isPartOf\":{\"@id\":\"https:\\\/\\\/hijasdejesus.org\\\/pt-br\\\/#website\"},\"primaryImageOfPage\":{\"@id\":\"https:\\\/\\\/hijasdejesus.org\\\/pt-br\\\/em-dialogo-com-nathalie-becquard-de-xaviere\\\/#primaryimage\"},\"image\":{\"@id\":\"https:\\\/\\\/hijasdejesus.org\\\/pt-br\\\/em-dialogo-com-nathalie-becquard-de-xaviere\\\/#primaryimage\"},\"thumbnailUrl\":\"https:\\\/\\\/hijasdejesus.org\\\/wp-content\\\/uploads\\\/2021\\\/04\\\/2021-04-09_Entrevista_Nathalie_Cabecera_PT.jpg\",\"datePublished\":\"2021-04-10T02:20:52+00:00\",\"breadcrumb\":{\"@id\":\"https:\\\/\\\/hijasdejesus.org\\\/pt-br\\\/em-dialogo-com-nathalie-becquard-de-xaviere\\\/#breadcrumb\"},\"inLanguage\":\"pt-BR\",\"potentialAction\":[{\"@type\":\"ReadAction\",\"target\":[\"https:\\\/\\\/hijasdejesus.org\\\/pt-br\\\/em-dialogo-com-nathalie-becquard-de-xaviere\\\/\"]}]},{\"@type\":\"ImageObject\",\"inLanguage\":\"pt-BR\",\"@id\":\"https:\\\/\\\/hijasdejesus.org\\\/pt-br\\\/em-dialogo-com-nathalie-becquard-de-xaviere\\\/#primaryimage\",\"url\":\"https:\\\/\\\/hijasdejesus.org\\\/wp-content\\\/uploads\\\/2021\\\/04\\\/2021-04-09_Entrevista_Nathalie_Cabecera_PT.jpg\",\"contentUrl\":\"https:\\\/\\\/hijasdejesus.org\\\/wp-content\\\/uploads\\\/2021\\\/04\\\/2021-04-09_Entrevista_Nathalie_Cabecera_PT.jpg\",\"width\":2000,\"height\":647},{\"@type\":\"BreadcrumbList\",\"@id\":\"https:\\\/\\\/hijasdejesus.org\\\/pt-br\\\/em-dialogo-com-nathalie-becquard-de-xaviere\\\/#breadcrumb\",\"itemListElement\":[{\"@type\":\"ListItem\",\"position\":1,\"name\":\"Portada\",\"item\":\"https:\\\/\\\/hijasdejesus.org\\\/pt-br\\\/\"},{\"@type\":\"ListItem\",\"position\":2,\"name\":\"Em di\u00e1logo com&#8230; Nathalie Becquard, de Xavi\u00e8re\"}]},{\"@type\":\"WebSite\",\"@id\":\"https:\\\/\\\/hijasdejesus.org\\\/pt-br\\\/#website\",\"url\":\"https:\\\/\\\/hijasdejesus.org\\\/pt-br\\\/\",\"name\":\"Hijas de Jes\u00fas\",\"description\":\"Despertamos a Jes\u00fas en el coraz\u00f3n, sacando lo mejor de las personas. Somos una congregaci\u00f3n religiosa ignaciana fundada por la Madre Candida\",\"publisher\":{\"@id\":\"https:\\\/\\\/hijasdejesus.org\\\/pt-br\\\/#organization\"},\"potentialAction\":[{\"@type\":\"SearchAction\",\"target\":{\"@type\":\"EntryPoint\",\"urlTemplate\":\"https:\\\/\\\/hijasdejesus.org\\\/pt-br\\\/?s={search_term_string}\"},\"query-input\":{\"@type\":\"PropertyValueSpecification\",\"valueRequired\":true,\"valueName\":\"search_term_string\"}}],\"inLanguage\":\"pt-BR\"},{\"@type\":\"Organization\",\"@id\":\"https:\\\/\\\/hijasdejesus.org\\\/pt-br\\\/#organization\",\"name\":\"Hijas de Jes\u00fas\",\"url\":\"https:\\\/\\\/hijasdejesus.org\\\/pt-br\\\/\",\"logo\":{\"@type\":\"ImageObject\",\"inLanguage\":\"pt-BR\",\"@id\":\"https:\\\/\\\/hijasdejesus.org\\\/pt-br\\\/#\\\/schema\\\/logo\\\/image\\\/\",\"url\":\"https:\\\/\\\/hijasdejesus.org\\\/wp-content\\\/uploads\\\/2023\\\/01\\\/Hijas-de-Jesus_hor-A7C957.png\",\"contentUrl\":\"https:\\\/\\\/hijasdejesus.org\\\/wp-content\\\/uploads\\\/2023\\\/01\\\/Hijas-de-Jesus_hor-A7C957.png\",\"width\":700,\"height\":360,\"caption\":\"Hijas de Jes\u00fas\"},\"image\":{\"@id\":\"https:\\\/\\\/hijasdejesus.org\\\/pt-br\\\/#\\\/schema\\\/logo\\\/image\\\/\"},\"sameAs\":[\"https:\\\/\\\/www.facebook.com\\\/hijasdejesusenelmundo\\\/\",\"https:\\\/\\\/x.com\\\/hijasdjesus\"]},{\"@type\":\"Person\",\"@id\":\"https:\\\/\\\/hijasdejesus.org\\\/pt-br\\\/#\\\/schema\\\/person\\\/ce4455965da733f2791f23b6ec14e9b6\",\"name\":\"Webmaster\",\"image\":{\"@type\":\"ImageObject\",\"inLanguage\":\"pt-BR\",\"@id\":\"https:\\\/\\\/secure.gravatar.com\\\/avatar\\\/cfd0acaac86c3981d541d2e99a0ffb7b6d33a5ac8989a62f5518b9e0f7ee128a?s=96&d=mm&r=g\",\"url\":\"https:\\\/\\\/secure.gravatar.com\\\/avatar\\\/cfd0acaac86c3981d541d2e99a0ffb7b6d33a5ac8989a62f5518b9e0f7ee128a?s=96&d=mm&r=g\",\"contentUrl\":\"https:\\\/\\\/secure.gravatar.com\\\/avatar\\\/cfd0acaac86c3981d541d2e99a0ffb7b6d33a5ac8989a62f5518b9e0f7ee128a?s=96&d=mm&r=g\",\"caption\":\"Webmaster\"},\"url\":\"https:\\\/\\\/hijasdejesus.org\\\/pt-br\\\/author\\\/webmaster\\\/\"}]}<\/script>\n<!-- \/ Yoast SEO plugin. -->","yoast_head_json":{"title":"Em di\u00e1logo com... Nathalie Becquard, de Xavi\u00e8re - Hijas de Jes\u00fas","robots":{"index":"index","follow":"follow","max-snippet":"max-snippet:-1","max-image-preview":"max-image-preview:large","max-video-preview":"max-video-preview:-1"},"canonical":"https:\/\/hijasdejesus.org\/pt-br\/em-dialogo-com-nathalie-becquard-de-xaviere\/","og_locale":"pt_BR","og_type":"article","og_title":"Em di\u00e1logo com... Nathalie Becquard, de Xavi\u00e8re - Hijas de Jes\u00fas","og_description":"Nathalie Becquard \u00e9 uma religiosa das Mission\u00e1rias de Cristo Jesus (Xavi\u00e8re). Como sabemos, ela foi recentemente nomeada subsecret\u00e1ria da Secretaria-Geral do S\u00ednodo dos Bispos, a primeira mulher e com direito a voto. Tamb\u00e9m foi eleito um religioso agostiniano espanhol, Luis Mar\u00edn de San Mart\u00edn. Pudemos compartilhar muitas horas de trabalho e reflex\u00e3o conjunta no S\u00ednodo [&hellip;]","og_url":"https:\/\/hijasdejesus.org\/pt-br\/em-dialogo-com-nathalie-becquard-de-xaviere\/","og_site_name":"Hijas de Jes\u00fas","article_publisher":"https:\/\/www.facebook.com\/hijasdejesusenelmundo\/","article_published_time":"2021-04-10T02:20:52+00:00","og_image":[{"width":2000,"height":647,"url":"https:\/\/hijasdejesus.org\/wp-content\/uploads\/2021\/04\/2021-04-09_Entrevista_Nathalie_Cabecera_PT.jpg","type":"image\/jpeg"}],"author":"Webmaster","twitter_card":"summary_large_image","twitter_creator":"@hijasdjesus","twitter_site":"@hijasdjesus","twitter_misc":{"Escrito por":"Webmaster","Est. tempo de leitura":"7 minutos"},"schema":{"@context":"https:\/\/schema.org","@graph":[{"@type":"Article","@id":"https:\/\/hijasdejesus.org\/pt-br\/em-dialogo-com-nathalie-becquard-de-xaviere\/#article","isPartOf":{"@id":"https:\/\/hijasdejesus.org\/pt-br\/em-dialogo-com-nathalie-becquard-de-xaviere\/"},"author":{"name":"Webmaster","@id":"https:\/\/hijasdejesus.org\/pt-br\/#\/schema\/person\/ce4455965da733f2791f23b6ec14e9b6"},"headline":"Em di\u00e1logo com&#8230; Nathalie Becquard, de Xavi\u00e8re","datePublished":"2021-04-10T02:20:52+00:00","mainEntityOfPage":{"@id":"https:\/\/hijasdejesus.org\/pt-br\/em-dialogo-com-nathalie-becquard-de-xaviere\/"},"wordCount":1361,"publisher":{"@id":"https:\/\/hijasdejesus.org\/pt-br\/#organization"},"image":{"@id":"https:\/\/hijasdejesus.org\/pt-br\/em-dialogo-com-nathalie-becquard-de-xaviere\/#primaryimage"},"thumbnailUrl":"https:\/\/hijasdejesus.org\/wp-content\/uploads\/2021\/04\/2021-04-09_Entrevista_Nathalie_Cabecera_PT.jpg","keywords":["S\u00ednodo"],"articleSection":["Igreja","Not\u00edcias"],"inLanguage":"pt-BR"},{"@type":"WebPage","@id":"https:\/\/hijasdejesus.org\/pt-br\/em-dialogo-com-nathalie-becquard-de-xaviere\/","url":"https:\/\/hijasdejesus.org\/pt-br\/em-dialogo-com-nathalie-becquard-de-xaviere\/","name":"Em di\u00e1logo com... Nathalie Becquard, de Xavi\u00e8re - Hijas de Jes\u00fas","isPartOf":{"@id":"https:\/\/hijasdejesus.org\/pt-br\/#website"},"primaryImageOfPage":{"@id":"https:\/\/hijasdejesus.org\/pt-br\/em-dialogo-com-nathalie-becquard-de-xaviere\/#primaryimage"},"image":{"@id":"https:\/\/hijasdejesus.org\/pt-br\/em-dialogo-com-nathalie-becquard-de-xaviere\/#primaryimage"},"thumbnailUrl":"https:\/\/hijasdejesus.org\/wp-content\/uploads\/2021\/04\/2021-04-09_Entrevista_Nathalie_Cabecera_PT.jpg","datePublished":"2021-04-10T02:20:52+00:00","breadcrumb":{"@id":"https:\/\/hijasdejesus.org\/pt-br\/em-dialogo-com-nathalie-becquard-de-xaviere\/#breadcrumb"},"inLanguage":"pt-BR","potentialAction":[{"@type":"ReadAction","target":["https:\/\/hijasdejesus.org\/pt-br\/em-dialogo-com-nathalie-becquard-de-xaviere\/"]}]},{"@type":"ImageObject","inLanguage":"pt-BR","@id":"https:\/\/hijasdejesus.org\/pt-br\/em-dialogo-com-nathalie-becquard-de-xaviere\/#primaryimage","url":"https:\/\/hijasdejesus.org\/wp-content\/uploads\/2021\/04\/2021-04-09_Entrevista_Nathalie_Cabecera_PT.jpg","contentUrl":"https:\/\/hijasdejesus.org\/wp-content\/uploads\/2021\/04\/2021-04-09_Entrevista_Nathalie_Cabecera_PT.jpg","width":2000,"height":647},{"@type":"BreadcrumbList","@id":"https:\/\/hijasdejesus.org\/pt-br\/em-dialogo-com-nathalie-becquard-de-xaviere\/#breadcrumb","itemListElement":[{"@type":"ListItem","position":1,"name":"Portada","item":"https:\/\/hijasdejesus.org\/pt-br\/"},{"@type":"ListItem","position":2,"name":"Em di\u00e1logo com&#8230; Nathalie Becquard, de Xavi\u00e8re"}]},{"@type":"WebSite","@id":"https:\/\/hijasdejesus.org\/pt-br\/#website","url":"https:\/\/hijasdejesus.org\/pt-br\/","name":"Hijas de Jes\u00fas","description":"Despertamos a Jes\u00fas en el coraz\u00f3n, sacando lo mejor de las personas. Somos una congregaci\u00f3n religiosa ignaciana fundada por la Madre Candida","publisher":{"@id":"https:\/\/hijasdejesus.org\/pt-br\/#organization"},"potentialAction":[{"@type":"SearchAction","target":{"@type":"EntryPoint","urlTemplate":"https:\/\/hijasdejesus.org\/pt-br\/?s={search_term_string}"},"query-input":{"@type":"PropertyValueSpecification","valueRequired":true,"valueName":"search_term_string"}}],"inLanguage":"pt-BR"},{"@type":"Organization","@id":"https:\/\/hijasdejesus.org\/pt-br\/#organization","name":"Hijas de Jes\u00fas","url":"https:\/\/hijasdejesus.org\/pt-br\/","logo":{"@type":"ImageObject","inLanguage":"pt-BR","@id":"https:\/\/hijasdejesus.org\/pt-br\/#\/schema\/logo\/image\/","url":"https:\/\/hijasdejesus.org\/wp-content\/uploads\/2023\/01\/Hijas-de-Jesus_hor-A7C957.png","contentUrl":"https:\/\/hijasdejesus.org\/wp-content\/uploads\/2023\/01\/Hijas-de-Jesus_hor-A7C957.png","width":700,"height":360,"caption":"Hijas de Jes\u00fas"},"image":{"@id":"https:\/\/hijasdejesus.org\/pt-br\/#\/schema\/logo\/image\/"},"sameAs":["https:\/\/www.facebook.com\/hijasdejesusenelmundo\/","https:\/\/x.com\/hijasdjesus"]},{"@type":"Person","@id":"https:\/\/hijasdejesus.org\/pt-br\/#\/schema\/person\/ce4455965da733f2791f23b6ec14e9b6","name":"Webmaster","image":{"@type":"ImageObject","inLanguage":"pt-BR","@id":"https:\/\/secure.gravatar.com\/avatar\/cfd0acaac86c3981d541d2e99a0ffb7b6d33a5ac8989a62f5518b9e0f7ee128a?s=96&d=mm&r=g","url":"https:\/\/secure.gravatar.com\/avatar\/cfd0acaac86c3981d541d2e99a0ffb7b6d33a5ac8989a62f5518b9e0f7ee128a?s=96&d=mm&r=g","contentUrl":"https:\/\/secure.gravatar.com\/avatar\/cfd0acaac86c3981d541d2e99a0ffb7b6d33a5ac8989a62f5518b9e0f7ee128a?s=96&d=mm&r=g","caption":"Webmaster"},"url":"https:\/\/hijasdejesus.org\/pt-br\/author\/webmaster\/"}]}},"_links":{"self":[{"href":"https:\/\/hijasdejesus.org\/pt-br\/wp-json\/wp\/v2\/posts\/29501","targetHints":{"allow":["GET"]}}],"collection":[{"href":"https:\/\/hijasdejesus.org\/pt-br\/wp-json\/wp\/v2\/posts"}],"about":[{"href":"https:\/\/hijasdejesus.org\/pt-br\/wp-json\/wp\/v2\/types\/post"}],"author":[{"embeddable":true,"href":"https:\/\/hijasdejesus.org\/pt-br\/wp-json\/wp\/v2\/users\/28"}],"replies":[{"embeddable":true,"href":"https:\/\/hijasdejesus.org\/pt-br\/wp-json\/wp\/v2\/comments?post=29501"}],"version-history":[{"count":0,"href":"https:\/\/hijasdejesus.org\/pt-br\/wp-json\/wp\/v2\/posts\/29501\/revisions"}],"wp:featuredmedia":[{"embeddable":true,"href":"https:\/\/hijasdejesus.org\/pt-br\/wp-json\/wp\/v2\/media\/10826"}],"wp:attachment":[{"href":"https:\/\/hijasdejesus.org\/pt-br\/wp-json\/wp\/v2\/media?parent=29501"}],"wp:term":[{"taxonomy":"category","embeddable":true,"href":"https:\/\/hijasdejesus.org\/pt-br\/wp-json\/wp\/v2\/categories?post=29501"},{"taxonomy":"post_tag","embeddable":true,"href":"https:\/\/hijasdejesus.org\/pt-br\/wp-json\/wp\/v2\/tags?post=29501"}],"curies":[{"name":"wp","href":"https:\/\/api.w.org\/{rel}","templated":true}]}}