{"id":29507,"date":"2021-05-14T09:18:07","date_gmt":"2021-05-14T07:18:07","guid":{"rendered":"https:\/\/nueva.hijasdejesus.org\/eu-coloquei-meus-89-anos-em-suas-maos\/"},"modified":"2021-05-14T11:18:07","modified_gmt":"2021-05-14T09:18:07","slug":"eu-coloquei-meus-89-anos-em-suas-maos","status":"publish","type":"post","link":"https:\/\/hijasdejesus.org\/pt-br\/eu-coloquei-meus-89-anos-em-suas-maos\/","title":{"rendered":"Eu coloquei meus 89 anos em suas m\u00e3os"},"content":{"rendered":"<p style=\"text-align: justify;\">As HH. da comunida de Colombia compartilhou na p\u00e1gina 15 do\u00a0 <a href=\"index.php?option=com_jdownloads&amp;task=download.send&amp;id=1030&amp;catid=20&amp;m=0&amp;Itemid=121&amp;lang=es\">NotiAndina 175<\/a>,\u00a0este poema de Matilde Sanz em seu 89\u00ba anivers\u00e1rio. Obrigado pelo seu testemunho de uma vida feliz e confiante nas m\u00e3os do pai. Parab\u00e9ns!<\/p>\n<p>Compartilhamos o poema de uma de nossas irm\u00e3s, que aos 89 anos e com a lucidez que a acompanha, Matilde Sanz, que acabou de fazer anivers\u00e1rio no dia 14 de mar\u00e7o, simplesmente nos compartilhou com a for\u00e7a de seu cora\u00e7\u00e3o:<\/p>\n<p style=\"padding-left: 180px;\">Eu venho a sua presen\u00e7a, Senhor,\u00a0<\/p>\n<p style=\"padding-left: 180px;\">para te agradecer pela vida,<\/p>\n<p style=\"padding-left: 180px;\">pelo amor que voce me d\u00e1 todos os dias,\u00a0<\/p>\n<p style=\"padding-left: 180px;\">porque voc\u00ea n\u00e3o leva em conta\u00a0<\/p>\n<p style=\"padding-left: 180px;\">minhas fraquezas e limita\u00e7\u00f5es,\u00a0<\/p>\n<p style=\"padding-left: 180px;\">porque acima de tudo,\u00a0<\/p>\n<p style=\"padding-left: 180px;\">voc\u00ea mostra o PAI comigo.<\/p>\n<p style=\"padding-left: 240px;\">\u00a0<\/p>\n<p style=\"text-align: justify; padding-left: 180px;\">Hoje eu gostaria de consertar para\u00a0<\/p>\n<p style=\"text-align: justify; padding-left: 180px;\">todos os pecados que, todos os dias,\u00a0<\/p>\n<p style=\"text-align: justify; padding-left: 180px;\">s\u00e3o discutidos no mundo,\u00a0<\/p>\n<p style=\"text-align: justify; padding-left: 180px;\">especialmente por aqueles de pessoas consagradas<\/p>\n<p style=\"text-align: justify; padding-left: 180px;\">\u00a0e, de uma forma muito especial,<\/p>\n<p style=\"text-align: justify; padding-left: 180px;\">\u00a0pelos meus pessoais.<\/p>\n<p style=\"padding-left: 240px; text-align: justify;\">\u00a0<\/p>\n<p style=\"text-align: justify; padding-left: 180px;\">Voc\u00ea conhece minhas fraquezas e quedas<\/p>\n<p style=\"text-align: justify; padding-left: 180px;\">mas tamb\u00e9m de meus votos de fidelidade \u00e0 sua gra\u00e7a.<\/p>\n<p style=\"text-align: justify; padding-left: 180px;\">Voc\u00ea conhece minhas fraquezas e quedas<\/p>\n<p style=\"text-align: justify; padding-left: 180px;\">mas tamb\u00e9m de meus votos de fidelidade \u00e0 sua gra\u00e7a.<\/p>\n<\/p>\n<p>Hoje quero agradecer, muito especialmente,<\/p>\n<p>por me dar Maria como m\u00e3e.<\/p>\n<p>Eu coloquei meus 89 anos em suas m\u00e3os<\/p>\n<p>e eu aceito com gratid\u00e3o o presente da longa vida<\/p>\n<p>que voc\u00ea me d\u00e1<\/p>\n<p>\u00a0<\/p>\n<p>N\u00e3o posso terminar sem te agradecer<\/p>\n<p>a familia que voce me deu, um presente pra mim,<\/p>\n<p>a voca\u00e7\u00e3o para a Congrega\u00e7\u00e3o das Filhas de Jesus,<\/p>\n<p>cada uma das irm\u00e3s da comunidade.<\/p>\n<p>Aben\u00e7oe-os Senhor e conceda a todos n\u00f3s<\/p>\n<p style=\"padding-left: 180px; text-align: justify;\">a gra\u00e7a de sermos melhores Filhas de Jesus a cada dia.<\/p>\n<p style=\"padding-left: 180px; text-align: justify;\">Eu confio na sua miseric\u00f3rdia para comigo<\/p>\n<p style=\"padding-left: 180px; text-align: justify;\">e, espero que em meu encontro final com voc\u00ea,<\/p>\n<p style=\"padding-left: 180px; text-align: justify;\">receba-me com o abra\u00e7o de um pai misericordioso.<\/p>\n<p><strong><em>Irm\u00e3s da Comunidade da Col\u00f4mbia<\/em><\/strong><\/p>\n","protected":false},"excerpt":{"rendered":"<p>As HH. da comunida de Colombia compartilhou na p\u00e1gina 15 do\u00a0 NotiAndina 175,\u00a0este poema de Matilde Sanz em seu 89\u00ba anivers\u00e1rio. Obrigado pelo seu testemunho de uma vida feliz e confiante nas m\u00e3os do pai. Parab\u00e9ns! Compartilhamos o poema de uma de nossas irm\u00e3s, que aos 89 anos e com a lucidez que a acompanha, [&hellip;]<\/p>\n","protected":false},"author":28,"featured_media":10830,"comment_status":"closed","ping_status":"closed","sticky":false,"template":"","format":"standard","meta":{"_et_pb_use_builder":"","_et_pb_old_content":"","_et_gb_content_width":"","footnotes":"","_links_to":"","_links_to_target":""},"categories":[529,469],"tags":[],"class_list":["post-29507","post","type-post","status-publish","format-standard","has-post-thumbnail","hentry","category-hijas-de-jesus-pt-br","category-noticias-pt-br"],"yoast_head":"<!-- This site is optimized with the Yoast SEO plugin v27.4 - https:\/\/yoast.com\/product\/yoast-seo-wordpress\/ -->\n<title>Eu coloquei meus 89 anos em suas m\u00e3os - Hijas de Jes\u00fas<\/title>\n<meta name=\"robots\" content=\"index, follow, max-snippet:-1, max-image-preview:large, max-video-preview:-1\" \/>\n<link rel=\"canonical\" href=\"https:\/\/hijasdejesus.org\/pt-br\/eu-coloquei-meus-89-anos-em-suas-maos\/\" \/>\n<meta property=\"og:locale\" content=\"pt_BR\" \/>\n<meta property=\"og:type\" content=\"article\" \/>\n<meta property=\"og:title\" content=\"Eu coloquei meus 89 anos em suas m\u00e3os - Hijas de Jes\u00fas\" \/>\n<meta property=\"og:description\" content=\"As HH. da comunida de Colombia compartilhou na p\u00e1gina 15 do\u00a0 NotiAndina 175,\u00a0este poema de Matilde Sanz em seu 89\u00ba anivers\u00e1rio. Obrigado pelo seu testemunho de uma vida feliz e confiante nas m\u00e3os do pai. Parab\u00e9ns! Compartilhamos o poema de uma de nossas irm\u00e3s, que aos 89 anos e com a lucidez que a acompanha, [&hellip;]\" \/>\n<meta property=\"og:url\" content=\"https:\/\/hijasdejesus.org\/pt-br\/eu-coloquei-meus-89-anos-em-suas-maos\/\" \/>\n<meta property=\"og:site_name\" content=\"Hijas de Jes\u00fas\" \/>\n<meta property=\"article:publisher\" content=\"https:\/\/www.facebook.com\/hijasdejesusenelmundo\/\" \/>\n<meta property=\"article:published_time\" content=\"2021-05-14T07:18:07+00:00\" \/>\n<meta property=\"article:modified_time\" content=\"2021-05-14T09:18:07+00:00\" \/>\n<meta property=\"og:image\" content=\"https:\/\/hijasdejesus.org\/wp-content\/uploads\/2021\/05\/Matilde_Sanz2021-03-14.jpg\" \/>\n\t<meta property=\"og:image:width\" content=\"940\" \/>\n\t<meta property=\"og:image:height\" content=\"788\" \/>\n\t<meta property=\"og:image:type\" content=\"image\/jpeg\" \/>\n<meta name=\"author\" content=\"Webmaster\" \/>\n<meta name=\"twitter:card\" content=\"summary_large_image\" \/>\n<meta name=\"twitter:creator\" content=\"@hijasdjesus\" \/>\n<meta name=\"twitter:site\" content=\"@hijasdjesus\" \/>\n<meta name=\"twitter:label1\" content=\"Escrito por\" \/>\n\t<meta name=\"twitter:data1\" content=\"Webmaster\" \/>\n\t<meta name=\"twitter:label2\" content=\"Est. tempo de leitura\" \/>\n\t<meta name=\"twitter:data2\" content=\"2 minutos\" \/>\n<script type=\"application\/ld+json\" class=\"yoast-schema-graph\">{\"@context\":\"https:\\\/\\\/schema.org\",\"@graph\":[{\"@type\":\"Article\",\"@id\":\"https:\\\/\\\/hijasdejesus.org\\\/pt-br\\\/eu-coloquei-meus-89-anos-em-suas-maos\\\/#article\",\"isPartOf\":{\"@id\":\"https:\\\/\\\/hijasdejesus.org\\\/pt-br\\\/eu-coloquei-meus-89-anos-em-suas-maos\\\/\"},\"author\":{\"name\":\"Webmaster\",\"@id\":\"https:\\\/\\\/hijasdejesus.org\\\/pt-br\\\/#\\\/schema\\\/person\\\/ce4455965da733f2791f23b6ec14e9b6\"},\"headline\":\"Eu coloquei meus 89 anos em suas m\u00e3os\",\"datePublished\":\"2021-05-14T07:18:07+00:00\",\"dateModified\":\"2021-05-14T09:18:07+00:00\",\"mainEntityOfPage\":{\"@id\":\"https:\\\/\\\/hijasdejesus.org\\\/pt-br\\\/eu-coloquei-meus-89-anos-em-suas-maos\\\/\"},\"wordCount\":322,\"publisher\":{\"@id\":\"https:\\\/\\\/hijasdejesus.org\\\/pt-br\\\/#organization\"},\"image\":{\"@id\":\"https:\\\/\\\/hijasdejesus.org\\\/pt-br\\\/eu-coloquei-meus-89-anos-em-suas-maos\\\/#primaryimage\"},\"thumbnailUrl\":\"https:\\\/\\\/hijasdejesus.org\\\/wp-content\\\/uploads\\\/2021\\\/05\\\/Matilde_Sanz2021-03-14.jpg\",\"articleSection\":[\"Hijas de Jes\u00fas\",\"Not\u00edcias\"],\"inLanguage\":\"pt-BR\"},{\"@type\":\"WebPage\",\"@id\":\"https:\\\/\\\/hijasdejesus.org\\\/pt-br\\\/eu-coloquei-meus-89-anos-em-suas-maos\\\/\",\"url\":\"https:\\\/\\\/hijasdejesus.org\\\/pt-br\\\/eu-coloquei-meus-89-anos-em-suas-maos\\\/\",\"name\":\"Eu coloquei meus 89 anos em suas m\u00e3os - Hijas de Jes\u00fas\",\"isPartOf\":{\"@id\":\"https:\\\/\\\/hijasdejesus.org\\\/pt-br\\\/#website\"},\"primaryImageOfPage\":{\"@id\":\"https:\\\/\\\/hijasdejesus.org\\\/pt-br\\\/eu-coloquei-meus-89-anos-em-suas-maos\\\/#primaryimage\"},\"image\":{\"@id\":\"https:\\\/\\\/hijasdejesus.org\\\/pt-br\\\/eu-coloquei-meus-89-anos-em-suas-maos\\\/#primaryimage\"},\"thumbnailUrl\":\"https:\\\/\\\/hijasdejesus.org\\\/wp-content\\\/uploads\\\/2021\\\/05\\\/Matilde_Sanz2021-03-14.jpg\",\"datePublished\":\"2021-05-14T07:18:07+00:00\",\"dateModified\":\"2021-05-14T09:18:07+00:00\",\"breadcrumb\":{\"@id\":\"https:\\\/\\\/hijasdejesus.org\\\/pt-br\\\/eu-coloquei-meus-89-anos-em-suas-maos\\\/#breadcrumb\"},\"inLanguage\":\"pt-BR\",\"potentialAction\":[{\"@type\":\"ReadAction\",\"target\":[\"https:\\\/\\\/hijasdejesus.org\\\/pt-br\\\/eu-coloquei-meus-89-anos-em-suas-maos\\\/\"]}]},{\"@type\":\"ImageObject\",\"inLanguage\":\"pt-BR\",\"@id\":\"https:\\\/\\\/hijasdejesus.org\\\/pt-br\\\/eu-coloquei-meus-89-anos-em-suas-maos\\\/#primaryimage\",\"url\":\"https:\\\/\\\/hijasdejesus.org\\\/wp-content\\\/uploads\\\/2021\\\/05\\\/Matilde_Sanz2021-03-14.jpg\",\"contentUrl\":\"https:\\\/\\\/hijasdejesus.org\\\/wp-content\\\/uploads\\\/2021\\\/05\\\/Matilde_Sanz2021-03-14.jpg\",\"width\":940,\"height\":788},{\"@type\":\"BreadcrumbList\",\"@id\":\"https:\\\/\\\/hijasdejesus.org\\\/pt-br\\\/eu-coloquei-meus-89-anos-em-suas-maos\\\/#breadcrumb\",\"itemListElement\":[{\"@type\":\"ListItem\",\"position\":1,\"name\":\"Portada\",\"item\":\"https:\\\/\\\/hijasdejesus.org\\\/pt-br\\\/\"},{\"@type\":\"ListItem\",\"position\":2,\"name\":\"Eu coloquei meus 89 anos em suas m\u00e3os\"}]},{\"@type\":\"WebSite\",\"@id\":\"https:\\\/\\\/hijasdejesus.org\\\/pt-br\\\/#website\",\"url\":\"https:\\\/\\\/hijasdejesus.org\\\/pt-br\\\/\",\"name\":\"Hijas de Jes\u00fas\",\"description\":\"Despertamos a Jes\u00fas en el coraz\u00f3n, sacando lo mejor de las personas. Somos una congregaci\u00f3n religiosa ignaciana fundada por la Madre Candida\",\"publisher\":{\"@id\":\"https:\\\/\\\/hijasdejesus.org\\\/pt-br\\\/#organization\"},\"potentialAction\":[{\"@type\":\"SearchAction\",\"target\":{\"@type\":\"EntryPoint\",\"urlTemplate\":\"https:\\\/\\\/hijasdejesus.org\\\/pt-br\\\/?s={search_term_string}\"},\"query-input\":{\"@type\":\"PropertyValueSpecification\",\"valueRequired\":true,\"valueName\":\"search_term_string\"}}],\"inLanguage\":\"pt-BR\"},{\"@type\":\"Organization\",\"@id\":\"https:\\\/\\\/hijasdejesus.org\\\/pt-br\\\/#organization\",\"name\":\"Hijas de Jes\u00fas\",\"url\":\"https:\\\/\\\/hijasdejesus.org\\\/pt-br\\\/\",\"logo\":{\"@type\":\"ImageObject\",\"inLanguage\":\"pt-BR\",\"@id\":\"https:\\\/\\\/hijasdejesus.org\\\/pt-br\\\/#\\\/schema\\\/logo\\\/image\\\/\",\"url\":\"https:\\\/\\\/hijasdejesus.org\\\/wp-content\\\/uploads\\\/2023\\\/01\\\/Hijas-de-Jesus_hor-A7C957.png\",\"contentUrl\":\"https:\\\/\\\/hijasdejesus.org\\\/wp-content\\\/uploads\\\/2023\\\/01\\\/Hijas-de-Jesus_hor-A7C957.png\",\"width\":700,\"height\":360,\"caption\":\"Hijas de Jes\u00fas\"},\"image\":{\"@id\":\"https:\\\/\\\/hijasdejesus.org\\\/pt-br\\\/#\\\/schema\\\/logo\\\/image\\\/\"},\"sameAs\":[\"https:\\\/\\\/www.facebook.com\\\/hijasdejesusenelmundo\\\/\",\"https:\\\/\\\/x.com\\\/hijasdjesus\"]},{\"@type\":\"Person\",\"@id\":\"https:\\\/\\\/hijasdejesus.org\\\/pt-br\\\/#\\\/schema\\\/person\\\/ce4455965da733f2791f23b6ec14e9b6\",\"name\":\"Webmaster\",\"image\":{\"@type\":\"ImageObject\",\"inLanguage\":\"pt-BR\",\"@id\":\"https:\\\/\\\/secure.gravatar.com\\\/avatar\\\/cfd0acaac86c3981d541d2e99a0ffb7b6d33a5ac8989a62f5518b9e0f7ee128a?s=96&d=mm&r=g\",\"url\":\"https:\\\/\\\/secure.gravatar.com\\\/avatar\\\/cfd0acaac86c3981d541d2e99a0ffb7b6d33a5ac8989a62f5518b9e0f7ee128a?s=96&d=mm&r=g\",\"contentUrl\":\"https:\\\/\\\/secure.gravatar.com\\\/avatar\\\/cfd0acaac86c3981d541d2e99a0ffb7b6d33a5ac8989a62f5518b9e0f7ee128a?s=96&d=mm&r=g\",\"caption\":\"Webmaster\"},\"url\":\"https:\\\/\\\/hijasdejesus.org\\\/pt-br\\\/author\\\/webmaster\\\/\"}]}<\/script>\n<!-- \/ Yoast SEO plugin. -->","yoast_head_json":{"title":"Eu coloquei meus 89 anos em suas m\u00e3os - Hijas de Jes\u00fas","robots":{"index":"index","follow":"follow","max-snippet":"max-snippet:-1","max-image-preview":"max-image-preview:large","max-video-preview":"max-video-preview:-1"},"canonical":"https:\/\/hijasdejesus.org\/pt-br\/eu-coloquei-meus-89-anos-em-suas-maos\/","og_locale":"pt_BR","og_type":"article","og_title":"Eu coloquei meus 89 anos em suas m\u00e3os - Hijas de Jes\u00fas","og_description":"As HH. da comunida de Colombia compartilhou na p\u00e1gina 15 do\u00a0 NotiAndina 175,\u00a0este poema de Matilde Sanz em seu 89\u00ba anivers\u00e1rio. Obrigado pelo seu testemunho de uma vida feliz e confiante nas m\u00e3os do pai. Parab\u00e9ns! Compartilhamos o poema de uma de nossas irm\u00e3s, que aos 89 anos e com a lucidez que a acompanha, [&hellip;]","og_url":"https:\/\/hijasdejesus.org\/pt-br\/eu-coloquei-meus-89-anos-em-suas-maos\/","og_site_name":"Hijas de Jes\u00fas","article_publisher":"https:\/\/www.facebook.com\/hijasdejesusenelmundo\/","article_published_time":"2021-05-14T07:18:07+00:00","article_modified_time":"2021-05-14T09:18:07+00:00","og_image":[{"width":940,"height":788,"url":"https:\/\/hijasdejesus.org\/wp-content\/uploads\/2021\/05\/Matilde_Sanz2021-03-14.jpg","type":"image\/jpeg"}],"author":"Webmaster","twitter_card":"summary_large_image","twitter_creator":"@hijasdjesus","twitter_site":"@hijasdjesus","twitter_misc":{"Escrito por":"Webmaster","Est. tempo de leitura":"2 minutos"},"schema":{"@context":"https:\/\/schema.org","@graph":[{"@type":"Article","@id":"https:\/\/hijasdejesus.org\/pt-br\/eu-coloquei-meus-89-anos-em-suas-maos\/#article","isPartOf":{"@id":"https:\/\/hijasdejesus.org\/pt-br\/eu-coloquei-meus-89-anos-em-suas-maos\/"},"author":{"name":"Webmaster","@id":"https:\/\/hijasdejesus.org\/pt-br\/#\/schema\/person\/ce4455965da733f2791f23b6ec14e9b6"},"headline":"Eu coloquei meus 89 anos em suas m\u00e3os","datePublished":"2021-05-14T07:18:07+00:00","dateModified":"2021-05-14T09:18:07+00:00","mainEntityOfPage":{"@id":"https:\/\/hijasdejesus.org\/pt-br\/eu-coloquei-meus-89-anos-em-suas-maos\/"},"wordCount":322,"publisher":{"@id":"https:\/\/hijasdejesus.org\/pt-br\/#organization"},"image":{"@id":"https:\/\/hijasdejesus.org\/pt-br\/eu-coloquei-meus-89-anos-em-suas-maos\/#primaryimage"},"thumbnailUrl":"https:\/\/hijasdejesus.org\/wp-content\/uploads\/2021\/05\/Matilde_Sanz2021-03-14.jpg","articleSection":["Hijas de Jes\u00fas","Not\u00edcias"],"inLanguage":"pt-BR"},{"@type":"WebPage","@id":"https:\/\/hijasdejesus.org\/pt-br\/eu-coloquei-meus-89-anos-em-suas-maos\/","url":"https:\/\/hijasdejesus.org\/pt-br\/eu-coloquei-meus-89-anos-em-suas-maos\/","name":"Eu coloquei meus 89 anos em suas m\u00e3os - Hijas de Jes\u00fas","isPartOf":{"@id":"https:\/\/hijasdejesus.org\/pt-br\/#website"},"primaryImageOfPage":{"@id":"https:\/\/hijasdejesus.org\/pt-br\/eu-coloquei-meus-89-anos-em-suas-maos\/#primaryimage"},"image":{"@id":"https:\/\/hijasdejesus.org\/pt-br\/eu-coloquei-meus-89-anos-em-suas-maos\/#primaryimage"},"thumbnailUrl":"https:\/\/hijasdejesus.org\/wp-content\/uploads\/2021\/05\/Matilde_Sanz2021-03-14.jpg","datePublished":"2021-05-14T07:18:07+00:00","dateModified":"2021-05-14T09:18:07+00:00","breadcrumb":{"@id":"https:\/\/hijasdejesus.org\/pt-br\/eu-coloquei-meus-89-anos-em-suas-maos\/#breadcrumb"},"inLanguage":"pt-BR","potentialAction":[{"@type":"ReadAction","target":["https:\/\/hijasdejesus.org\/pt-br\/eu-coloquei-meus-89-anos-em-suas-maos\/"]}]},{"@type":"ImageObject","inLanguage":"pt-BR","@id":"https:\/\/hijasdejesus.org\/pt-br\/eu-coloquei-meus-89-anos-em-suas-maos\/#primaryimage","url":"https:\/\/hijasdejesus.org\/wp-content\/uploads\/2021\/05\/Matilde_Sanz2021-03-14.jpg","contentUrl":"https:\/\/hijasdejesus.org\/wp-content\/uploads\/2021\/05\/Matilde_Sanz2021-03-14.jpg","width":940,"height":788},{"@type":"BreadcrumbList","@id":"https:\/\/hijasdejesus.org\/pt-br\/eu-coloquei-meus-89-anos-em-suas-maos\/#breadcrumb","itemListElement":[{"@type":"ListItem","position":1,"name":"Portada","item":"https:\/\/hijasdejesus.org\/pt-br\/"},{"@type":"ListItem","position":2,"name":"Eu coloquei meus 89 anos em suas m\u00e3os"}]},{"@type":"WebSite","@id":"https:\/\/hijasdejesus.org\/pt-br\/#website","url":"https:\/\/hijasdejesus.org\/pt-br\/","name":"Hijas de Jes\u00fas","description":"Despertamos a Jes\u00fas en el coraz\u00f3n, sacando lo mejor de las personas. Somos una congregaci\u00f3n religiosa ignaciana fundada por la Madre Candida","publisher":{"@id":"https:\/\/hijasdejesus.org\/pt-br\/#organization"},"potentialAction":[{"@type":"SearchAction","target":{"@type":"EntryPoint","urlTemplate":"https:\/\/hijasdejesus.org\/pt-br\/?s={search_term_string}"},"query-input":{"@type":"PropertyValueSpecification","valueRequired":true,"valueName":"search_term_string"}}],"inLanguage":"pt-BR"},{"@type":"Organization","@id":"https:\/\/hijasdejesus.org\/pt-br\/#organization","name":"Hijas de Jes\u00fas","url":"https:\/\/hijasdejesus.org\/pt-br\/","logo":{"@type":"ImageObject","inLanguage":"pt-BR","@id":"https:\/\/hijasdejesus.org\/pt-br\/#\/schema\/logo\/image\/","url":"https:\/\/hijasdejesus.org\/wp-content\/uploads\/2023\/01\/Hijas-de-Jesus_hor-A7C957.png","contentUrl":"https:\/\/hijasdejesus.org\/wp-content\/uploads\/2023\/01\/Hijas-de-Jesus_hor-A7C957.png","width":700,"height":360,"caption":"Hijas de Jes\u00fas"},"image":{"@id":"https:\/\/hijasdejesus.org\/pt-br\/#\/schema\/logo\/image\/"},"sameAs":["https:\/\/www.facebook.com\/hijasdejesusenelmundo\/","https:\/\/x.com\/hijasdjesus"]},{"@type":"Person","@id":"https:\/\/hijasdejesus.org\/pt-br\/#\/schema\/person\/ce4455965da733f2791f23b6ec14e9b6","name":"Webmaster","image":{"@type":"ImageObject","inLanguage":"pt-BR","@id":"https:\/\/secure.gravatar.com\/avatar\/cfd0acaac86c3981d541d2e99a0ffb7b6d33a5ac8989a62f5518b9e0f7ee128a?s=96&d=mm&r=g","url":"https:\/\/secure.gravatar.com\/avatar\/cfd0acaac86c3981d541d2e99a0ffb7b6d33a5ac8989a62f5518b9e0f7ee128a?s=96&d=mm&r=g","contentUrl":"https:\/\/secure.gravatar.com\/avatar\/cfd0acaac86c3981d541d2e99a0ffb7b6d33a5ac8989a62f5518b9e0f7ee128a?s=96&d=mm&r=g","caption":"Webmaster"},"url":"https:\/\/hijasdejesus.org\/pt-br\/author\/webmaster\/"}]}},"_links":{"self":[{"href":"https:\/\/hijasdejesus.org\/pt-br\/wp-json\/wp\/v2\/posts\/29507","targetHints":{"allow":["GET"]}}],"collection":[{"href":"https:\/\/hijasdejesus.org\/pt-br\/wp-json\/wp\/v2\/posts"}],"about":[{"href":"https:\/\/hijasdejesus.org\/pt-br\/wp-json\/wp\/v2\/types\/post"}],"author":[{"embeddable":true,"href":"https:\/\/hijasdejesus.org\/pt-br\/wp-json\/wp\/v2\/users\/28"}],"replies":[{"embeddable":true,"href":"https:\/\/hijasdejesus.org\/pt-br\/wp-json\/wp\/v2\/comments?post=29507"}],"version-history":[{"count":0,"href":"https:\/\/hijasdejesus.org\/pt-br\/wp-json\/wp\/v2\/posts\/29507\/revisions"}],"wp:featuredmedia":[{"embeddable":true,"href":"https:\/\/hijasdejesus.org\/pt-br\/wp-json\/wp\/v2\/media\/10830"}],"wp:attachment":[{"href":"https:\/\/hijasdejesus.org\/pt-br\/wp-json\/wp\/v2\/media?parent=29507"}],"wp:term":[{"taxonomy":"category","embeddable":true,"href":"https:\/\/hijasdejesus.org\/pt-br\/wp-json\/wp\/v2\/categories?post=29507"},{"taxonomy":"post_tag","embeddable":true,"href":"https:\/\/hijasdejesus.org\/pt-br\/wp-json\/wp\/v2\/tags?post=29507"}],"curies":[{"name":"wp","href":"https:\/\/api.w.org\/{rel}","templated":true}]}}