{"id":29541,"date":"2021-05-19T19:35:06","date_gmt":"2021-05-19T17:35:06","guid":{"rendered":"https:\/\/nueva.hijasdejesus.org\/um-presente-de-aniversario-para-a-mae-candida-2\/"},"modified":"2021-05-19T19:56:17","modified_gmt":"2021-05-19T17:56:17","slug":"um-presente-de-aniversario-para-a-mae-candida-2","status":"publish","type":"post","link":"https:\/\/hijasdejesus.org\/pt-br\/um-presente-de-aniversario-para-a-mae-candida-2\/","title":{"rendered":"Um presente de anivers\u00e1rio para a M\u00e3e C\u00e2ndida"},"content":{"rendered":"<p style=\"text-align: justify;\">Outro dia, eu estava imaginando a M\u00e3e C\u00e1ndida diante de mim enquanto fazia minha pergunta: \u201cQue presente voc\u00ea gostaria de mim no nosso 150\u00ba anivers\u00e1rio?\u201d Havia muitas coisas boas, mas de repente, lembrei-me das palavras dela, <em>\u201cVoc\u00ea sabe que eu quero que voc\u00ea seja muito santa\u201d<\/em>, uma frase que est\u00e1 constantemente presente em suas cartas.<\/p>\n<p style=\"text-align: justify;\">A Congrega\u00e7\u00e3o das Hijas de Jesus publicou dois volumes das cartas da Madre C\u00e2ndida em espanhol em 1983. [1] A tradu\u00e7\u00e3o para o ingl\u00eas foi lan\u00e7ada em 1988.\u00a0<a href=\"#_ftn2\" name=\"_ftnref2\">[2]<\/a>\u00a0 De um total de 1.046 cartas nos Arquivos 476 cartas foram selecionadas para\u00a0publica\u00e7\u00e3o. Elas foram dirigidos a v\u00e1rias pessoas: Filhas de Jesus, bispos, padres, religiosos e leigos. Das 389 cartas escritas as Filhas de Jesus, em 352 (mais de 90 por cento) a M\u00e3e C\u00e2ndida termina expressando seu desejo de que a (s) Irm\u00e3 (s) &#8220;sejam muito santas&#8221;. Na verdade, \u00e9 dito de toda a cole\u00e7\u00e3o de cartas nos Arquivos:<\/p>\n<p style=\"padding-left: 60px; text-align: left;\">Em 29 de novembro de 1892, chega uma declara\u00e7\u00e3o pela primeira vez, depois passa a ser frequente e depois permanece imut\u00e1vel como encerramento elogioso em todas as suas cartas \u00e0s Filhas de Jesus: <em>\u201c. . . voc\u00ea sabe que eu quero que voc\u00ea seja muito santo e eu te aben\u00e7oo. Sua m\u00e3e \u201d.<\/em> <a href=\"#_ftn3\">[3]<\/a><\/p>\n<p style=\"text-align: justify;\">A M\u00e3e C\u00e2ndida, ao escrever suas Irm\u00e3s, n\u00e3o apenas usou o encerramento elogioso <em>&#8220;e voc\u00ea sabe que sua m\u00e3e quer que voc\u00ea seja muito santa&#8221;<\/em> (ou uma varia\u00e7\u00e3o pr\u00f3xima) de forma bastante consistente, mas tamb\u00e9m expressou repetidamente o mesmo desejo, por ela e por todos Hijas de Jesus, no corpo das cartas.<\/p>\n<p style=\"text-align: justify;\">Neste momento de pandemia, \u00e9 bom para n\u00f3s lembrar que muitas cartas expressando sua preocupa\u00e7\u00e3o pelas Irm\u00e3s enfermas e assegurando-as de suas ora\u00e7\u00f5es afirmam claramente que ela orou para que elas se recuperassem, mas acima de tudo para que se tornassem grandes santas [ n\u00e3o apenas santos, mas grandes santos!]. Quando necess\u00e1rio, ela n\u00e3o hesitou em dizer a algumas Irm\u00e3s que as amava, mas essa garantia veio com a lembran\u00e7a de que ela queria que fossem santas. E esse desejo ia al\u00e9m das Irm\u00e3s para todas as pessoas que ela conhecia e amava.<\/p>\n<p style=\"text-align: justify;\">As mortes, quer de sacerdotes que conheceram, quer de Filhas de Jesus, serviram de ocasi\u00e3o para sublinhar a necessidade de se preparar para uma morte feliz e passar \u00e0 felicidade eterna por meio de uma vida santa e virtuosa, uma vida de fidelidade a Deus. Ela disse que cuidar desse neg\u00f3cio \u00e9 o mais importante, o principal, a \u00fanica coisa que realmente importa.<a href=\"#_ftn4\">[<\/a><a href=\"#_ftn4\" name=\"_ftnref4\">4]<\/a>\u00a0E quando ela expressou seu desejo pela santidade de suas Irm\u00e3s, ela usou as palavras &#8220;sobre todo&#8221; (acima de tudo).<a href=\"#_ftn5\" name=\"_ftnref5\">[5]<\/a>\u00a0Era o seu principal desejo e ora\u00e7\u00e3o pelas Irm\u00e3s em seus dias de festa e anivers\u00e1rios, por aquelas que estavam prestes a entrar na Congrega\u00e7\u00e3o ou a iniciar uma nova etapa de forma\u00e7\u00e3o, e mesmo por aquelas que as deixaram. N\u00e3o \u00e9 nenhuma surpresa, ent\u00e3o, que seu fechamento elogioso inclua as palavras &#8220;Voc\u00ea sabe disso&#8221;. \u00c9 claro que as Irm\u00e3s daquela \u00e9poca sabiam desse desejo dela, e que ela simplesmente o reiterava. Seria interessante perguntar: quantas irm\u00e3s hoje sabem desse desejo dela?<\/p>\n<p style=\"text-align: justify;\">O trecho a seguir mostra o esfor\u00e7o que ela teve para mostrar \u00e0s suas Irm\u00e3s a import\u00e2ncia que atribu\u00eda a ela, especialmente em um momento em que \u201cvemos a morte chegando aos nossos vizinhos e pode estar se aproximando de n\u00f3s tamb\u00e9m\u201d:<\/p>\n<p style=\"text-align: justify; padding-left: 60px;\">Recebi suas cartas e suponho que todos voc\u00eas est\u00e3o agora muito fervorosos e com boas resolu\u00e7\u00f5es depois do seu santo retiro, que, quem sabe, pode ser o \u00faltimo. \u00c9 necess\u00e1rio cuidar da santifica\u00e7\u00e3o de nossas almas com muita aten\u00e7\u00e3o e cuidado, porque vemos a morte chegando ao nosso pr\u00f3ximo e pode estar se aproximando de n\u00f3s tamb\u00e9m.<\/p>\n<p style=\"text-align: justify; padding-left: 60px;\">Tem estado muito quente aqui nos \u00faltimos dias; um homem que viajava de trem para Bayona foi sufocado e morreu: outro homem que vinha de uma cidade sofreu o mesmo infort\u00fanio; e. como muitos dizem, isso aconteceu em muitos outros lugares. Ent\u00e3o voc\u00ea v\u00ea o perigo em que vivemos agora e como \u00e9 importante para n\u00f3s garantir que essa hora seja feliz e alegre (e que dure) por toda a eternidade. Leia este par\u00e1grafo para minhas queridas filhas; diga-lhes que os amo muito e que devem orar por mim, por amor \u00e0 caridade, e Deus os recompensar\u00e1.\u00a0<a href=\"#_ftn6\" name=\"_ftnref6\">[6]<\/a>\u00a0<\/p>\n<p style=\"text-align: justify;\">Ent\u00e3o, em nossos dias atuais, como essa \u201csantidade\u201d ou santifica\u00e7\u00e3o se traduz em linguagem comum? Para n\u00f3s, Filhas de Jesus, n\u00e3o precisamos procurar muito nem muito tempo. Est\u00e1 muito claramente afirmado em um pequeno livro que todos n\u00f3s temos em m\u00e3os. Talvez a pergunta a fazer seja: &#8220;Depois de todos esses anos, isso ficou gravado em nossos cora\u00e7\u00f5es?&#8221;<\/p>\n<p style=\"text-align: justify;\">Nas Constitui\u00e7\u00f5es de 1985, M\u00e3e C\u00e2ndida escreveu na F\u00f3rmula (CFI 2): \u201cQuem quiser pertencer a esta nossa Congrega\u00e7\u00e3o, que desejo ser chamada pelas Filhas de Jesus, e nela servir a Deus nosso Senhor, <strong>deve exercer todo o esfor\u00e7o para se santificar<\/strong> na pr\u00e1tica das virtudes crist\u00e3s, na reza di\u00e1ria do Pequeno of\u00edcio de Nossa Senhora, a Sant\u00edssima Virgem Maria, e no cumprimento fiel dos votos de pobreza, castidade e obedi\u00eancia; e com o mesmo zelo deve empenhar-se pelo bem-estar espiritual das almas e pela educa\u00e7\u00e3o cat\u00f3lica dos povos por meio da ora\u00e7\u00e3o e de outras obras de piedade e caridade; e especialmente atrav\u00e9s do ensino do catecismo para as crian\u00e7as de ambos os sexos, e pela educa\u00e7\u00e3o crist\u00e3 das meninas, ensinando-lhes todas as artes e obras adequadas para as mulheres crist\u00e3s &#8230; \u201dE essas frases pesadas s\u00e3o ent\u00e3o explicadas posteriormente em detalhes claros no resto do CFI.<\/p>\n<p style=\"text-align: justify;\">Podemos viver as Constitui\u00e7\u00f5es onde quer que estejamos &#8211; sozinhos ou com os outros, com o cora\u00e7\u00e3o ou com as m\u00e3os, na juventude ou na velhice, mesmo que n\u00e3o possamos mais \u201ctrabalhar\u201d. Podemos escolher nos esfor\u00e7ar para ser santas, como a M\u00e3e C\u00e2ndida tanto desejou (e como Deus deseja), onde quer que estejamos, conhecendo e vivendo as nossas Constitui\u00e7\u00f5es, por cuja aprova\u00e7\u00e3o M\u00e3e C\u00e2ndida tanto deu de seu tempo e de sua vida, esfor\u00e7o e Cuidado. Ou podemos optar por nos contentar com conforto e comodidade e, em nome da relev\u00e2ncia, inventar uma maneira pr\u00f3pria de viver a vida religiosa, distante do cora\u00e7\u00e3o da M\u00e3e C\u00e2ndida e da Igreja.\u00a0\u00a0\u00a0\u00a0\u00a0\u00a0\u00a0\u00a0<\/p>\n<p style=\"text-align: justify;\">Queremos oferecer-lhe este presente que sabemos que tanto desejou e celebrar o nosso 150\u00ba anivers\u00e1rio com profunda alegria e entusiasmo?<\/p>\n<p style=\"text-align: justify;\"><em><strong>Anna-Mar\u00eda Cinco, FI &#8211; Filipinas<\/strong><\/em><\/p>\n<p style=\"text-align: justify;\">\u00a0<\/p>\n<p style=\"text-align: justify;\">\u00a0<\/p>\n<p style=\"text-align: justify;\"><a href=\"#_ftnref1\" name=\"_ftn1\">[1]<\/a> C\u00e2ndida Maria de Jesus,\u00a0<u>Cartas<\/u>, ed. Teresa Luc\u00eda,\u00a0F.I., 2 vols. (Madrid: La Editorial Cat\u00f3lica, 1983).<\/p>\n<p style=\"text-align: justify;\"><a href=\"#_ftnref2\" name=\"_ftn2\">[2]<\/a> C\u00e2ndida Maria de Jesus, Cartas, ed. Teresa Lucia,\u00a0F.I., trans. Isabel Perez-Candela,\u00a0F.I., 2 vols. (Quezon City: Daughters of Jesus, 1988).<\/p>\n<p style=\"text-align: justify;\"><a href=\"#_ftnref3\" name=\"_ftn3\">[3]<\/a>\u00a0Introdu\u00e7\u00e3o \u00e0s cartas, 1:xxiv.<\/p>\n<p style=\"text-align: justify;\"><a href=\"#_ftnref4\" name=\"_ftn4\">[4]<\/a>\u00a0Veja, por exemplo, Carta I, L 43 (p. 108 &#8211; \u201cVamos viver uma vida boa, porque assim como a vida \u00e9, assim ser\u00e1 a morte. Se vivermos uma vida santa, morreremos uma morte santa porque esta \u00e9 a nossa \u00faltima objetivo: salvar nossa alma. Isso \u00e9 muito importante e sempre deve ser mantido em mente. &#8220;<\/p>\n<p style=\"text-align: justify;\"><a href=\"#_ftnref5\" name=\"_ftn5\">[5]<\/a>\u00a0Veja L 53 p. 141 &#8211; \u201cDiga-lhe que rezo muito por ela para que se recupere logo, mas, sobretudo, (rogo) que seja uma grande santa &#8230;\u201d, e L 88 p. 218 &#8211; \u201cRecebeu alguma not\u00edcia da irm\u00e3 Irene? Porque na sua \u00faltima carta M. Isabel dizia que ela n\u00e3o estava muito bem. Que Deus lhe d\u00ea boa sa\u00fade e, acima de tudo, fa\u00e7a dela uma grande santa \u201d.<\/p>\n<p style=\"text-align: justify;\"><a href=\"#_ftnref6\" name=\"_ftn6\">[6]<\/a> L\u00a025, 1:67.<\/p>\n","protected":false},"excerpt":{"rendered":"<p>Outro dia, eu estava imaginando a M\u00e3e C\u00e1ndida diante de mim enquanto fazia minha pergunta: \u201cQue presente voc\u00ea gostaria de mim no nosso 150\u00ba anivers\u00e1rio?\u201d Havia muitas coisas boas, mas de repente, lembrei-me das palavras dela, \u201cVoc\u00ea sabe que eu quero que voc\u00ea seja muito santa\u201d, uma frase que est\u00e1 constantemente presente em suas cartas. [&hellip;]<\/p>\n","protected":false},"author":28,"featured_media":10962,"comment_status":"closed","ping_status":"closed","sticky":false,"template":"","format":"standard","meta":{"_et_pb_use_builder":"","_et_pb_old_content":"","_et_gb_content_width":"","footnotes":"","_links_to":"","_links_to_target":""},"categories":[529,469],"tags":[790],"class_list":["post-29541","post","type-post","status-publish","format-standard","has-post-thumbnail","hentry","category-hijas-de-jesus-pt-br","category-noticias-pt-br","tag-sao-candida"],"yoast_head":"<!-- This site is optimized with the Yoast SEO plugin v27.4 - https:\/\/yoast.com\/product\/yoast-seo-wordpress\/ -->\n<title>Um presente de anivers\u00e1rio para a M\u00e3e C\u00e2ndida - Hijas de Jes\u00fas<\/title>\n<meta name=\"robots\" content=\"index, follow, max-snippet:-1, max-image-preview:large, max-video-preview:-1\" \/>\n<link rel=\"canonical\" href=\"https:\/\/hijasdejesus.org\/pt-br\/um-presente-de-aniversario-para-a-mae-candida-2\/\" \/>\n<meta property=\"og:locale\" content=\"pt_BR\" \/>\n<meta property=\"og:type\" content=\"article\" \/>\n<meta property=\"og:title\" content=\"Um presente de anivers\u00e1rio para a M\u00e3e C\u00e2ndida - Hijas de Jes\u00fas\" \/>\n<meta property=\"og:description\" content=\"Outro dia, eu estava imaginando a M\u00e3e C\u00e1ndida diante de mim enquanto fazia minha pergunta: \u201cQue presente voc\u00ea gostaria de mim no nosso 150\u00ba anivers\u00e1rio?\u201d Havia muitas coisas boas, mas de repente, lembrei-me das palavras dela, \u201cVoc\u00ea sabe que eu quero que voc\u00ea seja muito santa\u201d, uma frase que est\u00e1 constantemente presente em suas cartas. [&hellip;]\" \/>\n<meta property=\"og:url\" content=\"https:\/\/hijasdejesus.org\/pt-br\/um-presente-de-aniversario-para-a-mae-candida-2\/\" \/>\n<meta property=\"og:site_name\" content=\"Hijas de Jes\u00fas\" \/>\n<meta property=\"article:publisher\" content=\"https:\/\/www.facebook.com\/hijasdejesusenelmundo\/\" \/>\n<meta property=\"article:published_time\" content=\"2021-05-19T17:35:06+00:00\" \/>\n<meta property=\"article:modified_time\" content=\"2021-05-19T17:56:17+00:00\" \/>\n<meta property=\"og:image\" content=\"https:\/\/hijasdejesus.org\/wp-content\/uploads\/2021\/05\/Seas_muy_santa_PT.jpg\" \/>\n\t<meta property=\"og:image:width\" content=\"1747\" \/>\n\t<meta property=\"og:image:height\" content=\"1240\" \/>\n\t<meta property=\"og:image:type\" content=\"image\/jpeg\" \/>\n<meta name=\"author\" content=\"Webmaster\" \/>\n<meta name=\"twitter:card\" content=\"summary_large_image\" \/>\n<meta name=\"twitter:creator\" content=\"@hijasdjesus\" \/>\n<meta name=\"twitter:site\" content=\"@hijasdjesus\" \/>\n<meta name=\"twitter:label1\" content=\"Escrito por\" \/>\n\t<meta name=\"twitter:data1\" content=\"Webmaster\" \/>\n\t<meta name=\"twitter:label2\" content=\"Est. tempo de leitura\" \/>\n\t<meta name=\"twitter:data2\" content=\"6 minutos\" \/>\n<script type=\"application\/ld+json\" class=\"yoast-schema-graph\">{\"@context\":\"https:\\\/\\\/schema.org\",\"@graph\":[{\"@type\":\"Article\",\"@id\":\"https:\\\/\\\/hijasdejesus.org\\\/pt-br\\\/um-presente-de-aniversario-para-a-mae-candida-2\\\/#article\",\"isPartOf\":{\"@id\":\"https:\\\/\\\/hijasdejesus.org\\\/pt-br\\\/um-presente-de-aniversario-para-a-mae-candida-2\\\/\"},\"author\":{\"name\":\"Webmaster\",\"@id\":\"https:\\\/\\\/hijasdejesus.org\\\/pt-br\\\/#\\\/schema\\\/person\\\/ce4455965da733f2791f23b6ec14e9b6\"},\"headline\":\"Um presente de anivers\u00e1rio para a M\u00e3e C\u00e2ndida\",\"datePublished\":\"2021-05-19T17:35:06+00:00\",\"dateModified\":\"2021-05-19T17:56:17+00:00\",\"mainEntityOfPage\":{\"@id\":\"https:\\\/\\\/hijasdejesus.org\\\/pt-br\\\/um-presente-de-aniversario-para-a-mae-candida-2\\\/\"},\"wordCount\":1310,\"publisher\":{\"@id\":\"https:\\\/\\\/hijasdejesus.org\\\/pt-br\\\/#organization\"},\"image\":{\"@id\":\"https:\\\/\\\/hijasdejesus.org\\\/pt-br\\\/um-presente-de-aniversario-para-a-mae-candida-2\\\/#primaryimage\"},\"thumbnailUrl\":\"https:\\\/\\\/hijasdejesus.org\\\/wp-content\\\/uploads\\\/2021\\\/05\\\/Seas_muy_santa_PT.jpg\",\"keywords\":[\"S\u00e3o C\u00e2ndida\"],\"articleSection\":[\"Hijas de Jes\u00fas\",\"Not\u00edcias\"],\"inLanguage\":\"pt-BR\"},{\"@type\":\"WebPage\",\"@id\":\"https:\\\/\\\/hijasdejesus.org\\\/pt-br\\\/um-presente-de-aniversario-para-a-mae-candida-2\\\/\",\"url\":\"https:\\\/\\\/hijasdejesus.org\\\/pt-br\\\/um-presente-de-aniversario-para-a-mae-candida-2\\\/\",\"name\":\"Um presente de anivers\u00e1rio para a M\u00e3e C\u00e2ndida - Hijas de Jes\u00fas\",\"isPartOf\":{\"@id\":\"https:\\\/\\\/hijasdejesus.org\\\/pt-br\\\/#website\"},\"primaryImageOfPage\":{\"@id\":\"https:\\\/\\\/hijasdejesus.org\\\/pt-br\\\/um-presente-de-aniversario-para-a-mae-candida-2\\\/#primaryimage\"},\"image\":{\"@id\":\"https:\\\/\\\/hijasdejesus.org\\\/pt-br\\\/um-presente-de-aniversario-para-a-mae-candida-2\\\/#primaryimage\"},\"thumbnailUrl\":\"https:\\\/\\\/hijasdejesus.org\\\/wp-content\\\/uploads\\\/2021\\\/05\\\/Seas_muy_santa_PT.jpg\",\"datePublished\":\"2021-05-19T17:35:06+00:00\",\"dateModified\":\"2021-05-19T17:56:17+00:00\",\"breadcrumb\":{\"@id\":\"https:\\\/\\\/hijasdejesus.org\\\/pt-br\\\/um-presente-de-aniversario-para-a-mae-candida-2\\\/#breadcrumb\"},\"inLanguage\":\"pt-BR\",\"potentialAction\":[{\"@type\":\"ReadAction\",\"target\":[\"https:\\\/\\\/hijasdejesus.org\\\/pt-br\\\/um-presente-de-aniversario-para-a-mae-candida-2\\\/\"]}]},{\"@type\":\"ImageObject\",\"inLanguage\":\"pt-BR\",\"@id\":\"https:\\\/\\\/hijasdejesus.org\\\/pt-br\\\/um-presente-de-aniversario-para-a-mae-candida-2\\\/#primaryimage\",\"url\":\"https:\\\/\\\/hijasdejesus.org\\\/wp-content\\\/uploads\\\/2021\\\/05\\\/Seas_muy_santa_PT.jpg\",\"contentUrl\":\"https:\\\/\\\/hijasdejesus.org\\\/wp-content\\\/uploads\\\/2021\\\/05\\\/Seas_muy_santa_PT.jpg\",\"width\":1747,\"height\":1240},{\"@type\":\"BreadcrumbList\",\"@id\":\"https:\\\/\\\/hijasdejesus.org\\\/pt-br\\\/um-presente-de-aniversario-para-a-mae-candida-2\\\/#breadcrumb\",\"itemListElement\":[{\"@type\":\"ListItem\",\"position\":1,\"name\":\"Portada\",\"item\":\"https:\\\/\\\/hijasdejesus.org\\\/pt-br\\\/\"},{\"@type\":\"ListItem\",\"position\":2,\"name\":\"Um presente de anivers\u00e1rio para a M\u00e3e C\u00e2ndida\"}]},{\"@type\":\"WebSite\",\"@id\":\"https:\\\/\\\/hijasdejesus.org\\\/pt-br\\\/#website\",\"url\":\"https:\\\/\\\/hijasdejesus.org\\\/pt-br\\\/\",\"name\":\"Hijas de Jes\u00fas\",\"description\":\"Despertamos a Jes\u00fas en el coraz\u00f3n, sacando lo mejor de las personas. Somos una congregaci\u00f3n religiosa ignaciana fundada por la Madre Candida\",\"publisher\":{\"@id\":\"https:\\\/\\\/hijasdejesus.org\\\/pt-br\\\/#organization\"},\"potentialAction\":[{\"@type\":\"SearchAction\",\"target\":{\"@type\":\"EntryPoint\",\"urlTemplate\":\"https:\\\/\\\/hijasdejesus.org\\\/pt-br\\\/?s={search_term_string}\"},\"query-input\":{\"@type\":\"PropertyValueSpecification\",\"valueRequired\":true,\"valueName\":\"search_term_string\"}}],\"inLanguage\":\"pt-BR\"},{\"@type\":\"Organization\",\"@id\":\"https:\\\/\\\/hijasdejesus.org\\\/pt-br\\\/#organization\",\"name\":\"Hijas de Jes\u00fas\",\"url\":\"https:\\\/\\\/hijasdejesus.org\\\/pt-br\\\/\",\"logo\":{\"@type\":\"ImageObject\",\"inLanguage\":\"pt-BR\",\"@id\":\"https:\\\/\\\/hijasdejesus.org\\\/pt-br\\\/#\\\/schema\\\/logo\\\/image\\\/\",\"url\":\"https:\\\/\\\/hijasdejesus.org\\\/wp-content\\\/uploads\\\/2023\\\/01\\\/Hijas-de-Jesus_hor-A7C957.png\",\"contentUrl\":\"https:\\\/\\\/hijasdejesus.org\\\/wp-content\\\/uploads\\\/2023\\\/01\\\/Hijas-de-Jesus_hor-A7C957.png\",\"width\":700,\"height\":360,\"caption\":\"Hijas de Jes\u00fas\"},\"image\":{\"@id\":\"https:\\\/\\\/hijasdejesus.org\\\/pt-br\\\/#\\\/schema\\\/logo\\\/image\\\/\"},\"sameAs\":[\"https:\\\/\\\/www.facebook.com\\\/hijasdejesusenelmundo\\\/\",\"https:\\\/\\\/x.com\\\/hijasdjesus\"]},{\"@type\":\"Person\",\"@id\":\"https:\\\/\\\/hijasdejesus.org\\\/pt-br\\\/#\\\/schema\\\/person\\\/ce4455965da733f2791f23b6ec14e9b6\",\"name\":\"Webmaster\",\"image\":{\"@type\":\"ImageObject\",\"inLanguage\":\"pt-BR\",\"@id\":\"https:\\\/\\\/secure.gravatar.com\\\/avatar\\\/cfd0acaac86c3981d541d2e99a0ffb7b6d33a5ac8989a62f5518b9e0f7ee128a?s=96&d=mm&r=g\",\"url\":\"https:\\\/\\\/secure.gravatar.com\\\/avatar\\\/cfd0acaac86c3981d541d2e99a0ffb7b6d33a5ac8989a62f5518b9e0f7ee128a?s=96&d=mm&r=g\",\"contentUrl\":\"https:\\\/\\\/secure.gravatar.com\\\/avatar\\\/cfd0acaac86c3981d541d2e99a0ffb7b6d33a5ac8989a62f5518b9e0f7ee128a?s=96&d=mm&r=g\",\"caption\":\"Webmaster\"},\"url\":\"https:\\\/\\\/hijasdejesus.org\\\/pt-br\\\/author\\\/webmaster\\\/\"}]}<\/script>\n<!-- \/ Yoast SEO plugin. -->","yoast_head_json":{"title":"Um presente de anivers\u00e1rio para a M\u00e3e C\u00e2ndida - Hijas de Jes\u00fas","robots":{"index":"index","follow":"follow","max-snippet":"max-snippet:-1","max-image-preview":"max-image-preview:large","max-video-preview":"max-video-preview:-1"},"canonical":"https:\/\/hijasdejesus.org\/pt-br\/um-presente-de-aniversario-para-a-mae-candida-2\/","og_locale":"pt_BR","og_type":"article","og_title":"Um presente de anivers\u00e1rio para a M\u00e3e C\u00e2ndida - Hijas de Jes\u00fas","og_description":"Outro dia, eu estava imaginando a M\u00e3e C\u00e1ndida diante de mim enquanto fazia minha pergunta: \u201cQue presente voc\u00ea gostaria de mim no nosso 150\u00ba anivers\u00e1rio?\u201d Havia muitas coisas boas, mas de repente, lembrei-me das palavras dela, \u201cVoc\u00ea sabe que eu quero que voc\u00ea seja muito santa\u201d, uma frase que est\u00e1 constantemente presente em suas cartas. [&hellip;]","og_url":"https:\/\/hijasdejesus.org\/pt-br\/um-presente-de-aniversario-para-a-mae-candida-2\/","og_site_name":"Hijas de Jes\u00fas","article_publisher":"https:\/\/www.facebook.com\/hijasdejesusenelmundo\/","article_published_time":"2021-05-19T17:35:06+00:00","article_modified_time":"2021-05-19T17:56:17+00:00","og_image":[{"width":1747,"height":1240,"url":"https:\/\/hijasdejesus.org\/wp-content\/uploads\/2021\/05\/Seas_muy_santa_PT.jpg","type":"image\/jpeg"}],"author":"Webmaster","twitter_card":"summary_large_image","twitter_creator":"@hijasdjesus","twitter_site":"@hijasdjesus","twitter_misc":{"Escrito por":"Webmaster","Est. tempo de leitura":"6 minutos"},"schema":{"@context":"https:\/\/schema.org","@graph":[{"@type":"Article","@id":"https:\/\/hijasdejesus.org\/pt-br\/um-presente-de-aniversario-para-a-mae-candida-2\/#article","isPartOf":{"@id":"https:\/\/hijasdejesus.org\/pt-br\/um-presente-de-aniversario-para-a-mae-candida-2\/"},"author":{"name":"Webmaster","@id":"https:\/\/hijasdejesus.org\/pt-br\/#\/schema\/person\/ce4455965da733f2791f23b6ec14e9b6"},"headline":"Um presente de anivers\u00e1rio para a M\u00e3e C\u00e2ndida","datePublished":"2021-05-19T17:35:06+00:00","dateModified":"2021-05-19T17:56:17+00:00","mainEntityOfPage":{"@id":"https:\/\/hijasdejesus.org\/pt-br\/um-presente-de-aniversario-para-a-mae-candida-2\/"},"wordCount":1310,"publisher":{"@id":"https:\/\/hijasdejesus.org\/pt-br\/#organization"},"image":{"@id":"https:\/\/hijasdejesus.org\/pt-br\/um-presente-de-aniversario-para-a-mae-candida-2\/#primaryimage"},"thumbnailUrl":"https:\/\/hijasdejesus.org\/wp-content\/uploads\/2021\/05\/Seas_muy_santa_PT.jpg","keywords":["S\u00e3o C\u00e2ndida"],"articleSection":["Hijas de Jes\u00fas","Not\u00edcias"],"inLanguage":"pt-BR"},{"@type":"WebPage","@id":"https:\/\/hijasdejesus.org\/pt-br\/um-presente-de-aniversario-para-a-mae-candida-2\/","url":"https:\/\/hijasdejesus.org\/pt-br\/um-presente-de-aniversario-para-a-mae-candida-2\/","name":"Um presente de anivers\u00e1rio para a M\u00e3e C\u00e2ndida - Hijas de Jes\u00fas","isPartOf":{"@id":"https:\/\/hijasdejesus.org\/pt-br\/#website"},"primaryImageOfPage":{"@id":"https:\/\/hijasdejesus.org\/pt-br\/um-presente-de-aniversario-para-a-mae-candida-2\/#primaryimage"},"image":{"@id":"https:\/\/hijasdejesus.org\/pt-br\/um-presente-de-aniversario-para-a-mae-candida-2\/#primaryimage"},"thumbnailUrl":"https:\/\/hijasdejesus.org\/wp-content\/uploads\/2021\/05\/Seas_muy_santa_PT.jpg","datePublished":"2021-05-19T17:35:06+00:00","dateModified":"2021-05-19T17:56:17+00:00","breadcrumb":{"@id":"https:\/\/hijasdejesus.org\/pt-br\/um-presente-de-aniversario-para-a-mae-candida-2\/#breadcrumb"},"inLanguage":"pt-BR","potentialAction":[{"@type":"ReadAction","target":["https:\/\/hijasdejesus.org\/pt-br\/um-presente-de-aniversario-para-a-mae-candida-2\/"]}]},{"@type":"ImageObject","inLanguage":"pt-BR","@id":"https:\/\/hijasdejesus.org\/pt-br\/um-presente-de-aniversario-para-a-mae-candida-2\/#primaryimage","url":"https:\/\/hijasdejesus.org\/wp-content\/uploads\/2021\/05\/Seas_muy_santa_PT.jpg","contentUrl":"https:\/\/hijasdejesus.org\/wp-content\/uploads\/2021\/05\/Seas_muy_santa_PT.jpg","width":1747,"height":1240},{"@type":"BreadcrumbList","@id":"https:\/\/hijasdejesus.org\/pt-br\/um-presente-de-aniversario-para-a-mae-candida-2\/#breadcrumb","itemListElement":[{"@type":"ListItem","position":1,"name":"Portada","item":"https:\/\/hijasdejesus.org\/pt-br\/"},{"@type":"ListItem","position":2,"name":"Um presente de anivers\u00e1rio para a M\u00e3e C\u00e2ndida"}]},{"@type":"WebSite","@id":"https:\/\/hijasdejesus.org\/pt-br\/#website","url":"https:\/\/hijasdejesus.org\/pt-br\/","name":"Hijas de Jes\u00fas","description":"Despertamos a Jes\u00fas en el coraz\u00f3n, sacando lo mejor de las personas. Somos una congregaci\u00f3n religiosa ignaciana fundada por la Madre Candida","publisher":{"@id":"https:\/\/hijasdejesus.org\/pt-br\/#organization"},"potentialAction":[{"@type":"SearchAction","target":{"@type":"EntryPoint","urlTemplate":"https:\/\/hijasdejesus.org\/pt-br\/?s={search_term_string}"},"query-input":{"@type":"PropertyValueSpecification","valueRequired":true,"valueName":"search_term_string"}}],"inLanguage":"pt-BR"},{"@type":"Organization","@id":"https:\/\/hijasdejesus.org\/pt-br\/#organization","name":"Hijas de Jes\u00fas","url":"https:\/\/hijasdejesus.org\/pt-br\/","logo":{"@type":"ImageObject","inLanguage":"pt-BR","@id":"https:\/\/hijasdejesus.org\/pt-br\/#\/schema\/logo\/image\/","url":"https:\/\/hijasdejesus.org\/wp-content\/uploads\/2023\/01\/Hijas-de-Jesus_hor-A7C957.png","contentUrl":"https:\/\/hijasdejesus.org\/wp-content\/uploads\/2023\/01\/Hijas-de-Jesus_hor-A7C957.png","width":700,"height":360,"caption":"Hijas de Jes\u00fas"},"image":{"@id":"https:\/\/hijasdejesus.org\/pt-br\/#\/schema\/logo\/image\/"},"sameAs":["https:\/\/www.facebook.com\/hijasdejesusenelmundo\/","https:\/\/x.com\/hijasdjesus"]},{"@type":"Person","@id":"https:\/\/hijasdejesus.org\/pt-br\/#\/schema\/person\/ce4455965da733f2791f23b6ec14e9b6","name":"Webmaster","image":{"@type":"ImageObject","inLanguage":"pt-BR","@id":"https:\/\/secure.gravatar.com\/avatar\/cfd0acaac86c3981d541d2e99a0ffb7b6d33a5ac8989a62f5518b9e0f7ee128a?s=96&d=mm&r=g","url":"https:\/\/secure.gravatar.com\/avatar\/cfd0acaac86c3981d541d2e99a0ffb7b6d33a5ac8989a62f5518b9e0f7ee128a?s=96&d=mm&r=g","contentUrl":"https:\/\/secure.gravatar.com\/avatar\/cfd0acaac86c3981d541d2e99a0ffb7b6d33a5ac8989a62f5518b9e0f7ee128a?s=96&d=mm&r=g","caption":"Webmaster"},"url":"https:\/\/hijasdejesus.org\/pt-br\/author\/webmaster\/"}]}},"_links":{"self":[{"href":"https:\/\/hijasdejesus.org\/pt-br\/wp-json\/wp\/v2\/posts\/29541","targetHints":{"allow":["GET"]}}],"collection":[{"href":"https:\/\/hijasdejesus.org\/pt-br\/wp-json\/wp\/v2\/posts"}],"about":[{"href":"https:\/\/hijasdejesus.org\/pt-br\/wp-json\/wp\/v2\/types\/post"}],"author":[{"embeddable":true,"href":"https:\/\/hijasdejesus.org\/pt-br\/wp-json\/wp\/v2\/users\/28"}],"replies":[{"embeddable":true,"href":"https:\/\/hijasdejesus.org\/pt-br\/wp-json\/wp\/v2\/comments?post=29541"}],"version-history":[{"count":0,"href":"https:\/\/hijasdejesus.org\/pt-br\/wp-json\/wp\/v2\/posts\/29541\/revisions"}],"wp:featuredmedia":[{"embeddable":true,"href":"https:\/\/hijasdejesus.org\/pt-br\/wp-json\/wp\/v2\/media\/10962"}],"wp:attachment":[{"href":"https:\/\/hijasdejesus.org\/pt-br\/wp-json\/wp\/v2\/media?parent=29541"}],"wp:term":[{"taxonomy":"category","embeddable":true,"href":"https:\/\/hijasdejesus.org\/pt-br\/wp-json\/wp\/v2\/categories?post=29541"},{"taxonomy":"post_tag","embeddable":true,"href":"https:\/\/hijasdejesus.org\/pt-br\/wp-json\/wp\/v2\/tags?post=29541"}],"curies":[{"name":"wp","href":"https:\/\/api.w.org\/{rel}","templated":true}]}}