{"id":29553,"date":"2021-05-30T19:29:52","date_gmt":"2021-05-30T17:29:52","guid":{"rendered":"https:\/\/nueva.hijasdejesus.org\/feliz-31-de-maio\/"},"modified":"2021-05-30T19:29:52","modified_gmt":"2021-05-30T17:29:52","slug":"feliz-31-de-maio","status":"publish","type":"post","link":"https:\/\/hijasdejesus.org\/pt-br\/feliz-31-de-maio\/","title":{"rendered":"Feliz 31 de maio!"},"content":{"rendered":"<\/p>\n<p>Feliz 31 de maio:<\/p>\n<p style=\"text-align: justify;\"><strong>Duas grandes festas<\/strong> coincidem no mesmo dia, uma eclesial e outra congregacional. Festas que evocam duas mulheres generosas com grande liberdade interior. Mulheres que souberam se abrir ao projeto do Pai para cumprir sua Vontade. Eles continuam a nos inspirar hoje.<\/p>\n<p style=\"text-align: justify;\">Esta festa <strong>foi precedida<\/strong> por duas outras grandes nos domingos anteriores, <a href=\"index.php?option=com_content&amp;view=article&amp;id=2194&amp;catid=14&amp;Itemid=143&amp;lang=pt\">Pentecostes<\/a>\u00a0e <strong>Sant\u00edssima Trindade<\/strong>. Mais uma vez somos lembrados de que o Esp\u00edrito vem para animar a obra do Filho, enviado pelo Pai e com quem n\u00f3s, Filhas de Jesus e leigos, queremos colaborar. E a vida trinit\u00e1ria nos revela que nascemos do amor, que \u00e9 comunh\u00e3o e que com a dimens\u00e3o da fraternidade est\u00e1 no centro de nossa vida e miss\u00e3o.<\/p>\n<p style=\"text-align: justify;\">\u00c9 bom <strong>parar e olhar para o processo<\/strong> de celebra\u00e7\u00e3o dos 150 anos de funda\u00e7\u00e3o da nossa Congrega\u00e7\u00e3o, o que estamos celebrando e <strong>o que o Esp\u00edrito Santo est\u00e1 \u201cmovendo, transformando em n\u00f3s hoje\u201d.<\/strong> Que movimentos, que desejos despertam em n\u00f3s? Que medos nos impedem? Que situa\u00e7\u00f5es nos decepcionam?<\/p>\n<p style=\"text-align: justify;\">Nosso ano jubilar, <strong>em meio a uma situa\u00e7\u00e3o de pandemia<\/strong>, deve ser um sinal de luz e um desafio para o nosso Corpo Apost\u00f3lico. Queremos ser gratos por tanto recebido e oferecido nestes 150 anos e, ao mesmo tempo, pedimos uma gra\u00e7a: a de <strong>sermos fi\u00e9is \u00e0 heran\u00e7a recebida<\/strong>, a de \u201cconservar e aumentar o Corpo em seu bom estado\u201d, o de crescer enquanto diminui&#8230;<\/p>\n<p style=\"text-align: justify;\">Convido-vos, convidamo-nos reciprocamente, a tomar consci\u00eancia daquele apelo de ac\u00e7\u00e3o apost\u00f3lica que o CGXVIII nos fez: <strong>permanecer abertos e \u00e0 procura do horizonte e dos passos que o Esp\u00edrito nos incita a dar como fam\u00edlia carism\u00e1tica.<\/strong> Deixe isso acontecer. Isso significa estar atento, colocar meios, viabilizar sua a\u00e7\u00e3o em nosso meio. O nosso objetivo \u00e9 apoiar a a\u00e7\u00e3o do Esp\u00edrito &#8211; mas sem nos antecipar nem desistir &#8211; atendendo \u00e0 diversidade que est\u00e1 presente na Congrega\u00e7\u00e3o. J\u00e1 n\u00e3o podemos pensar sozinhos&#8230; <strong>Juntos, leigos e Filhas de Jesus,<\/strong> somos enviados a discernir e a colocar em pr\u00e1tica os seis apelos \u00e0 a\u00e7\u00e3o apost\u00f3lica que nos foram dados pelo pr\u00f3prio CGXVIII.<\/p>\n<p style=\"text-align: justify;\">\u00c9 muito reconfortante ver quanto tempo a Congrega\u00e7\u00e3o est\u00e1 nesta abertura aos leigos e como eles passaram de colaboradores das Filhas de Jesus a sentir que <em><strong>compartilhamos carisma e miss\u00e3o.<\/strong><\/em><\/p>\n<p>Maria, Estrela de nossos caminhos, e Madre C\u00e2ndida interceda por todos n\u00f3s.<\/p>\n<p>Feliz dia da Madre C\u00e2ndida!<\/p>\n<p><em><strong>Graciela Francovig, Superiora Geral<\/strong><\/em><\/p>\n","protected":false},"excerpt":{"rendered":"<p>Feliz 31 de maio: Duas grandes festas coincidem no mesmo dia, uma eclesial e outra congregacional. Festas que evocam duas mulheres generosas com grande liberdade interior. Mulheres que souberam se abrir ao projeto do Pai para cumprir sua Vontade. Eles continuam a nos inspirar hoje. Esta festa foi precedida por duas outras grandes nos domingos [&hellip;]<\/p>\n","protected":false},"author":28,"featured_media":10978,"comment_status":"closed","ping_status":"closed","sticky":false,"template":"","format":"standard","meta":{"_et_pb_use_builder":"","_et_pb_old_content":"","_et_gb_content_width":"","footnotes":"","_links_to":"","_links_to_target":""},"categories":[529,469],"tags":[790],"class_list":["post-29553","post","type-post","status-publish","format-standard","has-post-thumbnail","hentry","category-hijas-de-jesus-pt-br","category-noticias-pt-br","tag-sao-candida"],"yoast_head":"<!-- This site is optimized with the Yoast SEO plugin v27.4 - https:\/\/yoast.com\/product\/yoast-seo-wordpress\/ -->\n<title>Feliz 31 de maio! - Hijas de Jes\u00fas<\/title>\n<meta name=\"robots\" content=\"index, follow, max-snippet:-1, max-image-preview:large, max-video-preview:-1\" \/>\n<link rel=\"canonical\" href=\"https:\/\/hijasdejesus.org\/pt-br\/feliz-31-de-maio\/\" \/>\n<meta property=\"og:locale\" content=\"pt_BR\" \/>\n<meta property=\"og:type\" content=\"article\" \/>\n<meta property=\"og:title\" content=\"Feliz 31 de maio! - Hijas de Jes\u00fas\" \/>\n<meta property=\"og:description\" content=\"Feliz 31 de maio: Duas grandes festas coincidem no mesmo dia, uma eclesial e outra congregacional. Festas que evocam duas mulheres generosas com grande liberdade interior. Mulheres que souberam se abrir ao projeto do Pai para cumprir sua Vontade. Eles continuam a nos inspirar hoje. Esta festa foi precedida por duas outras grandes nos domingos [&hellip;]\" \/>\n<meta property=\"og:url\" content=\"https:\/\/hijasdejesus.org\/pt-br\/feliz-31-de-maio\/\" \/>\n<meta property=\"og:site_name\" content=\"Hijas de Jes\u00fas\" \/>\n<meta property=\"article:publisher\" content=\"https:\/\/www.facebook.com\/hijasdejesusenelmundo\/\" \/>\n<meta property=\"article:published_time\" content=\"2021-05-30T17:29:52+00:00\" \/>\n<meta property=\"og:image\" content=\"https:\/\/hijasdejesus.org\/wp-content\/uploads\/2021\/05\/2021-05-31_Cabecera.jpg\" \/>\n\t<meta property=\"og:image:width\" content=\"2000\" \/>\n\t<meta property=\"og:image:height\" content=\"647\" \/>\n\t<meta property=\"og:image:type\" content=\"image\/jpeg\" \/>\n<meta name=\"author\" content=\"Webmaster\" \/>\n<meta name=\"twitter:card\" content=\"summary_large_image\" \/>\n<meta name=\"twitter:creator\" content=\"@hijasdjesus\" \/>\n<meta name=\"twitter:site\" content=\"@hijasdjesus\" \/>\n<meta name=\"twitter:label1\" content=\"Escrito por\" \/>\n\t<meta name=\"twitter:data1\" content=\"Webmaster\" \/>\n\t<meta name=\"twitter:label2\" content=\"Est. tempo de leitura\" \/>\n\t<meta name=\"twitter:data2\" content=\"2 minutos\" \/>\n<script type=\"application\/ld+json\" class=\"yoast-schema-graph\">{\"@context\":\"https:\\\/\\\/schema.org\",\"@graph\":[{\"@type\":\"Article\",\"@id\":\"https:\\\/\\\/hijasdejesus.org\\\/pt-br\\\/feliz-31-de-maio\\\/#article\",\"isPartOf\":{\"@id\":\"https:\\\/\\\/hijasdejesus.org\\\/pt-br\\\/feliz-31-de-maio\\\/\"},\"author\":{\"name\":\"Webmaster\",\"@id\":\"https:\\\/\\\/hijasdejesus.org\\\/pt-br\\\/#\\\/schema\\\/person\\\/ce4455965da733f2791f23b6ec14e9b6\"},\"headline\":\"Feliz 31 de maio!\",\"datePublished\":\"2021-05-30T17:29:52+00:00\",\"mainEntityOfPage\":{\"@id\":\"https:\\\/\\\/hijasdejesus.org\\\/pt-br\\\/feliz-31-de-maio\\\/\"},\"wordCount\":423,\"publisher\":{\"@id\":\"https:\\\/\\\/hijasdejesus.org\\\/pt-br\\\/#organization\"},\"image\":{\"@id\":\"https:\\\/\\\/hijasdejesus.org\\\/pt-br\\\/feliz-31-de-maio\\\/#primaryimage\"},\"thumbnailUrl\":\"https:\\\/\\\/hijasdejesus.org\\\/wp-content\\\/uploads\\\/2021\\\/05\\\/2021-05-31_Cabecera.jpg\",\"keywords\":[\"S\u00e3o C\u00e2ndida\"],\"articleSection\":[\"Hijas de Jes\u00fas\",\"Not\u00edcias\"],\"inLanguage\":\"pt-BR\"},{\"@type\":\"WebPage\",\"@id\":\"https:\\\/\\\/hijasdejesus.org\\\/pt-br\\\/feliz-31-de-maio\\\/\",\"url\":\"https:\\\/\\\/hijasdejesus.org\\\/pt-br\\\/feliz-31-de-maio\\\/\",\"name\":\"Feliz 31 de maio! - Hijas de Jes\u00fas\",\"isPartOf\":{\"@id\":\"https:\\\/\\\/hijasdejesus.org\\\/pt-br\\\/#website\"},\"primaryImageOfPage\":{\"@id\":\"https:\\\/\\\/hijasdejesus.org\\\/pt-br\\\/feliz-31-de-maio\\\/#primaryimage\"},\"image\":{\"@id\":\"https:\\\/\\\/hijasdejesus.org\\\/pt-br\\\/feliz-31-de-maio\\\/#primaryimage\"},\"thumbnailUrl\":\"https:\\\/\\\/hijasdejesus.org\\\/wp-content\\\/uploads\\\/2021\\\/05\\\/2021-05-31_Cabecera.jpg\",\"datePublished\":\"2021-05-30T17:29:52+00:00\",\"breadcrumb\":{\"@id\":\"https:\\\/\\\/hijasdejesus.org\\\/pt-br\\\/feliz-31-de-maio\\\/#breadcrumb\"},\"inLanguage\":\"pt-BR\",\"potentialAction\":[{\"@type\":\"ReadAction\",\"target\":[\"https:\\\/\\\/hijasdejesus.org\\\/pt-br\\\/feliz-31-de-maio\\\/\"]}]},{\"@type\":\"ImageObject\",\"inLanguage\":\"pt-BR\",\"@id\":\"https:\\\/\\\/hijasdejesus.org\\\/pt-br\\\/feliz-31-de-maio\\\/#primaryimage\",\"url\":\"https:\\\/\\\/hijasdejesus.org\\\/wp-content\\\/uploads\\\/2021\\\/05\\\/2021-05-31_Cabecera.jpg\",\"contentUrl\":\"https:\\\/\\\/hijasdejesus.org\\\/wp-content\\\/uploads\\\/2021\\\/05\\\/2021-05-31_Cabecera.jpg\",\"width\":2000,\"height\":647},{\"@type\":\"BreadcrumbList\",\"@id\":\"https:\\\/\\\/hijasdejesus.org\\\/pt-br\\\/feliz-31-de-maio\\\/#breadcrumb\",\"itemListElement\":[{\"@type\":\"ListItem\",\"position\":1,\"name\":\"Portada\",\"item\":\"https:\\\/\\\/hijasdejesus.org\\\/pt-br\\\/\"},{\"@type\":\"ListItem\",\"position\":2,\"name\":\"Feliz 31 de maio!\"}]},{\"@type\":\"WebSite\",\"@id\":\"https:\\\/\\\/hijasdejesus.org\\\/pt-br\\\/#website\",\"url\":\"https:\\\/\\\/hijasdejesus.org\\\/pt-br\\\/\",\"name\":\"Hijas de Jes\u00fas\",\"description\":\"Despertamos a Jes\u00fas en el coraz\u00f3n, sacando lo mejor de las personas. Somos una congregaci\u00f3n religiosa ignaciana fundada por la Madre Candida\",\"publisher\":{\"@id\":\"https:\\\/\\\/hijasdejesus.org\\\/pt-br\\\/#organization\"},\"potentialAction\":[{\"@type\":\"SearchAction\",\"target\":{\"@type\":\"EntryPoint\",\"urlTemplate\":\"https:\\\/\\\/hijasdejesus.org\\\/pt-br\\\/?s={search_term_string}\"},\"query-input\":{\"@type\":\"PropertyValueSpecification\",\"valueRequired\":true,\"valueName\":\"search_term_string\"}}],\"inLanguage\":\"pt-BR\"},{\"@type\":\"Organization\",\"@id\":\"https:\\\/\\\/hijasdejesus.org\\\/pt-br\\\/#organization\",\"name\":\"Hijas de Jes\u00fas\",\"url\":\"https:\\\/\\\/hijasdejesus.org\\\/pt-br\\\/\",\"logo\":{\"@type\":\"ImageObject\",\"inLanguage\":\"pt-BR\",\"@id\":\"https:\\\/\\\/hijasdejesus.org\\\/pt-br\\\/#\\\/schema\\\/logo\\\/image\\\/\",\"url\":\"https:\\\/\\\/hijasdejesus.org\\\/wp-content\\\/uploads\\\/2023\\\/01\\\/Hijas-de-Jesus_hor-A7C957.png\",\"contentUrl\":\"https:\\\/\\\/hijasdejesus.org\\\/wp-content\\\/uploads\\\/2023\\\/01\\\/Hijas-de-Jesus_hor-A7C957.png\",\"width\":700,\"height\":360,\"caption\":\"Hijas de Jes\u00fas\"},\"image\":{\"@id\":\"https:\\\/\\\/hijasdejesus.org\\\/pt-br\\\/#\\\/schema\\\/logo\\\/image\\\/\"},\"sameAs\":[\"https:\\\/\\\/www.facebook.com\\\/hijasdejesusenelmundo\\\/\",\"https:\\\/\\\/x.com\\\/hijasdjesus\"]},{\"@type\":\"Person\",\"@id\":\"https:\\\/\\\/hijasdejesus.org\\\/pt-br\\\/#\\\/schema\\\/person\\\/ce4455965da733f2791f23b6ec14e9b6\",\"name\":\"Webmaster\",\"image\":{\"@type\":\"ImageObject\",\"inLanguage\":\"pt-BR\",\"@id\":\"https:\\\/\\\/secure.gravatar.com\\\/avatar\\\/cfd0acaac86c3981d541d2e99a0ffb7b6d33a5ac8989a62f5518b9e0f7ee128a?s=96&d=mm&r=g\",\"url\":\"https:\\\/\\\/secure.gravatar.com\\\/avatar\\\/cfd0acaac86c3981d541d2e99a0ffb7b6d33a5ac8989a62f5518b9e0f7ee128a?s=96&d=mm&r=g\",\"contentUrl\":\"https:\\\/\\\/secure.gravatar.com\\\/avatar\\\/cfd0acaac86c3981d541d2e99a0ffb7b6d33a5ac8989a62f5518b9e0f7ee128a?s=96&d=mm&r=g\",\"caption\":\"Webmaster\"},\"url\":\"https:\\\/\\\/hijasdejesus.org\\\/pt-br\\\/author\\\/webmaster\\\/\"}]}<\/script>\n<!-- \/ Yoast SEO plugin. -->","yoast_head_json":{"title":"Feliz 31 de maio! - Hijas de Jes\u00fas","robots":{"index":"index","follow":"follow","max-snippet":"max-snippet:-1","max-image-preview":"max-image-preview:large","max-video-preview":"max-video-preview:-1"},"canonical":"https:\/\/hijasdejesus.org\/pt-br\/feliz-31-de-maio\/","og_locale":"pt_BR","og_type":"article","og_title":"Feliz 31 de maio! - Hijas de Jes\u00fas","og_description":"Feliz 31 de maio: Duas grandes festas coincidem no mesmo dia, uma eclesial e outra congregacional. Festas que evocam duas mulheres generosas com grande liberdade interior. Mulheres que souberam se abrir ao projeto do Pai para cumprir sua Vontade. Eles continuam a nos inspirar hoje. Esta festa foi precedida por duas outras grandes nos domingos [&hellip;]","og_url":"https:\/\/hijasdejesus.org\/pt-br\/feliz-31-de-maio\/","og_site_name":"Hijas de Jes\u00fas","article_publisher":"https:\/\/www.facebook.com\/hijasdejesusenelmundo\/","article_published_time":"2021-05-30T17:29:52+00:00","og_image":[{"width":2000,"height":647,"url":"https:\/\/hijasdejesus.org\/wp-content\/uploads\/2021\/05\/2021-05-31_Cabecera.jpg","type":"image\/jpeg"}],"author":"Webmaster","twitter_card":"summary_large_image","twitter_creator":"@hijasdjesus","twitter_site":"@hijasdjesus","twitter_misc":{"Escrito por":"Webmaster","Est. tempo de leitura":"2 minutos"},"schema":{"@context":"https:\/\/schema.org","@graph":[{"@type":"Article","@id":"https:\/\/hijasdejesus.org\/pt-br\/feliz-31-de-maio\/#article","isPartOf":{"@id":"https:\/\/hijasdejesus.org\/pt-br\/feliz-31-de-maio\/"},"author":{"name":"Webmaster","@id":"https:\/\/hijasdejesus.org\/pt-br\/#\/schema\/person\/ce4455965da733f2791f23b6ec14e9b6"},"headline":"Feliz 31 de maio!","datePublished":"2021-05-30T17:29:52+00:00","mainEntityOfPage":{"@id":"https:\/\/hijasdejesus.org\/pt-br\/feliz-31-de-maio\/"},"wordCount":423,"publisher":{"@id":"https:\/\/hijasdejesus.org\/pt-br\/#organization"},"image":{"@id":"https:\/\/hijasdejesus.org\/pt-br\/feliz-31-de-maio\/#primaryimage"},"thumbnailUrl":"https:\/\/hijasdejesus.org\/wp-content\/uploads\/2021\/05\/2021-05-31_Cabecera.jpg","keywords":["S\u00e3o C\u00e2ndida"],"articleSection":["Hijas de Jes\u00fas","Not\u00edcias"],"inLanguage":"pt-BR"},{"@type":"WebPage","@id":"https:\/\/hijasdejesus.org\/pt-br\/feliz-31-de-maio\/","url":"https:\/\/hijasdejesus.org\/pt-br\/feliz-31-de-maio\/","name":"Feliz 31 de maio! - Hijas de Jes\u00fas","isPartOf":{"@id":"https:\/\/hijasdejesus.org\/pt-br\/#website"},"primaryImageOfPage":{"@id":"https:\/\/hijasdejesus.org\/pt-br\/feliz-31-de-maio\/#primaryimage"},"image":{"@id":"https:\/\/hijasdejesus.org\/pt-br\/feliz-31-de-maio\/#primaryimage"},"thumbnailUrl":"https:\/\/hijasdejesus.org\/wp-content\/uploads\/2021\/05\/2021-05-31_Cabecera.jpg","datePublished":"2021-05-30T17:29:52+00:00","breadcrumb":{"@id":"https:\/\/hijasdejesus.org\/pt-br\/feliz-31-de-maio\/#breadcrumb"},"inLanguage":"pt-BR","potentialAction":[{"@type":"ReadAction","target":["https:\/\/hijasdejesus.org\/pt-br\/feliz-31-de-maio\/"]}]},{"@type":"ImageObject","inLanguage":"pt-BR","@id":"https:\/\/hijasdejesus.org\/pt-br\/feliz-31-de-maio\/#primaryimage","url":"https:\/\/hijasdejesus.org\/wp-content\/uploads\/2021\/05\/2021-05-31_Cabecera.jpg","contentUrl":"https:\/\/hijasdejesus.org\/wp-content\/uploads\/2021\/05\/2021-05-31_Cabecera.jpg","width":2000,"height":647},{"@type":"BreadcrumbList","@id":"https:\/\/hijasdejesus.org\/pt-br\/feliz-31-de-maio\/#breadcrumb","itemListElement":[{"@type":"ListItem","position":1,"name":"Portada","item":"https:\/\/hijasdejesus.org\/pt-br\/"},{"@type":"ListItem","position":2,"name":"Feliz 31 de maio!"}]},{"@type":"WebSite","@id":"https:\/\/hijasdejesus.org\/pt-br\/#website","url":"https:\/\/hijasdejesus.org\/pt-br\/","name":"Hijas de Jes\u00fas","description":"Despertamos a Jes\u00fas en el coraz\u00f3n, sacando lo mejor de las personas. Somos una congregaci\u00f3n religiosa ignaciana fundada por la Madre Candida","publisher":{"@id":"https:\/\/hijasdejesus.org\/pt-br\/#organization"},"potentialAction":[{"@type":"SearchAction","target":{"@type":"EntryPoint","urlTemplate":"https:\/\/hijasdejesus.org\/pt-br\/?s={search_term_string}"},"query-input":{"@type":"PropertyValueSpecification","valueRequired":true,"valueName":"search_term_string"}}],"inLanguage":"pt-BR"},{"@type":"Organization","@id":"https:\/\/hijasdejesus.org\/pt-br\/#organization","name":"Hijas de Jes\u00fas","url":"https:\/\/hijasdejesus.org\/pt-br\/","logo":{"@type":"ImageObject","inLanguage":"pt-BR","@id":"https:\/\/hijasdejesus.org\/pt-br\/#\/schema\/logo\/image\/","url":"https:\/\/hijasdejesus.org\/wp-content\/uploads\/2023\/01\/Hijas-de-Jesus_hor-A7C957.png","contentUrl":"https:\/\/hijasdejesus.org\/wp-content\/uploads\/2023\/01\/Hijas-de-Jesus_hor-A7C957.png","width":700,"height":360,"caption":"Hijas de Jes\u00fas"},"image":{"@id":"https:\/\/hijasdejesus.org\/pt-br\/#\/schema\/logo\/image\/"},"sameAs":["https:\/\/www.facebook.com\/hijasdejesusenelmundo\/","https:\/\/x.com\/hijasdjesus"]},{"@type":"Person","@id":"https:\/\/hijasdejesus.org\/pt-br\/#\/schema\/person\/ce4455965da733f2791f23b6ec14e9b6","name":"Webmaster","image":{"@type":"ImageObject","inLanguage":"pt-BR","@id":"https:\/\/secure.gravatar.com\/avatar\/cfd0acaac86c3981d541d2e99a0ffb7b6d33a5ac8989a62f5518b9e0f7ee128a?s=96&d=mm&r=g","url":"https:\/\/secure.gravatar.com\/avatar\/cfd0acaac86c3981d541d2e99a0ffb7b6d33a5ac8989a62f5518b9e0f7ee128a?s=96&d=mm&r=g","contentUrl":"https:\/\/secure.gravatar.com\/avatar\/cfd0acaac86c3981d541d2e99a0ffb7b6d33a5ac8989a62f5518b9e0f7ee128a?s=96&d=mm&r=g","caption":"Webmaster"},"url":"https:\/\/hijasdejesus.org\/pt-br\/author\/webmaster\/"}]}},"_links":{"self":[{"href":"https:\/\/hijasdejesus.org\/pt-br\/wp-json\/wp\/v2\/posts\/29553","targetHints":{"allow":["GET"]}}],"collection":[{"href":"https:\/\/hijasdejesus.org\/pt-br\/wp-json\/wp\/v2\/posts"}],"about":[{"href":"https:\/\/hijasdejesus.org\/pt-br\/wp-json\/wp\/v2\/types\/post"}],"author":[{"embeddable":true,"href":"https:\/\/hijasdejesus.org\/pt-br\/wp-json\/wp\/v2\/users\/28"}],"replies":[{"embeddable":true,"href":"https:\/\/hijasdejesus.org\/pt-br\/wp-json\/wp\/v2\/comments?post=29553"}],"version-history":[{"count":0,"href":"https:\/\/hijasdejesus.org\/pt-br\/wp-json\/wp\/v2\/posts\/29553\/revisions"}],"wp:featuredmedia":[{"embeddable":true,"href":"https:\/\/hijasdejesus.org\/pt-br\/wp-json\/wp\/v2\/media\/10978"}],"wp:attachment":[{"href":"https:\/\/hijasdejesus.org\/pt-br\/wp-json\/wp\/v2\/media?parent=29553"}],"wp:term":[{"taxonomy":"category","embeddable":true,"href":"https:\/\/hijasdejesus.org\/pt-br\/wp-json\/wp\/v2\/categories?post=29553"},{"taxonomy":"post_tag","embeddable":true,"href":"https:\/\/hijasdejesus.org\/pt-br\/wp-json\/wp\/v2\/tags?post=29553"}],"curies":[{"name":"wp","href":"https:\/\/api.w.org\/{rel}","templated":true}]}}