{"id":29556,"date":"2021-06-01T03:42:02","date_gmt":"2021-06-01T01:42:02","guid":{"rendered":"https:\/\/nueva.hijasdejesus.org\/notiandina-n-177-2\/"},"modified":"2021-06-01T03:42:02","modified_gmt":"2021-06-01T01:42:02","slug":"notiandina-n-177-2","status":"publish","type":"post","link":"https:\/\/hijasdejesus.org\/pt-br\/notiandina-n-177-2\/","title":{"rendered":"NotiAndina n\u00b0 177 &#8211; Maio 2021"},"content":{"rendered":"<p><strong>\u00a0<\/strong><\/p>\n<p>A Prov\u00edncia da Am\u00e9rica-Andina nos envia sua revista de maio e nos diz:<\/p>\n<p>\u00a0 \u00a0 \u00a0 \u00a0 \u00a0 \u00a0 \u00a0 \u00a0 \u00a0\u201cCom a alegria e a gratid\u00e3o de ter celebrado, em fam\u00edlia, o nascimento de Santa C\u00e1ndida, enviamos a NotiAndina de Mayo. Como sempre,\u00a0 \u00a0 \u00a0 \u00a0 \u00a0 \u00a0 \u00a0 \u00a0 \u00a0 \u00a0 \u00a0 \u00a0 \u00a0 \u00a0procurando recolher em suas p\u00e1ginas parte da vida da Prov\u00edncia\u201d.<\/p>\n<p>Nada para adicionar. Gra\u00e7as \u00e0 voc\u00ea.<\/p>\n<p>Deixamos o \u00edndice para que voc\u00ea possa escolher por onde come\u00e7ar a ler. At\u00e9 o m\u00eas que vem!<\/p>\n<p style=\"text-align: justify;\">Entrar\u00a0<a href=\"index.php?option=com_jdownloads&amp;task=download.send&amp;id=1034&amp;catid=20&amp;m=0&amp;Itemid=121&amp;lang=es\">AQU\u00cd<\/a>\u00a0para o n\u00famero completo.<\/p>\n<p style=\"text-align: justify;\">\u00a0<\/p>\n<p>A BEATIFICA\u00c7\u00c3O DO DR. JOS\u00c9 GREGORIO HERNANDEZ, UM CONFORTO PARA OS CRENTES DA VENEZUELA!<\/p>\n<p style=\"padding-left: 30px;\"><em>Irm\u00e3s da Comunidade da Col\u00f4mbia<\/em><\/p>\n<p>A MEIO DO ANO DO JUBILEU !!!<\/p>\n<p>E ANO INACIANO 2021-2022!<\/p>\n<p style=\"padding-left: 30px;\"><em>Irm\u00e3s da Comunidade da Col\u00f4mbia<\/em><\/p>\n<p>IN\u00cdCIO DA CRISMA NA ESCOLA DE EMBARQUE<\/p>\n<p style=\"padding-left: 30px;\"><em>Irm\u00e3s<\/em> de Buen Retiro &#8211; Bolivia<\/p>\n<p>ENCONTRO DE EDUCADORES \u2013 OSCAR \u00daNZAGA DE LA VEGA<\/p>\n<p style=\"padding-left: 30px;\"><em>Equipo Directivo Buen Retiro &#8211; Bolivia<\/em><\/p>\n<p>GRADUADAS QUE CONSTRUEM O MUNDO E O PA\u00cdS (5) &#8211; Escola Reina de la Paz &#8211; Col\u00f4mbia-<\/p>\n<p style=\"padding-left: 30px;\"><em>Teresa Ram\u00edrez, FI &#8211;\u00a0Bucaramanga &#8211; <\/em><em>Col\u00f4mbia<\/em><\/p>\n<p>DIA VIRTUAL DA FAM\u00cdLIA MADRE CANDIDA COMUNIDAD EDUCATIVA\u00a0COLEGIO CORAZ\u00d3N EUCAR\u00cdSTICO DE JES\u00daS\u00a0LA PLATA<\/p>\n<p style=\"padding-left: 30px;\"><em>Mar\u00eda Clara Iaconis &#8211;\u00a0Coordenadora da Pastoral &#8211;\u00a0La Plata &#8211; Argentina<\/em><\/p>\n<p>NEUROPLASTICIDADE Um caminho para cuidar e percorrer no nosso dia a dia !!!<\/p>\n<p style=\"padding-left: 30px;\"><em>Comunidade de <\/em><em>Col\u00f4mbia<\/em><\/p>\n<p>LAUDATO SI WEEK! Um compromisso di\u00e1rio<\/p>\n<p style=\"padding-left: 30px;\"><em>Comunidade de <\/em><em>Col\u00f4mbia<\/em><\/p>\n<p>REUNI\u00c3O DA COMUNIDADE C\u00d3RDOBA-VILLA OCAMPO<\/p>\n<p style=\"padding-left: 30px;\"><em>Irm\u00e3s de C\u00f3rdoba \u2013 Villa Ocampo &#8211; Argentina<\/em><\/p>\n<p>FESTAS PATRONAIS NO MONTERRICO<\/p>\n<p style=\"padding-left: 30px;\"><em>Irm\u00e3s de Monterrico \u2013 Argentina<\/em><\/p>\n<p><em>REUNI\u00c3O NACIONAL DE EQUIPES DE GEST\u00c3O<\/em><\/p>\n<p style=\"padding-left: 30px;\"><em>Prof. Ximena Carina Rodriguez-Coor. <\/em><em>Comiss\u00e3o T\u00e9cnica Pedag\u00f3gica<\/em> <em>&#8211;\u00a0U.E. San Clemente a Fe y Alegr\u00eda Potosi \u2013 Bolivia<\/em><\/p>\n<p>&#8220;UMA PROPOSTA UNIVERSAL DE MARATONA DO ROSARIO PARA O FIM DA PAND\u00caMICA&#8221;<\/p>\n<p style=\"padding-left: 30px;\"><em>Comunidade M\u00e3e C\u00e2ndida. La Plata &#8211; Argentina<\/em><\/p>\n<p>ORA\u00c7\u00c3O DO PAPA FRANCISCO PELO FIM DA PAND\u00caMICA.<\/p>\n<p>NOVA EXPERI\u00caNCIA DE PARTIDA PARA A CASA DO PAI DE UM PROFESSOR\u00a0DA UNIDADE DE EDUCA\u00c7\u00c3O SAN CLEMENTE FE ALEGRIA POTOSI.<\/p>\n<p style=\"padding-left: 30px;\"><em>Mar\u00eda Antonieta Hern\u00e1ndez, FI &#8211;\u00a0Potos\u00ed \u2013 Bolivia<\/em><\/p>\n<p>&#8220;MOSTRE-ME SUA F\u00c9 SEM OBRAS, E EU VOU MOSTRAR MINHA F\u00c9 ATRAV\u00c9S DAS OBRAS&#8221;<\/p>\n<p style=\"padding-left: 30px;\"><em>Rommy Villarroel, FI &#8211;\u00a0Buen Retiro \u2013 Bolivia<\/em><\/p>\n<p>PRIMEIRA REUNI\u00c3O INTERCOLEGAL DE CATEQUISTAS MONTERRICO \u2013 LA PLATA<\/p>\n<p style=\"padding-left: 30px;\"><em>Mar\u00eda Clara Iaconis. Coordenadora da Pastoral do Colegio Coraz\u00f3n Eucar\u00edstico de Jes\u00fas\u00a0<\/em>\u00a0La Plata \u2013 Argentina<\/p>\n<p>\u00a0<\/p>\n<p><strong>\u00a0<\/strong><\/p>\n","protected":false},"excerpt":{"rendered":"<p>\u00a0 A Prov\u00edncia da Am\u00e9rica-Andina nos envia sua revista de maio e nos diz: \u00a0 \u00a0 \u00a0 \u00a0 \u00a0 \u00a0 \u00a0 \u00a0 \u00a0\u201cCom a alegria e a gratid\u00e3o de ter celebrado, em fam\u00edlia, o nascimento de Santa C\u00e1ndida, enviamos a NotiAndina de Mayo. Como sempre,\u00a0 \u00a0 \u00a0 \u00a0 \u00a0 \u00a0 \u00a0 \u00a0 \u00a0 \u00a0 \u00a0 [&hellip;]<\/p>\n","protected":false},"author":28,"featured_media":10984,"comment_status":"closed","ping_status":"closed","sticky":false,"template":"","format":"standard","meta":{"_et_pb_use_builder":"","_et_pb_old_content":"","_et_gb_content_width":"","footnotes":"","_links_to":"","_links_to_target":""},"categories":[483,499,503,509,469,551],"tags":[],"class_list":["post-29556","post","type-post","status-publish","format-standard","has-post-thumbnail","hentry","category-america-andina-pt-br","category-argentina-pt-br","category-bolivia-pt-br","category-colombia-pt-br","category-noticias-pt-br","category-venezuela-pt-br"],"yoast_head":"<!-- This site is optimized with the Yoast SEO plugin v27.5 - https:\/\/yoast.com\/product\/yoast-seo-wordpress\/ -->\n<title>NotiAndina n\u00b0 177 - Maio 2021 - Hijas de Jes\u00fas<\/title>\n<meta name=\"robots\" content=\"index, follow, max-snippet:-1, max-image-preview:large, max-video-preview:-1\" \/>\n<link rel=\"canonical\" href=\"https:\/\/hijasdejesus.org\/pt-br\/notiandina-n-177-2\/\" \/>\n<meta property=\"og:locale\" content=\"pt_BR\" \/>\n<meta property=\"og:type\" content=\"article\" \/>\n<meta property=\"og:title\" content=\"NotiAndina n\u00b0 177 - Maio 2021 - Hijas de Jes\u00fas\" \/>\n<meta property=\"og:description\" content=\"\u00a0 A Prov\u00edncia da Am\u00e9rica-Andina nos envia sua revista de maio e nos diz: \u00a0 \u00a0 \u00a0 \u00a0 \u00a0 \u00a0 \u00a0 \u00a0 \u00a0\u201cCom a alegria e a gratid\u00e3o de ter celebrado, em fam\u00edlia, o nascimento de Santa C\u00e1ndida, enviamos a NotiAndina de Mayo. Como sempre,\u00a0 \u00a0 \u00a0 \u00a0 \u00a0 \u00a0 \u00a0 \u00a0 \u00a0 \u00a0 \u00a0 [&hellip;]\" \/>\n<meta property=\"og:url\" content=\"https:\/\/hijasdejesus.org\/pt-br\/notiandina-n-177-2\/\" \/>\n<meta property=\"og:site_name\" content=\"Hijas de Jes\u00fas\" \/>\n<meta property=\"article:publisher\" content=\"https:\/\/www.facebook.com\/hijasdejesusenelmundo\/\" \/>\n<meta property=\"article:published_time\" content=\"2021-06-01T01:42:02+00:00\" \/>\n<meta property=\"og:image\" content=\"https:\/\/hijasdejesus.org\/wp-content\/uploads\/2021\/06\/NotiAndina_177_Cabecera_PT.jpg\" \/>\n\t<meta property=\"og:image:width\" content=\"2000\" \/>\n\t<meta property=\"og:image:height\" content=\"647\" \/>\n\t<meta property=\"og:image:type\" content=\"image\/jpeg\" \/>\n<meta name=\"author\" content=\"Webmaster\" \/>\n<meta name=\"twitter:card\" content=\"summary_large_image\" \/>\n<meta name=\"twitter:creator\" content=\"@hijasdjesus\" \/>\n<meta name=\"twitter:site\" content=\"@hijasdjesus\" \/>\n<meta name=\"twitter:label1\" content=\"Escrito por\" \/>\n\t<meta name=\"twitter:data1\" content=\"Webmaster\" \/>\n\t<meta name=\"twitter:label2\" content=\"Est. tempo de leitura\" \/>\n\t<meta name=\"twitter:data2\" content=\"2 minutos\" \/>\n<script type=\"application\/ld+json\" class=\"yoast-schema-graph\">{\"@context\":\"https:\\\/\\\/schema.org\",\"@graph\":[{\"@type\":\"Article\",\"@id\":\"https:\\\/\\\/hijasdejesus.org\\\/pt-br\\\/notiandina-n-177-2\\\/#article\",\"isPartOf\":{\"@id\":\"https:\\\/\\\/hijasdejesus.org\\\/pt-br\\\/notiandina-n-177-2\\\/\"},\"author\":{\"name\":\"Webmaster\",\"@id\":\"https:\\\/\\\/hijasdejesus.org\\\/pt-br\\\/#\\\/schema\\\/person\\\/ce4455965da733f2791f23b6ec14e9b6\"},\"headline\":\"NotiAndina n\u00b0 177 &#8211; Maio 2021\",\"datePublished\":\"2021-06-01T01:42:02+00:00\",\"mainEntityOfPage\":{\"@id\":\"https:\\\/\\\/hijasdejesus.org\\\/pt-br\\\/notiandina-n-177-2\\\/\"},\"wordCount\":413,\"publisher\":{\"@id\":\"https:\\\/\\\/hijasdejesus.org\\\/pt-br\\\/#organization\"},\"image\":{\"@id\":\"https:\\\/\\\/hijasdejesus.org\\\/pt-br\\\/notiandina-n-177-2\\\/#primaryimage\"},\"thumbnailUrl\":\"https:\\\/\\\/hijasdejesus.org\\\/wp-content\\\/uploads\\\/2021\\\/06\\\/NotiAndina_177_Cabecera_PT.jpg\",\"articleSection\":[\"Am\u00e9rica Andina\",\"Argentina\",\"Bol\u00edvia\",\"Col\u00f4mbia\",\"Not\u00edcias\",\"Venezuela\"],\"inLanguage\":\"pt-BR\"},{\"@type\":\"WebPage\",\"@id\":\"https:\\\/\\\/hijasdejesus.org\\\/pt-br\\\/notiandina-n-177-2\\\/\",\"url\":\"https:\\\/\\\/hijasdejesus.org\\\/pt-br\\\/notiandina-n-177-2\\\/\",\"name\":\"NotiAndina n\u00b0 177 - Maio 2021 - Hijas de Jes\u00fas\",\"isPartOf\":{\"@id\":\"https:\\\/\\\/hijasdejesus.org\\\/pt-br\\\/#website\"},\"primaryImageOfPage\":{\"@id\":\"https:\\\/\\\/hijasdejesus.org\\\/pt-br\\\/notiandina-n-177-2\\\/#primaryimage\"},\"image\":{\"@id\":\"https:\\\/\\\/hijasdejesus.org\\\/pt-br\\\/notiandina-n-177-2\\\/#primaryimage\"},\"thumbnailUrl\":\"https:\\\/\\\/hijasdejesus.org\\\/wp-content\\\/uploads\\\/2021\\\/06\\\/NotiAndina_177_Cabecera_PT.jpg\",\"datePublished\":\"2021-06-01T01:42:02+00:00\",\"breadcrumb\":{\"@id\":\"https:\\\/\\\/hijasdejesus.org\\\/pt-br\\\/notiandina-n-177-2\\\/#breadcrumb\"},\"inLanguage\":\"pt-BR\",\"potentialAction\":[{\"@type\":\"ReadAction\",\"target\":[\"https:\\\/\\\/hijasdejesus.org\\\/pt-br\\\/notiandina-n-177-2\\\/\"]}]},{\"@type\":\"ImageObject\",\"inLanguage\":\"pt-BR\",\"@id\":\"https:\\\/\\\/hijasdejesus.org\\\/pt-br\\\/notiandina-n-177-2\\\/#primaryimage\",\"url\":\"https:\\\/\\\/hijasdejesus.org\\\/wp-content\\\/uploads\\\/2021\\\/06\\\/NotiAndina_177_Cabecera_PT.jpg\",\"contentUrl\":\"https:\\\/\\\/hijasdejesus.org\\\/wp-content\\\/uploads\\\/2021\\\/06\\\/NotiAndina_177_Cabecera_PT.jpg\",\"width\":2000,\"height\":647},{\"@type\":\"BreadcrumbList\",\"@id\":\"https:\\\/\\\/hijasdejesus.org\\\/pt-br\\\/notiandina-n-177-2\\\/#breadcrumb\",\"itemListElement\":[{\"@type\":\"ListItem\",\"position\":1,\"name\":\"Portada\",\"item\":\"https:\\\/\\\/hijasdejesus.org\\\/pt-br\\\/\"},{\"@type\":\"ListItem\",\"position\":2,\"name\":\"NotiAndina n\u00b0 177 &#8211; Maio 2021\"}]},{\"@type\":\"WebSite\",\"@id\":\"https:\\\/\\\/hijasdejesus.org\\\/pt-br\\\/#website\",\"url\":\"https:\\\/\\\/hijasdejesus.org\\\/pt-br\\\/\",\"name\":\"Hijas de Jes\u00fas\",\"description\":\"Despertamos a Jes\u00fas en el coraz\u00f3n, sacando lo mejor de las personas. Somos una congregaci\u00f3n religiosa ignaciana fundada por la Madre Candida\",\"publisher\":{\"@id\":\"https:\\\/\\\/hijasdejesus.org\\\/pt-br\\\/#organization\"},\"potentialAction\":[{\"@type\":\"SearchAction\",\"target\":{\"@type\":\"EntryPoint\",\"urlTemplate\":\"https:\\\/\\\/hijasdejesus.org\\\/pt-br\\\/?s={search_term_string}\"},\"query-input\":{\"@type\":\"PropertyValueSpecification\",\"valueRequired\":true,\"valueName\":\"search_term_string\"}}],\"inLanguage\":\"pt-BR\"},{\"@type\":\"Organization\",\"@id\":\"https:\\\/\\\/hijasdejesus.org\\\/pt-br\\\/#organization\",\"name\":\"Hijas de Jes\u00fas\",\"url\":\"https:\\\/\\\/hijasdejesus.org\\\/pt-br\\\/\",\"logo\":{\"@type\":\"ImageObject\",\"inLanguage\":\"pt-BR\",\"@id\":\"https:\\\/\\\/hijasdejesus.org\\\/pt-br\\\/#\\\/schema\\\/logo\\\/image\\\/\",\"url\":\"https:\\\/\\\/hijasdejesus.org\\\/wp-content\\\/uploads\\\/2023\\\/01\\\/Hijas-de-Jesus_hor-A7C957.png\",\"contentUrl\":\"https:\\\/\\\/hijasdejesus.org\\\/wp-content\\\/uploads\\\/2023\\\/01\\\/Hijas-de-Jesus_hor-A7C957.png\",\"width\":700,\"height\":360,\"caption\":\"Hijas de Jes\u00fas\"},\"image\":{\"@id\":\"https:\\\/\\\/hijasdejesus.org\\\/pt-br\\\/#\\\/schema\\\/logo\\\/image\\\/\"},\"sameAs\":[\"https:\\\/\\\/www.facebook.com\\\/hijasdejesusenelmundo\\\/\",\"https:\\\/\\\/x.com\\\/hijasdjesus\"]},{\"@type\":\"Person\",\"@id\":\"https:\\\/\\\/hijasdejesus.org\\\/pt-br\\\/#\\\/schema\\\/person\\\/ce4455965da733f2791f23b6ec14e9b6\",\"name\":\"Webmaster\",\"image\":{\"@type\":\"ImageObject\",\"inLanguage\":\"pt-BR\",\"@id\":\"https:\\\/\\\/secure.gravatar.com\\\/avatar\\\/cfd0acaac86c3981d541d2e99a0ffb7b6d33a5ac8989a62f5518b9e0f7ee128a?s=96&d=mm&r=g\",\"url\":\"https:\\\/\\\/secure.gravatar.com\\\/avatar\\\/cfd0acaac86c3981d541d2e99a0ffb7b6d33a5ac8989a62f5518b9e0f7ee128a?s=96&d=mm&r=g\",\"contentUrl\":\"https:\\\/\\\/secure.gravatar.com\\\/avatar\\\/cfd0acaac86c3981d541d2e99a0ffb7b6d33a5ac8989a62f5518b9e0f7ee128a?s=96&d=mm&r=g\",\"caption\":\"Webmaster\"},\"url\":\"https:\\\/\\\/hijasdejesus.org\\\/pt-br\\\/author\\\/webmaster\\\/\"}]}<\/script>\n<!-- \/ Yoast SEO plugin. -->","yoast_head_json":{"title":"NotiAndina n\u00b0 177 - Maio 2021 - Hijas de Jes\u00fas","robots":{"index":"index","follow":"follow","max-snippet":"max-snippet:-1","max-image-preview":"max-image-preview:large","max-video-preview":"max-video-preview:-1"},"canonical":"https:\/\/hijasdejesus.org\/pt-br\/notiandina-n-177-2\/","og_locale":"pt_BR","og_type":"article","og_title":"NotiAndina n\u00b0 177 - Maio 2021 - Hijas de Jes\u00fas","og_description":"\u00a0 A Prov\u00edncia da Am\u00e9rica-Andina nos envia sua revista de maio e nos diz: \u00a0 \u00a0 \u00a0 \u00a0 \u00a0 \u00a0 \u00a0 \u00a0 \u00a0\u201cCom a alegria e a gratid\u00e3o de ter celebrado, em fam\u00edlia, o nascimento de Santa C\u00e1ndida, enviamos a NotiAndina de Mayo. Como sempre,\u00a0 \u00a0 \u00a0 \u00a0 \u00a0 \u00a0 \u00a0 \u00a0 \u00a0 \u00a0 \u00a0 [&hellip;]","og_url":"https:\/\/hijasdejesus.org\/pt-br\/notiandina-n-177-2\/","og_site_name":"Hijas de Jes\u00fas","article_publisher":"https:\/\/www.facebook.com\/hijasdejesusenelmundo\/","article_published_time":"2021-06-01T01:42:02+00:00","og_image":[{"width":2000,"height":647,"url":"https:\/\/hijasdejesus.org\/wp-content\/uploads\/2021\/06\/NotiAndina_177_Cabecera_PT.jpg","type":"image\/jpeg"}],"author":"Webmaster","twitter_card":"summary_large_image","twitter_creator":"@hijasdjesus","twitter_site":"@hijasdjesus","twitter_misc":{"Escrito por":"Webmaster","Est. tempo de leitura":"2 minutos"},"schema":{"@context":"https:\/\/schema.org","@graph":[{"@type":"Article","@id":"https:\/\/hijasdejesus.org\/pt-br\/notiandina-n-177-2\/#article","isPartOf":{"@id":"https:\/\/hijasdejesus.org\/pt-br\/notiandina-n-177-2\/"},"author":{"name":"Webmaster","@id":"https:\/\/hijasdejesus.org\/pt-br\/#\/schema\/person\/ce4455965da733f2791f23b6ec14e9b6"},"headline":"NotiAndina n\u00b0 177 &#8211; Maio 2021","datePublished":"2021-06-01T01:42:02+00:00","mainEntityOfPage":{"@id":"https:\/\/hijasdejesus.org\/pt-br\/notiandina-n-177-2\/"},"wordCount":413,"publisher":{"@id":"https:\/\/hijasdejesus.org\/pt-br\/#organization"},"image":{"@id":"https:\/\/hijasdejesus.org\/pt-br\/notiandina-n-177-2\/#primaryimage"},"thumbnailUrl":"https:\/\/hijasdejesus.org\/wp-content\/uploads\/2021\/06\/NotiAndina_177_Cabecera_PT.jpg","articleSection":["Am\u00e9rica Andina","Argentina","Bol\u00edvia","Col\u00f4mbia","Not\u00edcias","Venezuela"],"inLanguage":"pt-BR"},{"@type":"WebPage","@id":"https:\/\/hijasdejesus.org\/pt-br\/notiandina-n-177-2\/","url":"https:\/\/hijasdejesus.org\/pt-br\/notiandina-n-177-2\/","name":"NotiAndina n\u00b0 177 - Maio 2021 - Hijas de Jes\u00fas","isPartOf":{"@id":"https:\/\/hijasdejesus.org\/pt-br\/#website"},"primaryImageOfPage":{"@id":"https:\/\/hijasdejesus.org\/pt-br\/notiandina-n-177-2\/#primaryimage"},"image":{"@id":"https:\/\/hijasdejesus.org\/pt-br\/notiandina-n-177-2\/#primaryimage"},"thumbnailUrl":"https:\/\/hijasdejesus.org\/wp-content\/uploads\/2021\/06\/NotiAndina_177_Cabecera_PT.jpg","datePublished":"2021-06-01T01:42:02+00:00","breadcrumb":{"@id":"https:\/\/hijasdejesus.org\/pt-br\/notiandina-n-177-2\/#breadcrumb"},"inLanguage":"pt-BR","potentialAction":[{"@type":"ReadAction","target":["https:\/\/hijasdejesus.org\/pt-br\/notiandina-n-177-2\/"]}]},{"@type":"ImageObject","inLanguage":"pt-BR","@id":"https:\/\/hijasdejesus.org\/pt-br\/notiandina-n-177-2\/#primaryimage","url":"https:\/\/hijasdejesus.org\/wp-content\/uploads\/2021\/06\/NotiAndina_177_Cabecera_PT.jpg","contentUrl":"https:\/\/hijasdejesus.org\/wp-content\/uploads\/2021\/06\/NotiAndina_177_Cabecera_PT.jpg","width":2000,"height":647},{"@type":"BreadcrumbList","@id":"https:\/\/hijasdejesus.org\/pt-br\/notiandina-n-177-2\/#breadcrumb","itemListElement":[{"@type":"ListItem","position":1,"name":"Portada","item":"https:\/\/hijasdejesus.org\/pt-br\/"},{"@type":"ListItem","position":2,"name":"NotiAndina n\u00b0 177 &#8211; Maio 2021"}]},{"@type":"WebSite","@id":"https:\/\/hijasdejesus.org\/pt-br\/#website","url":"https:\/\/hijasdejesus.org\/pt-br\/","name":"Hijas de Jes\u00fas","description":"Despertamos a Jes\u00fas en el coraz\u00f3n, sacando lo mejor de las personas. Somos una congregaci\u00f3n religiosa ignaciana fundada por la Madre Candida","publisher":{"@id":"https:\/\/hijasdejesus.org\/pt-br\/#organization"},"potentialAction":[{"@type":"SearchAction","target":{"@type":"EntryPoint","urlTemplate":"https:\/\/hijasdejesus.org\/pt-br\/?s={search_term_string}"},"query-input":{"@type":"PropertyValueSpecification","valueRequired":true,"valueName":"search_term_string"}}],"inLanguage":"pt-BR"},{"@type":"Organization","@id":"https:\/\/hijasdejesus.org\/pt-br\/#organization","name":"Hijas de Jes\u00fas","url":"https:\/\/hijasdejesus.org\/pt-br\/","logo":{"@type":"ImageObject","inLanguage":"pt-BR","@id":"https:\/\/hijasdejesus.org\/pt-br\/#\/schema\/logo\/image\/","url":"https:\/\/hijasdejesus.org\/wp-content\/uploads\/2023\/01\/Hijas-de-Jesus_hor-A7C957.png","contentUrl":"https:\/\/hijasdejesus.org\/wp-content\/uploads\/2023\/01\/Hijas-de-Jesus_hor-A7C957.png","width":700,"height":360,"caption":"Hijas de Jes\u00fas"},"image":{"@id":"https:\/\/hijasdejesus.org\/pt-br\/#\/schema\/logo\/image\/"},"sameAs":["https:\/\/www.facebook.com\/hijasdejesusenelmundo\/","https:\/\/x.com\/hijasdjesus"]},{"@type":"Person","@id":"https:\/\/hijasdejesus.org\/pt-br\/#\/schema\/person\/ce4455965da733f2791f23b6ec14e9b6","name":"Webmaster","image":{"@type":"ImageObject","inLanguage":"pt-BR","@id":"https:\/\/secure.gravatar.com\/avatar\/cfd0acaac86c3981d541d2e99a0ffb7b6d33a5ac8989a62f5518b9e0f7ee128a?s=96&d=mm&r=g","url":"https:\/\/secure.gravatar.com\/avatar\/cfd0acaac86c3981d541d2e99a0ffb7b6d33a5ac8989a62f5518b9e0f7ee128a?s=96&d=mm&r=g","contentUrl":"https:\/\/secure.gravatar.com\/avatar\/cfd0acaac86c3981d541d2e99a0ffb7b6d33a5ac8989a62f5518b9e0f7ee128a?s=96&d=mm&r=g","caption":"Webmaster"},"url":"https:\/\/hijasdejesus.org\/pt-br\/author\/webmaster\/"}]}},"_links":{"self":[{"href":"https:\/\/hijasdejesus.org\/pt-br\/wp-json\/wp\/v2\/posts\/29556","targetHints":{"allow":["GET"]}}],"collection":[{"href":"https:\/\/hijasdejesus.org\/pt-br\/wp-json\/wp\/v2\/posts"}],"about":[{"href":"https:\/\/hijasdejesus.org\/pt-br\/wp-json\/wp\/v2\/types\/post"}],"author":[{"embeddable":true,"href":"https:\/\/hijasdejesus.org\/pt-br\/wp-json\/wp\/v2\/users\/28"}],"replies":[{"embeddable":true,"href":"https:\/\/hijasdejesus.org\/pt-br\/wp-json\/wp\/v2\/comments?post=29556"}],"version-history":[{"count":0,"href":"https:\/\/hijasdejesus.org\/pt-br\/wp-json\/wp\/v2\/posts\/29556\/revisions"}],"wp:featuredmedia":[{"embeddable":true,"href":"https:\/\/hijasdejesus.org\/pt-br\/wp-json\/wp\/v2\/media\/10984"}],"wp:attachment":[{"href":"https:\/\/hijasdejesus.org\/pt-br\/wp-json\/wp\/v2\/media?parent=29556"}],"wp:term":[{"taxonomy":"category","embeddable":true,"href":"https:\/\/hijasdejesus.org\/pt-br\/wp-json\/wp\/v2\/categories?post=29556"},{"taxonomy":"post_tag","embeddable":true,"href":"https:\/\/hijasdejesus.org\/pt-br\/wp-json\/wp\/v2\/tags?post=29556"}],"curies":[{"name":"wp","href":"https:\/\/api.w.org\/{rel}","templated":true}]}}