{"id":29562,"date":"2021-06-14T16:17:38","date_gmt":"2021-06-14T14:17:38","guid":{"rendered":"https:\/\/nueva.hijasdejesus.org\/diante-da-realidade-da-colombia\/"},"modified":"2021-06-14T16:17:38","modified_gmt":"2021-06-14T14:17:38","slug":"diante-da-realidade-da-colombia","status":"publish","type":"post","link":"https:\/\/hijasdejesus.org\/pt-br\/diante-da-realidade-da-colombia\/","title":{"rendered":"Informa\u00e7\u00f5es sobre a situa\u00e7\u00e3o de Colombia"},"content":{"rendered":"<p style=\"text-align: left;\"><span style=\"font-weight: 400;\">Para a edi\u00e7\u00e3o do NotiAndina anterior quer\u00edamos que sa\u00edsse algo sobre a complexa \u00a0 realidade \u00a0 nacional que estamos vivendo. Isto fazemos agora, atrav\u00e9s da web internacional, com outros dados que nos ajudam a contextualizar e compreender, um pouco mais, esta t\u00e3o complexa realidade que envolve o pa\u00eds.<\/span><\/p>\n<p style=\"text-align: left;\"><span style=\"font-weight: 400;\">Muitos pontos de vista se nos apresentaram neste segundo m\u00eas sobre o que se tem vivido\u00a0 de greve em Colombia e que tem diversas dificuldades, um processo que j\u00e1 vem de 30 anos ou mais. Com a greve nacional que se iniciou em 28 de abril, com manifesta\u00e7\u00f5es massivas a n\u00edvel nacional, com mobiliza\u00e7\u00f5es constantes e bloqueios que funcionam como pontos de concentra\u00e7\u00e3o de manifesta\u00e7\u00f5es permanentes, at\u00e9 o 26 de maio, ocorreram 2.577 bloqueios de estradas\/ruas. Os departamentos com maior quantidade de bloqueios foram: Huila, Quind\u00edo, Meta, Valle del Cauca, Nari\u00f1o e Norte de Santander. At\u00e9 26 de maio, aconteceram em 794 munic\u00edpios dos 32 departamentos de Colombia: 5.264 concentra\u00e7\u00f5es, 1.998 marchas, 554 mobiliza\u00e7\u00f5es e 21 assembleias.<\/span><\/p>\n<p style=\"text-align: justify;\"><span style=\"font-weight: 400;\">Esta movimenta\u00e7\u00e3o vai passando por fases e, de uma greve nacional com os antecedentes manifestados no ano anterior \u2013 2020, se transformou em uma conversa\u00e7\u00e3o nacional para o governo do presidente Duque.<\/span><\/p>\n<p style=\"text-align: justify;\"><span style=\"font-weight: 400;\">COMO CAUSAS MAIS PR\u00d3XIMAS SE MENCIONAM:<\/span><\/p>\n<p style=\"text-align: justify;\"><span style=\"font-weight: 400;\">&#8211; \u00c9 claro e vis\u00edvel o n\u00e3o cumprimento do governo nacional sobre os acordos de paz, e esta leitura tem sido clara desde que foi eleito. Votaram nele para impedir que a esquerda chegasse \u00e0 presid\u00eancia. Mas o seu triunfo n\u00e3o foi muito distante das outras vota\u00e7\u00f5es.<\/span><\/p>\n<p style=\"text-align: justify;\"><span style=\"font-weight: 400;\">&#8211; O Estado colombiano vem descumprindo acordos nacionais pactuados anos atr\u00e1s. Isto foi criando uma l\u00f3gica de greve constante para record\u00e1-lo do anterior e assim, sucessivamente. A greve de 2019 criou certamente uma grande desconfian\u00e7a.<\/span><\/p>\n<p style=\"text-align: justify;\"><span style=\"font-weight: 400;\">&#8211; A isso juntou o crescimento da fome, a pobreza, o desemprego e a falta de futuro. De tal forma que a situa\u00e7\u00e3o se converteu numa \u201cverdadeira explos\u00e3o social\u201d. Logo que aconteceu esta greve, o governo abriu o di\u00e1logo para os partidos pol\u00edticos, inclusive um novo que se chama \u201cmovimento da esperan\u00e7a\u201d; e o modo como foi respondendo, era desatinado: n\u00e3o escuta do povo, repres\u00e1lias do presidente Uribe diante de decis\u00f5es tomadas pelo Presidente Duque e, o que tem mostrado o Estado \u00e9 uma \u201crepress\u00e3o\u201d como h\u00e1 muito tempo n\u00e3o se via no pa\u00eds.<\/span><\/p>\n<p style=\"text-align: justify;\"><span style=\"font-weight: 400;\">\u00c9 verdade que os manifestantes fizeram atos de viol\u00eancia e vandalismo tamb\u00e9m contra o servi\u00e7o \u00fablico e outros bens privados e pessoais, mas a maior repress\u00e3o foi exercida por parte do estado nos lugares de manifesta\u00e7\u00e3o, com saldos lament\u00e1veis pelas pessoas mortas, v\u00edtimas desaparecidas, danos a bens&#8230;<\/span><\/p>\n<p style=\"text-align: justify;\"><span style=\"font-weight: 400;\">ALGUMAS CARACTER\u00cdSTICAS DESTA EXPLOS\u00c3O SOCIAL<\/span><\/p>\n<p style=\"text-align: justify;\"><span style=\"font-weight: 400;\">&#8211; Em 26 de maio haviam ocorrido 2.577\u00a0 pontos de imobiliza\u00e7\u00e3o chamados\u00a0 \u201cbloqueios\u201d, com express\u00f5es muito significativas e inesperadas para o mesmo comit\u00ea de greve.<\/span><\/p>\n<p style=\"text-align: justify;\"><span style=\"font-weight: 400;\">&#8211; O Estado registra, a partir da atitude altamente repressiva, a maioria de eventos em Cali e Valle del Cauca, com o desaparecimento de pessoas dentro do protesto social. Em poucos dias se registraram desaparecimentos cujo n\u00famero continua crescendo.<\/span><\/p>\n<p style=\"text-align: justify;\"><span style=\"font-weight: 400;\">&#8211; Tudo isto complica mais a situa\u00e7\u00e3o (agress\u00f5es e feridos) tamb\u00e9m para as for\u00e7as do Estado, atos de viol\u00eancia sexual, censura da imprensa alternativas. Os meios de comunica\u00e7\u00e3o (Caracol e RCN) teceram narrativa contra os ind\u00edgenas, segundo analista da Comiss\u00e3o de Justi\u00e7a e Paz\u00a0 Colombia-CRC.<\/span><\/p>\n<p style=\"text-align: justify;\"><span style=\"font-weight: 400;\">&#8211; Os direitos humanos foram muito atingidos. Assim, a greve nos p\u00f4s numa repercuss\u00e3o negativa por todos os danos que causou.<\/span><\/p>\n<p style=\"text-align: justify;\"><span style=\"font-weight: 400;\">&#8211; A maioria das pessoas envolvidas nas mobiliza\u00e7\u00f5es \u00e9 de jovens que est\u00e3o dispostos a continuar com elas, porque j\u00e1 n\u00e3o t\u00eam nada a perder pela mesma realidade em que vivem, a ponto de que, no bloqueio, t\u00eam algo de comida \u201cgarantida pela <\/span><span style=\"font-weight: 400;\">a\u00e7\u00e3o<\/span><span style=\"font-weight: 400;\"> comunit\u00e1ria\u201d. Se forem para suas casas n\u00e3o t\u00eam o que comer.<\/span><\/p>\n<p style=\"text-align: justify;\"><span style=\"font-weight: 400;\">\u00a0A juventude que est\u00e1 nas ruas s\u00e3o filhos do conflito\u00a0 que n\u00e3o sabem nada do agora. N\u00e3o h\u00e1 garantia de futuro para muita gente nem por acesso a universidades nem por trabalho. A criminalidade vem se voltando sobre os jovens. Matam-nos, desaparecem com eles desde os anos 80, come\u00e7ando por Medellin e passando logo por outras cidades colombianas.<\/span><\/p>\n<p style=\"text-align: justify;\"><span style=\"font-weight: 400;\">Tudo isto \u00e9 efeito do que h\u00e1 mais de 30 anos vimos cultivando no pa\u00eds. J\u00e1 a presid\u00eancia do Sr.Gaviria, cujo lema foi \u201cbem-vindos ao futuro\u201d, abriu o mercado e a economia neoliberal abriu crises. Muitas empresas nacionais tiveram que ser fechadas porque n\u00e3o podiam competir. Privatizou-se a sa\u00fade e logo isto foi refor\u00e7ado pelo presidente Uribe em seus 8 anos de governo. Assim que, estamos vivendo esse futuro anunciado com uma constitui\u00e7\u00e3o de 30 anos que abriu muitas esperan\u00e7as, pois se reconheceram diferen\u00e7as, liberdades civis, direitos fundamentais, tutelas; mas economicamente o modelo resultou em crises&#8230;<\/span><\/p>\n<p style=\"text-align: justify;\"><span style=\"font-weight: 400;\">IMPLICA\u00c7\u00d5ES NEGATIVAS DESTAS MANIFESTA\u00c7\u00d5ES<\/span><\/p>\n<p style=\"text-align: justify;\"><span style=\"font-weight: 400;\">&#8211; A zona onde mais fortemente se sentiu a problem\u00e1tica \u00e9 no Valle, porque no Pto. De Buenaventura havia muito alimento para animais. Ent\u00e3o, por que estamos comprando comida fora enquanto o campon\u00eas da zona\u00a0 est\u00e1 condenado ao cultivo da coca? De fato, houve v\u00e1rios saques.<\/span><\/p>\n<p style=\"text-align: justify;\"><span style=\"font-weight: 400;\">&#8211; A economia ficou mais afetada ainda. V\u00e1rias empresas tiveram que despedir mais trabalhadores.<\/span><\/p>\n<p style=\"text-align: justify;\"><span style=\"font-weight: 400;\">&#8211; N\u00e3o existe um \u00fanico centro de representa\u00e7\u00e3o nesta situa\u00e7\u00e3o. O Comit\u00ea de greve n\u00e3o representa a maioria de todos os colombianos sem trabalho nem aos jovens na rua. Ent\u00e3o, se necessita pensar na abertura de mesas de di\u00e1logo tanto nacionais como territoriais.<\/span><\/p>\n<p style=\"text-align: justify;\"><span style=\"font-weight: 400;\">Em Cali, depois de muita desconfian\u00e7a como a que se dera antes, o papel do Arcebispo Dario Monsalve \u00e9 como um atenuante positivo.<\/span><\/p>\n<p style=\"text-align: justify;\"><span style=\"font-weight: 400;\">QUE SA\u00cdDAS SE VEEM?<\/span><\/p>\n<p style=\"text-align: justify;\"><span style=\"font-weight: 400;\">\u00c9 necess\u00e1rio abordar s\u00e9rios problemas no pa\u00eds:<\/span><\/p>\n<p style=\"text-align: justify;\"><span style=\"font-weight: 400;\">&#8211;\u00a0<\/span><i><span style=\"font-weight: 400;\">O da fome<\/span><\/i><span style=\"font-weight: 400;\">. Derrubar a reforma tribut\u00e1ria j\u00e1 foi uma conquista da greve. Mas, claro, com isto n\u00e3o se soluciona o problema. O Estado necessita uma reforma estrutural de base.<\/span><\/p>\n<p style=\"text-align: justify;\"><span style=\"font-weight: 400;\">&#8211;\u00a0<\/span><i><span style=\"font-weight: 400;\">Problema do emprego<\/span><\/i><span style=\"font-weight: 400;\">. O governo tem que trabalhar pela gera\u00e7\u00e3o de emprego, a empresa privada, mas de empregos dignos. N\u00e3o se pode continuar com sal\u00e1rios de fome. Isto atravessa tamb\u00e9m a corrup\u00e7\u00e3o em que vivemos.<\/span><\/p>\n<p style=\"text-align: justify;\"><span style=\"font-weight: 400;\">&#8211;\u00a0<\/span><i><span style=\"font-weight: 400;\">Problema do estudo<\/span><\/i><span style=\"font-weight: 400;\">. O governo deu matr\u00edculas a custo zerado para as classes sociais 1 a 3. Mas com isto n\u00e3o amplia a cobertura. H\u00e1 zonas do pa\u00eds que n\u00e3o t\u00eam acesso \u00e0 universidade.<\/span><\/p>\n<p style=\"text-align: justify;\"><span style=\"font-weight: 400;\">&#8211;\u00a0<\/span><i><span style=\"font-weight: 400;\">Problema de sa\u00fade<\/span><\/i><span style=\"font-weight: 400;\">. Derrubar a reforma da lei de sa\u00fade tamb\u00e9m \u00e9 necess\u00e1rio reconhecer como uma vit\u00f3ria prematura da greve. Mas voltamos ao mesmo. A imensa maioria da popula\u00e7\u00e3o n\u00e3o tem acesso aos servi\u00e7os de sa\u00fade. As pessoas j\u00e1 come\u00e7am a morrer por falta de m\u00ednimas aten\u00e7\u00f5es sanit\u00e1rias. Isto, unido ao colapso da pandemia, agu\u00e7ou ainda mais o problema.<\/span><\/p>\n<p style=\"text-align: justify;\"><span style=\"font-weight: 400;\">QUE TEM FEITO O GOVERNO, SEGUNDO A CONTEXTUALIZA\u00c7\u00c2O DA COMISS\u00c3O JyP?<\/span><\/p>\n<p style=\"text-align: justify;\"><span style=\"font-weight: 400;\">O governo nacional jogou a mesma carta pol\u00edtica tradicional e isto n\u00e3o d\u00e1 muita esperan\u00e7a. N\u00e3o h\u00e1 um interlocutor. O Presidente Duque deu respostas fora de uma mesa de concilia\u00e7\u00e3o e se contradisse em rela\u00e7\u00e3o a algumas decis\u00f5es pactuadas.<\/span><\/p>\n<p style=\"text-align: justify;\"><span style=\"font-weight: 400;\">EM N\u00cdVEL DE IGREJA E DE VIDA RELIGIOSA, QUE A\u00c7\u00d4ES PODEMOS EMPREENDER?<\/span><\/p>\n<p style=\"text-align: justify;\"><span style=\"font-weight: 400;\">H\u00e1 muito\u00a0 por fazer de nossa parte:<\/span><\/p>\n<p style=\"text-align: justify;\"><span style=\"font-weight: 400;\">&#8211; Acompanhar \u00e0 sociedade nesta conjuntura.<\/span><\/p>\n<p style=\"text-align: justify;\"><span style=\"font-weight: 400;\">-Denunciar o desrespeito aos DDHH.<\/span><\/p>\n<p style=\"text-align: justify;\"><span style=\"font-weight: 400;\">&#8211; Dar vida e presen\u00e7a a partir da Comiss\u00e3o de Justi\u00e7a e Paz \u2013 CRC e, oxal\u00e1, unidos a outros organismos.<\/span><\/p>\n<p style=\"text-align: justify;\"><span style=\"font-weight: 400;\">&#8211; Ser participante de garantia, gerar confian\u00e7a pelas media\u00e7\u00f5es. Para isto se necessita estar inseridos\/as na realidade das mobiliza\u00e7\u00f5es.<\/span><\/p>\n<p style=\"text-align: justify;\"><span style=\"font-weight: 400;\">&#8211; Aceder a leituras\/ olhares globais e integrais da realidade. N\u00e3o podemos continuar fazendo jogo com as polariza\u00e7\u00f5es nem \u00e0s not\u00edcias ajeitadas dos canais mais vis\u00edveis de nossa informa\u00e7\u00e3o. O Evangelho \u00e9 bem claro, est\u00e1 a favor do mais desprotegido.<\/span><\/p>\n<p style=\"text-align: justify;\"><span style=\"font-weight: 400;\">&#8211; Diante da desesperan\u00e7a que j\u00e1 come\u00e7a a apoderar-se de uma boa parte da popula\u00e7\u00e3o, o que se pode fazer? Haver\u00e1 que inventar algo distinto para que o governo se decida a abrir a porta. N\u00e3o se poderia fazer uso do boicote?<\/span><\/p>\n<p style=\"text-align: justify;\"><span style=\"font-weight: 400;\">&#8211; Aprofundar-se na dimens\u00e3o f\u00e9 e pol\u00edtica e ter a\u00e7\u00f5es concretas.<\/span><\/p>\n<p style=\"text-align: justify;\"><span style=\"font-weight: 400;\">&#8211; Ajudar a que outras pessoas possam fazer uma an\u00e1lise mais imparcial da realidade e\u00a0 a partir dos mais afetados.<\/span><\/p>\n<p style=\"text-align: justify;\"><span style=\"font-weight: 400;\">&#8211; Recusar a viol\u00eancia no cotidiano e nas ruas.<\/span><\/p>\n<p style=\"text-align: justify;\"><span style=\"font-weight: 400;\">&#8211; Fazer uma leitura orante da realidade&#8230;e confiar em Deus que acompanha seu povo.<\/span><\/p>\n<p style=\"text-align: justify;\"><span style=\"font-weight: 400;\">S\u00e3o Jo\u00e3o nos convida cada dia a \u201camar-nos uns aos outros como nos ama Jesus\u201d, quem nos diz: \u201cJ\u00e1 n\u00e3o os chamo servos, mas amigos&#8230;\u201d Jesus n\u00e3o faz distin\u00e7\u00e3o de pessoas. Somos convidados a cantar um c\u00e2ntico novo de reconcilia\u00e7\u00e3o, de paz, de justi\u00e7a em nosso pa\u00eds; e isto nos pede acolher sua palavra e transitar no cotidiano por caminhos concretos do amor, para o que Monsenhor Rueda Aparicio propunha tr\u00eas sendas:<\/span><\/p>\n<p style=\"text-align: justify;\"><span style=\"font-weight: 400;\">* O respeito \u00e0 vida de toda pessoa, sem distin\u00e7\u00e3o alguma.<\/span><\/p>\n<p style=\"text-align: justify;\"><span style=\"font-weight: 400;\">* O di\u00e1logo sincero e fraterno, fomentando a capacidade de escuta e de empatia para poder acolher a diferen\u00e7a. Saber fazer sil\u00eancio para escutar desde o mais profundo.<\/span><\/p>\n<p style=\"text-align: justify;\"><span style=\"font-weight: 400;\">* E a busca do bem comum, partindo dos mais pobres e vulner\u00e1veis, tanto no campo como na cidade.<\/span><\/p>\n<p style=\"text-align: justify;\"><span style=\"font-weight: 400;\">Agradecemos o carinho e a proximidade fraterna de Graciela e Dayse, como a de tantas irm\u00e3s ante este panorama complexo que vivemos no pa\u00eds e que, por momentos, provoca uma dor de p\u00e1tria que j\u00e1 leva muitos anos em nossa querida Colombia. E nos pede a\u00e7\u00f5es concretas, a todos n\u00f3s e em bem de todos, sobretudo ante as v\u00edtimas de tanta iniquidade&#8230; Que o Esp\u00edrito Santo de Deus nos invada, abra caminhos de dignidade para todos e nos conceda sua Paz.<\/span><\/p>\n<p style=\"text-align: justify;\"><span style=\"font-weight: 400;\"><em><strong>Hijas de Jes\u00fas em Colombia<\/strong><\/em><\/span><\/p>\n<p style=\"text-align: justify;\">\u00a0 \u00a0 \u00a0 \u00a0 \u00a0 \u00a0<\/p>\n","protected":false},"excerpt":{"rendered":"<p>Para a edi\u00e7\u00e3o do NotiAndina anterior quer\u00edamos que sa\u00edsse algo sobre a complexa \u00a0 realidade \u00a0 nacional que estamos vivendo. Isto fazemos agora, atrav\u00e9s da web internacional, com outros dados que nos ajudam a contextualizar e compreender, um pouco mais, esta t\u00e3o complexa realidade que envolve o pa\u00eds. Muitos pontos de vista se nos apresentaram [&hellip;]<\/p>\n","protected":false},"author":28,"featured_media":11004,"comment_status":"closed","ping_status":"closed","sticky":false,"template":"","format":"standard","meta":{"_et_pb_use_builder":"","_et_pb_old_content":"","_et_gb_content_width":"","footnotes":"","_links_to":"","_links_to_target":""},"categories":[483,499,503,509,469,551],"tags":[],"class_list":["post-29562","post","type-post","status-publish","format-standard","has-post-thumbnail","hentry","category-america-andina-pt-br","category-argentina-pt-br","category-bolivia-pt-br","category-colombia-pt-br","category-noticias-pt-br","category-venezuela-pt-br"],"yoast_head":"<!-- This site is optimized with the Yoast SEO plugin v27.4 - https:\/\/yoast.com\/product\/yoast-seo-wordpress\/ -->\n<title>Informa\u00e7\u00f5es sobre a situa\u00e7\u00e3o de Colombia - Hijas de Jes\u00fas<\/title>\n<meta name=\"robots\" content=\"index, follow, max-snippet:-1, max-image-preview:large, max-video-preview:-1\" \/>\n<link rel=\"canonical\" href=\"https:\/\/hijasdejesus.org\/pt-br\/diante-da-realidade-da-colombia\/\" \/>\n<meta property=\"og:locale\" content=\"pt_BR\" \/>\n<meta property=\"og:type\" content=\"article\" \/>\n<meta property=\"og:title\" content=\"Informa\u00e7\u00f5es sobre a situa\u00e7\u00e3o de Colombia - Hijas de Jes\u00fas\" \/>\n<meta property=\"og:description\" content=\"Para a edi\u00e7\u00e3o do NotiAndina anterior quer\u00edamos que sa\u00edsse algo sobre a complexa \u00a0 realidade \u00a0 nacional que estamos vivendo. Isto fazemos agora, atrav\u00e9s da web internacional, com outros dados que nos ajudam a contextualizar e compreender, um pouco mais, esta t\u00e3o complexa realidade que envolve o pa\u00eds. Muitos pontos de vista se nos apresentaram [&hellip;]\" \/>\n<meta property=\"og:url\" content=\"https:\/\/hijasdejesus.org\/pt-br\/diante-da-realidade-da-colombia\/\" \/>\n<meta property=\"og:site_name\" content=\"Hijas de Jes\u00fas\" \/>\n<meta property=\"article:publisher\" content=\"https:\/\/www.facebook.com\/hijasdejesusenelmundo\/\" \/>\n<meta property=\"article:published_time\" content=\"2021-06-14T14:17:38+00:00\" \/>\n<meta property=\"og:image\" content=\"https:\/\/hijasdejesus.org\/wp-content\/uploads\/2021\/06\/Colombia.jpg\" \/>\n\t<meta property=\"og:image:width\" content=\"512\" \/>\n\t<meta property=\"og:image:height\" content=\"384\" \/>\n\t<meta property=\"og:image:type\" content=\"image\/jpeg\" \/>\n<meta name=\"author\" content=\"Webmaster\" \/>\n<meta name=\"twitter:card\" content=\"summary_large_image\" \/>\n<meta name=\"twitter:creator\" content=\"@hijasdjesus\" \/>\n<meta name=\"twitter:site\" content=\"@hijasdjesus\" \/>\n<meta name=\"twitter:label1\" content=\"Escrito por\" \/>\n\t<meta name=\"twitter:data1\" content=\"Webmaster\" \/>\n\t<meta name=\"twitter:label2\" content=\"Est. tempo de leitura\" \/>\n\t<meta name=\"twitter:data2\" content=\"8 minutos\" \/>\n<script type=\"application\/ld+json\" class=\"yoast-schema-graph\">{\"@context\":\"https:\\\/\\\/schema.org\",\"@graph\":[{\"@type\":\"Article\",\"@id\":\"https:\\\/\\\/hijasdejesus.org\\\/pt-br\\\/diante-da-realidade-da-colombia\\\/#article\",\"isPartOf\":{\"@id\":\"https:\\\/\\\/hijasdejesus.org\\\/pt-br\\\/diante-da-realidade-da-colombia\\\/\"},\"author\":{\"name\":\"Webmaster\",\"@id\":\"https:\\\/\\\/hijasdejesus.org\\\/pt-br\\\/#\\\/schema\\\/person\\\/ce4455965da733f2791f23b6ec14e9b6\"},\"headline\":\"Informa\u00e7\u00f5es sobre a situa\u00e7\u00e3o de Colombia\",\"datePublished\":\"2021-06-14T14:17:38+00:00\",\"mainEntityOfPage\":{\"@id\":\"https:\\\/\\\/hijasdejesus.org\\\/pt-br\\\/diante-da-realidade-da-colombia\\\/\"},\"wordCount\":1697,\"publisher\":{\"@id\":\"https:\\\/\\\/hijasdejesus.org\\\/pt-br\\\/#organization\"},\"image\":{\"@id\":\"https:\\\/\\\/hijasdejesus.org\\\/pt-br\\\/diante-da-realidade-da-colombia\\\/#primaryimage\"},\"thumbnailUrl\":\"https:\\\/\\\/hijasdejesus.org\\\/wp-content\\\/uploads\\\/2021\\\/06\\\/Colombia.jpg\",\"articleSection\":[\"Am\u00e9rica Andina\",\"Argentina\",\"Bol\u00edvia\",\"Col\u00f4mbia\",\"Not\u00edcias\",\"Venezuela\"],\"inLanguage\":\"pt-BR\"},{\"@type\":\"WebPage\",\"@id\":\"https:\\\/\\\/hijasdejesus.org\\\/pt-br\\\/diante-da-realidade-da-colombia\\\/\",\"url\":\"https:\\\/\\\/hijasdejesus.org\\\/pt-br\\\/diante-da-realidade-da-colombia\\\/\",\"name\":\"Informa\u00e7\u00f5es sobre a situa\u00e7\u00e3o de Colombia - Hijas de Jes\u00fas\",\"isPartOf\":{\"@id\":\"https:\\\/\\\/hijasdejesus.org\\\/pt-br\\\/#website\"},\"primaryImageOfPage\":{\"@id\":\"https:\\\/\\\/hijasdejesus.org\\\/pt-br\\\/diante-da-realidade-da-colombia\\\/#primaryimage\"},\"image\":{\"@id\":\"https:\\\/\\\/hijasdejesus.org\\\/pt-br\\\/diante-da-realidade-da-colombia\\\/#primaryimage\"},\"thumbnailUrl\":\"https:\\\/\\\/hijasdejesus.org\\\/wp-content\\\/uploads\\\/2021\\\/06\\\/Colombia.jpg\",\"datePublished\":\"2021-06-14T14:17:38+00:00\",\"breadcrumb\":{\"@id\":\"https:\\\/\\\/hijasdejesus.org\\\/pt-br\\\/diante-da-realidade-da-colombia\\\/#breadcrumb\"},\"inLanguage\":\"pt-BR\",\"potentialAction\":[{\"@type\":\"ReadAction\",\"target\":[\"https:\\\/\\\/hijasdejesus.org\\\/pt-br\\\/diante-da-realidade-da-colombia\\\/\"]}]},{\"@type\":\"ImageObject\",\"inLanguage\":\"pt-BR\",\"@id\":\"https:\\\/\\\/hijasdejesus.org\\\/pt-br\\\/diante-da-realidade-da-colombia\\\/#primaryimage\",\"url\":\"https:\\\/\\\/hijasdejesus.org\\\/wp-content\\\/uploads\\\/2021\\\/06\\\/Colombia.jpg\",\"contentUrl\":\"https:\\\/\\\/hijasdejesus.org\\\/wp-content\\\/uploads\\\/2021\\\/06\\\/Colombia.jpg\",\"width\":512,\"height\":384},{\"@type\":\"BreadcrumbList\",\"@id\":\"https:\\\/\\\/hijasdejesus.org\\\/pt-br\\\/diante-da-realidade-da-colombia\\\/#breadcrumb\",\"itemListElement\":[{\"@type\":\"ListItem\",\"position\":1,\"name\":\"Portada\",\"item\":\"https:\\\/\\\/hijasdejesus.org\\\/pt-br\\\/\"},{\"@type\":\"ListItem\",\"position\":2,\"name\":\"Informa\u00e7\u00f5es sobre a situa\u00e7\u00e3o de Colombia\"}]},{\"@type\":\"WebSite\",\"@id\":\"https:\\\/\\\/hijasdejesus.org\\\/pt-br\\\/#website\",\"url\":\"https:\\\/\\\/hijasdejesus.org\\\/pt-br\\\/\",\"name\":\"Hijas de Jes\u00fas\",\"description\":\"Despertamos a Jes\u00fas en el coraz\u00f3n, sacando lo mejor de las personas. Somos una congregaci\u00f3n religiosa ignaciana fundada por la Madre Candida\",\"publisher\":{\"@id\":\"https:\\\/\\\/hijasdejesus.org\\\/pt-br\\\/#organization\"},\"potentialAction\":[{\"@type\":\"SearchAction\",\"target\":{\"@type\":\"EntryPoint\",\"urlTemplate\":\"https:\\\/\\\/hijasdejesus.org\\\/pt-br\\\/?s={search_term_string}\"},\"query-input\":{\"@type\":\"PropertyValueSpecification\",\"valueRequired\":true,\"valueName\":\"search_term_string\"}}],\"inLanguage\":\"pt-BR\"},{\"@type\":\"Organization\",\"@id\":\"https:\\\/\\\/hijasdejesus.org\\\/pt-br\\\/#organization\",\"name\":\"Hijas de Jes\u00fas\",\"url\":\"https:\\\/\\\/hijasdejesus.org\\\/pt-br\\\/\",\"logo\":{\"@type\":\"ImageObject\",\"inLanguage\":\"pt-BR\",\"@id\":\"https:\\\/\\\/hijasdejesus.org\\\/pt-br\\\/#\\\/schema\\\/logo\\\/image\\\/\",\"url\":\"https:\\\/\\\/hijasdejesus.org\\\/wp-content\\\/uploads\\\/2023\\\/01\\\/Hijas-de-Jesus_hor-A7C957.png\",\"contentUrl\":\"https:\\\/\\\/hijasdejesus.org\\\/wp-content\\\/uploads\\\/2023\\\/01\\\/Hijas-de-Jesus_hor-A7C957.png\",\"width\":700,\"height\":360,\"caption\":\"Hijas de Jes\u00fas\"},\"image\":{\"@id\":\"https:\\\/\\\/hijasdejesus.org\\\/pt-br\\\/#\\\/schema\\\/logo\\\/image\\\/\"},\"sameAs\":[\"https:\\\/\\\/www.facebook.com\\\/hijasdejesusenelmundo\\\/\",\"https:\\\/\\\/x.com\\\/hijasdjesus\"]},{\"@type\":\"Person\",\"@id\":\"https:\\\/\\\/hijasdejesus.org\\\/pt-br\\\/#\\\/schema\\\/person\\\/ce4455965da733f2791f23b6ec14e9b6\",\"name\":\"Webmaster\",\"image\":{\"@type\":\"ImageObject\",\"inLanguage\":\"pt-BR\",\"@id\":\"https:\\\/\\\/secure.gravatar.com\\\/avatar\\\/cfd0acaac86c3981d541d2e99a0ffb7b6d33a5ac8989a62f5518b9e0f7ee128a?s=96&d=mm&r=g\",\"url\":\"https:\\\/\\\/secure.gravatar.com\\\/avatar\\\/cfd0acaac86c3981d541d2e99a0ffb7b6d33a5ac8989a62f5518b9e0f7ee128a?s=96&d=mm&r=g\",\"contentUrl\":\"https:\\\/\\\/secure.gravatar.com\\\/avatar\\\/cfd0acaac86c3981d541d2e99a0ffb7b6d33a5ac8989a62f5518b9e0f7ee128a?s=96&d=mm&r=g\",\"caption\":\"Webmaster\"},\"url\":\"https:\\\/\\\/hijasdejesus.org\\\/pt-br\\\/author\\\/webmaster\\\/\"}]}<\/script>\n<!-- \/ Yoast SEO plugin. -->","yoast_head_json":{"title":"Informa\u00e7\u00f5es sobre a situa\u00e7\u00e3o de Colombia - Hijas de Jes\u00fas","robots":{"index":"index","follow":"follow","max-snippet":"max-snippet:-1","max-image-preview":"max-image-preview:large","max-video-preview":"max-video-preview:-1"},"canonical":"https:\/\/hijasdejesus.org\/pt-br\/diante-da-realidade-da-colombia\/","og_locale":"pt_BR","og_type":"article","og_title":"Informa\u00e7\u00f5es sobre a situa\u00e7\u00e3o de Colombia - Hijas de Jes\u00fas","og_description":"Para a edi\u00e7\u00e3o do NotiAndina anterior quer\u00edamos que sa\u00edsse algo sobre a complexa \u00a0 realidade \u00a0 nacional que estamos vivendo. Isto fazemos agora, atrav\u00e9s da web internacional, com outros dados que nos ajudam a contextualizar e compreender, um pouco mais, esta t\u00e3o complexa realidade que envolve o pa\u00eds. Muitos pontos de vista se nos apresentaram [&hellip;]","og_url":"https:\/\/hijasdejesus.org\/pt-br\/diante-da-realidade-da-colombia\/","og_site_name":"Hijas de Jes\u00fas","article_publisher":"https:\/\/www.facebook.com\/hijasdejesusenelmundo\/","article_published_time":"2021-06-14T14:17:38+00:00","og_image":[{"width":512,"height":384,"url":"https:\/\/hijasdejesus.org\/wp-content\/uploads\/2021\/06\/Colombia.jpg","type":"image\/jpeg"}],"author":"Webmaster","twitter_card":"summary_large_image","twitter_creator":"@hijasdjesus","twitter_site":"@hijasdjesus","twitter_misc":{"Escrito por":"Webmaster","Est. tempo de leitura":"8 minutos"},"schema":{"@context":"https:\/\/schema.org","@graph":[{"@type":"Article","@id":"https:\/\/hijasdejesus.org\/pt-br\/diante-da-realidade-da-colombia\/#article","isPartOf":{"@id":"https:\/\/hijasdejesus.org\/pt-br\/diante-da-realidade-da-colombia\/"},"author":{"name":"Webmaster","@id":"https:\/\/hijasdejesus.org\/pt-br\/#\/schema\/person\/ce4455965da733f2791f23b6ec14e9b6"},"headline":"Informa\u00e7\u00f5es sobre a situa\u00e7\u00e3o de Colombia","datePublished":"2021-06-14T14:17:38+00:00","mainEntityOfPage":{"@id":"https:\/\/hijasdejesus.org\/pt-br\/diante-da-realidade-da-colombia\/"},"wordCount":1697,"publisher":{"@id":"https:\/\/hijasdejesus.org\/pt-br\/#organization"},"image":{"@id":"https:\/\/hijasdejesus.org\/pt-br\/diante-da-realidade-da-colombia\/#primaryimage"},"thumbnailUrl":"https:\/\/hijasdejesus.org\/wp-content\/uploads\/2021\/06\/Colombia.jpg","articleSection":["Am\u00e9rica Andina","Argentina","Bol\u00edvia","Col\u00f4mbia","Not\u00edcias","Venezuela"],"inLanguage":"pt-BR"},{"@type":"WebPage","@id":"https:\/\/hijasdejesus.org\/pt-br\/diante-da-realidade-da-colombia\/","url":"https:\/\/hijasdejesus.org\/pt-br\/diante-da-realidade-da-colombia\/","name":"Informa\u00e7\u00f5es sobre a situa\u00e7\u00e3o de Colombia - Hijas de Jes\u00fas","isPartOf":{"@id":"https:\/\/hijasdejesus.org\/pt-br\/#website"},"primaryImageOfPage":{"@id":"https:\/\/hijasdejesus.org\/pt-br\/diante-da-realidade-da-colombia\/#primaryimage"},"image":{"@id":"https:\/\/hijasdejesus.org\/pt-br\/diante-da-realidade-da-colombia\/#primaryimage"},"thumbnailUrl":"https:\/\/hijasdejesus.org\/wp-content\/uploads\/2021\/06\/Colombia.jpg","datePublished":"2021-06-14T14:17:38+00:00","breadcrumb":{"@id":"https:\/\/hijasdejesus.org\/pt-br\/diante-da-realidade-da-colombia\/#breadcrumb"},"inLanguage":"pt-BR","potentialAction":[{"@type":"ReadAction","target":["https:\/\/hijasdejesus.org\/pt-br\/diante-da-realidade-da-colombia\/"]}]},{"@type":"ImageObject","inLanguage":"pt-BR","@id":"https:\/\/hijasdejesus.org\/pt-br\/diante-da-realidade-da-colombia\/#primaryimage","url":"https:\/\/hijasdejesus.org\/wp-content\/uploads\/2021\/06\/Colombia.jpg","contentUrl":"https:\/\/hijasdejesus.org\/wp-content\/uploads\/2021\/06\/Colombia.jpg","width":512,"height":384},{"@type":"BreadcrumbList","@id":"https:\/\/hijasdejesus.org\/pt-br\/diante-da-realidade-da-colombia\/#breadcrumb","itemListElement":[{"@type":"ListItem","position":1,"name":"Portada","item":"https:\/\/hijasdejesus.org\/pt-br\/"},{"@type":"ListItem","position":2,"name":"Informa\u00e7\u00f5es sobre a situa\u00e7\u00e3o de Colombia"}]},{"@type":"WebSite","@id":"https:\/\/hijasdejesus.org\/pt-br\/#website","url":"https:\/\/hijasdejesus.org\/pt-br\/","name":"Hijas de Jes\u00fas","description":"Despertamos a Jes\u00fas en el coraz\u00f3n, sacando lo mejor de las personas. Somos una congregaci\u00f3n religiosa ignaciana fundada por la Madre Candida","publisher":{"@id":"https:\/\/hijasdejesus.org\/pt-br\/#organization"},"potentialAction":[{"@type":"SearchAction","target":{"@type":"EntryPoint","urlTemplate":"https:\/\/hijasdejesus.org\/pt-br\/?s={search_term_string}"},"query-input":{"@type":"PropertyValueSpecification","valueRequired":true,"valueName":"search_term_string"}}],"inLanguage":"pt-BR"},{"@type":"Organization","@id":"https:\/\/hijasdejesus.org\/pt-br\/#organization","name":"Hijas de Jes\u00fas","url":"https:\/\/hijasdejesus.org\/pt-br\/","logo":{"@type":"ImageObject","inLanguage":"pt-BR","@id":"https:\/\/hijasdejesus.org\/pt-br\/#\/schema\/logo\/image\/","url":"https:\/\/hijasdejesus.org\/wp-content\/uploads\/2023\/01\/Hijas-de-Jesus_hor-A7C957.png","contentUrl":"https:\/\/hijasdejesus.org\/wp-content\/uploads\/2023\/01\/Hijas-de-Jesus_hor-A7C957.png","width":700,"height":360,"caption":"Hijas de Jes\u00fas"},"image":{"@id":"https:\/\/hijasdejesus.org\/pt-br\/#\/schema\/logo\/image\/"},"sameAs":["https:\/\/www.facebook.com\/hijasdejesusenelmundo\/","https:\/\/x.com\/hijasdjesus"]},{"@type":"Person","@id":"https:\/\/hijasdejesus.org\/pt-br\/#\/schema\/person\/ce4455965da733f2791f23b6ec14e9b6","name":"Webmaster","image":{"@type":"ImageObject","inLanguage":"pt-BR","@id":"https:\/\/secure.gravatar.com\/avatar\/cfd0acaac86c3981d541d2e99a0ffb7b6d33a5ac8989a62f5518b9e0f7ee128a?s=96&d=mm&r=g","url":"https:\/\/secure.gravatar.com\/avatar\/cfd0acaac86c3981d541d2e99a0ffb7b6d33a5ac8989a62f5518b9e0f7ee128a?s=96&d=mm&r=g","contentUrl":"https:\/\/secure.gravatar.com\/avatar\/cfd0acaac86c3981d541d2e99a0ffb7b6d33a5ac8989a62f5518b9e0f7ee128a?s=96&d=mm&r=g","caption":"Webmaster"},"url":"https:\/\/hijasdejesus.org\/pt-br\/author\/webmaster\/"}]}},"_links":{"self":[{"href":"https:\/\/hijasdejesus.org\/pt-br\/wp-json\/wp\/v2\/posts\/29562","targetHints":{"allow":["GET"]}}],"collection":[{"href":"https:\/\/hijasdejesus.org\/pt-br\/wp-json\/wp\/v2\/posts"}],"about":[{"href":"https:\/\/hijasdejesus.org\/pt-br\/wp-json\/wp\/v2\/types\/post"}],"author":[{"embeddable":true,"href":"https:\/\/hijasdejesus.org\/pt-br\/wp-json\/wp\/v2\/users\/28"}],"replies":[{"embeddable":true,"href":"https:\/\/hijasdejesus.org\/pt-br\/wp-json\/wp\/v2\/comments?post=29562"}],"version-history":[{"count":0,"href":"https:\/\/hijasdejesus.org\/pt-br\/wp-json\/wp\/v2\/posts\/29562\/revisions"}],"wp:featuredmedia":[{"embeddable":true,"href":"https:\/\/hijasdejesus.org\/pt-br\/wp-json\/wp\/v2\/media\/11004"}],"wp:attachment":[{"href":"https:\/\/hijasdejesus.org\/pt-br\/wp-json\/wp\/v2\/media?parent=29562"}],"wp:term":[{"taxonomy":"category","embeddable":true,"href":"https:\/\/hijasdejesus.org\/pt-br\/wp-json\/wp\/v2\/categories?post=29562"},{"taxonomy":"post_tag","embeddable":true,"href":"https:\/\/hijasdejesus.org\/pt-br\/wp-json\/wp\/v2\/tags?post=29562"}],"curies":[{"name":"wp","href":"https:\/\/api.w.org\/{rel}","templated":true}]}}