{"id":29574,"date":"2021-07-04T05:04:35","date_gmt":"2021-07-04T03:04:35","guid":{"rendered":"https:\/\/nueva.hijasdejesus.org\/5-de-julho-nascimento-do-padre-herranz\/"},"modified":"2021-07-04T19:04:35","modified_gmt":"2021-07-04T17:04:35","slug":"5-de-julho-nascimento-do-padre-herranz","status":"publish","type":"post","link":"https:\/\/hijasdejesus.org\/pt-br\/5-de-julho-nascimento-do-padre-herranz\/","title":{"rendered":"5 de julho &#8211; Nascimento do Padre Herranz"},"content":{"rendered":"<\/p>\n<p style=\"text-align: justify;\"><strong>NA CRISE DA HIST\u00d3RIA ACONTECEM ENCONTROS FORTUITOS<\/strong><\/p>\n<p style=\"text-align: justify;\">Feliz anivers\u00e1rio ao nosso querido Padre Herranz!<\/p>\n<p style=\"text-align: justify;\">Hoje, 5 de julho, \u00e9 um dia muito especial para a Fam\u00edlia Madre C\u00e2ndida. Celebramos o nascimento do P. Herranz e agradecemos o presente que sua vida foi para os prim\u00f3rdios da Congrega\u00e7\u00e3o.<\/p>\n<p style=\"text-align: justify;\">Quem foi o P. Herranz?<\/p>\n<p style=\"text-align: justify; padding-left: 30px;\"><em>&#8220;<strong>Castelhano forte e af\u00e1vel<\/strong> ao mesmo tempo, t\u00e3o eficaz como silencioso, t\u00e3o parcimonioso ou discreto que, tendo sido um homem muito activo, quase n\u00e3o deixou vest\u00edgios na documenta\u00e7\u00e3o jesu\u00edta&#8230;&#8221;<\/em>\u00a0<a href=\"#_ftn1\" name=\"_ftnref1\">[1]<\/a><\/p>\n<p style=\"text-align: justify;\">No dia 5 de julho de 1819, nasceu na Espanha Miguel de los Santos San Jos\u00e9 Herranz. Como era de costume, foi batizado com o santo do dia, San Miguel de los Santos. Em 1857, aos 36 anos, ingressou na Companhia de Jesus e fez seu treinamento na Fran\u00e7a. Em 1861 ele voltou para a Espanha, ocupando diferentes cargos na Companhia de Jes\u00fas.<\/p>\n<p style=\"text-align: justify; padding-left: 30px;\"><em>\u201c&#8230; um homem de poucas palavras, de ju\u00edzo reto e s\u00e3o, muito seguro no conselho, muito prudente em suas resolu\u00e7\u00f5es, e muito firme e constante no que uma vez determinou, extremamente humilde e obediente, mortificado no mais alto grau, de uma confian\u00e7a ilimitada em Deus&#8230;<\/em><a href=\"#_ftn2\" name=\"_ftnref2\">[2]<\/a><\/p>\n<p style=\"text-align: justify; padding-left: 30px;\"><em>&#8220;&#8230;nada lisonjeiro ou temeroso do respeito humano, com um car\u00e1ter e temperamento vivos, mas muito atencioso, com muito controle sobre si mesmo&#8230;gentil com todos, franco e jovial na conversa &#8230; um homem, bem, verdadeiramente de Deus, e que tudo esperava Dele&#8221;.<\/em>\u00a0<a href=\"#_ftn3\" name=\"_ftnref3\">[3]<\/a><\/p>\n<p style=\"text-align: justify;\">Padre Herranz foi um colaborador pr\u00f3ximo no nascimento e desenvolvimento de uma nova congrega\u00e7\u00e3o na Espanha e para a Igreja Universal: a Congrega\u00e7\u00e3o das Filhas de Jesus.<\/p>\n<p style=\"text-align: justify;\">Quando Juana Josefa, aos 26 anos, se perguntou como responder \u00e0 sua voca\u00e7\u00e3o, encontrou no Padre Herranz o acompanhamento e a ajuda adequados para a sua vida.<\/p>\n<p style=\"text-align: justify; padding-left: 30px;\"><em>\u201cAtenta aos convites do Esp\u00edrito, busca maior fidelidade. A gra\u00e7a \u00e9 comunicada a ela em seu contato habitual com Deus. L\u00e1 estar\u00e1 o segredo de sua doa\u00e7\u00e3o inteira e constante (&#8230;) Para benef\u00edcio de quem? Dos seus amigos, dos pobres e dos mais necessitados \u201ddeseja encontrar algu\u00e9m com quem\u201c contrastar as gra\u00e7as que recebe (\u2026). <\/em>E, por sua vez, o Padre Herranz come\u00e7ou a<em> &#8220;&#8230;ruminar em sua mente o quanto a Espanha precisa de uma regenera\u00e7\u00e3o&#8221;.<\/em><a href=\"#_ftn5\" name=\"_ftnref5\">[4]<\/a><\/p>\n<p style=\"text-align: justify;\">A instabilidade pol\u00edtica do pa\u00eds naqueles anos foi marcada por muitas rivalidades e pelo desejo de apagar o catolicismo. Por isso, em 1868 ocorreram as expuls\u00f5es das comunidades religiosas e a Companhia de Jesus n\u00e3o ficou imune a isso. Assim, em meio a uma crise social, acontecer\u00e1 circunst\u00e2ncias fortuitas para o encontro do P. Herranz com o jovem Juan Josefa.<\/p>\n<p style=\"text-align: justify;\">Naquela \u00e9poca, setembro de 1868, consta que Juana Josefa <em>\u201c&#8230; implorou insistentemente ao Senhor por um Diretor que fosse do seu agrado\u201d<\/em> e, no meio deste pedido, aparece o P. Herranz: <em>\u201cinstrumento que Deus ela estava em guarde a nossa Juana Josefa para que, com os seus s\u00e1bios conselhos e corretas orienta\u00e7\u00f5es, a conduza pelo caminho indicado pela divina Provid\u00eancia&#8230;\u201d\u00a0<\/em><a href=\"#_ftn6\" name=\"_ftnref6\">[5]<\/a><\/p>\n<p style=\"text-align: justify;\">No meio da situa\u00e7\u00e3o de exclaustra\u00e7\u00e3o da vida religiosa, o Padre Herranz mudou-se para Valladolid, para a casa de seu irm\u00e3o. Nesta \u00e9poca, Juana Josefa trabalhava com a fam\u00edlia Sabater Becerra que, por motivos de trabalho, mudou-se de Burgos para Valladolid. Ambos chegam simultaneamente.<\/p>\n<p style=\"text-align: justify; padding-left: 30px;\">\u201c&#8230; sob os passos determinados de Juana Josefa, a pegada de Deus que est\u00e1 marcando aquele caminho \u00e0 frente\u201d\u00a0<a href=\"#_ftn7\" name=\"_ftnref7\">[6]<\/a><\/p>\n<p style=\"text-align: justify;\"><strong><em>E agora, no meio de COVID-19, que encontros fortuitos o Senhor nos deu?<\/em><\/strong>\u00a0<\/p>\n<p style=\"text-align: justify;\"><a href=\"#_ftnref1\" name=\"_ftn1\">[1]<\/a>\u00a0De Fr\u00edas Tomero, Mar\u00eda del Carmen, FI. Biografia da Serva de Deus, Madre C\u00e1ndida Mar\u00eda de Jes\u00fas (Juana Josefa Cipitria y Barriola) Fundadora da Congrega\u00e7\u00e3o das Filhas de Jesus (31 de maio 1845 &#8211; 9 de agosto 1912) Filhas de Jesus, Postula\u00e7\u00e3o das causas da canoniza\u00e7\u00e3o, Roma, 1988,\u00a0p. 74.<\/p>\n<p style=\"text-align: justify;\"><a href=\"#_ftnref2\" name=\"_ftn2\">[2]<\/a> <em>Ib\u00edd : P. Garc\u00eda Alcalde o primeiro bi\u00f3grafo da M. C\u00e1ndida.\u00a0<\/em><\/p>\n<p style=\"text-align: justify;\"><a href=\"#_ftnref3\" name=\"_ftn3\">[3]<\/a> <em>Ib\u00edd.<\/em><\/p>\n<p style=\"text-align: justify;\"><a href=\"#_ftnref5\" name=\"_ftn5\">[4]<\/a>\u00a0Macarro C. B. FI, <em>Hist\u00f3ria da Congrega\u00e7\u00e3o das Filhas de Jesus<\/em>, Tomo I , p.29-30.<\/p>\n<p style=\"text-align: justify;\"><a href=\"#_ftnref6\" name=\"_ftn6\">[5]<\/a>\u00a0<em>Ib\u00edd.<\/em> [1]<em>\u00a0<\/em>p. 73.<em>\u00a0<\/em>Citando: <em>Conjunto de cadernos do Madre Fundadora.<\/em><\/p>\n<p style=\"text-align: justify;\"><a href=\"#_ftnref7\" name=\"_ftn7\">[6]<\/a> <em>Ib\u00edd. <\/em>[1]\u00a0p. 72.<\/p>\n","protected":false},"excerpt":{"rendered":"<p>NA CRISE DA HIST\u00d3RIA ACONTECEM ENCONTROS FORTUITOS Feliz anivers\u00e1rio ao nosso querido Padre Herranz! Hoje, 5 de julho, \u00e9 um dia muito especial para a Fam\u00edlia Madre C\u00e2ndida. Celebramos o nascimento do P. Herranz e agradecemos o presente que sua vida foi para os prim\u00f3rdios da Congrega\u00e7\u00e3o. Quem foi o P. Herranz? &#8220;Castelhano forte e [&hellip;]<\/p>\n","protected":false},"author":28,"featured_media":11032,"comment_status":"closed","ping_status":"closed","sticky":false,"template":"","format":"standard","meta":{"_et_pb_use_builder":"","_et_pb_old_content":"","_et_gb_content_width":"","footnotes":"","_links_to":"","_links_to_target":""},"categories":[529,469],"tags":[],"class_list":["post-29574","post","type-post","status-publish","format-standard","has-post-thumbnail","hentry","category-hijas-de-jesus-pt-br","category-noticias-pt-br"],"yoast_head":"<!-- This site is optimized with the Yoast SEO plugin v27.5 - https:\/\/yoast.com\/product\/yoast-seo-wordpress\/ -->\n<title>5 de julho - Nascimento do Padre Herranz - Hijas de Jes\u00fas<\/title>\n<meta name=\"robots\" content=\"index, follow, max-snippet:-1, max-image-preview:large, max-video-preview:-1\" \/>\n<link rel=\"canonical\" href=\"https:\/\/hijasdejesus.org\/pt-br\/5-de-julho-nascimento-do-padre-herranz\/\" \/>\n<meta property=\"og:locale\" content=\"pt_BR\" \/>\n<meta property=\"og:type\" content=\"article\" \/>\n<meta property=\"og:title\" content=\"5 de julho - Nascimento do Padre Herranz - Hijas de Jes\u00fas\" \/>\n<meta property=\"og:description\" content=\"NA CRISE DA HIST\u00d3RIA ACONTECEM ENCONTROS FORTUITOS Feliz anivers\u00e1rio ao nosso querido Padre Herranz! Hoje, 5 de julho, \u00e9 um dia muito especial para a Fam\u00edlia Madre C\u00e2ndida. Celebramos o nascimento do P. Herranz e agradecemos o presente que sua vida foi para os prim\u00f3rdios da Congrega\u00e7\u00e3o. Quem foi o P. Herranz? &#8220;Castelhano forte e [&hellip;]\" \/>\n<meta property=\"og:url\" content=\"https:\/\/hijasdejesus.org\/pt-br\/5-de-julho-nascimento-do-padre-herranz\/\" \/>\n<meta property=\"og:site_name\" content=\"Hijas de Jes\u00fas\" \/>\n<meta property=\"article:publisher\" content=\"https:\/\/www.facebook.com\/hijasdejesusenelmundo\/\" \/>\n<meta property=\"article:published_time\" content=\"2021-07-04T03:04:35+00:00\" \/>\n<meta property=\"article:modified_time\" content=\"2021-07-04T17:04:35+00:00\" \/>\n<meta property=\"og:image\" content=\"https:\/\/hijasdejesus.org\/wp-content\/uploads\/2021\/07\/PHerranz_2021-Cabecera_PT.jpg\" \/>\n\t<meta property=\"og:image:width\" content=\"2000\" \/>\n\t<meta property=\"og:image:height\" content=\"647\" \/>\n\t<meta property=\"og:image:type\" content=\"image\/jpeg\" \/>\n<meta name=\"author\" content=\"Webmaster\" \/>\n<meta name=\"twitter:card\" content=\"summary_large_image\" \/>\n<meta name=\"twitter:creator\" content=\"@hijasdjesus\" \/>\n<meta name=\"twitter:site\" content=\"@hijasdjesus\" \/>\n<meta name=\"twitter:label1\" content=\"Escrito por\" \/>\n\t<meta name=\"twitter:data1\" content=\"Webmaster\" \/>\n\t<meta name=\"twitter:label2\" content=\"Est. tempo de leitura\" \/>\n\t<meta name=\"twitter:data2\" content=\"3 minutos\" \/>\n<script type=\"application\/ld+json\" class=\"yoast-schema-graph\">{\"@context\":\"https:\\\/\\\/schema.org\",\"@graph\":[{\"@type\":\"Article\",\"@id\":\"https:\\\/\\\/hijasdejesus.org\\\/pt-br\\\/5-de-julho-nascimento-do-padre-herranz\\\/#article\",\"isPartOf\":{\"@id\":\"https:\\\/\\\/hijasdejesus.org\\\/pt-br\\\/5-de-julho-nascimento-do-padre-herranz\\\/\"},\"author\":{\"name\":\"Webmaster\",\"@id\":\"https:\\\/\\\/hijasdejesus.org\\\/pt-br\\\/#\\\/schema\\\/person\\\/ce4455965da733f2791f23b6ec14e9b6\"},\"headline\":\"5 de julho &#8211; Nascimento do Padre Herranz\",\"datePublished\":\"2021-07-04T03:04:35+00:00\",\"dateModified\":\"2021-07-04T17:04:35+00:00\",\"mainEntityOfPage\":{\"@id\":\"https:\\\/\\\/hijasdejesus.org\\\/pt-br\\\/5-de-julho-nascimento-do-padre-herranz\\\/\"},\"wordCount\":687,\"publisher\":{\"@id\":\"https:\\\/\\\/hijasdejesus.org\\\/pt-br\\\/#organization\"},\"image\":{\"@id\":\"https:\\\/\\\/hijasdejesus.org\\\/pt-br\\\/5-de-julho-nascimento-do-padre-herranz\\\/#primaryimage\"},\"thumbnailUrl\":\"https:\\\/\\\/hijasdejesus.org\\\/wp-content\\\/uploads\\\/2021\\\/07\\\/PHerranz_2021-Cabecera_PT.jpg\",\"articleSection\":[\"Hijas de Jes\u00fas\",\"Not\u00edcias\"],\"inLanguage\":\"pt-BR\"},{\"@type\":\"WebPage\",\"@id\":\"https:\\\/\\\/hijasdejesus.org\\\/pt-br\\\/5-de-julho-nascimento-do-padre-herranz\\\/\",\"url\":\"https:\\\/\\\/hijasdejesus.org\\\/pt-br\\\/5-de-julho-nascimento-do-padre-herranz\\\/\",\"name\":\"5 de julho - Nascimento do Padre Herranz - Hijas de Jes\u00fas\",\"isPartOf\":{\"@id\":\"https:\\\/\\\/hijasdejesus.org\\\/pt-br\\\/#website\"},\"primaryImageOfPage\":{\"@id\":\"https:\\\/\\\/hijasdejesus.org\\\/pt-br\\\/5-de-julho-nascimento-do-padre-herranz\\\/#primaryimage\"},\"image\":{\"@id\":\"https:\\\/\\\/hijasdejesus.org\\\/pt-br\\\/5-de-julho-nascimento-do-padre-herranz\\\/#primaryimage\"},\"thumbnailUrl\":\"https:\\\/\\\/hijasdejesus.org\\\/wp-content\\\/uploads\\\/2021\\\/07\\\/PHerranz_2021-Cabecera_PT.jpg\",\"datePublished\":\"2021-07-04T03:04:35+00:00\",\"dateModified\":\"2021-07-04T17:04:35+00:00\",\"breadcrumb\":{\"@id\":\"https:\\\/\\\/hijasdejesus.org\\\/pt-br\\\/5-de-julho-nascimento-do-padre-herranz\\\/#breadcrumb\"},\"inLanguage\":\"pt-BR\",\"potentialAction\":[{\"@type\":\"ReadAction\",\"target\":[\"https:\\\/\\\/hijasdejesus.org\\\/pt-br\\\/5-de-julho-nascimento-do-padre-herranz\\\/\"]}]},{\"@type\":\"ImageObject\",\"inLanguage\":\"pt-BR\",\"@id\":\"https:\\\/\\\/hijasdejesus.org\\\/pt-br\\\/5-de-julho-nascimento-do-padre-herranz\\\/#primaryimage\",\"url\":\"https:\\\/\\\/hijasdejesus.org\\\/wp-content\\\/uploads\\\/2021\\\/07\\\/PHerranz_2021-Cabecera_PT.jpg\",\"contentUrl\":\"https:\\\/\\\/hijasdejesus.org\\\/wp-content\\\/uploads\\\/2021\\\/07\\\/PHerranz_2021-Cabecera_PT.jpg\",\"width\":2000,\"height\":647},{\"@type\":\"BreadcrumbList\",\"@id\":\"https:\\\/\\\/hijasdejesus.org\\\/pt-br\\\/5-de-julho-nascimento-do-padre-herranz\\\/#breadcrumb\",\"itemListElement\":[{\"@type\":\"ListItem\",\"position\":1,\"name\":\"Portada\",\"item\":\"https:\\\/\\\/hijasdejesus.org\\\/pt-br\\\/\"},{\"@type\":\"ListItem\",\"position\":2,\"name\":\"5 de julho &#8211; Nascimento do Padre Herranz\"}]},{\"@type\":\"WebSite\",\"@id\":\"https:\\\/\\\/hijasdejesus.org\\\/pt-br\\\/#website\",\"url\":\"https:\\\/\\\/hijasdejesus.org\\\/pt-br\\\/\",\"name\":\"Hijas de Jes\u00fas\",\"description\":\"Despertamos a Jes\u00fas en el coraz\u00f3n, sacando lo mejor de las personas. Somos una congregaci\u00f3n religiosa ignaciana fundada por la Madre Candida\",\"publisher\":{\"@id\":\"https:\\\/\\\/hijasdejesus.org\\\/pt-br\\\/#organization\"},\"potentialAction\":[{\"@type\":\"SearchAction\",\"target\":{\"@type\":\"EntryPoint\",\"urlTemplate\":\"https:\\\/\\\/hijasdejesus.org\\\/pt-br\\\/?s={search_term_string}\"},\"query-input\":{\"@type\":\"PropertyValueSpecification\",\"valueRequired\":true,\"valueName\":\"search_term_string\"}}],\"inLanguage\":\"pt-BR\"},{\"@type\":\"Organization\",\"@id\":\"https:\\\/\\\/hijasdejesus.org\\\/pt-br\\\/#organization\",\"name\":\"Hijas de Jes\u00fas\",\"url\":\"https:\\\/\\\/hijasdejesus.org\\\/pt-br\\\/\",\"logo\":{\"@type\":\"ImageObject\",\"inLanguage\":\"pt-BR\",\"@id\":\"https:\\\/\\\/hijasdejesus.org\\\/pt-br\\\/#\\\/schema\\\/logo\\\/image\\\/\",\"url\":\"https:\\\/\\\/hijasdejesus.org\\\/wp-content\\\/uploads\\\/2023\\\/01\\\/Hijas-de-Jesus_hor-A7C957.png\",\"contentUrl\":\"https:\\\/\\\/hijasdejesus.org\\\/wp-content\\\/uploads\\\/2023\\\/01\\\/Hijas-de-Jesus_hor-A7C957.png\",\"width\":700,\"height\":360,\"caption\":\"Hijas de Jes\u00fas\"},\"image\":{\"@id\":\"https:\\\/\\\/hijasdejesus.org\\\/pt-br\\\/#\\\/schema\\\/logo\\\/image\\\/\"},\"sameAs\":[\"https:\\\/\\\/www.facebook.com\\\/hijasdejesusenelmundo\\\/\",\"https:\\\/\\\/x.com\\\/hijasdjesus\"]},{\"@type\":\"Person\",\"@id\":\"https:\\\/\\\/hijasdejesus.org\\\/pt-br\\\/#\\\/schema\\\/person\\\/ce4455965da733f2791f23b6ec14e9b6\",\"name\":\"Webmaster\",\"image\":{\"@type\":\"ImageObject\",\"inLanguage\":\"pt-BR\",\"@id\":\"https:\\\/\\\/secure.gravatar.com\\\/avatar\\\/cfd0acaac86c3981d541d2e99a0ffb7b6d33a5ac8989a62f5518b9e0f7ee128a?s=96&d=mm&r=g\",\"url\":\"https:\\\/\\\/secure.gravatar.com\\\/avatar\\\/cfd0acaac86c3981d541d2e99a0ffb7b6d33a5ac8989a62f5518b9e0f7ee128a?s=96&d=mm&r=g\",\"contentUrl\":\"https:\\\/\\\/secure.gravatar.com\\\/avatar\\\/cfd0acaac86c3981d541d2e99a0ffb7b6d33a5ac8989a62f5518b9e0f7ee128a?s=96&d=mm&r=g\",\"caption\":\"Webmaster\"},\"url\":\"https:\\\/\\\/hijasdejesus.org\\\/pt-br\\\/author\\\/webmaster\\\/\"}]}<\/script>\n<!-- \/ Yoast SEO plugin. -->","yoast_head_json":{"title":"5 de julho - Nascimento do Padre Herranz - Hijas de Jes\u00fas","robots":{"index":"index","follow":"follow","max-snippet":"max-snippet:-1","max-image-preview":"max-image-preview:large","max-video-preview":"max-video-preview:-1"},"canonical":"https:\/\/hijasdejesus.org\/pt-br\/5-de-julho-nascimento-do-padre-herranz\/","og_locale":"pt_BR","og_type":"article","og_title":"5 de julho - Nascimento do Padre Herranz - Hijas de Jes\u00fas","og_description":"NA CRISE DA HIST\u00d3RIA ACONTECEM ENCONTROS FORTUITOS Feliz anivers\u00e1rio ao nosso querido Padre Herranz! Hoje, 5 de julho, \u00e9 um dia muito especial para a Fam\u00edlia Madre C\u00e2ndida. Celebramos o nascimento do P. Herranz e agradecemos o presente que sua vida foi para os prim\u00f3rdios da Congrega\u00e7\u00e3o. Quem foi o P. Herranz? &#8220;Castelhano forte e [&hellip;]","og_url":"https:\/\/hijasdejesus.org\/pt-br\/5-de-julho-nascimento-do-padre-herranz\/","og_site_name":"Hijas de Jes\u00fas","article_publisher":"https:\/\/www.facebook.com\/hijasdejesusenelmundo\/","article_published_time":"2021-07-04T03:04:35+00:00","article_modified_time":"2021-07-04T17:04:35+00:00","og_image":[{"width":2000,"height":647,"url":"https:\/\/hijasdejesus.org\/wp-content\/uploads\/2021\/07\/PHerranz_2021-Cabecera_PT.jpg","type":"image\/jpeg"}],"author":"Webmaster","twitter_card":"summary_large_image","twitter_creator":"@hijasdjesus","twitter_site":"@hijasdjesus","twitter_misc":{"Escrito por":"Webmaster","Est. tempo de leitura":"3 minutos"},"schema":{"@context":"https:\/\/schema.org","@graph":[{"@type":"Article","@id":"https:\/\/hijasdejesus.org\/pt-br\/5-de-julho-nascimento-do-padre-herranz\/#article","isPartOf":{"@id":"https:\/\/hijasdejesus.org\/pt-br\/5-de-julho-nascimento-do-padre-herranz\/"},"author":{"name":"Webmaster","@id":"https:\/\/hijasdejesus.org\/pt-br\/#\/schema\/person\/ce4455965da733f2791f23b6ec14e9b6"},"headline":"5 de julho &#8211; Nascimento do Padre Herranz","datePublished":"2021-07-04T03:04:35+00:00","dateModified":"2021-07-04T17:04:35+00:00","mainEntityOfPage":{"@id":"https:\/\/hijasdejesus.org\/pt-br\/5-de-julho-nascimento-do-padre-herranz\/"},"wordCount":687,"publisher":{"@id":"https:\/\/hijasdejesus.org\/pt-br\/#organization"},"image":{"@id":"https:\/\/hijasdejesus.org\/pt-br\/5-de-julho-nascimento-do-padre-herranz\/#primaryimage"},"thumbnailUrl":"https:\/\/hijasdejesus.org\/wp-content\/uploads\/2021\/07\/PHerranz_2021-Cabecera_PT.jpg","articleSection":["Hijas de Jes\u00fas","Not\u00edcias"],"inLanguage":"pt-BR"},{"@type":"WebPage","@id":"https:\/\/hijasdejesus.org\/pt-br\/5-de-julho-nascimento-do-padre-herranz\/","url":"https:\/\/hijasdejesus.org\/pt-br\/5-de-julho-nascimento-do-padre-herranz\/","name":"5 de julho - Nascimento do Padre Herranz - Hijas de Jes\u00fas","isPartOf":{"@id":"https:\/\/hijasdejesus.org\/pt-br\/#website"},"primaryImageOfPage":{"@id":"https:\/\/hijasdejesus.org\/pt-br\/5-de-julho-nascimento-do-padre-herranz\/#primaryimage"},"image":{"@id":"https:\/\/hijasdejesus.org\/pt-br\/5-de-julho-nascimento-do-padre-herranz\/#primaryimage"},"thumbnailUrl":"https:\/\/hijasdejesus.org\/wp-content\/uploads\/2021\/07\/PHerranz_2021-Cabecera_PT.jpg","datePublished":"2021-07-04T03:04:35+00:00","dateModified":"2021-07-04T17:04:35+00:00","breadcrumb":{"@id":"https:\/\/hijasdejesus.org\/pt-br\/5-de-julho-nascimento-do-padre-herranz\/#breadcrumb"},"inLanguage":"pt-BR","potentialAction":[{"@type":"ReadAction","target":["https:\/\/hijasdejesus.org\/pt-br\/5-de-julho-nascimento-do-padre-herranz\/"]}]},{"@type":"ImageObject","inLanguage":"pt-BR","@id":"https:\/\/hijasdejesus.org\/pt-br\/5-de-julho-nascimento-do-padre-herranz\/#primaryimage","url":"https:\/\/hijasdejesus.org\/wp-content\/uploads\/2021\/07\/PHerranz_2021-Cabecera_PT.jpg","contentUrl":"https:\/\/hijasdejesus.org\/wp-content\/uploads\/2021\/07\/PHerranz_2021-Cabecera_PT.jpg","width":2000,"height":647},{"@type":"BreadcrumbList","@id":"https:\/\/hijasdejesus.org\/pt-br\/5-de-julho-nascimento-do-padre-herranz\/#breadcrumb","itemListElement":[{"@type":"ListItem","position":1,"name":"Portada","item":"https:\/\/hijasdejesus.org\/pt-br\/"},{"@type":"ListItem","position":2,"name":"5 de julho &#8211; Nascimento do Padre Herranz"}]},{"@type":"WebSite","@id":"https:\/\/hijasdejesus.org\/pt-br\/#website","url":"https:\/\/hijasdejesus.org\/pt-br\/","name":"Hijas de Jes\u00fas","description":"Despertamos a Jes\u00fas en el coraz\u00f3n, sacando lo mejor de las personas. Somos una congregaci\u00f3n religiosa ignaciana fundada por la Madre Candida","publisher":{"@id":"https:\/\/hijasdejesus.org\/pt-br\/#organization"},"potentialAction":[{"@type":"SearchAction","target":{"@type":"EntryPoint","urlTemplate":"https:\/\/hijasdejesus.org\/pt-br\/?s={search_term_string}"},"query-input":{"@type":"PropertyValueSpecification","valueRequired":true,"valueName":"search_term_string"}}],"inLanguage":"pt-BR"},{"@type":"Organization","@id":"https:\/\/hijasdejesus.org\/pt-br\/#organization","name":"Hijas de Jes\u00fas","url":"https:\/\/hijasdejesus.org\/pt-br\/","logo":{"@type":"ImageObject","inLanguage":"pt-BR","@id":"https:\/\/hijasdejesus.org\/pt-br\/#\/schema\/logo\/image\/","url":"https:\/\/hijasdejesus.org\/wp-content\/uploads\/2023\/01\/Hijas-de-Jesus_hor-A7C957.png","contentUrl":"https:\/\/hijasdejesus.org\/wp-content\/uploads\/2023\/01\/Hijas-de-Jesus_hor-A7C957.png","width":700,"height":360,"caption":"Hijas de Jes\u00fas"},"image":{"@id":"https:\/\/hijasdejesus.org\/pt-br\/#\/schema\/logo\/image\/"},"sameAs":["https:\/\/www.facebook.com\/hijasdejesusenelmundo\/","https:\/\/x.com\/hijasdjesus"]},{"@type":"Person","@id":"https:\/\/hijasdejesus.org\/pt-br\/#\/schema\/person\/ce4455965da733f2791f23b6ec14e9b6","name":"Webmaster","image":{"@type":"ImageObject","inLanguage":"pt-BR","@id":"https:\/\/secure.gravatar.com\/avatar\/cfd0acaac86c3981d541d2e99a0ffb7b6d33a5ac8989a62f5518b9e0f7ee128a?s=96&d=mm&r=g","url":"https:\/\/secure.gravatar.com\/avatar\/cfd0acaac86c3981d541d2e99a0ffb7b6d33a5ac8989a62f5518b9e0f7ee128a?s=96&d=mm&r=g","contentUrl":"https:\/\/secure.gravatar.com\/avatar\/cfd0acaac86c3981d541d2e99a0ffb7b6d33a5ac8989a62f5518b9e0f7ee128a?s=96&d=mm&r=g","caption":"Webmaster"},"url":"https:\/\/hijasdejesus.org\/pt-br\/author\/webmaster\/"}]}},"_links":{"self":[{"href":"https:\/\/hijasdejesus.org\/pt-br\/wp-json\/wp\/v2\/posts\/29574","targetHints":{"allow":["GET"]}}],"collection":[{"href":"https:\/\/hijasdejesus.org\/pt-br\/wp-json\/wp\/v2\/posts"}],"about":[{"href":"https:\/\/hijasdejesus.org\/pt-br\/wp-json\/wp\/v2\/types\/post"}],"author":[{"embeddable":true,"href":"https:\/\/hijasdejesus.org\/pt-br\/wp-json\/wp\/v2\/users\/28"}],"replies":[{"embeddable":true,"href":"https:\/\/hijasdejesus.org\/pt-br\/wp-json\/wp\/v2\/comments?post=29574"}],"version-history":[{"count":0,"href":"https:\/\/hijasdejesus.org\/pt-br\/wp-json\/wp\/v2\/posts\/29574\/revisions"}],"wp:featuredmedia":[{"embeddable":true,"href":"https:\/\/hijasdejesus.org\/pt-br\/wp-json\/wp\/v2\/media\/11032"}],"wp:attachment":[{"href":"https:\/\/hijasdejesus.org\/pt-br\/wp-json\/wp\/v2\/media?parent=29574"}],"wp:term":[{"taxonomy":"category","embeddable":true,"href":"https:\/\/hijasdejesus.org\/pt-br\/wp-json\/wp\/v2\/categories?post=29574"},{"taxonomy":"post_tag","embeddable":true,"href":"https:\/\/hijasdejesus.org\/pt-br\/wp-json\/wp\/v2\/tags?post=29574"}],"curies":[{"name":"wp","href":"https:\/\/api.w.org\/{rel}","templated":true}]}}