{"id":29643,"date":"2021-10-22T20:11:54","date_gmt":"2021-10-22T18:11:54","guid":{"rendered":"https:\/\/nueva.hijasdejesus.org\/paroquia-de-santa-candida-nas-filipinas\/"},"modified":"2021-10-22T20:11:54","modified_gmt":"2021-10-22T18:11:54","slug":"paroquia-de-santa-candida-nas-filipinas","status":"publish","type":"post","link":"https:\/\/hijasdejesus.org\/pt-br\/paroquia-de-santa-candida-nas-filipinas\/","title":{"rendered":"Par\u00f3quia de Santa C\u00e1ndida nas Filipinas"},"content":{"rendered":"<p style=\"text-align: justify;\">\n<p style=\"text-align: justify;\">DECLARA\u00c7\u00c3O DA PAR\u00d3QUIA DE SANTA C\u00c1NDIDA MAR\u00cdA DE JES\u00daS EM CIUDAD NUEVO, NAIC CAVITE<\/p>\n<p style=\"text-align: justify;\"><img loading=\"lazy\" decoding=\"async\" class=\" alignright size-full wp-image-11272\" style=\"float: right;\" src=\"https:\/\/hijasdejesus.org\/wp-content\/uploads\/2021\/10\/3_A_pose_with_the_Stained_glass_of_St_Candida.jpg\" alt=\"\" width=\"315\" height=\"420\" \/><\/p>\n<p style=\"text-align: left;\">O dia <strong>18 de outubro<\/strong> de 2021 marcou uma data memor\u00e1vel e significativa na hist\u00f3ria da Congrega\u00e7\u00e3o das Filhas de Jesus nas Filipinas, um dia de a\u00e7\u00e3o de gra\u00e7as e alegria entre o povo de Ciudad Nuevo, Naic, Cavite. <strong>Dia da declara\u00e7\u00e3o da Par\u00f3quia Santa C\u00e1ndida Mar\u00eda de Jes\u00fas<\/strong>, na 5\u00aa fase, Ciudad Nuevo, Naic Cavite. A <strong>primeira par\u00f3quia nas Filipinas<\/strong> com o nome de nossa Fundadora, Santa C\u00e1ndida Mar\u00eda de Jes\u00fas.<\/p>\n<p style=\"text-align: left;\">A missa foi celebrada \u00e0s 9h30 da manh\u00e3 e oficiada pelo Exmo. O Rt. Sr. <strong>Reynaldo G. Evangelista,<\/strong> D.D., Bispo de Imus, Cavite, que tamb\u00e9m nomeou o <strong>Pe. Joseph Mayola<\/strong> como o primeiro pastor. Devido aos protocolos sanit\u00e1rios, a missa contou com a presen\u00e7a de um n\u00famero limitado de pessoas, entre elas irm\u00e3s representantes do Col\u00e9gio de Manresa e da Prov\u00edncia, quatro colaboradores leigos do Col\u00e9gio de Manresa, paroquianos, Sr. Prefeito de Naic, l\u00edderes locais e um um bom n\u00famero de padres das diferentes par\u00f3quias de Cavite. Foi uma celebra\u00e7\u00e3o solene e cheia de esp\u00edrito, com uma bela e inspiradora homilia de Dom Reynaldo que destacou o esp\u00edrito mission\u00e1rio de Santa C\u00e1ndida.<\/p>\n<p>Para os habitantes de Ciudad Nuevo, Naic, Cavite, que viveram uma caminhada <strong>espiritual<\/strong> e de f\u00e9 desafiadora, constante e inabal\u00e1vel, este \u00e9 um momento cheio de<strong> gra\u00e7a e um sonho<\/strong> realizado, o desejo de ter uma Igreja. Este acontecimento ficar\u00e1 para sempre gravado na hist\u00f3ria da Igreja local. Este evento \u00e9 tamb\u00e9m um presente pelo 150\u00ba anivers\u00e1rio de funda\u00e7\u00e3o da Congrega\u00e7\u00e3o e pelo 50\u00ba anivers\u00e1rio de ouro do Manresa College, que desde 2010 se encarrega da atividade de Extens\u00e3o e Apostolado em Naic.<\/p>\n<p>Agrade\u00e7o aos coordenadores, pioneiros\u00a0<span class=\"Y2IQFc\" lang=\"pt\">da miss\u00e3o<\/span>,<strong> Ir. Rachel Bade, Ir. Lillian Lim, Ir. Pacita Legaspi, Ir. Felicidad de Jes\u00fas e Ir. N\u00e9lida Penaflorida<\/strong>, por todos, os colaboradores leigos e a fam\u00edlia de Madre C\u00e2ndida e por todos que a conhecer\u00e3o, este \u00e9 um testemunho do amor e fidelidade de Deus por meio da Madre C\u00e2ndida, enquanto celebramos 500 anos de cristianismo nas Filipinas. M. C\u00e2ndida: obrigada por ter ido a Naic \u201cem busca de almas\u201d. A Deus seja a gl\u00f3ria, honra e louvor! Viva Santa C\u00e2ndida!<\/p>\n<p>A missa foi encerrada com o canto do<strong> Hino da Madre C\u00e2ndida<\/strong>, \u201cClara Estrella &#8230;\u201d.<\/p>\n<p>Leia mas na<a href=\"http:\/\/hijasdejesusinpac.org\/main\/index.php\/articles\/1410-declaration-of-st-candida-maria-de-jesus-parish-in-ciudad-nuevo-naic-cavite\">\u00a0web de \u00cdndico-Pac\u00edfico<\/a>\u00a0<span class=\"Y2IQFc\" lang=\"pt\">e aproveite fotos e v\u00eddeos.<\/span><\/p>\n<p>\u00a0<\/p>\n<p><img loading=\"lazy\" decoding=\"async\" class=\" size-full wp-image-11274\" style=\"display: block; margin-left: auto; margin-right: auto;\" src=\"https:\/\/hijasdejesus.org\/wp-content\/uploads\/2021\/10\/1_Front_of_St_Candida_Maria_de_Jesus_Church.jpg\" alt=\"\" width=\"801\" height=\"512\" \/><\/p>\n<p style=\"text-align: center;\">Fachada da Igreja de Santa C\u00e1ndida Mar\u00eda de Jes\u00fas<\/p>\n<p><img loading=\"lazy\" decoding=\"async\" class=\" size-full wp-image-11276\" style=\"display: block; margin-left: auto; margin-right: auto;\" src=\"https:\/\/hijasdejesus.org\/wp-content\/uploads\/2021\/10\/2_Sr_Cecile_points_to_the_Stained_glass_of_Mother_Cnadida.jpg\" alt=\"\" width=\"602\" height=\"803\" \/><\/p>\n<p style=\"text-align: center;\"><em><span class=\"Y2IQFc\" lang=\"pt\">Irm\u00e3 Cecile aponta para o vitral da Madre C\u00e2ndida.<\/span><\/em><\/p>\n<p><img loading=\"lazy\" decoding=\"async\" class=\" size-full wp-image-11278\" style=\"display: block; margin-left: auto; margin-right: auto;\" src=\"https:\/\/hijasdejesus.org\/wp-content\/uploads\/2021\/10\/4_The_Bishop_greets_the_Sisters.jpg\" alt=\"\" width=\"800\" height=\"600\" \/><\/p>\n<p style=\"text-align: center;\"><em>O Bispo sa\u00fada as Irm\u00e3s\u00a0<\/em><\/p>\n<p style=\"text-align: center;\"><img loading=\"lazy\" decoding=\"async\" class=\" size-full wp-image-11280\" style=\"display: block; margin-left: auto; margin-right: auto;\" src=\"https:\/\/hijasdejesus.org\/wp-content\/uploads\/2021\/10\/5_Blessing_by_the_Bishop.jpg\" alt=\"\" width=\"800\" height=\"600\" \/><\/p>\n<p style=\"text-align: center;\"><em><span class=\"Y2IQFc\" lang=\"pt\">Ben\u00e7\u00e3o do bispo<\/span><\/em><\/p>\n<p style=\"text-align: center;\"><img loading=\"lazy\" decoding=\"async\" class=\" size-full wp-image-11282\" style=\"display: block; margin-left: auto; margin-right: auto;\" src=\"https:\/\/hijasdejesus.org\/wp-content\/uploads\/2021\/10\/5_The_Altar.jpg\" alt=\"\" width=\"800\" height=\"600\" \/><\/p>\n<p style=\"text-align: center;\"><em>O altar<\/em><\/p>\n<p>\u00a0<img loading=\"lazy\" decoding=\"async\" class=\" size-full wp-image-11284\" style=\"display: block; margin-left: auto; margin-right: auto;\" src=\"https:\/\/hijasdejesus.org\/wp-content\/uploads\/2021\/10\/6_Most_Reverend_Bishop_Reynaldo_Evangelista.jpg\" alt=\"\" width=\"800\" height=\"600\" \/><\/p>\n<p style=\"text-align: center;\"><span class=\"Y2IQFc\" lang=\"pt\">Reverend\u00edssimo Bispo Reynaldo Evangelista<\/span><\/p>\n<p><img loading=\"lazy\" decoding=\"async\" class=\" size-full wp-image-11286\" style=\"display: block; margin-left: auto; margin-right: auto;\" src=\"https:\/\/hijasdejesus.org\/wp-content\/uploads\/2021\/10\/7_The_Processional_of_Concelebrants.jpg\" alt=\"\" width=\"800\" height=\"600\" \/><\/p>\n<p style=\"text-align: center;\"><em>Procesi\u00f3n de los concelebrantes<\/em><\/p>\n<p><img loading=\"lazy\" decoding=\"async\" class=\" size-full wp-image-11288\" style=\"display: block; margin-left: auto; margin-right: auto;\" src=\"https:\/\/hijasdejesus.org\/wp-content\/uploads\/2021\/10\/8_Offerttory_Procession.jpg\" alt=\"\" width=\"800\" height=\"600\" \/><\/p>\n<p style=\"text-align: center;\"><em>Procesi\u00f3n de las ofrendas<\/em><\/p>\n<p><img loading=\"lazy\" decoding=\"async\" class=\" size-full wp-image-11290\" style=\"display: block; margin-left: auto; margin-right: auto;\" src=\"https:\/\/hijasdejesus.org\/wp-content\/uploads\/2021\/10\/9_The_Parishioners_and_the_Sisters.jpg\" alt=\"\" width=\"801\" height=\"601\" \/><\/p>\n<p style=\"text-align: center;\">Paroquianos e Irm\u00e3s<\/p>\n<p><img loading=\"lazy\" decoding=\"async\" class=\" size-full wp-image-11292\" style=\"display: block; margin-left: auto; margin-right: auto;\" src=\"https:\/\/hijasdejesus.org\/wp-content\/uploads\/2021\/10\/9a_The_Declaration_and_Installation.jpg\" alt=\"\" width=\"800\" height=\"600\" \/><\/p>\n<p style=\"text-align: center;\">Declara\u00e7\u00e3o e instala\u00e7\u00e3o<\/p>\n<p><img loading=\"lazy\" decoding=\"async\" class=\" size-full wp-image-11294\" style=\"display: block; margin-left: auto; margin-right: auto;\" src=\"https:\/\/hijasdejesus.org\/wp-content\/uploads\/2021\/10\/11aIncensation_of_the_statue_of_Mother_Candida_and_Singing_of_Clara_Estrella.jpg\" alt=\"\" width=\"800\" height=\"600\" \/><\/p>\n<p style=\"text-align: center;\"><em><span class=\"Y2IQFc\" lang=\"pt\">A b\u00ean\u00e7\u00e3o do P. Joseph Mayola como primeiro p\u00e1roco da Par\u00f3quia de Santa C\u00e1ndida<\/span><\/em><\/p>\n<p style=\"text-align: center;\"><em><img loading=\"lazy\" decoding=\"async\" class=\" size-full wp-image-11296\" src=\"https:\/\/hijasdejesus.org\/wp-content\/uploads\/2021\/10\/11_The_Incensation_of_the_Statue_of_Mother_Candida_while_singing_Clara_Estrella.jpg\" alt=\"\" width=\"801\" height=\"601\" \/><\/em><\/p>\n<p style=\"text-align: center;\"><em>B\u00ean\u00e7\u00e3o da est\u00e1tua de Santa C\u00e1ndida e Canto de Clara Estrella<\/em><\/p>\n<p><img loading=\"lazy\" decoding=\"async\" class=\" size-full wp-image-11298\" style=\"display: block; margin-left: auto; margin-right: auto;\" src=\"https:\/\/hijasdejesus.org\/wp-content\/uploads\/2021\/10\/12_The_Bishop_with_all_concelebrants_of_the_Diocese_of_Imus.jpg\" alt=\"\" width=\"800\" height=\"600\" \/><\/p>\n<p style=\"text-align: center;\"><em>O bispo com todos os concelebrantes da diocese de Imus<\/em><\/p>\n<div id=\"tw-container\" class=\"\" data-cp=\"1\" data-is-ver=\"false\" data-nnttsvi=\"1\" data-sm=\"1\" data-sugg-time=\"500\" data-sugg-url=\"https:\/\/clients1.google.com\/complete\/search\" data-uilc=\"es\">\u00a0<\/div>\n<p><img loading=\"lazy\" decoding=\"async\" class=\" size-full wp-image-11300\" style=\"display: block; margin-left: auto; margin-right: auto;\" src=\"https:\/\/hijasdejesus.org\/wp-content\/uploads\/2021\/10\/14_The_Bishop_Fr_Joseph_and_Sr_Lynn_and_Sisters_and_Lay_from_Manresa_School.jpg\" alt=\"\" width=\"800\" height=\"600\" \/><\/p>\n<p style=\"text-align: center;\"><em>O Bispo, Pe. Joseph e Sr. Lynn e Irm\u00e3s e Leigos do Col\u00e9gio Manresa<\/em><\/p>\n<p><img loading=\"lazy\" decoding=\"async\" class=\" size-full wp-image-11302\" style=\"display: block; margin-left: auto; margin-right: auto;\" src=\"https:\/\/hijasdejesus.org\/wp-content\/uploads\/2021\/10\/15_The_Choir.jpg\" alt=\"\" width=\"800\" height=\"600\" \/><\/p>\n<p style=\"text-align: center;\"><em>O coro<\/em>\u00a0<\/p>\n<p style=\"text-align: center;\"><img loading=\"lazy\" decoding=\"async\" class=\" size-full wp-image-11304\" style=\"display: block; margin-left: auto; margin-right: auto;\" src=\"https:\/\/hijasdejesus.org\/wp-content\/uploads\/2021\/10\/16_The_Communion.jpg\" alt=\"\" width=\"800\" height=\"600\" \/><\/p>\n<p style=\"text-align: center;\">A comunh\u00e3o<\/p>\n<p><img loading=\"lazy\" decoding=\"async\" class=\" size-full wp-image-11306\" style=\"display: block; margin-left: auto; margin-right: auto;\" src=\"https:\/\/hijasdejesus.org\/wp-content\/uploads\/2021\/10\/17_Young_leaders_of_St_Candida_Parish_and_lovers_of_Mother_Candida.jpg\" alt=\"\" width=\"800\" height=\"600\" \/><\/p>\n<p style=\"text-align: center;\"><em>Jovens dirigentes da par\u00f3quia Santa C\u00e2ndida e amantes da Madre C\u00e2ndida<\/em><\/p>\n","protected":false},"excerpt":{"rendered":"<p>DECLARA\u00c7\u00c3O DA PAR\u00d3QUIA DE SANTA C\u00c1NDIDA MAR\u00cdA DE JES\u00daS EM CIUDAD NUEVO, NAIC CAVITE O dia 18 de outubro de 2021 marcou uma data memor\u00e1vel e significativa na hist\u00f3ria da Congrega\u00e7\u00e3o das Filhas de Jesus nas Filipinas, um dia de a\u00e7\u00e3o de gra\u00e7as e alegria entre o povo de Ciudad Nuevo, Naic, Cavite. Dia da [&hellip;]<\/p>\n","protected":false},"author":28,"featured_media":11270,"comment_status":"closed","ping_status":"closed","sticky":false,"template":"","format":"standard","meta":{"_et_pb_use_builder":"","_et_pb_old_content":"","_et_gb_content_width":"","footnotes":"","_links_to":"","_links_to_target":""},"categories":[533,555,469],"tags":[790],"class_list":["post-29643","post","type-post","status-publish","format-standard","has-post-thumbnail","hentry","category-igreja","category-indico-pacifico-pt-br","category-noticias-pt-br","tag-sao-candida"],"yoast_head":"<!-- This site is optimized with the Yoast SEO plugin v27.4 - https:\/\/yoast.com\/product\/yoast-seo-wordpress\/ -->\n<title>Par\u00f3quia de Santa C\u00e1ndida nas Filipinas - Hijas de Jes\u00fas<\/title>\n<meta name=\"robots\" content=\"index, follow, max-snippet:-1, max-image-preview:large, max-video-preview:-1\" \/>\n<link rel=\"canonical\" href=\"https:\/\/hijasdejesus.org\/pt-br\/paroquia-de-santa-candida-nas-filipinas\/\" \/>\n<meta property=\"og:locale\" content=\"pt_BR\" \/>\n<meta property=\"og:type\" content=\"article\" \/>\n<meta property=\"og:title\" content=\"Par\u00f3quia de Santa C\u00e1ndida nas Filipinas - Hijas de Jes\u00fas\" \/>\n<meta property=\"og:description\" content=\"DECLARA\u00c7\u00c3O DA PAR\u00d3QUIA DE SANTA C\u00c1NDIDA MAR\u00cdA DE JES\u00daS EM CIUDAD NUEVO, NAIC CAVITE O dia 18 de outubro de 2021 marcou uma data memor\u00e1vel e significativa na hist\u00f3ria da Congrega\u00e7\u00e3o das Filhas de Jesus nas Filipinas, um dia de a\u00e7\u00e3o de gra\u00e7as e alegria entre o povo de Ciudad Nuevo, Naic, Cavite. Dia da [&hellip;]\" \/>\n<meta property=\"og:url\" content=\"https:\/\/hijasdejesus.org\/pt-br\/paroquia-de-santa-candida-nas-filipinas\/\" \/>\n<meta property=\"og:site_name\" content=\"Hijas de Jes\u00fas\" \/>\n<meta property=\"article:publisher\" content=\"https:\/\/www.facebook.com\/hijasdejesusenelmundo\/\" \/>\n<meta property=\"article:published_time\" content=\"2021-10-22T18:11:54+00:00\" \/>\n<meta property=\"og:image\" content=\"https:\/\/hijasdejesus.org\/wp-content\/uploads\/2021\/10\/Parroquia_de_Sta_Cndida_-_Cabecera2.jpg\" \/>\n\t<meta property=\"og:image:width\" content=\"2000\" \/>\n\t<meta property=\"og:image:height\" content=\"647\" \/>\n\t<meta property=\"og:image:type\" content=\"image\/jpeg\" \/>\n<meta name=\"author\" content=\"Webmaster\" \/>\n<meta name=\"twitter:card\" content=\"summary_large_image\" \/>\n<meta name=\"twitter:creator\" content=\"@hijasdjesus\" \/>\n<meta name=\"twitter:site\" content=\"@hijasdjesus\" \/>\n<meta name=\"twitter:label1\" content=\"Escrito por\" \/>\n\t<meta name=\"twitter:data1\" content=\"Webmaster\" \/>\n\t<meta name=\"twitter:label2\" content=\"Est. tempo de leitura\" \/>\n\t<meta name=\"twitter:data2\" content=\"3 minutos\" \/>\n<script type=\"application\/ld+json\" class=\"yoast-schema-graph\">{\"@context\":\"https:\\\/\\\/schema.org\",\"@graph\":[{\"@type\":\"Article\",\"@id\":\"https:\\\/\\\/hijasdejesus.org\\\/pt-br\\\/paroquia-de-santa-candida-nas-filipinas\\\/#article\",\"isPartOf\":{\"@id\":\"https:\\\/\\\/hijasdejesus.org\\\/pt-br\\\/paroquia-de-santa-candida-nas-filipinas\\\/\"},\"author\":{\"name\":\"Webmaster\",\"@id\":\"https:\\\/\\\/hijasdejesus.org\\\/pt-br\\\/#\\\/schema\\\/person\\\/ce4455965da733f2791f23b6ec14e9b6\"},\"headline\":\"Par\u00f3quia de Santa C\u00e1ndida nas Filipinas\",\"datePublished\":\"2021-10-22T18:11:54+00:00\",\"mainEntityOfPage\":{\"@id\":\"https:\\\/\\\/hijasdejesus.org\\\/pt-br\\\/paroquia-de-santa-candida-nas-filipinas\\\/\"},\"wordCount\":587,\"publisher\":{\"@id\":\"https:\\\/\\\/hijasdejesus.org\\\/pt-br\\\/#organization\"},\"image\":{\"@id\":\"https:\\\/\\\/hijasdejesus.org\\\/pt-br\\\/paroquia-de-santa-candida-nas-filipinas\\\/#primaryimage\"},\"thumbnailUrl\":\"https:\\\/\\\/hijasdejesus.org\\\/wp-content\\\/uploads\\\/2021\\\/10\\\/Parroquia_de_Sta_Cndida_-_Cabecera2.jpg\",\"keywords\":[\"S\u00e3o C\u00e2ndida\"],\"articleSection\":[\"Igreja\",\"\u00cdndico-Pac\u00edfico\",\"Not\u00edcias\"],\"inLanguage\":\"pt-BR\"},{\"@type\":\"WebPage\",\"@id\":\"https:\\\/\\\/hijasdejesus.org\\\/pt-br\\\/paroquia-de-santa-candida-nas-filipinas\\\/\",\"url\":\"https:\\\/\\\/hijasdejesus.org\\\/pt-br\\\/paroquia-de-santa-candida-nas-filipinas\\\/\",\"name\":\"Par\u00f3quia de Santa C\u00e1ndida nas Filipinas - Hijas de Jes\u00fas\",\"isPartOf\":{\"@id\":\"https:\\\/\\\/hijasdejesus.org\\\/pt-br\\\/#website\"},\"primaryImageOfPage\":{\"@id\":\"https:\\\/\\\/hijasdejesus.org\\\/pt-br\\\/paroquia-de-santa-candida-nas-filipinas\\\/#primaryimage\"},\"image\":{\"@id\":\"https:\\\/\\\/hijasdejesus.org\\\/pt-br\\\/paroquia-de-santa-candida-nas-filipinas\\\/#primaryimage\"},\"thumbnailUrl\":\"https:\\\/\\\/hijasdejesus.org\\\/wp-content\\\/uploads\\\/2021\\\/10\\\/Parroquia_de_Sta_Cndida_-_Cabecera2.jpg\",\"datePublished\":\"2021-10-22T18:11:54+00:00\",\"breadcrumb\":{\"@id\":\"https:\\\/\\\/hijasdejesus.org\\\/pt-br\\\/paroquia-de-santa-candida-nas-filipinas\\\/#breadcrumb\"},\"inLanguage\":\"pt-BR\",\"potentialAction\":[{\"@type\":\"ReadAction\",\"target\":[\"https:\\\/\\\/hijasdejesus.org\\\/pt-br\\\/paroquia-de-santa-candida-nas-filipinas\\\/\"]}]},{\"@type\":\"ImageObject\",\"inLanguage\":\"pt-BR\",\"@id\":\"https:\\\/\\\/hijasdejesus.org\\\/pt-br\\\/paroquia-de-santa-candida-nas-filipinas\\\/#primaryimage\",\"url\":\"https:\\\/\\\/hijasdejesus.org\\\/wp-content\\\/uploads\\\/2021\\\/10\\\/Parroquia_de_Sta_Cndida_-_Cabecera2.jpg\",\"contentUrl\":\"https:\\\/\\\/hijasdejesus.org\\\/wp-content\\\/uploads\\\/2021\\\/10\\\/Parroquia_de_Sta_Cndida_-_Cabecera2.jpg\",\"width\":2000,\"height\":647},{\"@type\":\"BreadcrumbList\",\"@id\":\"https:\\\/\\\/hijasdejesus.org\\\/pt-br\\\/paroquia-de-santa-candida-nas-filipinas\\\/#breadcrumb\",\"itemListElement\":[{\"@type\":\"ListItem\",\"position\":1,\"name\":\"Portada\",\"item\":\"https:\\\/\\\/hijasdejesus.org\\\/pt-br\\\/\"},{\"@type\":\"ListItem\",\"position\":2,\"name\":\"Par\u00f3quia de Santa C\u00e1ndida nas Filipinas\"}]},{\"@type\":\"WebSite\",\"@id\":\"https:\\\/\\\/hijasdejesus.org\\\/pt-br\\\/#website\",\"url\":\"https:\\\/\\\/hijasdejesus.org\\\/pt-br\\\/\",\"name\":\"Hijas de Jes\u00fas\",\"description\":\"Despertamos a Jes\u00fas en el coraz\u00f3n, sacando lo mejor de las personas. Somos una congregaci\u00f3n religiosa ignaciana fundada por la Madre Candida\",\"publisher\":{\"@id\":\"https:\\\/\\\/hijasdejesus.org\\\/pt-br\\\/#organization\"},\"potentialAction\":[{\"@type\":\"SearchAction\",\"target\":{\"@type\":\"EntryPoint\",\"urlTemplate\":\"https:\\\/\\\/hijasdejesus.org\\\/pt-br\\\/?s={search_term_string}\"},\"query-input\":{\"@type\":\"PropertyValueSpecification\",\"valueRequired\":true,\"valueName\":\"search_term_string\"}}],\"inLanguage\":\"pt-BR\"},{\"@type\":\"Organization\",\"@id\":\"https:\\\/\\\/hijasdejesus.org\\\/pt-br\\\/#organization\",\"name\":\"Hijas de Jes\u00fas\",\"url\":\"https:\\\/\\\/hijasdejesus.org\\\/pt-br\\\/\",\"logo\":{\"@type\":\"ImageObject\",\"inLanguage\":\"pt-BR\",\"@id\":\"https:\\\/\\\/hijasdejesus.org\\\/pt-br\\\/#\\\/schema\\\/logo\\\/image\\\/\",\"url\":\"https:\\\/\\\/hijasdejesus.org\\\/wp-content\\\/uploads\\\/2023\\\/01\\\/Hijas-de-Jesus_hor-A7C957.png\",\"contentUrl\":\"https:\\\/\\\/hijasdejesus.org\\\/wp-content\\\/uploads\\\/2023\\\/01\\\/Hijas-de-Jesus_hor-A7C957.png\",\"width\":700,\"height\":360,\"caption\":\"Hijas de Jes\u00fas\"},\"image\":{\"@id\":\"https:\\\/\\\/hijasdejesus.org\\\/pt-br\\\/#\\\/schema\\\/logo\\\/image\\\/\"},\"sameAs\":[\"https:\\\/\\\/www.facebook.com\\\/hijasdejesusenelmundo\\\/\",\"https:\\\/\\\/x.com\\\/hijasdjesus\"]},{\"@type\":\"Person\",\"@id\":\"https:\\\/\\\/hijasdejesus.org\\\/pt-br\\\/#\\\/schema\\\/person\\\/ce4455965da733f2791f23b6ec14e9b6\",\"name\":\"Webmaster\",\"image\":{\"@type\":\"ImageObject\",\"inLanguage\":\"pt-BR\",\"@id\":\"https:\\\/\\\/secure.gravatar.com\\\/avatar\\\/cfd0acaac86c3981d541d2e99a0ffb7b6d33a5ac8989a62f5518b9e0f7ee128a?s=96&d=mm&r=g\",\"url\":\"https:\\\/\\\/secure.gravatar.com\\\/avatar\\\/cfd0acaac86c3981d541d2e99a0ffb7b6d33a5ac8989a62f5518b9e0f7ee128a?s=96&d=mm&r=g\",\"contentUrl\":\"https:\\\/\\\/secure.gravatar.com\\\/avatar\\\/cfd0acaac86c3981d541d2e99a0ffb7b6d33a5ac8989a62f5518b9e0f7ee128a?s=96&d=mm&r=g\",\"caption\":\"Webmaster\"},\"url\":\"https:\\\/\\\/hijasdejesus.org\\\/pt-br\\\/author\\\/webmaster\\\/\"}]}<\/script>\n<!-- \/ Yoast SEO plugin. -->","yoast_head_json":{"title":"Par\u00f3quia de Santa C\u00e1ndida nas Filipinas - Hijas de Jes\u00fas","robots":{"index":"index","follow":"follow","max-snippet":"max-snippet:-1","max-image-preview":"max-image-preview:large","max-video-preview":"max-video-preview:-1"},"canonical":"https:\/\/hijasdejesus.org\/pt-br\/paroquia-de-santa-candida-nas-filipinas\/","og_locale":"pt_BR","og_type":"article","og_title":"Par\u00f3quia de Santa C\u00e1ndida nas Filipinas - Hijas de Jes\u00fas","og_description":"DECLARA\u00c7\u00c3O DA PAR\u00d3QUIA DE SANTA C\u00c1NDIDA MAR\u00cdA DE JES\u00daS EM CIUDAD NUEVO, NAIC CAVITE O dia 18 de outubro de 2021 marcou uma data memor\u00e1vel e significativa na hist\u00f3ria da Congrega\u00e7\u00e3o das Filhas de Jesus nas Filipinas, um dia de a\u00e7\u00e3o de gra\u00e7as e alegria entre o povo de Ciudad Nuevo, Naic, Cavite. Dia da [&hellip;]","og_url":"https:\/\/hijasdejesus.org\/pt-br\/paroquia-de-santa-candida-nas-filipinas\/","og_site_name":"Hijas de Jes\u00fas","article_publisher":"https:\/\/www.facebook.com\/hijasdejesusenelmundo\/","article_published_time":"2021-10-22T18:11:54+00:00","og_image":[{"width":2000,"height":647,"url":"https:\/\/hijasdejesus.org\/wp-content\/uploads\/2021\/10\/Parroquia_de_Sta_Cndida_-_Cabecera2.jpg","type":"image\/jpeg"}],"author":"Webmaster","twitter_card":"summary_large_image","twitter_creator":"@hijasdjesus","twitter_site":"@hijasdjesus","twitter_misc":{"Escrito por":"Webmaster","Est. tempo de leitura":"3 minutos"},"schema":{"@context":"https:\/\/schema.org","@graph":[{"@type":"Article","@id":"https:\/\/hijasdejesus.org\/pt-br\/paroquia-de-santa-candida-nas-filipinas\/#article","isPartOf":{"@id":"https:\/\/hijasdejesus.org\/pt-br\/paroquia-de-santa-candida-nas-filipinas\/"},"author":{"name":"Webmaster","@id":"https:\/\/hijasdejesus.org\/pt-br\/#\/schema\/person\/ce4455965da733f2791f23b6ec14e9b6"},"headline":"Par\u00f3quia de Santa C\u00e1ndida nas Filipinas","datePublished":"2021-10-22T18:11:54+00:00","mainEntityOfPage":{"@id":"https:\/\/hijasdejesus.org\/pt-br\/paroquia-de-santa-candida-nas-filipinas\/"},"wordCount":587,"publisher":{"@id":"https:\/\/hijasdejesus.org\/pt-br\/#organization"},"image":{"@id":"https:\/\/hijasdejesus.org\/pt-br\/paroquia-de-santa-candida-nas-filipinas\/#primaryimage"},"thumbnailUrl":"https:\/\/hijasdejesus.org\/wp-content\/uploads\/2021\/10\/Parroquia_de_Sta_Cndida_-_Cabecera2.jpg","keywords":["S\u00e3o C\u00e2ndida"],"articleSection":["Igreja","\u00cdndico-Pac\u00edfico","Not\u00edcias"],"inLanguage":"pt-BR"},{"@type":"WebPage","@id":"https:\/\/hijasdejesus.org\/pt-br\/paroquia-de-santa-candida-nas-filipinas\/","url":"https:\/\/hijasdejesus.org\/pt-br\/paroquia-de-santa-candida-nas-filipinas\/","name":"Par\u00f3quia de Santa C\u00e1ndida nas Filipinas - Hijas de Jes\u00fas","isPartOf":{"@id":"https:\/\/hijasdejesus.org\/pt-br\/#website"},"primaryImageOfPage":{"@id":"https:\/\/hijasdejesus.org\/pt-br\/paroquia-de-santa-candida-nas-filipinas\/#primaryimage"},"image":{"@id":"https:\/\/hijasdejesus.org\/pt-br\/paroquia-de-santa-candida-nas-filipinas\/#primaryimage"},"thumbnailUrl":"https:\/\/hijasdejesus.org\/wp-content\/uploads\/2021\/10\/Parroquia_de_Sta_Cndida_-_Cabecera2.jpg","datePublished":"2021-10-22T18:11:54+00:00","breadcrumb":{"@id":"https:\/\/hijasdejesus.org\/pt-br\/paroquia-de-santa-candida-nas-filipinas\/#breadcrumb"},"inLanguage":"pt-BR","potentialAction":[{"@type":"ReadAction","target":["https:\/\/hijasdejesus.org\/pt-br\/paroquia-de-santa-candida-nas-filipinas\/"]}]},{"@type":"ImageObject","inLanguage":"pt-BR","@id":"https:\/\/hijasdejesus.org\/pt-br\/paroquia-de-santa-candida-nas-filipinas\/#primaryimage","url":"https:\/\/hijasdejesus.org\/wp-content\/uploads\/2021\/10\/Parroquia_de_Sta_Cndida_-_Cabecera2.jpg","contentUrl":"https:\/\/hijasdejesus.org\/wp-content\/uploads\/2021\/10\/Parroquia_de_Sta_Cndida_-_Cabecera2.jpg","width":2000,"height":647},{"@type":"BreadcrumbList","@id":"https:\/\/hijasdejesus.org\/pt-br\/paroquia-de-santa-candida-nas-filipinas\/#breadcrumb","itemListElement":[{"@type":"ListItem","position":1,"name":"Portada","item":"https:\/\/hijasdejesus.org\/pt-br\/"},{"@type":"ListItem","position":2,"name":"Par\u00f3quia de Santa C\u00e1ndida nas Filipinas"}]},{"@type":"WebSite","@id":"https:\/\/hijasdejesus.org\/pt-br\/#website","url":"https:\/\/hijasdejesus.org\/pt-br\/","name":"Hijas de Jes\u00fas","description":"Despertamos a Jes\u00fas en el coraz\u00f3n, sacando lo mejor de las personas. Somos una congregaci\u00f3n religiosa ignaciana fundada por la Madre Candida","publisher":{"@id":"https:\/\/hijasdejesus.org\/pt-br\/#organization"},"potentialAction":[{"@type":"SearchAction","target":{"@type":"EntryPoint","urlTemplate":"https:\/\/hijasdejesus.org\/pt-br\/?s={search_term_string}"},"query-input":{"@type":"PropertyValueSpecification","valueRequired":true,"valueName":"search_term_string"}}],"inLanguage":"pt-BR"},{"@type":"Organization","@id":"https:\/\/hijasdejesus.org\/pt-br\/#organization","name":"Hijas de Jes\u00fas","url":"https:\/\/hijasdejesus.org\/pt-br\/","logo":{"@type":"ImageObject","inLanguage":"pt-BR","@id":"https:\/\/hijasdejesus.org\/pt-br\/#\/schema\/logo\/image\/","url":"https:\/\/hijasdejesus.org\/wp-content\/uploads\/2023\/01\/Hijas-de-Jesus_hor-A7C957.png","contentUrl":"https:\/\/hijasdejesus.org\/wp-content\/uploads\/2023\/01\/Hijas-de-Jesus_hor-A7C957.png","width":700,"height":360,"caption":"Hijas de Jes\u00fas"},"image":{"@id":"https:\/\/hijasdejesus.org\/pt-br\/#\/schema\/logo\/image\/"},"sameAs":["https:\/\/www.facebook.com\/hijasdejesusenelmundo\/","https:\/\/x.com\/hijasdjesus"]},{"@type":"Person","@id":"https:\/\/hijasdejesus.org\/pt-br\/#\/schema\/person\/ce4455965da733f2791f23b6ec14e9b6","name":"Webmaster","image":{"@type":"ImageObject","inLanguage":"pt-BR","@id":"https:\/\/secure.gravatar.com\/avatar\/cfd0acaac86c3981d541d2e99a0ffb7b6d33a5ac8989a62f5518b9e0f7ee128a?s=96&d=mm&r=g","url":"https:\/\/secure.gravatar.com\/avatar\/cfd0acaac86c3981d541d2e99a0ffb7b6d33a5ac8989a62f5518b9e0f7ee128a?s=96&d=mm&r=g","contentUrl":"https:\/\/secure.gravatar.com\/avatar\/cfd0acaac86c3981d541d2e99a0ffb7b6d33a5ac8989a62f5518b9e0f7ee128a?s=96&d=mm&r=g","caption":"Webmaster"},"url":"https:\/\/hijasdejesus.org\/pt-br\/author\/webmaster\/"}]}},"_links":{"self":[{"href":"https:\/\/hijasdejesus.org\/pt-br\/wp-json\/wp\/v2\/posts\/29643","targetHints":{"allow":["GET"]}}],"collection":[{"href":"https:\/\/hijasdejesus.org\/pt-br\/wp-json\/wp\/v2\/posts"}],"about":[{"href":"https:\/\/hijasdejesus.org\/pt-br\/wp-json\/wp\/v2\/types\/post"}],"author":[{"embeddable":true,"href":"https:\/\/hijasdejesus.org\/pt-br\/wp-json\/wp\/v2\/users\/28"}],"replies":[{"embeddable":true,"href":"https:\/\/hijasdejesus.org\/pt-br\/wp-json\/wp\/v2\/comments?post=29643"}],"version-history":[{"count":0,"href":"https:\/\/hijasdejesus.org\/pt-br\/wp-json\/wp\/v2\/posts\/29643\/revisions"}],"wp:featuredmedia":[{"embeddable":true,"href":"https:\/\/hijasdejesus.org\/pt-br\/wp-json\/wp\/v2\/media\/11270"}],"wp:attachment":[{"href":"https:\/\/hijasdejesus.org\/pt-br\/wp-json\/wp\/v2\/media?parent=29643"}],"wp:term":[{"taxonomy":"category","embeddable":true,"href":"https:\/\/hijasdejesus.org\/pt-br\/wp-json\/wp\/v2\/categories?post=29643"},{"taxonomy":"post_tag","embeddable":true,"href":"https:\/\/hijasdejesus.org\/pt-br\/wp-json\/wp\/v2\/tags?post=29643"}],"curies":[{"name":"wp","href":"https:\/\/api.w.org\/{rel}","templated":true}]}}