{"id":29748,"date":"2022-02-09T18:32:46","date_gmt":"2022-02-09T17:32:46","guid":{"rendered":"https:\/\/nueva.hijasdejesus.org\/envelhecer-bem-e-com-graca-como-filha-de-jesus\/"},"modified":"2022-02-09T18:32:46","modified_gmt":"2022-02-09T17:32:46","slug":"envelhecer-bem-e-com-graca-como-filha-de-jesus","status":"publish","type":"post","link":"https:\/\/hijasdejesus.org\/pt-br\/envelhecer-bem-e-com-graca-como-filha-de-jesus\/","title":{"rendered":"Envelhecer bem e com gra\u00e7a como Filha de Jesus"},"content":{"rendered":"<\/p>\n<p>SESS\u00c3O DE FORMA\u00c7\u00c3O DAS IRM\u00c3S DE 71 ANOS &#8211; PROV\u00cdNCIA INDICO-PACIFIC<\/p>\n<p>5 de fevereiro de 2022 foi um dia especial para as Filhas de Jesus com 71 anos ou mais na Prov\u00edncia do Indo-Pac\u00edfico, pois foi uma Sess\u00e3o de Forma\u00e7\u00e3o online via Zoom. Compartilhando do cora\u00e7\u00e3o de Ir. Ma. Bema B. Solis, FI, em &#8220;Envelhecimento: experimentado e vivido como uma filha de Jesus&#8221; iluminou e inspirou as irm\u00e3s enquanto ouviam suas experi\u00eancias vividas e aprendizados ao longo de sua jornada pessoal de envelhecimento.<\/p>\n<p>As irm\u00e3s se aprofundaram em tr\u00eas pontos principais: &#8220;Um senso de lar, um senso de miss\u00e3o e um sentimento de profunda gratid\u00e3o&#8221;. Algumas orienta\u00e7\u00f5es pr\u00e1ticas para envelhecer bem e graciosamente tamb\u00e9m foram dadas na \u00faltima parte da palestra.<\/p>\n<p>Toda a sess\u00e3o da manh\u00e3 passou t\u00e3o r\u00e1pido que as irm\u00e3s se concentraram em ouvir, orar e refletir, o que levou a um &#8220;processo do cora\u00e7\u00e3o&#8221;. Cada grupo compartilhou sentimentos e resson\u00e2ncias sobre o que aprenderam. Foi uma participa\u00e7\u00e3o muito animada de todos, conforme expresso na Assembleia Geral. Eles ressoaram com as experi\u00eancias de H. Bema que ela passou no processo de envelhecimento. Algumas irm\u00e3s perceberam a import\u00e2ncia da gra\u00e7a de &#8220;voltar para Deus&#8221; e &#8220;voltar para si mesmas&#8221; e que &#8220;a ora\u00e7\u00e3o deve ser o modo de vida das Filhas de Jesus&#8221;. Outros afirmaram a necessidade de uma profunda integra\u00e7\u00e3o do &#8220;Senso de Miss\u00e3o&#8221;. A maioria expressou sua profunda gratid\u00e3o a Deus, seu companheiro amoroso, e tamb\u00e9m seu desejo de permanecer &#8220;Guardi\u00f5es do Significado&#8221;.<\/p>\n<p>As irm\u00e3s encontraram pouco tempo para compartilhar, a fim de expressar o que estava em seus cora\u00e7\u00f5es. No entanto, foi sugerido que eles continuem em suas respectivas comunidades, trazendo \u00e0 vida o que ouviram e aprenderam sobre envelhecer bem e com gra\u00e7a.<\/p>\n<p>Obrigado, Ir. Bema, por compartilhar de cora\u00e7\u00e3o sobre o ENVELHECIMENTO, que nos inspirou em nossa jornada pessoal neste momento agraciado de nossas vidas.<\/p>\n<p>Voc\u00ea pode ver mais fotos na <a href=\"http:\/\/hijasdejesusinpac.org\/main\/index.php\/articles\/1483-formation-session-of-fi-sisters-71-and-up\">p\u00e1gina das Filhas de Jesus na provincia \u00edndico-Pac\u00edfico<\/a>.<\/p>\n<p><img loading=\"lazy\" decoding=\"async\" class=\" size-full wp-image-11656\" style=\"display: block; margin-left: auto; margin-right: auto;\" src=\"https:\/\/hijasdejesus.org\/wp-content\/uploads\/2022\/02\/2022_Formacin70-2.png\" alt=\"\" width=\"1366\" height=\"768\" srcset=\"https:\/\/hijasdejesus.org\/wp-content\/uploads\/2022\/02\/2022_Formacin70-2.png 1366w, https:\/\/hijasdejesus.org\/wp-content\/uploads\/2022\/02\/2022_Formacin70-2-1280x720.png 1280w, https:\/\/hijasdejesus.org\/wp-content\/uploads\/2022\/02\/2022_Formacin70-2-980x551.png 980w, https:\/\/hijasdejesus.org\/wp-content\/uploads\/2022\/02\/2022_Formacin70-2-480x270.png 480w\" sizes=\"(min-width: 0px) and (max-width: 480px) 480px, (min-width: 481px) and (max-width: 980px) 980px, (min-width: 981px) and (max-width: 1280px) 1280px, (min-width: 1281px) 1366px, 100vw\" \/><\/p>\n<p><img loading=\"lazy\" decoding=\"async\" class=\" size-full wp-image-11658\" src=\"https:\/\/hijasdejesus.org\/wp-content\/uploads\/2022\/02\/2022_Formacin70-1.png\" alt=\"\" width=\"1366\" height=\"768\" srcset=\"https:\/\/hijasdejesus.org\/wp-content\/uploads\/2022\/02\/2022_Formacin70-1.png 1366w, https:\/\/hijasdejesus.org\/wp-content\/uploads\/2022\/02\/2022_Formacin70-1-1280x720.png 1280w, https:\/\/hijasdejesus.org\/wp-content\/uploads\/2022\/02\/2022_Formacin70-1-980x551.png 980w, https:\/\/hijasdejesus.org\/wp-content\/uploads\/2022\/02\/2022_Formacin70-1-480x270.png 480w\" sizes=\"(min-width: 0px) and (max-width: 480px) 480px, (min-width: 481px) and (max-width: 980px) 980px, (min-width: 981px) and (max-width: 1280px) 1280px, (min-width: 1281px) 1366px, 100vw\" \/><\/p>\n<p>\u00a0<\/p>\n<p>\u00a0<\/p>\n","protected":false},"excerpt":{"rendered":"<p>SESS\u00c3O DE FORMA\u00c7\u00c3O DAS IRM\u00c3S DE 71 ANOS &#8211; PROV\u00cdNCIA INDICO-PACIFIC 5 de fevereiro de 2022 foi um dia especial para as Filhas de Jesus com 71 anos ou mais na Prov\u00edncia do Indo-Pac\u00edfico, pois foi uma Sess\u00e3o de Forma\u00e7\u00e3o online via Zoom. Compartilhando do cora\u00e7\u00e3o de Ir. Ma. Bema B. Solis, FI, em &#8220;Envelhecimento: [&hellip;]<\/p>\n","protected":false},"author":28,"featured_media":11654,"comment_status":"closed","ping_status":"closed","sticky":false,"template":"","format":"standard","meta":{"_et_pb_use_builder":"","_et_pb_old_content":"","_et_gb_content_width":"","footnotes":"","_links_to":"","_links_to_target":""},"categories":[529,469],"tags":[],"class_list":["post-29748","post","type-post","status-publish","format-standard","has-post-thumbnail","hentry","category-hijas-de-jesus-pt-br","category-noticias-pt-br"],"yoast_head":"<!-- This site is optimized with the Yoast SEO plugin v27.4 - https:\/\/yoast.com\/product\/yoast-seo-wordpress\/ -->\n<title>Envelhecer bem e com gra\u00e7a como Filha de Jesus - Hijas de Jes\u00fas<\/title>\n<meta name=\"robots\" content=\"index, follow, max-snippet:-1, max-image-preview:large, max-video-preview:-1\" \/>\n<link rel=\"canonical\" href=\"https:\/\/hijasdejesus.org\/pt-br\/envelhecer-bem-e-com-graca-como-filha-de-jesus\/\" \/>\n<meta property=\"og:locale\" content=\"pt_BR\" \/>\n<meta property=\"og:type\" content=\"article\" \/>\n<meta property=\"og:title\" content=\"Envelhecer bem e com gra\u00e7a como Filha de Jesus - Hijas de Jes\u00fas\" \/>\n<meta property=\"og:description\" content=\"SESS\u00c3O DE FORMA\u00c7\u00c3O DAS IRM\u00c3S DE 71 ANOS &#8211; PROV\u00cdNCIA INDICO-PACIFIC 5 de fevereiro de 2022 foi um dia especial para as Filhas de Jesus com 71 anos ou mais na Prov\u00edncia do Indo-Pac\u00edfico, pois foi uma Sess\u00e3o de Forma\u00e7\u00e3o online via Zoom. Compartilhando do cora\u00e7\u00e3o de Ir. Ma. Bema B. Solis, FI, em &#8220;Envelhecimento: [&hellip;]\" \/>\n<meta property=\"og:url\" content=\"https:\/\/hijasdejesus.org\/pt-br\/envelhecer-bem-e-com-graca-como-filha-de-jesus\/\" \/>\n<meta property=\"og:site_name\" content=\"Hijas de Jes\u00fas\" \/>\n<meta property=\"article:publisher\" content=\"https:\/\/www.facebook.com\/hijasdejesusenelmundo\/\" \/>\n<meta property=\"article:published_time\" content=\"2022-02-09T17:32:46+00:00\" \/>\n<meta property=\"og:image\" content=\"https:\/\/hijasdejesus.org\/wp-content\/uploads\/2022\/02\/2022_Formacin70-Cabecera.jpg\" \/>\n\t<meta property=\"og:image:width\" content=\"2000\" \/>\n\t<meta property=\"og:image:height\" content=\"647\" \/>\n\t<meta property=\"og:image:type\" content=\"image\/jpeg\" \/>\n<meta name=\"author\" content=\"Webmaster\" \/>\n<meta name=\"twitter:card\" content=\"summary_large_image\" \/>\n<meta name=\"twitter:creator\" content=\"@hijasdjesus\" \/>\n<meta name=\"twitter:site\" content=\"@hijasdjesus\" \/>\n<meta name=\"twitter:label1\" content=\"Escrito por\" \/>\n\t<meta name=\"twitter:data1\" content=\"Webmaster\" \/>\n\t<meta name=\"twitter:label2\" content=\"Est. tempo de leitura\" \/>\n\t<meta name=\"twitter:data2\" content=\"2 minutos\" \/>\n<script type=\"application\/ld+json\" class=\"yoast-schema-graph\">{\"@context\":\"https:\\\/\\\/schema.org\",\"@graph\":[{\"@type\":\"Article\",\"@id\":\"https:\\\/\\\/hijasdejesus.org\\\/pt-br\\\/envelhecer-bem-e-com-graca-como-filha-de-jesus\\\/#article\",\"isPartOf\":{\"@id\":\"https:\\\/\\\/hijasdejesus.org\\\/pt-br\\\/envelhecer-bem-e-com-graca-como-filha-de-jesus\\\/\"},\"author\":{\"name\":\"Webmaster\",\"@id\":\"https:\\\/\\\/hijasdejesus.org\\\/pt-br\\\/#\\\/schema\\\/person\\\/ce4455965da733f2791f23b6ec14e9b6\"},\"headline\":\"Envelhecer bem e com gra\u00e7a como Filha de Jesus\",\"datePublished\":\"2022-02-09T17:32:46+00:00\",\"mainEntityOfPage\":{\"@id\":\"https:\\\/\\\/hijasdejesus.org\\\/pt-br\\\/envelhecer-bem-e-com-graca-como-filha-de-jesus\\\/\"},\"wordCount\":371,\"publisher\":{\"@id\":\"https:\\\/\\\/hijasdejesus.org\\\/pt-br\\\/#organization\"},\"image\":{\"@id\":\"https:\\\/\\\/hijasdejesus.org\\\/pt-br\\\/envelhecer-bem-e-com-graca-como-filha-de-jesus\\\/#primaryimage\"},\"thumbnailUrl\":\"https:\\\/\\\/hijasdejesus.org\\\/wp-content\\\/uploads\\\/2022\\\/02\\\/2022_Formacin70-Cabecera.jpg\",\"articleSection\":[\"Hijas de Jes\u00fas\",\"Not\u00edcias\"],\"inLanguage\":\"pt-BR\"},{\"@type\":\"WebPage\",\"@id\":\"https:\\\/\\\/hijasdejesus.org\\\/pt-br\\\/envelhecer-bem-e-com-graca-como-filha-de-jesus\\\/\",\"url\":\"https:\\\/\\\/hijasdejesus.org\\\/pt-br\\\/envelhecer-bem-e-com-graca-como-filha-de-jesus\\\/\",\"name\":\"Envelhecer bem e com gra\u00e7a como Filha de Jesus - Hijas de Jes\u00fas\",\"isPartOf\":{\"@id\":\"https:\\\/\\\/hijasdejesus.org\\\/pt-br\\\/#website\"},\"primaryImageOfPage\":{\"@id\":\"https:\\\/\\\/hijasdejesus.org\\\/pt-br\\\/envelhecer-bem-e-com-graca-como-filha-de-jesus\\\/#primaryimage\"},\"image\":{\"@id\":\"https:\\\/\\\/hijasdejesus.org\\\/pt-br\\\/envelhecer-bem-e-com-graca-como-filha-de-jesus\\\/#primaryimage\"},\"thumbnailUrl\":\"https:\\\/\\\/hijasdejesus.org\\\/wp-content\\\/uploads\\\/2022\\\/02\\\/2022_Formacin70-Cabecera.jpg\",\"datePublished\":\"2022-02-09T17:32:46+00:00\",\"breadcrumb\":{\"@id\":\"https:\\\/\\\/hijasdejesus.org\\\/pt-br\\\/envelhecer-bem-e-com-graca-como-filha-de-jesus\\\/#breadcrumb\"},\"inLanguage\":\"pt-BR\",\"potentialAction\":[{\"@type\":\"ReadAction\",\"target\":[\"https:\\\/\\\/hijasdejesus.org\\\/pt-br\\\/envelhecer-bem-e-com-graca-como-filha-de-jesus\\\/\"]}]},{\"@type\":\"ImageObject\",\"inLanguage\":\"pt-BR\",\"@id\":\"https:\\\/\\\/hijasdejesus.org\\\/pt-br\\\/envelhecer-bem-e-com-graca-como-filha-de-jesus\\\/#primaryimage\",\"url\":\"https:\\\/\\\/hijasdejesus.org\\\/wp-content\\\/uploads\\\/2022\\\/02\\\/2022_Formacin70-Cabecera.jpg\",\"contentUrl\":\"https:\\\/\\\/hijasdejesus.org\\\/wp-content\\\/uploads\\\/2022\\\/02\\\/2022_Formacin70-Cabecera.jpg\",\"width\":2000,\"height\":647},{\"@type\":\"BreadcrumbList\",\"@id\":\"https:\\\/\\\/hijasdejesus.org\\\/pt-br\\\/envelhecer-bem-e-com-graca-como-filha-de-jesus\\\/#breadcrumb\",\"itemListElement\":[{\"@type\":\"ListItem\",\"position\":1,\"name\":\"Portada\",\"item\":\"https:\\\/\\\/hijasdejesus.org\\\/pt-br\\\/\"},{\"@type\":\"ListItem\",\"position\":2,\"name\":\"Envelhecer bem e com gra\u00e7a como Filha de Jesus\"}]},{\"@type\":\"WebSite\",\"@id\":\"https:\\\/\\\/hijasdejesus.org\\\/pt-br\\\/#website\",\"url\":\"https:\\\/\\\/hijasdejesus.org\\\/pt-br\\\/\",\"name\":\"Hijas de Jes\u00fas\",\"description\":\"Despertamos a Jes\u00fas en el coraz\u00f3n, sacando lo mejor de las personas. Somos una congregaci\u00f3n religiosa ignaciana fundada por la Madre Candida\",\"publisher\":{\"@id\":\"https:\\\/\\\/hijasdejesus.org\\\/pt-br\\\/#organization\"},\"potentialAction\":[{\"@type\":\"SearchAction\",\"target\":{\"@type\":\"EntryPoint\",\"urlTemplate\":\"https:\\\/\\\/hijasdejesus.org\\\/pt-br\\\/?s={search_term_string}\"},\"query-input\":{\"@type\":\"PropertyValueSpecification\",\"valueRequired\":true,\"valueName\":\"search_term_string\"}}],\"inLanguage\":\"pt-BR\"},{\"@type\":\"Organization\",\"@id\":\"https:\\\/\\\/hijasdejesus.org\\\/pt-br\\\/#organization\",\"name\":\"Hijas de Jes\u00fas\",\"url\":\"https:\\\/\\\/hijasdejesus.org\\\/pt-br\\\/\",\"logo\":{\"@type\":\"ImageObject\",\"inLanguage\":\"pt-BR\",\"@id\":\"https:\\\/\\\/hijasdejesus.org\\\/pt-br\\\/#\\\/schema\\\/logo\\\/image\\\/\",\"url\":\"https:\\\/\\\/hijasdejesus.org\\\/wp-content\\\/uploads\\\/2023\\\/01\\\/Hijas-de-Jesus_hor-A7C957.png\",\"contentUrl\":\"https:\\\/\\\/hijasdejesus.org\\\/wp-content\\\/uploads\\\/2023\\\/01\\\/Hijas-de-Jesus_hor-A7C957.png\",\"width\":700,\"height\":360,\"caption\":\"Hijas de Jes\u00fas\"},\"image\":{\"@id\":\"https:\\\/\\\/hijasdejesus.org\\\/pt-br\\\/#\\\/schema\\\/logo\\\/image\\\/\"},\"sameAs\":[\"https:\\\/\\\/www.facebook.com\\\/hijasdejesusenelmundo\\\/\",\"https:\\\/\\\/x.com\\\/hijasdjesus\"]},{\"@type\":\"Person\",\"@id\":\"https:\\\/\\\/hijasdejesus.org\\\/pt-br\\\/#\\\/schema\\\/person\\\/ce4455965da733f2791f23b6ec14e9b6\",\"name\":\"Webmaster\",\"image\":{\"@type\":\"ImageObject\",\"inLanguage\":\"pt-BR\",\"@id\":\"https:\\\/\\\/secure.gravatar.com\\\/avatar\\\/cfd0acaac86c3981d541d2e99a0ffb7b6d33a5ac8989a62f5518b9e0f7ee128a?s=96&d=mm&r=g\",\"url\":\"https:\\\/\\\/secure.gravatar.com\\\/avatar\\\/cfd0acaac86c3981d541d2e99a0ffb7b6d33a5ac8989a62f5518b9e0f7ee128a?s=96&d=mm&r=g\",\"contentUrl\":\"https:\\\/\\\/secure.gravatar.com\\\/avatar\\\/cfd0acaac86c3981d541d2e99a0ffb7b6d33a5ac8989a62f5518b9e0f7ee128a?s=96&d=mm&r=g\",\"caption\":\"Webmaster\"},\"url\":\"https:\\\/\\\/hijasdejesus.org\\\/pt-br\\\/author\\\/webmaster\\\/\"}]}<\/script>\n<!-- \/ Yoast SEO plugin. -->","yoast_head_json":{"title":"Envelhecer bem e com gra\u00e7a como Filha de Jesus - Hijas de Jes\u00fas","robots":{"index":"index","follow":"follow","max-snippet":"max-snippet:-1","max-image-preview":"max-image-preview:large","max-video-preview":"max-video-preview:-1"},"canonical":"https:\/\/hijasdejesus.org\/pt-br\/envelhecer-bem-e-com-graca-como-filha-de-jesus\/","og_locale":"pt_BR","og_type":"article","og_title":"Envelhecer bem e com gra\u00e7a como Filha de Jesus - Hijas de Jes\u00fas","og_description":"SESS\u00c3O DE FORMA\u00c7\u00c3O DAS IRM\u00c3S DE 71 ANOS &#8211; PROV\u00cdNCIA INDICO-PACIFIC 5 de fevereiro de 2022 foi um dia especial para as Filhas de Jesus com 71 anos ou mais na Prov\u00edncia do Indo-Pac\u00edfico, pois foi uma Sess\u00e3o de Forma\u00e7\u00e3o online via Zoom. Compartilhando do cora\u00e7\u00e3o de Ir. Ma. Bema B. Solis, FI, em &#8220;Envelhecimento: [&hellip;]","og_url":"https:\/\/hijasdejesus.org\/pt-br\/envelhecer-bem-e-com-graca-como-filha-de-jesus\/","og_site_name":"Hijas de Jes\u00fas","article_publisher":"https:\/\/www.facebook.com\/hijasdejesusenelmundo\/","article_published_time":"2022-02-09T17:32:46+00:00","og_image":[{"width":2000,"height":647,"url":"https:\/\/hijasdejesus.org\/wp-content\/uploads\/2022\/02\/2022_Formacin70-Cabecera.jpg","type":"image\/jpeg"}],"author":"Webmaster","twitter_card":"summary_large_image","twitter_creator":"@hijasdjesus","twitter_site":"@hijasdjesus","twitter_misc":{"Escrito por":"Webmaster","Est. tempo de leitura":"2 minutos"},"schema":{"@context":"https:\/\/schema.org","@graph":[{"@type":"Article","@id":"https:\/\/hijasdejesus.org\/pt-br\/envelhecer-bem-e-com-graca-como-filha-de-jesus\/#article","isPartOf":{"@id":"https:\/\/hijasdejesus.org\/pt-br\/envelhecer-bem-e-com-graca-como-filha-de-jesus\/"},"author":{"name":"Webmaster","@id":"https:\/\/hijasdejesus.org\/pt-br\/#\/schema\/person\/ce4455965da733f2791f23b6ec14e9b6"},"headline":"Envelhecer bem e com gra\u00e7a como Filha de Jesus","datePublished":"2022-02-09T17:32:46+00:00","mainEntityOfPage":{"@id":"https:\/\/hijasdejesus.org\/pt-br\/envelhecer-bem-e-com-graca-como-filha-de-jesus\/"},"wordCount":371,"publisher":{"@id":"https:\/\/hijasdejesus.org\/pt-br\/#organization"},"image":{"@id":"https:\/\/hijasdejesus.org\/pt-br\/envelhecer-bem-e-com-graca-como-filha-de-jesus\/#primaryimage"},"thumbnailUrl":"https:\/\/hijasdejesus.org\/wp-content\/uploads\/2022\/02\/2022_Formacin70-Cabecera.jpg","articleSection":["Hijas de Jes\u00fas","Not\u00edcias"],"inLanguage":"pt-BR"},{"@type":"WebPage","@id":"https:\/\/hijasdejesus.org\/pt-br\/envelhecer-bem-e-com-graca-como-filha-de-jesus\/","url":"https:\/\/hijasdejesus.org\/pt-br\/envelhecer-bem-e-com-graca-como-filha-de-jesus\/","name":"Envelhecer bem e com gra\u00e7a como Filha de Jesus - Hijas de Jes\u00fas","isPartOf":{"@id":"https:\/\/hijasdejesus.org\/pt-br\/#website"},"primaryImageOfPage":{"@id":"https:\/\/hijasdejesus.org\/pt-br\/envelhecer-bem-e-com-graca-como-filha-de-jesus\/#primaryimage"},"image":{"@id":"https:\/\/hijasdejesus.org\/pt-br\/envelhecer-bem-e-com-graca-como-filha-de-jesus\/#primaryimage"},"thumbnailUrl":"https:\/\/hijasdejesus.org\/wp-content\/uploads\/2022\/02\/2022_Formacin70-Cabecera.jpg","datePublished":"2022-02-09T17:32:46+00:00","breadcrumb":{"@id":"https:\/\/hijasdejesus.org\/pt-br\/envelhecer-bem-e-com-graca-como-filha-de-jesus\/#breadcrumb"},"inLanguage":"pt-BR","potentialAction":[{"@type":"ReadAction","target":["https:\/\/hijasdejesus.org\/pt-br\/envelhecer-bem-e-com-graca-como-filha-de-jesus\/"]}]},{"@type":"ImageObject","inLanguage":"pt-BR","@id":"https:\/\/hijasdejesus.org\/pt-br\/envelhecer-bem-e-com-graca-como-filha-de-jesus\/#primaryimage","url":"https:\/\/hijasdejesus.org\/wp-content\/uploads\/2022\/02\/2022_Formacin70-Cabecera.jpg","contentUrl":"https:\/\/hijasdejesus.org\/wp-content\/uploads\/2022\/02\/2022_Formacin70-Cabecera.jpg","width":2000,"height":647},{"@type":"BreadcrumbList","@id":"https:\/\/hijasdejesus.org\/pt-br\/envelhecer-bem-e-com-graca-como-filha-de-jesus\/#breadcrumb","itemListElement":[{"@type":"ListItem","position":1,"name":"Portada","item":"https:\/\/hijasdejesus.org\/pt-br\/"},{"@type":"ListItem","position":2,"name":"Envelhecer bem e com gra\u00e7a como Filha de Jesus"}]},{"@type":"WebSite","@id":"https:\/\/hijasdejesus.org\/pt-br\/#website","url":"https:\/\/hijasdejesus.org\/pt-br\/","name":"Hijas de Jes\u00fas","description":"Despertamos a Jes\u00fas en el coraz\u00f3n, sacando lo mejor de las personas. Somos una congregaci\u00f3n religiosa ignaciana fundada por la Madre Candida","publisher":{"@id":"https:\/\/hijasdejesus.org\/pt-br\/#organization"},"potentialAction":[{"@type":"SearchAction","target":{"@type":"EntryPoint","urlTemplate":"https:\/\/hijasdejesus.org\/pt-br\/?s={search_term_string}"},"query-input":{"@type":"PropertyValueSpecification","valueRequired":true,"valueName":"search_term_string"}}],"inLanguage":"pt-BR"},{"@type":"Organization","@id":"https:\/\/hijasdejesus.org\/pt-br\/#organization","name":"Hijas de Jes\u00fas","url":"https:\/\/hijasdejesus.org\/pt-br\/","logo":{"@type":"ImageObject","inLanguage":"pt-BR","@id":"https:\/\/hijasdejesus.org\/pt-br\/#\/schema\/logo\/image\/","url":"https:\/\/hijasdejesus.org\/wp-content\/uploads\/2023\/01\/Hijas-de-Jesus_hor-A7C957.png","contentUrl":"https:\/\/hijasdejesus.org\/wp-content\/uploads\/2023\/01\/Hijas-de-Jesus_hor-A7C957.png","width":700,"height":360,"caption":"Hijas de Jes\u00fas"},"image":{"@id":"https:\/\/hijasdejesus.org\/pt-br\/#\/schema\/logo\/image\/"},"sameAs":["https:\/\/www.facebook.com\/hijasdejesusenelmundo\/","https:\/\/x.com\/hijasdjesus"]},{"@type":"Person","@id":"https:\/\/hijasdejesus.org\/pt-br\/#\/schema\/person\/ce4455965da733f2791f23b6ec14e9b6","name":"Webmaster","image":{"@type":"ImageObject","inLanguage":"pt-BR","@id":"https:\/\/secure.gravatar.com\/avatar\/cfd0acaac86c3981d541d2e99a0ffb7b6d33a5ac8989a62f5518b9e0f7ee128a?s=96&d=mm&r=g","url":"https:\/\/secure.gravatar.com\/avatar\/cfd0acaac86c3981d541d2e99a0ffb7b6d33a5ac8989a62f5518b9e0f7ee128a?s=96&d=mm&r=g","contentUrl":"https:\/\/secure.gravatar.com\/avatar\/cfd0acaac86c3981d541d2e99a0ffb7b6d33a5ac8989a62f5518b9e0f7ee128a?s=96&d=mm&r=g","caption":"Webmaster"},"url":"https:\/\/hijasdejesus.org\/pt-br\/author\/webmaster\/"}]}},"_links":{"self":[{"href":"https:\/\/hijasdejesus.org\/pt-br\/wp-json\/wp\/v2\/posts\/29748","targetHints":{"allow":["GET"]}}],"collection":[{"href":"https:\/\/hijasdejesus.org\/pt-br\/wp-json\/wp\/v2\/posts"}],"about":[{"href":"https:\/\/hijasdejesus.org\/pt-br\/wp-json\/wp\/v2\/types\/post"}],"author":[{"embeddable":true,"href":"https:\/\/hijasdejesus.org\/pt-br\/wp-json\/wp\/v2\/users\/28"}],"replies":[{"embeddable":true,"href":"https:\/\/hijasdejesus.org\/pt-br\/wp-json\/wp\/v2\/comments?post=29748"}],"version-history":[{"count":0,"href":"https:\/\/hijasdejesus.org\/pt-br\/wp-json\/wp\/v2\/posts\/29748\/revisions"}],"wp:featuredmedia":[{"embeddable":true,"href":"https:\/\/hijasdejesus.org\/pt-br\/wp-json\/wp\/v2\/media\/11654"}],"wp:attachment":[{"href":"https:\/\/hijasdejesus.org\/pt-br\/wp-json\/wp\/v2\/media?parent=29748"}],"wp:term":[{"taxonomy":"category","embeddable":true,"href":"https:\/\/hijasdejesus.org\/pt-br\/wp-json\/wp\/v2\/categories?post=29748"},{"taxonomy":"post_tag","embeddable":true,"href":"https:\/\/hijasdejesus.org\/pt-br\/wp-json\/wp\/v2\/tags?post=29748"}],"curies":[{"name":"wp","href":"https:\/\/api.w.org\/{rel}","templated":true}]}}