{"id":29763,"date":"2022-03-01T15:19:40","date_gmt":"2022-03-01T14:19:40","guid":{"rendered":"https:\/\/nueva.hijasdejesus.org\/quarta-feira-de-cinzas-2022\/"},"modified":"2022-03-01T15:19:40","modified_gmt":"2022-03-01T14:19:40","slug":"quarta-feira-de-cinzas-2022","status":"publish","type":"post","link":"https:\/\/hijasdejesus.org\/pt-br\/quarta-feira-de-cinzas-2022\/","title":{"rendered":"Quarta-feira de Cinzas 2022"},"content":{"rendered":"<\/p>\n<p>Compartimos las palabras que nos ha dirigido\u00a0<strong>nuestra Superiora General a las Hijas de Jes\u00fas<\/strong> hoy, Mi\u00e9rcoles de Ceniza.<\/p>\n<p>Basten \u00e9stas y el mensaje de Cuaresma del Papa Francisco para estar con el Se\u00f1or y\u00a0<strong>dejar que Jes\u00fas nos cambie<\/strong>.<\/p>\n<p>De la carta n\u00ba 23 de Graciela Francovig<\/p>\n<p style=\"padding-left: 60px;\">Hoy se inicia la cuaresma. Es este un tiempo privilegiado que la Iglesia nos ofrece para una <em>conversi\u00f3n y renovaci\u00f3n personal y comunitaria.<\/em> Puede ser saludable <strong>dedicar un tiempo a examinar serenamente con el Se\u00f1or nuestra vida<\/strong>, nuestro seguimiento, nuestra vivencia de la pobreza, las relaciones con los dem\u00e1s, nuestra uni\u00f3n, el cuidado del medio ambiente y el cuidado de los dem\u00e1s.<\/p>\n<p style=\"padding-left: 60px;\">Tenemos muy cerca la experiencia de una guerra entre Rusia y Ucrania, que est\u00e1 comprometiendo al resto de los pa\u00edses de Europa, geogr\u00e1ficamente m\u00e1s cerca, pero que afecta a todo el mundo. <strong>Sigamos pidiendo con insistencia a Dios que los seres humanos descubramos el valor incalculable de la paz<\/strong>, por encima de cualquier otro inter\u00e9s. Consideremos en qu\u00e9 medida nosotras somos sembradoras de paz, c\u00f3mo educamos para la paz, porque nuestra vida revela lo que llevamos en el coraz\u00f3n.<\/p>\n<p style=\"padding-left: 60px;\">El <strong>mensaje del Papa Francisco para la cuaresma de este a\u00f1o<\/strong> es una reflexi\u00f3n sobre la exhortaci\u00f3n de San Pablo: <em>\u201c<strong>No nos cansemos de hacer el bien<\/strong>, porque, si no desfallecemos, cosecharemos los frutos a su debido tiempo. Por tanto, mientras tenemos la oportunidad, hagamos el bien a todos\u201d<\/em> Ga. 6, 9-10 a.<\/p>\n<p style=\"padding-left: 60px;\">Invito a todas a tomar en serio estas palabras del ap\u00f3stol: <strong>\u201chacer todo el bien que podamos\u2026\u201d<\/strong> y llevarlas a nuestra oraci\u00f3n personal y comunitaria y al examen de cada d\u00eda. Deteng\u00e1monos a ver cu\u00e1ntas veces dejamos de obrar un bien que puede dar vida a los dem\u00e1s. El bien para nosotras puede ser cuidar la uni\u00f3n entre nosotras y tambi\u00e9n con los laicos, cuidar nuestras palabras al hablar de los dem\u00e1s, procurar decir bien de mi pr\u00f3jimo, las de cerca, y los de lejos.<\/p>\n<p style=\"padding-left: 60px;\">Que <strong>el Se\u00f1or obre en nosotras esa conversi\u00f3n que necesitamos para cuidar el ser<\/strong>, nuestro ser de Hijas de Jes\u00fas.<\/p>\n<p style=\"padding-left: 60px;\">Les sugiero hacer personalmente, en casas y en comunidades, una <strong>lectura pausada, orante, del <a href=\"https:\/\/www.vatican.va\/content\/francesco\/pt\/messages\/lent\/documents\/20211111-messaggio-quaresima2022.html\">mensaje completo del Papa<\/a><\/strong><a href=\"https:\/\/www.vatican.va\/content\/francesco\/es\/events\/event.dir.html\/content\/vaticanevents\/es\/2022\/2\/24\/messaggio-quaresima.html\"> para esta cuaresma<\/a>.<\/p>\n<p style=\"padding-left: 60px;\">Con gran cari\u00f1o y en uni\u00f3n de oraciones<\/p>\n<p style=\"padding-left: 60px;\"><strong><em>Graciela Francovig, Superiora General<\/em><\/strong><\/p>\n","protected":false},"excerpt":{"rendered":"<p>Compartimos las palabras que nos ha dirigido\u00a0nuestra Superiora General a las Hijas de Jes\u00fas hoy, Mi\u00e9rcoles de Ceniza. Basten \u00e9stas y el mensaje de Cuaresma del Papa Francisco para estar con el Se\u00f1or y\u00a0dejar que Jes\u00fas nos cambie. De la carta n\u00ba 23 de Graciela Francovig Hoy se inicia la cuaresma. Es este un tiempo [&hellip;]<\/p>\n","protected":false},"author":28,"featured_media":11676,"comment_status":"closed","ping_status":"closed","sticky":false,"template":"","format":"standard","meta":{"_et_pb_use_builder":"","_et_pb_old_content":"","_et_gb_content_width":"","footnotes":"","_links_to":"","_links_to_target":""},"categories":[533,469],"tags":[758],"class_list":["post-29763","post","type-post","status-publish","format-standard","has-post-thumbnail","hentry","category-igreja","category-noticias-pt-br","tag-cuaresma-pt-br"],"yoast_head":"<!-- This site is optimized with the Yoast SEO plugin v27.4 - https:\/\/yoast.com\/product\/yoast-seo-wordpress\/ -->\n<title>Quarta-feira de Cinzas 2022 - Hijas de Jes\u00fas<\/title>\n<meta name=\"robots\" content=\"index, follow, max-snippet:-1, max-image-preview:large, max-video-preview:-1\" \/>\n<link rel=\"canonical\" href=\"https:\/\/hijasdejesus.org\/pt-br\/quarta-feira-de-cinzas-2022\/\" \/>\n<meta property=\"og:locale\" content=\"pt_BR\" \/>\n<meta property=\"og:type\" content=\"article\" \/>\n<meta property=\"og:title\" content=\"Quarta-feira de Cinzas 2022 - Hijas de Jes\u00fas\" \/>\n<meta property=\"og:description\" content=\"Compartimos las palabras que nos ha dirigido\u00a0nuestra Superiora General a las Hijas de Jes\u00fas hoy, Mi\u00e9rcoles de Ceniza. Basten \u00e9stas y el mensaje de Cuaresma del Papa Francisco para estar con el Se\u00f1or y\u00a0dejar que Jes\u00fas nos cambie. De la carta n\u00ba 23 de Graciela Francovig Hoy se inicia la cuaresma. Es este un tiempo [&hellip;]\" \/>\n<meta property=\"og:url\" content=\"https:\/\/hijasdejesus.org\/pt-br\/quarta-feira-de-cinzas-2022\/\" \/>\n<meta property=\"og:site_name\" content=\"Hijas de Jes\u00fas\" \/>\n<meta property=\"article:publisher\" content=\"https:\/\/www.facebook.com\/hijasdejesusenelmundo\/\" \/>\n<meta property=\"article:published_time\" content=\"2022-03-01T14:19:40+00:00\" \/>\n<meta property=\"og:image\" content=\"https:\/\/hijasdejesus.org\/wp-content\/uploads\/2022\/03\/Carta_n23-Cabecera_PT.jpg\" \/>\n\t<meta property=\"og:image:width\" content=\"2000\" \/>\n\t<meta property=\"og:image:height\" content=\"647\" \/>\n\t<meta property=\"og:image:type\" content=\"image\/jpeg\" \/>\n<meta name=\"author\" content=\"Webmaster\" \/>\n<meta name=\"twitter:card\" content=\"summary_large_image\" \/>\n<meta name=\"twitter:creator\" content=\"@hijasdjesus\" \/>\n<meta name=\"twitter:site\" content=\"@hijasdjesus\" \/>\n<meta name=\"twitter:label1\" content=\"Escrito por\" \/>\n\t<meta name=\"twitter:data1\" content=\"Webmaster\" \/>\n\t<meta name=\"twitter:label2\" content=\"Est. tempo de leitura\" \/>\n\t<meta name=\"twitter:data2\" content=\"2 minutos\" \/>\n<script type=\"application\/ld+json\" class=\"yoast-schema-graph\">{\"@context\":\"https:\\\/\\\/schema.org\",\"@graph\":[{\"@type\":\"Article\",\"@id\":\"https:\\\/\\\/hijasdejesus.org\\\/pt-br\\\/quarta-feira-de-cinzas-2022\\\/#article\",\"isPartOf\":{\"@id\":\"https:\\\/\\\/hijasdejesus.org\\\/pt-br\\\/quarta-feira-de-cinzas-2022\\\/\"},\"author\":{\"name\":\"Webmaster\",\"@id\":\"https:\\\/\\\/hijasdejesus.org\\\/pt-br\\\/#\\\/schema\\\/person\\\/ce4455965da733f2791f23b6ec14e9b6\"},\"headline\":\"Quarta-feira de Cinzas 2022\",\"datePublished\":\"2022-03-01T14:19:40+00:00\",\"mainEntityOfPage\":{\"@id\":\"https:\\\/\\\/hijasdejesus.org\\\/pt-br\\\/quarta-feira-de-cinzas-2022\\\/\"},\"wordCount\":415,\"publisher\":{\"@id\":\"https:\\\/\\\/hijasdejesus.org\\\/pt-br\\\/#organization\"},\"image\":{\"@id\":\"https:\\\/\\\/hijasdejesus.org\\\/pt-br\\\/quarta-feira-de-cinzas-2022\\\/#primaryimage\"},\"thumbnailUrl\":\"https:\\\/\\\/hijasdejesus.org\\\/wp-content\\\/uploads\\\/2022\\\/03\\\/Carta_n23-Cabecera_PT.jpg\",\"keywords\":[\"Cuaresma\"],\"articleSection\":[\"Igreja\",\"Not\u00edcias\"],\"inLanguage\":\"pt-BR\"},{\"@type\":\"WebPage\",\"@id\":\"https:\\\/\\\/hijasdejesus.org\\\/pt-br\\\/quarta-feira-de-cinzas-2022\\\/\",\"url\":\"https:\\\/\\\/hijasdejesus.org\\\/pt-br\\\/quarta-feira-de-cinzas-2022\\\/\",\"name\":\"Quarta-feira de Cinzas 2022 - Hijas de Jes\u00fas\",\"isPartOf\":{\"@id\":\"https:\\\/\\\/hijasdejesus.org\\\/pt-br\\\/#website\"},\"primaryImageOfPage\":{\"@id\":\"https:\\\/\\\/hijasdejesus.org\\\/pt-br\\\/quarta-feira-de-cinzas-2022\\\/#primaryimage\"},\"image\":{\"@id\":\"https:\\\/\\\/hijasdejesus.org\\\/pt-br\\\/quarta-feira-de-cinzas-2022\\\/#primaryimage\"},\"thumbnailUrl\":\"https:\\\/\\\/hijasdejesus.org\\\/wp-content\\\/uploads\\\/2022\\\/03\\\/Carta_n23-Cabecera_PT.jpg\",\"datePublished\":\"2022-03-01T14:19:40+00:00\",\"breadcrumb\":{\"@id\":\"https:\\\/\\\/hijasdejesus.org\\\/pt-br\\\/quarta-feira-de-cinzas-2022\\\/#breadcrumb\"},\"inLanguage\":\"pt-BR\",\"potentialAction\":[{\"@type\":\"ReadAction\",\"target\":[\"https:\\\/\\\/hijasdejesus.org\\\/pt-br\\\/quarta-feira-de-cinzas-2022\\\/\"]}]},{\"@type\":\"ImageObject\",\"inLanguage\":\"pt-BR\",\"@id\":\"https:\\\/\\\/hijasdejesus.org\\\/pt-br\\\/quarta-feira-de-cinzas-2022\\\/#primaryimage\",\"url\":\"https:\\\/\\\/hijasdejesus.org\\\/wp-content\\\/uploads\\\/2022\\\/03\\\/Carta_n23-Cabecera_PT.jpg\",\"contentUrl\":\"https:\\\/\\\/hijasdejesus.org\\\/wp-content\\\/uploads\\\/2022\\\/03\\\/Carta_n23-Cabecera_PT.jpg\",\"width\":2000,\"height\":647},{\"@type\":\"BreadcrumbList\",\"@id\":\"https:\\\/\\\/hijasdejesus.org\\\/pt-br\\\/quarta-feira-de-cinzas-2022\\\/#breadcrumb\",\"itemListElement\":[{\"@type\":\"ListItem\",\"position\":1,\"name\":\"Portada\",\"item\":\"https:\\\/\\\/hijasdejesus.org\\\/pt-br\\\/\"},{\"@type\":\"ListItem\",\"position\":2,\"name\":\"Quarta-feira de Cinzas 2022\"}]},{\"@type\":\"WebSite\",\"@id\":\"https:\\\/\\\/hijasdejesus.org\\\/pt-br\\\/#website\",\"url\":\"https:\\\/\\\/hijasdejesus.org\\\/pt-br\\\/\",\"name\":\"Hijas de Jes\u00fas\",\"description\":\"Despertamos a Jes\u00fas en el coraz\u00f3n, sacando lo mejor de las personas. Somos una congregaci\u00f3n religiosa ignaciana fundada por la Madre Candida\",\"publisher\":{\"@id\":\"https:\\\/\\\/hijasdejesus.org\\\/pt-br\\\/#organization\"},\"potentialAction\":[{\"@type\":\"SearchAction\",\"target\":{\"@type\":\"EntryPoint\",\"urlTemplate\":\"https:\\\/\\\/hijasdejesus.org\\\/pt-br\\\/?s={search_term_string}\"},\"query-input\":{\"@type\":\"PropertyValueSpecification\",\"valueRequired\":true,\"valueName\":\"search_term_string\"}}],\"inLanguage\":\"pt-BR\"},{\"@type\":\"Organization\",\"@id\":\"https:\\\/\\\/hijasdejesus.org\\\/pt-br\\\/#organization\",\"name\":\"Hijas de Jes\u00fas\",\"url\":\"https:\\\/\\\/hijasdejesus.org\\\/pt-br\\\/\",\"logo\":{\"@type\":\"ImageObject\",\"inLanguage\":\"pt-BR\",\"@id\":\"https:\\\/\\\/hijasdejesus.org\\\/pt-br\\\/#\\\/schema\\\/logo\\\/image\\\/\",\"url\":\"https:\\\/\\\/hijasdejesus.org\\\/wp-content\\\/uploads\\\/2023\\\/01\\\/Hijas-de-Jesus_hor-A7C957.png\",\"contentUrl\":\"https:\\\/\\\/hijasdejesus.org\\\/wp-content\\\/uploads\\\/2023\\\/01\\\/Hijas-de-Jesus_hor-A7C957.png\",\"width\":700,\"height\":360,\"caption\":\"Hijas de Jes\u00fas\"},\"image\":{\"@id\":\"https:\\\/\\\/hijasdejesus.org\\\/pt-br\\\/#\\\/schema\\\/logo\\\/image\\\/\"},\"sameAs\":[\"https:\\\/\\\/www.facebook.com\\\/hijasdejesusenelmundo\\\/\",\"https:\\\/\\\/x.com\\\/hijasdjesus\"]},{\"@type\":\"Person\",\"@id\":\"https:\\\/\\\/hijasdejesus.org\\\/pt-br\\\/#\\\/schema\\\/person\\\/ce4455965da733f2791f23b6ec14e9b6\",\"name\":\"Webmaster\",\"image\":{\"@type\":\"ImageObject\",\"inLanguage\":\"pt-BR\",\"@id\":\"https:\\\/\\\/secure.gravatar.com\\\/avatar\\\/cfd0acaac86c3981d541d2e99a0ffb7b6d33a5ac8989a62f5518b9e0f7ee128a?s=96&d=mm&r=g\",\"url\":\"https:\\\/\\\/secure.gravatar.com\\\/avatar\\\/cfd0acaac86c3981d541d2e99a0ffb7b6d33a5ac8989a62f5518b9e0f7ee128a?s=96&d=mm&r=g\",\"contentUrl\":\"https:\\\/\\\/secure.gravatar.com\\\/avatar\\\/cfd0acaac86c3981d541d2e99a0ffb7b6d33a5ac8989a62f5518b9e0f7ee128a?s=96&d=mm&r=g\",\"caption\":\"Webmaster\"},\"url\":\"https:\\\/\\\/hijasdejesus.org\\\/pt-br\\\/author\\\/webmaster\\\/\"}]}<\/script>\n<!-- \/ Yoast SEO plugin. -->","yoast_head_json":{"title":"Quarta-feira de Cinzas 2022 - Hijas de Jes\u00fas","robots":{"index":"index","follow":"follow","max-snippet":"max-snippet:-1","max-image-preview":"max-image-preview:large","max-video-preview":"max-video-preview:-1"},"canonical":"https:\/\/hijasdejesus.org\/pt-br\/quarta-feira-de-cinzas-2022\/","og_locale":"pt_BR","og_type":"article","og_title":"Quarta-feira de Cinzas 2022 - Hijas de Jes\u00fas","og_description":"Compartimos las palabras que nos ha dirigido\u00a0nuestra Superiora General a las Hijas de Jes\u00fas hoy, Mi\u00e9rcoles de Ceniza. Basten \u00e9stas y el mensaje de Cuaresma del Papa Francisco para estar con el Se\u00f1or y\u00a0dejar que Jes\u00fas nos cambie. De la carta n\u00ba 23 de Graciela Francovig Hoy se inicia la cuaresma. Es este un tiempo [&hellip;]","og_url":"https:\/\/hijasdejesus.org\/pt-br\/quarta-feira-de-cinzas-2022\/","og_site_name":"Hijas de Jes\u00fas","article_publisher":"https:\/\/www.facebook.com\/hijasdejesusenelmundo\/","article_published_time":"2022-03-01T14:19:40+00:00","og_image":[{"width":2000,"height":647,"url":"https:\/\/hijasdejesus.org\/wp-content\/uploads\/2022\/03\/Carta_n23-Cabecera_PT.jpg","type":"image\/jpeg"}],"author":"Webmaster","twitter_card":"summary_large_image","twitter_creator":"@hijasdjesus","twitter_site":"@hijasdjesus","twitter_misc":{"Escrito por":"Webmaster","Est. tempo de leitura":"2 minutos"},"schema":{"@context":"https:\/\/schema.org","@graph":[{"@type":"Article","@id":"https:\/\/hijasdejesus.org\/pt-br\/quarta-feira-de-cinzas-2022\/#article","isPartOf":{"@id":"https:\/\/hijasdejesus.org\/pt-br\/quarta-feira-de-cinzas-2022\/"},"author":{"name":"Webmaster","@id":"https:\/\/hijasdejesus.org\/pt-br\/#\/schema\/person\/ce4455965da733f2791f23b6ec14e9b6"},"headline":"Quarta-feira de Cinzas 2022","datePublished":"2022-03-01T14:19:40+00:00","mainEntityOfPage":{"@id":"https:\/\/hijasdejesus.org\/pt-br\/quarta-feira-de-cinzas-2022\/"},"wordCount":415,"publisher":{"@id":"https:\/\/hijasdejesus.org\/pt-br\/#organization"},"image":{"@id":"https:\/\/hijasdejesus.org\/pt-br\/quarta-feira-de-cinzas-2022\/#primaryimage"},"thumbnailUrl":"https:\/\/hijasdejesus.org\/wp-content\/uploads\/2022\/03\/Carta_n23-Cabecera_PT.jpg","keywords":["Cuaresma"],"articleSection":["Igreja","Not\u00edcias"],"inLanguage":"pt-BR"},{"@type":"WebPage","@id":"https:\/\/hijasdejesus.org\/pt-br\/quarta-feira-de-cinzas-2022\/","url":"https:\/\/hijasdejesus.org\/pt-br\/quarta-feira-de-cinzas-2022\/","name":"Quarta-feira de Cinzas 2022 - Hijas de Jes\u00fas","isPartOf":{"@id":"https:\/\/hijasdejesus.org\/pt-br\/#website"},"primaryImageOfPage":{"@id":"https:\/\/hijasdejesus.org\/pt-br\/quarta-feira-de-cinzas-2022\/#primaryimage"},"image":{"@id":"https:\/\/hijasdejesus.org\/pt-br\/quarta-feira-de-cinzas-2022\/#primaryimage"},"thumbnailUrl":"https:\/\/hijasdejesus.org\/wp-content\/uploads\/2022\/03\/Carta_n23-Cabecera_PT.jpg","datePublished":"2022-03-01T14:19:40+00:00","breadcrumb":{"@id":"https:\/\/hijasdejesus.org\/pt-br\/quarta-feira-de-cinzas-2022\/#breadcrumb"},"inLanguage":"pt-BR","potentialAction":[{"@type":"ReadAction","target":["https:\/\/hijasdejesus.org\/pt-br\/quarta-feira-de-cinzas-2022\/"]}]},{"@type":"ImageObject","inLanguage":"pt-BR","@id":"https:\/\/hijasdejesus.org\/pt-br\/quarta-feira-de-cinzas-2022\/#primaryimage","url":"https:\/\/hijasdejesus.org\/wp-content\/uploads\/2022\/03\/Carta_n23-Cabecera_PT.jpg","contentUrl":"https:\/\/hijasdejesus.org\/wp-content\/uploads\/2022\/03\/Carta_n23-Cabecera_PT.jpg","width":2000,"height":647},{"@type":"BreadcrumbList","@id":"https:\/\/hijasdejesus.org\/pt-br\/quarta-feira-de-cinzas-2022\/#breadcrumb","itemListElement":[{"@type":"ListItem","position":1,"name":"Portada","item":"https:\/\/hijasdejesus.org\/pt-br\/"},{"@type":"ListItem","position":2,"name":"Quarta-feira de Cinzas 2022"}]},{"@type":"WebSite","@id":"https:\/\/hijasdejesus.org\/pt-br\/#website","url":"https:\/\/hijasdejesus.org\/pt-br\/","name":"Hijas de Jes\u00fas","description":"Despertamos a Jes\u00fas en el coraz\u00f3n, sacando lo mejor de las personas. Somos una congregaci\u00f3n religiosa ignaciana fundada por la Madre Candida","publisher":{"@id":"https:\/\/hijasdejesus.org\/pt-br\/#organization"},"potentialAction":[{"@type":"SearchAction","target":{"@type":"EntryPoint","urlTemplate":"https:\/\/hijasdejesus.org\/pt-br\/?s={search_term_string}"},"query-input":{"@type":"PropertyValueSpecification","valueRequired":true,"valueName":"search_term_string"}}],"inLanguage":"pt-BR"},{"@type":"Organization","@id":"https:\/\/hijasdejesus.org\/pt-br\/#organization","name":"Hijas de Jes\u00fas","url":"https:\/\/hijasdejesus.org\/pt-br\/","logo":{"@type":"ImageObject","inLanguage":"pt-BR","@id":"https:\/\/hijasdejesus.org\/pt-br\/#\/schema\/logo\/image\/","url":"https:\/\/hijasdejesus.org\/wp-content\/uploads\/2023\/01\/Hijas-de-Jesus_hor-A7C957.png","contentUrl":"https:\/\/hijasdejesus.org\/wp-content\/uploads\/2023\/01\/Hijas-de-Jesus_hor-A7C957.png","width":700,"height":360,"caption":"Hijas de Jes\u00fas"},"image":{"@id":"https:\/\/hijasdejesus.org\/pt-br\/#\/schema\/logo\/image\/"},"sameAs":["https:\/\/www.facebook.com\/hijasdejesusenelmundo\/","https:\/\/x.com\/hijasdjesus"]},{"@type":"Person","@id":"https:\/\/hijasdejesus.org\/pt-br\/#\/schema\/person\/ce4455965da733f2791f23b6ec14e9b6","name":"Webmaster","image":{"@type":"ImageObject","inLanguage":"pt-BR","@id":"https:\/\/secure.gravatar.com\/avatar\/cfd0acaac86c3981d541d2e99a0ffb7b6d33a5ac8989a62f5518b9e0f7ee128a?s=96&d=mm&r=g","url":"https:\/\/secure.gravatar.com\/avatar\/cfd0acaac86c3981d541d2e99a0ffb7b6d33a5ac8989a62f5518b9e0f7ee128a?s=96&d=mm&r=g","contentUrl":"https:\/\/secure.gravatar.com\/avatar\/cfd0acaac86c3981d541d2e99a0ffb7b6d33a5ac8989a62f5518b9e0f7ee128a?s=96&d=mm&r=g","caption":"Webmaster"},"url":"https:\/\/hijasdejesus.org\/pt-br\/author\/webmaster\/"}]}},"_links":{"self":[{"href":"https:\/\/hijasdejesus.org\/pt-br\/wp-json\/wp\/v2\/posts\/29763","targetHints":{"allow":["GET"]}}],"collection":[{"href":"https:\/\/hijasdejesus.org\/pt-br\/wp-json\/wp\/v2\/posts"}],"about":[{"href":"https:\/\/hijasdejesus.org\/pt-br\/wp-json\/wp\/v2\/types\/post"}],"author":[{"embeddable":true,"href":"https:\/\/hijasdejesus.org\/pt-br\/wp-json\/wp\/v2\/users\/28"}],"replies":[{"embeddable":true,"href":"https:\/\/hijasdejesus.org\/pt-br\/wp-json\/wp\/v2\/comments?post=29763"}],"version-history":[{"count":0,"href":"https:\/\/hijasdejesus.org\/pt-br\/wp-json\/wp\/v2\/posts\/29763\/revisions"}],"wp:featuredmedia":[{"embeddable":true,"href":"https:\/\/hijasdejesus.org\/pt-br\/wp-json\/wp\/v2\/media\/11676"}],"wp:attachment":[{"href":"https:\/\/hijasdejesus.org\/pt-br\/wp-json\/wp\/v2\/media?parent=29763"}],"wp:term":[{"taxonomy":"category","embeddable":true,"href":"https:\/\/hijasdejesus.org\/pt-br\/wp-json\/wp\/v2\/categories?post=29763"},{"taxonomy":"post_tag","embeddable":true,"href":"https:\/\/hijasdejesus.org\/pt-br\/wp-json\/wp\/v2\/tags?post=29763"}],"curies":[{"name":"wp","href":"https:\/\/api.w.org\/{rel}","templated":true}]}}