{"id":29871,"date":"2022-05-30T22:36:39","date_gmt":"2022-05-30T20:36:39","guid":{"rendered":"https:\/\/nueva.hijasdejesus.org\/hoje-nasceu-quem-abriu-o-caminho-para-nos\/"},"modified":"2022-05-30T23:18:32","modified_gmt":"2022-05-30T21:18:32","slug":"hoje-nasceu-quem-abriu-o-caminho-para-nos","status":"publish","type":"post","link":"https:\/\/hijasdejesus.org\/pt-br\/hoje-nasceu-quem-abriu-o-caminho-para-nos\/","title":{"rendered":"Hoje nasceu quem abriu o caminho para n\u00f3s"},"content":{"rendered":"<\/p>\n<p>\u201cEm 31 de maio de 1845, \u00e0s seis da manh\u00e3, a primeira luz (Juana Josefa Cip\u00edtria y Barriola) viu a luz entre as s\u00f3lidas paredes da antiga Casa-Torre Berrospe\u201d.<br \/>Cento e setenta e sete anos depois <strong>nos<\/strong> <strong>parabenizamos, lembramos dela e reconhecemos seu trabalho<\/strong>. Uma data que lembramos por outro fato: <strong>neste mesmo dia ela foi batizada<\/strong>. Desde o in\u00edcio, Juana Josefa era um &#8220;eu s\u00f3 para Deus&#8221;. Era a festa da Virgem, na invoca\u00e7\u00e3o da M\u00e3e do Belo Amor. Cento e setenta e sete anos depois, no mesmo dia, <strong>celebramos a Visita\u00e7\u00e3o de Maria.<\/strong><\/p>\n<p>\u00c9 significativo que no dia 8 de dezembro, festa da Virgem, da Imaculada Concei\u00e7\u00e3o, tenha nascido a Congrega\u00e7\u00e3o fundada por M. C\u00e1ndida. <strong>\u00c9 como se os dois<\/strong><br \/><strong>as mulheres estavam sempre de m\u00e3os dadas<\/strong>.<\/p>\n<p>Hoje <strong>celebramos o nascimento \u00e0 vida, e \u00e0 vida de f\u00e9,<\/strong> da qual seria M. C\u00e1ndida. Imaginamos ela abrindo os olhos e como se a primeira coisa que tivesse visto fosse Mar\u00eda saindo em busca de Isabel. Maria vai receber boas not\u00edcias e ser mensageira da Boa Nova.<\/p>\n<p>E assim foi a vida de M. C\u00e1ndida, <strong>acolhendo o dom de sentir-se filha no Filho e uma disponibilidade constante para levar a Boa Nova de Jesus<\/strong> onde quer que Deus a chamasse.<\/p>\n<p><strong>Parab\u00e9ns, grande Fam\u00edlia de M. C\u00e1ndida, Filhas de Jesus e leigos!<\/strong> Estamos em festa porque nasceu aquele que abriu o caminho para n\u00f3s. Hoje somos chamados a responder aos <strong>Chamados \u00e0 a\u00e7\u00e3o apost\u00f3lica<\/strong>, novos passos num caminho que continua a dar vida ao mundo.<\/p>\n<p>Oremos uns pelos outros para que assim seja.<\/p>\n<p><em><strong>Graciela Francovig,\u00a0Superiora Geral e Conselheiras, Roma, 31 de maio de 2022<\/strong><\/em><\/p>\n","protected":false},"excerpt":{"rendered":"<p>\u201cEm 31 de maio de 1845, \u00e0s seis da manh\u00e3, a primeira luz (Juana Josefa Cip\u00edtria y Barriola) viu a luz entre as s\u00f3lidas paredes da antiga Casa-Torre Berrospe\u201d.Cento e setenta e sete anos depois nos parabenizamos, lembramos dela e reconhecemos seu trabalho. Uma data que lembramos por outro fato: neste mesmo dia ela foi [&hellip;]<\/p>\n","protected":false},"author":28,"featured_media":11888,"comment_status":"closed","ping_status":"closed","sticky":false,"template":"","format":"standard","meta":{"_et_pb_use_builder":"","_et_pb_old_content":"","_et_gb_content_width":"","footnotes":"","_links_to":"","_links_to_target":""},"categories":[529,469],"tags":[790],"class_list":["post-29871","post","type-post","status-publish","format-standard","has-post-thumbnail","hentry","category-hijas-de-jesus-pt-br","category-noticias-pt-br","tag-sao-candida"],"yoast_head":"<!-- This site is optimized with the Yoast SEO plugin v27.4 - https:\/\/yoast.com\/product\/yoast-seo-wordpress\/ -->\n<title>Hoje nasceu quem abriu o caminho para n\u00f3s - Hijas de Jes\u00fas<\/title>\n<meta name=\"robots\" content=\"index, follow, max-snippet:-1, max-image-preview:large, max-video-preview:-1\" \/>\n<link rel=\"canonical\" href=\"https:\/\/hijasdejesus.org\/pt-br\/hoje-nasceu-quem-abriu-o-caminho-para-nos\/\" \/>\n<meta property=\"og:locale\" content=\"pt_BR\" \/>\n<meta property=\"og:type\" content=\"article\" \/>\n<meta property=\"og:title\" content=\"Hoje nasceu quem abriu o caminho para n\u00f3s - Hijas de Jes\u00fas\" \/>\n<meta property=\"og:description\" content=\"\u201cEm 31 de maio de 1845, \u00e0s seis da manh\u00e3, a primeira luz (Juana Josefa Cip\u00edtria y Barriola) viu a luz entre as s\u00f3lidas paredes da antiga Casa-Torre Berrospe\u201d.Cento e setenta e sete anos depois nos parabenizamos, lembramos dela e reconhecemos seu trabalho. Uma data que lembramos por outro fato: neste mesmo dia ela foi [&hellip;]\" \/>\n<meta property=\"og:url\" content=\"https:\/\/hijasdejesus.org\/pt-br\/hoje-nasceu-quem-abriu-o-caminho-para-nos\/\" \/>\n<meta property=\"og:site_name\" content=\"Hijas de Jes\u00fas\" \/>\n<meta property=\"article:publisher\" content=\"https:\/\/www.facebook.com\/hijasdejesusenelmundo\/\" \/>\n<meta property=\"article:published_time\" content=\"2022-05-30T20:36:39+00:00\" \/>\n<meta property=\"article:modified_time\" content=\"2022-05-30T21:18:32+00:00\" \/>\n<meta property=\"og:image\" content=\"https:\/\/hijasdejesus.org\/wp-content\/uploads\/2022\/05\/2022-05-31_Cabecera_PT.jpg\" \/>\n\t<meta property=\"og:image:width\" content=\"2000\" \/>\n\t<meta property=\"og:image:height\" content=\"647\" \/>\n\t<meta property=\"og:image:type\" content=\"image\/jpeg\" \/>\n<meta name=\"author\" content=\"Webmaster\" \/>\n<meta name=\"twitter:card\" content=\"summary_large_image\" \/>\n<meta name=\"twitter:creator\" content=\"@hijasdjesus\" \/>\n<meta name=\"twitter:site\" content=\"@hijasdjesus\" \/>\n<meta name=\"twitter:label1\" content=\"Escrito por\" \/>\n\t<meta name=\"twitter:data1\" content=\"Webmaster\" \/>\n\t<meta name=\"twitter:label2\" content=\"Est. tempo de leitura\" \/>\n\t<meta name=\"twitter:data2\" content=\"1 minuto\" \/>\n<script type=\"application\/ld+json\" class=\"yoast-schema-graph\">{\"@context\":\"https:\\\/\\\/schema.org\",\"@graph\":[{\"@type\":\"Article\",\"@id\":\"https:\\\/\\\/hijasdejesus.org\\\/pt-br\\\/hoje-nasceu-quem-abriu-o-caminho-para-nos\\\/#article\",\"isPartOf\":{\"@id\":\"https:\\\/\\\/hijasdejesus.org\\\/pt-br\\\/hoje-nasceu-quem-abriu-o-caminho-para-nos\\\/\"},\"author\":{\"name\":\"Webmaster\",\"@id\":\"https:\\\/\\\/hijasdejesus.org\\\/pt-br\\\/#\\\/schema\\\/person\\\/ce4455965da733f2791f23b6ec14e9b6\"},\"headline\":\"Hoje nasceu quem abriu o caminho para n\u00f3s\",\"datePublished\":\"2022-05-30T20:36:39+00:00\",\"dateModified\":\"2022-05-30T21:18:32+00:00\",\"mainEntityOfPage\":{\"@id\":\"https:\\\/\\\/hijasdejesus.org\\\/pt-br\\\/hoje-nasceu-quem-abriu-o-caminho-para-nos\\\/\"},\"wordCount\":293,\"publisher\":{\"@id\":\"https:\\\/\\\/hijasdejesus.org\\\/pt-br\\\/#organization\"},\"image\":{\"@id\":\"https:\\\/\\\/hijasdejesus.org\\\/pt-br\\\/hoje-nasceu-quem-abriu-o-caminho-para-nos\\\/#primaryimage\"},\"thumbnailUrl\":\"https:\\\/\\\/hijasdejesus.org\\\/wp-content\\\/uploads\\\/2022\\\/05\\\/2022-05-31_Cabecera_PT.jpg\",\"keywords\":[\"S\u00e3o C\u00e2ndida\"],\"articleSection\":[\"Hijas de Jes\u00fas\",\"Not\u00edcias\"],\"inLanguage\":\"pt-BR\"},{\"@type\":\"WebPage\",\"@id\":\"https:\\\/\\\/hijasdejesus.org\\\/pt-br\\\/hoje-nasceu-quem-abriu-o-caminho-para-nos\\\/\",\"url\":\"https:\\\/\\\/hijasdejesus.org\\\/pt-br\\\/hoje-nasceu-quem-abriu-o-caminho-para-nos\\\/\",\"name\":\"Hoje nasceu quem abriu o caminho para n\u00f3s - Hijas de Jes\u00fas\",\"isPartOf\":{\"@id\":\"https:\\\/\\\/hijasdejesus.org\\\/pt-br\\\/#website\"},\"primaryImageOfPage\":{\"@id\":\"https:\\\/\\\/hijasdejesus.org\\\/pt-br\\\/hoje-nasceu-quem-abriu-o-caminho-para-nos\\\/#primaryimage\"},\"image\":{\"@id\":\"https:\\\/\\\/hijasdejesus.org\\\/pt-br\\\/hoje-nasceu-quem-abriu-o-caminho-para-nos\\\/#primaryimage\"},\"thumbnailUrl\":\"https:\\\/\\\/hijasdejesus.org\\\/wp-content\\\/uploads\\\/2022\\\/05\\\/2022-05-31_Cabecera_PT.jpg\",\"datePublished\":\"2022-05-30T20:36:39+00:00\",\"dateModified\":\"2022-05-30T21:18:32+00:00\",\"breadcrumb\":{\"@id\":\"https:\\\/\\\/hijasdejesus.org\\\/pt-br\\\/hoje-nasceu-quem-abriu-o-caminho-para-nos\\\/#breadcrumb\"},\"inLanguage\":\"pt-BR\",\"potentialAction\":[{\"@type\":\"ReadAction\",\"target\":[\"https:\\\/\\\/hijasdejesus.org\\\/pt-br\\\/hoje-nasceu-quem-abriu-o-caminho-para-nos\\\/\"]}]},{\"@type\":\"ImageObject\",\"inLanguage\":\"pt-BR\",\"@id\":\"https:\\\/\\\/hijasdejesus.org\\\/pt-br\\\/hoje-nasceu-quem-abriu-o-caminho-para-nos\\\/#primaryimage\",\"url\":\"https:\\\/\\\/hijasdejesus.org\\\/wp-content\\\/uploads\\\/2022\\\/05\\\/2022-05-31_Cabecera_PT.jpg\",\"contentUrl\":\"https:\\\/\\\/hijasdejesus.org\\\/wp-content\\\/uploads\\\/2022\\\/05\\\/2022-05-31_Cabecera_PT.jpg\",\"width\":2000,\"height\":647},{\"@type\":\"BreadcrumbList\",\"@id\":\"https:\\\/\\\/hijasdejesus.org\\\/pt-br\\\/hoje-nasceu-quem-abriu-o-caminho-para-nos\\\/#breadcrumb\",\"itemListElement\":[{\"@type\":\"ListItem\",\"position\":1,\"name\":\"Portada\",\"item\":\"https:\\\/\\\/hijasdejesus.org\\\/pt-br\\\/\"},{\"@type\":\"ListItem\",\"position\":2,\"name\":\"Hoje nasceu quem abriu o caminho para n\u00f3s\"}]},{\"@type\":\"WebSite\",\"@id\":\"https:\\\/\\\/hijasdejesus.org\\\/pt-br\\\/#website\",\"url\":\"https:\\\/\\\/hijasdejesus.org\\\/pt-br\\\/\",\"name\":\"Hijas de Jes\u00fas\",\"description\":\"Despertamos a Jes\u00fas en el coraz\u00f3n, sacando lo mejor de las personas. Somos una congregaci\u00f3n religiosa ignaciana fundada por la Madre Candida\",\"publisher\":{\"@id\":\"https:\\\/\\\/hijasdejesus.org\\\/pt-br\\\/#organization\"},\"potentialAction\":[{\"@type\":\"SearchAction\",\"target\":{\"@type\":\"EntryPoint\",\"urlTemplate\":\"https:\\\/\\\/hijasdejesus.org\\\/pt-br\\\/?s={search_term_string}\"},\"query-input\":{\"@type\":\"PropertyValueSpecification\",\"valueRequired\":true,\"valueName\":\"search_term_string\"}}],\"inLanguage\":\"pt-BR\"},{\"@type\":\"Organization\",\"@id\":\"https:\\\/\\\/hijasdejesus.org\\\/pt-br\\\/#organization\",\"name\":\"Hijas de Jes\u00fas\",\"url\":\"https:\\\/\\\/hijasdejesus.org\\\/pt-br\\\/\",\"logo\":{\"@type\":\"ImageObject\",\"inLanguage\":\"pt-BR\",\"@id\":\"https:\\\/\\\/hijasdejesus.org\\\/pt-br\\\/#\\\/schema\\\/logo\\\/image\\\/\",\"url\":\"https:\\\/\\\/hijasdejesus.org\\\/wp-content\\\/uploads\\\/2023\\\/01\\\/Hijas-de-Jesus_hor-A7C957.png\",\"contentUrl\":\"https:\\\/\\\/hijasdejesus.org\\\/wp-content\\\/uploads\\\/2023\\\/01\\\/Hijas-de-Jesus_hor-A7C957.png\",\"width\":700,\"height\":360,\"caption\":\"Hijas de Jes\u00fas\"},\"image\":{\"@id\":\"https:\\\/\\\/hijasdejesus.org\\\/pt-br\\\/#\\\/schema\\\/logo\\\/image\\\/\"},\"sameAs\":[\"https:\\\/\\\/www.facebook.com\\\/hijasdejesusenelmundo\\\/\",\"https:\\\/\\\/x.com\\\/hijasdjesus\"]},{\"@type\":\"Person\",\"@id\":\"https:\\\/\\\/hijasdejesus.org\\\/pt-br\\\/#\\\/schema\\\/person\\\/ce4455965da733f2791f23b6ec14e9b6\",\"name\":\"Webmaster\",\"image\":{\"@type\":\"ImageObject\",\"inLanguage\":\"pt-BR\",\"@id\":\"https:\\\/\\\/secure.gravatar.com\\\/avatar\\\/cfd0acaac86c3981d541d2e99a0ffb7b6d33a5ac8989a62f5518b9e0f7ee128a?s=96&d=mm&r=g\",\"url\":\"https:\\\/\\\/secure.gravatar.com\\\/avatar\\\/cfd0acaac86c3981d541d2e99a0ffb7b6d33a5ac8989a62f5518b9e0f7ee128a?s=96&d=mm&r=g\",\"contentUrl\":\"https:\\\/\\\/secure.gravatar.com\\\/avatar\\\/cfd0acaac86c3981d541d2e99a0ffb7b6d33a5ac8989a62f5518b9e0f7ee128a?s=96&d=mm&r=g\",\"caption\":\"Webmaster\"},\"url\":\"https:\\\/\\\/hijasdejesus.org\\\/pt-br\\\/author\\\/webmaster\\\/\"}]}<\/script>\n<!-- \/ Yoast SEO plugin. -->","yoast_head_json":{"title":"Hoje nasceu quem abriu o caminho para n\u00f3s - Hijas de Jes\u00fas","robots":{"index":"index","follow":"follow","max-snippet":"max-snippet:-1","max-image-preview":"max-image-preview:large","max-video-preview":"max-video-preview:-1"},"canonical":"https:\/\/hijasdejesus.org\/pt-br\/hoje-nasceu-quem-abriu-o-caminho-para-nos\/","og_locale":"pt_BR","og_type":"article","og_title":"Hoje nasceu quem abriu o caminho para n\u00f3s - Hijas de Jes\u00fas","og_description":"\u201cEm 31 de maio de 1845, \u00e0s seis da manh\u00e3, a primeira luz (Juana Josefa Cip\u00edtria y Barriola) viu a luz entre as s\u00f3lidas paredes da antiga Casa-Torre Berrospe\u201d.Cento e setenta e sete anos depois nos parabenizamos, lembramos dela e reconhecemos seu trabalho. Uma data que lembramos por outro fato: neste mesmo dia ela foi [&hellip;]","og_url":"https:\/\/hijasdejesus.org\/pt-br\/hoje-nasceu-quem-abriu-o-caminho-para-nos\/","og_site_name":"Hijas de Jes\u00fas","article_publisher":"https:\/\/www.facebook.com\/hijasdejesusenelmundo\/","article_published_time":"2022-05-30T20:36:39+00:00","article_modified_time":"2022-05-30T21:18:32+00:00","og_image":[{"width":2000,"height":647,"url":"https:\/\/hijasdejesus.org\/wp-content\/uploads\/2022\/05\/2022-05-31_Cabecera_PT.jpg","type":"image\/jpeg"}],"author":"Webmaster","twitter_card":"summary_large_image","twitter_creator":"@hijasdjesus","twitter_site":"@hijasdjesus","twitter_misc":{"Escrito por":"Webmaster","Est. tempo de leitura":"1 minuto"},"schema":{"@context":"https:\/\/schema.org","@graph":[{"@type":"Article","@id":"https:\/\/hijasdejesus.org\/pt-br\/hoje-nasceu-quem-abriu-o-caminho-para-nos\/#article","isPartOf":{"@id":"https:\/\/hijasdejesus.org\/pt-br\/hoje-nasceu-quem-abriu-o-caminho-para-nos\/"},"author":{"name":"Webmaster","@id":"https:\/\/hijasdejesus.org\/pt-br\/#\/schema\/person\/ce4455965da733f2791f23b6ec14e9b6"},"headline":"Hoje nasceu quem abriu o caminho para n\u00f3s","datePublished":"2022-05-30T20:36:39+00:00","dateModified":"2022-05-30T21:18:32+00:00","mainEntityOfPage":{"@id":"https:\/\/hijasdejesus.org\/pt-br\/hoje-nasceu-quem-abriu-o-caminho-para-nos\/"},"wordCount":293,"publisher":{"@id":"https:\/\/hijasdejesus.org\/pt-br\/#organization"},"image":{"@id":"https:\/\/hijasdejesus.org\/pt-br\/hoje-nasceu-quem-abriu-o-caminho-para-nos\/#primaryimage"},"thumbnailUrl":"https:\/\/hijasdejesus.org\/wp-content\/uploads\/2022\/05\/2022-05-31_Cabecera_PT.jpg","keywords":["S\u00e3o C\u00e2ndida"],"articleSection":["Hijas de Jes\u00fas","Not\u00edcias"],"inLanguage":"pt-BR"},{"@type":"WebPage","@id":"https:\/\/hijasdejesus.org\/pt-br\/hoje-nasceu-quem-abriu-o-caminho-para-nos\/","url":"https:\/\/hijasdejesus.org\/pt-br\/hoje-nasceu-quem-abriu-o-caminho-para-nos\/","name":"Hoje nasceu quem abriu o caminho para n\u00f3s - Hijas de Jes\u00fas","isPartOf":{"@id":"https:\/\/hijasdejesus.org\/pt-br\/#website"},"primaryImageOfPage":{"@id":"https:\/\/hijasdejesus.org\/pt-br\/hoje-nasceu-quem-abriu-o-caminho-para-nos\/#primaryimage"},"image":{"@id":"https:\/\/hijasdejesus.org\/pt-br\/hoje-nasceu-quem-abriu-o-caminho-para-nos\/#primaryimage"},"thumbnailUrl":"https:\/\/hijasdejesus.org\/wp-content\/uploads\/2022\/05\/2022-05-31_Cabecera_PT.jpg","datePublished":"2022-05-30T20:36:39+00:00","dateModified":"2022-05-30T21:18:32+00:00","breadcrumb":{"@id":"https:\/\/hijasdejesus.org\/pt-br\/hoje-nasceu-quem-abriu-o-caminho-para-nos\/#breadcrumb"},"inLanguage":"pt-BR","potentialAction":[{"@type":"ReadAction","target":["https:\/\/hijasdejesus.org\/pt-br\/hoje-nasceu-quem-abriu-o-caminho-para-nos\/"]}]},{"@type":"ImageObject","inLanguage":"pt-BR","@id":"https:\/\/hijasdejesus.org\/pt-br\/hoje-nasceu-quem-abriu-o-caminho-para-nos\/#primaryimage","url":"https:\/\/hijasdejesus.org\/wp-content\/uploads\/2022\/05\/2022-05-31_Cabecera_PT.jpg","contentUrl":"https:\/\/hijasdejesus.org\/wp-content\/uploads\/2022\/05\/2022-05-31_Cabecera_PT.jpg","width":2000,"height":647},{"@type":"BreadcrumbList","@id":"https:\/\/hijasdejesus.org\/pt-br\/hoje-nasceu-quem-abriu-o-caminho-para-nos\/#breadcrumb","itemListElement":[{"@type":"ListItem","position":1,"name":"Portada","item":"https:\/\/hijasdejesus.org\/pt-br\/"},{"@type":"ListItem","position":2,"name":"Hoje nasceu quem abriu o caminho para n\u00f3s"}]},{"@type":"WebSite","@id":"https:\/\/hijasdejesus.org\/pt-br\/#website","url":"https:\/\/hijasdejesus.org\/pt-br\/","name":"Hijas de Jes\u00fas","description":"Despertamos a Jes\u00fas en el coraz\u00f3n, sacando lo mejor de las personas. Somos una congregaci\u00f3n religiosa ignaciana fundada por la Madre Candida","publisher":{"@id":"https:\/\/hijasdejesus.org\/pt-br\/#organization"},"potentialAction":[{"@type":"SearchAction","target":{"@type":"EntryPoint","urlTemplate":"https:\/\/hijasdejesus.org\/pt-br\/?s={search_term_string}"},"query-input":{"@type":"PropertyValueSpecification","valueRequired":true,"valueName":"search_term_string"}}],"inLanguage":"pt-BR"},{"@type":"Organization","@id":"https:\/\/hijasdejesus.org\/pt-br\/#organization","name":"Hijas de Jes\u00fas","url":"https:\/\/hijasdejesus.org\/pt-br\/","logo":{"@type":"ImageObject","inLanguage":"pt-BR","@id":"https:\/\/hijasdejesus.org\/pt-br\/#\/schema\/logo\/image\/","url":"https:\/\/hijasdejesus.org\/wp-content\/uploads\/2023\/01\/Hijas-de-Jesus_hor-A7C957.png","contentUrl":"https:\/\/hijasdejesus.org\/wp-content\/uploads\/2023\/01\/Hijas-de-Jesus_hor-A7C957.png","width":700,"height":360,"caption":"Hijas de Jes\u00fas"},"image":{"@id":"https:\/\/hijasdejesus.org\/pt-br\/#\/schema\/logo\/image\/"},"sameAs":["https:\/\/www.facebook.com\/hijasdejesusenelmundo\/","https:\/\/x.com\/hijasdjesus"]},{"@type":"Person","@id":"https:\/\/hijasdejesus.org\/pt-br\/#\/schema\/person\/ce4455965da733f2791f23b6ec14e9b6","name":"Webmaster","image":{"@type":"ImageObject","inLanguage":"pt-BR","@id":"https:\/\/secure.gravatar.com\/avatar\/cfd0acaac86c3981d541d2e99a0ffb7b6d33a5ac8989a62f5518b9e0f7ee128a?s=96&d=mm&r=g","url":"https:\/\/secure.gravatar.com\/avatar\/cfd0acaac86c3981d541d2e99a0ffb7b6d33a5ac8989a62f5518b9e0f7ee128a?s=96&d=mm&r=g","contentUrl":"https:\/\/secure.gravatar.com\/avatar\/cfd0acaac86c3981d541d2e99a0ffb7b6d33a5ac8989a62f5518b9e0f7ee128a?s=96&d=mm&r=g","caption":"Webmaster"},"url":"https:\/\/hijasdejesus.org\/pt-br\/author\/webmaster\/"}]}},"_links":{"self":[{"href":"https:\/\/hijasdejesus.org\/pt-br\/wp-json\/wp\/v2\/posts\/29871","targetHints":{"allow":["GET"]}}],"collection":[{"href":"https:\/\/hijasdejesus.org\/pt-br\/wp-json\/wp\/v2\/posts"}],"about":[{"href":"https:\/\/hijasdejesus.org\/pt-br\/wp-json\/wp\/v2\/types\/post"}],"author":[{"embeddable":true,"href":"https:\/\/hijasdejesus.org\/pt-br\/wp-json\/wp\/v2\/users\/28"}],"replies":[{"embeddable":true,"href":"https:\/\/hijasdejesus.org\/pt-br\/wp-json\/wp\/v2\/comments?post=29871"}],"version-history":[{"count":0,"href":"https:\/\/hijasdejesus.org\/pt-br\/wp-json\/wp\/v2\/posts\/29871\/revisions"}],"wp:featuredmedia":[{"embeddable":true,"href":"https:\/\/hijasdejesus.org\/pt-br\/wp-json\/wp\/v2\/media\/11888"}],"wp:attachment":[{"href":"https:\/\/hijasdejesus.org\/pt-br\/wp-json\/wp\/v2\/media?parent=29871"}],"wp:term":[{"taxonomy":"category","embeddable":true,"href":"https:\/\/hijasdejesus.org\/pt-br\/wp-json\/wp\/v2\/categories?post=29871"},{"taxonomy":"post_tag","embeddable":true,"href":"https:\/\/hijasdejesus.org\/pt-br\/wp-json\/wp\/v2\/tags?post=29871"}],"curies":[{"name":"wp","href":"https:\/\/api.w.org\/{rel}","templated":true}]}}