{"id":29886,"date":"2022-06-14T12:50:42","date_gmt":"2022-06-14T10:50:42","guid":{"rendered":"https:\/\/nueva.hijasdejesus.org\/algo-novo-nasceu-e-esta-crescendo\/"},"modified":"2022-06-14T12:50:42","modified_gmt":"2022-06-14T10:50:42","slug":"algo-novo-nasceu-e-esta-crescendo","status":"publish","type":"post","link":"https:\/\/hijasdejesus.org\/pt-br\/algo-novo-nasceu-e-esta-crescendo\/","title":{"rendered":"Algo novo nasceu e est\u00e1 crescendo"},"content":{"rendered":"<\/p>\n<p>Hoje, agora em solo dominicano, preparo-me para compartilhar e refazer o longo caminho de nossa passagem, como <strong>Congrega\u00e7\u00e3o de Filhas de Jesus,<\/strong> pela Venezuela.<\/p>\n<p>As primeiras irm\u00e3s chegaram em 24 de setembro de 1984 com a bela miss\u00e3o de dar suas vidas a Jesus e compartilhar a tarefa educacional em uma rede com Fe y Alegr\u00eda. Assim, em 5 de dezembro de 1985, <strong>nasceu a Escuela T\u00e9cnica C\u00e1ndida Mar\u00eda de Jes\u00fas &#8211; Fe y Alegr\u00eda.<\/strong><\/p>\n<p>Desde aquele 24 de setembro at\u00e9 hoje, v\u00e1rias irm\u00e3s da <strong>Col\u00f4mbia, Espanha, Venezuela e Rep\u00fablica Dominicana<\/strong> t\u00eam acompanhado o processo educacional e a vida de Fe de la Villa del Rosario. Foi o primeiro lugar onde chegamos e onde permanecemos at\u00e9 o final de nossa partida f\u00edsica. Durante este tempo, tamb\u00e9m acompanhamos escolas em <strong>Tovar, Caracas<\/strong>. E em <strong>M\u00e9rida<\/strong>, a casa de Exerc\u00edcios Espirituais San Javier del Valle.<\/p>\n<p>Durante estes 38 anos de presen\u00e7a f\u00edsica na Venezuela, <strong>somos testemunhas do imenso acolhimento, das alegrias e das b\u00ean\u00e7\u00e3os que esta bela terra nos deu<\/strong>, n\u00e3o s\u00f3 \u00e0s pessoas que por aqui passaram, mas a toda a Congrega\u00e7\u00e3o.<\/p>\n<p>H\u00e1 tantas coisas que gostar\u00edamos de dizer que nos faltam palavras e temos demasiados sentimentos. Datas, lugares, pessoas, nomes concretos&#8230; hist\u00f3rias&#8230; experi\u00eancias profundas&#8230; que, juntas, Filhas de Jesus e leigos continuar\u00e3o a levar em nossos cora\u00e7\u00f5es com <strong>profunda gratid\u00e3o ao Pai por nos ter dado o dom de sentir e ser FAM\u00cdLIA.<\/strong><\/p>\n<p>Esta partilha de miss\u00e3o, evangelho e educa\u00e7\u00e3o formal e informal abriu novos caminhos quando, em 13 de novembro de 2000, ap\u00f3s um profundo discernimento e cont\u00ednua busca di\u00e1ria, a comunidade se mudou para um setor de invas\u00e3o chamado Maria Alejandra e, pouco a pouco, foi ampliado com as invas\u00f5es de 26 de Enero, Sim\u00f3n Bol\u00edvar, Los tres Barrios, la Ca\u00f1ada&#8230;<\/p>\n<p>Sem deixar a escola, as Irm\u00e3s tornaram-se vizinhas dos Wayuu, a maioria dos ind\u00edgenas desses setores, e dos colombianos deslocados. <strong>Esta proximidade nos ajudou a ouvir mais claramente seus desejos, anseios, gritos de vida, direitos, justi\u00e7a e esperan\u00e7a.<\/strong> Pouco a pouco, mulheres simples e homens e mulheres leigas da par\u00f3quia de Cristo Rey e da Diocese de Machiques se uniram com sua f\u00e9 e contribui\u00e7\u00e3o profissional para a miss\u00e3o evangelizadora. Desta forma, seguimos caminhos de crescimento, solidariedade e compromisso a partir do pouco ou muito que cada um de n\u00f3s podia compartilhar.<\/p>\n<p><img loading=\"lazy\" decoding=\"async\" class=\" size-full wp-image-11922\" style=\"display: block; margin-left: auto; margin-right: auto;\" src=\"https:\/\/hijasdejesus.org\/wp-content\/uploads\/2022\/06\/2022-06-16_despedida_Venezuela_2.jpeg\" alt=\"\" width=\"526\" height=\"394\" srcset=\"https:\/\/hijasdejesus.org\/wp-content\/uploads\/2022\/06\/2022-06-16_despedida_Venezuela_2.jpeg 526w, https:\/\/hijasdejesus.org\/wp-content\/uploads\/2022\/06\/2022-06-16_despedida_Venezuela_2-480x360.jpeg 480w\" sizes=\"(min-width: 0px) and (max-width: 480px) 480px, (min-width: 481px) 526px, 100vw\" \/><\/p>\n<p>E assim foi, Filhas de Jesus, leigos unidos \u00e0 Diocese e \u00e0 par\u00f3quia, em cont\u00ednua escuta da realidade e da Palavra, <strong>assistimos ao nascimento da Pastoral da Primeira Inf\u00e2ncia, aos projetos FASFI, \u00e0 forma\u00e7\u00e3o e promo\u00e7\u00e3o da mulher, \u00e0 educa\u00e7\u00e3o de adultos (IRFA), \u00e0 Escola de Teologia para leigos, ao trabalho em rede<\/strong> com CARITAS, HUELLAS, AVESSOC, GUMILLA, FUDEP.<\/p>\n<p><strong>&#8220;E Deus viu que tudo era bom&#8221;<\/strong>&#8230; E nos convidou a deixar crescer e multiplicar o carisma e a miss\u00e3o como a <strong>FAM\u00cdLIA DA M\u00c3E CANDIDATURA<\/strong>. Ele nos encorajou a dar lugar \u00e0 HIST\u00d3RIA que \u00e9 sempre a salva\u00e7\u00e3o. Ela nos encheu de sua GRA\u00c7A para viver na P\u00e1scoa, para soltar apegos e caminhar em liberdade, como nos lembra a tape\u00e7aria Wayuu, cheia de cor, vida e for\u00e7a, fala de uma alegria profunda e muitas vezes silenciosa que \u00e9 dada e compartilhada com simplicidade evang\u00e9lica, gritando aos quatro ventos:<strong><em> &#8220;ANIYA MAL\u00c9IWA&#8221;<\/em> = Deus ainda est\u00e1 aqui. Esta \u00e9 sua HIST\u00d3RIA.<\/strong> E ap\u00f3s um profundo processo de discernimento, o Esp\u00edrito de Jesus nos confirmou, o Corpo e os homens e mulheres leigos, no desejo de sermos instrumentos em suas m\u00e3os <strong>para continuar sua miss\u00e3o nesta terra venezuelana a partir da Espiritualidade de Madre C\u00e2ndida.<\/strong><\/p>\n<p>Portanto, com alegria evang\u00e9lica, <strong>afirmamos que em 29 de maio de 2022 nada foi encerrado<\/strong>; um novo cap\u00edtulo desta Miss\u00e3o Compartilhada come\u00e7ou, agora acompanhado por uma equipe de homens e mulheres leigos venezuelanos que, ligados \u00e0 espiritualidade de Santa C\u00e2ndida, se constitu\u00edram como <a href=\"https:\/\/www.hijasdejesus.org\/index.php?option=com_content&amp;view=article&amp;id=2443;nasce-a-asociacion-civil-familia-madre-candida-venezuela&amp;catid=14&amp;Itemid=143&amp;lang=pt\">Associa\u00e7\u00e3o Civil da Fam\u00edlia M\u00e3e C\u00e2ndida<\/a> e est\u00e3o em processo de aprova\u00e7\u00e3o civil de acordo com as leis do pa\u00eds.<\/p>\n<p><img loading=\"lazy\" decoding=\"async\" class=\" alignright size-full wp-image-11924\" style=\"float: right;\" src=\"https:\/\/hijasdejesus.org\/wp-content\/uploads\/2022\/06\/2022-06-16_despedida_Venezuela_1.jpeg\" alt=\"\" width=\"220\" height=\"247\" \/><\/p>\n<p>Para lembr\u00e1-lo sempre, quisemos deixar este <strong>desenho que humildemente quer simbolizar o que tem sido nossa passagem pela Venezuela.<\/strong> A Cruz no meio da Serra de Perij\u00e1. Quer\u00edamos carregar Jesus, falar dEle com nossas vidas, caminhar humildemente com Ele junto com nossos irm\u00e3os e irm\u00e3s. Jesus no centro. Jesus, que abriu nossos olhos e cora\u00e7\u00f5es para acolher e amar o que \u00e9 diferente e nos fez sentir que o que \u00e9 diferente mudou e nos enriqueceu. Temos conhecimento compartilhado. <strong>Temos sido irm\u00e3s, amigas, vizinhas&#8230; Temos desfrutado e sofrido&#8230; Temos sido, com outros e com outros.<\/strong><\/p>\n<p>Mulheres, fam\u00edlias, crian\u00e7as, jovens&#8230;. <strong>Nossa contribui\u00e7\u00e3o tem sido ajudar as pessoas a compreender que se pode levantar, que juntos podemos alcan\u00e7ar, que podemos dan\u00e7ar.<\/strong> \u00c9 um sonho e tamb\u00e9m um caminho.<\/p>\n<p>Aos p\u00e9s da Serra, h\u00e1 pequenas flores. <strong>Nesta hist\u00f3ria h\u00e1 muita sementeira, muita semente<\/strong> (La Villa, San Javier, Tovar, Caracas) e tamb\u00e9m frutas que j\u00e1 est\u00e3o l\u00e1 e frutas que sem d\u00favida continuar\u00e3o a crescer.<\/p>\n<p>Nos \u00faltimos dias em La Villa, <strong>experimentamos fortemente o afeto sincero e grato de tantas pessoas pelas Filhas de Jesus.<\/strong> Nossa casa est\u00e1 repleta de pessoas que vieram passar algum tempo conosco, lembrando e nomeando com carinho cada irm\u00e3 que passou por aqui.<\/p>\n<p>Em conclus\u00e3o, podemos dizer que nossa hist\u00f3ria (dita na moni\u00e7\u00e3o da Eucaristia de despedida) t<strong>em sido e \u00e9 uma hist\u00f3ria de amizade e servi\u00e7o, de constru\u00e7\u00e3o do Reino a partir das coisas simples de cada dia.<\/strong><\/p>\n<p style=\"text-align: left;\"><em><strong>Mar\u00eda del Carmen Caballero e Matilde Polanco \u00c1lvarez, Filhas de Jesus<\/strong><\/em><\/p>\n<p>\u00a0<\/p>\n","protected":false},"excerpt":{"rendered":"<p>Hoje, agora em solo dominicano, preparo-me para compartilhar e refazer o longo caminho de nossa passagem, como Congrega\u00e7\u00e3o de Filhas de Jesus, pela Venezuela. As primeiras irm\u00e3s chegaram em 24 de setembro de 1984 com a bela miss\u00e3o de dar suas vidas a Jesus e compartilhar a tarefa educacional em uma rede com Fe y [&hellip;]<\/p>\n","protected":false},"author":28,"featured_media":11920,"comment_status":"closed","ping_status":"closed","sticky":false,"template":"","format":"standard","meta":{"_et_pb_use_builder":"","_et_pb_old_content":"","_et_gb_content_width":"","footnotes":"","_links_to":"","_links_to_target":""},"categories":[483,539,469,551],"tags":[],"class_list":["post-29886","post","type-post","status-publish","format-standard","has-post-thumbnail","hentry","category-america-andina-pt-br","category-leigos","category-noticias-pt-br","category-venezuela-pt-br"],"yoast_head":"<!-- This site is optimized with the Yoast SEO plugin v27.5 - https:\/\/yoast.com\/product\/yoast-seo-wordpress\/ -->\n<title>Algo novo nasceu e est\u00e1 crescendo - Hijas de Jes\u00fas<\/title>\n<meta name=\"robots\" content=\"index, follow, max-snippet:-1, max-image-preview:large, max-video-preview:-1\" \/>\n<link rel=\"canonical\" href=\"https:\/\/hijasdejesus.org\/pt-br\/algo-novo-nasceu-e-esta-crescendo\/\" \/>\n<meta property=\"og:locale\" content=\"pt_BR\" \/>\n<meta property=\"og:type\" content=\"article\" \/>\n<meta property=\"og:title\" content=\"Algo novo nasceu e est\u00e1 crescendo - Hijas de Jes\u00fas\" \/>\n<meta property=\"og:description\" content=\"Hoje, agora em solo dominicano, preparo-me para compartilhar e refazer o longo caminho de nossa passagem, como Congrega\u00e7\u00e3o de Filhas de Jesus, pela Venezuela. As primeiras irm\u00e3s chegaram em 24 de setembro de 1984 com a bela miss\u00e3o de dar suas vidas a Jesus e compartilhar a tarefa educacional em uma rede com Fe y [&hellip;]\" \/>\n<meta property=\"og:url\" content=\"https:\/\/hijasdejesus.org\/pt-br\/algo-novo-nasceu-e-esta-crescendo\/\" \/>\n<meta property=\"og:site_name\" content=\"Hijas de Jes\u00fas\" \/>\n<meta property=\"article:publisher\" content=\"https:\/\/www.facebook.com\/hijasdejesusenelmundo\/\" \/>\n<meta property=\"article:published_time\" content=\"2022-06-14T10:50:42+00:00\" \/>\n<meta property=\"og:image\" content=\"https:\/\/hijasdejesus.org\/wp-content\/uploads\/2022\/06\/2022-06-16_cabecera_despedida_Venezuela.png\" \/>\n\t<meta property=\"og:image:width\" content=\"2000\" \/>\n\t<meta property=\"og:image:height\" content=\"647\" \/>\n\t<meta property=\"og:image:type\" content=\"image\/png\" \/>\n<meta name=\"author\" content=\"Webmaster\" \/>\n<meta name=\"twitter:card\" content=\"summary_large_image\" \/>\n<meta name=\"twitter:creator\" content=\"@hijasdjesus\" \/>\n<meta name=\"twitter:site\" content=\"@hijasdjesus\" \/>\n<meta name=\"twitter:label1\" content=\"Escrito por\" \/>\n\t<meta name=\"twitter:data1\" content=\"Webmaster\" \/>\n\t<meta name=\"twitter:label2\" content=\"Est. tempo de leitura\" \/>\n\t<meta name=\"twitter:data2\" content=\"5 minutos\" \/>\n<script type=\"application\/ld+json\" class=\"yoast-schema-graph\">{\"@context\":\"https:\\\/\\\/schema.org\",\"@graph\":[{\"@type\":\"Article\",\"@id\":\"https:\\\/\\\/hijasdejesus.org\\\/pt-br\\\/algo-novo-nasceu-e-esta-crescendo\\\/#article\",\"isPartOf\":{\"@id\":\"https:\\\/\\\/hijasdejesus.org\\\/pt-br\\\/algo-novo-nasceu-e-esta-crescendo\\\/\"},\"author\":{\"name\":\"Webmaster\",\"@id\":\"https:\\\/\\\/hijasdejesus.org\\\/pt-br\\\/#\\\/schema\\\/person\\\/ce4455965da733f2791f23b6ec14e9b6\"},\"headline\":\"Algo novo nasceu e est\u00e1 crescendo\",\"datePublished\":\"2022-06-14T10:50:42+00:00\",\"mainEntityOfPage\":{\"@id\":\"https:\\\/\\\/hijasdejesus.org\\\/pt-br\\\/algo-novo-nasceu-e-esta-crescendo\\\/\"},\"wordCount\":991,\"publisher\":{\"@id\":\"https:\\\/\\\/hijasdejesus.org\\\/pt-br\\\/#organization\"},\"image\":{\"@id\":\"https:\\\/\\\/hijasdejesus.org\\\/pt-br\\\/algo-novo-nasceu-e-esta-crescendo\\\/#primaryimage\"},\"thumbnailUrl\":\"https:\\\/\\\/hijasdejesus.org\\\/wp-content\\\/uploads\\\/2022\\\/06\\\/2022-06-16_cabecera_despedida_Venezuela.png\",\"articleSection\":[\"Am\u00e9rica Andina\",\"Leigos\",\"Not\u00edcias\",\"Venezuela\"],\"inLanguage\":\"pt-BR\"},{\"@type\":\"WebPage\",\"@id\":\"https:\\\/\\\/hijasdejesus.org\\\/pt-br\\\/algo-novo-nasceu-e-esta-crescendo\\\/\",\"url\":\"https:\\\/\\\/hijasdejesus.org\\\/pt-br\\\/algo-novo-nasceu-e-esta-crescendo\\\/\",\"name\":\"Algo novo nasceu e est\u00e1 crescendo - Hijas de Jes\u00fas\",\"isPartOf\":{\"@id\":\"https:\\\/\\\/hijasdejesus.org\\\/pt-br\\\/#website\"},\"primaryImageOfPage\":{\"@id\":\"https:\\\/\\\/hijasdejesus.org\\\/pt-br\\\/algo-novo-nasceu-e-esta-crescendo\\\/#primaryimage\"},\"image\":{\"@id\":\"https:\\\/\\\/hijasdejesus.org\\\/pt-br\\\/algo-novo-nasceu-e-esta-crescendo\\\/#primaryimage\"},\"thumbnailUrl\":\"https:\\\/\\\/hijasdejesus.org\\\/wp-content\\\/uploads\\\/2022\\\/06\\\/2022-06-16_cabecera_despedida_Venezuela.png\",\"datePublished\":\"2022-06-14T10:50:42+00:00\",\"breadcrumb\":{\"@id\":\"https:\\\/\\\/hijasdejesus.org\\\/pt-br\\\/algo-novo-nasceu-e-esta-crescendo\\\/#breadcrumb\"},\"inLanguage\":\"pt-BR\",\"potentialAction\":[{\"@type\":\"ReadAction\",\"target\":[\"https:\\\/\\\/hijasdejesus.org\\\/pt-br\\\/algo-novo-nasceu-e-esta-crescendo\\\/\"]}]},{\"@type\":\"ImageObject\",\"inLanguage\":\"pt-BR\",\"@id\":\"https:\\\/\\\/hijasdejesus.org\\\/pt-br\\\/algo-novo-nasceu-e-esta-crescendo\\\/#primaryimage\",\"url\":\"https:\\\/\\\/hijasdejesus.org\\\/wp-content\\\/uploads\\\/2022\\\/06\\\/2022-06-16_cabecera_despedida_Venezuela.png\",\"contentUrl\":\"https:\\\/\\\/hijasdejesus.org\\\/wp-content\\\/uploads\\\/2022\\\/06\\\/2022-06-16_cabecera_despedida_Venezuela.png\",\"width\":2000,\"height\":647},{\"@type\":\"BreadcrumbList\",\"@id\":\"https:\\\/\\\/hijasdejesus.org\\\/pt-br\\\/algo-novo-nasceu-e-esta-crescendo\\\/#breadcrumb\",\"itemListElement\":[{\"@type\":\"ListItem\",\"position\":1,\"name\":\"Portada\",\"item\":\"https:\\\/\\\/hijasdejesus.org\\\/pt-br\\\/\"},{\"@type\":\"ListItem\",\"position\":2,\"name\":\"Algo novo nasceu e est\u00e1 crescendo\"}]},{\"@type\":\"WebSite\",\"@id\":\"https:\\\/\\\/hijasdejesus.org\\\/pt-br\\\/#website\",\"url\":\"https:\\\/\\\/hijasdejesus.org\\\/pt-br\\\/\",\"name\":\"Hijas de Jes\u00fas\",\"description\":\"Despertamos a Jes\u00fas en el coraz\u00f3n, sacando lo mejor de las personas. Somos una congregaci\u00f3n religiosa ignaciana fundada por la Madre Candida\",\"publisher\":{\"@id\":\"https:\\\/\\\/hijasdejesus.org\\\/pt-br\\\/#organization\"},\"potentialAction\":[{\"@type\":\"SearchAction\",\"target\":{\"@type\":\"EntryPoint\",\"urlTemplate\":\"https:\\\/\\\/hijasdejesus.org\\\/pt-br\\\/?s={search_term_string}\"},\"query-input\":{\"@type\":\"PropertyValueSpecification\",\"valueRequired\":true,\"valueName\":\"search_term_string\"}}],\"inLanguage\":\"pt-BR\"},{\"@type\":\"Organization\",\"@id\":\"https:\\\/\\\/hijasdejesus.org\\\/pt-br\\\/#organization\",\"name\":\"Hijas de Jes\u00fas\",\"url\":\"https:\\\/\\\/hijasdejesus.org\\\/pt-br\\\/\",\"logo\":{\"@type\":\"ImageObject\",\"inLanguage\":\"pt-BR\",\"@id\":\"https:\\\/\\\/hijasdejesus.org\\\/pt-br\\\/#\\\/schema\\\/logo\\\/image\\\/\",\"url\":\"https:\\\/\\\/hijasdejesus.org\\\/wp-content\\\/uploads\\\/2023\\\/01\\\/Hijas-de-Jesus_hor-A7C957.png\",\"contentUrl\":\"https:\\\/\\\/hijasdejesus.org\\\/wp-content\\\/uploads\\\/2023\\\/01\\\/Hijas-de-Jesus_hor-A7C957.png\",\"width\":700,\"height\":360,\"caption\":\"Hijas de Jes\u00fas\"},\"image\":{\"@id\":\"https:\\\/\\\/hijasdejesus.org\\\/pt-br\\\/#\\\/schema\\\/logo\\\/image\\\/\"},\"sameAs\":[\"https:\\\/\\\/www.facebook.com\\\/hijasdejesusenelmundo\\\/\",\"https:\\\/\\\/x.com\\\/hijasdjesus\"]},{\"@type\":\"Person\",\"@id\":\"https:\\\/\\\/hijasdejesus.org\\\/pt-br\\\/#\\\/schema\\\/person\\\/ce4455965da733f2791f23b6ec14e9b6\",\"name\":\"Webmaster\",\"image\":{\"@type\":\"ImageObject\",\"inLanguage\":\"pt-BR\",\"@id\":\"https:\\\/\\\/secure.gravatar.com\\\/avatar\\\/cfd0acaac86c3981d541d2e99a0ffb7b6d33a5ac8989a62f5518b9e0f7ee128a?s=96&d=mm&r=g\",\"url\":\"https:\\\/\\\/secure.gravatar.com\\\/avatar\\\/cfd0acaac86c3981d541d2e99a0ffb7b6d33a5ac8989a62f5518b9e0f7ee128a?s=96&d=mm&r=g\",\"contentUrl\":\"https:\\\/\\\/secure.gravatar.com\\\/avatar\\\/cfd0acaac86c3981d541d2e99a0ffb7b6d33a5ac8989a62f5518b9e0f7ee128a?s=96&d=mm&r=g\",\"caption\":\"Webmaster\"},\"url\":\"https:\\\/\\\/hijasdejesus.org\\\/pt-br\\\/author\\\/webmaster\\\/\"}]}<\/script>\n<!-- \/ Yoast SEO plugin. -->","yoast_head_json":{"title":"Algo novo nasceu e est\u00e1 crescendo - Hijas de Jes\u00fas","robots":{"index":"index","follow":"follow","max-snippet":"max-snippet:-1","max-image-preview":"max-image-preview:large","max-video-preview":"max-video-preview:-1"},"canonical":"https:\/\/hijasdejesus.org\/pt-br\/algo-novo-nasceu-e-esta-crescendo\/","og_locale":"pt_BR","og_type":"article","og_title":"Algo novo nasceu e est\u00e1 crescendo - Hijas de Jes\u00fas","og_description":"Hoje, agora em solo dominicano, preparo-me para compartilhar e refazer o longo caminho de nossa passagem, como Congrega\u00e7\u00e3o de Filhas de Jesus, pela Venezuela. As primeiras irm\u00e3s chegaram em 24 de setembro de 1984 com a bela miss\u00e3o de dar suas vidas a Jesus e compartilhar a tarefa educacional em uma rede com Fe y [&hellip;]","og_url":"https:\/\/hijasdejesus.org\/pt-br\/algo-novo-nasceu-e-esta-crescendo\/","og_site_name":"Hijas de Jes\u00fas","article_publisher":"https:\/\/www.facebook.com\/hijasdejesusenelmundo\/","article_published_time":"2022-06-14T10:50:42+00:00","og_image":[{"width":2000,"height":647,"url":"https:\/\/hijasdejesus.org\/wp-content\/uploads\/2022\/06\/2022-06-16_cabecera_despedida_Venezuela.png","type":"image\/png"}],"author":"Webmaster","twitter_card":"summary_large_image","twitter_creator":"@hijasdjesus","twitter_site":"@hijasdjesus","twitter_misc":{"Escrito por":"Webmaster","Est. tempo de leitura":"5 minutos"},"schema":{"@context":"https:\/\/schema.org","@graph":[{"@type":"Article","@id":"https:\/\/hijasdejesus.org\/pt-br\/algo-novo-nasceu-e-esta-crescendo\/#article","isPartOf":{"@id":"https:\/\/hijasdejesus.org\/pt-br\/algo-novo-nasceu-e-esta-crescendo\/"},"author":{"name":"Webmaster","@id":"https:\/\/hijasdejesus.org\/pt-br\/#\/schema\/person\/ce4455965da733f2791f23b6ec14e9b6"},"headline":"Algo novo nasceu e est\u00e1 crescendo","datePublished":"2022-06-14T10:50:42+00:00","mainEntityOfPage":{"@id":"https:\/\/hijasdejesus.org\/pt-br\/algo-novo-nasceu-e-esta-crescendo\/"},"wordCount":991,"publisher":{"@id":"https:\/\/hijasdejesus.org\/pt-br\/#organization"},"image":{"@id":"https:\/\/hijasdejesus.org\/pt-br\/algo-novo-nasceu-e-esta-crescendo\/#primaryimage"},"thumbnailUrl":"https:\/\/hijasdejesus.org\/wp-content\/uploads\/2022\/06\/2022-06-16_cabecera_despedida_Venezuela.png","articleSection":["Am\u00e9rica Andina","Leigos","Not\u00edcias","Venezuela"],"inLanguage":"pt-BR"},{"@type":"WebPage","@id":"https:\/\/hijasdejesus.org\/pt-br\/algo-novo-nasceu-e-esta-crescendo\/","url":"https:\/\/hijasdejesus.org\/pt-br\/algo-novo-nasceu-e-esta-crescendo\/","name":"Algo novo nasceu e est\u00e1 crescendo - Hijas de Jes\u00fas","isPartOf":{"@id":"https:\/\/hijasdejesus.org\/pt-br\/#website"},"primaryImageOfPage":{"@id":"https:\/\/hijasdejesus.org\/pt-br\/algo-novo-nasceu-e-esta-crescendo\/#primaryimage"},"image":{"@id":"https:\/\/hijasdejesus.org\/pt-br\/algo-novo-nasceu-e-esta-crescendo\/#primaryimage"},"thumbnailUrl":"https:\/\/hijasdejesus.org\/wp-content\/uploads\/2022\/06\/2022-06-16_cabecera_despedida_Venezuela.png","datePublished":"2022-06-14T10:50:42+00:00","breadcrumb":{"@id":"https:\/\/hijasdejesus.org\/pt-br\/algo-novo-nasceu-e-esta-crescendo\/#breadcrumb"},"inLanguage":"pt-BR","potentialAction":[{"@type":"ReadAction","target":["https:\/\/hijasdejesus.org\/pt-br\/algo-novo-nasceu-e-esta-crescendo\/"]}]},{"@type":"ImageObject","inLanguage":"pt-BR","@id":"https:\/\/hijasdejesus.org\/pt-br\/algo-novo-nasceu-e-esta-crescendo\/#primaryimage","url":"https:\/\/hijasdejesus.org\/wp-content\/uploads\/2022\/06\/2022-06-16_cabecera_despedida_Venezuela.png","contentUrl":"https:\/\/hijasdejesus.org\/wp-content\/uploads\/2022\/06\/2022-06-16_cabecera_despedida_Venezuela.png","width":2000,"height":647},{"@type":"BreadcrumbList","@id":"https:\/\/hijasdejesus.org\/pt-br\/algo-novo-nasceu-e-esta-crescendo\/#breadcrumb","itemListElement":[{"@type":"ListItem","position":1,"name":"Portada","item":"https:\/\/hijasdejesus.org\/pt-br\/"},{"@type":"ListItem","position":2,"name":"Algo novo nasceu e est\u00e1 crescendo"}]},{"@type":"WebSite","@id":"https:\/\/hijasdejesus.org\/pt-br\/#website","url":"https:\/\/hijasdejesus.org\/pt-br\/","name":"Hijas de Jes\u00fas","description":"Despertamos a Jes\u00fas en el coraz\u00f3n, sacando lo mejor de las personas. Somos una congregaci\u00f3n religiosa ignaciana fundada por la Madre Candida","publisher":{"@id":"https:\/\/hijasdejesus.org\/pt-br\/#organization"},"potentialAction":[{"@type":"SearchAction","target":{"@type":"EntryPoint","urlTemplate":"https:\/\/hijasdejesus.org\/pt-br\/?s={search_term_string}"},"query-input":{"@type":"PropertyValueSpecification","valueRequired":true,"valueName":"search_term_string"}}],"inLanguage":"pt-BR"},{"@type":"Organization","@id":"https:\/\/hijasdejesus.org\/pt-br\/#organization","name":"Hijas de Jes\u00fas","url":"https:\/\/hijasdejesus.org\/pt-br\/","logo":{"@type":"ImageObject","inLanguage":"pt-BR","@id":"https:\/\/hijasdejesus.org\/pt-br\/#\/schema\/logo\/image\/","url":"https:\/\/hijasdejesus.org\/wp-content\/uploads\/2023\/01\/Hijas-de-Jesus_hor-A7C957.png","contentUrl":"https:\/\/hijasdejesus.org\/wp-content\/uploads\/2023\/01\/Hijas-de-Jesus_hor-A7C957.png","width":700,"height":360,"caption":"Hijas de Jes\u00fas"},"image":{"@id":"https:\/\/hijasdejesus.org\/pt-br\/#\/schema\/logo\/image\/"},"sameAs":["https:\/\/www.facebook.com\/hijasdejesusenelmundo\/","https:\/\/x.com\/hijasdjesus"]},{"@type":"Person","@id":"https:\/\/hijasdejesus.org\/pt-br\/#\/schema\/person\/ce4455965da733f2791f23b6ec14e9b6","name":"Webmaster","image":{"@type":"ImageObject","inLanguage":"pt-BR","@id":"https:\/\/secure.gravatar.com\/avatar\/cfd0acaac86c3981d541d2e99a0ffb7b6d33a5ac8989a62f5518b9e0f7ee128a?s=96&d=mm&r=g","url":"https:\/\/secure.gravatar.com\/avatar\/cfd0acaac86c3981d541d2e99a0ffb7b6d33a5ac8989a62f5518b9e0f7ee128a?s=96&d=mm&r=g","contentUrl":"https:\/\/secure.gravatar.com\/avatar\/cfd0acaac86c3981d541d2e99a0ffb7b6d33a5ac8989a62f5518b9e0f7ee128a?s=96&d=mm&r=g","caption":"Webmaster"},"url":"https:\/\/hijasdejesus.org\/pt-br\/author\/webmaster\/"}]}},"_links":{"self":[{"href":"https:\/\/hijasdejesus.org\/pt-br\/wp-json\/wp\/v2\/posts\/29886","targetHints":{"allow":["GET"]}}],"collection":[{"href":"https:\/\/hijasdejesus.org\/pt-br\/wp-json\/wp\/v2\/posts"}],"about":[{"href":"https:\/\/hijasdejesus.org\/pt-br\/wp-json\/wp\/v2\/types\/post"}],"author":[{"embeddable":true,"href":"https:\/\/hijasdejesus.org\/pt-br\/wp-json\/wp\/v2\/users\/28"}],"replies":[{"embeddable":true,"href":"https:\/\/hijasdejesus.org\/pt-br\/wp-json\/wp\/v2\/comments?post=29886"}],"version-history":[{"count":0,"href":"https:\/\/hijasdejesus.org\/pt-br\/wp-json\/wp\/v2\/posts\/29886\/revisions"}],"wp:featuredmedia":[{"embeddable":true,"href":"https:\/\/hijasdejesus.org\/pt-br\/wp-json\/wp\/v2\/media\/11920"}],"wp:attachment":[{"href":"https:\/\/hijasdejesus.org\/pt-br\/wp-json\/wp\/v2\/media?parent=29886"}],"wp:term":[{"taxonomy":"category","embeddable":true,"href":"https:\/\/hijasdejesus.org\/pt-br\/wp-json\/wp\/v2\/categories?post=29886"},{"taxonomy":"post_tag","embeddable":true,"href":"https:\/\/hijasdejesus.org\/pt-br\/wp-json\/wp\/v2\/tags?post=29886"}],"curies":[{"name":"wp","href":"https:\/\/api.w.org\/{rel}","templated":true}]}}