{"id":29904,"date":"2022-07-11T13:10:10","date_gmt":"2022-07-11T11:10:10","guid":{"rendered":"https:\/\/nueva.hijasdejesus.org\/25-carta-de-graciela-nomeacoes-e-embarques\/"},"modified":"2022-07-11T13:10:46","modified_gmt":"2022-07-11T11:10:46","slug":"25-carta-de-graciela-nomeacoes-e-embarques","status":"publish","type":"post","link":"https:\/\/hijasdejesus.org\/pt-br\/25-carta-de-graciela-nomeacoes-e-embarques\/","title":{"rendered":"25\u00aa carta de Graciela: Nomea\u00e7\u00f5es e embarques"},"content":{"rendered":"<\/p>\n<p>Na v\u00e9spera de sua viagem \u00e0 Argentina e ao Brasil, Graciela nos escreveu uma carta na qual ela compartilhou conosco alguns compromissos e embarques recentes.<\/p>\n<p>GOVERNO PROVINCIAL DA ESPANHA-IT\u00c1LIA para o tri\u00eanio 2022-2025.<\/p>\n<p>Superior Provincial:<\/p>\n<p style=\"padding-left: 60px;\">Ir. <em><strong>Mar\u00eda Rosa Espinosa Calvo<\/strong><\/em><\/p>\n<p style=\"padding-left: 30px;\">Conselheiros provinciais:<\/p>\n<p style=\"padding-left: 60px;\">Primeira Conselheira: Ir. <em><strong>Mar\u00eda del Mar Dom\u00ednguez L\u00f3pez<\/strong><\/em><\/p>\n<p style=\"padding-left: 60px;\">Segunda Conselheira: Ir. <em><strong>Mar\u00eda Teresa Garc\u00eda Rom\u00e1n<\/strong><\/em><\/p>\n<p style=\"padding-left: 60px;\">Terceira Conselheira: Ir. <em><strong>Mar\u00eda de la O Mart\u00ednez Mart\u00edn<\/strong><\/em><\/p>\n<p style=\"padding-left: 60px;\">Quarta Conselheira: Ir. <em><strong>Beatriz Neff Atance<\/strong><\/em><\/p>\n<p>Este novo governo iniciar\u00e1 seus trabalhos em 1\u00ba de setembro.<\/p>\n<p>\u00a0<\/p>\n<p>NOMEA\u00c7\u00c3O DO SECRET\u00c1RIO GERAL<\/p>\n<p>Graciela nomeou a Ir. <em><strong>Gloria Albiac<\/strong><\/em> como a nova Secret\u00e1ria Geral. Ela come\u00e7ar\u00e1 seu servi\u00e7o no dia 12 de setembro.<\/p>\n<p><em><strong>Ana M\u00aa Baeza<\/strong><\/em>, a atual secret\u00e1ria, continuar\u00e1 na Casa da C\u00faria como Superiora.<\/p>\n<p>\u00a0<\/p>\n<p>ENVIO DE SR. MATILDE POLANCO<\/p>\n<p>A Superiora Geral diz em sua carta:<\/p>\n<p style=\"padding-left: 30px;\">Agora que o processo dos leigos na Venezuela foi orientado e dirigido, enviei <strong>Matilde<\/strong> da Prov\u00edncia da Am\u00e9rica Andina para a Prov\u00edncia do Brasil-Caribe, especificamente para a <strong>Rep\u00fablica Dominicana<\/strong>.<\/p>\n<p style=\"padding-left: 30px;\">Por quanto temos que agradecer a Matilde! Sua dedica\u00e7\u00e3o generosa, dispon\u00edvel e afetuosa \u00e0 realidade de sofrimento da Venezuela; seu constante encorajamento, sua disposi\u00e7\u00e3o espiritual, sua paix\u00e3o pelo Reino. N\u00e3o esque\u00e7amos que Matilde esteve sozinha na Venezuela por mais de dois anos, mas sem d\u00favida ela teve uma experi\u00eancia do Corpo que ela nos transmitiu de muitas maneiras. Aqui vemos como \u00e9 importante <strong>estarmos unidos em esp\u00edrito, al\u00e9m de nossa presen\u00e7a f\u00edsica.<\/strong> \u00c0s vezes surgem situa\u00e7\u00f5es que, embora n\u00e3o sejam o que desejamos, s\u00e3o o que podemos experimentar. Mas se nosso ser uma Filha de Jesus e nossa perten\u00e7a est\u00e3o fortemente enraizados, isso \u00e9 levado com eleg\u00e2ncia carism\u00e1tica. Obrigado, querida Matilda!<\/p>\n<p>Ela termina esta carta recomendando \u00e0s nossas ora\u00e7\u00f5es as viagens e visitas destes dois meses (de<strong> 10 a 14 de julho<\/strong> ela est\u00e1 visitando o Noviciado Internacional de C\u00f3rdoba -Argentina- e, a partir do <strong>dia 28 e durante todo o m\u00eas de agosto<\/strong>, ela far\u00e1 a visita can\u00f4nica \u00e0s comunidades do Brasil).<\/p>\n<p>E ele se despede&#8230;<\/p>\n<p style=\"padding-left: 30px;\"><em>com o <strong>desejo de que possamos permanecer unidos<\/strong> em nossa dedica\u00e7\u00e3o di\u00e1ria ao Senhor e a nossos irm\u00e3os e irm\u00e3s.<\/em><\/p>\n","protected":false},"excerpt":{"rendered":"<p>Na v\u00e9spera de sua viagem \u00e0 Argentina e ao Brasil, Graciela nos escreveu uma carta na qual ela compartilhou conosco alguns compromissos e embarques recentes. GOVERNO PROVINCIAL DA ESPANHA-IT\u00c1LIA para o tri\u00eanio 2022-2025. Superior Provincial: Ir. Mar\u00eda Rosa Espinosa Calvo Conselheiros provinciais: Primeira Conselheira: Ir. Mar\u00eda del Mar Dom\u00ednguez L\u00f3pez Segunda Conselheira: Ir. Mar\u00eda Teresa [&hellip;]<\/p>\n","protected":false},"author":28,"featured_media":11954,"comment_status":"closed","ping_status":"closed","sticky":false,"template":"","format":"standard","meta":{"_et_pb_use_builder":"","_et_pb_old_content":"","_et_gb_content_width":"","footnotes":"","_links_to":"","_links_to_target":""},"categories":[527,529,469],"tags":[],"class_list":["post-29904","post","type-post","status-publish","format-standard","has-post-thumbnail","hentry","category-governo_geral","category-hijas-de-jesus-pt-br","category-noticias-pt-br"],"yoast_head":"<!-- This site is optimized with the Yoast SEO plugin v27.4 - https:\/\/yoast.com\/product\/yoast-seo-wordpress\/ -->\n<title>25\u00aa carta de Graciela: Nomea\u00e7\u00f5es e embarques - Hijas de Jes\u00fas<\/title>\n<meta name=\"robots\" content=\"index, follow, max-snippet:-1, max-image-preview:large, max-video-preview:-1\" \/>\n<link rel=\"canonical\" href=\"https:\/\/hijasdejesus.org\/pt-br\/25-carta-de-graciela-nomeacoes-e-embarques\/\" \/>\n<meta property=\"og:locale\" content=\"pt_BR\" \/>\n<meta property=\"og:type\" content=\"article\" \/>\n<meta property=\"og:title\" content=\"25\u00aa carta de Graciela: Nomea\u00e7\u00f5es e embarques - Hijas de Jes\u00fas\" \/>\n<meta property=\"og:description\" content=\"Na v\u00e9spera de sua viagem \u00e0 Argentina e ao Brasil, Graciela nos escreveu uma carta na qual ela compartilhou conosco alguns compromissos e embarques recentes. GOVERNO PROVINCIAL DA ESPANHA-IT\u00c1LIA para o tri\u00eanio 2022-2025. Superior Provincial: Ir. Mar\u00eda Rosa Espinosa Calvo Conselheiros provinciais: Primeira Conselheira: Ir. Mar\u00eda del Mar Dom\u00ednguez L\u00f3pez Segunda Conselheira: Ir. Mar\u00eda Teresa [&hellip;]\" \/>\n<meta property=\"og:url\" content=\"https:\/\/hijasdejesus.org\/pt-br\/25-carta-de-graciela-nomeacoes-e-embarques\/\" \/>\n<meta property=\"og:site_name\" content=\"Hijas de Jes\u00fas\" \/>\n<meta property=\"article:publisher\" content=\"https:\/\/www.facebook.com\/hijasdejesusenelmundo\/\" \/>\n<meta property=\"article:published_time\" content=\"2022-07-11T11:10:10+00:00\" \/>\n<meta property=\"article:modified_time\" content=\"2022-07-11T11:10:46+00:00\" \/>\n<meta property=\"og:image\" content=\"https:\/\/hijasdejesus.org\/wp-content\/uploads\/2022\/07\/2022-07-11_Carta_25_Graciela_PT_2.jpg\" \/>\n\t<meta property=\"og:image:width\" content=\"2000\" \/>\n\t<meta property=\"og:image:height\" content=\"647\" \/>\n\t<meta property=\"og:image:type\" content=\"image\/jpeg\" \/>\n<meta name=\"author\" content=\"Webmaster\" \/>\n<meta name=\"twitter:card\" content=\"summary_large_image\" \/>\n<meta name=\"twitter:creator\" content=\"@hijasdjesus\" \/>\n<meta name=\"twitter:site\" content=\"@hijasdjesus\" \/>\n<meta name=\"twitter:label1\" content=\"Escrito por\" \/>\n\t<meta name=\"twitter:data1\" content=\"Webmaster\" \/>\n\t<meta name=\"twitter:label2\" content=\"Est. tempo de leitura\" \/>\n\t<meta name=\"twitter:data2\" content=\"2 minutos\" \/>\n<script type=\"application\/ld+json\" class=\"yoast-schema-graph\">{\"@context\":\"https:\\\/\\\/schema.org\",\"@graph\":[{\"@type\":\"Article\",\"@id\":\"https:\\\/\\\/hijasdejesus.org\\\/pt-br\\\/25-carta-de-graciela-nomeacoes-e-embarques\\\/#article\",\"isPartOf\":{\"@id\":\"https:\\\/\\\/hijasdejesus.org\\\/pt-br\\\/25-carta-de-graciela-nomeacoes-e-embarques\\\/\"},\"author\":{\"name\":\"Webmaster\",\"@id\":\"https:\\\/\\\/hijasdejesus.org\\\/pt-br\\\/#\\\/schema\\\/person\\\/ce4455965da733f2791f23b6ec14e9b6\"},\"headline\":\"25\u00aa carta de Graciela: Nomea\u00e7\u00f5es e embarques\",\"datePublished\":\"2022-07-11T11:10:10+00:00\",\"dateModified\":\"2022-07-11T11:10:46+00:00\",\"mainEntityOfPage\":{\"@id\":\"https:\\\/\\\/hijasdejesus.org\\\/pt-br\\\/25-carta-de-graciela-nomeacoes-e-embarques\\\/\"},\"wordCount\":396,\"publisher\":{\"@id\":\"https:\\\/\\\/hijasdejesus.org\\\/pt-br\\\/#organization\"},\"image\":{\"@id\":\"https:\\\/\\\/hijasdejesus.org\\\/pt-br\\\/25-carta-de-graciela-nomeacoes-e-embarques\\\/#primaryimage\"},\"thumbnailUrl\":\"https:\\\/\\\/hijasdejesus.org\\\/wp-content\\\/uploads\\\/2022\\\/07\\\/2022-07-11_Carta_25_Graciela_PT_2.jpg\",\"articleSection\":[\"Governo geral\",\"Hijas de Jes\u00fas\",\"Not\u00edcias\"],\"inLanguage\":\"pt-BR\"},{\"@type\":\"WebPage\",\"@id\":\"https:\\\/\\\/hijasdejesus.org\\\/pt-br\\\/25-carta-de-graciela-nomeacoes-e-embarques\\\/\",\"url\":\"https:\\\/\\\/hijasdejesus.org\\\/pt-br\\\/25-carta-de-graciela-nomeacoes-e-embarques\\\/\",\"name\":\"25\u00aa carta de Graciela: Nomea\u00e7\u00f5es e embarques - Hijas de Jes\u00fas\",\"isPartOf\":{\"@id\":\"https:\\\/\\\/hijasdejesus.org\\\/pt-br\\\/#website\"},\"primaryImageOfPage\":{\"@id\":\"https:\\\/\\\/hijasdejesus.org\\\/pt-br\\\/25-carta-de-graciela-nomeacoes-e-embarques\\\/#primaryimage\"},\"image\":{\"@id\":\"https:\\\/\\\/hijasdejesus.org\\\/pt-br\\\/25-carta-de-graciela-nomeacoes-e-embarques\\\/#primaryimage\"},\"thumbnailUrl\":\"https:\\\/\\\/hijasdejesus.org\\\/wp-content\\\/uploads\\\/2022\\\/07\\\/2022-07-11_Carta_25_Graciela_PT_2.jpg\",\"datePublished\":\"2022-07-11T11:10:10+00:00\",\"dateModified\":\"2022-07-11T11:10:46+00:00\",\"breadcrumb\":{\"@id\":\"https:\\\/\\\/hijasdejesus.org\\\/pt-br\\\/25-carta-de-graciela-nomeacoes-e-embarques\\\/#breadcrumb\"},\"inLanguage\":\"pt-BR\",\"potentialAction\":[{\"@type\":\"ReadAction\",\"target\":[\"https:\\\/\\\/hijasdejesus.org\\\/pt-br\\\/25-carta-de-graciela-nomeacoes-e-embarques\\\/\"]}]},{\"@type\":\"ImageObject\",\"inLanguage\":\"pt-BR\",\"@id\":\"https:\\\/\\\/hijasdejesus.org\\\/pt-br\\\/25-carta-de-graciela-nomeacoes-e-embarques\\\/#primaryimage\",\"url\":\"https:\\\/\\\/hijasdejesus.org\\\/wp-content\\\/uploads\\\/2022\\\/07\\\/2022-07-11_Carta_25_Graciela_PT_2.jpg\",\"contentUrl\":\"https:\\\/\\\/hijasdejesus.org\\\/wp-content\\\/uploads\\\/2022\\\/07\\\/2022-07-11_Carta_25_Graciela_PT_2.jpg\",\"width\":2000,\"height\":647},{\"@type\":\"BreadcrumbList\",\"@id\":\"https:\\\/\\\/hijasdejesus.org\\\/pt-br\\\/25-carta-de-graciela-nomeacoes-e-embarques\\\/#breadcrumb\",\"itemListElement\":[{\"@type\":\"ListItem\",\"position\":1,\"name\":\"Portada\",\"item\":\"https:\\\/\\\/hijasdejesus.org\\\/pt-br\\\/\"},{\"@type\":\"ListItem\",\"position\":2,\"name\":\"25\u00aa carta de Graciela: Nomea\u00e7\u00f5es e embarques\"}]},{\"@type\":\"WebSite\",\"@id\":\"https:\\\/\\\/hijasdejesus.org\\\/pt-br\\\/#website\",\"url\":\"https:\\\/\\\/hijasdejesus.org\\\/pt-br\\\/\",\"name\":\"Hijas de Jes\u00fas\",\"description\":\"Despertamos a Jes\u00fas en el coraz\u00f3n, sacando lo mejor de las personas. Somos una congregaci\u00f3n religiosa ignaciana fundada por la Madre Candida\",\"publisher\":{\"@id\":\"https:\\\/\\\/hijasdejesus.org\\\/pt-br\\\/#organization\"},\"potentialAction\":[{\"@type\":\"SearchAction\",\"target\":{\"@type\":\"EntryPoint\",\"urlTemplate\":\"https:\\\/\\\/hijasdejesus.org\\\/pt-br\\\/?s={search_term_string}\"},\"query-input\":{\"@type\":\"PropertyValueSpecification\",\"valueRequired\":true,\"valueName\":\"search_term_string\"}}],\"inLanguage\":\"pt-BR\"},{\"@type\":\"Organization\",\"@id\":\"https:\\\/\\\/hijasdejesus.org\\\/pt-br\\\/#organization\",\"name\":\"Hijas de Jes\u00fas\",\"url\":\"https:\\\/\\\/hijasdejesus.org\\\/pt-br\\\/\",\"logo\":{\"@type\":\"ImageObject\",\"inLanguage\":\"pt-BR\",\"@id\":\"https:\\\/\\\/hijasdejesus.org\\\/pt-br\\\/#\\\/schema\\\/logo\\\/image\\\/\",\"url\":\"https:\\\/\\\/hijasdejesus.org\\\/wp-content\\\/uploads\\\/2023\\\/01\\\/Hijas-de-Jesus_hor-A7C957.png\",\"contentUrl\":\"https:\\\/\\\/hijasdejesus.org\\\/wp-content\\\/uploads\\\/2023\\\/01\\\/Hijas-de-Jesus_hor-A7C957.png\",\"width\":700,\"height\":360,\"caption\":\"Hijas de Jes\u00fas\"},\"image\":{\"@id\":\"https:\\\/\\\/hijasdejesus.org\\\/pt-br\\\/#\\\/schema\\\/logo\\\/image\\\/\"},\"sameAs\":[\"https:\\\/\\\/www.facebook.com\\\/hijasdejesusenelmundo\\\/\",\"https:\\\/\\\/x.com\\\/hijasdjesus\"]},{\"@type\":\"Person\",\"@id\":\"https:\\\/\\\/hijasdejesus.org\\\/pt-br\\\/#\\\/schema\\\/person\\\/ce4455965da733f2791f23b6ec14e9b6\",\"name\":\"Webmaster\",\"image\":{\"@type\":\"ImageObject\",\"inLanguage\":\"pt-BR\",\"@id\":\"https:\\\/\\\/secure.gravatar.com\\\/avatar\\\/cfd0acaac86c3981d541d2e99a0ffb7b6d33a5ac8989a62f5518b9e0f7ee128a?s=96&d=mm&r=g\",\"url\":\"https:\\\/\\\/secure.gravatar.com\\\/avatar\\\/cfd0acaac86c3981d541d2e99a0ffb7b6d33a5ac8989a62f5518b9e0f7ee128a?s=96&d=mm&r=g\",\"contentUrl\":\"https:\\\/\\\/secure.gravatar.com\\\/avatar\\\/cfd0acaac86c3981d541d2e99a0ffb7b6d33a5ac8989a62f5518b9e0f7ee128a?s=96&d=mm&r=g\",\"caption\":\"Webmaster\"},\"url\":\"https:\\\/\\\/hijasdejesus.org\\\/pt-br\\\/author\\\/webmaster\\\/\"}]}<\/script>\n<!-- \/ Yoast SEO plugin. -->","yoast_head_json":{"title":"25\u00aa carta de Graciela: Nomea\u00e7\u00f5es e embarques - Hijas de Jes\u00fas","robots":{"index":"index","follow":"follow","max-snippet":"max-snippet:-1","max-image-preview":"max-image-preview:large","max-video-preview":"max-video-preview:-1"},"canonical":"https:\/\/hijasdejesus.org\/pt-br\/25-carta-de-graciela-nomeacoes-e-embarques\/","og_locale":"pt_BR","og_type":"article","og_title":"25\u00aa carta de Graciela: Nomea\u00e7\u00f5es e embarques - Hijas de Jes\u00fas","og_description":"Na v\u00e9spera de sua viagem \u00e0 Argentina e ao Brasil, Graciela nos escreveu uma carta na qual ela compartilhou conosco alguns compromissos e embarques recentes. GOVERNO PROVINCIAL DA ESPANHA-IT\u00c1LIA para o tri\u00eanio 2022-2025. Superior Provincial: Ir. Mar\u00eda Rosa Espinosa Calvo Conselheiros provinciais: Primeira Conselheira: Ir. Mar\u00eda del Mar Dom\u00ednguez L\u00f3pez Segunda Conselheira: Ir. Mar\u00eda Teresa [&hellip;]","og_url":"https:\/\/hijasdejesus.org\/pt-br\/25-carta-de-graciela-nomeacoes-e-embarques\/","og_site_name":"Hijas de Jes\u00fas","article_publisher":"https:\/\/www.facebook.com\/hijasdejesusenelmundo\/","article_published_time":"2022-07-11T11:10:10+00:00","article_modified_time":"2022-07-11T11:10:46+00:00","og_image":[{"width":2000,"height":647,"url":"https:\/\/hijasdejesus.org\/wp-content\/uploads\/2022\/07\/2022-07-11_Carta_25_Graciela_PT_2.jpg","type":"image\/jpeg"}],"author":"Webmaster","twitter_card":"summary_large_image","twitter_creator":"@hijasdjesus","twitter_site":"@hijasdjesus","twitter_misc":{"Escrito por":"Webmaster","Est. tempo de leitura":"2 minutos"},"schema":{"@context":"https:\/\/schema.org","@graph":[{"@type":"Article","@id":"https:\/\/hijasdejesus.org\/pt-br\/25-carta-de-graciela-nomeacoes-e-embarques\/#article","isPartOf":{"@id":"https:\/\/hijasdejesus.org\/pt-br\/25-carta-de-graciela-nomeacoes-e-embarques\/"},"author":{"name":"Webmaster","@id":"https:\/\/hijasdejesus.org\/pt-br\/#\/schema\/person\/ce4455965da733f2791f23b6ec14e9b6"},"headline":"25\u00aa carta de Graciela: Nomea\u00e7\u00f5es e embarques","datePublished":"2022-07-11T11:10:10+00:00","dateModified":"2022-07-11T11:10:46+00:00","mainEntityOfPage":{"@id":"https:\/\/hijasdejesus.org\/pt-br\/25-carta-de-graciela-nomeacoes-e-embarques\/"},"wordCount":396,"publisher":{"@id":"https:\/\/hijasdejesus.org\/pt-br\/#organization"},"image":{"@id":"https:\/\/hijasdejesus.org\/pt-br\/25-carta-de-graciela-nomeacoes-e-embarques\/#primaryimage"},"thumbnailUrl":"https:\/\/hijasdejesus.org\/wp-content\/uploads\/2022\/07\/2022-07-11_Carta_25_Graciela_PT_2.jpg","articleSection":["Governo geral","Hijas de Jes\u00fas","Not\u00edcias"],"inLanguage":"pt-BR"},{"@type":"WebPage","@id":"https:\/\/hijasdejesus.org\/pt-br\/25-carta-de-graciela-nomeacoes-e-embarques\/","url":"https:\/\/hijasdejesus.org\/pt-br\/25-carta-de-graciela-nomeacoes-e-embarques\/","name":"25\u00aa carta de Graciela: Nomea\u00e7\u00f5es e embarques - Hijas de Jes\u00fas","isPartOf":{"@id":"https:\/\/hijasdejesus.org\/pt-br\/#website"},"primaryImageOfPage":{"@id":"https:\/\/hijasdejesus.org\/pt-br\/25-carta-de-graciela-nomeacoes-e-embarques\/#primaryimage"},"image":{"@id":"https:\/\/hijasdejesus.org\/pt-br\/25-carta-de-graciela-nomeacoes-e-embarques\/#primaryimage"},"thumbnailUrl":"https:\/\/hijasdejesus.org\/wp-content\/uploads\/2022\/07\/2022-07-11_Carta_25_Graciela_PT_2.jpg","datePublished":"2022-07-11T11:10:10+00:00","dateModified":"2022-07-11T11:10:46+00:00","breadcrumb":{"@id":"https:\/\/hijasdejesus.org\/pt-br\/25-carta-de-graciela-nomeacoes-e-embarques\/#breadcrumb"},"inLanguage":"pt-BR","potentialAction":[{"@type":"ReadAction","target":["https:\/\/hijasdejesus.org\/pt-br\/25-carta-de-graciela-nomeacoes-e-embarques\/"]}]},{"@type":"ImageObject","inLanguage":"pt-BR","@id":"https:\/\/hijasdejesus.org\/pt-br\/25-carta-de-graciela-nomeacoes-e-embarques\/#primaryimage","url":"https:\/\/hijasdejesus.org\/wp-content\/uploads\/2022\/07\/2022-07-11_Carta_25_Graciela_PT_2.jpg","contentUrl":"https:\/\/hijasdejesus.org\/wp-content\/uploads\/2022\/07\/2022-07-11_Carta_25_Graciela_PT_2.jpg","width":2000,"height":647},{"@type":"BreadcrumbList","@id":"https:\/\/hijasdejesus.org\/pt-br\/25-carta-de-graciela-nomeacoes-e-embarques\/#breadcrumb","itemListElement":[{"@type":"ListItem","position":1,"name":"Portada","item":"https:\/\/hijasdejesus.org\/pt-br\/"},{"@type":"ListItem","position":2,"name":"25\u00aa carta de Graciela: Nomea\u00e7\u00f5es e embarques"}]},{"@type":"WebSite","@id":"https:\/\/hijasdejesus.org\/pt-br\/#website","url":"https:\/\/hijasdejesus.org\/pt-br\/","name":"Hijas de Jes\u00fas","description":"Despertamos a Jes\u00fas en el coraz\u00f3n, sacando lo mejor de las personas. Somos una congregaci\u00f3n religiosa ignaciana fundada por la Madre Candida","publisher":{"@id":"https:\/\/hijasdejesus.org\/pt-br\/#organization"},"potentialAction":[{"@type":"SearchAction","target":{"@type":"EntryPoint","urlTemplate":"https:\/\/hijasdejesus.org\/pt-br\/?s={search_term_string}"},"query-input":{"@type":"PropertyValueSpecification","valueRequired":true,"valueName":"search_term_string"}}],"inLanguage":"pt-BR"},{"@type":"Organization","@id":"https:\/\/hijasdejesus.org\/pt-br\/#organization","name":"Hijas de Jes\u00fas","url":"https:\/\/hijasdejesus.org\/pt-br\/","logo":{"@type":"ImageObject","inLanguage":"pt-BR","@id":"https:\/\/hijasdejesus.org\/pt-br\/#\/schema\/logo\/image\/","url":"https:\/\/hijasdejesus.org\/wp-content\/uploads\/2023\/01\/Hijas-de-Jesus_hor-A7C957.png","contentUrl":"https:\/\/hijasdejesus.org\/wp-content\/uploads\/2023\/01\/Hijas-de-Jesus_hor-A7C957.png","width":700,"height":360,"caption":"Hijas de Jes\u00fas"},"image":{"@id":"https:\/\/hijasdejesus.org\/pt-br\/#\/schema\/logo\/image\/"},"sameAs":["https:\/\/www.facebook.com\/hijasdejesusenelmundo\/","https:\/\/x.com\/hijasdjesus"]},{"@type":"Person","@id":"https:\/\/hijasdejesus.org\/pt-br\/#\/schema\/person\/ce4455965da733f2791f23b6ec14e9b6","name":"Webmaster","image":{"@type":"ImageObject","inLanguage":"pt-BR","@id":"https:\/\/secure.gravatar.com\/avatar\/cfd0acaac86c3981d541d2e99a0ffb7b6d33a5ac8989a62f5518b9e0f7ee128a?s=96&d=mm&r=g","url":"https:\/\/secure.gravatar.com\/avatar\/cfd0acaac86c3981d541d2e99a0ffb7b6d33a5ac8989a62f5518b9e0f7ee128a?s=96&d=mm&r=g","contentUrl":"https:\/\/secure.gravatar.com\/avatar\/cfd0acaac86c3981d541d2e99a0ffb7b6d33a5ac8989a62f5518b9e0f7ee128a?s=96&d=mm&r=g","caption":"Webmaster"},"url":"https:\/\/hijasdejesus.org\/pt-br\/author\/webmaster\/"}]}},"_links":{"self":[{"href":"https:\/\/hijasdejesus.org\/pt-br\/wp-json\/wp\/v2\/posts\/29904","targetHints":{"allow":["GET"]}}],"collection":[{"href":"https:\/\/hijasdejesus.org\/pt-br\/wp-json\/wp\/v2\/posts"}],"about":[{"href":"https:\/\/hijasdejesus.org\/pt-br\/wp-json\/wp\/v2\/types\/post"}],"author":[{"embeddable":true,"href":"https:\/\/hijasdejesus.org\/pt-br\/wp-json\/wp\/v2\/users\/28"}],"replies":[{"embeddable":true,"href":"https:\/\/hijasdejesus.org\/pt-br\/wp-json\/wp\/v2\/comments?post=29904"}],"version-history":[{"count":0,"href":"https:\/\/hijasdejesus.org\/pt-br\/wp-json\/wp\/v2\/posts\/29904\/revisions"}],"wp:featuredmedia":[{"embeddable":true,"href":"https:\/\/hijasdejesus.org\/pt-br\/wp-json\/wp\/v2\/media\/11954"}],"wp:attachment":[{"href":"https:\/\/hijasdejesus.org\/pt-br\/wp-json\/wp\/v2\/media?parent=29904"}],"wp:term":[{"taxonomy":"category","embeddable":true,"href":"https:\/\/hijasdejesus.org\/pt-br\/wp-json\/wp\/v2\/categories?post=29904"},{"taxonomy":"post_tag","embeddable":true,"href":"https:\/\/hijasdejesus.org\/pt-br\/wp-json\/wp\/v2\/tags?post=29904"}],"curies":[{"name":"wp","href":"https:\/\/api.w.org\/{rel}","templated":true}]}}