{"id":29949,"date":"2022-08-28T20:20:17","date_gmt":"2022-08-28T18:20:17","guid":{"rendered":"https:\/\/nueva.hijasdejesus.org\/extratos-da-visita-ao-brasil\/"},"modified":"2022-08-28T20:20:17","modified_gmt":"2022-08-28T18:20:17","slug":"extratos-da-visita-ao-brasil","status":"publish","type":"post","link":"https:\/\/hijasdejesus.org\/pt-br\/extratos-da-visita-ao-brasil\/","title":{"rendered":"Extratos da visita ao Brasil"},"content":{"rendered":"<p>\u00a0<\/p>\n<p>No dia 9 de agosto comecei uma viagem em Salamanca que terminaria no dia seguinte em <strong>Belo Horizonte<\/strong>. Era inevit\u00e1vel imaginar aquela feita pelas primeiras Filhas de Jesus a <strong>Piren\u00f3polis<\/strong> h\u00e1 mais de cem anos, em condi\u00e7\u00f5es muito diferentes.<\/p>\n<p>\u00c9 um prazer ouvir <em><strong>Cassia Lara N. de Araujo<\/strong><\/em>, leiga, Coordenadora Educacional da <a href=\"No dia 9 de agosto comecei uma viagem em Salamanca que terminaria no dia seguinte em Belo Horizonte. Era inevit\u00e1vel imaginar aquela feita pelas primeiras Filhas de Jesus a Piren\u00f3polis h\u00e1 mais de cem anos, em condi\u00e7\u00f5es muito diferentes.  \u00c9 um prazer ouvir Cassia Lara N. de Araujo, leiga, Coordenadora Educacional da Rede Filhas de Jesus da Regi\u00e3o Brasil. Cassia disse que &quot;a acolhida \u00e9 nossa caracter\u00edstica, realmente&quot;; &quot;cada pessoa \u00e9 importante&quot;; &quot;o que fazemos \u00e9 acompanhar&quot;; &quot;uma escola de pastoral n\u00e3o \u00e9 o mesmo que uma escola com atividades pastorais, \u00e9 aquela que evangeliza em todos os espa\u00e7os e em todos os momentos&quot;.  Pode-se ver o impacto positivo da Assembl\u00e9ia Regional. N\u00e3o pude encontrar as Irm\u00e3s do Nordeste, seu alcance pastoral, uma realidade t\u00e3o diferente... Tampouco pude ir a Montes Claros, embora seu afeto tamb\u00e9m me atingisse. O encontro com a Obra Social N. Sra. de F\u00e1tima deve ter sido um momento muito agrad\u00e1vel.  Graciela terminou sua visita \u00e0 Comunidade da Sant\u00edssima Trindade-C\u00e9u Azul com a reuni\u00e3o da comunidade e eu me juntei a ela em sua visita, embora continu\u00e1ssemos a desfrutar da calorosa acolhida destas irm\u00e3s at\u00e9 partirmos para Leopoldina. N\u00e3o perdemos a sauda\u00e7\u00e3o ao Arcebispo, D. Walmor Oliveira de Azevedo, que nos recebeu com detalhes e carinho pela Congrega\u00e7\u00e3o.\">Rede Filhas de Jesus<\/a> da Regi\u00e3o <strong>Brasil.<\/strong> Cassia disse que<em> &#8220;a acolhida \u00e9 nossa caracter\u00edstica, realmente&#8221;; &#8220;cada pessoa \u00e9 importante&#8221;; &#8220;o que fazemos \u00e9 acompanhar&#8221;; &#8220;uma escola de pastoral n\u00e3o \u00e9 o mesmo que uma escola com atividades pastorais, \u00e9 aquela que evangeliza em todos os espa\u00e7os e em todos os momentos&#8221;.<\/em><\/p>\n<p>Pode-se ver o impacto positivo da Assembl\u00e9ia Regional. N\u00e3o pude encontrar as Irm\u00e3s do Nordeste, seu alcance pastoral, uma realidade t\u00e3o diferente&#8230; Tampouco pude ir a<strong> Montes Claros<\/strong>, embora seu afeto tamb\u00e9m me atingisse. O encontro com a <strong>Obra Social N. Sra. de F\u00e1tima<\/strong> deve ter sido um momento muito agrad\u00e1vel.<\/p>\n<p><em><strong>Graciela<\/strong><\/em> terminou sua visita \u00e0 Comunidade da <strong>Sant\u00edssima Trindade-C\u00e9u Azul<\/strong> com a reuni\u00e3o da comunidade e eu me juntei a ela em sua visita, embora continu\u00e1ssemos a desfrutar da calorosa acolhida destas irm\u00e3s at\u00e9 partirmos para <strong>Leopoldina<\/strong>. N\u00e3o perdemos a sauda\u00e7\u00e3o ao <em><strong>Arcebispo, D. Walmor Oliveira de Azevedo,<\/strong><\/em> que nos recebeu com detalhes e carinho pela Congrega\u00e7\u00e3o.<\/p>\n<p><img loading=\"lazy\" decoding=\"async\" class=\" size-full wp-image-12014\" style=\"display: block; margin-left: auto; margin-right: auto;\" src=\"https:\/\/hijasdejesus.org\/wp-content\/uploads\/2022\/08\/Visita_Cannica_Brasil_1.jpeg\" alt=\"\" width=\"422\" height=\"316\" \/><\/p>\n<p>Depois veio o encontro com as<strong> irm\u00e3s da casa dos idosos, Nazar\u00e9<\/strong>. Uma voca\u00e7\u00e3o profundamente enraizada, serenidade, cuidado m\u00fatuo, ternura, s\u00e3o palavras que expressam o que se v\u00ea. O final culminou com o encontro, a Eucaristia e a ceia compartilhada.<\/p>\n<p>Dois dias foram dedicados ao <strong>Escrit\u00f3rio Central<\/strong> (escrit\u00f3rios da Regi\u00e3o). No segundo, tivemos a oportunidade de conversar com o pessoal que coordena a equipe e toda a rede.<\/p>\n<p>Leopoldina tem seu charme: uma cidade pequena e tranq\u00fcila, onde ao final do domingo as pessoas dan\u00e7am em uma pra\u00e7a. A<strong> celebra\u00e7\u00e3o da Palavra na Catedral<\/strong>, onde rezamos diante dos restos mortais de <em><strong>M. Vicenta Guilarte<\/strong><\/em>; a Eucaristia no santu\u00e1rio de S\u00e3o Jos\u00e9 Oper\u00e1rio, uma comunidade eclesial acolhedora. Tivemos um encontro verdadeiramente fraterno com o <em><strong>bispo Edson Oriolo dos Santos<\/strong><\/em>. E a presen\u00e7a no <em><strong>Col\u00e9gio Imaculado<\/strong><\/em>, t\u00e3o bem cuidada, fez com que o dia fosse intenso. Esta comunidade tem outra casa no<strong> Rio de Janeiro<\/strong>. Estamos no final desta etapa, tendo visitado tamb\u00e9m o <strong>Centro Popular de Educa\u00e7\u00e3o e Assist\u00eancia Social Stella Maris.<\/strong><\/p>\n<p><img loading=\"lazy\" decoding=\"async\" class=\" size-full wp-image-12016\" style=\"display: block; margin-left: auto; margin-right: auto;\" src=\"https:\/\/hijasdejesus.org\/wp-content\/uploads\/2022\/08\/Visita_Cannica_Brasil_3.jpeg\" alt=\"\" width=\"447\" height=\"335\" \/><\/p>\n<p>H\u00e1 um momento que desfrutamos intensamente por <strong>causa da harmonia e da uni\u00e3o sincera<\/strong> que sentimos com toda a Congrega\u00e7\u00e3o: a reuni\u00e3o da comunidade com a Superiora Geral \u00e9 uma ocasi\u00e3o privilegiada para aprofundar, mais uma vez e de maneira diferente, no <strong>CG XVIII<\/strong> e em seus Apelos e naquele desejo permanente de<em><strong> M. C\u00e2ndida<\/strong> <\/em>de que sejamos<strong> &#8220;verdadeiras Filhas de Jesus&#8221;.<\/p>\n<p><em>Mar\u00eda Teresa Pinto FI.<\/em><br \/>Conselheira Geral.<\/strong><\/p>\n<p>\u00a0<\/p>\n<p>Publica\u00e7\u00f5es relacionadas<\/p>\n<p><a href=\"index.php?option=com_content&amp;view=article&amp;id=2611&amp;catid=14&amp;Itemid=143&amp;lang=pt\">Visita can\u00f4nica do Superior Geral &#8211; Brasil I<\/a><\/p>\n<p><a href=\"index.php?option=com_content&amp;view=article&amp;id=2620&amp;catid=14&amp;Itemid=143&amp;lang=pt\">Visita can\u00f4nica do Superior Geral &#8211; Brasil II<\/a><\/p>\n","protected":false},"excerpt":{"rendered":"<p>\u00a0 No dia 9 de agosto comecei uma viagem em Salamanca que terminaria no dia seguinte em Belo Horizonte. Era inevit\u00e1vel imaginar aquela feita pelas primeiras Filhas de Jesus a Piren\u00f3polis h\u00e1 mais de cem anos, em condi\u00e7\u00f5es muito diferentes. \u00c9 um prazer ouvir Cassia Lara N. de Araujo, leiga, Coordenadora Educacional da Rede Filhas [&hellip;]<\/p>\n","protected":false},"author":28,"featured_media":12012,"comment_status":"closed","ping_status":"closed","sticky":false,"template":"","format":"standard","meta":{"_et_pb_use_builder":"","_et_pb_old_content":"","_et_gb_content_width":"","footnotes":"","_links_to":"","_links_to_target":""},"categories":[505,507,469],"tags":[],"class_list":["post-29949","post","type-post","status-publish","format-standard","has-post-thumbnail","hentry","category-brasil-pt-br","category-brasil-caribe-pt-br","category-noticias-pt-br"],"yoast_head":"<!-- This site is optimized with the Yoast SEO plugin v27.4 - https:\/\/yoast.com\/product\/yoast-seo-wordpress\/ -->\n<title>Extratos da visita ao Brasil - Hijas de Jes\u00fas<\/title>\n<meta name=\"robots\" content=\"index, follow, max-snippet:-1, max-image-preview:large, max-video-preview:-1\" \/>\n<link rel=\"canonical\" href=\"https:\/\/hijasdejesus.org\/pt-br\/extratos-da-visita-ao-brasil\/\" \/>\n<meta property=\"og:locale\" content=\"pt_BR\" \/>\n<meta property=\"og:type\" content=\"article\" \/>\n<meta property=\"og:title\" content=\"Extratos da visita ao Brasil - Hijas de Jes\u00fas\" \/>\n<meta property=\"og:description\" content=\"\u00a0 No dia 9 de agosto comecei uma viagem em Salamanca que terminaria no dia seguinte em Belo Horizonte. Era inevit\u00e1vel imaginar aquela feita pelas primeiras Filhas de Jesus a Piren\u00f3polis h\u00e1 mais de cem anos, em condi\u00e7\u00f5es muito diferentes. \u00c9 um prazer ouvir Cassia Lara N. de Araujo, leiga, Coordenadora Educacional da Rede Filhas [&hellip;]\" \/>\n<meta property=\"og:url\" content=\"https:\/\/hijasdejesus.org\/pt-br\/extratos-da-visita-ao-brasil\/\" \/>\n<meta property=\"og:site_name\" content=\"Hijas de Jes\u00fas\" \/>\n<meta property=\"article:publisher\" content=\"https:\/\/www.facebook.com\/hijasdejesusenelmundo\/\" \/>\n<meta property=\"article:published_time\" content=\"2022-08-28T18:20:17+00:00\" \/>\n<meta property=\"og:image\" content=\"https:\/\/hijasdejesus.org\/wp-content\/uploads\/2022\/08\/2022-08-28_cabecera_fragmentos_del_viaje.png\" \/>\n\t<meta property=\"og:image:width\" content=\"2000\" \/>\n\t<meta property=\"og:image:height\" content=\"647\" \/>\n\t<meta property=\"og:image:type\" content=\"image\/png\" \/>\n<meta name=\"author\" content=\"Webmaster\" \/>\n<meta name=\"twitter:card\" content=\"summary_large_image\" \/>\n<meta name=\"twitter:creator\" content=\"@hijasdjesus\" \/>\n<meta name=\"twitter:site\" content=\"@hijasdjesus\" \/>\n<meta name=\"twitter:label1\" content=\"Escrito por\" \/>\n\t<meta name=\"twitter:data1\" content=\"Webmaster\" \/>\n\t<meta name=\"twitter:label2\" content=\"Est. tempo de leitura\" \/>\n\t<meta name=\"twitter:data2\" content=\"3 minutos\" \/>\n<script type=\"application\/ld+json\" class=\"yoast-schema-graph\">{\"@context\":\"https:\\\/\\\/schema.org\",\"@graph\":[{\"@type\":\"Article\",\"@id\":\"https:\\\/\\\/hijasdejesus.org\\\/pt-br\\\/extratos-da-visita-ao-brasil\\\/#article\",\"isPartOf\":{\"@id\":\"https:\\\/\\\/hijasdejesus.org\\\/pt-br\\\/extratos-da-visita-ao-brasil\\\/\"},\"author\":{\"name\":\"Webmaster\",\"@id\":\"https:\\\/\\\/hijasdejesus.org\\\/pt-br\\\/#\\\/schema\\\/person\\\/ce4455965da733f2791f23b6ec14e9b6\"},\"headline\":\"Extratos da visita ao Brasil\",\"datePublished\":\"2022-08-28T18:20:17+00:00\",\"mainEntityOfPage\":{\"@id\":\"https:\\\/\\\/hijasdejesus.org\\\/pt-br\\\/extratos-da-visita-ao-brasil\\\/\"},\"wordCount\":516,\"publisher\":{\"@id\":\"https:\\\/\\\/hijasdejesus.org\\\/pt-br\\\/#organization\"},\"image\":{\"@id\":\"https:\\\/\\\/hijasdejesus.org\\\/pt-br\\\/extratos-da-visita-ao-brasil\\\/#primaryimage\"},\"thumbnailUrl\":\"https:\\\/\\\/hijasdejesus.org\\\/wp-content\\\/uploads\\\/2022\\\/08\\\/2022-08-28_cabecera_fragmentos_del_viaje.png\",\"articleSection\":[\"Brasil\",\"Brasil-Caribe\",\"Not\u00edcias\"],\"inLanguage\":\"pt-BR\"},{\"@type\":\"WebPage\",\"@id\":\"https:\\\/\\\/hijasdejesus.org\\\/pt-br\\\/extratos-da-visita-ao-brasil\\\/\",\"url\":\"https:\\\/\\\/hijasdejesus.org\\\/pt-br\\\/extratos-da-visita-ao-brasil\\\/\",\"name\":\"Extratos da visita ao Brasil - Hijas de Jes\u00fas\",\"isPartOf\":{\"@id\":\"https:\\\/\\\/hijasdejesus.org\\\/pt-br\\\/#website\"},\"primaryImageOfPage\":{\"@id\":\"https:\\\/\\\/hijasdejesus.org\\\/pt-br\\\/extratos-da-visita-ao-brasil\\\/#primaryimage\"},\"image\":{\"@id\":\"https:\\\/\\\/hijasdejesus.org\\\/pt-br\\\/extratos-da-visita-ao-brasil\\\/#primaryimage\"},\"thumbnailUrl\":\"https:\\\/\\\/hijasdejesus.org\\\/wp-content\\\/uploads\\\/2022\\\/08\\\/2022-08-28_cabecera_fragmentos_del_viaje.png\",\"datePublished\":\"2022-08-28T18:20:17+00:00\",\"breadcrumb\":{\"@id\":\"https:\\\/\\\/hijasdejesus.org\\\/pt-br\\\/extratos-da-visita-ao-brasil\\\/#breadcrumb\"},\"inLanguage\":\"pt-BR\",\"potentialAction\":[{\"@type\":\"ReadAction\",\"target\":[\"https:\\\/\\\/hijasdejesus.org\\\/pt-br\\\/extratos-da-visita-ao-brasil\\\/\"]}]},{\"@type\":\"ImageObject\",\"inLanguage\":\"pt-BR\",\"@id\":\"https:\\\/\\\/hijasdejesus.org\\\/pt-br\\\/extratos-da-visita-ao-brasil\\\/#primaryimage\",\"url\":\"https:\\\/\\\/hijasdejesus.org\\\/wp-content\\\/uploads\\\/2022\\\/08\\\/2022-08-28_cabecera_fragmentos_del_viaje.png\",\"contentUrl\":\"https:\\\/\\\/hijasdejesus.org\\\/wp-content\\\/uploads\\\/2022\\\/08\\\/2022-08-28_cabecera_fragmentos_del_viaje.png\",\"width\":2000,\"height\":647},{\"@type\":\"BreadcrumbList\",\"@id\":\"https:\\\/\\\/hijasdejesus.org\\\/pt-br\\\/extratos-da-visita-ao-brasil\\\/#breadcrumb\",\"itemListElement\":[{\"@type\":\"ListItem\",\"position\":1,\"name\":\"Portada\",\"item\":\"https:\\\/\\\/hijasdejesus.org\\\/pt-br\\\/\"},{\"@type\":\"ListItem\",\"position\":2,\"name\":\"Extratos da visita ao Brasil\"}]},{\"@type\":\"WebSite\",\"@id\":\"https:\\\/\\\/hijasdejesus.org\\\/pt-br\\\/#website\",\"url\":\"https:\\\/\\\/hijasdejesus.org\\\/pt-br\\\/\",\"name\":\"Hijas de Jes\u00fas\",\"description\":\"Despertamos a Jes\u00fas en el coraz\u00f3n, sacando lo mejor de las personas. Somos una congregaci\u00f3n religiosa ignaciana fundada por la Madre Candida\",\"publisher\":{\"@id\":\"https:\\\/\\\/hijasdejesus.org\\\/pt-br\\\/#organization\"},\"potentialAction\":[{\"@type\":\"SearchAction\",\"target\":{\"@type\":\"EntryPoint\",\"urlTemplate\":\"https:\\\/\\\/hijasdejesus.org\\\/pt-br\\\/?s={search_term_string}\"},\"query-input\":{\"@type\":\"PropertyValueSpecification\",\"valueRequired\":true,\"valueName\":\"search_term_string\"}}],\"inLanguage\":\"pt-BR\"},{\"@type\":\"Organization\",\"@id\":\"https:\\\/\\\/hijasdejesus.org\\\/pt-br\\\/#organization\",\"name\":\"Hijas de Jes\u00fas\",\"url\":\"https:\\\/\\\/hijasdejesus.org\\\/pt-br\\\/\",\"logo\":{\"@type\":\"ImageObject\",\"inLanguage\":\"pt-BR\",\"@id\":\"https:\\\/\\\/hijasdejesus.org\\\/pt-br\\\/#\\\/schema\\\/logo\\\/image\\\/\",\"url\":\"https:\\\/\\\/hijasdejesus.org\\\/wp-content\\\/uploads\\\/2023\\\/01\\\/Hijas-de-Jesus_hor-A7C957.png\",\"contentUrl\":\"https:\\\/\\\/hijasdejesus.org\\\/wp-content\\\/uploads\\\/2023\\\/01\\\/Hijas-de-Jesus_hor-A7C957.png\",\"width\":700,\"height\":360,\"caption\":\"Hijas de Jes\u00fas\"},\"image\":{\"@id\":\"https:\\\/\\\/hijasdejesus.org\\\/pt-br\\\/#\\\/schema\\\/logo\\\/image\\\/\"},\"sameAs\":[\"https:\\\/\\\/www.facebook.com\\\/hijasdejesusenelmundo\\\/\",\"https:\\\/\\\/x.com\\\/hijasdjesus\"]},{\"@type\":\"Person\",\"@id\":\"https:\\\/\\\/hijasdejesus.org\\\/pt-br\\\/#\\\/schema\\\/person\\\/ce4455965da733f2791f23b6ec14e9b6\",\"name\":\"Webmaster\",\"image\":{\"@type\":\"ImageObject\",\"inLanguage\":\"pt-BR\",\"@id\":\"https:\\\/\\\/secure.gravatar.com\\\/avatar\\\/cfd0acaac86c3981d541d2e99a0ffb7b6d33a5ac8989a62f5518b9e0f7ee128a?s=96&d=mm&r=g\",\"url\":\"https:\\\/\\\/secure.gravatar.com\\\/avatar\\\/cfd0acaac86c3981d541d2e99a0ffb7b6d33a5ac8989a62f5518b9e0f7ee128a?s=96&d=mm&r=g\",\"contentUrl\":\"https:\\\/\\\/secure.gravatar.com\\\/avatar\\\/cfd0acaac86c3981d541d2e99a0ffb7b6d33a5ac8989a62f5518b9e0f7ee128a?s=96&d=mm&r=g\",\"caption\":\"Webmaster\"},\"url\":\"https:\\\/\\\/hijasdejesus.org\\\/pt-br\\\/author\\\/webmaster\\\/\"}]}<\/script>\n<!-- \/ Yoast SEO plugin. -->","yoast_head_json":{"title":"Extratos da visita ao Brasil - Hijas de Jes\u00fas","robots":{"index":"index","follow":"follow","max-snippet":"max-snippet:-1","max-image-preview":"max-image-preview:large","max-video-preview":"max-video-preview:-1"},"canonical":"https:\/\/hijasdejesus.org\/pt-br\/extratos-da-visita-ao-brasil\/","og_locale":"pt_BR","og_type":"article","og_title":"Extratos da visita ao Brasil - Hijas de Jes\u00fas","og_description":"\u00a0 No dia 9 de agosto comecei uma viagem em Salamanca que terminaria no dia seguinte em Belo Horizonte. Era inevit\u00e1vel imaginar aquela feita pelas primeiras Filhas de Jesus a Piren\u00f3polis h\u00e1 mais de cem anos, em condi\u00e7\u00f5es muito diferentes. \u00c9 um prazer ouvir Cassia Lara N. de Araujo, leiga, Coordenadora Educacional da Rede Filhas [&hellip;]","og_url":"https:\/\/hijasdejesus.org\/pt-br\/extratos-da-visita-ao-brasil\/","og_site_name":"Hijas de Jes\u00fas","article_publisher":"https:\/\/www.facebook.com\/hijasdejesusenelmundo\/","article_published_time":"2022-08-28T18:20:17+00:00","og_image":[{"width":2000,"height":647,"url":"https:\/\/hijasdejesus.org\/wp-content\/uploads\/2022\/08\/2022-08-28_cabecera_fragmentos_del_viaje.png","type":"image\/png"}],"author":"Webmaster","twitter_card":"summary_large_image","twitter_creator":"@hijasdjesus","twitter_site":"@hijasdjesus","twitter_misc":{"Escrito por":"Webmaster","Est. tempo de leitura":"3 minutos"},"schema":{"@context":"https:\/\/schema.org","@graph":[{"@type":"Article","@id":"https:\/\/hijasdejesus.org\/pt-br\/extratos-da-visita-ao-brasil\/#article","isPartOf":{"@id":"https:\/\/hijasdejesus.org\/pt-br\/extratos-da-visita-ao-brasil\/"},"author":{"name":"Webmaster","@id":"https:\/\/hijasdejesus.org\/pt-br\/#\/schema\/person\/ce4455965da733f2791f23b6ec14e9b6"},"headline":"Extratos da visita ao Brasil","datePublished":"2022-08-28T18:20:17+00:00","mainEntityOfPage":{"@id":"https:\/\/hijasdejesus.org\/pt-br\/extratos-da-visita-ao-brasil\/"},"wordCount":516,"publisher":{"@id":"https:\/\/hijasdejesus.org\/pt-br\/#organization"},"image":{"@id":"https:\/\/hijasdejesus.org\/pt-br\/extratos-da-visita-ao-brasil\/#primaryimage"},"thumbnailUrl":"https:\/\/hijasdejesus.org\/wp-content\/uploads\/2022\/08\/2022-08-28_cabecera_fragmentos_del_viaje.png","articleSection":["Brasil","Brasil-Caribe","Not\u00edcias"],"inLanguage":"pt-BR"},{"@type":"WebPage","@id":"https:\/\/hijasdejesus.org\/pt-br\/extratos-da-visita-ao-brasil\/","url":"https:\/\/hijasdejesus.org\/pt-br\/extratos-da-visita-ao-brasil\/","name":"Extratos da visita ao Brasil - Hijas de Jes\u00fas","isPartOf":{"@id":"https:\/\/hijasdejesus.org\/pt-br\/#website"},"primaryImageOfPage":{"@id":"https:\/\/hijasdejesus.org\/pt-br\/extratos-da-visita-ao-brasil\/#primaryimage"},"image":{"@id":"https:\/\/hijasdejesus.org\/pt-br\/extratos-da-visita-ao-brasil\/#primaryimage"},"thumbnailUrl":"https:\/\/hijasdejesus.org\/wp-content\/uploads\/2022\/08\/2022-08-28_cabecera_fragmentos_del_viaje.png","datePublished":"2022-08-28T18:20:17+00:00","breadcrumb":{"@id":"https:\/\/hijasdejesus.org\/pt-br\/extratos-da-visita-ao-brasil\/#breadcrumb"},"inLanguage":"pt-BR","potentialAction":[{"@type":"ReadAction","target":["https:\/\/hijasdejesus.org\/pt-br\/extratos-da-visita-ao-brasil\/"]}]},{"@type":"ImageObject","inLanguage":"pt-BR","@id":"https:\/\/hijasdejesus.org\/pt-br\/extratos-da-visita-ao-brasil\/#primaryimage","url":"https:\/\/hijasdejesus.org\/wp-content\/uploads\/2022\/08\/2022-08-28_cabecera_fragmentos_del_viaje.png","contentUrl":"https:\/\/hijasdejesus.org\/wp-content\/uploads\/2022\/08\/2022-08-28_cabecera_fragmentos_del_viaje.png","width":2000,"height":647},{"@type":"BreadcrumbList","@id":"https:\/\/hijasdejesus.org\/pt-br\/extratos-da-visita-ao-brasil\/#breadcrumb","itemListElement":[{"@type":"ListItem","position":1,"name":"Portada","item":"https:\/\/hijasdejesus.org\/pt-br\/"},{"@type":"ListItem","position":2,"name":"Extratos da visita ao Brasil"}]},{"@type":"WebSite","@id":"https:\/\/hijasdejesus.org\/pt-br\/#website","url":"https:\/\/hijasdejesus.org\/pt-br\/","name":"Hijas de Jes\u00fas","description":"Despertamos a Jes\u00fas en el coraz\u00f3n, sacando lo mejor de las personas. Somos una congregaci\u00f3n religiosa ignaciana fundada por la Madre Candida","publisher":{"@id":"https:\/\/hijasdejesus.org\/pt-br\/#organization"},"potentialAction":[{"@type":"SearchAction","target":{"@type":"EntryPoint","urlTemplate":"https:\/\/hijasdejesus.org\/pt-br\/?s={search_term_string}"},"query-input":{"@type":"PropertyValueSpecification","valueRequired":true,"valueName":"search_term_string"}}],"inLanguage":"pt-BR"},{"@type":"Organization","@id":"https:\/\/hijasdejesus.org\/pt-br\/#organization","name":"Hijas de Jes\u00fas","url":"https:\/\/hijasdejesus.org\/pt-br\/","logo":{"@type":"ImageObject","inLanguage":"pt-BR","@id":"https:\/\/hijasdejesus.org\/pt-br\/#\/schema\/logo\/image\/","url":"https:\/\/hijasdejesus.org\/wp-content\/uploads\/2023\/01\/Hijas-de-Jesus_hor-A7C957.png","contentUrl":"https:\/\/hijasdejesus.org\/wp-content\/uploads\/2023\/01\/Hijas-de-Jesus_hor-A7C957.png","width":700,"height":360,"caption":"Hijas de Jes\u00fas"},"image":{"@id":"https:\/\/hijasdejesus.org\/pt-br\/#\/schema\/logo\/image\/"},"sameAs":["https:\/\/www.facebook.com\/hijasdejesusenelmundo\/","https:\/\/x.com\/hijasdjesus"]},{"@type":"Person","@id":"https:\/\/hijasdejesus.org\/pt-br\/#\/schema\/person\/ce4455965da733f2791f23b6ec14e9b6","name":"Webmaster","image":{"@type":"ImageObject","inLanguage":"pt-BR","@id":"https:\/\/secure.gravatar.com\/avatar\/cfd0acaac86c3981d541d2e99a0ffb7b6d33a5ac8989a62f5518b9e0f7ee128a?s=96&d=mm&r=g","url":"https:\/\/secure.gravatar.com\/avatar\/cfd0acaac86c3981d541d2e99a0ffb7b6d33a5ac8989a62f5518b9e0f7ee128a?s=96&d=mm&r=g","contentUrl":"https:\/\/secure.gravatar.com\/avatar\/cfd0acaac86c3981d541d2e99a0ffb7b6d33a5ac8989a62f5518b9e0f7ee128a?s=96&d=mm&r=g","caption":"Webmaster"},"url":"https:\/\/hijasdejesus.org\/pt-br\/author\/webmaster\/"}]}},"_links":{"self":[{"href":"https:\/\/hijasdejesus.org\/pt-br\/wp-json\/wp\/v2\/posts\/29949","targetHints":{"allow":["GET"]}}],"collection":[{"href":"https:\/\/hijasdejesus.org\/pt-br\/wp-json\/wp\/v2\/posts"}],"about":[{"href":"https:\/\/hijasdejesus.org\/pt-br\/wp-json\/wp\/v2\/types\/post"}],"author":[{"embeddable":true,"href":"https:\/\/hijasdejesus.org\/pt-br\/wp-json\/wp\/v2\/users\/28"}],"replies":[{"embeddable":true,"href":"https:\/\/hijasdejesus.org\/pt-br\/wp-json\/wp\/v2\/comments?post=29949"}],"version-history":[{"count":0,"href":"https:\/\/hijasdejesus.org\/pt-br\/wp-json\/wp\/v2\/posts\/29949\/revisions"}],"wp:featuredmedia":[{"embeddable":true,"href":"https:\/\/hijasdejesus.org\/pt-br\/wp-json\/wp\/v2\/media\/12012"}],"wp:attachment":[{"href":"https:\/\/hijasdejesus.org\/pt-br\/wp-json\/wp\/v2\/media?parent=29949"}],"wp:term":[{"taxonomy":"category","embeddable":true,"href":"https:\/\/hijasdejesus.org\/pt-br\/wp-json\/wp\/v2\/categories?post=29949"},{"taxonomy":"post_tag","embeddable":true,"href":"https:\/\/hijasdejesus.org\/pt-br\/wp-json\/wp\/v2\/tags?post=29949"}],"curies":[{"name":"wp","href":"https:\/\/api.w.org\/{rel}","templated":true}]}}