{"id":29964,"date":"2022-09-19T10:53:00","date_gmt":"2022-09-19T08:53:00","guid":{"rendered":"https:\/\/nueva.hijasdejesus.org\/celebrando-a-vida-religiosa-ao-redor-do-mundo\/"},"modified":"2022-09-19T10:53:00","modified_gmt":"2022-09-19T08:53:00","slug":"celebrando-a-vida-religiosa-ao-redor-do-mundo","status":"publish","type":"post","link":"https:\/\/hijasdejesus.org\/pt-br\/celebrando-a-vida-religiosa-ao-redor-do-mundo\/","title":{"rendered":"Celebrando a vida religiosa ao redor do mundo"},"content":{"rendered":"<\/p>\n<p><strong>8 de setembro<\/strong>, a festa da Natividade de Maria, foi um dia muito especial para nossa Congrega\u00e7\u00e3o, pois v\u00e1rias <strong>Filhas de Jesus celebraram diferentes etapas de sua vida religiosa:<\/strong><\/p>\n<p>Em <strong>Bangladesh<\/strong>, <em><strong>Chondira Mrong<\/strong><\/em> de Bhalukapara e <em><strong>Moutushi Chambugong<\/strong><\/em> de Pirgacha entraram no <strong>Postulantado<\/strong> na congrega\u00e7\u00e3o das Filhas de Jesus na regi\u00e3o.<\/p>\n<p>A celebra\u00e7\u00e3o foi realizada na capela da resid\u00eancia e foi transmitida via zoom para que as irm\u00e3s, amigas das diferentes comunidades e centros da prov\u00edncia do Pac\u00edfico \u00cdndico pudessem acompanh\u00e1-las. Os dois postulantes rezaram diante da est\u00e1tua de Nossa Senhora e leram sua ora\u00e7\u00e3o de oferenda e gratid\u00e3o pelo dom de sua voca\u00e7\u00e3o.<\/p>\n<p>No final da cerim\u00f4nia, <em><strong>Emelinda Falsis<\/strong><\/em>, a Superiora Provincial que est\u00e1 atualmente em visita can\u00f4nica ao Jap\u00e3o, dirigiu algumas palavras aos novos postulantes.<\/p>\n<p>A comunidade de Bangladesh \u00e9 muito grata ao Senhor e a Nossa Senhora por conceder \u00e0s duas jovens este precioso dom de sua voca\u00e7\u00e3o; e elas rezam para que muito mais mulheres se unam \u00e0 Congrega\u00e7\u00e3o para trabalhar na vinha do Senhor.<\/p>\n<p><strong><img loading=\"lazy\" decoding=\"async\" class=\" alignleft size-full wp-image-12042\" style=\"float: left;\" src=\"https:\/\/hijasdejesus.org\/wp-content\/uploads\/2022\/09\/Tres_Postulantes_Ahora_en_Bangladesh.jpg\" alt=\"\" width=\"496\" height=\"372\" \/><\/strong><\/p>\n<p>\u00a0\u00a0\u00a0<\/p>\n<p>\u00a0<\/p>\n<p>\u00a0<\/p>\n<p>\u00a0<\/p>\n<p>\u00a0<\/p>\n<p>\u00a0\u00a0<\/p>\n<p>\u00a0<\/p>\n<p>\u00a0<\/p>\n<p><img loading=\"lazy\" decoding=\"async\" class=\" size-full wp-image-12044\" style=\"display: block; margin-left: auto; margin-right: auto;\" src=\"https:\/\/hijasdejesus.org\/wp-content\/uploads\/2022\/09\/Las_HH_en_Filipinas_y_japon.png\" alt=\"\" width=\"857\" height=\"409\" \/><\/p>\n<p>\u00a0\u00a0<img loading=\"lazy\" decoding=\"async\" class=\" alignright size-full wp-image-12046\" style=\"float: right;\" src=\"https:\/\/hijasdejesus.org\/wp-content\/uploads\/2022\/09\/La_comunidad_de_Bangladesh_1.jpg\" alt=\"\" width=\"556\" height=\"416\" \/><\/p>\n<p>\u00a0<\/p>\n<p>\u00a0<\/p>\n<p>\u00a0<\/p>\n<p>\u00a0<\/p>\n<p>\u00a0<\/p>\n<p>\u00a0<\/p>\n<p>\u00a0<\/p>\n<p>\u00a0<\/p>\n<p>\u00a0<\/p>\n<p>\u00a0<\/p>\n<p>Na <strong>Espanha<\/strong>, seis irm\u00e3s celebraram seu<a href=\"https:\/\/hijasdejesus.es\/celebramos-las-bodas-de-oro-de-seis-hermanas\/\"> jubileu de ouro<\/a>,<img loading=\"lazy\" decoding=\"async\" class=\" alignright size-full wp-image-12048\" style=\"float: right;\" src=\"https:\/\/hijasdejesus.org\/wp-content\/uploads\/2022\/09\/imagen_Espaa_bodas_de_oro.jpg\" alt=\"\" width=\"438\" height=\"311\" \/> meio s\u00e9culo de vida dedicada a Deus e aos outros em nossa Congrega\u00e7\u00e3o.<\/p>\n<p>Obrigado e parab\u00e9ns a <em><strong>Sagrario de Andr\u00e9s<\/strong><\/em> (Corunha),<a href=\"https:\/\/hijasdejesus.es\/asi-vivieron-basi-jimenez-y-ana-jodar-la-celebracion-de-sus-bodas-de-oro\/\"><em><strong> Basilisa Jim\u00e9nez<\/strong><\/em> (Orcasur-Madrid), <em><strong>Ana M\u00aa J\u00f3dar<\/strong><\/em> (Orcasur-Madrid)<\/a>, <em><strong>Julia Mart\u00edn<\/strong><\/em> (Donosti, enfermagem),<em><strong> Clara P\u00e9rez<\/strong><\/em> (Burgos), <em><strong>Mercedes Vilas<\/strong><\/em> (Montellano-Salamanca)! Por continuar sempre fazendo o bem, ao estilo de Jesus!<\/p>\n<p>\u00a0<\/p>\n<p>\u00a0<\/p>\n<p>\u00a0<\/p>\n<p>\u00a0<\/p>\n<p style=\"text-align: right;\"><img loading=\"lazy\" decoding=\"async\" class=\" alignleft size-full wp-image-12050\" style=\"float: left;\" src=\"https:\/\/hijasdejesus.org\/wp-content\/uploads\/2022\/09\/2022-09-08_Cintia_Malaquias_PrimerosVotos.jpeg\" alt=\"\" width=\"337\" height=\"449\" \/>Finalmente, no dia 8 de setembro, dia em que a Igreja na Argentina celebra o dia da Vida Consagrada, as Filhas de Jesus da <strong>casa de C\u00f3rdoba e a comunidade do Noviciado Internaciona<\/strong>l (C\u00f3rdoba &#8211; Argentina) acompanharam a <strong>Primeira Profiss\u00e3o<\/strong> de <em><strong>Cintia Malaqu\u00edas<\/strong><\/em>. A celebra\u00e7\u00e3o foi presidida por <em><strong>Alfonso G\u00f3mez sj.<\/strong><\/em>\u00a0A Superiora Provincial <em><strong>Dayse Agretti<\/strong><\/em> recebeu os votos de nossa irm\u00e3.<\/p>\n<p style=\"text-align: right;\"><em><strong>Cintia Malaqu\u00edas<\/strong><\/em>, brasileira de Belo Horizonte &#8211; Mina Gerais, pertence \u00e0 <strong>Prov\u00edncia do Brasil Caribe.\u00a0<\/strong>Continuar\u00e1 sua primeira etapa de Juniorado na\u00a0\u00a0comunidade de C\u00f3rdoba \u2013 Villa Ocampo, residindo em C\u00f3rdoba e\u00a0<strong>completando ali sua\u00a0forma\u00e7\u00e3o teol\u00f3gica<\/strong>.<\/p>\n<p style=\"text-align: right;\">A comunidade se alegra por este passo em sua jornada e\u00a0<strong>se compromete a rezar por sua voca\u00e7\u00e3o<\/strong>.\u00a0Todas as Filhas de Jesus\u00a0<strong>nos juntamos a este compromisso e alegria<\/strong>.<\/p>\n<p>\u00a0<\/p>\n<p>\u00a0 \u00a0 \u00a0 \u00a0 \u00a0 \u00a0 \u00a0 \u00a0 \u00a0 \u00a0 \u00a0 \u00a0 \u00a0 \u00a0 \u00a0 \u00a0 \u00a0 \u00a0 \u00a0 \u00a0 \u00a0 \u00a0 \u00a0 \u00a0 \u00a0 \u00a0 \u00a0 \u00a0 \u00a0 \u00a0 \u00a0 \u00a0 \u00a0 \u00a0 \u00a0 \u00a0 \u00a0<img loading=\"lazy\" decoding=\"async\" class=\" size-full wp-image-12052\" src=\"https:\/\/hijasdejesus.org\/wp-content\/uploads\/2022\/09\/15Cinta_Malaquas_fi_1era_profesin_08_09_2022_Signo_externo_de_Hija_de_Jess.jpeg\" alt=\"\" width=\"397\" height=\"298\" \/>\u00a0<img loading=\"lazy\" decoding=\"async\" class=\" size-full wp-image-12056\" src=\"https:\/\/hijasdejesus.org\/wp-content\/uploads\/2022\/09\/8Cinta_Malaquas_fi_1era_profesin_08_09_2022_Signo_externo_de_Hija_de_Jess.jpeg\" alt=\"\" width=\"396\" height=\"297\" \/><\/p>\n<p>Como diria Madre C\u00e2ndida: <strong>Bendito seja Deus para sempre!<\/strong><\/p>\n","protected":false},"excerpt":{"rendered":"<p>8 de setembro, a festa da Natividade de Maria, foi um dia muito especial para nossa Congrega\u00e7\u00e3o, pois v\u00e1rias Filhas de Jesus celebraram diferentes etapas de sua vida religiosa: Em Bangladesh, Chondira Mrong de Bhalukapara e Moutushi Chambugong de Pirgacha entraram no Postulantado na congrega\u00e7\u00e3o das Filhas de Jesus na regi\u00e3o. A celebra\u00e7\u00e3o foi realizada [&hellip;]<\/p>\n","protected":false},"author":28,"featured_media":12040,"comment_status":"closed","ping_status":"closed","sticky":false,"template":"","format":"standard","meta":{"_et_pb_use_builder":"","_et_pb_old_content":"","_et_gb_content_width":"","footnotes":"","_links_to":"","_links_to_target":""},"categories":[499,501,519,529,469],"tags":[718,705],"class_list":["post-29964","post","type-post","status-publish","format-standard","has-post-thumbnail","hentry","category-argentina-pt-br","category-bangladesh-pt-br","category-espanha","category-hijas-de-jesus-pt-br","category-noticias-pt-br","tag-bodas-de-oro-pt-br","tag-formacion-inicial-pt-br"],"yoast_head":"<!-- This site is optimized with the Yoast SEO plugin v27.5 - https:\/\/yoast.com\/product\/yoast-seo-wordpress\/ -->\n<title>Celebrando a vida religiosa ao redor do mundo - Hijas de Jes\u00fas<\/title>\n<meta name=\"robots\" content=\"index, follow, max-snippet:-1, max-image-preview:large, max-video-preview:-1\" \/>\n<link rel=\"canonical\" href=\"https:\/\/hijasdejesus.org\/pt-br\/celebrando-a-vida-religiosa-ao-redor-do-mundo\/\" \/>\n<meta property=\"og:locale\" content=\"pt_BR\" \/>\n<meta property=\"og:type\" content=\"article\" \/>\n<meta property=\"og:title\" content=\"Celebrando a vida religiosa ao redor do mundo - Hijas de Jes\u00fas\" \/>\n<meta property=\"og:description\" content=\"8 de setembro, a festa da Natividade de Maria, foi um dia muito especial para nossa Congrega\u00e7\u00e3o, pois v\u00e1rias Filhas de Jesus celebraram diferentes etapas de sua vida religiosa: Em Bangladesh, Chondira Mrong de Bhalukapara e Moutushi Chambugong de Pirgacha entraram no Postulantado na congrega\u00e7\u00e3o das Filhas de Jesus na regi\u00e3o. A celebra\u00e7\u00e3o foi realizada [&hellip;]\" \/>\n<meta property=\"og:url\" content=\"https:\/\/hijasdejesus.org\/pt-br\/celebrando-a-vida-religiosa-ao-redor-do-mundo\/\" \/>\n<meta property=\"og:site_name\" content=\"Hijas de Jes\u00fas\" \/>\n<meta property=\"article:publisher\" content=\"https:\/\/www.facebook.com\/hijasdejesusenelmundo\/\" \/>\n<meta property=\"article:published_time\" content=\"2022-09-19T08:53:00+00:00\" \/>\n<meta property=\"og:image\" content=\"https:\/\/hijasdejesus.org\/wp-content\/uploads\/2022\/09\/Portada_8_de_septiembre_celebraciones.png\" \/>\n\t<meta property=\"og:image:width\" content=\"2000\" \/>\n\t<meta property=\"og:image:height\" content=\"647\" \/>\n\t<meta property=\"og:image:type\" content=\"image\/png\" \/>\n<meta name=\"author\" content=\"Webmaster\" \/>\n<meta name=\"twitter:card\" content=\"summary_large_image\" \/>\n<meta name=\"twitter:creator\" content=\"@hijasdjesus\" \/>\n<meta name=\"twitter:site\" content=\"@hijasdjesus\" \/>\n<meta name=\"twitter:label1\" content=\"Escrito por\" \/>\n\t<meta name=\"twitter:data1\" content=\"Webmaster\" \/>\n\t<meta name=\"twitter:label2\" content=\"Est. tempo de leitura\" \/>\n\t<meta name=\"twitter:data2\" content=\"2 minutos\" \/>\n<script type=\"application\/ld+json\" class=\"yoast-schema-graph\">{\"@context\":\"https:\\\/\\\/schema.org\",\"@graph\":[{\"@type\":\"Article\",\"@id\":\"https:\\\/\\\/hijasdejesus.org\\\/pt-br\\\/celebrando-a-vida-religiosa-ao-redor-do-mundo\\\/#article\",\"isPartOf\":{\"@id\":\"https:\\\/\\\/hijasdejesus.org\\\/pt-br\\\/celebrando-a-vida-religiosa-ao-redor-do-mundo\\\/\"},\"author\":{\"name\":\"Webmaster\",\"@id\":\"https:\\\/\\\/hijasdejesus.org\\\/pt-br\\\/#\\\/schema\\\/person\\\/ce4455965da733f2791f23b6ec14e9b6\"},\"headline\":\"Celebrando a vida religiosa ao redor do mundo\",\"datePublished\":\"2022-09-19T08:53:00+00:00\",\"mainEntityOfPage\":{\"@id\":\"https:\\\/\\\/hijasdejesus.org\\\/pt-br\\\/celebrando-a-vida-religiosa-ao-redor-do-mundo\\\/\"},\"wordCount\":408,\"publisher\":{\"@id\":\"https:\\\/\\\/hijasdejesus.org\\\/pt-br\\\/#organization\"},\"image\":{\"@id\":\"https:\\\/\\\/hijasdejesus.org\\\/pt-br\\\/celebrando-a-vida-religiosa-ao-redor-do-mundo\\\/#primaryimage\"},\"thumbnailUrl\":\"https:\\\/\\\/hijasdejesus.org\\\/wp-content\\\/uploads\\\/2022\\\/09\\\/Portada_8_de_septiembre_celebraciones.png\",\"keywords\":[\"Bodas de oro\",\"Formaci\u00f3n inicial\"],\"articleSection\":[\"Argentina\",\"Bangladesh\",\"Espanha\",\"Hijas de Jes\u00fas\",\"Not\u00edcias\"],\"inLanguage\":\"pt-BR\"},{\"@type\":\"WebPage\",\"@id\":\"https:\\\/\\\/hijasdejesus.org\\\/pt-br\\\/celebrando-a-vida-religiosa-ao-redor-do-mundo\\\/\",\"url\":\"https:\\\/\\\/hijasdejesus.org\\\/pt-br\\\/celebrando-a-vida-religiosa-ao-redor-do-mundo\\\/\",\"name\":\"Celebrando a vida religiosa ao redor do mundo - Hijas de Jes\u00fas\",\"isPartOf\":{\"@id\":\"https:\\\/\\\/hijasdejesus.org\\\/pt-br\\\/#website\"},\"primaryImageOfPage\":{\"@id\":\"https:\\\/\\\/hijasdejesus.org\\\/pt-br\\\/celebrando-a-vida-religiosa-ao-redor-do-mundo\\\/#primaryimage\"},\"image\":{\"@id\":\"https:\\\/\\\/hijasdejesus.org\\\/pt-br\\\/celebrando-a-vida-religiosa-ao-redor-do-mundo\\\/#primaryimage\"},\"thumbnailUrl\":\"https:\\\/\\\/hijasdejesus.org\\\/wp-content\\\/uploads\\\/2022\\\/09\\\/Portada_8_de_septiembre_celebraciones.png\",\"datePublished\":\"2022-09-19T08:53:00+00:00\",\"breadcrumb\":{\"@id\":\"https:\\\/\\\/hijasdejesus.org\\\/pt-br\\\/celebrando-a-vida-religiosa-ao-redor-do-mundo\\\/#breadcrumb\"},\"inLanguage\":\"pt-BR\",\"potentialAction\":[{\"@type\":\"ReadAction\",\"target\":[\"https:\\\/\\\/hijasdejesus.org\\\/pt-br\\\/celebrando-a-vida-religiosa-ao-redor-do-mundo\\\/\"]}]},{\"@type\":\"ImageObject\",\"inLanguage\":\"pt-BR\",\"@id\":\"https:\\\/\\\/hijasdejesus.org\\\/pt-br\\\/celebrando-a-vida-religiosa-ao-redor-do-mundo\\\/#primaryimage\",\"url\":\"https:\\\/\\\/hijasdejesus.org\\\/wp-content\\\/uploads\\\/2022\\\/09\\\/Portada_8_de_septiembre_celebraciones.png\",\"contentUrl\":\"https:\\\/\\\/hijasdejesus.org\\\/wp-content\\\/uploads\\\/2022\\\/09\\\/Portada_8_de_septiembre_celebraciones.png\",\"width\":2000,\"height\":647},{\"@type\":\"BreadcrumbList\",\"@id\":\"https:\\\/\\\/hijasdejesus.org\\\/pt-br\\\/celebrando-a-vida-religiosa-ao-redor-do-mundo\\\/#breadcrumb\",\"itemListElement\":[{\"@type\":\"ListItem\",\"position\":1,\"name\":\"Portada\",\"item\":\"https:\\\/\\\/hijasdejesus.org\\\/pt-br\\\/\"},{\"@type\":\"ListItem\",\"position\":2,\"name\":\"Celebrando a vida religiosa ao redor do mundo\"}]},{\"@type\":\"WebSite\",\"@id\":\"https:\\\/\\\/hijasdejesus.org\\\/pt-br\\\/#website\",\"url\":\"https:\\\/\\\/hijasdejesus.org\\\/pt-br\\\/\",\"name\":\"Hijas de Jes\u00fas\",\"description\":\"Despertamos a Jes\u00fas en el coraz\u00f3n, sacando lo mejor de las personas. Somos una congregaci\u00f3n religiosa ignaciana fundada por la Madre Candida\",\"publisher\":{\"@id\":\"https:\\\/\\\/hijasdejesus.org\\\/pt-br\\\/#organization\"},\"potentialAction\":[{\"@type\":\"SearchAction\",\"target\":{\"@type\":\"EntryPoint\",\"urlTemplate\":\"https:\\\/\\\/hijasdejesus.org\\\/pt-br\\\/?s={search_term_string}\"},\"query-input\":{\"@type\":\"PropertyValueSpecification\",\"valueRequired\":true,\"valueName\":\"search_term_string\"}}],\"inLanguage\":\"pt-BR\"},{\"@type\":\"Organization\",\"@id\":\"https:\\\/\\\/hijasdejesus.org\\\/pt-br\\\/#organization\",\"name\":\"Hijas de Jes\u00fas\",\"url\":\"https:\\\/\\\/hijasdejesus.org\\\/pt-br\\\/\",\"logo\":{\"@type\":\"ImageObject\",\"inLanguage\":\"pt-BR\",\"@id\":\"https:\\\/\\\/hijasdejesus.org\\\/pt-br\\\/#\\\/schema\\\/logo\\\/image\\\/\",\"url\":\"https:\\\/\\\/hijasdejesus.org\\\/wp-content\\\/uploads\\\/2023\\\/01\\\/Hijas-de-Jesus_hor-A7C957.png\",\"contentUrl\":\"https:\\\/\\\/hijasdejesus.org\\\/wp-content\\\/uploads\\\/2023\\\/01\\\/Hijas-de-Jesus_hor-A7C957.png\",\"width\":700,\"height\":360,\"caption\":\"Hijas de Jes\u00fas\"},\"image\":{\"@id\":\"https:\\\/\\\/hijasdejesus.org\\\/pt-br\\\/#\\\/schema\\\/logo\\\/image\\\/\"},\"sameAs\":[\"https:\\\/\\\/www.facebook.com\\\/hijasdejesusenelmundo\\\/\",\"https:\\\/\\\/x.com\\\/hijasdjesus\"]},{\"@type\":\"Person\",\"@id\":\"https:\\\/\\\/hijasdejesus.org\\\/pt-br\\\/#\\\/schema\\\/person\\\/ce4455965da733f2791f23b6ec14e9b6\",\"name\":\"Webmaster\",\"image\":{\"@type\":\"ImageObject\",\"inLanguage\":\"pt-BR\",\"@id\":\"https:\\\/\\\/secure.gravatar.com\\\/avatar\\\/cfd0acaac86c3981d541d2e99a0ffb7b6d33a5ac8989a62f5518b9e0f7ee128a?s=96&d=mm&r=g\",\"url\":\"https:\\\/\\\/secure.gravatar.com\\\/avatar\\\/cfd0acaac86c3981d541d2e99a0ffb7b6d33a5ac8989a62f5518b9e0f7ee128a?s=96&d=mm&r=g\",\"contentUrl\":\"https:\\\/\\\/secure.gravatar.com\\\/avatar\\\/cfd0acaac86c3981d541d2e99a0ffb7b6d33a5ac8989a62f5518b9e0f7ee128a?s=96&d=mm&r=g\",\"caption\":\"Webmaster\"},\"url\":\"https:\\\/\\\/hijasdejesus.org\\\/pt-br\\\/author\\\/webmaster\\\/\"}]}<\/script>\n<!-- \/ Yoast SEO plugin. -->","yoast_head_json":{"title":"Celebrando a vida religiosa ao redor do mundo - Hijas de Jes\u00fas","robots":{"index":"index","follow":"follow","max-snippet":"max-snippet:-1","max-image-preview":"max-image-preview:large","max-video-preview":"max-video-preview:-1"},"canonical":"https:\/\/hijasdejesus.org\/pt-br\/celebrando-a-vida-religiosa-ao-redor-do-mundo\/","og_locale":"pt_BR","og_type":"article","og_title":"Celebrando a vida religiosa ao redor do mundo - Hijas de Jes\u00fas","og_description":"8 de setembro, a festa da Natividade de Maria, foi um dia muito especial para nossa Congrega\u00e7\u00e3o, pois v\u00e1rias Filhas de Jesus celebraram diferentes etapas de sua vida religiosa: Em Bangladesh, Chondira Mrong de Bhalukapara e Moutushi Chambugong de Pirgacha entraram no Postulantado na congrega\u00e7\u00e3o das Filhas de Jesus na regi\u00e3o. A celebra\u00e7\u00e3o foi realizada [&hellip;]","og_url":"https:\/\/hijasdejesus.org\/pt-br\/celebrando-a-vida-religiosa-ao-redor-do-mundo\/","og_site_name":"Hijas de Jes\u00fas","article_publisher":"https:\/\/www.facebook.com\/hijasdejesusenelmundo\/","article_published_time":"2022-09-19T08:53:00+00:00","og_image":[{"width":2000,"height":647,"url":"https:\/\/hijasdejesus.org\/wp-content\/uploads\/2022\/09\/Portada_8_de_septiembre_celebraciones.png","type":"image\/png"}],"author":"Webmaster","twitter_card":"summary_large_image","twitter_creator":"@hijasdjesus","twitter_site":"@hijasdjesus","twitter_misc":{"Escrito por":"Webmaster","Est. tempo de leitura":"2 minutos"},"schema":{"@context":"https:\/\/schema.org","@graph":[{"@type":"Article","@id":"https:\/\/hijasdejesus.org\/pt-br\/celebrando-a-vida-religiosa-ao-redor-do-mundo\/#article","isPartOf":{"@id":"https:\/\/hijasdejesus.org\/pt-br\/celebrando-a-vida-religiosa-ao-redor-do-mundo\/"},"author":{"name":"Webmaster","@id":"https:\/\/hijasdejesus.org\/pt-br\/#\/schema\/person\/ce4455965da733f2791f23b6ec14e9b6"},"headline":"Celebrando a vida religiosa ao redor do mundo","datePublished":"2022-09-19T08:53:00+00:00","mainEntityOfPage":{"@id":"https:\/\/hijasdejesus.org\/pt-br\/celebrando-a-vida-religiosa-ao-redor-do-mundo\/"},"wordCount":408,"publisher":{"@id":"https:\/\/hijasdejesus.org\/pt-br\/#organization"},"image":{"@id":"https:\/\/hijasdejesus.org\/pt-br\/celebrando-a-vida-religiosa-ao-redor-do-mundo\/#primaryimage"},"thumbnailUrl":"https:\/\/hijasdejesus.org\/wp-content\/uploads\/2022\/09\/Portada_8_de_septiembre_celebraciones.png","keywords":["Bodas de oro","Formaci\u00f3n inicial"],"articleSection":["Argentina","Bangladesh","Espanha","Hijas de Jes\u00fas","Not\u00edcias"],"inLanguage":"pt-BR"},{"@type":"WebPage","@id":"https:\/\/hijasdejesus.org\/pt-br\/celebrando-a-vida-religiosa-ao-redor-do-mundo\/","url":"https:\/\/hijasdejesus.org\/pt-br\/celebrando-a-vida-religiosa-ao-redor-do-mundo\/","name":"Celebrando a vida religiosa ao redor do mundo - Hijas de Jes\u00fas","isPartOf":{"@id":"https:\/\/hijasdejesus.org\/pt-br\/#website"},"primaryImageOfPage":{"@id":"https:\/\/hijasdejesus.org\/pt-br\/celebrando-a-vida-religiosa-ao-redor-do-mundo\/#primaryimage"},"image":{"@id":"https:\/\/hijasdejesus.org\/pt-br\/celebrando-a-vida-religiosa-ao-redor-do-mundo\/#primaryimage"},"thumbnailUrl":"https:\/\/hijasdejesus.org\/wp-content\/uploads\/2022\/09\/Portada_8_de_septiembre_celebraciones.png","datePublished":"2022-09-19T08:53:00+00:00","breadcrumb":{"@id":"https:\/\/hijasdejesus.org\/pt-br\/celebrando-a-vida-religiosa-ao-redor-do-mundo\/#breadcrumb"},"inLanguage":"pt-BR","potentialAction":[{"@type":"ReadAction","target":["https:\/\/hijasdejesus.org\/pt-br\/celebrando-a-vida-religiosa-ao-redor-do-mundo\/"]}]},{"@type":"ImageObject","inLanguage":"pt-BR","@id":"https:\/\/hijasdejesus.org\/pt-br\/celebrando-a-vida-religiosa-ao-redor-do-mundo\/#primaryimage","url":"https:\/\/hijasdejesus.org\/wp-content\/uploads\/2022\/09\/Portada_8_de_septiembre_celebraciones.png","contentUrl":"https:\/\/hijasdejesus.org\/wp-content\/uploads\/2022\/09\/Portada_8_de_septiembre_celebraciones.png","width":2000,"height":647},{"@type":"BreadcrumbList","@id":"https:\/\/hijasdejesus.org\/pt-br\/celebrando-a-vida-religiosa-ao-redor-do-mundo\/#breadcrumb","itemListElement":[{"@type":"ListItem","position":1,"name":"Portada","item":"https:\/\/hijasdejesus.org\/pt-br\/"},{"@type":"ListItem","position":2,"name":"Celebrando a vida religiosa ao redor do mundo"}]},{"@type":"WebSite","@id":"https:\/\/hijasdejesus.org\/pt-br\/#website","url":"https:\/\/hijasdejesus.org\/pt-br\/","name":"Hijas de Jes\u00fas","description":"Despertamos a Jes\u00fas en el coraz\u00f3n, sacando lo mejor de las personas. Somos una congregaci\u00f3n religiosa ignaciana fundada por la Madre Candida","publisher":{"@id":"https:\/\/hijasdejesus.org\/pt-br\/#organization"},"potentialAction":[{"@type":"SearchAction","target":{"@type":"EntryPoint","urlTemplate":"https:\/\/hijasdejesus.org\/pt-br\/?s={search_term_string}"},"query-input":{"@type":"PropertyValueSpecification","valueRequired":true,"valueName":"search_term_string"}}],"inLanguage":"pt-BR"},{"@type":"Organization","@id":"https:\/\/hijasdejesus.org\/pt-br\/#organization","name":"Hijas de Jes\u00fas","url":"https:\/\/hijasdejesus.org\/pt-br\/","logo":{"@type":"ImageObject","inLanguage":"pt-BR","@id":"https:\/\/hijasdejesus.org\/pt-br\/#\/schema\/logo\/image\/","url":"https:\/\/hijasdejesus.org\/wp-content\/uploads\/2023\/01\/Hijas-de-Jesus_hor-A7C957.png","contentUrl":"https:\/\/hijasdejesus.org\/wp-content\/uploads\/2023\/01\/Hijas-de-Jesus_hor-A7C957.png","width":700,"height":360,"caption":"Hijas de Jes\u00fas"},"image":{"@id":"https:\/\/hijasdejesus.org\/pt-br\/#\/schema\/logo\/image\/"},"sameAs":["https:\/\/www.facebook.com\/hijasdejesusenelmundo\/","https:\/\/x.com\/hijasdjesus"]},{"@type":"Person","@id":"https:\/\/hijasdejesus.org\/pt-br\/#\/schema\/person\/ce4455965da733f2791f23b6ec14e9b6","name":"Webmaster","image":{"@type":"ImageObject","inLanguage":"pt-BR","@id":"https:\/\/secure.gravatar.com\/avatar\/cfd0acaac86c3981d541d2e99a0ffb7b6d33a5ac8989a62f5518b9e0f7ee128a?s=96&d=mm&r=g","url":"https:\/\/secure.gravatar.com\/avatar\/cfd0acaac86c3981d541d2e99a0ffb7b6d33a5ac8989a62f5518b9e0f7ee128a?s=96&d=mm&r=g","contentUrl":"https:\/\/secure.gravatar.com\/avatar\/cfd0acaac86c3981d541d2e99a0ffb7b6d33a5ac8989a62f5518b9e0f7ee128a?s=96&d=mm&r=g","caption":"Webmaster"},"url":"https:\/\/hijasdejesus.org\/pt-br\/author\/webmaster\/"}]}},"_links":{"self":[{"href":"https:\/\/hijasdejesus.org\/pt-br\/wp-json\/wp\/v2\/posts\/29964","targetHints":{"allow":["GET"]}}],"collection":[{"href":"https:\/\/hijasdejesus.org\/pt-br\/wp-json\/wp\/v2\/posts"}],"about":[{"href":"https:\/\/hijasdejesus.org\/pt-br\/wp-json\/wp\/v2\/types\/post"}],"author":[{"embeddable":true,"href":"https:\/\/hijasdejesus.org\/pt-br\/wp-json\/wp\/v2\/users\/28"}],"replies":[{"embeddable":true,"href":"https:\/\/hijasdejesus.org\/pt-br\/wp-json\/wp\/v2\/comments?post=29964"}],"version-history":[{"count":0,"href":"https:\/\/hijasdejesus.org\/pt-br\/wp-json\/wp\/v2\/posts\/29964\/revisions"}],"wp:featuredmedia":[{"embeddable":true,"href":"https:\/\/hijasdejesus.org\/pt-br\/wp-json\/wp\/v2\/media\/12040"}],"wp:attachment":[{"href":"https:\/\/hijasdejesus.org\/pt-br\/wp-json\/wp\/v2\/media?parent=29964"}],"wp:term":[{"taxonomy":"category","embeddable":true,"href":"https:\/\/hijasdejesus.org\/pt-br\/wp-json\/wp\/v2\/categories?post=29964"},{"taxonomy":"post_tag","embeddable":true,"href":"https:\/\/hijasdejesus.org\/pt-br\/wp-json\/wp\/v2\/tags?post=29964"}],"curies":[{"name":"wp","href":"https:\/\/api.w.org\/{rel}","templated":true}]}}