{"id":29967,"date":"2022-09-14T14:11:30","date_gmt":"2022-09-14T12:11:30","guid":{"rendered":"https:\/\/nueva.hijasdejesus.org\/rele-de-memoria-e-maos\/"},"modified":"2022-09-14T14:11:30","modified_gmt":"2022-09-14T12:11:30","slug":"rele-de-memoria-e-maos","status":"publish","type":"post","link":"https:\/\/hijasdejesus.org\/pt-br\/rele-de-memoria-e-maos\/","title":{"rendered":"Rel\u00e9 de mem\u00f3ria e m\u00e3os"},"content":{"rendered":"<\/p>\n<p>Esta segunda-feira, 12 de setembro, foi um dia muito especial para a <strong>comunidade da C\u00faria Geral em Roma<\/strong>. Como a Superiora Geral havia anunciado em sua <a href=\"index.php?option=com_content&amp;view=article&amp;id=2578;25-carta-de-graciela-nomeacoes-e-embarques&amp;catid=14&amp;Itemid=143&amp;lang=pt\">circular no. 25<\/a>, a <strong>mudan\u00e7a do Secret\u00e1rio Geral<\/strong> ocorreu.<\/p>\n<p>Desde cedo, o ambiente era festivo, uma mistura de alegria e saudade. A capela lindamente decorada refletia a emo\u00e7\u00e3o do momento. Na Eucaristia, <em><strong>Gloria Albiac<\/strong><\/em> substituiu <em><strong>Ana Baeza<\/strong> <\/em>neste servi\u00e7o t\u00e3o necess\u00e1rio para o bom funcionamento do Governo.<\/p>\n<p>Gratid\u00e3o, disponibilidade e ajuda s\u00e3o as tr\u00eas palavras que se destacam neste dia.<\/p>\n<p style=\"padding-left: 30px;\"><strong>Gratid\u00e3o<\/strong> em Ana e Gl\u00f3ria; gratid\u00e3o do Superior Geral a cada um, mas tamb\u00e9m gratid\u00e3o expressa por toda a comunidade. As raz\u00f5es variaram de acordo com o orador, mas os sentimentos foram un\u00e2nimes.<\/p>\n<p style=\"padding-left: 30px;\">A <strong>disponibilidade<\/strong>, tanto nossa, n\u00e3o \u00e9 uma disponibilidade cega, \u00e9 sentida, gratuita e respons\u00e1vel, e \u00e9 a aceita\u00e7\u00e3o do envio quando ele \u00e9 recebido. \u00c9 tamb\u00e9m uma vontade permanente. Esta virtude estava muito fortemente presente. Tanto Ana como Gloria tinham, aos olhos de todos, circunst\u00e2ncias familiares para objetar. Mas ambos aceitaram esta gra\u00e7a de estar dispon\u00edveis e a colocaram a servi\u00e7o, juntamente com os outros presentes que completam seu perfil para este trabalho.<\/p>\n<p style=\"padding-left: 30px;\">Finalmente, isso <strong>ajuda<\/strong>. A Secret\u00e1ria \u00e9 chamada a ser uma &#8220;ajuda&#8221; para a Superiora Geral, como sua &#8220;mem\u00f3ria e m\u00e3os&#8221;. A gratid\u00e3o por ter sido assim manifestada, assim como o pedido do Esp\u00edrito de que Gl\u00f3ria pudesse ser assim. Afinal, somos todos chamados a &#8220;ajudar&#8221;: uns aos outros, a outras pessoas, que trataremos como &#8220;filhos&#8221; e &#8220;filhas&#8221;.<\/p>\n<p>Quando vivemos desta maneira os rel\u00e9s ou mudan\u00e7as, que s\u00e3o normais porque a mudan\u00e7a faz parte da vida, expressamos a vivacidade e a alegria de nossa voca\u00e7\u00e3o.<\/p>\n<p><em><strong>\u00a0<\/strong><\/em><\/p>\n<p><em><strong>A comunidade da C\u00faria<\/strong><\/em><\/p>\n","protected":false},"excerpt":{"rendered":"<p>Esta segunda-feira, 12 de setembro, foi um dia muito especial para a comunidade da C\u00faria Geral em Roma. Como a Superiora Geral havia anunciado em sua circular no. 25, a mudan\u00e7a do Secret\u00e1rio Geral ocorreu. Desde cedo, o ambiente era festivo, uma mistura de alegria e saudade. A capela lindamente decorada refletia a emo\u00e7\u00e3o do [&hellip;]<\/p>\n","protected":false},"author":28,"featured_media":12058,"comment_status":"closed","ping_status":"closed","sticky":false,"template":"","format":"standard","meta":{"_et_pb_use_builder":"","_et_pb_old_content":"","_et_gb_content_width":"","footnotes":"","_links_to":"","_links_to_target":""},"categories":[529,535,469],"tags":[],"class_list":["post-29967","post","type-post","status-publish","format-standard","has-post-thumbnail","hentry","category-hijas-de-jesus-pt-br","category-italia-pt-br","category-noticias-pt-br"],"yoast_head":"<!-- This site is optimized with the Yoast SEO plugin v27.4 - https:\/\/yoast.com\/product\/yoast-seo-wordpress\/ -->\n<title>Rel\u00e9 de mem\u00f3ria e m\u00e3os - Hijas de Jes\u00fas<\/title>\n<meta name=\"robots\" content=\"index, follow, max-snippet:-1, max-image-preview:large, max-video-preview:-1\" \/>\n<link rel=\"canonical\" href=\"https:\/\/hijasdejesus.org\/pt-br\/rele-de-memoria-e-maos\/\" \/>\n<meta property=\"og:locale\" content=\"pt_BR\" \/>\n<meta property=\"og:type\" content=\"article\" \/>\n<meta property=\"og:title\" content=\"Rel\u00e9 de mem\u00f3ria e m\u00e3os - Hijas de Jes\u00fas\" \/>\n<meta property=\"og:description\" content=\"Esta segunda-feira, 12 de setembro, foi um dia muito especial para a comunidade da C\u00faria Geral em Roma. Como a Superiora Geral havia anunciado em sua circular no. 25, a mudan\u00e7a do Secret\u00e1rio Geral ocorreu. Desde cedo, o ambiente era festivo, uma mistura de alegria e saudade. A capela lindamente decorada refletia a emo\u00e7\u00e3o do [&hellip;]\" \/>\n<meta property=\"og:url\" content=\"https:\/\/hijasdejesus.org\/pt-br\/rele-de-memoria-e-maos\/\" \/>\n<meta property=\"og:site_name\" content=\"Hijas de Jes\u00fas\" \/>\n<meta property=\"article:publisher\" content=\"https:\/\/www.facebook.com\/hijasdejesusenelmundo\/\" \/>\n<meta property=\"article:published_time\" content=\"2022-09-14T12:11:30+00:00\" \/>\n<meta property=\"og:image\" content=\"https:\/\/hijasdejesus.org\/wp-content\/uploads\/2022\/09\/2022-09-12_relevo_Curia_secretaria_General_1.png\" \/>\n\t<meta property=\"og:image:width\" content=\"2000\" \/>\n\t<meta property=\"og:image:height\" content=\"647\" \/>\n\t<meta property=\"og:image:type\" content=\"image\/png\" \/>\n<meta name=\"author\" content=\"Webmaster\" \/>\n<meta name=\"twitter:card\" content=\"summary_large_image\" \/>\n<meta name=\"twitter:creator\" content=\"@hijasdjesus\" \/>\n<meta name=\"twitter:site\" content=\"@hijasdjesus\" \/>\n<meta name=\"twitter:label1\" content=\"Escrito por\" \/>\n\t<meta name=\"twitter:data1\" content=\"Webmaster\" \/>\n\t<meta name=\"twitter:label2\" content=\"Est. tempo de leitura\" \/>\n\t<meta name=\"twitter:data2\" content=\"2 minutos\" \/>\n<script type=\"application\/ld+json\" class=\"yoast-schema-graph\">{\"@context\":\"https:\\\/\\\/schema.org\",\"@graph\":[{\"@type\":\"Article\",\"@id\":\"https:\\\/\\\/hijasdejesus.org\\\/pt-br\\\/rele-de-memoria-e-maos\\\/#article\",\"isPartOf\":{\"@id\":\"https:\\\/\\\/hijasdejesus.org\\\/pt-br\\\/rele-de-memoria-e-maos\\\/\"},\"author\":{\"name\":\"Webmaster\",\"@id\":\"https:\\\/\\\/hijasdejesus.org\\\/pt-br\\\/#\\\/schema\\\/person\\\/ce4455965da733f2791f23b6ec14e9b6\"},\"headline\":\"Rel\u00e9 de mem\u00f3ria e m\u00e3os\",\"datePublished\":\"2022-09-14T12:11:30+00:00\",\"mainEntityOfPage\":{\"@id\":\"https:\\\/\\\/hijasdejesus.org\\\/pt-br\\\/rele-de-memoria-e-maos\\\/\"},\"wordCount\":316,\"publisher\":{\"@id\":\"https:\\\/\\\/hijasdejesus.org\\\/pt-br\\\/#organization\"},\"image\":{\"@id\":\"https:\\\/\\\/hijasdejesus.org\\\/pt-br\\\/rele-de-memoria-e-maos\\\/#primaryimage\"},\"thumbnailUrl\":\"https:\\\/\\\/hijasdejesus.org\\\/wp-content\\\/uploads\\\/2022\\\/09\\\/2022-09-12_relevo_Curia_secretaria_General_1.png\",\"articleSection\":[\"Hijas de Jes\u00fas\",\"It\u00e1lia\",\"Not\u00edcias\"],\"inLanguage\":\"pt-BR\"},{\"@type\":\"WebPage\",\"@id\":\"https:\\\/\\\/hijasdejesus.org\\\/pt-br\\\/rele-de-memoria-e-maos\\\/\",\"url\":\"https:\\\/\\\/hijasdejesus.org\\\/pt-br\\\/rele-de-memoria-e-maos\\\/\",\"name\":\"Rel\u00e9 de mem\u00f3ria e m\u00e3os - Hijas de Jes\u00fas\",\"isPartOf\":{\"@id\":\"https:\\\/\\\/hijasdejesus.org\\\/pt-br\\\/#website\"},\"primaryImageOfPage\":{\"@id\":\"https:\\\/\\\/hijasdejesus.org\\\/pt-br\\\/rele-de-memoria-e-maos\\\/#primaryimage\"},\"image\":{\"@id\":\"https:\\\/\\\/hijasdejesus.org\\\/pt-br\\\/rele-de-memoria-e-maos\\\/#primaryimage\"},\"thumbnailUrl\":\"https:\\\/\\\/hijasdejesus.org\\\/wp-content\\\/uploads\\\/2022\\\/09\\\/2022-09-12_relevo_Curia_secretaria_General_1.png\",\"datePublished\":\"2022-09-14T12:11:30+00:00\",\"breadcrumb\":{\"@id\":\"https:\\\/\\\/hijasdejesus.org\\\/pt-br\\\/rele-de-memoria-e-maos\\\/#breadcrumb\"},\"inLanguage\":\"pt-BR\",\"potentialAction\":[{\"@type\":\"ReadAction\",\"target\":[\"https:\\\/\\\/hijasdejesus.org\\\/pt-br\\\/rele-de-memoria-e-maos\\\/\"]}]},{\"@type\":\"ImageObject\",\"inLanguage\":\"pt-BR\",\"@id\":\"https:\\\/\\\/hijasdejesus.org\\\/pt-br\\\/rele-de-memoria-e-maos\\\/#primaryimage\",\"url\":\"https:\\\/\\\/hijasdejesus.org\\\/wp-content\\\/uploads\\\/2022\\\/09\\\/2022-09-12_relevo_Curia_secretaria_General_1.png\",\"contentUrl\":\"https:\\\/\\\/hijasdejesus.org\\\/wp-content\\\/uploads\\\/2022\\\/09\\\/2022-09-12_relevo_Curia_secretaria_General_1.png\",\"width\":2000,\"height\":647},{\"@type\":\"BreadcrumbList\",\"@id\":\"https:\\\/\\\/hijasdejesus.org\\\/pt-br\\\/rele-de-memoria-e-maos\\\/#breadcrumb\",\"itemListElement\":[{\"@type\":\"ListItem\",\"position\":1,\"name\":\"Portada\",\"item\":\"https:\\\/\\\/hijasdejesus.org\\\/pt-br\\\/\"},{\"@type\":\"ListItem\",\"position\":2,\"name\":\"Rel\u00e9 de mem\u00f3ria e m\u00e3os\"}]},{\"@type\":\"WebSite\",\"@id\":\"https:\\\/\\\/hijasdejesus.org\\\/pt-br\\\/#website\",\"url\":\"https:\\\/\\\/hijasdejesus.org\\\/pt-br\\\/\",\"name\":\"Hijas de Jes\u00fas\",\"description\":\"Despertamos a Jes\u00fas en el coraz\u00f3n, sacando lo mejor de las personas. Somos una congregaci\u00f3n religiosa ignaciana fundada por la Madre Candida\",\"publisher\":{\"@id\":\"https:\\\/\\\/hijasdejesus.org\\\/pt-br\\\/#organization\"},\"potentialAction\":[{\"@type\":\"SearchAction\",\"target\":{\"@type\":\"EntryPoint\",\"urlTemplate\":\"https:\\\/\\\/hijasdejesus.org\\\/pt-br\\\/?s={search_term_string}\"},\"query-input\":{\"@type\":\"PropertyValueSpecification\",\"valueRequired\":true,\"valueName\":\"search_term_string\"}}],\"inLanguage\":\"pt-BR\"},{\"@type\":\"Organization\",\"@id\":\"https:\\\/\\\/hijasdejesus.org\\\/pt-br\\\/#organization\",\"name\":\"Hijas de Jes\u00fas\",\"url\":\"https:\\\/\\\/hijasdejesus.org\\\/pt-br\\\/\",\"logo\":{\"@type\":\"ImageObject\",\"inLanguage\":\"pt-BR\",\"@id\":\"https:\\\/\\\/hijasdejesus.org\\\/pt-br\\\/#\\\/schema\\\/logo\\\/image\\\/\",\"url\":\"https:\\\/\\\/hijasdejesus.org\\\/wp-content\\\/uploads\\\/2023\\\/01\\\/Hijas-de-Jesus_hor-A7C957.png\",\"contentUrl\":\"https:\\\/\\\/hijasdejesus.org\\\/wp-content\\\/uploads\\\/2023\\\/01\\\/Hijas-de-Jesus_hor-A7C957.png\",\"width\":700,\"height\":360,\"caption\":\"Hijas de Jes\u00fas\"},\"image\":{\"@id\":\"https:\\\/\\\/hijasdejesus.org\\\/pt-br\\\/#\\\/schema\\\/logo\\\/image\\\/\"},\"sameAs\":[\"https:\\\/\\\/www.facebook.com\\\/hijasdejesusenelmundo\\\/\",\"https:\\\/\\\/x.com\\\/hijasdjesus\"]},{\"@type\":\"Person\",\"@id\":\"https:\\\/\\\/hijasdejesus.org\\\/pt-br\\\/#\\\/schema\\\/person\\\/ce4455965da733f2791f23b6ec14e9b6\",\"name\":\"Webmaster\",\"image\":{\"@type\":\"ImageObject\",\"inLanguage\":\"pt-BR\",\"@id\":\"https:\\\/\\\/secure.gravatar.com\\\/avatar\\\/cfd0acaac86c3981d541d2e99a0ffb7b6d33a5ac8989a62f5518b9e0f7ee128a?s=96&d=mm&r=g\",\"url\":\"https:\\\/\\\/secure.gravatar.com\\\/avatar\\\/cfd0acaac86c3981d541d2e99a0ffb7b6d33a5ac8989a62f5518b9e0f7ee128a?s=96&d=mm&r=g\",\"contentUrl\":\"https:\\\/\\\/secure.gravatar.com\\\/avatar\\\/cfd0acaac86c3981d541d2e99a0ffb7b6d33a5ac8989a62f5518b9e0f7ee128a?s=96&d=mm&r=g\",\"caption\":\"Webmaster\"},\"url\":\"https:\\\/\\\/hijasdejesus.org\\\/pt-br\\\/author\\\/webmaster\\\/\"}]}<\/script>\n<!-- \/ Yoast SEO plugin. -->","yoast_head_json":{"title":"Rel\u00e9 de mem\u00f3ria e m\u00e3os - Hijas de Jes\u00fas","robots":{"index":"index","follow":"follow","max-snippet":"max-snippet:-1","max-image-preview":"max-image-preview:large","max-video-preview":"max-video-preview:-1"},"canonical":"https:\/\/hijasdejesus.org\/pt-br\/rele-de-memoria-e-maos\/","og_locale":"pt_BR","og_type":"article","og_title":"Rel\u00e9 de mem\u00f3ria e m\u00e3os - Hijas de Jes\u00fas","og_description":"Esta segunda-feira, 12 de setembro, foi um dia muito especial para a comunidade da C\u00faria Geral em Roma. Como a Superiora Geral havia anunciado em sua circular no. 25, a mudan\u00e7a do Secret\u00e1rio Geral ocorreu. Desde cedo, o ambiente era festivo, uma mistura de alegria e saudade. A capela lindamente decorada refletia a emo\u00e7\u00e3o do [&hellip;]","og_url":"https:\/\/hijasdejesus.org\/pt-br\/rele-de-memoria-e-maos\/","og_site_name":"Hijas de Jes\u00fas","article_publisher":"https:\/\/www.facebook.com\/hijasdejesusenelmundo\/","article_published_time":"2022-09-14T12:11:30+00:00","og_image":[{"width":2000,"height":647,"url":"https:\/\/hijasdejesus.org\/wp-content\/uploads\/2022\/09\/2022-09-12_relevo_Curia_secretaria_General_1.png","type":"image\/png"}],"author":"Webmaster","twitter_card":"summary_large_image","twitter_creator":"@hijasdjesus","twitter_site":"@hijasdjesus","twitter_misc":{"Escrito por":"Webmaster","Est. tempo de leitura":"2 minutos"},"schema":{"@context":"https:\/\/schema.org","@graph":[{"@type":"Article","@id":"https:\/\/hijasdejesus.org\/pt-br\/rele-de-memoria-e-maos\/#article","isPartOf":{"@id":"https:\/\/hijasdejesus.org\/pt-br\/rele-de-memoria-e-maos\/"},"author":{"name":"Webmaster","@id":"https:\/\/hijasdejesus.org\/pt-br\/#\/schema\/person\/ce4455965da733f2791f23b6ec14e9b6"},"headline":"Rel\u00e9 de mem\u00f3ria e m\u00e3os","datePublished":"2022-09-14T12:11:30+00:00","mainEntityOfPage":{"@id":"https:\/\/hijasdejesus.org\/pt-br\/rele-de-memoria-e-maos\/"},"wordCount":316,"publisher":{"@id":"https:\/\/hijasdejesus.org\/pt-br\/#organization"},"image":{"@id":"https:\/\/hijasdejesus.org\/pt-br\/rele-de-memoria-e-maos\/#primaryimage"},"thumbnailUrl":"https:\/\/hijasdejesus.org\/wp-content\/uploads\/2022\/09\/2022-09-12_relevo_Curia_secretaria_General_1.png","articleSection":["Hijas de Jes\u00fas","It\u00e1lia","Not\u00edcias"],"inLanguage":"pt-BR"},{"@type":"WebPage","@id":"https:\/\/hijasdejesus.org\/pt-br\/rele-de-memoria-e-maos\/","url":"https:\/\/hijasdejesus.org\/pt-br\/rele-de-memoria-e-maos\/","name":"Rel\u00e9 de mem\u00f3ria e m\u00e3os - Hijas de Jes\u00fas","isPartOf":{"@id":"https:\/\/hijasdejesus.org\/pt-br\/#website"},"primaryImageOfPage":{"@id":"https:\/\/hijasdejesus.org\/pt-br\/rele-de-memoria-e-maos\/#primaryimage"},"image":{"@id":"https:\/\/hijasdejesus.org\/pt-br\/rele-de-memoria-e-maos\/#primaryimage"},"thumbnailUrl":"https:\/\/hijasdejesus.org\/wp-content\/uploads\/2022\/09\/2022-09-12_relevo_Curia_secretaria_General_1.png","datePublished":"2022-09-14T12:11:30+00:00","breadcrumb":{"@id":"https:\/\/hijasdejesus.org\/pt-br\/rele-de-memoria-e-maos\/#breadcrumb"},"inLanguage":"pt-BR","potentialAction":[{"@type":"ReadAction","target":["https:\/\/hijasdejesus.org\/pt-br\/rele-de-memoria-e-maos\/"]}]},{"@type":"ImageObject","inLanguage":"pt-BR","@id":"https:\/\/hijasdejesus.org\/pt-br\/rele-de-memoria-e-maos\/#primaryimage","url":"https:\/\/hijasdejesus.org\/wp-content\/uploads\/2022\/09\/2022-09-12_relevo_Curia_secretaria_General_1.png","contentUrl":"https:\/\/hijasdejesus.org\/wp-content\/uploads\/2022\/09\/2022-09-12_relevo_Curia_secretaria_General_1.png","width":2000,"height":647},{"@type":"BreadcrumbList","@id":"https:\/\/hijasdejesus.org\/pt-br\/rele-de-memoria-e-maos\/#breadcrumb","itemListElement":[{"@type":"ListItem","position":1,"name":"Portada","item":"https:\/\/hijasdejesus.org\/pt-br\/"},{"@type":"ListItem","position":2,"name":"Rel\u00e9 de mem\u00f3ria e m\u00e3os"}]},{"@type":"WebSite","@id":"https:\/\/hijasdejesus.org\/pt-br\/#website","url":"https:\/\/hijasdejesus.org\/pt-br\/","name":"Hijas de Jes\u00fas","description":"Despertamos a Jes\u00fas en el coraz\u00f3n, sacando lo mejor de las personas. Somos una congregaci\u00f3n religiosa ignaciana fundada por la Madre Candida","publisher":{"@id":"https:\/\/hijasdejesus.org\/pt-br\/#organization"},"potentialAction":[{"@type":"SearchAction","target":{"@type":"EntryPoint","urlTemplate":"https:\/\/hijasdejesus.org\/pt-br\/?s={search_term_string}"},"query-input":{"@type":"PropertyValueSpecification","valueRequired":true,"valueName":"search_term_string"}}],"inLanguage":"pt-BR"},{"@type":"Organization","@id":"https:\/\/hijasdejesus.org\/pt-br\/#organization","name":"Hijas de Jes\u00fas","url":"https:\/\/hijasdejesus.org\/pt-br\/","logo":{"@type":"ImageObject","inLanguage":"pt-BR","@id":"https:\/\/hijasdejesus.org\/pt-br\/#\/schema\/logo\/image\/","url":"https:\/\/hijasdejesus.org\/wp-content\/uploads\/2023\/01\/Hijas-de-Jesus_hor-A7C957.png","contentUrl":"https:\/\/hijasdejesus.org\/wp-content\/uploads\/2023\/01\/Hijas-de-Jesus_hor-A7C957.png","width":700,"height":360,"caption":"Hijas de Jes\u00fas"},"image":{"@id":"https:\/\/hijasdejesus.org\/pt-br\/#\/schema\/logo\/image\/"},"sameAs":["https:\/\/www.facebook.com\/hijasdejesusenelmundo\/","https:\/\/x.com\/hijasdjesus"]},{"@type":"Person","@id":"https:\/\/hijasdejesus.org\/pt-br\/#\/schema\/person\/ce4455965da733f2791f23b6ec14e9b6","name":"Webmaster","image":{"@type":"ImageObject","inLanguage":"pt-BR","@id":"https:\/\/secure.gravatar.com\/avatar\/cfd0acaac86c3981d541d2e99a0ffb7b6d33a5ac8989a62f5518b9e0f7ee128a?s=96&d=mm&r=g","url":"https:\/\/secure.gravatar.com\/avatar\/cfd0acaac86c3981d541d2e99a0ffb7b6d33a5ac8989a62f5518b9e0f7ee128a?s=96&d=mm&r=g","contentUrl":"https:\/\/secure.gravatar.com\/avatar\/cfd0acaac86c3981d541d2e99a0ffb7b6d33a5ac8989a62f5518b9e0f7ee128a?s=96&d=mm&r=g","caption":"Webmaster"},"url":"https:\/\/hijasdejesus.org\/pt-br\/author\/webmaster\/"}]}},"_links":{"self":[{"href":"https:\/\/hijasdejesus.org\/pt-br\/wp-json\/wp\/v2\/posts\/29967","targetHints":{"allow":["GET"]}}],"collection":[{"href":"https:\/\/hijasdejesus.org\/pt-br\/wp-json\/wp\/v2\/posts"}],"about":[{"href":"https:\/\/hijasdejesus.org\/pt-br\/wp-json\/wp\/v2\/types\/post"}],"author":[{"embeddable":true,"href":"https:\/\/hijasdejesus.org\/pt-br\/wp-json\/wp\/v2\/users\/28"}],"replies":[{"embeddable":true,"href":"https:\/\/hijasdejesus.org\/pt-br\/wp-json\/wp\/v2\/comments?post=29967"}],"version-history":[{"count":0,"href":"https:\/\/hijasdejesus.org\/pt-br\/wp-json\/wp\/v2\/posts\/29967\/revisions"}],"wp:featuredmedia":[{"embeddable":true,"href":"https:\/\/hijasdejesus.org\/pt-br\/wp-json\/wp\/v2\/media\/12058"}],"wp:attachment":[{"href":"https:\/\/hijasdejesus.org\/pt-br\/wp-json\/wp\/v2\/media?parent=29967"}],"wp:term":[{"taxonomy":"category","embeddable":true,"href":"https:\/\/hijasdejesus.org\/pt-br\/wp-json\/wp\/v2\/categories?post=29967"},{"taxonomy":"post_tag","embeddable":true,"href":"https:\/\/hijasdejesus.org\/pt-br\/wp-json\/wp\/v2\/tags?post=29967"}],"curies":[{"name":"wp","href":"https:\/\/api.w.org\/{rel}","templated":true}]}}