{"id":30030,"date":"2022-12-05T20:42:32","date_gmt":"2022-12-05T19:42:32","guid":{"rendered":"https:\/\/nueva.hijasdejesus.org\/reuniao-de-superiores-provinciais-em-roma\/"},"modified":"2022-12-05T20:42:32","modified_gmt":"2022-12-05T19:42:32","slug":"reuniao-de-superiores-provinciais-em-roma","status":"publish","type":"post","link":"https:\/\/hijasdejesus.org\/pt-br\/reuniao-de-superiores-provinciais-em-roma\/","title":{"rendered":"Reuni\u00e3o de Superiores Provinciais em Roma"},"content":{"rendered":"<p>Durante esses dias, a <strong>reuni\u00e3o dos Superiores Provinciais<\/strong> est\u00e1 sendo realizada em<strong> Roma<\/strong>, um momento de reuni\u00e3o ap\u00f3s esses anos, sem poder faz\u00ea-lo pessoalmente. Al\u00e9m do <strong>Governo Geral<\/strong>, os <strong>Superiores Provinciais das cinco prov\u00edncias<\/strong> est\u00e3o participando da reuni\u00e3o:<\/p>\n<p style=\"padding-left: 30px;\"><em><strong>Dayse Agretti<\/strong> <\/em>da Am\u00e9rica Andina<br \/><em><strong>Sofia Chang<\/strong><\/em> da \u00c1sia Oriental<br \/><em><strong>S\u00f4nia Mar\u00eda<\/strong> <strong>Soares<\/strong><\/em> do Brasil-Caribe<br \/><em><strong>M\u00aa Rosa Espinosa<\/strong><\/em> da Espanha-It\u00e1lia<br \/><em><strong>Emelinda Falsis<\/strong> <\/em>da \u00cdndia-Pac\u00edfico<\/p>\n<p><strong>M\u00aa de la O Mart\u00ednez<\/strong>, Delegada para Mo\u00e7ambique e em alguns pontos a Ec\u00f4noma Geral <strong>Yajaira Hern\u00e1ndez<\/strong> tamb\u00e9m participar\u00e1.<\/p>\n<p>Ser\u00e3o dez dias de forma\u00e7\u00e3o, refletindo juntos e tratando de assuntos que afetam toda a Congrega\u00e7\u00e3o.<\/p>\n<p>O primeiro dia foi um dia de<strong> retiro e ora\u00e7\u00e3o<\/strong>. O t\u00edtulo<strong> &#8220;Vamos para a outra margem&#8221;<\/strong> ajudou cada um a sair de sua pr\u00f3pria realidade para entrar em uma perspectiva universal. O dia terminou com a Eucaristia presidida pelo <strong><em>Pe. Orlando Torres, SJ.<\/em><\/strong><\/p>\n<p>\u00a0\u00a0<img loading=\"lazy\" decoding=\"async\" class=\" size-full wp-image-18146\" src=\"https:\/\/hijasdejesus.org\/wp-content\/uploads\/2022\/12\/Encuentro_provinciales_dic2022_9.jpg\" alt=\"\" width=\"283\" height=\"212\" \/>\u00a0<img loading=\"lazy\" decoding=\"async\" class=\" size-full wp-image-18149\" src=\"https:\/\/hijasdejesus.org\/wp-content\/uploads\/2022\/12\/Encuentro_provinciales_dic2022_7.jpg\" alt=\"\" width=\"285\" height=\"213\" \/><\/p>\n","protected":false},"excerpt":{"rendered":"<p>Durante esses dias, a reuni\u00e3o dos Superiores Provinciais est\u00e1 sendo realizada em Roma, um momento de reuni\u00e3o ap\u00f3s esses anos, sem poder faz\u00ea-lo pessoalmente. Al\u00e9m do Governo Geral, os Superiores Provinciais das cinco prov\u00edncias est\u00e3o participando da reuni\u00e3o: Dayse Agretti da Am\u00e9rica AndinaSofia Chang da \u00c1sia OrientalS\u00f4nia Mar\u00eda Soares do Brasil-CaribeM\u00aa Rosa Espinosa da Espanha-It\u00e1liaEmelinda [&hellip;]<\/p>\n","protected":false},"author":28,"featured_media":18143,"comment_status":"","ping_status":"closed","sticky":false,"template":"","format":"standard","meta":{"_et_pb_use_builder":"","_et_pb_old_content":"","_et_gb_content_width":"","footnotes":"","_links_to":"","_links_to_target":""},"categories":[413],"tags":[429],"class_list":["post-30030","post","type-post","status-publish","format-standard","has-post-thumbnail","hentry","category-noticia","tag-filhas-de-jesus"],"yoast_head":"<!-- This site is optimized with the Yoast SEO plugin v27.5 - https:\/\/yoast.com\/product\/yoast-seo-wordpress\/ -->\n<title>Reuni\u00e3o de Superiores Provinciais em Roma - Hijas de Jes\u00fas<\/title>\n<meta name=\"robots\" content=\"index, follow, max-snippet:-1, max-image-preview:large, max-video-preview:-1\" \/>\n<link rel=\"canonical\" href=\"https:\/\/hijasdejesus.org\/pt-br\/reuniao-de-superiores-provinciais-em-roma\/\" \/>\n<meta property=\"og:locale\" content=\"pt_BR\" \/>\n<meta property=\"og:type\" content=\"article\" \/>\n<meta property=\"og:title\" content=\"Reuni\u00e3o de Superiores Provinciais em Roma - Hijas de Jes\u00fas\" \/>\n<meta property=\"og:description\" content=\"Durante esses dias, a reuni\u00e3o dos Superiores Provinciais est\u00e1 sendo realizada em Roma, um momento de reuni\u00e3o ap\u00f3s esses anos, sem poder faz\u00ea-lo pessoalmente. Al\u00e9m do Governo Geral, os Superiores Provinciais das cinco prov\u00edncias est\u00e3o participando da reuni\u00e3o: Dayse Agretti da Am\u00e9rica AndinaSofia Chang da \u00c1sia OrientalS\u00f4nia Mar\u00eda Soares do Brasil-CaribeM\u00aa Rosa Espinosa da Espanha-It\u00e1liaEmelinda [&hellip;]\" \/>\n<meta property=\"og:url\" content=\"https:\/\/hijasdejesus.org\/pt-br\/reuniao-de-superiores-provinciais-em-roma\/\" \/>\n<meta property=\"og:site_name\" content=\"Hijas de Jes\u00fas\" \/>\n<meta property=\"article:publisher\" content=\"https:\/\/www.facebook.com\/hijasdejesusenelmundo\/\" \/>\n<meta property=\"article:published_time\" content=\"2022-12-05T19:42:32+00:00\" \/>\n<meta property=\"og:image\" content=\"https:\/\/hijasdejesus.org\/wp-content\/uploads\/2022\/12\/Encuentro_provinciales_dic2022_11.jpg\" \/>\n\t<meta property=\"og:image:width\" content=\"1\" \/>\n\t<meta property=\"og:image:height\" content=\"1\" \/>\n\t<meta property=\"og:image:type\" content=\"image\/jpeg\" \/>\n<meta name=\"author\" content=\"Webmaster\" \/>\n<meta name=\"twitter:card\" content=\"summary_large_image\" \/>\n<meta name=\"twitter:creator\" content=\"@hijasdjesus\" \/>\n<meta name=\"twitter:site\" content=\"@hijasdjesus\" \/>\n<meta name=\"twitter:label1\" content=\"Escrito por\" \/>\n\t<meta name=\"twitter:data1\" content=\"Webmaster\" \/>\n\t<meta name=\"twitter:label2\" content=\"Est. tempo de leitura\" \/>\n\t<meta name=\"twitter:data2\" content=\"1 minuto\" \/>\n<script type=\"application\/ld+json\" class=\"yoast-schema-graph\">{\"@context\":\"https:\\\/\\\/schema.org\",\"@graph\":[{\"@type\":\"Article\",\"@id\":\"https:\\\/\\\/hijasdejesus.org\\\/pt-br\\\/reuniao-de-superiores-provinciais-em-roma\\\/#article\",\"isPartOf\":{\"@id\":\"https:\\\/\\\/hijasdejesus.org\\\/pt-br\\\/reuniao-de-superiores-provinciais-em-roma\\\/\"},\"author\":{\"name\":\"Webmaster\",\"@id\":\"https:\\\/\\\/hijasdejesus.org\\\/pt-br\\\/#\\\/schema\\\/person\\\/ce4455965da733f2791f23b6ec14e9b6\"},\"headline\":\"Reuni\u00e3o de Superiores Provinciais em Roma\",\"datePublished\":\"2022-12-05T19:42:32+00:00\",\"mainEntityOfPage\":{\"@id\":\"https:\\\/\\\/hijasdejesus.org\\\/pt-br\\\/reuniao-de-superiores-provinciais-em-roma\\\/\"},\"wordCount\":172,\"publisher\":{\"@id\":\"https:\\\/\\\/hijasdejesus.org\\\/pt-br\\\/#organization\"},\"image\":{\"@id\":\"https:\\\/\\\/hijasdejesus.org\\\/pt-br\\\/reuniao-de-superiores-provinciais-em-roma\\\/#primaryimage\"},\"thumbnailUrl\":\"https:\\\/\\\/hijasdejesus.org\\\/wp-content\\\/uploads\\\/2022\\\/12\\\/Encuentro_provinciales_dic2022_11.jpg\",\"keywords\":[\"Filhas de Jesus\"],\"articleSection\":[\"Not\u00edcia\"],\"inLanguage\":\"pt-BR\"},{\"@type\":\"WebPage\",\"@id\":\"https:\\\/\\\/hijasdejesus.org\\\/pt-br\\\/reuniao-de-superiores-provinciais-em-roma\\\/\",\"url\":\"https:\\\/\\\/hijasdejesus.org\\\/pt-br\\\/reuniao-de-superiores-provinciais-em-roma\\\/\",\"name\":\"Reuni\u00e3o de Superiores Provinciais em Roma - Hijas de Jes\u00fas\",\"isPartOf\":{\"@id\":\"https:\\\/\\\/hijasdejesus.org\\\/pt-br\\\/#website\"},\"primaryImageOfPage\":{\"@id\":\"https:\\\/\\\/hijasdejesus.org\\\/pt-br\\\/reuniao-de-superiores-provinciais-em-roma\\\/#primaryimage\"},\"image\":{\"@id\":\"https:\\\/\\\/hijasdejesus.org\\\/pt-br\\\/reuniao-de-superiores-provinciais-em-roma\\\/#primaryimage\"},\"thumbnailUrl\":\"https:\\\/\\\/hijasdejesus.org\\\/wp-content\\\/uploads\\\/2022\\\/12\\\/Encuentro_provinciales_dic2022_11.jpg\",\"datePublished\":\"2022-12-05T19:42:32+00:00\",\"breadcrumb\":{\"@id\":\"https:\\\/\\\/hijasdejesus.org\\\/pt-br\\\/reuniao-de-superiores-provinciais-em-roma\\\/#breadcrumb\"},\"inLanguage\":\"pt-BR\",\"potentialAction\":[{\"@type\":\"ReadAction\",\"target\":[\"https:\\\/\\\/hijasdejesus.org\\\/pt-br\\\/reuniao-de-superiores-provinciais-em-roma\\\/\"]}]},{\"@type\":\"ImageObject\",\"inLanguage\":\"pt-BR\",\"@id\":\"https:\\\/\\\/hijasdejesus.org\\\/pt-br\\\/reuniao-de-superiores-provinciais-em-roma\\\/#primaryimage\",\"url\":\"https:\\\/\\\/hijasdejesus.org\\\/wp-content\\\/uploads\\\/2022\\\/12\\\/Encuentro_provinciales_dic2022_11.jpg\",\"contentUrl\":\"https:\\\/\\\/hijasdejesus.org\\\/wp-content\\\/uploads\\\/2022\\\/12\\\/Encuentro_provinciales_dic2022_11.jpg\"},{\"@type\":\"BreadcrumbList\",\"@id\":\"https:\\\/\\\/hijasdejesus.org\\\/pt-br\\\/reuniao-de-superiores-provinciais-em-roma\\\/#breadcrumb\",\"itemListElement\":[{\"@type\":\"ListItem\",\"position\":1,\"name\":\"Portada\",\"item\":\"https:\\\/\\\/hijasdejesus.org\\\/pt-br\\\/\"},{\"@type\":\"ListItem\",\"position\":2,\"name\":\"Reuni\u00e3o de Superiores Provinciais em Roma\"}]},{\"@type\":\"WebSite\",\"@id\":\"https:\\\/\\\/hijasdejesus.org\\\/pt-br\\\/#website\",\"url\":\"https:\\\/\\\/hijasdejesus.org\\\/pt-br\\\/\",\"name\":\"Hijas de Jes\u00fas\",\"description\":\"Despertamos a Jes\u00fas en el coraz\u00f3n, sacando lo mejor de las personas. Somos una congregaci\u00f3n religiosa ignaciana fundada por la Madre Candida\",\"publisher\":{\"@id\":\"https:\\\/\\\/hijasdejesus.org\\\/pt-br\\\/#organization\"},\"potentialAction\":[{\"@type\":\"SearchAction\",\"target\":{\"@type\":\"EntryPoint\",\"urlTemplate\":\"https:\\\/\\\/hijasdejesus.org\\\/pt-br\\\/?s={search_term_string}\"},\"query-input\":{\"@type\":\"PropertyValueSpecification\",\"valueRequired\":true,\"valueName\":\"search_term_string\"}}],\"inLanguage\":\"pt-BR\"},{\"@type\":\"Organization\",\"@id\":\"https:\\\/\\\/hijasdejesus.org\\\/pt-br\\\/#organization\",\"name\":\"Hijas de Jes\u00fas\",\"url\":\"https:\\\/\\\/hijasdejesus.org\\\/pt-br\\\/\",\"logo\":{\"@type\":\"ImageObject\",\"inLanguage\":\"pt-BR\",\"@id\":\"https:\\\/\\\/hijasdejesus.org\\\/pt-br\\\/#\\\/schema\\\/logo\\\/image\\\/\",\"url\":\"https:\\\/\\\/hijasdejesus.org\\\/wp-content\\\/uploads\\\/2023\\\/01\\\/Hijas-de-Jesus_hor-A7C957.png\",\"contentUrl\":\"https:\\\/\\\/hijasdejesus.org\\\/wp-content\\\/uploads\\\/2023\\\/01\\\/Hijas-de-Jesus_hor-A7C957.png\",\"width\":700,\"height\":360,\"caption\":\"Hijas de Jes\u00fas\"},\"image\":{\"@id\":\"https:\\\/\\\/hijasdejesus.org\\\/pt-br\\\/#\\\/schema\\\/logo\\\/image\\\/\"},\"sameAs\":[\"https:\\\/\\\/www.facebook.com\\\/hijasdejesusenelmundo\\\/\",\"https:\\\/\\\/x.com\\\/hijasdjesus\"]},{\"@type\":\"Person\",\"@id\":\"https:\\\/\\\/hijasdejesus.org\\\/pt-br\\\/#\\\/schema\\\/person\\\/ce4455965da733f2791f23b6ec14e9b6\",\"name\":\"Webmaster\",\"image\":{\"@type\":\"ImageObject\",\"inLanguage\":\"pt-BR\",\"@id\":\"https:\\\/\\\/secure.gravatar.com\\\/avatar\\\/cfd0acaac86c3981d541d2e99a0ffb7b6d33a5ac8989a62f5518b9e0f7ee128a?s=96&d=mm&r=g\",\"url\":\"https:\\\/\\\/secure.gravatar.com\\\/avatar\\\/cfd0acaac86c3981d541d2e99a0ffb7b6d33a5ac8989a62f5518b9e0f7ee128a?s=96&d=mm&r=g\",\"contentUrl\":\"https:\\\/\\\/secure.gravatar.com\\\/avatar\\\/cfd0acaac86c3981d541d2e99a0ffb7b6d33a5ac8989a62f5518b9e0f7ee128a?s=96&d=mm&r=g\",\"caption\":\"Webmaster\"},\"url\":\"https:\\\/\\\/hijasdejesus.org\\\/pt-br\\\/author\\\/webmaster\\\/\"}]}<\/script>\n<!-- \/ Yoast SEO plugin. -->","yoast_head_json":{"title":"Reuni\u00e3o de Superiores Provinciais em Roma - Hijas de Jes\u00fas","robots":{"index":"index","follow":"follow","max-snippet":"max-snippet:-1","max-image-preview":"max-image-preview:large","max-video-preview":"max-video-preview:-1"},"canonical":"https:\/\/hijasdejesus.org\/pt-br\/reuniao-de-superiores-provinciais-em-roma\/","og_locale":"pt_BR","og_type":"article","og_title":"Reuni\u00e3o de Superiores Provinciais em Roma - Hijas de Jes\u00fas","og_description":"Durante esses dias, a reuni\u00e3o dos Superiores Provinciais est\u00e1 sendo realizada em Roma, um momento de reuni\u00e3o ap\u00f3s esses anos, sem poder faz\u00ea-lo pessoalmente. Al\u00e9m do Governo Geral, os Superiores Provinciais das cinco prov\u00edncias est\u00e3o participando da reuni\u00e3o: Dayse Agretti da Am\u00e9rica AndinaSofia Chang da \u00c1sia OrientalS\u00f4nia Mar\u00eda Soares do Brasil-CaribeM\u00aa Rosa Espinosa da Espanha-It\u00e1liaEmelinda [&hellip;]","og_url":"https:\/\/hijasdejesus.org\/pt-br\/reuniao-de-superiores-provinciais-em-roma\/","og_site_name":"Hijas de Jes\u00fas","article_publisher":"https:\/\/www.facebook.com\/hijasdejesusenelmundo\/","article_published_time":"2022-12-05T19:42:32+00:00","og_image":[{"url":"https:\/\/hijasdejesus.org\/wp-content\/uploads\/2022\/12\/Encuentro_provinciales_dic2022_11.jpg","width":1,"height":1,"type":"image\/jpeg"}],"author":"Webmaster","twitter_card":"summary_large_image","twitter_creator":"@hijasdjesus","twitter_site":"@hijasdjesus","twitter_misc":{"Escrito por":"Webmaster","Est. tempo de leitura":"1 minuto"},"schema":{"@context":"https:\/\/schema.org","@graph":[{"@type":"Article","@id":"https:\/\/hijasdejesus.org\/pt-br\/reuniao-de-superiores-provinciais-em-roma\/#article","isPartOf":{"@id":"https:\/\/hijasdejesus.org\/pt-br\/reuniao-de-superiores-provinciais-em-roma\/"},"author":{"name":"Webmaster","@id":"https:\/\/hijasdejesus.org\/pt-br\/#\/schema\/person\/ce4455965da733f2791f23b6ec14e9b6"},"headline":"Reuni\u00e3o de Superiores Provinciais em Roma","datePublished":"2022-12-05T19:42:32+00:00","mainEntityOfPage":{"@id":"https:\/\/hijasdejesus.org\/pt-br\/reuniao-de-superiores-provinciais-em-roma\/"},"wordCount":172,"publisher":{"@id":"https:\/\/hijasdejesus.org\/pt-br\/#organization"},"image":{"@id":"https:\/\/hijasdejesus.org\/pt-br\/reuniao-de-superiores-provinciais-em-roma\/#primaryimage"},"thumbnailUrl":"https:\/\/hijasdejesus.org\/wp-content\/uploads\/2022\/12\/Encuentro_provinciales_dic2022_11.jpg","keywords":["Filhas de Jesus"],"articleSection":["Not\u00edcia"],"inLanguage":"pt-BR"},{"@type":"WebPage","@id":"https:\/\/hijasdejesus.org\/pt-br\/reuniao-de-superiores-provinciais-em-roma\/","url":"https:\/\/hijasdejesus.org\/pt-br\/reuniao-de-superiores-provinciais-em-roma\/","name":"Reuni\u00e3o de Superiores Provinciais em Roma - Hijas de Jes\u00fas","isPartOf":{"@id":"https:\/\/hijasdejesus.org\/pt-br\/#website"},"primaryImageOfPage":{"@id":"https:\/\/hijasdejesus.org\/pt-br\/reuniao-de-superiores-provinciais-em-roma\/#primaryimage"},"image":{"@id":"https:\/\/hijasdejesus.org\/pt-br\/reuniao-de-superiores-provinciais-em-roma\/#primaryimage"},"thumbnailUrl":"https:\/\/hijasdejesus.org\/wp-content\/uploads\/2022\/12\/Encuentro_provinciales_dic2022_11.jpg","datePublished":"2022-12-05T19:42:32+00:00","breadcrumb":{"@id":"https:\/\/hijasdejesus.org\/pt-br\/reuniao-de-superiores-provinciais-em-roma\/#breadcrumb"},"inLanguage":"pt-BR","potentialAction":[{"@type":"ReadAction","target":["https:\/\/hijasdejesus.org\/pt-br\/reuniao-de-superiores-provinciais-em-roma\/"]}]},{"@type":"ImageObject","inLanguage":"pt-BR","@id":"https:\/\/hijasdejesus.org\/pt-br\/reuniao-de-superiores-provinciais-em-roma\/#primaryimage","url":"https:\/\/hijasdejesus.org\/wp-content\/uploads\/2022\/12\/Encuentro_provinciales_dic2022_11.jpg","contentUrl":"https:\/\/hijasdejesus.org\/wp-content\/uploads\/2022\/12\/Encuentro_provinciales_dic2022_11.jpg"},{"@type":"BreadcrumbList","@id":"https:\/\/hijasdejesus.org\/pt-br\/reuniao-de-superiores-provinciais-em-roma\/#breadcrumb","itemListElement":[{"@type":"ListItem","position":1,"name":"Portada","item":"https:\/\/hijasdejesus.org\/pt-br\/"},{"@type":"ListItem","position":2,"name":"Reuni\u00e3o de Superiores Provinciais em Roma"}]},{"@type":"WebSite","@id":"https:\/\/hijasdejesus.org\/pt-br\/#website","url":"https:\/\/hijasdejesus.org\/pt-br\/","name":"Hijas de Jes\u00fas","description":"Despertamos a Jes\u00fas en el coraz\u00f3n, sacando lo mejor de las personas. Somos una congregaci\u00f3n religiosa ignaciana fundada por la Madre Candida","publisher":{"@id":"https:\/\/hijasdejesus.org\/pt-br\/#organization"},"potentialAction":[{"@type":"SearchAction","target":{"@type":"EntryPoint","urlTemplate":"https:\/\/hijasdejesus.org\/pt-br\/?s={search_term_string}"},"query-input":{"@type":"PropertyValueSpecification","valueRequired":true,"valueName":"search_term_string"}}],"inLanguage":"pt-BR"},{"@type":"Organization","@id":"https:\/\/hijasdejesus.org\/pt-br\/#organization","name":"Hijas de Jes\u00fas","url":"https:\/\/hijasdejesus.org\/pt-br\/","logo":{"@type":"ImageObject","inLanguage":"pt-BR","@id":"https:\/\/hijasdejesus.org\/pt-br\/#\/schema\/logo\/image\/","url":"https:\/\/hijasdejesus.org\/wp-content\/uploads\/2023\/01\/Hijas-de-Jesus_hor-A7C957.png","contentUrl":"https:\/\/hijasdejesus.org\/wp-content\/uploads\/2023\/01\/Hijas-de-Jesus_hor-A7C957.png","width":700,"height":360,"caption":"Hijas de Jes\u00fas"},"image":{"@id":"https:\/\/hijasdejesus.org\/pt-br\/#\/schema\/logo\/image\/"},"sameAs":["https:\/\/www.facebook.com\/hijasdejesusenelmundo\/","https:\/\/x.com\/hijasdjesus"]},{"@type":"Person","@id":"https:\/\/hijasdejesus.org\/pt-br\/#\/schema\/person\/ce4455965da733f2791f23b6ec14e9b6","name":"Webmaster","image":{"@type":"ImageObject","inLanguage":"pt-BR","@id":"https:\/\/secure.gravatar.com\/avatar\/cfd0acaac86c3981d541d2e99a0ffb7b6d33a5ac8989a62f5518b9e0f7ee128a?s=96&d=mm&r=g","url":"https:\/\/secure.gravatar.com\/avatar\/cfd0acaac86c3981d541d2e99a0ffb7b6d33a5ac8989a62f5518b9e0f7ee128a?s=96&d=mm&r=g","contentUrl":"https:\/\/secure.gravatar.com\/avatar\/cfd0acaac86c3981d541d2e99a0ffb7b6d33a5ac8989a62f5518b9e0f7ee128a?s=96&d=mm&r=g","caption":"Webmaster"},"url":"https:\/\/hijasdejesus.org\/pt-br\/author\/webmaster\/"}]}},"_links":{"self":[{"href":"https:\/\/hijasdejesus.org\/pt-br\/wp-json\/wp\/v2\/posts\/30030","targetHints":{"allow":["GET"]}}],"collection":[{"href":"https:\/\/hijasdejesus.org\/pt-br\/wp-json\/wp\/v2\/posts"}],"about":[{"href":"https:\/\/hijasdejesus.org\/pt-br\/wp-json\/wp\/v2\/types\/post"}],"author":[{"embeddable":true,"href":"https:\/\/hijasdejesus.org\/pt-br\/wp-json\/wp\/v2\/users\/28"}],"replies":[{"embeddable":true,"href":"https:\/\/hijasdejesus.org\/pt-br\/wp-json\/wp\/v2\/comments?post=30030"}],"version-history":[{"count":0,"href":"https:\/\/hijasdejesus.org\/pt-br\/wp-json\/wp\/v2\/posts\/30030\/revisions"}],"wp:featuredmedia":[{"embeddable":true,"href":"https:\/\/hijasdejesus.org\/pt-br\/wp-json\/wp\/v2\/media\/18143"}],"wp:attachment":[{"href":"https:\/\/hijasdejesus.org\/pt-br\/wp-json\/wp\/v2\/media?parent=30030"}],"wp:term":[{"taxonomy":"category","embeddable":true,"href":"https:\/\/hijasdejesus.org\/pt-br\/wp-json\/wp\/v2\/categories?post=30030"},{"taxonomy":"post_tag","embeddable":true,"href":"https:\/\/hijasdejesus.org\/pt-br\/wp-json\/wp\/v2\/tags?post=30030"}],"curies":[{"name":"wp","href":"https:\/\/api.w.org\/{rel}","templated":true}]}}