{"id":32630,"date":"2023-03-23T20:12:00","date_gmt":"2023-03-23T19:12:00","guid":{"rendered":"https:\/\/hijasdejesus.org\/?p=32630"},"modified":"2023-03-28T22:41:34","modified_gmt":"2023-03-28T20:41:34","slug":"20o-aniversario-fasfi","status":"publish","type":"post","link":"https:\/\/hijasdejesus.org\/pt-br\/20o-aniversario-fasfi\/","title":{"rendered":"20\u00ba anivers\u00e1rio FASFI"},"content":{"rendered":"\n<p class=\"has-text-align-center has-text-color\" style=\"color:#00b0b5\"><strong>ESPERAN\u00c7A DE TODAS AS CORES<\/strong><\/p>\n\n<p>20 anos de ilus\u00f5es, sonhos, alegrias, esfor\u00e7os, para construir um futuro onde o<strong> nosso gr\u00e3o de areia esteja a tornar poss\u00edvel um mundo melhor<\/strong>.<\/p>\n\n<figure class=\"wp-block-embed is-type-video is-provider-youtube wp-block-embed-youtube wp-embed-aspect-16-9 wp-has-aspect-ratio\"><div class=\"wp-block-embed__wrapper\">\n<iframe loading=\"lazy\" title=\"Esperanza de todos los colores\" width=\"1080\" height=\"608\" src=\"https:\/\/www.youtube.com\/embed\/cXVvgsbkNfY?feature=oembed\"  allow=\"accelerometer; autoplay; clipboard-write; encrypted-media; gyroscope; picture-in-picture; web-share\" allowfullscreen><\/iframe>\n<\/div><\/figure>\n\n<p><strong>Recordamos brevemente a hist\u00f3ria da FASFI:<\/strong><\/p>\n\n<p>Em <strong>2003, foi fundada a Funda\u00e7\u00e3o &#8220;Ayuda solidaria Hijas de Jes\u00fas&#8221; (FASFI)<\/strong>, uma organiza\u00e7\u00e3o n\u00e3o governamental para o desenvolvimento de pa\u00edses e grupos empobrecidos.<\/p>\n\n<p>Os primeiros anos s\u00e3o uma \u00e9poca de <strong>aprofundamento da sua identidade<\/strong> (hoje definimos muito bem quem somos, o que nos move, o que queremos, o que fazemos e como nos organizamos, no &#8220;documento de identidade&#8221;). Tamb\u00e9m se dedicou tempo \u00e0 <strong>assimila\u00e7\u00e3o dos estatutos <\/strong>e \u00e0 <strong>elabora\u00e7\u00e3o do Manual de Opera\u00e7\u00e3o<\/strong>.<\/p>\n\n<p>No in\u00edcio, um grupo de <strong>Filhas de Jesus<\/strong> come\u00e7ou a<strong> participar e a ser respons\u00e1vel pelas comiss\u00f5es<\/strong> que surgiram; foi muito especial acompanhar os volunt\u00e1rios que estavam a come\u00e7ar&#8230; Depois, os leigos envolveram-se.<\/p>\n\n<figure class=\"wp-block-gallery has-nested-images columns-default is-cropped wp-block-gallery-1 is-layout-flex wp-block-gallery-is-layout-flex\">\n<figure class=\"wp-block-image size-large\"><img loading=\"lazy\" decoding=\"async\" width=\"1024\" height=\"768\" data-id=\"32619\" src=\"https:\/\/hijasdejesus.org\/wp-content\/uploads\/2023\/02\/IMGP1531-1024x768.jpg\" alt=\"\" class=\"wp-image-32619\" srcset=\"https:\/\/hijasdejesus.org\/wp-content\/uploads\/2023\/02\/IMGP1531-980x735.jpg 980w, https:\/\/hijasdejesus.org\/wp-content\/uploads\/2023\/02\/IMGP1531-480x360.jpg 480w\" sizes=\"(min-width: 0px) and (max-width: 480px) 480px, (min-width: 481px) and (max-width: 980px) 980px, (min-width: 981px) 1024px, 100vw\" \/><\/figure>\n<\/figure>\n\n<p>Um momento importante foi quando o<strong> Superior Geral<\/strong>, em<strong> 2008, teve um encontro com Filhas de Jesus e membros leigos da FASFI e pediu-lhes que estivessem abertos a leigos<\/strong> que assumissem posi\u00e7\u00f5es de responsabilidade nas delega\u00e7\u00f5es e comiss\u00f5es.  <strong>Foram abertos horizontes na linha em que a congrega\u00e7\u00e3o desejava trabalhar em conjunto com os leigos.<\/strong><\/p>\n\n<p>Um marco na nossa hist\u00f3ria \u00e9 o gesto do grupo <strong>&#8220;TODOS HERMANOS <\/strong>&#8221; de<strong> Elche<\/strong>, que, ap\u00f3s a funda\u00e7\u00e3o da FASFI, conhecendo a sua identidade e forma de proceder, <strong>decide, num gesto prof\u00e9tico, morrer para dar vida<\/strong>: morre como organiza\u00e7\u00e3o e torna-se <strong>FASFI<\/strong>. S\u00f3 a partir do interior se pode apreciar a seiva viva que eles injectaram e continuam a dar-nos a todos, a partir da sua humildade e trabalho silencioso.<\/p>\n\n<p>As <strong>delega\u00e7\u00f5es do Brasil e das Cara\u00edbas<\/strong> e as liga\u00e7\u00f5es em outras regi\u00f5es onde a congrega\u00e7\u00e3o est\u00e1 presente t\u00eam sido tamb\u00e9m um marco hist\u00f3rico.<\/p>\n\n<p>FASFI tem continuado a sua vida como uma pequena organiza\u00e7\u00e3o, <strong>com grandes sonhos e muitas realiza\u00e7\u00f5es<\/strong>:<\/p>\n\n<p>H\u00e1 tr\u00eas membros leigos do Conselho de Administra\u00e7\u00e3o (o mesmo n\u00famero que as Filhas de Jesus); os delegados em Espanha e os coordenadores das comiss\u00f5es s\u00e3o leigos.<\/p>\n\n<p>Como resultado do trabalho de todos, foram definitivamente elaborados os <strong>Estatutos, Documento de Identidade, Manuais de Funcionamento, Coopera\u00e7\u00e3o, Volunt\u00e1rios, Membros, Colaboradores e Empresas<\/strong>, bem como os<strong> planos estrat\u00e9gicos<\/strong>.<\/p>\n\n<p>A hist\u00f3ria do <strong>voluntariado <\/strong>nestes anos tem sido muito rica: de acordo com os tempos e circunst\u00e2ncias, o n\u00famero de volunt\u00e1rios tem variado: muitos em diferentes pa\u00edses da Am\u00e9rica Latina mas tamb\u00e9m em Mo\u00e7ambique, nas Filipinas e no Bangladesh.<\/p>\n\n<figure class=\"wp-block-gallery has-nested-images columns-default is-cropped wp-block-gallery-2 is-layout-flex wp-block-gallery-is-layout-flex\">\n<figure class=\"wp-block-image size-large\"><img loading=\"lazy\" decoding=\"async\" width=\"1024\" height=\"765\" data-id=\"32615\" src=\"https:\/\/hijasdejesus.org\/wp-content\/uploads\/2023\/02\/f45d8ef8-e231-4917-9a43-cfa6ff5a5249-1024x765.jpg\" alt=\"\" class=\"wp-image-32615\" srcset=\"https:\/\/hijasdejesus.org\/wp-content\/uploads\/2023\/02\/f45d8ef8-e231-4917-9a43-cfa6ff5a5249-980x733.jpg 980w, https:\/\/hijasdejesus.org\/wp-content\/uploads\/2023\/02\/f45d8ef8-e231-4917-9a43-cfa6ff5a5249-480x359.jpg 480w\" sizes=\"(min-width: 0px) and (max-width: 480px) 480px, (min-width: 481px) and (max-width: 980px) 980px, (min-width: 981px) 1024px, 100vw\" \/><figcaption class=\"wp-element-caption\">Ana (centro) volunt\u00e1ria na Bol\u00edvia<\/figcaption><\/figure>\n\n\n\n<figure class=\"wp-block-image size-large\"><img loading=\"lazy\" decoding=\"async\" width=\"1024\" height=\"768\" data-id=\"32611\" src=\"https:\/\/hijasdejesus.org\/wp-content\/uploads\/2023\/02\/IMG-20220808-WA0011-1024x768.jpg\" alt=\"\" class=\"wp-image-32611\" srcset=\"https:\/\/hijasdejesus.org\/wp-content\/uploads\/2023\/02\/IMG-20220808-WA0011-980x735.jpg 980w, https:\/\/hijasdejesus.org\/wp-content\/uploads\/2023\/02\/IMG-20220808-WA0011-480x360.jpg 480w\" sizes=\"(min-width: 0px) and (max-width: 480px) 480px, (min-width: 481px) and (max-width: 980px) 980px, (min-width: 981px) 1024px, 100vw\" \/><figcaption class=\"wp-element-caption\">Aroa (\u00e0 direita) volunt\u00e1rio na Rep\u00fablica Dominicana<\/figcaption><\/figure>\n<\/figure>\n\n<p>Foi dada grande import\u00e2ncia \u00e0 <strong>forma\u00e7\u00e3o <\/strong>de todos os membros da FASFI, tanto a n\u00edvel geral como nas delega\u00e7\u00f5es, aos volunt\u00e1rios e \u00e0s reuni\u00f5es nas assembleias, enviando e recebendo volunt\u00e1rios para combinar crit\u00e9rios, para abrir horizontes, para continuar a sonhar, para estar grato pela viagem?<\/p>\n\n<p>A <strong>presen\u00e7a em redes e outras institui\u00e7\u00f5es de solidariedade<\/strong> tem sido cuidada. O Conselho de Curadores tamb\u00e9m tem reflectido muito sobre o seu papel e acompanhado a vida da Funda\u00e7\u00e3o, estando presente nas diferentes e numerosas reuni\u00f5es.<\/p>\n\n<p><strong><em>Teresa Garc\u00eda Rom\u00e1n FI<\/em>, Presidente da FASFI<\/strong><\/p>\n","protected":false},"excerpt":{"rendered":"<p>ESPERAN\u00c7A DE TODAS AS CORES 20 anos de ilus\u00f5es, sonhos, alegrias, esfor\u00e7os, para construir um futuro onde o nosso gr\u00e3o de areia esteja a tornar poss\u00edvel um mundo melhor. Recordamos brevemente a hist\u00f3ria da FASFI: Em 2003, foi fundada a Funda\u00e7\u00e3o &#8220;Ayuda solidaria Hijas de Jes\u00fas&#8221; (FASFI), uma organiza\u00e7\u00e3o n\u00e3o governamental para o desenvolvimento de [&hellip;]<\/p>\n","protected":false},"author":2,"featured_media":32627,"comment_status":"closed","ping_status":"closed","sticky":false,"template":"","format":"standard","meta":{"_et_pb_use_builder":"off","_et_pb_old_content":"","_et_gb_content_width":"","footnotes":"","_links_to":"","_links_to_target":""},"categories":[523,469],"tags":[],"class_list":["post-32630","post","type-post","status-publish","format-standard","has-post-thumbnail","hentry","category-fasfi-pt-br","category-noticias-pt-br"],"yoast_head":"<!-- This site is optimized with the Yoast SEO plugin v27.4 - https:\/\/yoast.com\/product\/yoast-seo-wordpress\/ -->\n<title>20\u00ba anivers\u00e1rio FASFI - Hijas de Jes\u00fas<\/title>\n<meta name=\"robots\" content=\"index, follow, max-snippet:-1, max-image-preview:large, max-video-preview:-1\" \/>\n<link rel=\"canonical\" href=\"https:\/\/hijasdejesus.org\/pt-br\/20o-aniversario-fasfi\/\" \/>\n<meta property=\"og:locale\" content=\"pt_BR\" \/>\n<meta property=\"og:type\" content=\"article\" \/>\n<meta property=\"og:title\" content=\"20\u00ba anivers\u00e1rio FASFI - Hijas de Jes\u00fas\" \/>\n<meta property=\"og:description\" content=\"ESPERAN\u00c7A DE TODAS AS CORES 20 anos de ilus\u00f5es, sonhos, alegrias, esfor\u00e7os, para construir um futuro onde o nosso gr\u00e3o de areia esteja a tornar poss\u00edvel um mundo melhor. Recordamos brevemente a hist\u00f3ria da FASFI: Em 2003, foi fundada a Funda\u00e7\u00e3o &#8220;Ayuda solidaria Hijas de Jes\u00fas&#8221; (FASFI), uma organiza\u00e7\u00e3o n\u00e3o governamental para o desenvolvimento de [&hellip;]\" \/>\n<meta property=\"og:url\" content=\"https:\/\/hijasdejesus.org\/pt-br\/20o-aniversario-fasfi\/\" \/>\n<meta property=\"og:site_name\" content=\"Hijas de Jes\u00fas\" \/>\n<meta property=\"article:publisher\" content=\"https:\/\/www.facebook.com\/hijasdejesusenelmundo\/\" \/>\n<meta property=\"article:published_time\" content=\"2023-03-23T19:12:00+00:00\" \/>\n<meta property=\"article:modified_time\" content=\"2023-03-28T20:41:34+00:00\" \/>\n<meta property=\"og:image\" content=\"https:\/\/hijasdejesus.org\/wp-content\/uploads\/2023\/02\/Publicacion-Instagram-Multipagina-Nuevas-Marcas-Tienda-Online-Web-Gris-Azul-Estetico-Minimalista-2.png\" \/>\n\t<meta property=\"og:image:width\" content=\"1080\" \/>\n\t<meta property=\"og:image:height\" content=\"1080\" \/>\n\t<meta property=\"og:image:type\" content=\"image\/png\" \/>\n<meta name=\"author\" content=\"Beatriz Concejo\" \/>\n<meta name=\"twitter:card\" content=\"summary_large_image\" \/>\n<meta name=\"twitter:creator\" content=\"@hijasdjesus\" \/>\n<meta name=\"twitter:site\" content=\"@hijasdjesus\" \/>\n<meta name=\"twitter:label1\" content=\"Escrito por\" \/>\n\t<meta name=\"twitter:data1\" content=\"Beatriz Concejo\" \/>\n\t<meta name=\"twitter:label2\" content=\"Est. tempo de leitura\" \/>\n\t<meta name=\"twitter:data2\" content=\"3 minutos\" \/>\n<script type=\"application\/ld+json\" class=\"yoast-schema-graph\">{\"@context\":\"https:\\\/\\\/schema.org\",\"@graph\":[{\"@type\":\"Article\",\"@id\":\"https:\\\/\\\/hijasdejesus.org\\\/pt-br\\\/20o-aniversario-fasfi\\\/#article\",\"isPartOf\":{\"@id\":\"https:\\\/\\\/hijasdejesus.org\\\/pt-br\\\/20o-aniversario-fasfi\\\/\"},\"author\":{\"name\":\"Beatriz Concejo\",\"@id\":\"https:\\\/\\\/hijasdejesus.org\\\/pt-br\\\/#\\\/schema\\\/person\\\/a89333d7c811935bc234f49793356474\"},\"headline\":\"20\u00ba anivers\u00e1rio FASFI\",\"datePublished\":\"2023-03-23T19:12:00+00:00\",\"dateModified\":\"2023-03-28T20:41:34+00:00\",\"mainEntityOfPage\":{\"@id\":\"https:\\\/\\\/hijasdejesus.org\\\/pt-br\\\/20o-aniversario-fasfi\\\/\"},\"wordCount\":576,\"publisher\":{\"@id\":\"https:\\\/\\\/hijasdejesus.org\\\/pt-br\\\/#organization\"},\"image\":{\"@id\":\"https:\\\/\\\/hijasdejesus.org\\\/pt-br\\\/20o-aniversario-fasfi\\\/#primaryimage\"},\"thumbnailUrl\":\"https:\\\/\\\/hijasdejesus.org\\\/wp-content\\\/uploads\\\/2023\\\/02\\\/Publicacion-Instagram-Multipagina-Nuevas-Marcas-Tienda-Online-Web-Gris-Azul-Estetico-Minimalista-2.png\",\"articleSection\":[\"FASFI\",\"Not\u00edcias\"],\"inLanguage\":\"pt-BR\"},{\"@type\":\"WebPage\",\"@id\":\"https:\\\/\\\/hijasdejesus.org\\\/pt-br\\\/20o-aniversario-fasfi\\\/\",\"url\":\"https:\\\/\\\/hijasdejesus.org\\\/pt-br\\\/20o-aniversario-fasfi\\\/\",\"name\":\"20\u00ba anivers\u00e1rio FASFI - Hijas de Jes\u00fas\",\"isPartOf\":{\"@id\":\"https:\\\/\\\/hijasdejesus.org\\\/pt-br\\\/#website\"},\"primaryImageOfPage\":{\"@id\":\"https:\\\/\\\/hijasdejesus.org\\\/pt-br\\\/20o-aniversario-fasfi\\\/#primaryimage\"},\"image\":{\"@id\":\"https:\\\/\\\/hijasdejesus.org\\\/pt-br\\\/20o-aniversario-fasfi\\\/#primaryimage\"},\"thumbnailUrl\":\"https:\\\/\\\/hijasdejesus.org\\\/wp-content\\\/uploads\\\/2023\\\/02\\\/Publicacion-Instagram-Multipagina-Nuevas-Marcas-Tienda-Online-Web-Gris-Azul-Estetico-Minimalista-2.png\",\"datePublished\":\"2023-03-23T19:12:00+00:00\",\"dateModified\":\"2023-03-28T20:41:34+00:00\",\"breadcrumb\":{\"@id\":\"https:\\\/\\\/hijasdejesus.org\\\/pt-br\\\/20o-aniversario-fasfi\\\/#breadcrumb\"},\"inLanguage\":\"pt-BR\",\"potentialAction\":[{\"@type\":\"ReadAction\",\"target\":[\"https:\\\/\\\/hijasdejesus.org\\\/pt-br\\\/20o-aniversario-fasfi\\\/\"]}]},{\"@type\":\"ImageObject\",\"inLanguage\":\"pt-BR\",\"@id\":\"https:\\\/\\\/hijasdejesus.org\\\/pt-br\\\/20o-aniversario-fasfi\\\/#primaryimage\",\"url\":\"https:\\\/\\\/hijasdejesus.org\\\/wp-content\\\/uploads\\\/2023\\\/02\\\/Publicacion-Instagram-Multipagina-Nuevas-Marcas-Tienda-Online-Web-Gris-Azul-Estetico-Minimalista-2.png\",\"contentUrl\":\"https:\\\/\\\/hijasdejesus.org\\\/wp-content\\\/uploads\\\/2023\\\/02\\\/Publicacion-Instagram-Multipagina-Nuevas-Marcas-Tienda-Online-Web-Gris-Azul-Estetico-Minimalista-2.png\",\"width\":1080,\"height\":1080},{\"@type\":\"BreadcrumbList\",\"@id\":\"https:\\\/\\\/hijasdejesus.org\\\/pt-br\\\/20o-aniversario-fasfi\\\/#breadcrumb\",\"itemListElement\":[{\"@type\":\"ListItem\",\"position\":1,\"name\":\"Portada\",\"item\":\"https:\\\/\\\/hijasdejesus.org\\\/pt-br\\\/\"},{\"@type\":\"ListItem\",\"position\":2,\"name\":\"20\u00ba anivers\u00e1rio FASFI\"}]},{\"@type\":\"WebSite\",\"@id\":\"https:\\\/\\\/hijasdejesus.org\\\/pt-br\\\/#website\",\"url\":\"https:\\\/\\\/hijasdejesus.org\\\/pt-br\\\/\",\"name\":\"Hijas de Jes\u00fas\",\"description\":\"Despertamos a Jes\u00fas en el coraz\u00f3n, sacando lo mejor de las personas. Somos una congregaci\u00f3n religiosa ignaciana fundada por la Madre Candida\",\"publisher\":{\"@id\":\"https:\\\/\\\/hijasdejesus.org\\\/pt-br\\\/#organization\"},\"potentialAction\":[{\"@type\":\"SearchAction\",\"target\":{\"@type\":\"EntryPoint\",\"urlTemplate\":\"https:\\\/\\\/hijasdejesus.org\\\/pt-br\\\/?s={search_term_string}\"},\"query-input\":{\"@type\":\"PropertyValueSpecification\",\"valueRequired\":true,\"valueName\":\"search_term_string\"}}],\"inLanguage\":\"pt-BR\"},{\"@type\":\"Organization\",\"@id\":\"https:\\\/\\\/hijasdejesus.org\\\/pt-br\\\/#organization\",\"name\":\"Hijas de Jes\u00fas\",\"url\":\"https:\\\/\\\/hijasdejesus.org\\\/pt-br\\\/\",\"logo\":{\"@type\":\"ImageObject\",\"inLanguage\":\"pt-BR\",\"@id\":\"https:\\\/\\\/hijasdejesus.org\\\/pt-br\\\/#\\\/schema\\\/logo\\\/image\\\/\",\"url\":\"https:\\\/\\\/hijasdejesus.org\\\/wp-content\\\/uploads\\\/2023\\\/01\\\/Hijas-de-Jesus_hor-A7C957.png\",\"contentUrl\":\"https:\\\/\\\/hijasdejesus.org\\\/wp-content\\\/uploads\\\/2023\\\/01\\\/Hijas-de-Jesus_hor-A7C957.png\",\"width\":700,\"height\":360,\"caption\":\"Hijas de Jes\u00fas\"},\"image\":{\"@id\":\"https:\\\/\\\/hijasdejesus.org\\\/pt-br\\\/#\\\/schema\\\/logo\\\/image\\\/\"},\"sameAs\":[\"https:\\\/\\\/www.facebook.com\\\/hijasdejesusenelmundo\\\/\",\"https:\\\/\\\/x.com\\\/hijasdjesus\"]},{\"@type\":\"Person\",\"@id\":\"https:\\\/\\\/hijasdejesus.org\\\/pt-br\\\/#\\\/schema\\\/person\\\/a89333d7c811935bc234f49793356474\",\"name\":\"Beatriz Concejo\",\"image\":{\"@type\":\"ImageObject\",\"inLanguage\":\"pt-BR\",\"@id\":\"https:\\\/\\\/secure.gravatar.com\\\/avatar\\\/3075c01a99ba1b38ab876c1780b5fe86903d79b830670c26b7f45a65200e807a?s=96&d=mm&r=g\",\"url\":\"https:\\\/\\\/secure.gravatar.com\\\/avatar\\\/3075c01a99ba1b38ab876c1780b5fe86903d79b830670c26b7f45a65200e807a?s=96&d=mm&r=g\",\"contentUrl\":\"https:\\\/\\\/secure.gravatar.com\\\/avatar\\\/3075c01a99ba1b38ab876c1780b5fe86903d79b830670c26b7f45a65200e807a?s=96&d=mm&r=g\",\"caption\":\"Beatriz Concejo\"},\"url\":\"https:\\\/\\\/hijasdejesus.org\\\/pt-br\\\/author\\\/bea\\\/\"}]}<\/script>\n<!-- \/ Yoast SEO plugin. -->","yoast_head_json":{"title":"20\u00ba anivers\u00e1rio FASFI - Hijas de Jes\u00fas","robots":{"index":"index","follow":"follow","max-snippet":"max-snippet:-1","max-image-preview":"max-image-preview:large","max-video-preview":"max-video-preview:-1"},"canonical":"https:\/\/hijasdejesus.org\/pt-br\/20o-aniversario-fasfi\/","og_locale":"pt_BR","og_type":"article","og_title":"20\u00ba anivers\u00e1rio FASFI - Hijas de Jes\u00fas","og_description":"ESPERAN\u00c7A DE TODAS AS CORES 20 anos de ilus\u00f5es, sonhos, alegrias, esfor\u00e7os, para construir um futuro onde o nosso gr\u00e3o de areia esteja a tornar poss\u00edvel um mundo melhor. Recordamos brevemente a hist\u00f3ria da FASFI: Em 2003, foi fundada a Funda\u00e7\u00e3o &#8220;Ayuda solidaria Hijas de Jes\u00fas&#8221; (FASFI), uma organiza\u00e7\u00e3o n\u00e3o governamental para o desenvolvimento de [&hellip;]","og_url":"https:\/\/hijasdejesus.org\/pt-br\/20o-aniversario-fasfi\/","og_site_name":"Hijas de Jes\u00fas","article_publisher":"https:\/\/www.facebook.com\/hijasdejesusenelmundo\/","article_published_time":"2023-03-23T19:12:00+00:00","article_modified_time":"2023-03-28T20:41:34+00:00","og_image":[{"width":1080,"height":1080,"url":"https:\/\/hijasdejesus.org\/wp-content\/uploads\/2023\/02\/Publicacion-Instagram-Multipagina-Nuevas-Marcas-Tienda-Online-Web-Gris-Azul-Estetico-Minimalista-2.png","type":"image\/png"}],"author":"Beatriz Concejo","twitter_card":"summary_large_image","twitter_creator":"@hijasdjesus","twitter_site":"@hijasdjesus","twitter_misc":{"Escrito por":"Beatriz Concejo","Est. tempo de leitura":"3 minutos"},"schema":{"@context":"https:\/\/schema.org","@graph":[{"@type":"Article","@id":"https:\/\/hijasdejesus.org\/pt-br\/20o-aniversario-fasfi\/#article","isPartOf":{"@id":"https:\/\/hijasdejesus.org\/pt-br\/20o-aniversario-fasfi\/"},"author":{"name":"Beatriz Concejo","@id":"https:\/\/hijasdejesus.org\/pt-br\/#\/schema\/person\/a89333d7c811935bc234f49793356474"},"headline":"20\u00ba anivers\u00e1rio FASFI","datePublished":"2023-03-23T19:12:00+00:00","dateModified":"2023-03-28T20:41:34+00:00","mainEntityOfPage":{"@id":"https:\/\/hijasdejesus.org\/pt-br\/20o-aniversario-fasfi\/"},"wordCount":576,"publisher":{"@id":"https:\/\/hijasdejesus.org\/pt-br\/#organization"},"image":{"@id":"https:\/\/hijasdejesus.org\/pt-br\/20o-aniversario-fasfi\/#primaryimage"},"thumbnailUrl":"https:\/\/hijasdejesus.org\/wp-content\/uploads\/2023\/02\/Publicacion-Instagram-Multipagina-Nuevas-Marcas-Tienda-Online-Web-Gris-Azul-Estetico-Minimalista-2.png","articleSection":["FASFI","Not\u00edcias"],"inLanguage":"pt-BR"},{"@type":"WebPage","@id":"https:\/\/hijasdejesus.org\/pt-br\/20o-aniversario-fasfi\/","url":"https:\/\/hijasdejesus.org\/pt-br\/20o-aniversario-fasfi\/","name":"20\u00ba anivers\u00e1rio FASFI - Hijas de Jes\u00fas","isPartOf":{"@id":"https:\/\/hijasdejesus.org\/pt-br\/#website"},"primaryImageOfPage":{"@id":"https:\/\/hijasdejesus.org\/pt-br\/20o-aniversario-fasfi\/#primaryimage"},"image":{"@id":"https:\/\/hijasdejesus.org\/pt-br\/20o-aniversario-fasfi\/#primaryimage"},"thumbnailUrl":"https:\/\/hijasdejesus.org\/wp-content\/uploads\/2023\/02\/Publicacion-Instagram-Multipagina-Nuevas-Marcas-Tienda-Online-Web-Gris-Azul-Estetico-Minimalista-2.png","datePublished":"2023-03-23T19:12:00+00:00","dateModified":"2023-03-28T20:41:34+00:00","breadcrumb":{"@id":"https:\/\/hijasdejesus.org\/pt-br\/20o-aniversario-fasfi\/#breadcrumb"},"inLanguage":"pt-BR","potentialAction":[{"@type":"ReadAction","target":["https:\/\/hijasdejesus.org\/pt-br\/20o-aniversario-fasfi\/"]}]},{"@type":"ImageObject","inLanguage":"pt-BR","@id":"https:\/\/hijasdejesus.org\/pt-br\/20o-aniversario-fasfi\/#primaryimage","url":"https:\/\/hijasdejesus.org\/wp-content\/uploads\/2023\/02\/Publicacion-Instagram-Multipagina-Nuevas-Marcas-Tienda-Online-Web-Gris-Azul-Estetico-Minimalista-2.png","contentUrl":"https:\/\/hijasdejesus.org\/wp-content\/uploads\/2023\/02\/Publicacion-Instagram-Multipagina-Nuevas-Marcas-Tienda-Online-Web-Gris-Azul-Estetico-Minimalista-2.png","width":1080,"height":1080},{"@type":"BreadcrumbList","@id":"https:\/\/hijasdejesus.org\/pt-br\/20o-aniversario-fasfi\/#breadcrumb","itemListElement":[{"@type":"ListItem","position":1,"name":"Portada","item":"https:\/\/hijasdejesus.org\/pt-br\/"},{"@type":"ListItem","position":2,"name":"20\u00ba anivers\u00e1rio FASFI"}]},{"@type":"WebSite","@id":"https:\/\/hijasdejesus.org\/pt-br\/#website","url":"https:\/\/hijasdejesus.org\/pt-br\/","name":"Hijas de Jes\u00fas","description":"Despertamos a Jes\u00fas en el coraz\u00f3n, sacando lo mejor de las personas. Somos una congregaci\u00f3n religiosa ignaciana fundada por la Madre Candida","publisher":{"@id":"https:\/\/hijasdejesus.org\/pt-br\/#organization"},"potentialAction":[{"@type":"SearchAction","target":{"@type":"EntryPoint","urlTemplate":"https:\/\/hijasdejesus.org\/pt-br\/?s={search_term_string}"},"query-input":{"@type":"PropertyValueSpecification","valueRequired":true,"valueName":"search_term_string"}}],"inLanguage":"pt-BR"},{"@type":"Organization","@id":"https:\/\/hijasdejesus.org\/pt-br\/#organization","name":"Hijas de Jes\u00fas","url":"https:\/\/hijasdejesus.org\/pt-br\/","logo":{"@type":"ImageObject","inLanguage":"pt-BR","@id":"https:\/\/hijasdejesus.org\/pt-br\/#\/schema\/logo\/image\/","url":"https:\/\/hijasdejesus.org\/wp-content\/uploads\/2023\/01\/Hijas-de-Jesus_hor-A7C957.png","contentUrl":"https:\/\/hijasdejesus.org\/wp-content\/uploads\/2023\/01\/Hijas-de-Jesus_hor-A7C957.png","width":700,"height":360,"caption":"Hijas de Jes\u00fas"},"image":{"@id":"https:\/\/hijasdejesus.org\/pt-br\/#\/schema\/logo\/image\/"},"sameAs":["https:\/\/www.facebook.com\/hijasdejesusenelmundo\/","https:\/\/x.com\/hijasdjesus"]},{"@type":"Person","@id":"https:\/\/hijasdejesus.org\/pt-br\/#\/schema\/person\/a89333d7c811935bc234f49793356474","name":"Beatriz Concejo","image":{"@type":"ImageObject","inLanguage":"pt-BR","@id":"https:\/\/secure.gravatar.com\/avatar\/3075c01a99ba1b38ab876c1780b5fe86903d79b830670c26b7f45a65200e807a?s=96&d=mm&r=g","url":"https:\/\/secure.gravatar.com\/avatar\/3075c01a99ba1b38ab876c1780b5fe86903d79b830670c26b7f45a65200e807a?s=96&d=mm&r=g","contentUrl":"https:\/\/secure.gravatar.com\/avatar\/3075c01a99ba1b38ab876c1780b5fe86903d79b830670c26b7f45a65200e807a?s=96&d=mm&r=g","caption":"Beatriz Concejo"},"url":"https:\/\/hijasdejesus.org\/pt-br\/author\/bea\/"}]}},"_links":{"self":[{"href":"https:\/\/hijasdejesus.org\/pt-br\/wp-json\/wp\/v2\/posts\/32630","targetHints":{"allow":["GET"]}}],"collection":[{"href":"https:\/\/hijasdejesus.org\/pt-br\/wp-json\/wp\/v2\/posts"}],"about":[{"href":"https:\/\/hijasdejesus.org\/pt-br\/wp-json\/wp\/v2\/types\/post"}],"author":[{"embeddable":true,"href":"https:\/\/hijasdejesus.org\/pt-br\/wp-json\/wp\/v2\/users\/2"}],"replies":[{"embeddable":true,"href":"https:\/\/hijasdejesus.org\/pt-br\/wp-json\/wp\/v2\/comments?post=32630"}],"version-history":[{"count":3,"href":"https:\/\/hijasdejesus.org\/pt-br\/wp-json\/wp\/v2\/posts\/32630\/revisions"}],"predecessor-version":[{"id":32637,"href":"https:\/\/hijasdejesus.org\/pt-br\/wp-json\/wp\/v2\/posts\/32630\/revisions\/32637"}],"wp:featuredmedia":[{"embeddable":true,"href":"https:\/\/hijasdejesus.org\/pt-br\/wp-json\/wp\/v2\/media\/32627"}],"wp:attachment":[{"href":"https:\/\/hijasdejesus.org\/pt-br\/wp-json\/wp\/v2\/media?parent=32630"}],"wp:term":[{"taxonomy":"category","embeddable":true,"href":"https:\/\/hijasdejesus.org\/pt-br\/wp-json\/wp\/v2\/categories?post=32630"},{"taxonomy":"post_tag","embeddable":true,"href":"https:\/\/hijasdejesus.org\/pt-br\/wp-json\/wp\/v2\/tags?post=32630"}],"curies":[{"name":"wp","href":"https:\/\/api.w.org\/{rel}","templated":true}]}}