{"id":33841,"date":"2023-04-24T20:38:00","date_gmt":"2023-04-24T18:38:00","guid":{"rendered":"https:\/\/hijasdejesus.org\/ii-encontro-internacional-de-jovens-2\/"},"modified":"2023-06-05T13:29:08","modified_gmt":"2023-06-05T11:29:08","slug":"ii-encontro-internacional-de-jovens-2","status":"publish","type":"post","link":"https:\/\/hijasdejesus.org\/pt-br\/ii-encontro-internacional-de-jovens-2\/","title":{"rendered":"II Encontro Internacional de Jovens"},"content":{"rendered":"\n<p>\u00c9 com alegria que partilhamos que no pr\u00f3ximo <strong>s\u00e1bado, dia 27 de Maio<\/strong>, \u00e0s <strong>13:00 horas, em Roma<\/strong>, na v\u00e9spera da festa de Pentecostes, a Pastoral Juvenil das Filhas de Jesus convida todos os jovens entre os 17 e os 35 anos a viverem o<strong> II Encontro Internacional de Jovens<\/strong>.<br\/><\/p>\n\n<h2 class=\"wp-block-heading\"><strong>Vai, vai!&#8230;<\/strong><\/h2>\n\n<p><br\/>Se no<strong>  1\u00ba Encontro Internacional de Jovens<\/strong>que celebramos por ocasi\u00e3o do 150\u00ba anivers\u00e1rio da funda\u00e7\u00e3o das Filhas de Jesus &#8211; novembro de 2021-.<strong>  partilhamos o facto de Deus nos ter dado um nome e, com ele, uma miss\u00e3o.<\/strong>confirm\u00e1mos que  <strong>essa certeza ainda est\u00e1 viva<\/strong>  nos nossos cora\u00e7\u00f5es e  <strong>agora de novo o Senhor Jesus nos convoca  <\/strong>e Maria, unindo-se tamb\u00e9m ao \u00edcone da JMJ, diz a cada um de n\u00f3s  <strong>V\u00e3o atr\u00e1s Dele!<\/strong>Junte-se \u00e0 caminhada de tantos jovens crist\u00e3os, membros da mesma Igreja e convidados a fazer parte dela com o carisma de Santa C\u00e2ndida Maria de Jesus, com uma identidade \u00fanica e uma perten\u00e7a viva, como Juventude FI.  Onde quer que <strong>nos encontremos, o mesmo Esp\u00edrito move-nos em conjunto<\/strong> e leva-nos a encorajar os outros, os jovens s\u00e3o os que melhor podem encorajar outros jovens, \u00e9 por isso que dizemos:  <strong>VAMOS L\u00c1.<\/strong><\/p>\n\n<p>Neste &#8220;vamos l\u00e1&#8221;, gostar\u00edamos de espalhar uma  <strong>esp\u00edrito mission\u00e1rio de jovens para jovens<\/strong>, acrescentando aos nossos grupos e ac\u00e7\u00f5es pastorais, jovens que n\u00e3o est\u00e3o l\u00e1, que n\u00e3o sentiram este chamamento, que n\u00e3o foram convidados, que est\u00e3o perdidos&#8230; Desejamos que o  <strong>GO, GO! da Juventude FI para que ressoe em todo o mundo e seja fermento do Evangelho onde estivermos.<\/strong><\/p>\n\n<h2 class=\"wp-block-heading\"><strong>Mary levantou-se e saiu sem demora&#8230;.<\/strong><\/h2>\n\n<p><br\/>\u00c9 o<strong>  lema que une todos os jovens cat\u00f3licos para a pr\u00f3xima Jornada Mundial da Juventude<\/strong> <a href=\"https:\/\/www.lisboa2023.org\/es\">(JMJ 2023 Lisboa-Portugal<\/a>) que se realizar\u00e1 em Portugal no in\u00edcio de Agosto e no qual jovens e Filhas de Jesus de diferentes lugares participar\u00e3o presencialmente e de outras formas que a virtualidade permite. Este acontecimento da Igreja Universal levou-nos a reencontrarmo-nos, a organizar este encontro, a p\u00f4r-nos a caminho como jovens, parte da mesma comunidade de seguidores de Jesus.<\/p>\n\n<h2 class=\"wp-block-heading\"><strong>O Senhor envia trabalhadores para a Pastoral Juvenil: Equipa e Comiss\u00e3o<\/strong><\/h2>\n\n<p><br\/>O Encontro est\u00e1 a ser  <strong>criado e preparado pela Equipa Internacional da Pastoral Juvenil  <\/strong>alargado a  <strong>&#8220;Comiss\u00e3o para o II Encontro Internacional de Jovens&#8221;.<\/strong>  com a inclus\u00e3o de uma jovem da Rep\u00fablica Dominicana, uma jovem de Taiwan, uma jovem de Espanha, um jovem do Brasil, uma jovem adulta de Espanha e uma leiga das Filipinas.<\/p>\n\n<p>Juntamo-nos a este apelo \u00e0 ac\u00e7\u00e3o partilhando esta not\u00edcia e esperamos v\u00ea-lo  <strong>Encorajamo-vos a difundi-lo e a encorajar os jovens que a\u00ed encontramos na realidade em que nos encontramos como Fam\u00edlia Madre C\u00e2ndida.  <\/strong>e comprometemo-nos a rezar por todos os que participam e trabalham para que o II Encontro Internacional de Jovens d\u00ea muitos frutos.<\/p>\n","protected":false},"excerpt":{"rendered":"<p>\u00c9 com alegria que partilhamos que no pr\u00f3ximo s\u00e1bado, dia 27 de Maio, \u00e0s 13:00 horas, em Roma, na v\u00e9spera da festa de Pentecostes, a Pastoral Juvenil das Filhas de Jesus convida todos os jovens entre os 17 e os 35 anos a viverem o II Encontro Internacional de Jovens. Vai, vai!&#8230; Se no 1\u00ba [&hellip;]<\/p>\n","protected":false},"author":2,"featured_media":33850,"comment_status":"open","ping_status":"open","sticky":false,"template":"","format":"standard","meta":{"_et_pb_use_builder":"off","_et_pb_old_content":"","_et_gb_content_width":"","footnotes":"","_links_to":"","_links_to_target":""},"categories":[529,537,469],"tags":[],"class_list":["post-33841","post","type-post","status-publish","format-standard","has-post-thumbnail","hentry","category-hijas-de-jesus-pt-br","category-juventude","category-noticias-pt-br"],"yoast_head":"<!-- This site is optimized with the Yoast SEO plugin v27.4 - https:\/\/yoast.com\/product\/yoast-seo-wordpress\/ -->\n<title>II Encontro Internacional de Jovens - Hijas de Jes\u00fas<\/title>\n<meta name=\"robots\" content=\"index, follow, max-snippet:-1, max-image-preview:large, max-video-preview:-1\" \/>\n<link rel=\"canonical\" href=\"https:\/\/hijasdejesus.org\/pt-br\/ii-encontro-internacional-de-jovens-2\/\" \/>\n<meta property=\"og:locale\" content=\"pt_BR\" \/>\n<meta property=\"og:type\" content=\"article\" \/>\n<meta property=\"og:title\" content=\"II Encontro Internacional de Jovens - Hijas de Jes\u00fas\" \/>\n<meta property=\"og:description\" content=\"\u00c9 com alegria que partilhamos que no pr\u00f3ximo s\u00e1bado, dia 27 de Maio, \u00e0s 13:00 horas, em Roma, na v\u00e9spera da festa de Pentecostes, a Pastoral Juvenil das Filhas de Jesus convida todos os jovens entre os 17 e os 35 anos a viverem o II Encontro Internacional de Jovens. Vai, vai!&#8230; Se no 1\u00ba [&hellip;]\" \/>\n<meta property=\"og:url\" content=\"https:\/\/hijasdejesus.org\/pt-br\/ii-encontro-internacional-de-jovens-2\/\" \/>\n<meta property=\"og:site_name\" content=\"Hijas de Jes\u00fas\" \/>\n<meta property=\"article:publisher\" content=\"https:\/\/www.facebook.com\/hijasdejesusenelmundo\/\" \/>\n<meta property=\"article:published_time\" content=\"2023-04-24T18:38:00+00:00\" \/>\n<meta property=\"article:modified_time\" content=\"2023-06-05T11:29:08+00:00\" \/>\n<meta property=\"og:image\" content=\"https:\/\/hijasdejesus.org\/wp-content\/uploads\/2023\/04\/Encontro-internacional-FI-portugues.jpg\" \/>\n\t<meta property=\"og:image:width\" content=\"2362\" \/>\n\t<meta property=\"og:image:height\" content=\"1575\" \/>\n\t<meta property=\"og:image:type\" content=\"image\/jpeg\" \/>\n<meta name=\"author\" content=\"Beatriz Concejo\" \/>\n<meta name=\"twitter:card\" content=\"summary_large_image\" \/>\n<meta name=\"twitter:creator\" content=\"@hijasdjesus\" \/>\n<meta name=\"twitter:site\" content=\"@hijasdjesus\" \/>\n<meta name=\"twitter:label1\" content=\"Escrito por\" \/>\n\t<meta name=\"twitter:data1\" content=\"Beatriz Concejo\" \/>\n\t<meta name=\"twitter:label2\" content=\"Est. tempo de leitura\" \/>\n\t<meta name=\"twitter:data2\" content=\"3 minutos\" \/>\n<script type=\"application\/ld+json\" class=\"yoast-schema-graph\">{\"@context\":\"https:\\\/\\\/schema.org\",\"@graph\":[{\"@type\":\"Article\",\"@id\":\"https:\\\/\\\/hijasdejesus.org\\\/pt-br\\\/ii-encontro-internacional-de-jovens-2\\\/#article\",\"isPartOf\":{\"@id\":\"https:\\\/\\\/hijasdejesus.org\\\/pt-br\\\/ii-encontro-internacional-de-jovens-2\\\/\"},\"author\":{\"name\":\"Beatriz Concejo\",\"@id\":\"https:\\\/\\\/hijasdejesus.org\\\/pt-br\\\/#\\\/schema\\\/person\\\/a89333d7c811935bc234f49793356474\"},\"headline\":\"II Encontro Internacional de Jovens\",\"datePublished\":\"2023-04-24T18:38:00+00:00\",\"dateModified\":\"2023-06-05T11:29:08+00:00\",\"mainEntityOfPage\":{\"@id\":\"https:\\\/\\\/hijasdejesus.org\\\/pt-br\\\/ii-encontro-internacional-de-jovens-2\\\/\"},\"wordCount\":492,\"commentCount\":0,\"publisher\":{\"@id\":\"https:\\\/\\\/hijasdejesus.org\\\/pt-br\\\/#organization\"},\"image\":{\"@id\":\"https:\\\/\\\/hijasdejesus.org\\\/pt-br\\\/ii-encontro-internacional-de-jovens-2\\\/#primaryimage\"},\"thumbnailUrl\":\"https:\\\/\\\/hijasdejesus.org\\\/wp-content\\\/uploads\\\/2023\\\/04\\\/Encontro-internacional-FI-portugues.jpg\",\"articleSection\":[\"Hijas de Jes\u00fas\",\"Juventude\",\"Not\u00edcias\"],\"inLanguage\":\"pt-BR\",\"potentialAction\":[{\"@type\":\"CommentAction\",\"name\":\"Comment\",\"target\":[\"https:\\\/\\\/hijasdejesus.org\\\/pt-br\\\/ii-encontro-internacional-de-jovens-2\\\/#respond\"]}]},{\"@type\":\"WebPage\",\"@id\":\"https:\\\/\\\/hijasdejesus.org\\\/pt-br\\\/ii-encontro-internacional-de-jovens-2\\\/\",\"url\":\"https:\\\/\\\/hijasdejesus.org\\\/pt-br\\\/ii-encontro-internacional-de-jovens-2\\\/\",\"name\":\"II Encontro Internacional de Jovens - Hijas de Jes\u00fas\",\"isPartOf\":{\"@id\":\"https:\\\/\\\/hijasdejesus.org\\\/pt-br\\\/#website\"},\"primaryImageOfPage\":{\"@id\":\"https:\\\/\\\/hijasdejesus.org\\\/pt-br\\\/ii-encontro-internacional-de-jovens-2\\\/#primaryimage\"},\"image\":{\"@id\":\"https:\\\/\\\/hijasdejesus.org\\\/pt-br\\\/ii-encontro-internacional-de-jovens-2\\\/#primaryimage\"},\"thumbnailUrl\":\"https:\\\/\\\/hijasdejesus.org\\\/wp-content\\\/uploads\\\/2023\\\/04\\\/Encontro-internacional-FI-portugues.jpg\",\"datePublished\":\"2023-04-24T18:38:00+00:00\",\"dateModified\":\"2023-06-05T11:29:08+00:00\",\"breadcrumb\":{\"@id\":\"https:\\\/\\\/hijasdejesus.org\\\/pt-br\\\/ii-encontro-internacional-de-jovens-2\\\/#breadcrumb\"},\"inLanguage\":\"pt-BR\",\"potentialAction\":[{\"@type\":\"ReadAction\",\"target\":[\"https:\\\/\\\/hijasdejesus.org\\\/pt-br\\\/ii-encontro-internacional-de-jovens-2\\\/\"]}]},{\"@type\":\"ImageObject\",\"inLanguage\":\"pt-BR\",\"@id\":\"https:\\\/\\\/hijasdejesus.org\\\/pt-br\\\/ii-encontro-internacional-de-jovens-2\\\/#primaryimage\",\"url\":\"https:\\\/\\\/hijasdejesus.org\\\/wp-content\\\/uploads\\\/2023\\\/04\\\/Encontro-internacional-FI-portugues.jpg\",\"contentUrl\":\"https:\\\/\\\/hijasdejesus.org\\\/wp-content\\\/uploads\\\/2023\\\/04\\\/Encontro-internacional-FI-portugues.jpg\",\"width\":2362,\"height\":1575},{\"@type\":\"BreadcrumbList\",\"@id\":\"https:\\\/\\\/hijasdejesus.org\\\/pt-br\\\/ii-encontro-internacional-de-jovens-2\\\/#breadcrumb\",\"itemListElement\":[{\"@type\":\"ListItem\",\"position\":1,\"name\":\"Portada\",\"item\":\"https:\\\/\\\/hijasdejesus.org\\\/pt-br\\\/\"},{\"@type\":\"ListItem\",\"position\":2,\"name\":\"II Encontro Internacional de Jovens\"}]},{\"@type\":\"WebSite\",\"@id\":\"https:\\\/\\\/hijasdejesus.org\\\/pt-br\\\/#website\",\"url\":\"https:\\\/\\\/hijasdejesus.org\\\/pt-br\\\/\",\"name\":\"Hijas de Jes\u00fas\",\"description\":\"Despertamos a Jes\u00fas en el coraz\u00f3n, sacando lo mejor de las personas. Somos una congregaci\u00f3n religiosa ignaciana fundada por la Madre Candida\",\"publisher\":{\"@id\":\"https:\\\/\\\/hijasdejesus.org\\\/pt-br\\\/#organization\"},\"potentialAction\":[{\"@type\":\"SearchAction\",\"target\":{\"@type\":\"EntryPoint\",\"urlTemplate\":\"https:\\\/\\\/hijasdejesus.org\\\/pt-br\\\/?s={search_term_string}\"},\"query-input\":{\"@type\":\"PropertyValueSpecification\",\"valueRequired\":true,\"valueName\":\"search_term_string\"}}],\"inLanguage\":\"pt-BR\"},{\"@type\":\"Organization\",\"@id\":\"https:\\\/\\\/hijasdejesus.org\\\/pt-br\\\/#organization\",\"name\":\"Hijas de Jes\u00fas\",\"url\":\"https:\\\/\\\/hijasdejesus.org\\\/pt-br\\\/\",\"logo\":{\"@type\":\"ImageObject\",\"inLanguage\":\"pt-BR\",\"@id\":\"https:\\\/\\\/hijasdejesus.org\\\/pt-br\\\/#\\\/schema\\\/logo\\\/image\\\/\",\"url\":\"https:\\\/\\\/hijasdejesus.org\\\/wp-content\\\/uploads\\\/2023\\\/01\\\/Hijas-de-Jesus_hor-A7C957.png\",\"contentUrl\":\"https:\\\/\\\/hijasdejesus.org\\\/wp-content\\\/uploads\\\/2023\\\/01\\\/Hijas-de-Jesus_hor-A7C957.png\",\"width\":700,\"height\":360,\"caption\":\"Hijas de Jes\u00fas\"},\"image\":{\"@id\":\"https:\\\/\\\/hijasdejesus.org\\\/pt-br\\\/#\\\/schema\\\/logo\\\/image\\\/\"},\"sameAs\":[\"https:\\\/\\\/www.facebook.com\\\/hijasdejesusenelmundo\\\/\",\"https:\\\/\\\/x.com\\\/hijasdjesus\"]},{\"@type\":\"Person\",\"@id\":\"https:\\\/\\\/hijasdejesus.org\\\/pt-br\\\/#\\\/schema\\\/person\\\/a89333d7c811935bc234f49793356474\",\"name\":\"Beatriz Concejo\",\"image\":{\"@type\":\"ImageObject\",\"inLanguage\":\"pt-BR\",\"@id\":\"https:\\\/\\\/secure.gravatar.com\\\/avatar\\\/3075c01a99ba1b38ab876c1780b5fe86903d79b830670c26b7f45a65200e807a?s=96&d=mm&r=g\",\"url\":\"https:\\\/\\\/secure.gravatar.com\\\/avatar\\\/3075c01a99ba1b38ab876c1780b5fe86903d79b830670c26b7f45a65200e807a?s=96&d=mm&r=g\",\"contentUrl\":\"https:\\\/\\\/secure.gravatar.com\\\/avatar\\\/3075c01a99ba1b38ab876c1780b5fe86903d79b830670c26b7f45a65200e807a?s=96&d=mm&r=g\",\"caption\":\"Beatriz Concejo\"},\"url\":\"https:\\\/\\\/hijasdejesus.org\\\/pt-br\\\/author\\\/bea\\\/\"}]}<\/script>\n<!-- \/ Yoast SEO plugin. -->","yoast_head_json":{"title":"II Encontro Internacional de Jovens - Hijas de Jes\u00fas","robots":{"index":"index","follow":"follow","max-snippet":"max-snippet:-1","max-image-preview":"max-image-preview:large","max-video-preview":"max-video-preview:-1"},"canonical":"https:\/\/hijasdejesus.org\/pt-br\/ii-encontro-internacional-de-jovens-2\/","og_locale":"pt_BR","og_type":"article","og_title":"II Encontro Internacional de Jovens - Hijas de Jes\u00fas","og_description":"\u00c9 com alegria que partilhamos que no pr\u00f3ximo s\u00e1bado, dia 27 de Maio, \u00e0s 13:00 horas, em Roma, na v\u00e9spera da festa de Pentecostes, a Pastoral Juvenil das Filhas de Jesus convida todos os jovens entre os 17 e os 35 anos a viverem o II Encontro Internacional de Jovens. Vai, vai!&#8230; Se no 1\u00ba [&hellip;]","og_url":"https:\/\/hijasdejesus.org\/pt-br\/ii-encontro-internacional-de-jovens-2\/","og_site_name":"Hijas de Jes\u00fas","article_publisher":"https:\/\/www.facebook.com\/hijasdejesusenelmundo\/","article_published_time":"2023-04-24T18:38:00+00:00","article_modified_time":"2023-06-05T11:29:08+00:00","og_image":[{"width":2362,"height":1575,"url":"https:\/\/hijasdejesus.org\/wp-content\/uploads\/2023\/04\/Encontro-internacional-FI-portugues.jpg","type":"image\/jpeg"}],"author":"Beatriz Concejo","twitter_card":"summary_large_image","twitter_creator":"@hijasdjesus","twitter_site":"@hijasdjesus","twitter_misc":{"Escrito por":"Beatriz Concejo","Est. tempo de leitura":"3 minutos"},"schema":{"@context":"https:\/\/schema.org","@graph":[{"@type":"Article","@id":"https:\/\/hijasdejesus.org\/pt-br\/ii-encontro-internacional-de-jovens-2\/#article","isPartOf":{"@id":"https:\/\/hijasdejesus.org\/pt-br\/ii-encontro-internacional-de-jovens-2\/"},"author":{"name":"Beatriz Concejo","@id":"https:\/\/hijasdejesus.org\/pt-br\/#\/schema\/person\/a89333d7c811935bc234f49793356474"},"headline":"II Encontro Internacional de Jovens","datePublished":"2023-04-24T18:38:00+00:00","dateModified":"2023-06-05T11:29:08+00:00","mainEntityOfPage":{"@id":"https:\/\/hijasdejesus.org\/pt-br\/ii-encontro-internacional-de-jovens-2\/"},"wordCount":492,"commentCount":0,"publisher":{"@id":"https:\/\/hijasdejesus.org\/pt-br\/#organization"},"image":{"@id":"https:\/\/hijasdejesus.org\/pt-br\/ii-encontro-internacional-de-jovens-2\/#primaryimage"},"thumbnailUrl":"https:\/\/hijasdejesus.org\/wp-content\/uploads\/2023\/04\/Encontro-internacional-FI-portugues.jpg","articleSection":["Hijas de Jes\u00fas","Juventude","Not\u00edcias"],"inLanguage":"pt-BR","potentialAction":[{"@type":"CommentAction","name":"Comment","target":["https:\/\/hijasdejesus.org\/pt-br\/ii-encontro-internacional-de-jovens-2\/#respond"]}]},{"@type":"WebPage","@id":"https:\/\/hijasdejesus.org\/pt-br\/ii-encontro-internacional-de-jovens-2\/","url":"https:\/\/hijasdejesus.org\/pt-br\/ii-encontro-internacional-de-jovens-2\/","name":"II Encontro Internacional de Jovens - Hijas de Jes\u00fas","isPartOf":{"@id":"https:\/\/hijasdejesus.org\/pt-br\/#website"},"primaryImageOfPage":{"@id":"https:\/\/hijasdejesus.org\/pt-br\/ii-encontro-internacional-de-jovens-2\/#primaryimage"},"image":{"@id":"https:\/\/hijasdejesus.org\/pt-br\/ii-encontro-internacional-de-jovens-2\/#primaryimage"},"thumbnailUrl":"https:\/\/hijasdejesus.org\/wp-content\/uploads\/2023\/04\/Encontro-internacional-FI-portugues.jpg","datePublished":"2023-04-24T18:38:00+00:00","dateModified":"2023-06-05T11:29:08+00:00","breadcrumb":{"@id":"https:\/\/hijasdejesus.org\/pt-br\/ii-encontro-internacional-de-jovens-2\/#breadcrumb"},"inLanguage":"pt-BR","potentialAction":[{"@type":"ReadAction","target":["https:\/\/hijasdejesus.org\/pt-br\/ii-encontro-internacional-de-jovens-2\/"]}]},{"@type":"ImageObject","inLanguage":"pt-BR","@id":"https:\/\/hijasdejesus.org\/pt-br\/ii-encontro-internacional-de-jovens-2\/#primaryimage","url":"https:\/\/hijasdejesus.org\/wp-content\/uploads\/2023\/04\/Encontro-internacional-FI-portugues.jpg","contentUrl":"https:\/\/hijasdejesus.org\/wp-content\/uploads\/2023\/04\/Encontro-internacional-FI-portugues.jpg","width":2362,"height":1575},{"@type":"BreadcrumbList","@id":"https:\/\/hijasdejesus.org\/pt-br\/ii-encontro-internacional-de-jovens-2\/#breadcrumb","itemListElement":[{"@type":"ListItem","position":1,"name":"Portada","item":"https:\/\/hijasdejesus.org\/pt-br\/"},{"@type":"ListItem","position":2,"name":"II Encontro Internacional de Jovens"}]},{"@type":"WebSite","@id":"https:\/\/hijasdejesus.org\/pt-br\/#website","url":"https:\/\/hijasdejesus.org\/pt-br\/","name":"Hijas de Jes\u00fas","description":"Despertamos a Jes\u00fas en el coraz\u00f3n, sacando lo mejor de las personas. Somos una congregaci\u00f3n religiosa ignaciana fundada por la Madre Candida","publisher":{"@id":"https:\/\/hijasdejesus.org\/pt-br\/#organization"},"potentialAction":[{"@type":"SearchAction","target":{"@type":"EntryPoint","urlTemplate":"https:\/\/hijasdejesus.org\/pt-br\/?s={search_term_string}"},"query-input":{"@type":"PropertyValueSpecification","valueRequired":true,"valueName":"search_term_string"}}],"inLanguage":"pt-BR"},{"@type":"Organization","@id":"https:\/\/hijasdejesus.org\/pt-br\/#organization","name":"Hijas de Jes\u00fas","url":"https:\/\/hijasdejesus.org\/pt-br\/","logo":{"@type":"ImageObject","inLanguage":"pt-BR","@id":"https:\/\/hijasdejesus.org\/pt-br\/#\/schema\/logo\/image\/","url":"https:\/\/hijasdejesus.org\/wp-content\/uploads\/2023\/01\/Hijas-de-Jesus_hor-A7C957.png","contentUrl":"https:\/\/hijasdejesus.org\/wp-content\/uploads\/2023\/01\/Hijas-de-Jesus_hor-A7C957.png","width":700,"height":360,"caption":"Hijas de Jes\u00fas"},"image":{"@id":"https:\/\/hijasdejesus.org\/pt-br\/#\/schema\/logo\/image\/"},"sameAs":["https:\/\/www.facebook.com\/hijasdejesusenelmundo\/","https:\/\/x.com\/hijasdjesus"]},{"@type":"Person","@id":"https:\/\/hijasdejesus.org\/pt-br\/#\/schema\/person\/a89333d7c811935bc234f49793356474","name":"Beatriz Concejo","image":{"@type":"ImageObject","inLanguage":"pt-BR","@id":"https:\/\/secure.gravatar.com\/avatar\/3075c01a99ba1b38ab876c1780b5fe86903d79b830670c26b7f45a65200e807a?s=96&d=mm&r=g","url":"https:\/\/secure.gravatar.com\/avatar\/3075c01a99ba1b38ab876c1780b5fe86903d79b830670c26b7f45a65200e807a?s=96&d=mm&r=g","contentUrl":"https:\/\/secure.gravatar.com\/avatar\/3075c01a99ba1b38ab876c1780b5fe86903d79b830670c26b7f45a65200e807a?s=96&d=mm&r=g","caption":"Beatriz Concejo"},"url":"https:\/\/hijasdejesus.org\/pt-br\/author\/bea\/"}]}},"_links":{"self":[{"href":"https:\/\/hijasdejesus.org\/pt-br\/wp-json\/wp\/v2\/posts\/33841","targetHints":{"allow":["GET"]}}],"collection":[{"href":"https:\/\/hijasdejesus.org\/pt-br\/wp-json\/wp\/v2\/posts"}],"about":[{"href":"https:\/\/hijasdejesus.org\/pt-br\/wp-json\/wp\/v2\/types\/post"}],"author":[{"embeddable":true,"href":"https:\/\/hijasdejesus.org\/pt-br\/wp-json\/wp\/v2\/users\/2"}],"replies":[{"embeddable":true,"href":"https:\/\/hijasdejesus.org\/pt-br\/wp-json\/wp\/v2\/comments?post=33841"}],"version-history":[{"count":3,"href":"https:\/\/hijasdejesus.org\/pt-br\/wp-json\/wp\/v2\/posts\/33841\/revisions"}],"predecessor-version":[{"id":34383,"href":"https:\/\/hijasdejesus.org\/pt-br\/wp-json\/wp\/v2\/posts\/33841\/revisions\/34383"}],"wp:featuredmedia":[{"embeddable":true,"href":"https:\/\/hijasdejesus.org\/pt-br\/wp-json\/wp\/v2\/media\/33850"}],"wp:attachment":[{"href":"https:\/\/hijasdejesus.org\/pt-br\/wp-json\/wp\/v2\/media?parent=33841"}],"wp:term":[{"taxonomy":"category","embeddable":true,"href":"https:\/\/hijasdejesus.org\/pt-br\/wp-json\/wp\/v2\/categories?post=33841"},{"taxonomy":"post_tag","embeddable":true,"href":"https:\/\/hijasdejesus.org\/pt-br\/wp-json\/wp\/v2\/tags?post=33841"}],"curies":[{"name":"wp","href":"https:\/\/api.w.org\/{rel}","templated":true}]}}