{"id":33970,"date":"2023-05-01T20:15:00","date_gmt":"2023-05-01T18:15:00","guid":{"rendered":"https:\/\/hijasdejesus.org\/pacto-mundial-para-a-educacao-o-som-de-uma-campainha-de-alarme-a-alertar-para-o-kairos\/"},"modified":"2023-05-01T20:15:00","modified_gmt":"2023-05-01T18:15:00","slug":"pacto-mundial-para-a-educacao-o-som-de-uma-campainha-de-alarme-a-alertar-para-o-kairos","status":"publish","type":"post","link":"https:\/\/hijasdejesus.org\/pt-br\/pacto-mundial-para-a-educacao-o-som-de-uma-campainha-de-alarme-a-alertar-para-o-kairos\/","title":{"rendered":"Pacto Mundial para a Educa\u00e7\u00e3o: o som de uma campainha de alarme a alertar para o Kairos"},"content":{"rendered":"\n<p>O <strong>Pacto Educativo<\/strong>, com os seus sete objectivos, fala-nos de algo t\u00e3o elementar, t\u00e3o fundamental e b\u00e1sico para quem educa na perspectiva que a Madre C\u00e2ndida Maria de Jesus tinha. <strong>\n  <em>Madre C\u00e2ndida Maria de Jesus<\/em>\n<\/strong>que quanto mais se pensa, mais claramente se v\u00ea que \u00e9 um alarme. N\u00e3o \u00e9 por acaso que o Papa Francisco fala de um &#8220;fosso educativo alarmante&#8221;. E \u00e9 uma alegria ver que, pouco a pouco, como um gotejamento constante, estas escolas da M. C\u00e2ndida est\u00e3o a reagir.<\/p>\n\n\n\n<p><strong>Col\u00e9gio Imaculada Concei\u00e7\u00e3o, Filhas de Jesus, Pototan: <\/strong>come\u00e7aram por colocar o selo da Alian\u00e7a nos seus pap\u00e9is timbrados, como fazem quando anunciam um dos eventos mais importantes, o dia da fam\u00edlia, que tiveram no final de Mar\u00e7o. O compromisso foi selado numa paraliturgia.  <\/p>\n\n\n\n<figure class=\"wp-block-gallery has-nested-images columns-default is-cropped wp-block-gallery-1 is-layout-flex wp-block-gallery-is-layout-flex\">\n<figure class=\"wp-block-image size-large\"><img loading=\"lazy\" decoding=\"async\" width=\"1024\" height=\"683\" data-id=\"33914\" src=\"https:\/\/hijasdejesus.org\/wp-content\/uploads\/2023\/04\/Colegio-de-la-Inmaculada-Concepcion-Inc.-Hijas-de-Jesus-Pototan-Iloilo.-2-1024x683.jpg\" alt=\"\" class=\"wp-image-33914\" srcset=\"https:\/\/hijasdejesus.org\/wp-content\/uploads\/2023\/04\/Colegio-de-la-Inmaculada-Concepcion-Inc.-Hijas-de-Jesus-Pototan-Iloilo.-2-980x654.jpg 980w, https:\/\/hijasdejesus.org\/wp-content\/uploads\/2023\/04\/Colegio-de-la-Inmaculada-Concepcion-Inc.-Hijas-de-Jesus-Pototan-Iloilo.-2-480x320.jpg 480w\" sizes=\"(min-width: 0px) and (max-width: 480px) 480px, (min-width: 481px) and (max-width: 980px) 980px, (min-width: 981px) 1024px, 100vw\" \/><\/figure>\n\n\n\n<figure class=\"wp-block-image size-large\"><img loading=\"lazy\" decoding=\"async\" width=\"1024\" height=\"768\" data-id=\"33911\" src=\"https:\/\/hijasdejesus.org\/wp-content\/uploads\/2023\/04\/Colegio-de-la-Inmaculada-Concepcion-Inc.-Hijas-de-Jesus-Pototan-Iloilo.-1-1024x768.jpg\" alt=\"\" class=\"wp-image-33911\" srcset=\"https:\/\/hijasdejesus.org\/wp-content\/uploads\/2023\/04\/Colegio-de-la-Inmaculada-Concepcion-Inc.-Hijas-de-Jesus-Pototan-Iloilo.-1-980x735.jpg 980w, https:\/\/hijasdejesus.org\/wp-content\/uploads\/2023\/04\/Colegio-de-la-Inmaculada-Concepcion-Inc.-Hijas-de-Jesus-Pototan-Iloilo.-1-480x360.jpg 480w\" sizes=\"(min-width: 0px) and (max-width: 480px) 480px, (min-width: 481px) and (max-width: 980px) 980px, (min-width: 981px) 1024px, 100vw\" \/><\/figure>\n<\/figure>\n\n\n\n<p>Tamb\u00e9m <strong>\n  <em>Edna Giner<\/em>\n<\/strong><strong>directora do<\/strong> <strong>Colegio Hijas de Jes\u00fas, Iloilo<\/strong>, envia a composi\u00e7\u00e3o fotogr\u00e1fica que fizeram por ocasi\u00e3o do compromisso assumido.<\/p>\n\n\n\n<p>Embora a comunica\u00e7\u00e3o nos tenha chegado no in\u00edcio de Mar\u00e7o, foi em Janeiro que a <strong>Academia Stella Maris de Davao<\/strong> assumiu o compromisso. <strong>\n  <em> Dina Galaura FI<\/em>\n<\/strong>refere que todos est\u00e3o entusiasmados com esta iniciativa e com o desafio de participar na actividade em causa.<\/p>\n\n\n\n<blockquote class=\"wp-block-quote is-layout-flow wp-block-quote-is-layout-flow\">\n<p>Com estas tr\u00eas comunica\u00e7\u00f5es, podemos concluir que todas as <strong>obras educativas dirigidas pelas Filhas de Jesus nas Filipinas assumem o Pacto como seu<\/strong>.<\/p>\n<\/blockquote>\n\n\n\n<p>Por ocasi\u00e3o da recente visita do Superior Geral a este pa\u00eds, os coordenadores do Col\u00e9gio Manresa, de Para\u00f1aque, aproveitaram a oportunidade para recordar que assumir o Pacto Educativo Global como seu<strong> n\u00e3o \u00e9 um compromisso para realizar actividades, ou mais actividades, com os alunos<\/strong>. N\u00e3o se trata, sobretudo, disso. <strong>Trata-se de considerar uma vis\u00e3o, uma abordagem diferente da vida e da actividade do Centro<\/strong>. \u00c9 tomar consci\u00eancia dos seus sete objectivos e delinear o curr\u00edculo e as rela\u00e7\u00f5es que existem na escola com base neles. \u00c9 <strong>renovar a experi\u00eancia do Nosso Pr\u00f3prio Jeito de Educar a partir das chaves do mundo do s\u00e9culo XXI e assumir os seus desafios<\/strong>. Portanto,<strong> Pacto e Apelo na ac\u00e7\u00e3o apost\u00f3lica andam de m\u00e3os dadas, porque nascem da vontade firme de viver e anunciar o Evangelho<\/strong>.<\/p>\n\n\n\n<p>Isto foi belamente confirmado pelo <strong>Col\u00e9gio Da Ren, Filhas de Jesus, em Taipei, Taiwan<\/strong>. Da Ren relatou, no final de Mar\u00e7o, uma reuni\u00e3o de todos os professores cujo objectivo era compreender a Alian\u00e7a. Entenderam que os seus sete objectivos nos apontam para uma direc\u00e7\u00e3o <em>de<\/em> que <em>o mundo precisa agora<\/em>, e os seus sete aspectos est\u00e3o de acordo com a vis\u00e3o educativa que t\u00eam como Centro: <em>&#8220;auto-estima, compaix\u00e3o, excel\u00eancia e dedica\u00e7\u00e3o&#8221;<\/em>. <em>&#8220;E todas as actividades da escola s\u00e3o orientadas no mesmo sentido! Por conseguinte, os professores e as professoras sentiram-se muito de acordo com este esp\u00edrito e est\u00e3o dispostos a dedicar-se a ele e a pratic\u00e1-lo. O director encorajou a manuten\u00e7\u00e3o dos mais elevados padr\u00f5es na filosofia educativa e um maior sentido de miss\u00e3o, <strong>contribuindo todos para o crescimento dos jovens para servirem a sociedade e criarem juntos um futuro a longo prazo<\/strong>&#8220;.<\/em>.<\/p>\n\n\n\n<figure class=\"wp-block-gallery has-nested-images columns-default is-cropped wp-block-gallery-2 is-layout-flex wp-block-gallery-is-layout-flex\">\n<figure class=\"wp-block-image size-large\"><img loading=\"lazy\" decoding=\"async\" width=\"1024\" height=\"768\" data-id=\"33921\" src=\"https:\/\/hijasdejesus.org\/wp-content\/uploads\/2023\/04\/Da-Ren-Taipei-Taiwan-4-1024x768.jpg\" alt=\"\" class=\"wp-image-33921\" srcset=\"https:\/\/hijasdejesus.org\/wp-content\/uploads\/2023\/04\/Da-Ren-Taipei-Taiwan-4-980x735.jpg 980w, https:\/\/hijasdejesus.org\/wp-content\/uploads\/2023\/04\/Da-Ren-Taipei-Taiwan-4-480x360.jpg 480w\" sizes=\"(min-width: 0px) and (max-width: 480px) 480px, (min-width: 481px) and (max-width: 980px) 980px, (min-width: 981px) 1024px, 100vw\" \/><\/figure>\n\n\n\n<figure class=\"wp-block-image size-large\"><img loading=\"lazy\" decoding=\"async\" width=\"1024\" height=\"768\" data-id=\"33920\" src=\"https:\/\/hijasdejesus.org\/wp-content\/uploads\/2023\/04\/Da-Ren-Taipei-Taiwan-3-1024x768.jpg\" alt=\"\" class=\"wp-image-33920\" srcset=\"https:\/\/hijasdejesus.org\/wp-content\/uploads\/2023\/04\/Da-Ren-Taipei-Taiwan-3-980x735.jpg 980w, https:\/\/hijasdejesus.org\/wp-content\/uploads\/2023\/04\/Da-Ren-Taipei-Taiwan-3-480x360.jpg 480w\" sizes=\"(min-width: 0px) and (max-width: 480px) 480px, (min-width: 481px) and (max-width: 980px) 980px, (min-width: 981px) 1024px, 100vw\" \/><\/figure>\n\n\n\n<figure class=\"wp-block-image size-large\"><img loading=\"lazy\" decoding=\"async\" width=\"1024\" height=\"768\" data-id=\"33919\" src=\"https:\/\/hijasdejesus.org\/wp-content\/uploads\/2023\/04\/Da-Ren-Taipei-Taiwan-5-1024x768.jpg\" alt=\"\" class=\"wp-image-33919\" srcset=\"https:\/\/hijasdejesus.org\/wp-content\/uploads\/2023\/04\/Da-Ren-Taipei-Taiwan-5-980x735.jpg 980w, https:\/\/hijasdejesus.org\/wp-content\/uploads\/2023\/04\/Da-Ren-Taipei-Taiwan-5-480x360.jpg 480w\" sizes=\"(min-width: 0px) and (max-width: 480px) 480px, (min-width: 481px) and (max-width: 980px) 980px, (min-width: 981px) 1024px, 100vw\" \/><\/figure>\n<\/figure>\n\n\n\n<p>Toda esta alegria chegou at\u00e9 n\u00f3s vinda do Oriente. Mas tamb\u00e9m vem do Ocidente. Assim, <strong>\n  <em>Concei\u00e7\u00e3o Zambrano <\/em>\n<\/strong>informou que o <strong>Col\u00e9gio Imaculada Concei\u00e7\u00e3o, Rede Filhas de Jesus, em Leopoldina, Brasil<\/strong>, havia tomado essa medida.<\/p>\n\n\n\n<figure class=\"wp-block-gallery has-nested-images columns-default is-cropped wp-block-gallery-3 is-layout-flex wp-block-gallery-is-layout-flex\">\n<figure class=\"wp-block-image size-large\"><img loading=\"lazy\" decoding=\"async\" width=\"1024\" height=\"1024\" data-id=\"33937\" src=\"https:\/\/hijasdejesus.org\/wp-content\/uploads\/2023\/04\/Colegio-Imaculada-Conceicao-Rede-Filhas-de-Jesus-LeopoldinaMG-1-1024x1024.jpg\" alt=\"\" class=\"wp-image-33937\" srcset=\"https:\/\/hijasdejesus.org\/wp-content\/uploads\/2023\/04\/Colegio-Imaculada-Conceicao-Rede-Filhas-de-Jesus-LeopoldinaMG-1-980x980.jpg 980w, https:\/\/hijasdejesus.org\/wp-content\/uploads\/2023\/04\/Colegio-Imaculada-Conceicao-Rede-Filhas-de-Jesus-LeopoldinaMG-1-480x480.jpg 480w\" sizes=\"(min-width: 0px) and (max-width: 480px) 480px, (min-width: 481px) and (max-width: 980px) 980px, (min-width: 981px) 1024px, 100vw\" \/><\/figure>\n\n\n\n<figure class=\"wp-block-image size-large\"><img loading=\"lazy\" decoding=\"async\" width=\"768\" height=\"1024\" data-id=\"33935\" src=\"https:\/\/hijasdejesus.org\/wp-content\/uploads\/2023\/04\/Colegio-Imaculada-Conceicao-Rede-Filhas-de-Jesus-LeopoldinaMG-3-768x1024.jpg\" alt=\"\" class=\"wp-image-33935\"><\/figure>\n\n\n\n<figure class=\"wp-block-image size-large\"><img loading=\"lazy\" decoding=\"async\" width=\"1024\" height=\"1024\" data-id=\"33936\" src=\"https:\/\/hijasdejesus.org\/wp-content\/uploads\/2023\/04\/Colegio-Imaculada-Conceicao-Rede-Filhas-de-Jesus-LeopoldinaMG-2-1024x1024.jpg\" alt=\"\" class=\"wp-image-33936\" srcset=\"https:\/\/hijasdejesus.org\/wp-content\/uploads\/2023\/04\/Colegio-Imaculada-Conceicao-Rede-Filhas-de-Jesus-LeopoldinaMG-2-980x980.jpg 980w, https:\/\/hijasdejesus.org\/wp-content\/uploads\/2023\/04\/Colegio-Imaculada-Conceicao-Rede-Filhas-de-Jesus-LeopoldinaMG-2-480x480.jpg 480w\" sizes=\"(min-width: 0px) and (max-width: 480px) 480px, (min-width: 481px) and (max-width: 980px) 980px, (min-width: 981px) 1024px, 100vw\" \/><\/figure>\n<\/figure>\n\n\n\n<p>A \u00faltima escola a informar-nos, por enquanto, da sua ades\u00e3o foi a escola de  <strong>Ntra. Sra. de Las Mercedes, Hijas de Jes\u00fas, Monterrico (Jujuy), Argentina<\/strong>. Na sua informa\u00e7\u00e3o, acrescentam: <em>&#8220;estamos a trabalhar em diferentes espa\u00e7os de forma\u00e7\u00e3o&#8221;<\/em> e enviam fotografias dos grupos de trabalho.<\/p>\n\n\n\n<figure class=\"wp-block-gallery has-nested-images columns-default is-cropped wp-block-gallery-4 is-layout-flex wp-block-gallery-is-layout-flex\">\n<figure class=\"wp-block-image size-large\"><img loading=\"lazy\" decoding=\"async\" width=\"1024\" height=\"768\" data-id=\"33945\" src=\"https:\/\/hijasdejesus.org\/wp-content\/uploads\/2023\/04\/COLEGIO-NTRA.-SRA.-DE-LAS-MERCEDES-1-1024x768.jpg\" alt=\"\" class=\"wp-image-33945\" srcset=\"https:\/\/hijasdejesus.org\/wp-content\/uploads\/2023\/04\/COLEGIO-NTRA.-SRA.-DE-LAS-MERCEDES-1-980x735.jpg 980w, https:\/\/hijasdejesus.org\/wp-content\/uploads\/2023\/04\/COLEGIO-NTRA.-SRA.-DE-LAS-MERCEDES-1-480x360.jpg 480w\" sizes=\"(min-width: 0px) and (max-width: 480px) 480px, (min-width: 481px) and (max-width: 980px) 980px, (min-width: 981px) 1024px, 100vw\" \/><\/figure>\n\n\n\n<figure class=\"wp-block-image size-large\"><img loading=\"lazy\" decoding=\"async\" width=\"1024\" height=\"768\" data-id=\"33947\" src=\"https:\/\/hijasdejesus.org\/wp-content\/uploads\/2023\/04\/COLEGIO-NTRA.-SRA.-DE-LAS-MERCEDES-2-1024x768.jpg\" alt=\"\" class=\"wp-image-33947\" srcset=\"https:\/\/hijasdejesus.org\/wp-content\/uploads\/2023\/04\/COLEGIO-NTRA.-SRA.-DE-LAS-MERCEDES-2-980x735.jpg 980w, https:\/\/hijasdejesus.org\/wp-content\/uploads\/2023\/04\/COLEGIO-NTRA.-SRA.-DE-LAS-MERCEDES-2-480x360.jpg 480w\" sizes=\"(min-width: 0px) and (max-width: 480px) 480px, (min-width: 481px) and (max-width: 980px) 980px, (min-width: 981px) 1024px, 100vw\" \/><\/figure>\n\n\n\n<figure class=\"wp-block-image size-large\"><img loading=\"lazy\" decoding=\"async\" width=\"1024\" height=\"768\" data-id=\"33944\" src=\"https:\/\/hijasdejesus.org\/wp-content\/uploads\/2023\/04\/COLEGIO-NTRA.-SRA.-DE-LAS-MERCEDES-3-1024x768.jpg\" alt=\"\" class=\"wp-image-33944\" srcset=\"https:\/\/hijasdejesus.org\/wp-content\/uploads\/2023\/04\/COLEGIO-NTRA.-SRA.-DE-LAS-MERCEDES-3-980x735.jpg 980w, https:\/\/hijasdejesus.org\/wp-content\/uploads\/2023\/04\/COLEGIO-NTRA.-SRA.-DE-LAS-MERCEDES-3-480x360.jpg 480w\" sizes=\"(min-width: 0px) and (max-width: 480px) 480px, (min-width: 481px) and (max-width: 980px) 980px, (min-width: 981px) 1024px, 100vw\" \/><\/figure>\n<\/figure>\n\n\n\n<p>\u00c9 encorajador ver que, como gota a gota, a Escola Madre C\u00e2ndida est\u00e1 a aprender sobre a abordagem do Papa \u00e0 educa\u00e7\u00e3o para toda a sociedade. E esta escola, como escola da Igreja, responde.<\/p>\n\n\n\n<p>E essa gota continuar\u00e1 a cair&#8230; &#8220;h\u00e1 sempre tempo&#8221;. O aviso, o alarme que o Papa faz soar, n\u00e3o se esgota e n\u00e3o \u00e9 para uma resposta a curto prazo, como Da Ren viu, \u00e9 um apelo que para a escola cat\u00f3lica se torna um Kairos:  <strong>somos sempre pontuais no que diz respeito \u00e0s coisas de Deus<\/strong>.&nbsp;<\/p>\n\n\n\n<p><strong><em>Maria Teresa Pinto FI<\/em><\/strong><\/p>\n","protected":false},"excerpt":{"rendered":"<p>O Pacto Educativo, com os seus sete objectivos, fala-nos de algo t\u00e3o elementar, t\u00e3o fundamental e b\u00e1sico para quem educa na perspectiva que a Madre C\u00e2ndida Maria de Jesus tinha. Madre C\u00e2ndida Maria de Jesus que quanto mais se pensa, mais claramente se v\u00ea que \u00e9 um alarme. N\u00e3o \u00e9 por acaso que o Papa [&hellip;]<\/p>\n","protected":false},"author":2,"featured_media":33934,"comment_status":"open","ping_status":"closed","sticky":false,"template":"","format":"standard","meta":{"_et_pb_use_builder":"off","_et_pb_old_content":"","_et_gb_content_width":"","footnotes":"","_links_to":"","_links_to_target":""},"categories":[517,469],"tags":[740],"class_list":["post-33970","post","type-post","status-publish","format-standard","has-post-thumbnail","hentry","category-educacao","category-noticias-pt-br","tag-pacto-educativo-global-pt-br"],"yoast_head":"<!-- This site is optimized with the Yoast SEO plugin v27.4 - https:\/\/yoast.com\/product\/yoast-seo-wordpress\/ -->\n<title>Pacto Mundial para a Educa\u00e7\u00e3o: o som de uma campainha de alarme a alertar para o Kairos - Hijas de Jes\u00fas<\/title>\n<meta name=\"robots\" content=\"index, follow, max-snippet:-1, max-image-preview:large, max-video-preview:-1\" \/>\n<link rel=\"canonical\" href=\"https:\/\/hijasdejesus.org\/pt-br\/pacto-mundial-para-a-educacao-o-som-de-uma-campainha-de-alarme-a-alertar-para-o-kairos\/\" \/>\n<meta property=\"og:locale\" content=\"pt_BR\" \/>\n<meta property=\"og:type\" content=\"article\" \/>\n<meta property=\"og:title\" content=\"Pacto Mundial para a Educa\u00e7\u00e3o: o som de uma campainha de alarme a alertar para o Kairos - Hijas de Jes\u00fas\" \/>\n<meta property=\"og:description\" content=\"O Pacto Educativo, com os seus sete objectivos, fala-nos de algo t\u00e3o elementar, t\u00e3o fundamental e b\u00e1sico para quem educa na perspectiva que a Madre C\u00e2ndida Maria de Jesus tinha. Madre C\u00e2ndida Maria de Jesus que quanto mais se pensa, mais claramente se v\u00ea que \u00e9 um alarme. N\u00e3o \u00e9 por acaso que o Papa [&hellip;]\" \/>\n<meta property=\"og:url\" content=\"https:\/\/hijasdejesus.org\/pt-br\/pacto-mundial-para-a-educacao-o-som-de-uma-campainha-de-alarme-a-alertar-para-o-kairos\/\" \/>\n<meta property=\"og:site_name\" content=\"Hijas de Jes\u00fas\" \/>\n<meta property=\"article:publisher\" content=\"https:\/\/www.facebook.com\/hijasdejesusenelmundo\/\" \/>\n<meta property=\"article:published_time\" content=\"2023-05-01T18:15:00+00:00\" \/>\n<meta property=\"og:image\" content=\"https:\/\/hijasdejesus.org\/wp-content\/uploads\/2023\/04\/Da-Ren-Taipei-Taiwan-1.jpg\" \/>\n\t<meta property=\"og:image:width\" content=\"1479\" \/>\n\t<meta property=\"og:image:height\" content=\"1109\" \/>\n\t<meta property=\"og:image:type\" content=\"image\/jpeg\" \/>\n<meta name=\"author\" content=\"Beatriz Concejo\" \/>\n<meta name=\"twitter:card\" content=\"summary_large_image\" \/>\n<meta name=\"twitter:creator\" content=\"@hijasdjesus\" \/>\n<meta name=\"twitter:site\" content=\"@hijasdjesus\" \/>\n<meta name=\"twitter:label1\" content=\"Escrito por\" \/>\n\t<meta name=\"twitter:data1\" content=\"Beatriz Concejo\" \/>\n\t<meta name=\"twitter:label2\" content=\"Est. tempo de leitura\" \/>\n\t<meta name=\"twitter:data2\" content=\"4 minutos\" \/>\n<script type=\"application\/ld+json\" class=\"yoast-schema-graph\">{\"@context\":\"https:\\\/\\\/schema.org\",\"@graph\":[{\"@type\":\"Article\",\"@id\":\"https:\\\/\\\/hijasdejesus.org\\\/pt-br\\\/pacto-mundial-para-a-educacao-o-som-de-uma-campainha-de-alarme-a-alertar-para-o-kairos\\\/#article\",\"isPartOf\":{\"@id\":\"https:\\\/\\\/hijasdejesus.org\\\/pt-br\\\/pacto-mundial-para-a-educacao-o-som-de-uma-campainha-de-alarme-a-alertar-para-o-kairos\\\/\"},\"author\":{\"name\":\"Beatriz Concejo\",\"@id\":\"https:\\\/\\\/hijasdejesus.org\\\/pt-br\\\/#\\\/schema\\\/person\\\/a89333d7c811935bc234f49793356474\"},\"headline\":\"Pacto Mundial para a Educa\u00e7\u00e3o: o som de uma campainha de alarme a alertar para o Kairos\",\"datePublished\":\"2023-05-01T18:15:00+00:00\",\"mainEntityOfPage\":{\"@id\":\"https:\\\/\\\/hijasdejesus.org\\\/pt-br\\\/pacto-mundial-para-a-educacao-o-som-de-uma-campainha-de-alarme-a-alertar-para-o-kairos\\\/\"},\"wordCount\":745,\"commentCount\":0,\"publisher\":{\"@id\":\"https:\\\/\\\/hijasdejesus.org\\\/pt-br\\\/#organization\"},\"image\":{\"@id\":\"https:\\\/\\\/hijasdejesus.org\\\/pt-br\\\/pacto-mundial-para-a-educacao-o-som-de-uma-campainha-de-alarme-a-alertar-para-o-kairos\\\/#primaryimage\"},\"thumbnailUrl\":\"https:\\\/\\\/hijasdejesus.org\\\/wp-content\\\/uploads\\\/2023\\\/04\\\/Da-Ren-Taipei-Taiwan-1.jpg\",\"keywords\":[\"Pacto Educativo Global\"],\"articleSection\":[\"Educa\u00e7\u00e3o\",\"Not\u00edcias\"],\"inLanguage\":\"pt-BR\",\"potentialAction\":[{\"@type\":\"CommentAction\",\"name\":\"Comment\",\"target\":[\"https:\\\/\\\/hijasdejesus.org\\\/pt-br\\\/pacto-mundial-para-a-educacao-o-som-de-uma-campainha-de-alarme-a-alertar-para-o-kairos\\\/#respond\"]}]},{\"@type\":\"WebPage\",\"@id\":\"https:\\\/\\\/hijasdejesus.org\\\/pt-br\\\/pacto-mundial-para-a-educacao-o-som-de-uma-campainha-de-alarme-a-alertar-para-o-kairos\\\/\",\"url\":\"https:\\\/\\\/hijasdejesus.org\\\/pt-br\\\/pacto-mundial-para-a-educacao-o-som-de-uma-campainha-de-alarme-a-alertar-para-o-kairos\\\/\",\"name\":\"Pacto Mundial para a Educa\u00e7\u00e3o: o som de uma campainha de alarme a alertar para o Kairos - Hijas de Jes\u00fas\",\"isPartOf\":{\"@id\":\"https:\\\/\\\/hijasdejesus.org\\\/pt-br\\\/#website\"},\"primaryImageOfPage\":{\"@id\":\"https:\\\/\\\/hijasdejesus.org\\\/pt-br\\\/pacto-mundial-para-a-educacao-o-som-de-uma-campainha-de-alarme-a-alertar-para-o-kairos\\\/#primaryimage\"},\"image\":{\"@id\":\"https:\\\/\\\/hijasdejesus.org\\\/pt-br\\\/pacto-mundial-para-a-educacao-o-som-de-uma-campainha-de-alarme-a-alertar-para-o-kairos\\\/#primaryimage\"},\"thumbnailUrl\":\"https:\\\/\\\/hijasdejesus.org\\\/wp-content\\\/uploads\\\/2023\\\/04\\\/Da-Ren-Taipei-Taiwan-1.jpg\",\"datePublished\":\"2023-05-01T18:15:00+00:00\",\"breadcrumb\":{\"@id\":\"https:\\\/\\\/hijasdejesus.org\\\/pt-br\\\/pacto-mundial-para-a-educacao-o-som-de-uma-campainha-de-alarme-a-alertar-para-o-kairos\\\/#breadcrumb\"},\"inLanguage\":\"pt-BR\",\"potentialAction\":[{\"@type\":\"ReadAction\",\"target\":[\"https:\\\/\\\/hijasdejesus.org\\\/pt-br\\\/pacto-mundial-para-a-educacao-o-som-de-uma-campainha-de-alarme-a-alertar-para-o-kairos\\\/\"]}]},{\"@type\":\"ImageObject\",\"inLanguage\":\"pt-BR\",\"@id\":\"https:\\\/\\\/hijasdejesus.org\\\/pt-br\\\/pacto-mundial-para-a-educacao-o-som-de-uma-campainha-de-alarme-a-alertar-para-o-kairos\\\/#primaryimage\",\"url\":\"https:\\\/\\\/hijasdejesus.org\\\/wp-content\\\/uploads\\\/2023\\\/04\\\/Da-Ren-Taipei-Taiwan-1.jpg\",\"contentUrl\":\"https:\\\/\\\/hijasdejesus.org\\\/wp-content\\\/uploads\\\/2023\\\/04\\\/Da-Ren-Taipei-Taiwan-1.jpg\",\"width\":1479,\"height\":1109},{\"@type\":\"BreadcrumbList\",\"@id\":\"https:\\\/\\\/hijasdejesus.org\\\/pt-br\\\/pacto-mundial-para-a-educacao-o-som-de-uma-campainha-de-alarme-a-alertar-para-o-kairos\\\/#breadcrumb\",\"itemListElement\":[{\"@type\":\"ListItem\",\"position\":1,\"name\":\"Portada\",\"item\":\"https:\\\/\\\/hijasdejesus.org\\\/pt-br\\\/\"},{\"@type\":\"ListItem\",\"position\":2,\"name\":\"Pacto Mundial para a Educa\u00e7\u00e3o: o som de uma campainha de alarme a alertar para o Kairos\"}]},{\"@type\":\"WebSite\",\"@id\":\"https:\\\/\\\/hijasdejesus.org\\\/pt-br\\\/#website\",\"url\":\"https:\\\/\\\/hijasdejesus.org\\\/pt-br\\\/\",\"name\":\"Hijas de Jes\u00fas\",\"description\":\"Despertamos a Jes\u00fas en el coraz\u00f3n, sacando lo mejor de las personas. Somos una congregaci\u00f3n religiosa ignaciana fundada por la Madre Candida\",\"publisher\":{\"@id\":\"https:\\\/\\\/hijasdejesus.org\\\/pt-br\\\/#organization\"},\"potentialAction\":[{\"@type\":\"SearchAction\",\"target\":{\"@type\":\"EntryPoint\",\"urlTemplate\":\"https:\\\/\\\/hijasdejesus.org\\\/pt-br\\\/?s={search_term_string}\"},\"query-input\":{\"@type\":\"PropertyValueSpecification\",\"valueRequired\":true,\"valueName\":\"search_term_string\"}}],\"inLanguage\":\"pt-BR\"},{\"@type\":\"Organization\",\"@id\":\"https:\\\/\\\/hijasdejesus.org\\\/pt-br\\\/#organization\",\"name\":\"Hijas de Jes\u00fas\",\"url\":\"https:\\\/\\\/hijasdejesus.org\\\/pt-br\\\/\",\"logo\":{\"@type\":\"ImageObject\",\"inLanguage\":\"pt-BR\",\"@id\":\"https:\\\/\\\/hijasdejesus.org\\\/pt-br\\\/#\\\/schema\\\/logo\\\/image\\\/\",\"url\":\"https:\\\/\\\/hijasdejesus.org\\\/wp-content\\\/uploads\\\/2023\\\/01\\\/Hijas-de-Jesus_hor-A7C957.png\",\"contentUrl\":\"https:\\\/\\\/hijasdejesus.org\\\/wp-content\\\/uploads\\\/2023\\\/01\\\/Hijas-de-Jesus_hor-A7C957.png\",\"width\":700,\"height\":360,\"caption\":\"Hijas de Jes\u00fas\"},\"image\":{\"@id\":\"https:\\\/\\\/hijasdejesus.org\\\/pt-br\\\/#\\\/schema\\\/logo\\\/image\\\/\"},\"sameAs\":[\"https:\\\/\\\/www.facebook.com\\\/hijasdejesusenelmundo\\\/\",\"https:\\\/\\\/x.com\\\/hijasdjesus\"]},{\"@type\":\"Person\",\"@id\":\"https:\\\/\\\/hijasdejesus.org\\\/pt-br\\\/#\\\/schema\\\/person\\\/a89333d7c811935bc234f49793356474\",\"name\":\"Beatriz Concejo\",\"image\":{\"@type\":\"ImageObject\",\"inLanguage\":\"pt-BR\",\"@id\":\"https:\\\/\\\/secure.gravatar.com\\\/avatar\\\/3075c01a99ba1b38ab876c1780b5fe86903d79b830670c26b7f45a65200e807a?s=96&d=mm&r=g\",\"url\":\"https:\\\/\\\/secure.gravatar.com\\\/avatar\\\/3075c01a99ba1b38ab876c1780b5fe86903d79b830670c26b7f45a65200e807a?s=96&d=mm&r=g\",\"contentUrl\":\"https:\\\/\\\/secure.gravatar.com\\\/avatar\\\/3075c01a99ba1b38ab876c1780b5fe86903d79b830670c26b7f45a65200e807a?s=96&d=mm&r=g\",\"caption\":\"Beatriz Concejo\"},\"url\":\"https:\\\/\\\/hijasdejesus.org\\\/pt-br\\\/author\\\/bea\\\/\"}]}<\/script>\n<!-- \/ Yoast SEO plugin. -->","yoast_head_json":{"title":"Pacto Mundial para a Educa\u00e7\u00e3o: o som de uma campainha de alarme a alertar para o Kairos - Hijas de Jes\u00fas","robots":{"index":"index","follow":"follow","max-snippet":"max-snippet:-1","max-image-preview":"max-image-preview:large","max-video-preview":"max-video-preview:-1"},"canonical":"https:\/\/hijasdejesus.org\/pt-br\/pacto-mundial-para-a-educacao-o-som-de-uma-campainha-de-alarme-a-alertar-para-o-kairos\/","og_locale":"pt_BR","og_type":"article","og_title":"Pacto Mundial para a Educa\u00e7\u00e3o: o som de uma campainha de alarme a alertar para o Kairos - Hijas de Jes\u00fas","og_description":"O Pacto Educativo, com os seus sete objectivos, fala-nos de algo t\u00e3o elementar, t\u00e3o fundamental e b\u00e1sico para quem educa na perspectiva que a Madre C\u00e2ndida Maria de Jesus tinha. Madre C\u00e2ndida Maria de Jesus que quanto mais se pensa, mais claramente se v\u00ea que \u00e9 um alarme. N\u00e3o \u00e9 por acaso que o Papa [&hellip;]","og_url":"https:\/\/hijasdejesus.org\/pt-br\/pacto-mundial-para-a-educacao-o-som-de-uma-campainha-de-alarme-a-alertar-para-o-kairos\/","og_site_name":"Hijas de Jes\u00fas","article_publisher":"https:\/\/www.facebook.com\/hijasdejesusenelmundo\/","article_published_time":"2023-05-01T18:15:00+00:00","og_image":[{"width":1479,"height":1109,"url":"https:\/\/hijasdejesus.org\/wp-content\/uploads\/2023\/04\/Da-Ren-Taipei-Taiwan-1.jpg","type":"image\/jpeg"}],"author":"Beatriz Concejo","twitter_card":"summary_large_image","twitter_creator":"@hijasdjesus","twitter_site":"@hijasdjesus","twitter_misc":{"Escrito por":"Beatriz Concejo","Est. tempo de leitura":"4 minutos"},"schema":{"@context":"https:\/\/schema.org","@graph":[{"@type":"Article","@id":"https:\/\/hijasdejesus.org\/pt-br\/pacto-mundial-para-a-educacao-o-som-de-uma-campainha-de-alarme-a-alertar-para-o-kairos\/#article","isPartOf":{"@id":"https:\/\/hijasdejesus.org\/pt-br\/pacto-mundial-para-a-educacao-o-som-de-uma-campainha-de-alarme-a-alertar-para-o-kairos\/"},"author":{"name":"Beatriz Concejo","@id":"https:\/\/hijasdejesus.org\/pt-br\/#\/schema\/person\/a89333d7c811935bc234f49793356474"},"headline":"Pacto Mundial para a Educa\u00e7\u00e3o: o som de uma campainha de alarme a alertar para o Kairos","datePublished":"2023-05-01T18:15:00+00:00","mainEntityOfPage":{"@id":"https:\/\/hijasdejesus.org\/pt-br\/pacto-mundial-para-a-educacao-o-som-de-uma-campainha-de-alarme-a-alertar-para-o-kairos\/"},"wordCount":745,"commentCount":0,"publisher":{"@id":"https:\/\/hijasdejesus.org\/pt-br\/#organization"},"image":{"@id":"https:\/\/hijasdejesus.org\/pt-br\/pacto-mundial-para-a-educacao-o-som-de-uma-campainha-de-alarme-a-alertar-para-o-kairos\/#primaryimage"},"thumbnailUrl":"https:\/\/hijasdejesus.org\/wp-content\/uploads\/2023\/04\/Da-Ren-Taipei-Taiwan-1.jpg","keywords":["Pacto Educativo Global"],"articleSection":["Educa\u00e7\u00e3o","Not\u00edcias"],"inLanguage":"pt-BR","potentialAction":[{"@type":"CommentAction","name":"Comment","target":["https:\/\/hijasdejesus.org\/pt-br\/pacto-mundial-para-a-educacao-o-som-de-uma-campainha-de-alarme-a-alertar-para-o-kairos\/#respond"]}]},{"@type":"WebPage","@id":"https:\/\/hijasdejesus.org\/pt-br\/pacto-mundial-para-a-educacao-o-som-de-uma-campainha-de-alarme-a-alertar-para-o-kairos\/","url":"https:\/\/hijasdejesus.org\/pt-br\/pacto-mundial-para-a-educacao-o-som-de-uma-campainha-de-alarme-a-alertar-para-o-kairos\/","name":"Pacto Mundial para a Educa\u00e7\u00e3o: o som de uma campainha de alarme a alertar para o Kairos - Hijas de Jes\u00fas","isPartOf":{"@id":"https:\/\/hijasdejesus.org\/pt-br\/#website"},"primaryImageOfPage":{"@id":"https:\/\/hijasdejesus.org\/pt-br\/pacto-mundial-para-a-educacao-o-som-de-uma-campainha-de-alarme-a-alertar-para-o-kairos\/#primaryimage"},"image":{"@id":"https:\/\/hijasdejesus.org\/pt-br\/pacto-mundial-para-a-educacao-o-som-de-uma-campainha-de-alarme-a-alertar-para-o-kairos\/#primaryimage"},"thumbnailUrl":"https:\/\/hijasdejesus.org\/wp-content\/uploads\/2023\/04\/Da-Ren-Taipei-Taiwan-1.jpg","datePublished":"2023-05-01T18:15:00+00:00","breadcrumb":{"@id":"https:\/\/hijasdejesus.org\/pt-br\/pacto-mundial-para-a-educacao-o-som-de-uma-campainha-de-alarme-a-alertar-para-o-kairos\/#breadcrumb"},"inLanguage":"pt-BR","potentialAction":[{"@type":"ReadAction","target":["https:\/\/hijasdejesus.org\/pt-br\/pacto-mundial-para-a-educacao-o-som-de-uma-campainha-de-alarme-a-alertar-para-o-kairos\/"]}]},{"@type":"ImageObject","inLanguage":"pt-BR","@id":"https:\/\/hijasdejesus.org\/pt-br\/pacto-mundial-para-a-educacao-o-som-de-uma-campainha-de-alarme-a-alertar-para-o-kairos\/#primaryimage","url":"https:\/\/hijasdejesus.org\/wp-content\/uploads\/2023\/04\/Da-Ren-Taipei-Taiwan-1.jpg","contentUrl":"https:\/\/hijasdejesus.org\/wp-content\/uploads\/2023\/04\/Da-Ren-Taipei-Taiwan-1.jpg","width":1479,"height":1109},{"@type":"BreadcrumbList","@id":"https:\/\/hijasdejesus.org\/pt-br\/pacto-mundial-para-a-educacao-o-som-de-uma-campainha-de-alarme-a-alertar-para-o-kairos\/#breadcrumb","itemListElement":[{"@type":"ListItem","position":1,"name":"Portada","item":"https:\/\/hijasdejesus.org\/pt-br\/"},{"@type":"ListItem","position":2,"name":"Pacto Mundial para a Educa\u00e7\u00e3o: o som de uma campainha de alarme a alertar para o Kairos"}]},{"@type":"WebSite","@id":"https:\/\/hijasdejesus.org\/pt-br\/#website","url":"https:\/\/hijasdejesus.org\/pt-br\/","name":"Hijas de Jes\u00fas","description":"Despertamos a Jes\u00fas en el coraz\u00f3n, sacando lo mejor de las personas. Somos una congregaci\u00f3n religiosa ignaciana fundada por la Madre Candida","publisher":{"@id":"https:\/\/hijasdejesus.org\/pt-br\/#organization"},"potentialAction":[{"@type":"SearchAction","target":{"@type":"EntryPoint","urlTemplate":"https:\/\/hijasdejesus.org\/pt-br\/?s={search_term_string}"},"query-input":{"@type":"PropertyValueSpecification","valueRequired":true,"valueName":"search_term_string"}}],"inLanguage":"pt-BR"},{"@type":"Organization","@id":"https:\/\/hijasdejesus.org\/pt-br\/#organization","name":"Hijas de Jes\u00fas","url":"https:\/\/hijasdejesus.org\/pt-br\/","logo":{"@type":"ImageObject","inLanguage":"pt-BR","@id":"https:\/\/hijasdejesus.org\/pt-br\/#\/schema\/logo\/image\/","url":"https:\/\/hijasdejesus.org\/wp-content\/uploads\/2023\/01\/Hijas-de-Jesus_hor-A7C957.png","contentUrl":"https:\/\/hijasdejesus.org\/wp-content\/uploads\/2023\/01\/Hijas-de-Jesus_hor-A7C957.png","width":700,"height":360,"caption":"Hijas de Jes\u00fas"},"image":{"@id":"https:\/\/hijasdejesus.org\/pt-br\/#\/schema\/logo\/image\/"},"sameAs":["https:\/\/www.facebook.com\/hijasdejesusenelmundo\/","https:\/\/x.com\/hijasdjesus"]},{"@type":"Person","@id":"https:\/\/hijasdejesus.org\/pt-br\/#\/schema\/person\/a89333d7c811935bc234f49793356474","name":"Beatriz Concejo","image":{"@type":"ImageObject","inLanguage":"pt-BR","@id":"https:\/\/secure.gravatar.com\/avatar\/3075c01a99ba1b38ab876c1780b5fe86903d79b830670c26b7f45a65200e807a?s=96&d=mm&r=g","url":"https:\/\/secure.gravatar.com\/avatar\/3075c01a99ba1b38ab876c1780b5fe86903d79b830670c26b7f45a65200e807a?s=96&d=mm&r=g","contentUrl":"https:\/\/secure.gravatar.com\/avatar\/3075c01a99ba1b38ab876c1780b5fe86903d79b830670c26b7f45a65200e807a?s=96&d=mm&r=g","caption":"Beatriz Concejo"},"url":"https:\/\/hijasdejesus.org\/pt-br\/author\/bea\/"}]}},"_links":{"self":[{"href":"https:\/\/hijasdejesus.org\/pt-br\/wp-json\/wp\/v2\/posts\/33970","targetHints":{"allow":["GET"]}}],"collection":[{"href":"https:\/\/hijasdejesus.org\/pt-br\/wp-json\/wp\/v2\/posts"}],"about":[{"href":"https:\/\/hijasdejesus.org\/pt-br\/wp-json\/wp\/v2\/types\/post"}],"author":[{"embeddable":true,"href":"https:\/\/hijasdejesus.org\/pt-br\/wp-json\/wp\/v2\/users\/2"}],"replies":[{"embeddable":true,"href":"https:\/\/hijasdejesus.org\/pt-br\/wp-json\/wp\/v2\/comments?post=33970"}],"version-history":[{"count":0,"href":"https:\/\/hijasdejesus.org\/pt-br\/wp-json\/wp\/v2\/posts\/33970\/revisions"}],"wp:featuredmedia":[{"embeddable":true,"href":"https:\/\/hijasdejesus.org\/pt-br\/wp-json\/wp\/v2\/media\/33934"}],"wp:attachment":[{"href":"https:\/\/hijasdejesus.org\/pt-br\/wp-json\/wp\/v2\/media?parent=33970"}],"wp:term":[{"taxonomy":"category","embeddable":true,"href":"https:\/\/hijasdejesus.org\/pt-br\/wp-json\/wp\/v2\/categories?post=33970"},{"taxonomy":"post_tag","embeddable":true,"href":"https:\/\/hijasdejesus.org\/pt-br\/wp-json\/wp\/v2\/tags?post=33970"}],"curies":[{"name":"wp","href":"https:\/\/api.w.org\/{rel}","templated":true}]}}