{"id":34011,"date":"2023-05-08T09:37:09","date_gmt":"2023-05-08T07:37:09","guid":{"rendered":"https:\/\/hijasdejesus.org\/visita-canonica-do-superior-geral-mocambique\/"},"modified":"2023-05-08T09:37:23","modified_gmt":"2023-05-08T07:37:23","slug":"visita-canonica-do-superior-geral-mocambique","status":"publish","type":"post","link":"https:\/\/hijasdejesus.org\/pt-br\/visita-canonica-do-superior-geral-mocambique\/","title":{"rendered":"Visita can\u00f3nica do Superior Geral &#8211; Mo\u00e7ambique"},"content":{"rendered":"\n<p>Domingo, 7 de Maio, <strong>\n  <em>Graciela<\/em>\n<\/strong>Graciela, a nossa Superiora Geral, inicia a sua viagem para fazer a <strong>visita can\u00f3nica \u00e0 comunidade de Mo\u00e7ambique<\/strong>.<\/p>\n\n<p>\u00c9 uma <strong>visita muito esperada, muito esperada<\/strong> por ela e por estas poucas irm\u00e3s que est\u00e3o em \u00c1frica. Nesta ocasi\u00e3o, \u00e9 <strong>acompanhada<\/strong> pela Delegada, <strong>\n  <em>Mar\u00eda de la O Mart\u00ednez<\/em>\n<\/strong>.<\/p>\n\n<p>&#8220;N\u00e3o tenho tempo, n\u00e3o o disse; queria escrever, mas j\u00e1 estou no aeroporto. Diz a toda a gente&#8221;. Uma express\u00e3o como esta, n\u00e3o sei se era exactamente assim, ouvimos Graciela dizer quando estava prestes a entrar na \u00e1rea de embarque.<\/p>\n\n<p>A mim soava-me a despedidas como esta: &#8220;N\u00e3o posso; este est\u00e1 a sair, \u00e9 tarde. Cumprimenta-os a todos. Sabes que a amas muito santamente e que a tua m\u00e3e a aben\u00e7oa, humilde serva em Cristo&#8221;. Ou esta: &#8220;N\u00e3o aguento mais, o comboio est\u00e1 a chegar. Cumprimenta todos e as Irm\u00e3s, e tu sabes que a amas muito e que a tua pobre m\u00e3e te aben\u00e7oa&#8230;&#8221;. E outros: &#8220;Estou a acabar, porque o comboio est\u00e1 a chegar. Cumprimenta&#8230;&#8221; &#8220;O comboio vai partir. Adeus&#8221; &#8220;O comboio est\u00e1 a chegar. Cumprimenta toda a gente, e sabes que a amas muito&#8230;&#8221;. Da carta 76, da carta 82, da carta 96 e de tantas outras da  <strong>C\u00e1ndida M\u00aa de Jes\u00fas, nossa fundadora.<\/strong><\/p>\n\n<p><strong>Boa viagem, Maria e Graciela!  <\/strong>Aos que est\u00e3o em Mo\u00e7ambique, enviamos o nosso abra\u00e7o. Rezamos por aqueles que partem e pelas irm\u00e3s que vos esperam com tanto afecto e entusiasmo.<strong>  Rezamos por uma visita muito especial, por um encontro em que todos desejamos estar e somos, de alguma forma.<\/strong><\/p>\n\n<p>E, entretanto, deixamos ressoar esta mensagem r\u00e1pida &#8211; como um comboio, que n\u00e3o espera -, essencial, que permanece no tempo como um eco:<strong> &#8220;tu sabes que o queres muito santo e os aben\u00e7oas&#8230;&#8221; <\/strong>. E a mensagem n\u00e3o \u00e9 como o comboio, a mensagem n\u00e3o passa.<\/p>\n\n<p><strong><em>Maria Teresa Pinto FI<\/em><\/strong><\/p>\n","protected":false},"excerpt":{"rendered":"<p>Domingo, 7 de Maio, Graciela Graciela, a nossa Superiora Geral, inicia a sua viagem para fazer a visita can\u00f3nica \u00e0 comunidade de Mo\u00e7ambique. \u00c9 uma visita muito esperada, muito esperada por ela e por estas poucas irm\u00e3s que est\u00e3o em \u00c1frica. Nesta ocasi\u00e3o, \u00e9 acompanhada pela Delegada, Mar\u00eda de la O Mart\u00ednez . &#8220;N\u00e3o tenho [&hellip;]<\/p>\n","protected":false},"author":2,"featured_media":34005,"comment_status":"open","ping_status":"open","sticky":false,"template":"","format":"standard","meta":{"_et_pb_use_builder":"off","_et_pb_old_content":"","_et_gb_content_width":"","footnotes":"","_links_to":"","_links_to_target":""},"categories":[527,541,469],"tags":[714],"class_list":["post-34011","post","type-post","status-publish","format-standard","has-post-thumbnail","hentry","category-governo_geral","category-mocambique","category-noticias-pt-br","tag-sin-categorizar-pt-br"],"yoast_head":"<!-- This site is optimized with the Yoast SEO plugin v27.5 - https:\/\/yoast.com\/product\/yoast-seo-wordpress\/ -->\n<title>Visita can\u00f3nica do Superior Geral - Mo\u00e7ambique - Hijas de Jes\u00fas<\/title>\n<meta name=\"robots\" content=\"index, follow, max-snippet:-1, max-image-preview:large, max-video-preview:-1\" \/>\n<link rel=\"canonical\" href=\"https:\/\/hijasdejesus.org\/pt-br\/visita-canonica-do-superior-geral-mocambique\/\" \/>\n<meta property=\"og:locale\" content=\"pt_BR\" \/>\n<meta property=\"og:type\" content=\"article\" \/>\n<meta property=\"og:title\" content=\"Visita can\u00f3nica do Superior Geral - Mo\u00e7ambique - Hijas de Jes\u00fas\" \/>\n<meta property=\"og:description\" content=\"Domingo, 7 de Maio, Graciela Graciela, a nossa Superiora Geral, inicia a sua viagem para fazer a visita can\u00f3nica \u00e0 comunidade de Mo\u00e7ambique. \u00c9 uma visita muito esperada, muito esperada por ela e por estas poucas irm\u00e3s que est\u00e3o em \u00c1frica. Nesta ocasi\u00e3o, \u00e9 acompanhada pela Delegada, Mar\u00eda de la O Mart\u00ednez . &#8220;N\u00e3o tenho [&hellip;]\" \/>\n<meta property=\"og:url\" content=\"https:\/\/hijasdejesus.org\/pt-br\/visita-canonica-do-superior-geral-mocambique\/\" \/>\n<meta property=\"og:site_name\" content=\"Hijas de Jes\u00fas\" \/>\n<meta property=\"article:publisher\" content=\"https:\/\/www.facebook.com\/hijasdejesusenelmundo\/\" \/>\n<meta property=\"article:published_time\" content=\"2023-05-08T07:37:09+00:00\" \/>\n<meta property=\"article:modified_time\" content=\"2023-05-08T07:37:23+00:00\" \/>\n<meta property=\"og:image\" content=\"https:\/\/hijasdejesus.org\/wp-content\/uploads\/2023\/05\/20230507_095447-scaled.jpg\" \/>\n\t<meta property=\"og:image:width\" content=\"2560\" \/>\n\t<meta property=\"og:image:height\" content=\"1441\" \/>\n\t<meta property=\"og:image:type\" content=\"image\/jpeg\" \/>\n<meta name=\"author\" content=\"Beatriz Concejo\" \/>\n<meta name=\"twitter:card\" content=\"summary_large_image\" \/>\n<meta name=\"twitter:creator\" content=\"@hijasdjesus\" \/>\n<meta name=\"twitter:site\" content=\"@hijasdjesus\" \/>\n<meta name=\"twitter:label1\" content=\"Escrito por\" \/>\n\t<meta name=\"twitter:data1\" content=\"Beatriz Concejo\" \/>\n\t<meta name=\"twitter:label2\" content=\"Est. tempo de leitura\" \/>\n\t<meta name=\"twitter:data2\" content=\"2 minutos\" \/>\n<script type=\"application\/ld+json\" class=\"yoast-schema-graph\">{\"@context\":\"https:\\\/\\\/schema.org\",\"@graph\":[{\"@type\":\"Article\",\"@id\":\"https:\\\/\\\/hijasdejesus.org\\\/pt-br\\\/visita-canonica-do-superior-geral-mocambique\\\/#article\",\"isPartOf\":{\"@id\":\"https:\\\/\\\/hijasdejesus.org\\\/pt-br\\\/visita-canonica-do-superior-geral-mocambique\\\/\"},\"author\":{\"name\":\"Beatriz Concejo\",\"@id\":\"https:\\\/\\\/hijasdejesus.org\\\/pt-br\\\/#\\\/schema\\\/person\\\/a89333d7c811935bc234f49793356474\"},\"headline\":\"Visita can\u00f3nica do Superior Geral &#8211; Mo\u00e7ambique\",\"datePublished\":\"2023-05-08T07:37:09+00:00\",\"dateModified\":\"2023-05-08T07:37:23+00:00\",\"mainEntityOfPage\":{\"@id\":\"https:\\\/\\\/hijasdejesus.org\\\/pt-br\\\/visita-canonica-do-superior-geral-mocambique\\\/\"},\"wordCount\":336,\"commentCount\":0,\"publisher\":{\"@id\":\"https:\\\/\\\/hijasdejesus.org\\\/pt-br\\\/#organization\"},\"image\":{\"@id\":\"https:\\\/\\\/hijasdejesus.org\\\/pt-br\\\/visita-canonica-do-superior-geral-mocambique\\\/#primaryimage\"},\"thumbnailUrl\":\"https:\\\/\\\/hijasdejesus.org\\\/wp-content\\\/uploads\\\/2023\\\/05\\\/20230507_095447-scaled.jpg\",\"keywords\":[\"Sin categorizar\"],\"articleSection\":[\"Governo geral\",\"Mo\u00e7ambique\",\"Not\u00edcias\"],\"inLanguage\":\"pt-BR\",\"potentialAction\":[{\"@type\":\"CommentAction\",\"name\":\"Comment\",\"target\":[\"https:\\\/\\\/hijasdejesus.org\\\/pt-br\\\/visita-canonica-do-superior-geral-mocambique\\\/#respond\"]}]},{\"@type\":\"WebPage\",\"@id\":\"https:\\\/\\\/hijasdejesus.org\\\/pt-br\\\/visita-canonica-do-superior-geral-mocambique\\\/\",\"url\":\"https:\\\/\\\/hijasdejesus.org\\\/pt-br\\\/visita-canonica-do-superior-geral-mocambique\\\/\",\"name\":\"Visita can\u00f3nica do Superior Geral - Mo\u00e7ambique - Hijas de Jes\u00fas\",\"isPartOf\":{\"@id\":\"https:\\\/\\\/hijasdejesus.org\\\/pt-br\\\/#website\"},\"primaryImageOfPage\":{\"@id\":\"https:\\\/\\\/hijasdejesus.org\\\/pt-br\\\/visita-canonica-do-superior-geral-mocambique\\\/#primaryimage\"},\"image\":{\"@id\":\"https:\\\/\\\/hijasdejesus.org\\\/pt-br\\\/visita-canonica-do-superior-geral-mocambique\\\/#primaryimage\"},\"thumbnailUrl\":\"https:\\\/\\\/hijasdejesus.org\\\/wp-content\\\/uploads\\\/2023\\\/05\\\/20230507_095447-scaled.jpg\",\"datePublished\":\"2023-05-08T07:37:09+00:00\",\"dateModified\":\"2023-05-08T07:37:23+00:00\",\"breadcrumb\":{\"@id\":\"https:\\\/\\\/hijasdejesus.org\\\/pt-br\\\/visita-canonica-do-superior-geral-mocambique\\\/#breadcrumb\"},\"inLanguage\":\"pt-BR\",\"potentialAction\":[{\"@type\":\"ReadAction\",\"target\":[\"https:\\\/\\\/hijasdejesus.org\\\/pt-br\\\/visita-canonica-do-superior-geral-mocambique\\\/\"]}]},{\"@type\":\"ImageObject\",\"inLanguage\":\"pt-BR\",\"@id\":\"https:\\\/\\\/hijasdejesus.org\\\/pt-br\\\/visita-canonica-do-superior-geral-mocambique\\\/#primaryimage\",\"url\":\"https:\\\/\\\/hijasdejesus.org\\\/wp-content\\\/uploads\\\/2023\\\/05\\\/20230507_095447-scaled.jpg\",\"contentUrl\":\"https:\\\/\\\/hijasdejesus.org\\\/wp-content\\\/uploads\\\/2023\\\/05\\\/20230507_095447-scaled.jpg\",\"width\":2560,\"height\":1441},{\"@type\":\"BreadcrumbList\",\"@id\":\"https:\\\/\\\/hijasdejesus.org\\\/pt-br\\\/visita-canonica-do-superior-geral-mocambique\\\/#breadcrumb\",\"itemListElement\":[{\"@type\":\"ListItem\",\"position\":1,\"name\":\"Portada\",\"item\":\"https:\\\/\\\/hijasdejesus.org\\\/pt-br\\\/\"},{\"@type\":\"ListItem\",\"position\":2,\"name\":\"Visita can\u00f3nica do Superior Geral &#8211; Mo\u00e7ambique\"}]},{\"@type\":\"WebSite\",\"@id\":\"https:\\\/\\\/hijasdejesus.org\\\/pt-br\\\/#website\",\"url\":\"https:\\\/\\\/hijasdejesus.org\\\/pt-br\\\/\",\"name\":\"Hijas de Jes\u00fas\",\"description\":\"Despertamos a Jes\u00fas en el coraz\u00f3n, sacando lo mejor de las personas. Somos una congregaci\u00f3n religiosa ignaciana fundada por la Madre Candida\",\"publisher\":{\"@id\":\"https:\\\/\\\/hijasdejesus.org\\\/pt-br\\\/#organization\"},\"potentialAction\":[{\"@type\":\"SearchAction\",\"target\":{\"@type\":\"EntryPoint\",\"urlTemplate\":\"https:\\\/\\\/hijasdejesus.org\\\/pt-br\\\/?s={search_term_string}\"},\"query-input\":{\"@type\":\"PropertyValueSpecification\",\"valueRequired\":true,\"valueName\":\"search_term_string\"}}],\"inLanguage\":\"pt-BR\"},{\"@type\":\"Organization\",\"@id\":\"https:\\\/\\\/hijasdejesus.org\\\/pt-br\\\/#organization\",\"name\":\"Hijas de Jes\u00fas\",\"url\":\"https:\\\/\\\/hijasdejesus.org\\\/pt-br\\\/\",\"logo\":{\"@type\":\"ImageObject\",\"inLanguage\":\"pt-BR\",\"@id\":\"https:\\\/\\\/hijasdejesus.org\\\/pt-br\\\/#\\\/schema\\\/logo\\\/image\\\/\",\"url\":\"https:\\\/\\\/hijasdejesus.org\\\/wp-content\\\/uploads\\\/2023\\\/01\\\/Hijas-de-Jesus_hor-A7C957.png\",\"contentUrl\":\"https:\\\/\\\/hijasdejesus.org\\\/wp-content\\\/uploads\\\/2023\\\/01\\\/Hijas-de-Jesus_hor-A7C957.png\",\"width\":700,\"height\":360,\"caption\":\"Hijas de Jes\u00fas\"},\"image\":{\"@id\":\"https:\\\/\\\/hijasdejesus.org\\\/pt-br\\\/#\\\/schema\\\/logo\\\/image\\\/\"},\"sameAs\":[\"https:\\\/\\\/www.facebook.com\\\/hijasdejesusenelmundo\\\/\",\"https:\\\/\\\/x.com\\\/hijasdjesus\"]},{\"@type\":\"Person\",\"@id\":\"https:\\\/\\\/hijasdejesus.org\\\/pt-br\\\/#\\\/schema\\\/person\\\/a89333d7c811935bc234f49793356474\",\"name\":\"Beatriz Concejo\",\"image\":{\"@type\":\"ImageObject\",\"inLanguage\":\"pt-BR\",\"@id\":\"https:\\\/\\\/secure.gravatar.com\\\/avatar\\\/3075c01a99ba1b38ab876c1780b5fe86903d79b830670c26b7f45a65200e807a?s=96&d=mm&r=g\",\"url\":\"https:\\\/\\\/secure.gravatar.com\\\/avatar\\\/3075c01a99ba1b38ab876c1780b5fe86903d79b830670c26b7f45a65200e807a?s=96&d=mm&r=g\",\"contentUrl\":\"https:\\\/\\\/secure.gravatar.com\\\/avatar\\\/3075c01a99ba1b38ab876c1780b5fe86903d79b830670c26b7f45a65200e807a?s=96&d=mm&r=g\",\"caption\":\"Beatriz Concejo\"},\"url\":\"https:\\\/\\\/hijasdejesus.org\\\/pt-br\\\/author\\\/bea\\\/\"}]}<\/script>\n<!-- \/ Yoast SEO plugin. -->","yoast_head_json":{"title":"Visita can\u00f3nica do Superior Geral - Mo\u00e7ambique - Hijas de Jes\u00fas","robots":{"index":"index","follow":"follow","max-snippet":"max-snippet:-1","max-image-preview":"max-image-preview:large","max-video-preview":"max-video-preview:-1"},"canonical":"https:\/\/hijasdejesus.org\/pt-br\/visita-canonica-do-superior-geral-mocambique\/","og_locale":"pt_BR","og_type":"article","og_title":"Visita can\u00f3nica do Superior Geral - Mo\u00e7ambique - Hijas de Jes\u00fas","og_description":"Domingo, 7 de Maio, Graciela Graciela, a nossa Superiora Geral, inicia a sua viagem para fazer a visita can\u00f3nica \u00e0 comunidade de Mo\u00e7ambique. \u00c9 uma visita muito esperada, muito esperada por ela e por estas poucas irm\u00e3s que est\u00e3o em \u00c1frica. Nesta ocasi\u00e3o, \u00e9 acompanhada pela Delegada, Mar\u00eda de la O Mart\u00ednez . &#8220;N\u00e3o tenho [&hellip;]","og_url":"https:\/\/hijasdejesus.org\/pt-br\/visita-canonica-do-superior-geral-mocambique\/","og_site_name":"Hijas de Jes\u00fas","article_publisher":"https:\/\/www.facebook.com\/hijasdejesusenelmundo\/","article_published_time":"2023-05-08T07:37:09+00:00","article_modified_time":"2023-05-08T07:37:23+00:00","og_image":[{"width":2560,"height":1441,"url":"https:\/\/hijasdejesus.org\/wp-content\/uploads\/2023\/05\/20230507_095447-scaled.jpg","type":"image\/jpeg"}],"author":"Beatriz Concejo","twitter_card":"summary_large_image","twitter_creator":"@hijasdjesus","twitter_site":"@hijasdjesus","twitter_misc":{"Escrito por":"Beatriz Concejo","Est. tempo de leitura":"2 minutos"},"schema":{"@context":"https:\/\/schema.org","@graph":[{"@type":"Article","@id":"https:\/\/hijasdejesus.org\/pt-br\/visita-canonica-do-superior-geral-mocambique\/#article","isPartOf":{"@id":"https:\/\/hijasdejesus.org\/pt-br\/visita-canonica-do-superior-geral-mocambique\/"},"author":{"name":"Beatriz Concejo","@id":"https:\/\/hijasdejesus.org\/pt-br\/#\/schema\/person\/a89333d7c811935bc234f49793356474"},"headline":"Visita can\u00f3nica do Superior Geral &#8211; Mo\u00e7ambique","datePublished":"2023-05-08T07:37:09+00:00","dateModified":"2023-05-08T07:37:23+00:00","mainEntityOfPage":{"@id":"https:\/\/hijasdejesus.org\/pt-br\/visita-canonica-do-superior-geral-mocambique\/"},"wordCount":336,"commentCount":0,"publisher":{"@id":"https:\/\/hijasdejesus.org\/pt-br\/#organization"},"image":{"@id":"https:\/\/hijasdejesus.org\/pt-br\/visita-canonica-do-superior-geral-mocambique\/#primaryimage"},"thumbnailUrl":"https:\/\/hijasdejesus.org\/wp-content\/uploads\/2023\/05\/20230507_095447-scaled.jpg","keywords":["Sin categorizar"],"articleSection":["Governo geral","Mo\u00e7ambique","Not\u00edcias"],"inLanguage":"pt-BR","potentialAction":[{"@type":"CommentAction","name":"Comment","target":["https:\/\/hijasdejesus.org\/pt-br\/visita-canonica-do-superior-geral-mocambique\/#respond"]}]},{"@type":"WebPage","@id":"https:\/\/hijasdejesus.org\/pt-br\/visita-canonica-do-superior-geral-mocambique\/","url":"https:\/\/hijasdejesus.org\/pt-br\/visita-canonica-do-superior-geral-mocambique\/","name":"Visita can\u00f3nica do Superior Geral - Mo\u00e7ambique - Hijas de Jes\u00fas","isPartOf":{"@id":"https:\/\/hijasdejesus.org\/pt-br\/#website"},"primaryImageOfPage":{"@id":"https:\/\/hijasdejesus.org\/pt-br\/visita-canonica-do-superior-geral-mocambique\/#primaryimage"},"image":{"@id":"https:\/\/hijasdejesus.org\/pt-br\/visita-canonica-do-superior-geral-mocambique\/#primaryimage"},"thumbnailUrl":"https:\/\/hijasdejesus.org\/wp-content\/uploads\/2023\/05\/20230507_095447-scaled.jpg","datePublished":"2023-05-08T07:37:09+00:00","dateModified":"2023-05-08T07:37:23+00:00","breadcrumb":{"@id":"https:\/\/hijasdejesus.org\/pt-br\/visita-canonica-do-superior-geral-mocambique\/#breadcrumb"},"inLanguage":"pt-BR","potentialAction":[{"@type":"ReadAction","target":["https:\/\/hijasdejesus.org\/pt-br\/visita-canonica-do-superior-geral-mocambique\/"]}]},{"@type":"ImageObject","inLanguage":"pt-BR","@id":"https:\/\/hijasdejesus.org\/pt-br\/visita-canonica-do-superior-geral-mocambique\/#primaryimage","url":"https:\/\/hijasdejesus.org\/wp-content\/uploads\/2023\/05\/20230507_095447-scaled.jpg","contentUrl":"https:\/\/hijasdejesus.org\/wp-content\/uploads\/2023\/05\/20230507_095447-scaled.jpg","width":2560,"height":1441},{"@type":"BreadcrumbList","@id":"https:\/\/hijasdejesus.org\/pt-br\/visita-canonica-do-superior-geral-mocambique\/#breadcrumb","itemListElement":[{"@type":"ListItem","position":1,"name":"Portada","item":"https:\/\/hijasdejesus.org\/pt-br\/"},{"@type":"ListItem","position":2,"name":"Visita can\u00f3nica do Superior Geral &#8211; Mo\u00e7ambique"}]},{"@type":"WebSite","@id":"https:\/\/hijasdejesus.org\/pt-br\/#website","url":"https:\/\/hijasdejesus.org\/pt-br\/","name":"Hijas de Jes\u00fas","description":"Despertamos a Jes\u00fas en el coraz\u00f3n, sacando lo mejor de las personas. Somos una congregaci\u00f3n religiosa ignaciana fundada por la Madre Candida","publisher":{"@id":"https:\/\/hijasdejesus.org\/pt-br\/#organization"},"potentialAction":[{"@type":"SearchAction","target":{"@type":"EntryPoint","urlTemplate":"https:\/\/hijasdejesus.org\/pt-br\/?s={search_term_string}"},"query-input":{"@type":"PropertyValueSpecification","valueRequired":true,"valueName":"search_term_string"}}],"inLanguage":"pt-BR"},{"@type":"Organization","@id":"https:\/\/hijasdejesus.org\/pt-br\/#organization","name":"Hijas de Jes\u00fas","url":"https:\/\/hijasdejesus.org\/pt-br\/","logo":{"@type":"ImageObject","inLanguage":"pt-BR","@id":"https:\/\/hijasdejesus.org\/pt-br\/#\/schema\/logo\/image\/","url":"https:\/\/hijasdejesus.org\/wp-content\/uploads\/2023\/01\/Hijas-de-Jesus_hor-A7C957.png","contentUrl":"https:\/\/hijasdejesus.org\/wp-content\/uploads\/2023\/01\/Hijas-de-Jesus_hor-A7C957.png","width":700,"height":360,"caption":"Hijas de Jes\u00fas"},"image":{"@id":"https:\/\/hijasdejesus.org\/pt-br\/#\/schema\/logo\/image\/"},"sameAs":["https:\/\/www.facebook.com\/hijasdejesusenelmundo\/","https:\/\/x.com\/hijasdjesus"]},{"@type":"Person","@id":"https:\/\/hijasdejesus.org\/pt-br\/#\/schema\/person\/a89333d7c811935bc234f49793356474","name":"Beatriz Concejo","image":{"@type":"ImageObject","inLanguage":"pt-BR","@id":"https:\/\/secure.gravatar.com\/avatar\/3075c01a99ba1b38ab876c1780b5fe86903d79b830670c26b7f45a65200e807a?s=96&d=mm&r=g","url":"https:\/\/secure.gravatar.com\/avatar\/3075c01a99ba1b38ab876c1780b5fe86903d79b830670c26b7f45a65200e807a?s=96&d=mm&r=g","contentUrl":"https:\/\/secure.gravatar.com\/avatar\/3075c01a99ba1b38ab876c1780b5fe86903d79b830670c26b7f45a65200e807a?s=96&d=mm&r=g","caption":"Beatriz Concejo"},"url":"https:\/\/hijasdejesus.org\/pt-br\/author\/bea\/"}]}},"_links":{"self":[{"href":"https:\/\/hijasdejesus.org\/pt-br\/wp-json\/wp\/v2\/posts\/34011","targetHints":{"allow":["GET"]}}],"collection":[{"href":"https:\/\/hijasdejesus.org\/pt-br\/wp-json\/wp\/v2\/posts"}],"about":[{"href":"https:\/\/hijasdejesus.org\/pt-br\/wp-json\/wp\/v2\/types\/post"}],"author":[{"embeddable":true,"href":"https:\/\/hijasdejesus.org\/pt-br\/wp-json\/wp\/v2\/users\/2"}],"replies":[{"embeddable":true,"href":"https:\/\/hijasdejesus.org\/pt-br\/wp-json\/wp\/v2\/comments?post=34011"}],"version-history":[{"count":1,"href":"https:\/\/hijasdejesus.org\/pt-br\/wp-json\/wp\/v2\/posts\/34011\/revisions"}],"predecessor-version":[{"id":34012,"href":"https:\/\/hijasdejesus.org\/pt-br\/wp-json\/wp\/v2\/posts\/34011\/revisions\/34012"}],"wp:featuredmedia":[{"embeddable":true,"href":"https:\/\/hijasdejesus.org\/pt-br\/wp-json\/wp\/v2\/media\/34005"}],"wp:attachment":[{"href":"https:\/\/hijasdejesus.org\/pt-br\/wp-json\/wp\/v2\/media?parent=34011"}],"wp:term":[{"taxonomy":"category","embeddable":true,"href":"https:\/\/hijasdejesus.org\/pt-br\/wp-json\/wp\/v2\/categories?post=34011"},{"taxonomy":"post_tag","embeddable":true,"href":"https:\/\/hijasdejesus.org\/pt-br\/wp-json\/wp\/v2\/tags?post=34011"}],"curies":[{"name":"wp","href":"https:\/\/api.w.org\/{rel}","templated":true}]}}