{"id":34900,"date":"2023-07-05T11:01:18","date_gmt":"2023-07-05T09:01:18","guid":{"rendered":"https:\/\/hijasdejesus.org\/o-trabalho-nao-e-vosso-e-de-deus\/"},"modified":"2023-07-05T11:01:51","modified_gmt":"2023-07-05T09:01:51","slug":"o-trabalho-nao-e-vosso-e-de-deus","status":"publish","type":"post","link":"https:\/\/hijasdejesus.org\/pt-br\/o-trabalho-nao-e-vosso-e-de-deus\/","title":{"rendered":"O trabalho n\u00e3o \u00e9 vosso, \u00e9 de Deus"},"content":{"rendered":"\n<p>Relendo algumas p\u00e1ginas do livro da Filha de Jesus <strong>\n  <em>Beatriz Macarro<\/em>\n<\/strong>Miguel San Jos\u00e9 Herranz e a Congrega\u00e7\u00e3o das Filhas de Jesus&#8221;, pode surgir a pergunta: Deixamos <strong>que Deus se apodere do nosso cora\u00e7\u00e3o para que possamos realizar os projectos que Ele tem em mente<\/strong> (p. 19) <strong>?<\/strong> <\/p>\n\n<p>Hoje, no dia em que recordamos com gratid\u00e3o o nascimento do Padre Herranz, transcrevemos o relato de Beatriz sobre os<strong> primeiros encontros entre a futura fundadora e o jesu\u00edta<\/strong>. Estavam em Valladolid, onde Juana Josefa servia numa casa e ele vivia com os irm\u00e3os, por causa da expuls\u00e3o da Companhia de Jesus da Pen\u00ednsula.<\/p>\n\n<blockquote class=\"wp-block-quote is-layout-flow wp-block-quote-is-layout-flow\">\n<p>A Eucaristia termina e o Padre vai para o confession\u00e1rio. A jovem aproxima-se dele. Come\u00e7a a primeira manifesta\u00e7\u00e3o da sua consci\u00eancia. Desde o primeiro momento, o Pai sente algo de especial ao ouvi-la&#8230; Quando lhe perguntaram se tinha uma voca\u00e7\u00e3o religiosa, respondeu afirmativamente. Acrescenta depois, com toda a simplicidade, que \u00e9 de origem humilde e que n\u00e3o sabe ler nem escrever.<\/p>\n\n\n\n<div style=\"height:30px\" aria-hidden=\"true\" class=\"wp-block-spacer\"><\/div>\n\n\n\n<p>A este primeiro encontro seguir-se-\u00e3o outros no mesmo local e pelas mesmas raz\u00f5es: expor os seus sentimentos.<\/p>\n\n\n\n<div style=\"height:30px\" aria-hidden=\"true\" class=\"wp-block-spacer\"><\/div>\n\n\n\n<p>Ao entrar no esp\u00edrito desta mulher simples, o P. Herranz apercebeu-se da grande riqueza interior escondida no seu cora\u00e7\u00e3o. Em cada entrevista, ele sa\u00eda com uma certeza maior de que era o instrumento humilde que o Senhor tinha colocado no seu caminho para que aquilo que ele vinha amadurecendo h\u00e1 algum tempo se tornasse realidade.<\/p>\n\n\n\n<div style=\"height:30px\" aria-hidden=\"true\" class=\"wp-block-spacer\"><\/div>\n\n\n\n<p>Sentiu-se compreendida e encorajada, apesar da sua pobreza. Cada vez que sa\u00eda da reuni\u00e3o com o Padre Herranz, sentia que o horizonte se estava a desanuviar e a sua confian\u00e7a aumentava na concretiza\u00e7\u00e3o de tudo. Estava nas m\u00e3os de Deus.<\/p>\n\n\n\n<div style=\"height:30px\" aria-hidden=\"true\" class=\"wp-block-spacer\"><\/div>\n\n\n\n<p>A compreens\u00e3o m\u00fatua dos seus sentimentos sobre a funda\u00e7\u00e3o de um Instituto dedicado \u00e0 educa\u00e7\u00e3o crist\u00e3 das crian\u00e7as e dos jovens era total. A situa\u00e7\u00e3o chegou a tal ponto que n\u00e3o era f\u00e1cil distinguir a qual dos dois pertencia a ideia. A pr\u00f3pria M. C\u00e2ndida respondia sempre: &#8220;Nem minha nem dela, exclusivamente, mas de ambas e ao mesmo tempo&#8221;.<\/p>\n<cite>Beatriz Macarro, FI &#8211; &#8220;O P. Miguel San Jos\u00e9 Herranz e a Congrega\u00e7\u00e3o das Filhas de Jesus&#8221; pp. 23-24  <\/cite><\/blockquote>\n\n<p>Convidamo-lo a deixar-se <strong>convidar por esta hist\u00f3ria<\/strong>: a quem exp\u00f5e os seus sentimentos? A que \u00e9 que se sente chamado? Quem acompanha o caminho da sua f\u00e9?<\/p>\n\n<p>Esperamos que a mem\u00f3ria e a gratid\u00e3o ao Padre Herranz, \u00e0s nossas origens, <strong>iluminem o nosso hoje e nos d\u00eaem as chaves <\/strong>para continuarmos a ser o que Deus quer que sejamos. Gostaria de as partilhar?<\/p>\n\n<p><strong>Feliz Dia do Pai Herranz!<\/strong><\/p>\n","protected":false},"excerpt":{"rendered":"<p>Relendo algumas p\u00e1ginas do livro da Filha de Jesus Beatriz Macarro Miguel San Jos\u00e9 Herranz e a Congrega\u00e7\u00e3o das Filhas de Jesus&#8221;, pode surgir a pergunta: Deixamos que Deus se apodere do nosso cora\u00e7\u00e3o para que possamos realizar os projectos que Ele tem em mente (p. 19) ? Hoje, no dia em que recordamos com [&hellip;]<\/p>\n","protected":false},"author":7,"featured_media":34895,"comment_status":"open","ping_status":"open","sticky":false,"template":"","format":"standard","meta":{"_et_pb_use_builder":"off","_et_pb_old_content":"","_et_gb_content_width":"","footnotes":"","_links_to":"","_links_to_target":""},"categories":[786,529,469],"tags":[916],"class_list":["post-34900","post","type-post","status-publish","format-standard","has-post-thumbnail","hentry","category-familia-carismatica-pt-br","category-hijas-de-jesus-pt-br","category-noticias-pt-br","tag-p-herranz-pt-br"],"yoast_head":"<!-- This site is optimized with the Yoast SEO plugin v27.4 - https:\/\/yoast.com\/product\/yoast-seo-wordpress\/ -->\n<title>O trabalho n\u00e3o \u00e9 vosso, \u00e9 de Deus - Hijas de Jes\u00fas<\/title>\n<meta name=\"robots\" content=\"index, follow, max-snippet:-1, max-image-preview:large, max-video-preview:-1\" \/>\n<link rel=\"canonical\" href=\"https:\/\/hijasdejesus.org\/pt-br\/o-trabalho-nao-e-vosso-e-de-deus\/\" \/>\n<meta property=\"og:locale\" content=\"pt_BR\" \/>\n<meta property=\"og:type\" content=\"article\" \/>\n<meta property=\"og:title\" content=\"O trabalho n\u00e3o \u00e9 vosso, \u00e9 de Deus - Hijas de Jes\u00fas\" \/>\n<meta property=\"og:description\" content=\"Relendo algumas p\u00e1ginas do livro da Filha de Jesus Beatriz Macarro Miguel San Jos\u00e9 Herranz e a Congrega\u00e7\u00e3o das Filhas de Jesus&#8221;, pode surgir a pergunta: Deixamos que Deus se apodere do nosso cora\u00e7\u00e3o para que possamos realizar os projectos que Ele tem em mente (p. 19) ? Hoje, no dia em que recordamos com [&hellip;]\" \/>\n<meta property=\"og:url\" content=\"https:\/\/hijasdejesus.org\/pt-br\/o-trabalho-nao-e-vosso-e-de-deus\/\" \/>\n<meta property=\"og:site_name\" content=\"Hijas de Jes\u00fas\" \/>\n<meta property=\"article:publisher\" content=\"https:\/\/www.facebook.com\/hijasdejesusenelmundo\/\" \/>\n<meta property=\"article:published_time\" content=\"2023-07-05T09:01:18+00:00\" \/>\n<meta property=\"article:modified_time\" content=\"2023-07-05T09:01:51+00:00\" \/>\n<meta property=\"og:image\" content=\"https:\/\/hijasdejesus.org\/wp-content\/uploads\/2023\/07\/Portada-web-9.png\" \/>\n\t<meta property=\"og:image:width\" content=\"1024\" \/>\n\t<meta property=\"og:image:height\" content=\"576\" \/>\n\t<meta property=\"og:image:type\" content=\"image\/png\" \/>\n<meta name=\"author\" content=\"Maria Jose\" \/>\n<meta name=\"twitter:card\" content=\"summary_large_image\" \/>\n<meta name=\"twitter:creator\" content=\"@hijasdjesus\" \/>\n<meta name=\"twitter:site\" content=\"@hijasdjesus\" \/>\n<meta name=\"twitter:label1\" content=\"Escrito por\" \/>\n\t<meta name=\"twitter:data1\" content=\"Maria Jose\" \/>\n\t<meta name=\"twitter:label2\" content=\"Est. tempo de leitura\" \/>\n\t<meta name=\"twitter:data2\" content=\"2 minutos\" \/>\n<script type=\"application\/ld+json\" class=\"yoast-schema-graph\">{\"@context\":\"https:\\\/\\\/schema.org\",\"@graph\":[{\"@type\":\"Article\",\"@id\":\"https:\\\/\\\/hijasdejesus.org\\\/pt-br\\\/o-trabalho-nao-e-vosso-e-de-deus\\\/#article\",\"isPartOf\":{\"@id\":\"https:\\\/\\\/hijasdejesus.org\\\/pt-br\\\/o-trabalho-nao-e-vosso-e-de-deus\\\/\"},\"author\":{\"name\":\"Maria Jose\",\"@id\":\"https:\\\/\\\/hijasdejesus.org\\\/pt-br\\\/#\\\/schema\\\/person\\\/fe794e79d9d612a993451d2d887ad731\"},\"headline\":\"O trabalho n\u00e3o \u00e9 vosso, \u00e9 de Deus\",\"datePublished\":\"2023-07-05T09:01:18+00:00\",\"dateModified\":\"2023-07-05T09:01:51+00:00\",\"mainEntityOfPage\":{\"@id\":\"https:\\\/\\\/hijasdejesus.org\\\/pt-br\\\/o-trabalho-nao-e-vosso-e-de-deus\\\/\"},\"wordCount\":463,\"commentCount\":0,\"publisher\":{\"@id\":\"https:\\\/\\\/hijasdejesus.org\\\/pt-br\\\/#organization\"},\"image\":{\"@id\":\"https:\\\/\\\/hijasdejesus.org\\\/pt-br\\\/o-trabalho-nao-e-vosso-e-de-deus\\\/#primaryimage\"},\"thumbnailUrl\":\"https:\\\/\\\/hijasdejesus.org\\\/wp-content\\\/uploads\\\/2023\\\/07\\\/Portada-web-9.png\",\"keywords\":[\"P. Herranz\"],\"articleSection\":[\"Fam\u00edlia Carism\u00e1tica\",\"Hijas de Jes\u00fas\",\"Not\u00edcias\"],\"inLanguage\":\"pt-BR\",\"potentialAction\":[{\"@type\":\"CommentAction\",\"name\":\"Comment\",\"target\":[\"https:\\\/\\\/hijasdejesus.org\\\/pt-br\\\/o-trabalho-nao-e-vosso-e-de-deus\\\/#respond\"]}]},{\"@type\":\"WebPage\",\"@id\":\"https:\\\/\\\/hijasdejesus.org\\\/pt-br\\\/o-trabalho-nao-e-vosso-e-de-deus\\\/\",\"url\":\"https:\\\/\\\/hijasdejesus.org\\\/pt-br\\\/o-trabalho-nao-e-vosso-e-de-deus\\\/\",\"name\":\"O trabalho n\u00e3o \u00e9 vosso, \u00e9 de Deus - Hijas de Jes\u00fas\",\"isPartOf\":{\"@id\":\"https:\\\/\\\/hijasdejesus.org\\\/pt-br\\\/#website\"},\"primaryImageOfPage\":{\"@id\":\"https:\\\/\\\/hijasdejesus.org\\\/pt-br\\\/o-trabalho-nao-e-vosso-e-de-deus\\\/#primaryimage\"},\"image\":{\"@id\":\"https:\\\/\\\/hijasdejesus.org\\\/pt-br\\\/o-trabalho-nao-e-vosso-e-de-deus\\\/#primaryimage\"},\"thumbnailUrl\":\"https:\\\/\\\/hijasdejesus.org\\\/wp-content\\\/uploads\\\/2023\\\/07\\\/Portada-web-9.png\",\"datePublished\":\"2023-07-05T09:01:18+00:00\",\"dateModified\":\"2023-07-05T09:01:51+00:00\",\"breadcrumb\":{\"@id\":\"https:\\\/\\\/hijasdejesus.org\\\/pt-br\\\/o-trabalho-nao-e-vosso-e-de-deus\\\/#breadcrumb\"},\"inLanguage\":\"pt-BR\",\"potentialAction\":[{\"@type\":\"ReadAction\",\"target\":[\"https:\\\/\\\/hijasdejesus.org\\\/pt-br\\\/o-trabalho-nao-e-vosso-e-de-deus\\\/\"]}]},{\"@type\":\"ImageObject\",\"inLanguage\":\"pt-BR\",\"@id\":\"https:\\\/\\\/hijasdejesus.org\\\/pt-br\\\/o-trabalho-nao-e-vosso-e-de-deus\\\/#primaryimage\",\"url\":\"https:\\\/\\\/hijasdejesus.org\\\/wp-content\\\/uploads\\\/2023\\\/07\\\/Portada-web-9.png\",\"contentUrl\":\"https:\\\/\\\/hijasdejesus.org\\\/wp-content\\\/uploads\\\/2023\\\/07\\\/Portada-web-9.png\",\"width\":1024,\"height\":576},{\"@type\":\"BreadcrumbList\",\"@id\":\"https:\\\/\\\/hijasdejesus.org\\\/pt-br\\\/o-trabalho-nao-e-vosso-e-de-deus\\\/#breadcrumb\",\"itemListElement\":[{\"@type\":\"ListItem\",\"position\":1,\"name\":\"Portada\",\"item\":\"https:\\\/\\\/hijasdejesus.org\\\/pt-br\\\/\"},{\"@type\":\"ListItem\",\"position\":2,\"name\":\"O trabalho n\u00e3o \u00e9 vosso, \u00e9 de Deus\"}]},{\"@type\":\"WebSite\",\"@id\":\"https:\\\/\\\/hijasdejesus.org\\\/pt-br\\\/#website\",\"url\":\"https:\\\/\\\/hijasdejesus.org\\\/pt-br\\\/\",\"name\":\"Hijas de Jes\u00fas\",\"description\":\"Despertamos a Jes\u00fas en el coraz\u00f3n, sacando lo mejor de las personas. Somos una congregaci\u00f3n religiosa ignaciana fundada por la Madre Candida\",\"publisher\":{\"@id\":\"https:\\\/\\\/hijasdejesus.org\\\/pt-br\\\/#organization\"},\"potentialAction\":[{\"@type\":\"SearchAction\",\"target\":{\"@type\":\"EntryPoint\",\"urlTemplate\":\"https:\\\/\\\/hijasdejesus.org\\\/pt-br\\\/?s={search_term_string}\"},\"query-input\":{\"@type\":\"PropertyValueSpecification\",\"valueRequired\":true,\"valueName\":\"search_term_string\"}}],\"inLanguage\":\"pt-BR\"},{\"@type\":\"Organization\",\"@id\":\"https:\\\/\\\/hijasdejesus.org\\\/pt-br\\\/#organization\",\"name\":\"Hijas de Jes\u00fas\",\"url\":\"https:\\\/\\\/hijasdejesus.org\\\/pt-br\\\/\",\"logo\":{\"@type\":\"ImageObject\",\"inLanguage\":\"pt-BR\",\"@id\":\"https:\\\/\\\/hijasdejesus.org\\\/pt-br\\\/#\\\/schema\\\/logo\\\/image\\\/\",\"url\":\"https:\\\/\\\/hijasdejesus.org\\\/wp-content\\\/uploads\\\/2023\\\/01\\\/Hijas-de-Jesus_hor-A7C957.png\",\"contentUrl\":\"https:\\\/\\\/hijasdejesus.org\\\/wp-content\\\/uploads\\\/2023\\\/01\\\/Hijas-de-Jesus_hor-A7C957.png\",\"width\":700,\"height\":360,\"caption\":\"Hijas de Jes\u00fas\"},\"image\":{\"@id\":\"https:\\\/\\\/hijasdejesus.org\\\/pt-br\\\/#\\\/schema\\\/logo\\\/image\\\/\"},\"sameAs\":[\"https:\\\/\\\/www.facebook.com\\\/hijasdejesusenelmundo\\\/\",\"https:\\\/\\\/x.com\\\/hijasdjesus\"]},{\"@type\":\"Person\",\"@id\":\"https:\\\/\\\/hijasdejesus.org\\\/pt-br\\\/#\\\/schema\\\/person\\\/fe794e79d9d612a993451d2d887ad731\",\"name\":\"Maria Jose\",\"image\":{\"@type\":\"ImageObject\",\"inLanguage\":\"pt-BR\",\"@id\":\"https:\\\/\\\/secure.gravatar.com\\\/avatar\\\/e4747d4a34da9de60dbc74416afcd5b48db8bf40dc7c1d42c329ff225b10b863?s=96&d=mm&r=g\",\"url\":\"https:\\\/\\\/secure.gravatar.com\\\/avatar\\\/e4747d4a34da9de60dbc74416afcd5b48db8bf40dc7c1d42c329ff225b10b863?s=96&d=mm&r=g\",\"contentUrl\":\"https:\\\/\\\/secure.gravatar.com\\\/avatar\\\/e4747d4a34da9de60dbc74416afcd5b48db8bf40dc7c1d42c329ff225b10b863?s=96&d=mm&r=g\",\"caption\":\"Maria Jose\"},\"url\":\"https:\\\/\\\/hijasdejesus.org\\\/pt-br\\\/author\\\/mariajose\\\/\"}]}<\/script>\n<!-- \/ Yoast SEO plugin. -->","yoast_head_json":{"title":"O trabalho n\u00e3o \u00e9 vosso, \u00e9 de Deus - Hijas de Jes\u00fas","robots":{"index":"index","follow":"follow","max-snippet":"max-snippet:-1","max-image-preview":"max-image-preview:large","max-video-preview":"max-video-preview:-1"},"canonical":"https:\/\/hijasdejesus.org\/pt-br\/o-trabalho-nao-e-vosso-e-de-deus\/","og_locale":"pt_BR","og_type":"article","og_title":"O trabalho n\u00e3o \u00e9 vosso, \u00e9 de Deus - Hijas de Jes\u00fas","og_description":"Relendo algumas p\u00e1ginas do livro da Filha de Jesus Beatriz Macarro Miguel San Jos\u00e9 Herranz e a Congrega\u00e7\u00e3o das Filhas de Jesus&#8221;, pode surgir a pergunta: Deixamos que Deus se apodere do nosso cora\u00e7\u00e3o para que possamos realizar os projectos que Ele tem em mente (p. 19) ? Hoje, no dia em que recordamos com [&hellip;]","og_url":"https:\/\/hijasdejesus.org\/pt-br\/o-trabalho-nao-e-vosso-e-de-deus\/","og_site_name":"Hijas de Jes\u00fas","article_publisher":"https:\/\/www.facebook.com\/hijasdejesusenelmundo\/","article_published_time":"2023-07-05T09:01:18+00:00","article_modified_time":"2023-07-05T09:01:51+00:00","og_image":[{"width":1024,"height":576,"url":"https:\/\/hijasdejesus.org\/wp-content\/uploads\/2023\/07\/Portada-web-9.png","type":"image\/png"}],"author":"Maria Jose","twitter_card":"summary_large_image","twitter_creator":"@hijasdjesus","twitter_site":"@hijasdjesus","twitter_misc":{"Escrito por":"Maria Jose","Est. tempo de leitura":"2 minutos"},"schema":{"@context":"https:\/\/schema.org","@graph":[{"@type":"Article","@id":"https:\/\/hijasdejesus.org\/pt-br\/o-trabalho-nao-e-vosso-e-de-deus\/#article","isPartOf":{"@id":"https:\/\/hijasdejesus.org\/pt-br\/o-trabalho-nao-e-vosso-e-de-deus\/"},"author":{"name":"Maria Jose","@id":"https:\/\/hijasdejesus.org\/pt-br\/#\/schema\/person\/fe794e79d9d612a993451d2d887ad731"},"headline":"O trabalho n\u00e3o \u00e9 vosso, \u00e9 de Deus","datePublished":"2023-07-05T09:01:18+00:00","dateModified":"2023-07-05T09:01:51+00:00","mainEntityOfPage":{"@id":"https:\/\/hijasdejesus.org\/pt-br\/o-trabalho-nao-e-vosso-e-de-deus\/"},"wordCount":463,"commentCount":0,"publisher":{"@id":"https:\/\/hijasdejesus.org\/pt-br\/#organization"},"image":{"@id":"https:\/\/hijasdejesus.org\/pt-br\/o-trabalho-nao-e-vosso-e-de-deus\/#primaryimage"},"thumbnailUrl":"https:\/\/hijasdejesus.org\/wp-content\/uploads\/2023\/07\/Portada-web-9.png","keywords":["P. Herranz"],"articleSection":["Fam\u00edlia Carism\u00e1tica","Hijas de Jes\u00fas","Not\u00edcias"],"inLanguage":"pt-BR","potentialAction":[{"@type":"CommentAction","name":"Comment","target":["https:\/\/hijasdejesus.org\/pt-br\/o-trabalho-nao-e-vosso-e-de-deus\/#respond"]}]},{"@type":"WebPage","@id":"https:\/\/hijasdejesus.org\/pt-br\/o-trabalho-nao-e-vosso-e-de-deus\/","url":"https:\/\/hijasdejesus.org\/pt-br\/o-trabalho-nao-e-vosso-e-de-deus\/","name":"O trabalho n\u00e3o \u00e9 vosso, \u00e9 de Deus - Hijas de Jes\u00fas","isPartOf":{"@id":"https:\/\/hijasdejesus.org\/pt-br\/#website"},"primaryImageOfPage":{"@id":"https:\/\/hijasdejesus.org\/pt-br\/o-trabalho-nao-e-vosso-e-de-deus\/#primaryimage"},"image":{"@id":"https:\/\/hijasdejesus.org\/pt-br\/o-trabalho-nao-e-vosso-e-de-deus\/#primaryimage"},"thumbnailUrl":"https:\/\/hijasdejesus.org\/wp-content\/uploads\/2023\/07\/Portada-web-9.png","datePublished":"2023-07-05T09:01:18+00:00","dateModified":"2023-07-05T09:01:51+00:00","breadcrumb":{"@id":"https:\/\/hijasdejesus.org\/pt-br\/o-trabalho-nao-e-vosso-e-de-deus\/#breadcrumb"},"inLanguage":"pt-BR","potentialAction":[{"@type":"ReadAction","target":["https:\/\/hijasdejesus.org\/pt-br\/o-trabalho-nao-e-vosso-e-de-deus\/"]}]},{"@type":"ImageObject","inLanguage":"pt-BR","@id":"https:\/\/hijasdejesus.org\/pt-br\/o-trabalho-nao-e-vosso-e-de-deus\/#primaryimage","url":"https:\/\/hijasdejesus.org\/wp-content\/uploads\/2023\/07\/Portada-web-9.png","contentUrl":"https:\/\/hijasdejesus.org\/wp-content\/uploads\/2023\/07\/Portada-web-9.png","width":1024,"height":576},{"@type":"BreadcrumbList","@id":"https:\/\/hijasdejesus.org\/pt-br\/o-trabalho-nao-e-vosso-e-de-deus\/#breadcrumb","itemListElement":[{"@type":"ListItem","position":1,"name":"Portada","item":"https:\/\/hijasdejesus.org\/pt-br\/"},{"@type":"ListItem","position":2,"name":"O trabalho n\u00e3o \u00e9 vosso, \u00e9 de Deus"}]},{"@type":"WebSite","@id":"https:\/\/hijasdejesus.org\/pt-br\/#website","url":"https:\/\/hijasdejesus.org\/pt-br\/","name":"Hijas de Jes\u00fas","description":"Despertamos a Jes\u00fas en el coraz\u00f3n, sacando lo mejor de las personas. Somos una congregaci\u00f3n religiosa ignaciana fundada por la Madre Candida","publisher":{"@id":"https:\/\/hijasdejesus.org\/pt-br\/#organization"},"potentialAction":[{"@type":"SearchAction","target":{"@type":"EntryPoint","urlTemplate":"https:\/\/hijasdejesus.org\/pt-br\/?s={search_term_string}"},"query-input":{"@type":"PropertyValueSpecification","valueRequired":true,"valueName":"search_term_string"}}],"inLanguage":"pt-BR"},{"@type":"Organization","@id":"https:\/\/hijasdejesus.org\/pt-br\/#organization","name":"Hijas de Jes\u00fas","url":"https:\/\/hijasdejesus.org\/pt-br\/","logo":{"@type":"ImageObject","inLanguage":"pt-BR","@id":"https:\/\/hijasdejesus.org\/pt-br\/#\/schema\/logo\/image\/","url":"https:\/\/hijasdejesus.org\/wp-content\/uploads\/2023\/01\/Hijas-de-Jesus_hor-A7C957.png","contentUrl":"https:\/\/hijasdejesus.org\/wp-content\/uploads\/2023\/01\/Hijas-de-Jesus_hor-A7C957.png","width":700,"height":360,"caption":"Hijas de Jes\u00fas"},"image":{"@id":"https:\/\/hijasdejesus.org\/pt-br\/#\/schema\/logo\/image\/"},"sameAs":["https:\/\/www.facebook.com\/hijasdejesusenelmundo\/","https:\/\/x.com\/hijasdjesus"]},{"@type":"Person","@id":"https:\/\/hijasdejesus.org\/pt-br\/#\/schema\/person\/fe794e79d9d612a993451d2d887ad731","name":"Maria Jose","image":{"@type":"ImageObject","inLanguage":"pt-BR","@id":"https:\/\/secure.gravatar.com\/avatar\/e4747d4a34da9de60dbc74416afcd5b48db8bf40dc7c1d42c329ff225b10b863?s=96&d=mm&r=g","url":"https:\/\/secure.gravatar.com\/avatar\/e4747d4a34da9de60dbc74416afcd5b48db8bf40dc7c1d42c329ff225b10b863?s=96&d=mm&r=g","contentUrl":"https:\/\/secure.gravatar.com\/avatar\/e4747d4a34da9de60dbc74416afcd5b48db8bf40dc7c1d42c329ff225b10b863?s=96&d=mm&r=g","caption":"Maria Jose"},"url":"https:\/\/hijasdejesus.org\/pt-br\/author\/mariajose\/"}]}},"_links":{"self":[{"href":"https:\/\/hijasdejesus.org\/pt-br\/wp-json\/wp\/v2\/posts\/34900","targetHints":{"allow":["GET"]}}],"collection":[{"href":"https:\/\/hijasdejesus.org\/pt-br\/wp-json\/wp\/v2\/posts"}],"about":[{"href":"https:\/\/hijasdejesus.org\/pt-br\/wp-json\/wp\/v2\/types\/post"}],"author":[{"embeddable":true,"href":"https:\/\/hijasdejesus.org\/pt-br\/wp-json\/wp\/v2\/users\/7"}],"replies":[{"embeddable":true,"href":"https:\/\/hijasdejesus.org\/pt-br\/wp-json\/wp\/v2\/comments?post=34900"}],"version-history":[{"count":3,"href":"https:\/\/hijasdejesus.org\/pt-br\/wp-json\/wp\/v2\/posts\/34900\/revisions"}],"predecessor-version":[{"id":34907,"href":"https:\/\/hijasdejesus.org\/pt-br\/wp-json\/wp\/v2\/posts\/34900\/revisions\/34907"}],"wp:featuredmedia":[{"embeddable":true,"href":"https:\/\/hijasdejesus.org\/pt-br\/wp-json\/wp\/v2\/media\/34895"}],"wp:attachment":[{"href":"https:\/\/hijasdejesus.org\/pt-br\/wp-json\/wp\/v2\/media?parent=34900"}],"wp:term":[{"taxonomy":"category","embeddable":true,"href":"https:\/\/hijasdejesus.org\/pt-br\/wp-json\/wp\/v2\/categories?post=34900"},{"taxonomy":"post_tag","embeddable":true,"href":"https:\/\/hijasdejesus.org\/pt-br\/wp-json\/wp\/v2\/tags?post=34900"}],"curies":[{"name":"wp","href":"https:\/\/api.w.org\/{rel}","templated":true}]}}