{"id":35318,"date":"2023-07-31T21:00:00","date_gmt":"2023-07-31T19:00:00","guid":{"rendered":"https:\/\/hijasdejesus.org\/familiaridade-com-o-senhor\/"},"modified":"2023-08-01T12:33:23","modified_gmt":"2023-08-01T10:33:23","slug":"familiaridade-com-o-senhor","status":"publish","type":"post","link":"https:\/\/hijasdejesus.org\/pt-br\/familiaridade-com-o-senhor\/","title":{"rendered":"Familiaridade com o Senhor &#8211; #9for9FI"},"content":{"rendered":"\n<p class=\"has-text-align-center has-medium-font-size\"><strong>Resumo da catequese<\/strong><\/p>\n\n<p>Nesta catequese sobre o <em>discernimento<\/em>, reflectimos sobre um dos seus elementos constitutivos, que \u00e9 a <em>ora\u00e7\u00e3o<\/em>. A ora\u00e7\u00e3o \u00e9 indispens\u00e1vel ao discernimento espiritual, porque nos permite entrar em <em>intimidade com o Senhor<\/em>, ser seus amigos e, assim, reconhecer o que lhe agrada. Esta rela\u00e7\u00e3o \u00edntima ou familiar com Deus ajuda-nos tamb\u00e9m a afastar <em>os medos<\/em> e<em> as d\u00favidas<\/em> que podem perturbar o nosso cora\u00e7\u00e3o quando nos propomos fazer a vontade de Deus.<\/p>\n\n<p>Sabemos que o discernimento n\u00e3o \u00e9 f\u00e1cil, porque n\u00e3o somos m\u00e1quinas que recebem instru\u00e7\u00f5es e as executam, mas pessoas. E na vida das pessoas h\u00e1 muitas vezes muitos tipos de obst\u00e1culos, especialmente os emocionais. Vemos isso no caso do jovem rico, que queria seguir Jesus, mas o seu cora\u00e7\u00e3o estava dividido entre Ele e as riquezas. No final, optou pela riqueza, mesmo que isso o entristecesse. Por isso, \u00e9 necess\u00e1rio ser amigo de Jesus, estar aberto \u00e0 sua gra\u00e7a, para que ele nos ajude a superar as dificuldades e a segui-lo com alegria.<\/p>\n\n<p><\/p>\n\n<p class=\"has-text-align-center has-medium-font-size\"><strong>Na vida da Madre C\u00e2ndida<\/strong><\/p>\n\n<p>Como \u00e9 f\u00e1cil encontrar a Madre C\u00e2ndida a falar de ora\u00e7\u00e3o e como \u00e9 f\u00e1cil, ainda mais f\u00e1cil, encontrar testemunhos da sua familiaridade com o Senhor! Desde as primeiras flores a Maria em Andoain at\u00e9 ao que est\u00e1 contido num simples par\u00e1grafo de &#8220;Donde Dios te llame&#8221;:<\/p>\n\n<blockquote class=\"wp-block-quote is-layout-flow wp-block-quote-is-layout-flow\">\n<p>Habituado como estava desde Burgos, passava as noites em ora\u00e7\u00e3o, para n\u00e3o descuidar os meus deveres durante o dia, e aproveitava todos os momentos livres para ir ao Rosarilho \u00e0 tarde, sobretudo nos dias de festa, e a\u00ed continuar a rezar, pedindo ao Senhor as suas luzes.<\/p>\n<cite>P\u00e1gina 42<\/cite><\/blockquote>\n\n<p><strong>Como \u00e9 a sua ora\u00e7\u00e3o? Que material utiliza para a ora\u00e7\u00e3o? Quanto tempo passa a trabalhar nela todos os dias? H\u00e1 muitas maneiras de rezar, est\u00e1 a descobrir a sua? Aquela que muda a tua vida, aquela que te leva a tornares-te cada vez mais parecido com Jesus&#8230;  <\/strong><\/p>\n\n<p><a href=\"https:\/\/www.vatican.va\/content\/francesco\/es\/events\/event.dir.html\/content\/vaticanevents\/es\/2022\/9\/28\/udienzagenerale.html\">Leia e ou\u00e7a a catequese completa aqui.<\/a><\/p>\n","protected":false},"excerpt":{"rendered":"<p>Resumo da catequese Nesta catequese sobre o discernimento, reflectimos sobre um dos seus elementos constitutivos, que \u00e9 a ora\u00e7\u00e3o. A ora\u00e7\u00e3o \u00e9 indispens\u00e1vel ao discernimento espiritual, porque nos permite entrar em intimidade com o Senhor, ser seus amigos e, assim, reconhecer o que lhe agrada. Esta rela\u00e7\u00e3o \u00edntima ou familiar com Deus ajuda-nos tamb\u00e9m a [&hellip;]<\/p>\n","protected":false},"author":7,"featured_media":35105,"comment_status":"closed","ping_status":"closed","sticky":false,"template":"","format":"standard","meta":{"_et_pb_use_builder":"off","_et_pb_old_content":"","_et_gb_content_width":"","footnotes":"","_links_to":"","_links_to_target":""},"categories":[786,529,533,469],"tags":[787,784,933,790],"class_list":["post-35318","post","type-post","status-publish","format-standard","has-post-thumbnail","hentry","category-familia-carismatica-pt-br","category-hijas-de-jesus-pt-br","category-igreja","category-noticias-pt-br","tag-9-de-agosto","tag-discernimiento-pt-br","tag-papa-francisco-pt-br","tag-sao-candida"],"yoast_head":"<!-- This site is optimized with the Yoast SEO plugin v27.5 - https:\/\/yoast.com\/product\/yoast-seo-wordpress\/ -->\n<title>Familiaridade com o Senhor - #9for9FI - Hijas de Jes\u00fas<\/title>\n<meta name=\"robots\" content=\"index, follow, max-snippet:-1, max-image-preview:large, max-video-preview:-1\" \/>\n<link rel=\"canonical\" href=\"https:\/\/hijasdejesus.org\/pt-br\/familiaridade-com-o-senhor\/\" \/>\n<meta property=\"og:locale\" content=\"pt_BR\" \/>\n<meta property=\"og:type\" content=\"article\" \/>\n<meta property=\"og:title\" content=\"Familiaridade com o Senhor - #9for9FI - Hijas de Jes\u00fas\" \/>\n<meta property=\"og:description\" content=\"Resumo da catequese Nesta catequese sobre o discernimento, reflectimos sobre um dos seus elementos constitutivos, que \u00e9 a ora\u00e7\u00e3o. A ora\u00e7\u00e3o \u00e9 indispens\u00e1vel ao discernimento espiritual, porque nos permite entrar em intimidade com o Senhor, ser seus amigos e, assim, reconhecer o que lhe agrada. Esta rela\u00e7\u00e3o \u00edntima ou familiar com Deus ajuda-nos tamb\u00e9m a [&hellip;]\" \/>\n<meta property=\"og:url\" content=\"https:\/\/hijasdejesus.org\/pt-br\/familiaridade-com-o-senhor\/\" \/>\n<meta property=\"og:site_name\" content=\"Hijas de Jes\u00fas\" \/>\n<meta property=\"article:publisher\" content=\"https:\/\/www.facebook.com\/hijasdejesusenelmundo\/\" \/>\n<meta property=\"article:published_time\" content=\"2023-07-31T19:00:00+00:00\" \/>\n<meta property=\"article:modified_time\" content=\"2023-08-01T10:33:23+00:00\" \/>\n<meta property=\"og:image\" content=\"https:\/\/hijasdejesus.org\/wp-content\/uploads\/2023\/07\/2023-08-01-Cateq.Discernimiento3.jpg\" \/>\n\t<meta property=\"og:image:width\" content=\"1748\" \/>\n\t<meta property=\"og:image:height\" content=\"1240\" \/>\n\t<meta property=\"og:image:type\" content=\"image\/jpeg\" \/>\n<meta name=\"author\" content=\"Maria Jose\" \/>\n<meta name=\"twitter:card\" content=\"summary_large_image\" \/>\n<meta name=\"twitter:creator\" content=\"@hijasdjesus\" \/>\n<meta name=\"twitter:site\" content=\"@hijasdjesus\" \/>\n<meta name=\"twitter:label1\" content=\"Escrito por\" \/>\n\t<meta name=\"twitter:data1\" content=\"Maria Jose\" \/>\n\t<meta name=\"twitter:label2\" content=\"Est. tempo de leitura\" \/>\n\t<meta name=\"twitter:data2\" content=\"2 minutos\" \/>\n<script type=\"application\/ld+json\" class=\"yoast-schema-graph\">{\"@context\":\"https:\\\/\\\/schema.org\",\"@graph\":[{\"@type\":\"Article\",\"@id\":\"https:\\\/\\\/hijasdejesus.org\\\/pt-br\\\/familiaridade-com-o-senhor\\\/#article\",\"isPartOf\":{\"@id\":\"https:\\\/\\\/hijasdejesus.org\\\/pt-br\\\/familiaridade-com-o-senhor\\\/\"},\"author\":{\"name\":\"Maria Jose\",\"@id\":\"https:\\\/\\\/hijasdejesus.org\\\/pt-br\\\/#\\\/schema\\\/person\\\/fe794e79d9d612a993451d2d887ad731\"},\"headline\":\"Familiaridade com o Senhor &#8211; #9for9FI\",\"datePublished\":\"2023-07-31T19:00:00+00:00\",\"dateModified\":\"2023-08-01T10:33:23+00:00\",\"mainEntityOfPage\":{\"@id\":\"https:\\\/\\\/hijasdejesus.org\\\/pt-br\\\/familiaridade-com-o-senhor\\\/\"},\"wordCount\":350,\"publisher\":{\"@id\":\"https:\\\/\\\/hijasdejesus.org\\\/pt-br\\\/#organization\"},\"image\":{\"@id\":\"https:\\\/\\\/hijasdejesus.org\\\/pt-br\\\/familiaridade-com-o-senhor\\\/#primaryimage\"},\"thumbnailUrl\":\"https:\\\/\\\/hijasdejesus.org\\\/wp-content\\\/uploads\\\/2023\\\/07\\\/2023-08-01-Cateq.Discernimiento3.jpg\",\"keywords\":[\"9 de Agosto\",\"Discernimiento\",\"Papa Francisco\",\"S\u00e3o C\u00e2ndida\"],\"articleSection\":[\"Fam\u00edlia Carism\u00e1tica\",\"Hijas de Jes\u00fas\",\"Igreja\",\"Not\u00edcias\"],\"inLanguage\":\"pt-BR\"},{\"@type\":\"WebPage\",\"@id\":\"https:\\\/\\\/hijasdejesus.org\\\/pt-br\\\/familiaridade-com-o-senhor\\\/\",\"url\":\"https:\\\/\\\/hijasdejesus.org\\\/pt-br\\\/familiaridade-com-o-senhor\\\/\",\"name\":\"Familiaridade com o Senhor - #9for9FI - Hijas de Jes\u00fas\",\"isPartOf\":{\"@id\":\"https:\\\/\\\/hijasdejesus.org\\\/pt-br\\\/#website\"},\"primaryImageOfPage\":{\"@id\":\"https:\\\/\\\/hijasdejesus.org\\\/pt-br\\\/familiaridade-com-o-senhor\\\/#primaryimage\"},\"image\":{\"@id\":\"https:\\\/\\\/hijasdejesus.org\\\/pt-br\\\/familiaridade-com-o-senhor\\\/#primaryimage\"},\"thumbnailUrl\":\"https:\\\/\\\/hijasdejesus.org\\\/wp-content\\\/uploads\\\/2023\\\/07\\\/2023-08-01-Cateq.Discernimiento3.jpg\",\"datePublished\":\"2023-07-31T19:00:00+00:00\",\"dateModified\":\"2023-08-01T10:33:23+00:00\",\"breadcrumb\":{\"@id\":\"https:\\\/\\\/hijasdejesus.org\\\/pt-br\\\/familiaridade-com-o-senhor\\\/#breadcrumb\"},\"inLanguage\":\"pt-BR\",\"potentialAction\":[{\"@type\":\"ReadAction\",\"target\":[\"https:\\\/\\\/hijasdejesus.org\\\/pt-br\\\/familiaridade-com-o-senhor\\\/\"]}]},{\"@type\":\"ImageObject\",\"inLanguage\":\"pt-BR\",\"@id\":\"https:\\\/\\\/hijasdejesus.org\\\/pt-br\\\/familiaridade-com-o-senhor\\\/#primaryimage\",\"url\":\"https:\\\/\\\/hijasdejesus.org\\\/wp-content\\\/uploads\\\/2023\\\/07\\\/2023-08-01-Cateq.Discernimiento3.jpg\",\"contentUrl\":\"https:\\\/\\\/hijasdejesus.org\\\/wp-content\\\/uploads\\\/2023\\\/07\\\/2023-08-01-Cateq.Discernimiento3.jpg\",\"width\":1748,\"height\":1240},{\"@type\":\"BreadcrumbList\",\"@id\":\"https:\\\/\\\/hijasdejesus.org\\\/pt-br\\\/familiaridade-com-o-senhor\\\/#breadcrumb\",\"itemListElement\":[{\"@type\":\"ListItem\",\"position\":1,\"name\":\"Portada\",\"item\":\"https:\\\/\\\/hijasdejesus.org\\\/pt-br\\\/\"},{\"@type\":\"ListItem\",\"position\":2,\"name\":\"Familiaridade com o Senhor &#8211; #9for9FI\"}]},{\"@type\":\"WebSite\",\"@id\":\"https:\\\/\\\/hijasdejesus.org\\\/pt-br\\\/#website\",\"url\":\"https:\\\/\\\/hijasdejesus.org\\\/pt-br\\\/\",\"name\":\"Hijas de Jes\u00fas\",\"description\":\"Despertamos a Jes\u00fas en el coraz\u00f3n, sacando lo mejor de las personas. Somos una congregaci\u00f3n religiosa ignaciana fundada por la Madre Candida\",\"publisher\":{\"@id\":\"https:\\\/\\\/hijasdejesus.org\\\/pt-br\\\/#organization\"},\"potentialAction\":[{\"@type\":\"SearchAction\",\"target\":{\"@type\":\"EntryPoint\",\"urlTemplate\":\"https:\\\/\\\/hijasdejesus.org\\\/pt-br\\\/?s={search_term_string}\"},\"query-input\":{\"@type\":\"PropertyValueSpecification\",\"valueRequired\":true,\"valueName\":\"search_term_string\"}}],\"inLanguage\":\"pt-BR\"},{\"@type\":\"Organization\",\"@id\":\"https:\\\/\\\/hijasdejesus.org\\\/pt-br\\\/#organization\",\"name\":\"Hijas de Jes\u00fas\",\"url\":\"https:\\\/\\\/hijasdejesus.org\\\/pt-br\\\/\",\"logo\":{\"@type\":\"ImageObject\",\"inLanguage\":\"pt-BR\",\"@id\":\"https:\\\/\\\/hijasdejesus.org\\\/pt-br\\\/#\\\/schema\\\/logo\\\/image\\\/\",\"url\":\"https:\\\/\\\/hijasdejesus.org\\\/wp-content\\\/uploads\\\/2023\\\/01\\\/Hijas-de-Jesus_hor-A7C957.png\",\"contentUrl\":\"https:\\\/\\\/hijasdejesus.org\\\/wp-content\\\/uploads\\\/2023\\\/01\\\/Hijas-de-Jesus_hor-A7C957.png\",\"width\":700,\"height\":360,\"caption\":\"Hijas de Jes\u00fas\"},\"image\":{\"@id\":\"https:\\\/\\\/hijasdejesus.org\\\/pt-br\\\/#\\\/schema\\\/logo\\\/image\\\/\"},\"sameAs\":[\"https:\\\/\\\/www.facebook.com\\\/hijasdejesusenelmundo\\\/\",\"https:\\\/\\\/x.com\\\/hijasdjesus\"]},{\"@type\":\"Person\",\"@id\":\"https:\\\/\\\/hijasdejesus.org\\\/pt-br\\\/#\\\/schema\\\/person\\\/fe794e79d9d612a993451d2d887ad731\",\"name\":\"Maria Jose\",\"image\":{\"@type\":\"ImageObject\",\"inLanguage\":\"pt-BR\",\"@id\":\"https:\\\/\\\/secure.gravatar.com\\\/avatar\\\/e4747d4a34da9de60dbc74416afcd5b48db8bf40dc7c1d42c329ff225b10b863?s=96&d=mm&r=g\",\"url\":\"https:\\\/\\\/secure.gravatar.com\\\/avatar\\\/e4747d4a34da9de60dbc74416afcd5b48db8bf40dc7c1d42c329ff225b10b863?s=96&d=mm&r=g\",\"contentUrl\":\"https:\\\/\\\/secure.gravatar.com\\\/avatar\\\/e4747d4a34da9de60dbc74416afcd5b48db8bf40dc7c1d42c329ff225b10b863?s=96&d=mm&r=g\",\"caption\":\"Maria Jose\"},\"url\":\"https:\\\/\\\/hijasdejesus.org\\\/pt-br\\\/author\\\/mariajose\\\/\"}]}<\/script>\n<!-- \/ Yoast SEO plugin. -->","yoast_head_json":{"title":"Familiaridade com o Senhor - #9for9FI - Hijas de Jes\u00fas","robots":{"index":"index","follow":"follow","max-snippet":"max-snippet:-1","max-image-preview":"max-image-preview:large","max-video-preview":"max-video-preview:-1"},"canonical":"https:\/\/hijasdejesus.org\/pt-br\/familiaridade-com-o-senhor\/","og_locale":"pt_BR","og_type":"article","og_title":"Familiaridade com o Senhor - #9for9FI - Hijas de Jes\u00fas","og_description":"Resumo da catequese Nesta catequese sobre o discernimento, reflectimos sobre um dos seus elementos constitutivos, que \u00e9 a ora\u00e7\u00e3o. A ora\u00e7\u00e3o \u00e9 indispens\u00e1vel ao discernimento espiritual, porque nos permite entrar em intimidade com o Senhor, ser seus amigos e, assim, reconhecer o que lhe agrada. Esta rela\u00e7\u00e3o \u00edntima ou familiar com Deus ajuda-nos tamb\u00e9m a [&hellip;]","og_url":"https:\/\/hijasdejesus.org\/pt-br\/familiaridade-com-o-senhor\/","og_site_name":"Hijas de Jes\u00fas","article_publisher":"https:\/\/www.facebook.com\/hijasdejesusenelmundo\/","article_published_time":"2023-07-31T19:00:00+00:00","article_modified_time":"2023-08-01T10:33:23+00:00","og_image":[{"width":1748,"height":1240,"url":"https:\/\/hijasdejesus.org\/wp-content\/uploads\/2023\/07\/2023-08-01-Cateq.Discernimiento3.jpg","type":"image\/jpeg"}],"author":"Maria Jose","twitter_card":"summary_large_image","twitter_creator":"@hijasdjesus","twitter_site":"@hijasdjesus","twitter_misc":{"Escrito por":"Maria Jose","Est. tempo de leitura":"2 minutos"},"schema":{"@context":"https:\/\/schema.org","@graph":[{"@type":"Article","@id":"https:\/\/hijasdejesus.org\/pt-br\/familiaridade-com-o-senhor\/#article","isPartOf":{"@id":"https:\/\/hijasdejesus.org\/pt-br\/familiaridade-com-o-senhor\/"},"author":{"name":"Maria Jose","@id":"https:\/\/hijasdejesus.org\/pt-br\/#\/schema\/person\/fe794e79d9d612a993451d2d887ad731"},"headline":"Familiaridade com o Senhor &#8211; #9for9FI","datePublished":"2023-07-31T19:00:00+00:00","dateModified":"2023-08-01T10:33:23+00:00","mainEntityOfPage":{"@id":"https:\/\/hijasdejesus.org\/pt-br\/familiaridade-com-o-senhor\/"},"wordCount":350,"publisher":{"@id":"https:\/\/hijasdejesus.org\/pt-br\/#organization"},"image":{"@id":"https:\/\/hijasdejesus.org\/pt-br\/familiaridade-com-o-senhor\/#primaryimage"},"thumbnailUrl":"https:\/\/hijasdejesus.org\/wp-content\/uploads\/2023\/07\/2023-08-01-Cateq.Discernimiento3.jpg","keywords":["9 de Agosto","Discernimiento","Papa Francisco","S\u00e3o C\u00e2ndida"],"articleSection":["Fam\u00edlia Carism\u00e1tica","Hijas de Jes\u00fas","Igreja","Not\u00edcias"],"inLanguage":"pt-BR"},{"@type":"WebPage","@id":"https:\/\/hijasdejesus.org\/pt-br\/familiaridade-com-o-senhor\/","url":"https:\/\/hijasdejesus.org\/pt-br\/familiaridade-com-o-senhor\/","name":"Familiaridade com o Senhor - #9for9FI - Hijas de Jes\u00fas","isPartOf":{"@id":"https:\/\/hijasdejesus.org\/pt-br\/#website"},"primaryImageOfPage":{"@id":"https:\/\/hijasdejesus.org\/pt-br\/familiaridade-com-o-senhor\/#primaryimage"},"image":{"@id":"https:\/\/hijasdejesus.org\/pt-br\/familiaridade-com-o-senhor\/#primaryimage"},"thumbnailUrl":"https:\/\/hijasdejesus.org\/wp-content\/uploads\/2023\/07\/2023-08-01-Cateq.Discernimiento3.jpg","datePublished":"2023-07-31T19:00:00+00:00","dateModified":"2023-08-01T10:33:23+00:00","breadcrumb":{"@id":"https:\/\/hijasdejesus.org\/pt-br\/familiaridade-com-o-senhor\/#breadcrumb"},"inLanguage":"pt-BR","potentialAction":[{"@type":"ReadAction","target":["https:\/\/hijasdejesus.org\/pt-br\/familiaridade-com-o-senhor\/"]}]},{"@type":"ImageObject","inLanguage":"pt-BR","@id":"https:\/\/hijasdejesus.org\/pt-br\/familiaridade-com-o-senhor\/#primaryimage","url":"https:\/\/hijasdejesus.org\/wp-content\/uploads\/2023\/07\/2023-08-01-Cateq.Discernimiento3.jpg","contentUrl":"https:\/\/hijasdejesus.org\/wp-content\/uploads\/2023\/07\/2023-08-01-Cateq.Discernimiento3.jpg","width":1748,"height":1240},{"@type":"BreadcrumbList","@id":"https:\/\/hijasdejesus.org\/pt-br\/familiaridade-com-o-senhor\/#breadcrumb","itemListElement":[{"@type":"ListItem","position":1,"name":"Portada","item":"https:\/\/hijasdejesus.org\/pt-br\/"},{"@type":"ListItem","position":2,"name":"Familiaridade com o Senhor &#8211; #9for9FI"}]},{"@type":"WebSite","@id":"https:\/\/hijasdejesus.org\/pt-br\/#website","url":"https:\/\/hijasdejesus.org\/pt-br\/","name":"Hijas de Jes\u00fas","description":"Despertamos a Jes\u00fas en el coraz\u00f3n, sacando lo mejor de las personas. Somos una congregaci\u00f3n religiosa ignaciana fundada por la Madre Candida","publisher":{"@id":"https:\/\/hijasdejesus.org\/pt-br\/#organization"},"potentialAction":[{"@type":"SearchAction","target":{"@type":"EntryPoint","urlTemplate":"https:\/\/hijasdejesus.org\/pt-br\/?s={search_term_string}"},"query-input":{"@type":"PropertyValueSpecification","valueRequired":true,"valueName":"search_term_string"}}],"inLanguage":"pt-BR"},{"@type":"Organization","@id":"https:\/\/hijasdejesus.org\/pt-br\/#organization","name":"Hijas de Jes\u00fas","url":"https:\/\/hijasdejesus.org\/pt-br\/","logo":{"@type":"ImageObject","inLanguage":"pt-BR","@id":"https:\/\/hijasdejesus.org\/pt-br\/#\/schema\/logo\/image\/","url":"https:\/\/hijasdejesus.org\/wp-content\/uploads\/2023\/01\/Hijas-de-Jesus_hor-A7C957.png","contentUrl":"https:\/\/hijasdejesus.org\/wp-content\/uploads\/2023\/01\/Hijas-de-Jesus_hor-A7C957.png","width":700,"height":360,"caption":"Hijas de Jes\u00fas"},"image":{"@id":"https:\/\/hijasdejesus.org\/pt-br\/#\/schema\/logo\/image\/"},"sameAs":["https:\/\/www.facebook.com\/hijasdejesusenelmundo\/","https:\/\/x.com\/hijasdjesus"]},{"@type":"Person","@id":"https:\/\/hijasdejesus.org\/pt-br\/#\/schema\/person\/fe794e79d9d612a993451d2d887ad731","name":"Maria Jose","image":{"@type":"ImageObject","inLanguage":"pt-BR","@id":"https:\/\/secure.gravatar.com\/avatar\/e4747d4a34da9de60dbc74416afcd5b48db8bf40dc7c1d42c329ff225b10b863?s=96&d=mm&r=g","url":"https:\/\/secure.gravatar.com\/avatar\/e4747d4a34da9de60dbc74416afcd5b48db8bf40dc7c1d42c329ff225b10b863?s=96&d=mm&r=g","contentUrl":"https:\/\/secure.gravatar.com\/avatar\/e4747d4a34da9de60dbc74416afcd5b48db8bf40dc7c1d42c329ff225b10b863?s=96&d=mm&r=g","caption":"Maria Jose"},"url":"https:\/\/hijasdejesus.org\/pt-br\/author\/mariajose\/"}]}},"_links":{"self":[{"href":"https:\/\/hijasdejesus.org\/pt-br\/wp-json\/wp\/v2\/posts\/35318","targetHints":{"allow":["GET"]}}],"collection":[{"href":"https:\/\/hijasdejesus.org\/pt-br\/wp-json\/wp\/v2\/posts"}],"about":[{"href":"https:\/\/hijasdejesus.org\/pt-br\/wp-json\/wp\/v2\/types\/post"}],"author":[{"embeddable":true,"href":"https:\/\/hijasdejesus.org\/pt-br\/wp-json\/wp\/v2\/users\/7"}],"replies":[{"embeddable":true,"href":"https:\/\/hijasdejesus.org\/pt-br\/wp-json\/wp\/v2\/comments?post=35318"}],"version-history":[{"count":2,"href":"https:\/\/hijasdejesus.org\/pt-br\/wp-json\/wp\/v2\/posts\/35318\/revisions"}],"predecessor-version":[{"id":35330,"href":"https:\/\/hijasdejesus.org\/pt-br\/wp-json\/wp\/v2\/posts\/35318\/revisions\/35330"}],"wp:featuredmedia":[{"embeddable":true,"href":"https:\/\/hijasdejesus.org\/pt-br\/wp-json\/wp\/v2\/media\/35105"}],"wp:attachment":[{"href":"https:\/\/hijasdejesus.org\/pt-br\/wp-json\/wp\/v2\/media?parent=35318"}],"wp:term":[{"taxonomy":"category","embeddable":true,"href":"https:\/\/hijasdejesus.org\/pt-br\/wp-json\/wp\/v2\/categories?post=35318"},{"taxonomy":"post_tag","embeddable":true,"href":"https:\/\/hijasdejesus.org\/pt-br\/wp-json\/wp\/v2\/tags?post=35318"}],"curies":[{"name":"wp","href":"https:\/\/api.w.org\/{rel}","templated":true}]}}