{"id":37000,"date":"2023-10-30T17:54:09","date_gmt":"2023-10-30T16:54:09","guid":{"rendered":"https:\/\/hijasdejesus.org\/?p=37000"},"modified":"2024-07-04T13:28:25","modified_gmt":"2024-07-04T11:28:25","slug":"caminar-juntos-nos-hace-fuertes-20-anos-de-fasfi","status":"publish","type":"post","link":"https:\/\/hijasdejesus.org\/pt-br\/caminar-juntos-nos-hace-fuertes-20-anos-de-fasfi\/","title":{"rendered":"Caminhar juntos torna-nos fortes &#8211; 20 anos de FASFI"},"content":{"rendered":"\n<p>&#8220;A capacidade de sonhar das pessoas abre-nos ao futuro&#8230; torna-nos criativos&#8221;. Foi assim que tudo come\u00e7ou <em>\n  <strong>Teresa Garc\u00eda Rom\u00e1n FI<\/strong>\n<\/em>presidente <a href=\"https:\/\/www.fasfi.org\/\">da FASFI<\/a>, deu as boas-vindas aos participantes na celebra\u00e7\u00e3o do 20\u00ba anivers\u00e1rio da Funda\u00e7\u00e3o, reunidos no <a href=\"https:\/\/www.jesuitinasmariavirgen.es\/\">Col\u00e9gio Mar\u00eda Virgen<\/a> da <a href=\"https:\/\/jesuitinas.es\/\">Funda\u00e7\u00e3o Educativa Jesu\u00edta<\/a> de Espanha.<\/p>\n\n<p>Mais cedo, o gerente, <strong>\n  <em>Pablo Zimmerman<\/em>\n<\/strong><em>\n  <strong>n<\/strong>\n<\/em>cumprimentou os participantes e agradeceu o facto de terem partilhado este dia.  <\/p>\n\n<figure class=\"wp-block-gallery has-nested-images columns-default is-cropped wp-block-gallery-1 is-layout-flex wp-block-gallery-is-layout-flex\">\n<figure class=\"wp-block-image size-large\"><img loading=\"lazy\" decoding=\"async\" width=\"1024\" height=\"524\" data-id=\"36977\" src=\"https:\/\/hijasdejesus.org\/wp-content\/uploads\/2023\/10\/20A-FASFI-2-1-1024x524.jpg\" alt=\"\" class=\"wp-image-36977\" srcset=\"https:\/\/hijasdejesus.org\/wp-content\/uploads\/2023\/10\/20A-FASFI-2-1-980x501.jpg 980w, https:\/\/hijasdejesus.org\/wp-content\/uploads\/2023\/10\/20A-FASFI-2-1-480x245.jpg 480w\" sizes=\"(min-width: 0px) and (max-width: 480px) 480px, (min-width: 481px) and (max-width: 980px) 980px, (min-width: 981px) 1024px, 100vw\" \/><\/figure>\n\n\n\n<figure class=\"wp-block-image size-large\"><img loading=\"lazy\" decoding=\"async\" width=\"1024\" height=\"1024\" data-id=\"36993\" src=\"https:\/\/hijasdejesus.org\/wp-content\/uploads\/2023\/10\/IMG20231028102137-1024x1024.jpg\" alt=\"\" class=\"wp-image-36993\" srcset=\"https:\/\/hijasdejesus.org\/wp-content\/uploads\/2023\/10\/IMG20231028102137-980x980.jpg 980w, https:\/\/hijasdejesus.org\/wp-content\/uploads\/2023\/10\/IMG20231028102137-480x480.jpg 480w\" sizes=\"(min-width: 0px) and (max-width: 480px) 480px, (min-width: 481px) and (max-width: 980px) 980px, (min-width: 981px) 1024px, 100vw\" \/><\/figure>\n<\/figure>\n\n<p>As palavras da nossa Superiora Geral, que n\u00e3o p\u00f4de estar presente, chegaram at\u00e9 n\u00f3s atrav\u00e9s de um v\u00eddeo carinhoso, no qual ela nos ofereceu duas palavras: agradecimento e encorajamento.  <\/p>\n\n<blockquote class=\"wp-block-quote is-layout-flow wp-block-quote-is-layout-flow\">\n<p>Obrigado <strong>por melhorar<\/strong> as condi\u00e7\u00f5es de vida das camadas mais necessitadas da popula\u00e7\u00e3o mundial;<br\/>para <strong>relatar <\/strong>realidades mais empobrecidas;<br\/>para <strong>aumentar a <\/strong>consci\u00eancia c\u00edvica e o sentido de solidariedade internacional com grupos que vivem em situa\u00e7\u00e3o de pobreza extrema;<br\/>pela <strong>dedica\u00e7\u00e3o <\/strong>e <strong>gratuidade <\/strong>dos volunt\u00e1rios, leigos, associados e professores, profissionais&#8230; do presente e do passado. Porque tornam e tornaram poss\u00edvel que o nosso mundo seja mais humano e, portanto, mais de Deus.<br\/>Obrigado porque a FASFI <strong>tem vindo a desenvolver<\/strong> -se ao longo dos \u00faltimos 20 anos. Muitas mudan\u00e7as ocorreram e o mundo \u00e9 um lugar diferente.<\/p>\n<\/blockquote>\n\n<p>Ele se lembrou <em><strong>daqueles que n\u00e3o est\u00e3o mais entre<\/strong><\/em> n\u00f3s e que <em>tiveram muito a ver com a FASFI<\/em>. E juntou os sentimentos de gratid\u00e3o <em>para os voltar a dirigir a Deus, fonte de tanto bem<\/em>.<\/p>\n\n<p>A segunda palavra foi INCENTIVO porque vivemos situa\u00e7\u00f5es de guerra de perto e de longe. Coragem e esperan\u00e7a para continuar a atuar, no presente e durante muitos anos, como um grupo de homens e mulheres que conhecem todos como crian\u00e7as e, portanto, como irm\u00e3os e irm\u00e3s.<\/p>\n\n<p>O evento continuou com um momento de ora\u00e7\u00e3o conduzido por <strong>\n  <em>J\u00e9ssica e Marta<\/em>\n<\/strong>da delega\u00e7\u00e3o de Barcelona, com quem recolhemos retalhos de solidariedade.  <\/p>\n\n<p>Guiados pelo grupo de teatro &#8220;Yo contigo&#8221;, percorremos a <strong>hist\u00f3ria da Funda\u00e7\u00e3o<\/strong> desde as suas ra\u00edzes at\u00e9 \u00e0s suas folhas. De olhos postos no futuro, uma hist\u00f3ria questiona-nos com a pergunta: O que \u00e9 que eu posso fazer?  <\/p>\n\n<figure class=\"wp-block-gallery has-nested-images columns-default is-cropped wp-block-gallery-2 is-layout-flex wp-block-gallery-is-layout-flex\">\n<figure class=\"wp-block-image size-large\"><img loading=\"lazy\" decoding=\"async\" width=\"1024\" height=\"768\" data-id=\"36953\" src=\"https:\/\/hijasdejesus.org\/wp-content\/uploads\/2023\/10\/20A-FASFI-3-1024x768.jpeg\" alt=\"\" class=\"wp-image-36953\" srcset=\"https:\/\/hijasdejesus.org\/wp-content\/uploads\/2023\/10\/20A-FASFI-3-980x735.jpeg 980w, https:\/\/hijasdejesus.org\/wp-content\/uploads\/2023\/10\/20A-FASFI-3-480x360.jpeg 480w\" sizes=\"(min-width: 0px) and (max-width: 480px) 480px, (min-width: 481px) and (max-width: 980px) 980px, (min-width: 981px) 1024px, 100vw\" \/><\/figure>\n\n\n\n<figure class=\"wp-block-image size-large\"><img loading=\"lazy\" decoding=\"async\" width=\"1024\" height=\"768\" data-id=\"36981\" src=\"https:\/\/hijasdejesus.org\/wp-content\/uploads\/2023\/10\/20A-FASFI-2-1-1024x768.jpeg\" alt=\"\" class=\"wp-image-36981\" srcset=\"https:\/\/hijasdejesus.org\/wp-content\/uploads\/2023\/10\/20A-FASFI-2-1-980x735.jpeg 980w, https:\/\/hijasdejesus.org\/wp-content\/uploads\/2023\/10\/20A-FASFI-2-1-480x360.jpeg 480w\" sizes=\"(min-width: 0px) and (max-width: 480px) 480px, (min-width: 481px) and (max-width: 980px) 980px, (min-width: 981px) 1024px, 100vw\" \/><\/figure>\n<\/figure>\n\n<p><\/p>\n\n<p>Uma mesa redonda conduzida pela jornalista e Filha de Jesus <strong>\n  <em>Silvia Rozas<\/em>\n<\/strong> deu voz \u00e0s pessoas que, ao responderem a esta pergunta, deram o passo para se tornarem volunt\u00e1rias. Ouvimos <strong>\n  <em>Laura Ruiz e Aroa Mart\u00ednez<\/em>\n<\/strong>volunt\u00e1rios em 2023 e 2022, respetivamente, e <strong>\n  <em>Marisa Ayerdi<\/em>\n<\/strong>delegada de Navarra. Al\u00e9m disso, com a ajuda de <strong>\n  <em>Auxilio Vicente<\/em>\n<\/strong> (vice-presidente da FASFI) e <strong>\n  <em>Pepita Soler<\/em>\n<\/strong> (gestora da Funda\u00e7\u00e3o de 2008 a 2014), ambas Filhas de Jesus, fic\u00e1mos a conhecer as origens da Funda\u00e7\u00e3o.<\/p>\n\n<figure class=\"wp-block-image size-large\"><img loading=\"lazy\" decoding=\"async\" width=\"1024\" height=\"768\" src=\"https:\/\/hijasdejesus.org\/wp-content\/uploads\/2023\/10\/20A-FASFI-4-1-1024x768.jpeg\" alt=\"\" class=\"wp-image-36989\" srcset=\"https:\/\/hijasdejesus.org\/wp-content\/uploads\/2023\/10\/20A-FASFI-4-1-980x735.jpeg 980w, https:\/\/hijasdejesus.org\/wp-content\/uploads\/2023\/10\/20A-FASFI-4-1-480x360.jpeg 480w\" sizes=\"(min-width: 0px) and (max-width: 480px) 480px, (min-width: 481px) and (max-width: 980px) 980px, (min-width: 981px) 1024px, 100vw\" \/><\/figure>\n\n<p>Os \u00faltimos momentos foram dedicados a uma recorda\u00e7\u00e3o emotiva das pessoas que tanto fizeram pela FASFI e que j\u00e1 n\u00e3o est\u00e3o entre n\u00f3s. Men\u00e7\u00e3o especial a <strong>\n  <em>Concha Hortal<\/em>\n<\/strong>primeiro diretor. Foram tamb\u00e9m entregues diferentes pr\u00e9mios a grupos que colaboram com a FASFI, tais como <strong>membros e volunt\u00e1rios<\/strong>, as <strong>escolas da Funda\u00e7\u00e3o Educativa Jesu\u00edta<\/strong> e os seus <strong>professores<\/strong>. \u00c0<strong> Dire\u00e7\u00e3o <\/strong>e, finalmente, \u00e0 <strong>Congrega\u00e7\u00e3o <\/strong>que retribuiu a sua gratid\u00e3o com uma palavra de agradecimento de<strong>\n  <em> Thelma Barbarona<\/em>\n<\/strong>Conselheira Geral encarregada da A\u00e7\u00e3o Social. Reiterou os seus agradecimentos \u00e0 Funda\u00e7\u00e3o <em>pelos seus esfor\u00e7os e empenho em levar ESPERAN\u00c7A e al\u00edvio \u00e0 humanidade sofredora<\/em>. E a todos os parceiros da FASFI:<\/p>\n\n<blockquote class=\"wp-block-quote is-layout-flow wp-block-quote-is-layout-flow\">\n<p>Obrigado pelo vosso incans\u00e1vel servi\u00e7o e empenho ao longo dos anos. Percebestes o que se pede \u00e0s Filhas de Jesus na \u00faltima Determina\u00e7\u00e3o que recebemos: ser b\u00e1lsamo, calor, presen\u00e7a am\u00e1vel, conforto e encorajamento para a humanidade sofredora.<\/p>\n<\/blockquote>\n\n<figure class=\"wp-block-image size-large\"><img loading=\"lazy\" decoding=\"async\" width=\"1024\" height=\"1024\" src=\"https:\/\/hijasdejesus.org\/wp-content\/uploads\/2023\/10\/20A-FASFI-1-1-1024x1024.jpg\" alt=\"\" class=\"wp-image-36973\" srcset=\"https:\/\/hijasdejesus.org\/wp-content\/uploads\/2023\/10\/20A-FASFI-1-1-980x980.jpg 980w, https:\/\/hijasdejesus.org\/wp-content\/uploads\/2023\/10\/20A-FASFI-1-1-480x480.jpg 480w\" sizes=\"(min-width: 0px) and (max-width: 480px) 480px, (min-width: 481px) and (max-width: 980px) 980px, (min-width: 981px) 1024px, 100vw\" \/><\/figure>\n\n<p>Como volunt\u00e1rio,<strong>\n  <em> Manu Escudero<\/em>\n<\/strong> encerrou a comemora\u00e7\u00e3o com a m\u00fasica que comp\u00f4s para esses 20 anos da FASFI:<a href=\"https:\/\/youtu.be\/5Zk-EtiB6j8?feature=shared\">&#8220;Que la esperanza sea de todos los colores<\/a>&#8220;<a href=\"https:\/\/youtu.be\/5Zk-EtiB6j8?feature=shared\">(Que a esperan\u00e7a seja de todas as cores<\/a>).<\/p>\n","protected":false},"excerpt":{"rendered":"<p>&#8220;A capacidade de sonhar das pessoas abre-nos ao futuro&#8230; torna-nos criativos&#8221;. Foi assim que tudo come\u00e7ou Teresa Garc\u00eda Rom\u00e1n FI presidente da FASFI, deu as boas-vindas aos participantes na celebra\u00e7\u00e3o do 20\u00ba anivers\u00e1rio da Funda\u00e7\u00e3o, reunidos no Col\u00e9gio Mar\u00eda Virgen da Funda\u00e7\u00e3o Educativa Jesu\u00edta de Espanha. Mais cedo, o gerente, Pablo Zimmerman n cumprimentou os [&hellip;]<\/p>\n","protected":false},"author":7,"featured_media":36932,"comment_status":"open","ping_status":"open","sticky":false,"template":"","format":"standard","meta":{"_et_pb_use_builder":"off","_et_pb_old_content":"","_et_gb_content_width":"","footnotes":"","_links_to":"","_links_to_target":""},"categories":[523,469],"tags":[],"class_list":["post-37000","post","type-post","status-publish","format-standard","has-post-thumbnail","hentry","category-fasfi-pt-br","category-noticias-pt-br"],"yoast_head":"<!-- This site is optimized with the Yoast SEO plugin v27.4 - https:\/\/yoast.com\/product\/yoast-seo-wordpress\/ -->\n<title>Caminhar juntos torna-nos fortes - 20 anos de FASFI - Hijas de Jes\u00fas<\/title>\n<meta name=\"robots\" content=\"index, follow, max-snippet:-1, max-image-preview:large, max-video-preview:-1\" \/>\n<link rel=\"canonical\" href=\"https:\/\/hijasdejesus.org\/pt-br\/caminar-juntos-nos-hace-fuertes-20-anos-de-fasfi\/\" \/>\n<meta property=\"og:locale\" content=\"pt_BR\" \/>\n<meta property=\"og:type\" content=\"article\" \/>\n<meta property=\"og:title\" content=\"Caminhar juntos torna-nos fortes - 20 anos de FASFI - Hijas de Jes\u00fas\" \/>\n<meta property=\"og:description\" content=\"&#8220;A capacidade de sonhar das pessoas abre-nos ao futuro&#8230; torna-nos criativos&#8221;. Foi assim que tudo come\u00e7ou Teresa Garc\u00eda Rom\u00e1n FI presidente da FASFI, deu as boas-vindas aos participantes na celebra\u00e7\u00e3o do 20\u00ba anivers\u00e1rio da Funda\u00e7\u00e3o, reunidos no Col\u00e9gio Mar\u00eda Virgen da Funda\u00e7\u00e3o Educativa Jesu\u00edta de Espanha. Mais cedo, o gerente, Pablo Zimmerman n cumprimentou os [&hellip;]\" \/>\n<meta property=\"og:url\" content=\"https:\/\/hijasdejesus.org\/pt-br\/caminar-juntos-nos-hace-fuertes-20-anos-de-fasfi\/\" \/>\n<meta property=\"og:site_name\" content=\"Hijas de Jes\u00fas\" \/>\n<meta property=\"article:publisher\" content=\"https:\/\/www.facebook.com\/hijasdejesusenelmundo\/\" \/>\n<meta property=\"article:published_time\" content=\"2023-10-30T16:54:09+00:00\" \/>\n<meta property=\"article:modified_time\" content=\"2024-07-04T11:28:25+00:00\" \/>\n<meta property=\"og:image\" content=\"https:\/\/hijasdejesus.org\/wp-content\/uploads\/2023\/10\/20A-FASFI-5.jpeg\" \/>\n\t<meta property=\"og:image:width\" content=\"1500\" \/>\n\t<meta property=\"og:image:height\" content=\"1000\" \/>\n\t<meta property=\"og:image:type\" content=\"image\/jpeg\" \/>\n<meta name=\"author\" content=\"Maria Jose\" \/>\n<meta name=\"twitter:card\" content=\"summary_large_image\" \/>\n<meta name=\"twitter:creator\" content=\"@hijasdjesus\" \/>\n<meta name=\"twitter:site\" content=\"@hijasdjesus\" \/>\n<meta name=\"twitter:label1\" content=\"Escrito por\" \/>\n\t<meta name=\"twitter:data1\" content=\"Maria Jose\" \/>\n\t<meta name=\"twitter:label2\" content=\"Est. tempo de leitura\" \/>\n\t<meta name=\"twitter:data2\" content=\"3 minutos\" \/>\n<script type=\"application\/ld+json\" class=\"yoast-schema-graph\">{\"@context\":\"https:\\\/\\\/schema.org\",\"@graph\":[{\"@type\":\"Article\",\"@id\":\"https:\\\/\\\/hijasdejesus.org\\\/pt-br\\\/caminar-juntos-nos-hace-fuertes-20-anos-de-fasfi\\\/#article\",\"isPartOf\":{\"@id\":\"https:\\\/\\\/hijasdejesus.org\\\/pt-br\\\/caminar-juntos-nos-hace-fuertes-20-anos-de-fasfi\\\/\"},\"author\":{\"name\":\"Maria Jose\",\"@id\":\"https:\\\/\\\/hijasdejesus.org\\\/pt-br\\\/#\\\/schema\\\/person\\\/fe794e79d9d612a993451d2d887ad731\"},\"headline\":\"Caminhar juntos torna-nos fortes &#8211; 20 anos de FASFI\",\"datePublished\":\"2023-10-30T16:54:09+00:00\",\"dateModified\":\"2024-07-04T11:28:25+00:00\",\"mainEntityOfPage\":{\"@id\":\"https:\\\/\\\/hijasdejesus.org\\\/pt-br\\\/caminar-juntos-nos-hace-fuertes-20-anos-de-fasfi\\\/\"},\"wordCount\":663,\"commentCount\":0,\"publisher\":{\"@id\":\"https:\\\/\\\/hijasdejesus.org\\\/pt-br\\\/#organization\"},\"image\":{\"@id\":\"https:\\\/\\\/hijasdejesus.org\\\/pt-br\\\/caminar-juntos-nos-hace-fuertes-20-anos-de-fasfi\\\/#primaryimage\"},\"thumbnailUrl\":\"https:\\\/\\\/hijasdejesus.org\\\/wp-content\\\/uploads\\\/2023\\\/10\\\/20A-FASFI-5.jpeg\",\"articleSection\":[\"FASFI\",\"Not\u00edcias\"],\"inLanguage\":\"pt-BR\",\"potentialAction\":[{\"@type\":\"CommentAction\",\"name\":\"Comment\",\"target\":[\"https:\\\/\\\/hijasdejesus.org\\\/pt-br\\\/caminar-juntos-nos-hace-fuertes-20-anos-de-fasfi\\\/#respond\"]}]},{\"@type\":\"WebPage\",\"@id\":\"https:\\\/\\\/hijasdejesus.org\\\/pt-br\\\/caminar-juntos-nos-hace-fuertes-20-anos-de-fasfi\\\/\",\"url\":\"https:\\\/\\\/hijasdejesus.org\\\/pt-br\\\/caminar-juntos-nos-hace-fuertes-20-anos-de-fasfi\\\/\",\"name\":\"Caminhar juntos torna-nos fortes - 20 anos de FASFI - Hijas de Jes\u00fas\",\"isPartOf\":{\"@id\":\"https:\\\/\\\/hijasdejesus.org\\\/pt-br\\\/#website\"},\"primaryImageOfPage\":{\"@id\":\"https:\\\/\\\/hijasdejesus.org\\\/pt-br\\\/caminar-juntos-nos-hace-fuertes-20-anos-de-fasfi\\\/#primaryimage\"},\"image\":{\"@id\":\"https:\\\/\\\/hijasdejesus.org\\\/pt-br\\\/caminar-juntos-nos-hace-fuertes-20-anos-de-fasfi\\\/#primaryimage\"},\"thumbnailUrl\":\"https:\\\/\\\/hijasdejesus.org\\\/wp-content\\\/uploads\\\/2023\\\/10\\\/20A-FASFI-5.jpeg\",\"datePublished\":\"2023-10-30T16:54:09+00:00\",\"dateModified\":\"2024-07-04T11:28:25+00:00\",\"breadcrumb\":{\"@id\":\"https:\\\/\\\/hijasdejesus.org\\\/pt-br\\\/caminar-juntos-nos-hace-fuertes-20-anos-de-fasfi\\\/#breadcrumb\"},\"inLanguage\":\"pt-BR\",\"potentialAction\":[{\"@type\":\"ReadAction\",\"target\":[\"https:\\\/\\\/hijasdejesus.org\\\/pt-br\\\/caminar-juntos-nos-hace-fuertes-20-anos-de-fasfi\\\/\"]}]},{\"@type\":\"ImageObject\",\"inLanguage\":\"pt-BR\",\"@id\":\"https:\\\/\\\/hijasdejesus.org\\\/pt-br\\\/caminar-juntos-nos-hace-fuertes-20-anos-de-fasfi\\\/#primaryimage\",\"url\":\"https:\\\/\\\/hijasdejesus.org\\\/wp-content\\\/uploads\\\/2023\\\/10\\\/20A-FASFI-5.jpeg\",\"contentUrl\":\"https:\\\/\\\/hijasdejesus.org\\\/wp-content\\\/uploads\\\/2023\\\/10\\\/20A-FASFI-5.jpeg\",\"width\":1500,\"height\":1000},{\"@type\":\"BreadcrumbList\",\"@id\":\"https:\\\/\\\/hijasdejesus.org\\\/pt-br\\\/caminar-juntos-nos-hace-fuertes-20-anos-de-fasfi\\\/#breadcrumb\",\"itemListElement\":[{\"@type\":\"ListItem\",\"position\":1,\"name\":\"Portada\",\"item\":\"https:\\\/\\\/hijasdejesus.org\\\/pt-br\\\/\"},{\"@type\":\"ListItem\",\"position\":2,\"name\":\"Caminhar juntos torna-nos fortes &#8211; 20 anos de FASFI\"}]},{\"@type\":\"WebSite\",\"@id\":\"https:\\\/\\\/hijasdejesus.org\\\/pt-br\\\/#website\",\"url\":\"https:\\\/\\\/hijasdejesus.org\\\/pt-br\\\/\",\"name\":\"Hijas de Jes\u00fas\",\"description\":\"Despertamos a Jes\u00fas en el coraz\u00f3n, sacando lo mejor de las personas. Somos una congregaci\u00f3n religiosa ignaciana fundada por la Madre Candida\",\"publisher\":{\"@id\":\"https:\\\/\\\/hijasdejesus.org\\\/pt-br\\\/#organization\"},\"potentialAction\":[{\"@type\":\"SearchAction\",\"target\":{\"@type\":\"EntryPoint\",\"urlTemplate\":\"https:\\\/\\\/hijasdejesus.org\\\/pt-br\\\/?s={search_term_string}\"},\"query-input\":{\"@type\":\"PropertyValueSpecification\",\"valueRequired\":true,\"valueName\":\"search_term_string\"}}],\"inLanguage\":\"pt-BR\"},{\"@type\":\"Organization\",\"@id\":\"https:\\\/\\\/hijasdejesus.org\\\/pt-br\\\/#organization\",\"name\":\"Hijas de Jes\u00fas\",\"url\":\"https:\\\/\\\/hijasdejesus.org\\\/pt-br\\\/\",\"logo\":{\"@type\":\"ImageObject\",\"inLanguage\":\"pt-BR\",\"@id\":\"https:\\\/\\\/hijasdejesus.org\\\/pt-br\\\/#\\\/schema\\\/logo\\\/image\\\/\",\"url\":\"https:\\\/\\\/hijasdejesus.org\\\/wp-content\\\/uploads\\\/2023\\\/01\\\/Hijas-de-Jesus_hor-A7C957.png\",\"contentUrl\":\"https:\\\/\\\/hijasdejesus.org\\\/wp-content\\\/uploads\\\/2023\\\/01\\\/Hijas-de-Jesus_hor-A7C957.png\",\"width\":700,\"height\":360,\"caption\":\"Hijas de Jes\u00fas\"},\"image\":{\"@id\":\"https:\\\/\\\/hijasdejesus.org\\\/pt-br\\\/#\\\/schema\\\/logo\\\/image\\\/\"},\"sameAs\":[\"https:\\\/\\\/www.facebook.com\\\/hijasdejesusenelmundo\\\/\",\"https:\\\/\\\/x.com\\\/hijasdjesus\"]},{\"@type\":\"Person\",\"@id\":\"https:\\\/\\\/hijasdejesus.org\\\/pt-br\\\/#\\\/schema\\\/person\\\/fe794e79d9d612a993451d2d887ad731\",\"name\":\"Maria Jose\",\"image\":{\"@type\":\"ImageObject\",\"inLanguage\":\"pt-BR\",\"@id\":\"https:\\\/\\\/secure.gravatar.com\\\/avatar\\\/e4747d4a34da9de60dbc74416afcd5b48db8bf40dc7c1d42c329ff225b10b863?s=96&d=mm&r=g\",\"url\":\"https:\\\/\\\/secure.gravatar.com\\\/avatar\\\/e4747d4a34da9de60dbc74416afcd5b48db8bf40dc7c1d42c329ff225b10b863?s=96&d=mm&r=g\",\"contentUrl\":\"https:\\\/\\\/secure.gravatar.com\\\/avatar\\\/e4747d4a34da9de60dbc74416afcd5b48db8bf40dc7c1d42c329ff225b10b863?s=96&d=mm&r=g\",\"caption\":\"Maria Jose\"},\"url\":\"https:\\\/\\\/hijasdejesus.org\\\/pt-br\\\/author\\\/mariajose\\\/\"}]}<\/script>\n<!-- \/ Yoast SEO plugin. -->","yoast_head_json":{"title":"Caminhar juntos torna-nos fortes - 20 anos de FASFI - Hijas de Jes\u00fas","robots":{"index":"index","follow":"follow","max-snippet":"max-snippet:-1","max-image-preview":"max-image-preview:large","max-video-preview":"max-video-preview:-1"},"canonical":"https:\/\/hijasdejesus.org\/pt-br\/caminar-juntos-nos-hace-fuertes-20-anos-de-fasfi\/","og_locale":"pt_BR","og_type":"article","og_title":"Caminhar juntos torna-nos fortes - 20 anos de FASFI - Hijas de Jes\u00fas","og_description":"&#8220;A capacidade de sonhar das pessoas abre-nos ao futuro&#8230; torna-nos criativos&#8221;. Foi assim que tudo come\u00e7ou Teresa Garc\u00eda Rom\u00e1n FI presidente da FASFI, deu as boas-vindas aos participantes na celebra\u00e7\u00e3o do 20\u00ba anivers\u00e1rio da Funda\u00e7\u00e3o, reunidos no Col\u00e9gio Mar\u00eda Virgen da Funda\u00e7\u00e3o Educativa Jesu\u00edta de Espanha. Mais cedo, o gerente, Pablo Zimmerman n cumprimentou os [&hellip;]","og_url":"https:\/\/hijasdejesus.org\/pt-br\/caminar-juntos-nos-hace-fuertes-20-anos-de-fasfi\/","og_site_name":"Hijas de Jes\u00fas","article_publisher":"https:\/\/www.facebook.com\/hijasdejesusenelmundo\/","article_published_time":"2023-10-30T16:54:09+00:00","article_modified_time":"2024-07-04T11:28:25+00:00","og_image":[{"width":1500,"height":1000,"url":"https:\/\/hijasdejesus.org\/wp-content\/uploads\/2023\/10\/20A-FASFI-5.jpeg","type":"image\/jpeg"}],"author":"Maria Jose","twitter_card":"summary_large_image","twitter_creator":"@hijasdjesus","twitter_site":"@hijasdjesus","twitter_misc":{"Escrito por":"Maria Jose","Est. tempo de leitura":"3 minutos"},"schema":{"@context":"https:\/\/schema.org","@graph":[{"@type":"Article","@id":"https:\/\/hijasdejesus.org\/pt-br\/caminar-juntos-nos-hace-fuertes-20-anos-de-fasfi\/#article","isPartOf":{"@id":"https:\/\/hijasdejesus.org\/pt-br\/caminar-juntos-nos-hace-fuertes-20-anos-de-fasfi\/"},"author":{"name":"Maria Jose","@id":"https:\/\/hijasdejesus.org\/pt-br\/#\/schema\/person\/fe794e79d9d612a993451d2d887ad731"},"headline":"Caminhar juntos torna-nos fortes &#8211; 20 anos de FASFI","datePublished":"2023-10-30T16:54:09+00:00","dateModified":"2024-07-04T11:28:25+00:00","mainEntityOfPage":{"@id":"https:\/\/hijasdejesus.org\/pt-br\/caminar-juntos-nos-hace-fuertes-20-anos-de-fasfi\/"},"wordCount":663,"commentCount":0,"publisher":{"@id":"https:\/\/hijasdejesus.org\/pt-br\/#organization"},"image":{"@id":"https:\/\/hijasdejesus.org\/pt-br\/caminar-juntos-nos-hace-fuertes-20-anos-de-fasfi\/#primaryimage"},"thumbnailUrl":"https:\/\/hijasdejesus.org\/wp-content\/uploads\/2023\/10\/20A-FASFI-5.jpeg","articleSection":["FASFI","Not\u00edcias"],"inLanguage":"pt-BR","potentialAction":[{"@type":"CommentAction","name":"Comment","target":["https:\/\/hijasdejesus.org\/pt-br\/caminar-juntos-nos-hace-fuertes-20-anos-de-fasfi\/#respond"]}]},{"@type":"WebPage","@id":"https:\/\/hijasdejesus.org\/pt-br\/caminar-juntos-nos-hace-fuertes-20-anos-de-fasfi\/","url":"https:\/\/hijasdejesus.org\/pt-br\/caminar-juntos-nos-hace-fuertes-20-anos-de-fasfi\/","name":"Caminhar juntos torna-nos fortes - 20 anos de FASFI - Hijas de Jes\u00fas","isPartOf":{"@id":"https:\/\/hijasdejesus.org\/pt-br\/#website"},"primaryImageOfPage":{"@id":"https:\/\/hijasdejesus.org\/pt-br\/caminar-juntos-nos-hace-fuertes-20-anos-de-fasfi\/#primaryimage"},"image":{"@id":"https:\/\/hijasdejesus.org\/pt-br\/caminar-juntos-nos-hace-fuertes-20-anos-de-fasfi\/#primaryimage"},"thumbnailUrl":"https:\/\/hijasdejesus.org\/wp-content\/uploads\/2023\/10\/20A-FASFI-5.jpeg","datePublished":"2023-10-30T16:54:09+00:00","dateModified":"2024-07-04T11:28:25+00:00","breadcrumb":{"@id":"https:\/\/hijasdejesus.org\/pt-br\/caminar-juntos-nos-hace-fuertes-20-anos-de-fasfi\/#breadcrumb"},"inLanguage":"pt-BR","potentialAction":[{"@type":"ReadAction","target":["https:\/\/hijasdejesus.org\/pt-br\/caminar-juntos-nos-hace-fuertes-20-anos-de-fasfi\/"]}]},{"@type":"ImageObject","inLanguage":"pt-BR","@id":"https:\/\/hijasdejesus.org\/pt-br\/caminar-juntos-nos-hace-fuertes-20-anos-de-fasfi\/#primaryimage","url":"https:\/\/hijasdejesus.org\/wp-content\/uploads\/2023\/10\/20A-FASFI-5.jpeg","contentUrl":"https:\/\/hijasdejesus.org\/wp-content\/uploads\/2023\/10\/20A-FASFI-5.jpeg","width":1500,"height":1000},{"@type":"BreadcrumbList","@id":"https:\/\/hijasdejesus.org\/pt-br\/caminar-juntos-nos-hace-fuertes-20-anos-de-fasfi\/#breadcrumb","itemListElement":[{"@type":"ListItem","position":1,"name":"Portada","item":"https:\/\/hijasdejesus.org\/pt-br\/"},{"@type":"ListItem","position":2,"name":"Caminhar juntos torna-nos fortes &#8211; 20 anos de FASFI"}]},{"@type":"WebSite","@id":"https:\/\/hijasdejesus.org\/pt-br\/#website","url":"https:\/\/hijasdejesus.org\/pt-br\/","name":"Hijas de Jes\u00fas","description":"Despertamos a Jes\u00fas en el coraz\u00f3n, sacando lo mejor de las personas. Somos una congregaci\u00f3n religiosa ignaciana fundada por la Madre Candida","publisher":{"@id":"https:\/\/hijasdejesus.org\/pt-br\/#organization"},"potentialAction":[{"@type":"SearchAction","target":{"@type":"EntryPoint","urlTemplate":"https:\/\/hijasdejesus.org\/pt-br\/?s={search_term_string}"},"query-input":{"@type":"PropertyValueSpecification","valueRequired":true,"valueName":"search_term_string"}}],"inLanguage":"pt-BR"},{"@type":"Organization","@id":"https:\/\/hijasdejesus.org\/pt-br\/#organization","name":"Hijas de Jes\u00fas","url":"https:\/\/hijasdejesus.org\/pt-br\/","logo":{"@type":"ImageObject","inLanguage":"pt-BR","@id":"https:\/\/hijasdejesus.org\/pt-br\/#\/schema\/logo\/image\/","url":"https:\/\/hijasdejesus.org\/wp-content\/uploads\/2023\/01\/Hijas-de-Jesus_hor-A7C957.png","contentUrl":"https:\/\/hijasdejesus.org\/wp-content\/uploads\/2023\/01\/Hijas-de-Jesus_hor-A7C957.png","width":700,"height":360,"caption":"Hijas de Jes\u00fas"},"image":{"@id":"https:\/\/hijasdejesus.org\/pt-br\/#\/schema\/logo\/image\/"},"sameAs":["https:\/\/www.facebook.com\/hijasdejesusenelmundo\/","https:\/\/x.com\/hijasdjesus"]},{"@type":"Person","@id":"https:\/\/hijasdejesus.org\/pt-br\/#\/schema\/person\/fe794e79d9d612a993451d2d887ad731","name":"Maria Jose","image":{"@type":"ImageObject","inLanguage":"pt-BR","@id":"https:\/\/secure.gravatar.com\/avatar\/e4747d4a34da9de60dbc74416afcd5b48db8bf40dc7c1d42c329ff225b10b863?s=96&d=mm&r=g","url":"https:\/\/secure.gravatar.com\/avatar\/e4747d4a34da9de60dbc74416afcd5b48db8bf40dc7c1d42c329ff225b10b863?s=96&d=mm&r=g","contentUrl":"https:\/\/secure.gravatar.com\/avatar\/e4747d4a34da9de60dbc74416afcd5b48db8bf40dc7c1d42c329ff225b10b863?s=96&d=mm&r=g","caption":"Maria Jose"},"url":"https:\/\/hijasdejesus.org\/pt-br\/author\/mariajose\/"}]}},"_links":{"self":[{"href":"https:\/\/hijasdejesus.org\/pt-br\/wp-json\/wp\/v2\/posts\/37000","targetHints":{"allow":["GET"]}}],"collection":[{"href":"https:\/\/hijasdejesus.org\/pt-br\/wp-json\/wp\/v2\/posts"}],"about":[{"href":"https:\/\/hijasdejesus.org\/pt-br\/wp-json\/wp\/v2\/types\/post"}],"author":[{"embeddable":true,"href":"https:\/\/hijasdejesus.org\/pt-br\/wp-json\/wp\/v2\/users\/7"}],"replies":[{"embeddable":true,"href":"https:\/\/hijasdejesus.org\/pt-br\/wp-json\/wp\/v2\/comments?post=37000"}],"version-history":[{"count":5,"href":"https:\/\/hijasdejesus.org\/pt-br\/wp-json\/wp\/v2\/posts\/37000\/revisions"}],"predecessor-version":[{"id":40360,"href":"https:\/\/hijasdejesus.org\/pt-br\/wp-json\/wp\/v2\/posts\/37000\/revisions\/40360"}],"wp:featuredmedia":[{"embeddable":true,"href":"https:\/\/hijasdejesus.org\/pt-br\/wp-json\/wp\/v2\/media\/36932"}],"wp:attachment":[{"href":"https:\/\/hijasdejesus.org\/pt-br\/wp-json\/wp\/v2\/media?parent=37000"}],"wp:term":[{"taxonomy":"category","embeddable":true,"href":"https:\/\/hijasdejesus.org\/pt-br\/wp-json\/wp\/v2\/categories?post=37000"},{"taxonomy":"post_tag","embeddable":true,"href":"https:\/\/hijasdejesus.org\/pt-br\/wp-json\/wp\/v2\/tags?post=37000"}],"curies":[{"name":"wp","href":"https:\/\/api.w.org\/{rel}","templated":true}]}}