{"id":37210,"date":"2023-11-16T20:20:00","date_gmt":"2023-11-16T19:20:00","guid":{"rendered":"https:\/\/hijasdejesus.org\/a-educacao-de-que-o-nosso-mundo-precisa\/"},"modified":"2024-07-04T13:20:09","modified_gmt":"2024-07-04T11:20:09","slug":"a-educacao-de-que-o-nosso-mundo-precisa","status":"publish","type":"post","link":"https:\/\/hijasdejesus.org\/pt-br\/a-educacao-de-que-o-nosso-mundo-precisa\/","title":{"rendered":"A educa\u00e7\u00e3o de que o nosso mundo precisa"},"content":{"rendered":"\n<p>\u00c9 uma alegria ver o selo do<strong> Pacto Mundial para a Educa\u00e7\u00e3o (P<\/strong> GE) nas escolas dirigidas pelas Filhas de Jesus na Rep\u00fablica Dominicana. Fomos informados da ades\u00e3o de quatro novas escolas: <strong>Escuela Virgen del Carmen, em La Ci\u00e9naga, Santo Domingo; Escuela Laboral La Inmaculada, em Cotu\u00ed; Escuela Laboral Virgen de las Mercedes e Escuela T\u00e9cnica San Mart\u00edn de Porres, em Santiago de los Caballeros<\/strong>. Metade das &#8220;nossas&#8221; escolas no mundo j\u00e1 est\u00e3o neste caminho.<\/p>\n\n<figure class=\"wp-block-image size-large\"><img loading=\"lazy\" decoding=\"async\" width=\"1024\" height=\"584\" src=\"https:\/\/hijasdejesus.org\/wp-content\/uploads\/2023\/11\/S-Martin-Porres-Tecnica-1024x584.jpg\" alt=\"\" class=\"wp-image-37189\" srcset=\"https:\/\/hijasdejesus.org\/wp-content\/uploads\/2023\/11\/S-Martin-Porres-Tecnica-1024x584.jpg 1024w, https:\/\/hijasdejesus.org\/wp-content\/uploads\/2023\/11\/S-Martin-Porres-Tecnica-980x559.jpg 980w, https:\/\/hijasdejesus.org\/wp-content\/uploads\/2023\/11\/S-Martin-Porres-Tecnica-480x274.jpg 480w\" sizes=\"(min-width: 0px) and (max-width: 480px) 480px, (min-width: 481px) and (max-width: 980px) 980px, (min-width: 981px) 1024px, 100vw\" \/><\/figure>\n\n<p>O PEG destaca estas sete necessidades do nosso mundo:<\/p>\n\n<ol class=\"wp-block-list\" start=\"1\">\n<li><strong>Colocar a pessoa no centro<\/strong>, fazer sobressair a sua especificidade.<\/li>\n\n\n\n<li>Ouvir a voz das crian\u00e7as, ouvir a <strong>gera\u00e7\u00e3o mais jovem<\/strong>.<\/li>\n\n\n\n<li>Participa\u00e7\u00e3o plena das raparigas e das mulheres jovens, <strong>promo\u00e7\u00e3o das mulheres<\/strong>.<\/li>\n\n\n\n<li>Responsabilizar a <strong>fam\u00edlia, o primeiro educador<\/strong>.<\/li>\n\n\n\n<li>Estar aberto para <strong>acolher, estar aberto para os mais vulner\u00e1veis<\/strong>.<\/li>\n\n\n\n<li>Renovar a economia e a pol\u00edtica, <strong>educar para um outro modelo de desenvolvimento<\/strong>.<\/li>\n\n\n\n<li><strong>Cuidar da casa comum<\/strong>, proteger os seus recursos e respeitar o ambiente.<\/li>\n<\/ol>\n\n<figure class=\"wp-block-video\"><video height=\"720\" style=\"aspect-ratio: 1280 \/ 720;\" width=\"1280\" controls=\"\" src=\"https:\/\/hijasdejesus.org\/wp-content\/uploads\/2023\/11\/Escuela-Laboral-Virgen-de-las-Mercedes.mp4\"><\/video><\/figure>\n\n<figure class=\"wp-block-video\"><video height=\"480\" style=\"aspect-ratio: 848 \/ 480;\" width=\"848\" controls=\"\" src=\"https:\/\/hijasdejesus.org\/wp-content\/uploads\/2023\/11\/Escuela-Laboral-La-Inmaculada.mp4\"><\/video><\/figure>\n\n<figure class=\"wp-block-video\"><video height=\"544\" style=\"aspect-ratio: 960 \/ 544;\" width=\"960\" controls=\"\" src=\"https:\/\/hijasdejesus.org\/wp-content\/uploads\/2023\/11\/Escuela-Virgen-Del-Carmen.mp4\"><\/video><\/figure>\n\n<p>O <strong>\n  <a href=\"https:\/\/www.educationglobalcompact.org\/resources\/Risorse\/vademecum-espanol.pdf\">Vademecum<\/a>\n<\/strong> \u00e9 um documento que o explica de forma simples.  <\/p>\n\n<p>No final de 2022, incentiv\u00e1mos as escolas que seguem o modo de educar da Madre C\u00e2ndida a juntarem-se a esta preocupa\u00e7\u00e3o do Papa Francisco, a conhecerem a <strong>sua proposta e a perguntarem-se se est\u00e3o comprometidas com ela<\/strong>. Como sinal de uma resposta afirmativa <strong>, o log\u00f3tipo do Pacto \u00e9 colocado em locais vis\u00edveis<\/strong> como a entrada do Centro, o seu s\u00edtio Web, os cabe\u00e7alhos dos documentos, etc. Isto leva-nos \u00e0 <strong>FASE I<\/strong>. N\u00e3o importa que n\u00e3o tenhamos entrado na altura.  <strong>H\u00e1 sempre tempo para o fazer!<\/strong>  As escolas s\u00f3 t\u00eam de apresentar uma fotografia que reflicta a sua filia\u00e7\u00e3o e uma breve comunica\u00e7\u00e3o. E assim, atrav\u00e9s deste s\u00edtio Web, estamos a comunicar quem se junta a n\u00f3s.<\/p>\n\n<p>A assinatura de um pacto n\u00e3o \u00e9 suficiente. Para avan\u00e7ar, abre-se uma <strong>FASE II<\/strong>: <strong>ANALISAMOS SE A ACTIVIDADE E O CLIMA EDUCATIVO DO CENTRO EST\u00c3O EM CONFORMIDADE COM O QUE FOI ASSINADO<\/strong>. Como \u00e9 importante rever a coer\u00eancia com os princ\u00edpios que animam a nossa vida! A paz, de que tanto necessitamos atualmente, tem muito a ver com a abordagem destas sete quest\u00f5es.<\/p>\n\n<p><strong><em>Mar\u00eda Teresa Pinto FI.<\/em><\/strong><\/p>\n","protected":false},"excerpt":{"rendered":"<p>\u00c9 uma alegria ver o selo do Pacto Mundial para a Educa\u00e7\u00e3o (P GE) nas escolas dirigidas pelas Filhas de Jesus na Rep\u00fablica Dominicana. Fomos informados da ades\u00e3o de quatro novas escolas: Escuela Virgen del Carmen, em La Ci\u00e9naga, Santo Domingo; Escuela Laboral La Inmaculada, em Cotu\u00ed; Escuela Laboral Virgen de las Mercedes e Escuela [&hellip;]<\/p>\n","protected":false},"author":2,"featured_media":37204,"comment_status":"closed","ping_status":"closed","sticky":false,"template":"","format":"standard","meta":{"_et_pb_use_builder":"off","_et_pb_old_content":"","_et_gb_content_width":"","footnotes":"","_links_to":"","_links_to_target":""},"categories":[517,469,543],"tags":[],"class_list":["post-37210","post","type-post","status-publish","format-standard","has-post-thumbnail","hentry","category-educacao","category-noticias-pt-br","category-republica-dominicana-pt-br"],"yoast_head":"<!-- This site is optimized with the Yoast SEO plugin v27.4 - https:\/\/yoast.com\/product\/yoast-seo-wordpress\/ -->\n<title>A educa\u00e7\u00e3o de que o nosso mundo precisa - Hijas de Jes\u00fas<\/title>\n<meta name=\"robots\" content=\"index, follow, max-snippet:-1, max-image-preview:large, max-video-preview:-1\" \/>\n<link rel=\"canonical\" href=\"https:\/\/hijasdejesus.org\/pt-br\/a-educacao-de-que-o-nosso-mundo-precisa\/\" \/>\n<meta property=\"og:locale\" content=\"pt_BR\" \/>\n<meta property=\"og:type\" content=\"article\" \/>\n<meta property=\"og:title\" content=\"A educa\u00e7\u00e3o de que o nosso mundo precisa - Hijas de Jes\u00fas\" \/>\n<meta property=\"og:description\" content=\"\u00c9 uma alegria ver o selo do Pacto Mundial para a Educa\u00e7\u00e3o (P GE) nas escolas dirigidas pelas Filhas de Jesus na Rep\u00fablica Dominicana. Fomos informados da ades\u00e3o de quatro novas escolas: Escuela Virgen del Carmen, em La Ci\u00e9naga, Santo Domingo; Escuela Laboral La Inmaculada, em Cotu\u00ed; Escuela Laboral Virgen de las Mercedes e Escuela [&hellip;]\" \/>\n<meta property=\"og:url\" content=\"https:\/\/hijasdejesus.org\/pt-br\/a-educacao-de-que-o-nosso-mundo-precisa\/\" \/>\n<meta property=\"og:site_name\" content=\"Hijas de Jes\u00fas\" \/>\n<meta property=\"article:publisher\" content=\"https:\/\/www.facebook.com\/hijasdejesusenelmundo\/\" \/>\n<meta property=\"article:published_time\" content=\"2023-11-16T19:20:00+00:00\" \/>\n<meta property=\"article:modified_time\" content=\"2024-07-04T11:20:09+00:00\" \/>\n<meta property=\"og:image\" content=\"https:\/\/hijasdejesus.org\/wp-content\/uploads\/2023\/11\/Portada-web-2.png\" \/>\n\t<meta property=\"og:image:width\" content=\"1748\" \/>\n\t<meta property=\"og:image:height\" content=\"1240\" \/>\n\t<meta property=\"og:image:type\" content=\"image\/png\" \/>\n<meta name=\"author\" content=\"Beatriz Concejo\" \/>\n<meta name=\"twitter:card\" content=\"summary_large_image\" \/>\n<meta name=\"twitter:creator\" content=\"@hijasdjesus\" \/>\n<meta name=\"twitter:site\" content=\"@hijasdjesus\" \/>\n<meta name=\"twitter:label1\" content=\"Escrito por\" \/>\n\t<meta name=\"twitter:data1\" content=\"Beatriz Concejo\" \/>\n\t<meta name=\"twitter:label2\" content=\"Est. tempo de leitura\" \/>\n\t<meta name=\"twitter:data2\" content=\"2 minutos\" \/>\n<script type=\"application\/ld+json\" class=\"yoast-schema-graph\">{\"@context\":\"https:\\\/\\\/schema.org\",\"@graph\":[{\"@type\":\"Article\",\"@id\":\"https:\\\/\\\/hijasdejesus.org\\\/pt-br\\\/a-educacao-de-que-o-nosso-mundo-precisa\\\/#article\",\"isPartOf\":{\"@id\":\"https:\\\/\\\/hijasdejesus.org\\\/pt-br\\\/a-educacao-de-que-o-nosso-mundo-precisa\\\/\"},\"author\":{\"name\":\"Beatriz Concejo\",\"@id\":\"https:\\\/\\\/hijasdejesus.org\\\/pt-br\\\/#\\\/schema\\\/person\\\/a89333d7c811935bc234f49793356474\"},\"headline\":\"A educa\u00e7\u00e3o de que o nosso mundo precisa\",\"datePublished\":\"2023-11-16T19:20:00+00:00\",\"dateModified\":\"2024-07-04T11:20:09+00:00\",\"mainEntityOfPage\":{\"@id\":\"https:\\\/\\\/hijasdejesus.org\\\/pt-br\\\/a-educacao-de-que-o-nosso-mundo-precisa\\\/\"},\"wordCount\":389,\"publisher\":{\"@id\":\"https:\\\/\\\/hijasdejesus.org\\\/pt-br\\\/#organization\"},\"image\":{\"@id\":\"https:\\\/\\\/hijasdejesus.org\\\/pt-br\\\/a-educacao-de-que-o-nosso-mundo-precisa\\\/#primaryimage\"},\"thumbnailUrl\":\"https:\\\/\\\/hijasdejesus.org\\\/wp-content\\\/uploads\\\/2023\\\/11\\\/Portada-web-2.png\",\"articleSection\":[\"Educa\u00e7\u00e3o\",\"Not\u00edcias\",\"Rep\u00fablica Dominicana\"],\"inLanguage\":\"pt-BR\"},{\"@type\":\"WebPage\",\"@id\":\"https:\\\/\\\/hijasdejesus.org\\\/pt-br\\\/a-educacao-de-que-o-nosso-mundo-precisa\\\/\",\"url\":\"https:\\\/\\\/hijasdejesus.org\\\/pt-br\\\/a-educacao-de-que-o-nosso-mundo-precisa\\\/\",\"name\":\"A educa\u00e7\u00e3o de que o nosso mundo precisa - Hijas de Jes\u00fas\",\"isPartOf\":{\"@id\":\"https:\\\/\\\/hijasdejesus.org\\\/pt-br\\\/#website\"},\"primaryImageOfPage\":{\"@id\":\"https:\\\/\\\/hijasdejesus.org\\\/pt-br\\\/a-educacao-de-que-o-nosso-mundo-precisa\\\/#primaryimage\"},\"image\":{\"@id\":\"https:\\\/\\\/hijasdejesus.org\\\/pt-br\\\/a-educacao-de-que-o-nosso-mundo-precisa\\\/#primaryimage\"},\"thumbnailUrl\":\"https:\\\/\\\/hijasdejesus.org\\\/wp-content\\\/uploads\\\/2023\\\/11\\\/Portada-web-2.png\",\"datePublished\":\"2023-11-16T19:20:00+00:00\",\"dateModified\":\"2024-07-04T11:20:09+00:00\",\"breadcrumb\":{\"@id\":\"https:\\\/\\\/hijasdejesus.org\\\/pt-br\\\/a-educacao-de-que-o-nosso-mundo-precisa\\\/#breadcrumb\"},\"inLanguage\":\"pt-BR\",\"potentialAction\":[{\"@type\":\"ReadAction\",\"target\":[\"https:\\\/\\\/hijasdejesus.org\\\/pt-br\\\/a-educacao-de-que-o-nosso-mundo-precisa\\\/\"]}]},{\"@type\":\"ImageObject\",\"inLanguage\":\"pt-BR\",\"@id\":\"https:\\\/\\\/hijasdejesus.org\\\/pt-br\\\/a-educacao-de-que-o-nosso-mundo-precisa\\\/#primaryimage\",\"url\":\"https:\\\/\\\/hijasdejesus.org\\\/wp-content\\\/uploads\\\/2023\\\/11\\\/Portada-web-2.png\",\"contentUrl\":\"https:\\\/\\\/hijasdejesus.org\\\/wp-content\\\/uploads\\\/2023\\\/11\\\/Portada-web-2.png\",\"width\":1748,\"height\":1240},{\"@type\":\"BreadcrumbList\",\"@id\":\"https:\\\/\\\/hijasdejesus.org\\\/pt-br\\\/a-educacao-de-que-o-nosso-mundo-precisa\\\/#breadcrumb\",\"itemListElement\":[{\"@type\":\"ListItem\",\"position\":1,\"name\":\"Portada\",\"item\":\"https:\\\/\\\/hijasdejesus.org\\\/pt-br\\\/\"},{\"@type\":\"ListItem\",\"position\":2,\"name\":\"A educa\u00e7\u00e3o de que o nosso mundo precisa\"}]},{\"@type\":\"WebSite\",\"@id\":\"https:\\\/\\\/hijasdejesus.org\\\/pt-br\\\/#website\",\"url\":\"https:\\\/\\\/hijasdejesus.org\\\/pt-br\\\/\",\"name\":\"Hijas de Jes\u00fas\",\"description\":\"Despertamos a Jes\u00fas en el coraz\u00f3n, sacando lo mejor de las personas. Somos una congregaci\u00f3n religiosa ignaciana fundada por la Madre Candida\",\"publisher\":{\"@id\":\"https:\\\/\\\/hijasdejesus.org\\\/pt-br\\\/#organization\"},\"potentialAction\":[{\"@type\":\"SearchAction\",\"target\":{\"@type\":\"EntryPoint\",\"urlTemplate\":\"https:\\\/\\\/hijasdejesus.org\\\/pt-br\\\/?s={search_term_string}\"},\"query-input\":{\"@type\":\"PropertyValueSpecification\",\"valueRequired\":true,\"valueName\":\"search_term_string\"}}],\"inLanguage\":\"pt-BR\"},{\"@type\":\"Organization\",\"@id\":\"https:\\\/\\\/hijasdejesus.org\\\/pt-br\\\/#organization\",\"name\":\"Hijas de Jes\u00fas\",\"url\":\"https:\\\/\\\/hijasdejesus.org\\\/pt-br\\\/\",\"logo\":{\"@type\":\"ImageObject\",\"inLanguage\":\"pt-BR\",\"@id\":\"https:\\\/\\\/hijasdejesus.org\\\/pt-br\\\/#\\\/schema\\\/logo\\\/image\\\/\",\"url\":\"https:\\\/\\\/hijasdejesus.org\\\/wp-content\\\/uploads\\\/2023\\\/01\\\/Hijas-de-Jesus_hor-A7C957.png\",\"contentUrl\":\"https:\\\/\\\/hijasdejesus.org\\\/wp-content\\\/uploads\\\/2023\\\/01\\\/Hijas-de-Jesus_hor-A7C957.png\",\"width\":700,\"height\":360,\"caption\":\"Hijas de Jes\u00fas\"},\"image\":{\"@id\":\"https:\\\/\\\/hijasdejesus.org\\\/pt-br\\\/#\\\/schema\\\/logo\\\/image\\\/\"},\"sameAs\":[\"https:\\\/\\\/www.facebook.com\\\/hijasdejesusenelmundo\\\/\",\"https:\\\/\\\/x.com\\\/hijasdjesus\"]},{\"@type\":\"Person\",\"@id\":\"https:\\\/\\\/hijasdejesus.org\\\/pt-br\\\/#\\\/schema\\\/person\\\/a89333d7c811935bc234f49793356474\",\"name\":\"Beatriz Concejo\",\"image\":{\"@type\":\"ImageObject\",\"inLanguage\":\"pt-BR\",\"@id\":\"https:\\\/\\\/secure.gravatar.com\\\/avatar\\\/3075c01a99ba1b38ab876c1780b5fe86903d79b830670c26b7f45a65200e807a?s=96&d=mm&r=g\",\"url\":\"https:\\\/\\\/secure.gravatar.com\\\/avatar\\\/3075c01a99ba1b38ab876c1780b5fe86903d79b830670c26b7f45a65200e807a?s=96&d=mm&r=g\",\"contentUrl\":\"https:\\\/\\\/secure.gravatar.com\\\/avatar\\\/3075c01a99ba1b38ab876c1780b5fe86903d79b830670c26b7f45a65200e807a?s=96&d=mm&r=g\",\"caption\":\"Beatriz Concejo\"},\"url\":\"https:\\\/\\\/hijasdejesus.org\\\/pt-br\\\/author\\\/bea\\\/\"}]}<\/script>\n<!-- \/ Yoast SEO plugin. -->","yoast_head_json":{"title":"A educa\u00e7\u00e3o de que o nosso mundo precisa - Hijas de Jes\u00fas","robots":{"index":"index","follow":"follow","max-snippet":"max-snippet:-1","max-image-preview":"max-image-preview:large","max-video-preview":"max-video-preview:-1"},"canonical":"https:\/\/hijasdejesus.org\/pt-br\/a-educacao-de-que-o-nosso-mundo-precisa\/","og_locale":"pt_BR","og_type":"article","og_title":"A educa\u00e7\u00e3o de que o nosso mundo precisa - Hijas de Jes\u00fas","og_description":"\u00c9 uma alegria ver o selo do Pacto Mundial para a Educa\u00e7\u00e3o (P GE) nas escolas dirigidas pelas Filhas de Jesus na Rep\u00fablica Dominicana. Fomos informados da ades\u00e3o de quatro novas escolas: Escuela Virgen del Carmen, em La Ci\u00e9naga, Santo Domingo; Escuela Laboral La Inmaculada, em Cotu\u00ed; Escuela Laboral Virgen de las Mercedes e Escuela [&hellip;]","og_url":"https:\/\/hijasdejesus.org\/pt-br\/a-educacao-de-que-o-nosso-mundo-precisa\/","og_site_name":"Hijas de Jes\u00fas","article_publisher":"https:\/\/www.facebook.com\/hijasdejesusenelmundo\/","article_published_time":"2023-11-16T19:20:00+00:00","article_modified_time":"2024-07-04T11:20:09+00:00","og_image":[{"width":1748,"height":1240,"url":"https:\/\/hijasdejesus.org\/wp-content\/uploads\/2023\/11\/Portada-web-2.png","type":"image\/png"}],"author":"Beatriz Concejo","twitter_card":"summary_large_image","twitter_creator":"@hijasdjesus","twitter_site":"@hijasdjesus","twitter_misc":{"Escrito por":"Beatriz Concejo","Est. tempo de leitura":"2 minutos"},"schema":{"@context":"https:\/\/schema.org","@graph":[{"@type":"Article","@id":"https:\/\/hijasdejesus.org\/pt-br\/a-educacao-de-que-o-nosso-mundo-precisa\/#article","isPartOf":{"@id":"https:\/\/hijasdejesus.org\/pt-br\/a-educacao-de-que-o-nosso-mundo-precisa\/"},"author":{"name":"Beatriz Concejo","@id":"https:\/\/hijasdejesus.org\/pt-br\/#\/schema\/person\/a89333d7c811935bc234f49793356474"},"headline":"A educa\u00e7\u00e3o de que o nosso mundo precisa","datePublished":"2023-11-16T19:20:00+00:00","dateModified":"2024-07-04T11:20:09+00:00","mainEntityOfPage":{"@id":"https:\/\/hijasdejesus.org\/pt-br\/a-educacao-de-que-o-nosso-mundo-precisa\/"},"wordCount":389,"publisher":{"@id":"https:\/\/hijasdejesus.org\/pt-br\/#organization"},"image":{"@id":"https:\/\/hijasdejesus.org\/pt-br\/a-educacao-de-que-o-nosso-mundo-precisa\/#primaryimage"},"thumbnailUrl":"https:\/\/hijasdejesus.org\/wp-content\/uploads\/2023\/11\/Portada-web-2.png","articleSection":["Educa\u00e7\u00e3o","Not\u00edcias","Rep\u00fablica Dominicana"],"inLanguage":"pt-BR"},{"@type":"WebPage","@id":"https:\/\/hijasdejesus.org\/pt-br\/a-educacao-de-que-o-nosso-mundo-precisa\/","url":"https:\/\/hijasdejesus.org\/pt-br\/a-educacao-de-que-o-nosso-mundo-precisa\/","name":"A educa\u00e7\u00e3o de que o nosso mundo precisa - Hijas de Jes\u00fas","isPartOf":{"@id":"https:\/\/hijasdejesus.org\/pt-br\/#website"},"primaryImageOfPage":{"@id":"https:\/\/hijasdejesus.org\/pt-br\/a-educacao-de-que-o-nosso-mundo-precisa\/#primaryimage"},"image":{"@id":"https:\/\/hijasdejesus.org\/pt-br\/a-educacao-de-que-o-nosso-mundo-precisa\/#primaryimage"},"thumbnailUrl":"https:\/\/hijasdejesus.org\/wp-content\/uploads\/2023\/11\/Portada-web-2.png","datePublished":"2023-11-16T19:20:00+00:00","dateModified":"2024-07-04T11:20:09+00:00","breadcrumb":{"@id":"https:\/\/hijasdejesus.org\/pt-br\/a-educacao-de-que-o-nosso-mundo-precisa\/#breadcrumb"},"inLanguage":"pt-BR","potentialAction":[{"@type":"ReadAction","target":["https:\/\/hijasdejesus.org\/pt-br\/a-educacao-de-que-o-nosso-mundo-precisa\/"]}]},{"@type":"ImageObject","inLanguage":"pt-BR","@id":"https:\/\/hijasdejesus.org\/pt-br\/a-educacao-de-que-o-nosso-mundo-precisa\/#primaryimage","url":"https:\/\/hijasdejesus.org\/wp-content\/uploads\/2023\/11\/Portada-web-2.png","contentUrl":"https:\/\/hijasdejesus.org\/wp-content\/uploads\/2023\/11\/Portada-web-2.png","width":1748,"height":1240},{"@type":"BreadcrumbList","@id":"https:\/\/hijasdejesus.org\/pt-br\/a-educacao-de-que-o-nosso-mundo-precisa\/#breadcrumb","itemListElement":[{"@type":"ListItem","position":1,"name":"Portada","item":"https:\/\/hijasdejesus.org\/pt-br\/"},{"@type":"ListItem","position":2,"name":"A educa\u00e7\u00e3o de que o nosso mundo precisa"}]},{"@type":"WebSite","@id":"https:\/\/hijasdejesus.org\/pt-br\/#website","url":"https:\/\/hijasdejesus.org\/pt-br\/","name":"Hijas de Jes\u00fas","description":"Despertamos a Jes\u00fas en el coraz\u00f3n, sacando lo mejor de las personas. Somos una congregaci\u00f3n religiosa ignaciana fundada por la Madre Candida","publisher":{"@id":"https:\/\/hijasdejesus.org\/pt-br\/#organization"},"potentialAction":[{"@type":"SearchAction","target":{"@type":"EntryPoint","urlTemplate":"https:\/\/hijasdejesus.org\/pt-br\/?s={search_term_string}"},"query-input":{"@type":"PropertyValueSpecification","valueRequired":true,"valueName":"search_term_string"}}],"inLanguage":"pt-BR"},{"@type":"Organization","@id":"https:\/\/hijasdejesus.org\/pt-br\/#organization","name":"Hijas de Jes\u00fas","url":"https:\/\/hijasdejesus.org\/pt-br\/","logo":{"@type":"ImageObject","inLanguage":"pt-BR","@id":"https:\/\/hijasdejesus.org\/pt-br\/#\/schema\/logo\/image\/","url":"https:\/\/hijasdejesus.org\/wp-content\/uploads\/2023\/01\/Hijas-de-Jesus_hor-A7C957.png","contentUrl":"https:\/\/hijasdejesus.org\/wp-content\/uploads\/2023\/01\/Hijas-de-Jesus_hor-A7C957.png","width":700,"height":360,"caption":"Hijas de Jes\u00fas"},"image":{"@id":"https:\/\/hijasdejesus.org\/pt-br\/#\/schema\/logo\/image\/"},"sameAs":["https:\/\/www.facebook.com\/hijasdejesusenelmundo\/","https:\/\/x.com\/hijasdjesus"]},{"@type":"Person","@id":"https:\/\/hijasdejesus.org\/pt-br\/#\/schema\/person\/a89333d7c811935bc234f49793356474","name":"Beatriz Concejo","image":{"@type":"ImageObject","inLanguage":"pt-BR","@id":"https:\/\/secure.gravatar.com\/avatar\/3075c01a99ba1b38ab876c1780b5fe86903d79b830670c26b7f45a65200e807a?s=96&d=mm&r=g","url":"https:\/\/secure.gravatar.com\/avatar\/3075c01a99ba1b38ab876c1780b5fe86903d79b830670c26b7f45a65200e807a?s=96&d=mm&r=g","contentUrl":"https:\/\/secure.gravatar.com\/avatar\/3075c01a99ba1b38ab876c1780b5fe86903d79b830670c26b7f45a65200e807a?s=96&d=mm&r=g","caption":"Beatriz Concejo"},"url":"https:\/\/hijasdejesus.org\/pt-br\/author\/bea\/"}]}},"_links":{"self":[{"href":"https:\/\/hijasdejesus.org\/pt-br\/wp-json\/wp\/v2\/posts\/37210","targetHints":{"allow":["GET"]}}],"collection":[{"href":"https:\/\/hijasdejesus.org\/pt-br\/wp-json\/wp\/v2\/posts"}],"about":[{"href":"https:\/\/hijasdejesus.org\/pt-br\/wp-json\/wp\/v2\/types\/post"}],"author":[{"embeddable":true,"href":"https:\/\/hijasdejesus.org\/pt-br\/wp-json\/wp\/v2\/users\/2"}],"replies":[{"embeddable":true,"href":"https:\/\/hijasdejesus.org\/pt-br\/wp-json\/wp\/v2\/comments?post=37210"}],"version-history":[{"count":5,"href":"https:\/\/hijasdejesus.org\/pt-br\/wp-json\/wp\/v2\/posts\/37210\/revisions"}],"predecessor-version":[{"id":37356,"href":"https:\/\/hijasdejesus.org\/pt-br\/wp-json\/wp\/v2\/posts\/37210\/revisions\/37356"}],"wp:featuredmedia":[{"embeddable":true,"href":"https:\/\/hijasdejesus.org\/pt-br\/wp-json\/wp\/v2\/media\/37204"}],"wp:attachment":[{"href":"https:\/\/hijasdejesus.org\/pt-br\/wp-json\/wp\/v2\/media?parent=37210"}],"wp:term":[{"taxonomy":"category","embeddable":true,"href":"https:\/\/hijasdejesus.org\/pt-br\/wp-json\/wp\/v2\/categories?post=37210"},{"taxonomy":"post_tag","embeddable":true,"href":"https:\/\/hijasdejesus.org\/pt-br\/wp-json\/wp\/v2\/tags?post=37210"}],"curies":[{"name":"wp","href":"https:\/\/api.w.org\/{rel}","templated":true}]}}