{"id":39383,"date":"2024-05-13T21:55:45","date_gmt":"2024-05-13T19:55:45","guid":{"rendered":"https:\/\/hijasdejesus.org\/votos-perpetuos-esther-sanz\/"},"modified":"2024-07-08T10:19:48","modified_gmt":"2024-07-08T08:19:48","slug":"votos-perpetuos-esther-sanz","status":"publish","type":"post","link":"https:\/\/hijasdejesus.org\/pt-br\/votos-perpetuos-esther-sanz\/","title":{"rendered":"Votos perp\u00e9tuos Esther Sanz"},"content":{"rendered":"\n<p>J\u00e1 se passaram duas semanas desde que fiz meus votos finais e ainda tenho dificuldade para encontrar as palavras quando me perguntam como me sinto. A comemora\u00e7\u00e3o, os preparativos, todas as pessoas queridas que conhecemos, fizeram daquele dia um daqueles<strong> momentos decisivos que marcam um &#8220;antes&#8221; e um &#8220;depois&#8221;<\/strong>. O amor recebido, o cuidado, a forte esperan\u00e7a e a alegria deixaram uma profunda impress\u00e3o em mim, que me enche de calor toda vez que me lembro disso, e continuo a me surpreender <strong>com a bondade de Deus. <\/strong>Sou muito feliz e grato!<\/p>\n\n<figure class=\"wp-block-gallery has-nested-images columns-default is-cropped wp-block-gallery-1 is-layout-flex wp-block-gallery-is-layout-flex\">\n<figure class=\"wp-block-image size-large\"><img loading=\"lazy\" decoding=\"async\" width=\"1024\" height=\"683\" data-id=\"39372\" src=\"https:\/\/hijasdejesus.org\/wp-content\/uploads\/2024\/05\/IMG_2749-1024x683.jpg\" alt=\"\" class=\"wp-image-39372\" srcset=\"https:\/\/hijasdejesus.org\/wp-content\/uploads\/2024\/05\/IMG_2749-980x653.jpg 980w, https:\/\/hijasdejesus.org\/wp-content\/uploads\/2024\/05\/IMG_2749-480x320.jpg 480w\" sizes=\"(min-width: 0px) and (max-width: 480px) 480px, (min-width: 481px) and (max-width: 980px) 980px, (min-width: 981px) 1024px, 100vw\" \/><\/figure>\n\n\n\n<figure class=\"wp-block-image size-large\"><img loading=\"lazy\" decoding=\"async\" width=\"1024\" height=\"683\" data-id=\"39368\" src=\"https:\/\/hijasdejesus.org\/wp-content\/uploads\/2024\/05\/IMG_3038-1024x683.jpg\" alt=\"\" class=\"wp-image-39368\" srcset=\"https:\/\/hijasdejesus.org\/wp-content\/uploads\/2024\/05\/IMG_3038-980x653.jpg 980w, https:\/\/hijasdejesus.org\/wp-content\/uploads\/2024\/05\/IMG_3038-480x320.jpg 480w\" sizes=\"(min-width: 0px) and (max-width: 480px) 480px, (min-width: 481px) and (max-width: 980px) 980px, (min-width: 981px) 1024px, 100vw\" \/><\/figure>\n<\/figure>\n\n<div style=\"height:25px\" aria-hidden=\"true\" class=\"wp-block-spacer\"><\/div>\n\n<p>A realidade e o dia a dia continuam, mas confesso que sinto que perdi um pouco da calma e acho dif\u00edcil voltar ao ritmo acelerado, \u00e0 correria para cumprir os prazos dos compromissos acad\u00eamicos ou pastorais e responder a tudo, a todos, <strong>sem deixar o que \u00e9 importante pelo que \u00e9 urgente<\/strong>.<\/p>\n\n<p><strong>Nada mudou, mas ao mesmo tempo mudou. <\/strong>Velhos e novos medos me visitam (e, como um amigo me disse recentemente, &#8220;eles estar\u00e3o com voc\u00ea por toda a vida&#8221;), mas, junto com isso, percebi que h\u00e1 algo sutilmente diferente: vejo mais claramente que foi <strong>Ele quem me trouxe at\u00e9 aqui e torna isso poss\u00edvel<\/strong>.<\/p>\n\n<p>H\u00e1 alguns dias, ouvindo uma irm\u00e3 falar sobre as voca\u00e7\u00f5es que est\u00e3o surgindo em v\u00e1rios lugares, alguns muito distantes, pensei nessas jovens que est\u00e3o pensando em se tornar Filhas de Jesus, e senti uma grande alegria e um grande desejo de conhec\u00ea-las.<\/p>\n\n<p><strong>O que eu diria a eles?<\/strong><br\/>N\u00e3o pense demais e ou\u00e7a seu eu interior. Porque as boas decis\u00f5es s\u00e3o tomadas com a cabe\u00e7a, mas as decis\u00f5es essenciais da vida s\u00e3o tomadas a partir do desejo e do cora\u00e7\u00e3o&#8230; <strong>\u00c9 a\u00ed que Deus coloca sua semente<\/strong>.<\/p>\n\n<p>Se a ideia de dar sua vida nesse caminho arde (ou dan\u00e7a) em seu cora\u00e7\u00e3o, <strong>comece a dar um passo<\/strong>.<\/p>\n\n<p>Que n\u00e3o tenham medo, pois <strong>Ele os guiar\u00e1, iluminar\u00e1, colocar\u00e1 pessoas e <\/strong>os ajudar\u00e1. Que eles se permitam ser acompanhados e contrastados por algu\u00e9m que os conhece e os ama bem.<\/p>\n\n<p>Permita que eles passem mais tempo com Jesus e <strong>perguntem como Ele sonha com eles, <\/strong>como eles podem ser mais felizes e mais frut\u00edferos na vida.<\/p>\n\n<p>Permita que eles ousem sonhar, porque <strong>sem risco, sem ren\u00fancia, nenhum progresso pode ser feito, <\/strong>nem nenhuma op\u00e7\u00e3o que valha a pena pode ser decidida sem deixar outros de lado.<\/p>\n\n<blockquote class=\"wp-block-quote is-layout-flow wp-block-quote-is-layout-flow\">\n<p>Eu diria a voc\u00ea que foi porque algu\u00e9m me disse o que eu gostaria de lhe dizer agora que a jornada mais emocionante da minha vida come\u00e7ou para mim.<\/p>\n<\/blockquote>\n\n<p><strong><em>Esther Sanz.  <\/em><\/strong><\/p>\n\n<div style=\"height:24px\" aria-hidden=\"true\" class=\"wp-block-spacer\"><\/div>\n\n<div class=\"wp-block-group is-nowrap is-layout-flex wp-container-core-group-is-layout-ad2f72ca wp-block-group-is-layout-flex\">\n<div class=\"wp-block-buttons is-layout-flex wp-block-buttons-is-layout-flex\">\n<div class=\"wp-block-button is-style-outline is-style-outline--2\"><a class=\"wp-block-button__link wp-element-button\" href=\"https:\/\/hijasdejesus.es\/una-fiesta-llena-de-emocion-y-agradecimiento\/\">Uma festa cheia de emo\u00e7\u00e3o e gratid\u00e3o<\/a><\/div>\n<\/div>\n\n\n\n<div class=\"wp-block-group is-layout-constrained wp-block-group-is-layout-constrained\">\n<div class=\"wp-block-buttons is-layout-flex wp-block-buttons-is-layout-flex\">\n<div class=\"wp-block-button is-style-outline is-style-outline--3\"><a class=\"wp-block-button__link wp-element-button\" href=\"https:\/\/hijasdejesus.es\/profesion-perpetua\/\">Ecos da profiss\u00e3o perp\u00e9tua<\/a><\/div>\n<\/div>\n<\/div>\n<\/div>\n","protected":false},"excerpt":{"rendered":"<p>J\u00e1 se passaram duas semanas desde que fiz meus votos finais e ainda tenho dificuldade para encontrar as palavras quando me perguntam como me sinto. A comemora\u00e7\u00e3o, os preparativos, todas as pessoas queridas que conhecemos, fizeram daquele dia um daqueles momentos decisivos que marcam um &#8220;antes&#8221; e um &#8220;depois&#8221;. O amor recebido, o cuidado, a [&hellip;]<\/p>\n","protected":false},"author":2,"featured_media":39367,"comment_status":"open","ping_status":"open","sticky":false,"template":"","format":"standard","meta":{"_et_pb_use_builder":"off","_et_pb_old_content":"","_et_gb_content_width":"","footnotes":"","_links_to":"","_links_to_target":""},"categories":[519,521,469],"tags":[988],"class_list":["post-39383","post","type-post","status-publish","format-standard","has-post-thumbnail","hentry","category-espanha","category-espanha-italia","category-noticias-pt-br","tag-votos-perpetuos-pt-br"],"yoast_head":"<!-- This site is optimized with the Yoast SEO plugin v27.4 - https:\/\/yoast.com\/product\/yoast-seo-wordpress\/ -->\n<title>Votos perp\u00e9tuos Esther Sanz - Hijas de Jes\u00fas<\/title>\n<meta name=\"robots\" content=\"index, follow, max-snippet:-1, max-image-preview:large, max-video-preview:-1\" \/>\n<link rel=\"canonical\" href=\"https:\/\/hijasdejesus.org\/pt-br\/votos-perpetuos-esther-sanz\/\" \/>\n<meta property=\"og:locale\" content=\"pt_BR\" \/>\n<meta property=\"og:type\" content=\"article\" \/>\n<meta property=\"og:title\" content=\"Votos perp\u00e9tuos Esther Sanz - Hijas de Jes\u00fas\" \/>\n<meta property=\"og:description\" content=\"J\u00e1 se passaram duas semanas desde que fiz meus votos finais e ainda tenho dificuldade para encontrar as palavras quando me perguntam como me sinto. A comemora\u00e7\u00e3o, os preparativos, todas as pessoas queridas que conhecemos, fizeram daquele dia um daqueles momentos decisivos que marcam um &#8220;antes&#8221; e um &#8220;depois&#8221;. O amor recebido, o cuidado, a [&hellip;]\" \/>\n<meta property=\"og:url\" content=\"https:\/\/hijasdejesus.org\/pt-br\/votos-perpetuos-esther-sanz\/\" \/>\n<meta property=\"og:site_name\" content=\"Hijas de Jes\u00fas\" \/>\n<meta property=\"article:publisher\" content=\"https:\/\/www.facebook.com\/hijasdejesusenelmundo\/\" \/>\n<meta property=\"article:published_time\" content=\"2024-05-13T19:55:45+00:00\" \/>\n<meta property=\"article:modified_time\" content=\"2024-07-08T08:19:48+00:00\" \/>\n<meta property=\"og:image\" content=\"https:\/\/hijasdejesus.org\/wp-content\/uploads\/2024\/05\/IMG_2973-scaled.jpg\" \/>\n\t<meta property=\"og:image:width\" content=\"2560\" \/>\n\t<meta property=\"og:image:height\" content=\"1707\" \/>\n\t<meta property=\"og:image:type\" content=\"image\/jpeg\" \/>\n<meta name=\"author\" content=\"Beatriz Concejo\" \/>\n<meta name=\"twitter:card\" content=\"summary_large_image\" \/>\n<meta name=\"twitter:creator\" content=\"@hijasdjesus\" \/>\n<meta name=\"twitter:site\" content=\"@hijasdjesus\" \/>\n<meta name=\"twitter:label1\" content=\"Escrito por\" \/>\n\t<meta name=\"twitter:data1\" content=\"Beatriz Concejo\" \/>\n\t<meta name=\"twitter:label2\" content=\"Est. tempo de leitura\" \/>\n\t<meta name=\"twitter:data2\" content=\"2 minutos\" \/>\n<script type=\"application\/ld+json\" class=\"yoast-schema-graph\">{\"@context\":\"https:\\\/\\\/schema.org\",\"@graph\":[{\"@type\":\"Article\",\"@id\":\"https:\\\/\\\/hijasdejesus.org\\\/pt-br\\\/votos-perpetuos-esther-sanz\\\/#article\",\"isPartOf\":{\"@id\":\"https:\\\/\\\/hijasdejesus.org\\\/pt-br\\\/votos-perpetuos-esther-sanz\\\/\"},\"author\":{\"name\":\"Beatriz Concejo\",\"@id\":\"https:\\\/\\\/hijasdejesus.org\\\/pt-br\\\/#\\\/schema\\\/person\\\/a89333d7c811935bc234f49793356474\"},\"headline\":\"Votos perp\u00e9tuos Esther Sanz\",\"datePublished\":\"2024-05-13T19:55:45+00:00\",\"dateModified\":\"2024-07-08T08:19:48+00:00\",\"mainEntityOfPage\":{\"@id\":\"https:\\\/\\\/hijasdejesus.org\\\/pt-br\\\/votos-perpetuos-esther-sanz\\\/\"},\"wordCount\":467,\"commentCount\":0,\"publisher\":{\"@id\":\"https:\\\/\\\/hijasdejesus.org\\\/pt-br\\\/#organization\"},\"image\":{\"@id\":\"https:\\\/\\\/hijasdejesus.org\\\/pt-br\\\/votos-perpetuos-esther-sanz\\\/#primaryimage\"},\"thumbnailUrl\":\"https:\\\/\\\/hijasdejesus.org\\\/wp-content\\\/uploads\\\/2024\\\/05\\\/IMG_2973-scaled.jpg\",\"keywords\":[\"Votos perp\u00e9tuos\"],\"articleSection\":[\"Espanha\",\"Espanha-It\u00e1lia\",\"Not\u00edcias\"],\"inLanguage\":\"pt-BR\",\"potentialAction\":[{\"@type\":\"CommentAction\",\"name\":\"Comment\",\"target\":[\"https:\\\/\\\/hijasdejesus.org\\\/pt-br\\\/votos-perpetuos-esther-sanz\\\/#respond\"]}]},{\"@type\":\"WebPage\",\"@id\":\"https:\\\/\\\/hijasdejesus.org\\\/pt-br\\\/votos-perpetuos-esther-sanz\\\/\",\"url\":\"https:\\\/\\\/hijasdejesus.org\\\/pt-br\\\/votos-perpetuos-esther-sanz\\\/\",\"name\":\"Votos perp\u00e9tuos Esther Sanz - Hijas de Jes\u00fas\",\"isPartOf\":{\"@id\":\"https:\\\/\\\/hijasdejesus.org\\\/pt-br\\\/#website\"},\"primaryImageOfPage\":{\"@id\":\"https:\\\/\\\/hijasdejesus.org\\\/pt-br\\\/votos-perpetuos-esther-sanz\\\/#primaryimage\"},\"image\":{\"@id\":\"https:\\\/\\\/hijasdejesus.org\\\/pt-br\\\/votos-perpetuos-esther-sanz\\\/#primaryimage\"},\"thumbnailUrl\":\"https:\\\/\\\/hijasdejesus.org\\\/wp-content\\\/uploads\\\/2024\\\/05\\\/IMG_2973-scaled.jpg\",\"datePublished\":\"2024-05-13T19:55:45+00:00\",\"dateModified\":\"2024-07-08T08:19:48+00:00\",\"breadcrumb\":{\"@id\":\"https:\\\/\\\/hijasdejesus.org\\\/pt-br\\\/votos-perpetuos-esther-sanz\\\/#breadcrumb\"},\"inLanguage\":\"pt-BR\",\"potentialAction\":[{\"@type\":\"ReadAction\",\"target\":[\"https:\\\/\\\/hijasdejesus.org\\\/pt-br\\\/votos-perpetuos-esther-sanz\\\/\"]}]},{\"@type\":\"ImageObject\",\"inLanguage\":\"pt-BR\",\"@id\":\"https:\\\/\\\/hijasdejesus.org\\\/pt-br\\\/votos-perpetuos-esther-sanz\\\/#primaryimage\",\"url\":\"https:\\\/\\\/hijasdejesus.org\\\/wp-content\\\/uploads\\\/2024\\\/05\\\/IMG_2973-scaled.jpg\",\"contentUrl\":\"https:\\\/\\\/hijasdejesus.org\\\/wp-content\\\/uploads\\\/2024\\\/05\\\/IMG_2973-scaled.jpg\",\"width\":2560,\"height\":1707},{\"@type\":\"BreadcrumbList\",\"@id\":\"https:\\\/\\\/hijasdejesus.org\\\/pt-br\\\/votos-perpetuos-esther-sanz\\\/#breadcrumb\",\"itemListElement\":[{\"@type\":\"ListItem\",\"position\":1,\"name\":\"Portada\",\"item\":\"https:\\\/\\\/hijasdejesus.org\\\/pt-br\\\/\"},{\"@type\":\"ListItem\",\"position\":2,\"name\":\"Votos perp\u00e9tuos Esther Sanz\"}]},{\"@type\":\"WebSite\",\"@id\":\"https:\\\/\\\/hijasdejesus.org\\\/pt-br\\\/#website\",\"url\":\"https:\\\/\\\/hijasdejesus.org\\\/pt-br\\\/\",\"name\":\"Hijas de Jes\u00fas\",\"description\":\"Despertamos a Jes\u00fas en el coraz\u00f3n, sacando lo mejor de las personas. Somos una congregaci\u00f3n religiosa ignaciana fundada por la Madre Candida\",\"publisher\":{\"@id\":\"https:\\\/\\\/hijasdejesus.org\\\/pt-br\\\/#organization\"},\"potentialAction\":[{\"@type\":\"SearchAction\",\"target\":{\"@type\":\"EntryPoint\",\"urlTemplate\":\"https:\\\/\\\/hijasdejesus.org\\\/pt-br\\\/?s={search_term_string}\"},\"query-input\":{\"@type\":\"PropertyValueSpecification\",\"valueRequired\":true,\"valueName\":\"search_term_string\"}}],\"inLanguage\":\"pt-BR\"},{\"@type\":\"Organization\",\"@id\":\"https:\\\/\\\/hijasdejesus.org\\\/pt-br\\\/#organization\",\"name\":\"Hijas de Jes\u00fas\",\"url\":\"https:\\\/\\\/hijasdejesus.org\\\/pt-br\\\/\",\"logo\":{\"@type\":\"ImageObject\",\"inLanguage\":\"pt-BR\",\"@id\":\"https:\\\/\\\/hijasdejesus.org\\\/pt-br\\\/#\\\/schema\\\/logo\\\/image\\\/\",\"url\":\"https:\\\/\\\/hijasdejesus.org\\\/wp-content\\\/uploads\\\/2023\\\/01\\\/Hijas-de-Jesus_hor-A7C957.png\",\"contentUrl\":\"https:\\\/\\\/hijasdejesus.org\\\/wp-content\\\/uploads\\\/2023\\\/01\\\/Hijas-de-Jesus_hor-A7C957.png\",\"width\":700,\"height\":360,\"caption\":\"Hijas de Jes\u00fas\"},\"image\":{\"@id\":\"https:\\\/\\\/hijasdejesus.org\\\/pt-br\\\/#\\\/schema\\\/logo\\\/image\\\/\"},\"sameAs\":[\"https:\\\/\\\/www.facebook.com\\\/hijasdejesusenelmundo\\\/\",\"https:\\\/\\\/x.com\\\/hijasdjesus\"]},{\"@type\":\"Person\",\"@id\":\"https:\\\/\\\/hijasdejesus.org\\\/pt-br\\\/#\\\/schema\\\/person\\\/a89333d7c811935bc234f49793356474\",\"name\":\"Beatriz Concejo\",\"image\":{\"@type\":\"ImageObject\",\"inLanguage\":\"pt-BR\",\"@id\":\"https:\\\/\\\/secure.gravatar.com\\\/avatar\\\/3075c01a99ba1b38ab876c1780b5fe86903d79b830670c26b7f45a65200e807a?s=96&d=mm&r=g\",\"url\":\"https:\\\/\\\/secure.gravatar.com\\\/avatar\\\/3075c01a99ba1b38ab876c1780b5fe86903d79b830670c26b7f45a65200e807a?s=96&d=mm&r=g\",\"contentUrl\":\"https:\\\/\\\/secure.gravatar.com\\\/avatar\\\/3075c01a99ba1b38ab876c1780b5fe86903d79b830670c26b7f45a65200e807a?s=96&d=mm&r=g\",\"caption\":\"Beatriz Concejo\"},\"url\":\"https:\\\/\\\/hijasdejesus.org\\\/pt-br\\\/author\\\/bea\\\/\"}]}<\/script>\n<!-- \/ Yoast SEO plugin. -->","yoast_head_json":{"title":"Votos perp\u00e9tuos Esther Sanz - Hijas de Jes\u00fas","robots":{"index":"index","follow":"follow","max-snippet":"max-snippet:-1","max-image-preview":"max-image-preview:large","max-video-preview":"max-video-preview:-1"},"canonical":"https:\/\/hijasdejesus.org\/pt-br\/votos-perpetuos-esther-sanz\/","og_locale":"pt_BR","og_type":"article","og_title":"Votos perp\u00e9tuos Esther Sanz - Hijas de Jes\u00fas","og_description":"J\u00e1 se passaram duas semanas desde que fiz meus votos finais e ainda tenho dificuldade para encontrar as palavras quando me perguntam como me sinto. A comemora\u00e7\u00e3o, os preparativos, todas as pessoas queridas que conhecemos, fizeram daquele dia um daqueles momentos decisivos que marcam um &#8220;antes&#8221; e um &#8220;depois&#8221;. O amor recebido, o cuidado, a [&hellip;]","og_url":"https:\/\/hijasdejesus.org\/pt-br\/votos-perpetuos-esther-sanz\/","og_site_name":"Hijas de Jes\u00fas","article_publisher":"https:\/\/www.facebook.com\/hijasdejesusenelmundo\/","article_published_time":"2024-05-13T19:55:45+00:00","article_modified_time":"2024-07-08T08:19:48+00:00","og_image":[{"width":2560,"height":1707,"url":"https:\/\/hijasdejesus.org\/wp-content\/uploads\/2024\/05\/IMG_2973-scaled.jpg","type":"image\/jpeg"}],"author":"Beatriz Concejo","twitter_card":"summary_large_image","twitter_creator":"@hijasdjesus","twitter_site":"@hijasdjesus","twitter_misc":{"Escrito por":"Beatriz Concejo","Est. tempo de leitura":"2 minutos"},"schema":{"@context":"https:\/\/schema.org","@graph":[{"@type":"Article","@id":"https:\/\/hijasdejesus.org\/pt-br\/votos-perpetuos-esther-sanz\/#article","isPartOf":{"@id":"https:\/\/hijasdejesus.org\/pt-br\/votos-perpetuos-esther-sanz\/"},"author":{"name":"Beatriz Concejo","@id":"https:\/\/hijasdejesus.org\/pt-br\/#\/schema\/person\/a89333d7c811935bc234f49793356474"},"headline":"Votos perp\u00e9tuos Esther Sanz","datePublished":"2024-05-13T19:55:45+00:00","dateModified":"2024-07-08T08:19:48+00:00","mainEntityOfPage":{"@id":"https:\/\/hijasdejesus.org\/pt-br\/votos-perpetuos-esther-sanz\/"},"wordCount":467,"commentCount":0,"publisher":{"@id":"https:\/\/hijasdejesus.org\/pt-br\/#organization"},"image":{"@id":"https:\/\/hijasdejesus.org\/pt-br\/votos-perpetuos-esther-sanz\/#primaryimage"},"thumbnailUrl":"https:\/\/hijasdejesus.org\/wp-content\/uploads\/2024\/05\/IMG_2973-scaled.jpg","keywords":["Votos perp\u00e9tuos"],"articleSection":["Espanha","Espanha-It\u00e1lia","Not\u00edcias"],"inLanguage":"pt-BR","potentialAction":[{"@type":"CommentAction","name":"Comment","target":["https:\/\/hijasdejesus.org\/pt-br\/votos-perpetuos-esther-sanz\/#respond"]}]},{"@type":"WebPage","@id":"https:\/\/hijasdejesus.org\/pt-br\/votos-perpetuos-esther-sanz\/","url":"https:\/\/hijasdejesus.org\/pt-br\/votos-perpetuos-esther-sanz\/","name":"Votos perp\u00e9tuos Esther Sanz - Hijas de Jes\u00fas","isPartOf":{"@id":"https:\/\/hijasdejesus.org\/pt-br\/#website"},"primaryImageOfPage":{"@id":"https:\/\/hijasdejesus.org\/pt-br\/votos-perpetuos-esther-sanz\/#primaryimage"},"image":{"@id":"https:\/\/hijasdejesus.org\/pt-br\/votos-perpetuos-esther-sanz\/#primaryimage"},"thumbnailUrl":"https:\/\/hijasdejesus.org\/wp-content\/uploads\/2024\/05\/IMG_2973-scaled.jpg","datePublished":"2024-05-13T19:55:45+00:00","dateModified":"2024-07-08T08:19:48+00:00","breadcrumb":{"@id":"https:\/\/hijasdejesus.org\/pt-br\/votos-perpetuos-esther-sanz\/#breadcrumb"},"inLanguage":"pt-BR","potentialAction":[{"@type":"ReadAction","target":["https:\/\/hijasdejesus.org\/pt-br\/votos-perpetuos-esther-sanz\/"]}]},{"@type":"ImageObject","inLanguage":"pt-BR","@id":"https:\/\/hijasdejesus.org\/pt-br\/votos-perpetuos-esther-sanz\/#primaryimage","url":"https:\/\/hijasdejesus.org\/wp-content\/uploads\/2024\/05\/IMG_2973-scaled.jpg","contentUrl":"https:\/\/hijasdejesus.org\/wp-content\/uploads\/2024\/05\/IMG_2973-scaled.jpg","width":2560,"height":1707},{"@type":"BreadcrumbList","@id":"https:\/\/hijasdejesus.org\/pt-br\/votos-perpetuos-esther-sanz\/#breadcrumb","itemListElement":[{"@type":"ListItem","position":1,"name":"Portada","item":"https:\/\/hijasdejesus.org\/pt-br\/"},{"@type":"ListItem","position":2,"name":"Votos perp\u00e9tuos Esther Sanz"}]},{"@type":"WebSite","@id":"https:\/\/hijasdejesus.org\/pt-br\/#website","url":"https:\/\/hijasdejesus.org\/pt-br\/","name":"Hijas de Jes\u00fas","description":"Despertamos a Jes\u00fas en el coraz\u00f3n, sacando lo mejor de las personas. Somos una congregaci\u00f3n religiosa ignaciana fundada por la Madre Candida","publisher":{"@id":"https:\/\/hijasdejesus.org\/pt-br\/#organization"},"potentialAction":[{"@type":"SearchAction","target":{"@type":"EntryPoint","urlTemplate":"https:\/\/hijasdejesus.org\/pt-br\/?s={search_term_string}"},"query-input":{"@type":"PropertyValueSpecification","valueRequired":true,"valueName":"search_term_string"}}],"inLanguage":"pt-BR"},{"@type":"Organization","@id":"https:\/\/hijasdejesus.org\/pt-br\/#organization","name":"Hijas de Jes\u00fas","url":"https:\/\/hijasdejesus.org\/pt-br\/","logo":{"@type":"ImageObject","inLanguage":"pt-BR","@id":"https:\/\/hijasdejesus.org\/pt-br\/#\/schema\/logo\/image\/","url":"https:\/\/hijasdejesus.org\/wp-content\/uploads\/2023\/01\/Hijas-de-Jesus_hor-A7C957.png","contentUrl":"https:\/\/hijasdejesus.org\/wp-content\/uploads\/2023\/01\/Hijas-de-Jesus_hor-A7C957.png","width":700,"height":360,"caption":"Hijas de Jes\u00fas"},"image":{"@id":"https:\/\/hijasdejesus.org\/pt-br\/#\/schema\/logo\/image\/"},"sameAs":["https:\/\/www.facebook.com\/hijasdejesusenelmundo\/","https:\/\/x.com\/hijasdjesus"]},{"@type":"Person","@id":"https:\/\/hijasdejesus.org\/pt-br\/#\/schema\/person\/a89333d7c811935bc234f49793356474","name":"Beatriz Concejo","image":{"@type":"ImageObject","inLanguage":"pt-BR","@id":"https:\/\/secure.gravatar.com\/avatar\/3075c01a99ba1b38ab876c1780b5fe86903d79b830670c26b7f45a65200e807a?s=96&d=mm&r=g","url":"https:\/\/secure.gravatar.com\/avatar\/3075c01a99ba1b38ab876c1780b5fe86903d79b830670c26b7f45a65200e807a?s=96&d=mm&r=g","contentUrl":"https:\/\/secure.gravatar.com\/avatar\/3075c01a99ba1b38ab876c1780b5fe86903d79b830670c26b7f45a65200e807a?s=96&d=mm&r=g","caption":"Beatriz Concejo"},"url":"https:\/\/hijasdejesus.org\/pt-br\/author\/bea\/"}]}},"_links":{"self":[{"href":"https:\/\/hijasdejesus.org\/pt-br\/wp-json\/wp\/v2\/posts\/39383","targetHints":{"allow":["GET"]}}],"collection":[{"href":"https:\/\/hijasdejesus.org\/pt-br\/wp-json\/wp\/v2\/posts"}],"about":[{"href":"https:\/\/hijasdejesus.org\/pt-br\/wp-json\/wp\/v2\/types\/post"}],"author":[{"embeddable":true,"href":"https:\/\/hijasdejesus.org\/pt-br\/wp-json\/wp\/v2\/users\/2"}],"replies":[{"embeddable":true,"href":"https:\/\/hijasdejesus.org\/pt-br\/wp-json\/wp\/v2\/comments?post=39383"}],"version-history":[{"count":4,"href":"https:\/\/hijasdejesus.org\/pt-br\/wp-json\/wp\/v2\/posts\/39383\/revisions"}],"predecessor-version":[{"id":41509,"href":"https:\/\/hijasdejesus.org\/pt-br\/wp-json\/wp\/v2\/posts\/39383\/revisions\/41509"}],"wp:featuredmedia":[{"embeddable":true,"href":"https:\/\/hijasdejesus.org\/pt-br\/wp-json\/wp\/v2\/media\/39367"}],"wp:attachment":[{"href":"https:\/\/hijasdejesus.org\/pt-br\/wp-json\/wp\/v2\/media?parent=39383"}],"wp:term":[{"taxonomy":"category","embeddable":true,"href":"https:\/\/hijasdejesus.org\/pt-br\/wp-json\/wp\/v2\/categories?post=39383"},{"taxonomy":"post_tag","embeddable":true,"href":"https:\/\/hijasdejesus.org\/pt-br\/wp-json\/wp\/v2\/tags?post=39383"}],"curies":[{"name":"wp","href":"https:\/\/api.w.org\/{rel}","templated":true}]}}