{"id":39581,"date":"2024-06-03T11:28:28","date_gmt":"2024-06-03T09:28:28","guid":{"rendered":"https:\/\/hijasdejesus.org\/?p=39581"},"modified":"2024-11-18T15:21:49","modified_gmt":"2024-11-18T14:21:49","slug":"convocada-la-congregacion-provincial-de-brasil-caribe","status":"publish","type":"post","link":"https:\/\/hijasdejesus.org\/pt-br\/convocada-la-congregacion-provincial-de-brasil-caribe\/","title":{"rendered":"Reuni\u00e3o da Congrega\u00e7\u00e3o Provincial do Brasil &#8211; Caribe"},"content":{"rendered":"\n<p>Animada pelo Esp\u00edrito Santo, que conduziu Maria, Madre C\u00e2ndida e que tamb\u00e9m nos conduz, a <strong>Superiora Provincial, <em>S\u00f4nia Maria Soares da Rocha<\/em>,<\/strong><strong> convocou a Congrega\u00e7\u00e3o Provincial<\/strong> do <strong>Brasil &#8211; Car<\/strong>ibe, que ser\u00e1 realizada na <strong>Casa &#8220;Sant\u00edssima Trindade&#8221;, em Belo Horizonte &#8211; Brasil <\/strong>e<strong>ter\u00e1 in\u00edcio no dia 29 de dezembro<\/strong>, dia em que ser\u00e1 realizada a primeira sess\u00e3o. Ele ser\u00e1 precedido<strong> por um dia de retiro no dia 28<\/strong>.<\/p>\n\n<p>De acordo com nossas Constitui\u00e7\u00f5es e Diretrizes, (CFI 252, DNC 165), os Regulamentos da Congrega\u00e7\u00e3o Provincial (RCP, n\u00ba 4, 12 e 13), h\u00e1 <strong>10 irm\u00e3s que participar\u00e3o por direito e 19 irm\u00e3s que participar\u00e3o por elei\u00e7\u00e3o <\/strong>. Portanto, ser\u00e3o 29 (10 por direito e 19 por elei\u00e7\u00e3o) os membros que constituir\u00e3o esta Congrega\u00e7\u00e3o Provincial.<\/p>\n\n<blockquote class=\"wp-block-quote is-layout-flow wp-block-quote-is-layout-flow\">\n<p>O material recebido do Governo Geral, que nos ajudar\u00e1 na reflex\u00e3o e formula\u00e7\u00e3o dos postulados para o CG XIX, poder\u00e1 ser trabalhado nas comunidades, no per\u00edodo de junho a outubro, de acordo com a realidade de cada regi\u00e3o. O prazo para envio de inscri\u00e7\u00f5es ao Superior Provincial \u00e9 20 de novembro. J\u00e1 temos o cronograma para apresentar o material e motivar as comunidades de nossa prov\u00edncia:<\/p>\n\n\n\n<div style=\"height:15px\" aria-hidden=\"true\" class=\"wp-block-spacer\"><\/div>\n\n\n\n<ul class=\"wp-block-list\">\n<li>01 de junho &#8211; Apresenta\u00e7\u00e3o aos superiores e vice-superiores da regi\u00e3o do Brasil<\/li>\n\n\n\n<li>12 de junho &#8211; Apresenta\u00e7\u00e3o \u00e0 comunidade cubana<\/li>\n\n\n\n<li>23 de junho &#8211; Apresenta\u00e7\u00e3o \u00e0 comunidade da Rep\u00fablica Dominicana<\/li>\n<\/ul>\n<\/blockquote>\n\n<p>Que a Madre C\u00e2ndida e as Irm\u00e3s que nos precederam intercedam por n\u00f3s nesta jornada de prepara\u00e7\u00e3o para a Congrega\u00e7\u00e3o Geral XIX.<\/p>\n","protected":false},"excerpt":{"rendered":"<p>Animada pelo Esp\u00edrito Santo, que conduziu Maria, Madre C\u00e2ndida e que tamb\u00e9m nos conduz, a Superiora Provincial, S\u00f4nia Maria Soares da Rocha, convocou a Congrega\u00e7\u00e3o Provincial do Brasil &#8211; Caribe, que ser\u00e1 realizada na Casa &#8220;Sant\u00edssima Trindade&#8221;, em Belo Horizonte &#8211; Brasil eter\u00e1 in\u00edcio no dia 29 de dezembro, dia em que ser\u00e1 realizada a [&hellip;]<\/p>\n","protected":false},"author":2,"featured_media":39576,"comment_status":"open","ping_status":"open","sticky":false,"template":"","format":"standard","meta":{"_et_pb_use_builder":"off","_et_pb_old_content":"","_et_gb_content_width":"","footnotes":"","_links_to":"","_links_to_target":""},"categories":[505,507,1260,469,543],"tags":[1000],"class_list":["post-39581","post","type-post","status-publish","format-standard","has-post-thumbnail","hentry","category-brasil-pt-br","category-brasil-caribe-pt-br","category-cg-xix-pt-br","category-noticias-pt-br","category-republica-dominicana-pt-br","tag-cg-xix-pt-br"],"yoast_head":"<!-- This site is optimized with the Yoast SEO plugin v27.5 - https:\/\/yoast.com\/product\/yoast-seo-wordpress\/ -->\n<title>Reuni\u00e3o da Congrega\u00e7\u00e3o Provincial do Brasil - Caribe - Hijas de Jes\u00fas<\/title>\n<meta name=\"robots\" content=\"index, follow, max-snippet:-1, max-image-preview:large, max-video-preview:-1\" \/>\n<link rel=\"canonical\" href=\"https:\/\/hijasdejesus.org\/pt-br\/convocada-la-congregacion-provincial-de-brasil-caribe\/\" \/>\n<meta property=\"og:locale\" content=\"pt_BR\" \/>\n<meta property=\"og:type\" content=\"article\" \/>\n<meta property=\"og:title\" content=\"Reuni\u00e3o da Congrega\u00e7\u00e3o Provincial do Brasil - Caribe - Hijas de Jes\u00fas\" \/>\n<meta property=\"og:description\" content=\"Animada pelo Esp\u00edrito Santo, que conduziu Maria, Madre C\u00e2ndida e que tamb\u00e9m nos conduz, a Superiora Provincial, S\u00f4nia Maria Soares da Rocha, convocou a Congrega\u00e7\u00e3o Provincial do Brasil &#8211; Caribe, que ser\u00e1 realizada na Casa &#8220;Sant\u00edssima Trindade&#8221;, em Belo Horizonte &#8211; Brasil eter\u00e1 in\u00edcio no dia 29 de dezembro, dia em que ser\u00e1 realizada a [&hellip;]\" \/>\n<meta property=\"og:url\" content=\"https:\/\/hijasdejesus.org\/pt-br\/convocada-la-congregacion-provincial-de-brasil-caribe\/\" \/>\n<meta property=\"og:site_name\" content=\"Hijas de Jes\u00fas\" \/>\n<meta property=\"article:publisher\" content=\"https:\/\/www.facebook.com\/hijasdejesusenelmundo\/\" \/>\n<meta property=\"article:published_time\" content=\"2024-06-03T09:28:28+00:00\" \/>\n<meta property=\"article:modified_time\" content=\"2024-11-18T14:21:49+00:00\" \/>\n<meta property=\"og:image\" content=\"https:\/\/hijasdejesus.org\/wp-content\/uploads\/2024\/06\/logo-HdeJ-CGXIX_POR-scaled.jpg\" \/>\n\t<meta property=\"og:image:width\" content=\"2560\" \/>\n\t<meta property=\"og:image:height\" content=\"1810\" \/>\n\t<meta property=\"og:image:type\" content=\"image\/jpeg\" \/>\n<meta name=\"author\" content=\"Beatriz Concejo\" \/>\n<meta name=\"twitter:card\" content=\"summary_large_image\" \/>\n<meta name=\"twitter:creator\" content=\"@hijasdjesus\" \/>\n<meta name=\"twitter:site\" content=\"@hijasdjesus\" \/>\n<meta name=\"twitter:label1\" content=\"Escrito por\" \/>\n\t<meta name=\"twitter:data1\" content=\"Beatriz Concejo\" \/>\n\t<meta name=\"twitter:label2\" content=\"Est. tempo de leitura\" \/>\n\t<meta name=\"twitter:data2\" content=\"1 minuto\" \/>\n<script type=\"application\/ld+json\" class=\"yoast-schema-graph\">{\"@context\":\"https:\\\/\\\/schema.org\",\"@graph\":[{\"@type\":\"Article\",\"@id\":\"https:\\\/\\\/hijasdejesus.org\\\/pt-br\\\/convocada-la-congregacion-provincial-de-brasil-caribe\\\/#article\",\"isPartOf\":{\"@id\":\"https:\\\/\\\/hijasdejesus.org\\\/pt-br\\\/convocada-la-congregacion-provincial-de-brasil-caribe\\\/\"},\"author\":{\"name\":\"Beatriz Concejo\",\"@id\":\"https:\\\/\\\/hijasdejesus.org\\\/pt-br\\\/#\\\/schema\\\/person\\\/a89333d7c811935bc234f49793356474\"},\"headline\":\"Reuni\u00e3o da Congrega\u00e7\u00e3o Provincial do Brasil &#8211; Caribe\",\"datePublished\":\"2024-06-03T09:28:28+00:00\",\"dateModified\":\"2024-11-18T14:21:49+00:00\",\"mainEntityOfPage\":{\"@id\":\"https:\\\/\\\/hijasdejesus.org\\\/pt-br\\\/convocada-la-congregacion-provincial-de-brasil-caribe\\\/\"},\"wordCount\":266,\"commentCount\":0,\"publisher\":{\"@id\":\"https:\\\/\\\/hijasdejesus.org\\\/pt-br\\\/#organization\"},\"image\":{\"@id\":\"https:\\\/\\\/hijasdejesus.org\\\/pt-br\\\/convocada-la-congregacion-provincial-de-brasil-caribe\\\/#primaryimage\"},\"thumbnailUrl\":\"https:\\\/\\\/hijasdejesus.org\\\/wp-content\\\/uploads\\\/2024\\\/06\\\/logo-HdeJ-CGXIX_POR-scaled.jpg\",\"keywords\":[\"CG XIX\"],\"articleSection\":[\"Brasil\",\"Brasil-Caribe\",\"CG XIX\",\"Not\u00edcias\",\"Rep\u00fablica Dominicana\"],\"inLanguage\":\"pt-BR\",\"potentialAction\":[{\"@type\":\"CommentAction\",\"name\":\"Comment\",\"target\":[\"https:\\\/\\\/hijasdejesus.org\\\/pt-br\\\/convocada-la-congregacion-provincial-de-brasil-caribe\\\/#respond\"]}]},{\"@type\":\"WebPage\",\"@id\":\"https:\\\/\\\/hijasdejesus.org\\\/pt-br\\\/convocada-la-congregacion-provincial-de-brasil-caribe\\\/\",\"url\":\"https:\\\/\\\/hijasdejesus.org\\\/pt-br\\\/convocada-la-congregacion-provincial-de-brasil-caribe\\\/\",\"name\":\"Reuni\u00e3o da Congrega\u00e7\u00e3o Provincial do Brasil - Caribe - Hijas de Jes\u00fas\",\"isPartOf\":{\"@id\":\"https:\\\/\\\/hijasdejesus.org\\\/pt-br\\\/#website\"},\"primaryImageOfPage\":{\"@id\":\"https:\\\/\\\/hijasdejesus.org\\\/pt-br\\\/convocada-la-congregacion-provincial-de-brasil-caribe\\\/#primaryimage\"},\"image\":{\"@id\":\"https:\\\/\\\/hijasdejesus.org\\\/pt-br\\\/convocada-la-congregacion-provincial-de-brasil-caribe\\\/#primaryimage\"},\"thumbnailUrl\":\"https:\\\/\\\/hijasdejesus.org\\\/wp-content\\\/uploads\\\/2024\\\/06\\\/logo-HdeJ-CGXIX_POR-scaled.jpg\",\"datePublished\":\"2024-06-03T09:28:28+00:00\",\"dateModified\":\"2024-11-18T14:21:49+00:00\",\"breadcrumb\":{\"@id\":\"https:\\\/\\\/hijasdejesus.org\\\/pt-br\\\/convocada-la-congregacion-provincial-de-brasil-caribe\\\/#breadcrumb\"},\"inLanguage\":\"pt-BR\",\"potentialAction\":[{\"@type\":\"ReadAction\",\"target\":[\"https:\\\/\\\/hijasdejesus.org\\\/pt-br\\\/convocada-la-congregacion-provincial-de-brasil-caribe\\\/\"]}]},{\"@type\":\"ImageObject\",\"inLanguage\":\"pt-BR\",\"@id\":\"https:\\\/\\\/hijasdejesus.org\\\/pt-br\\\/convocada-la-congregacion-provincial-de-brasil-caribe\\\/#primaryimage\",\"url\":\"https:\\\/\\\/hijasdejesus.org\\\/wp-content\\\/uploads\\\/2024\\\/06\\\/logo-HdeJ-CGXIX_POR-scaled.jpg\",\"contentUrl\":\"https:\\\/\\\/hijasdejesus.org\\\/wp-content\\\/uploads\\\/2024\\\/06\\\/logo-HdeJ-CGXIX_POR-scaled.jpg\",\"width\":2560,\"height\":1810},{\"@type\":\"BreadcrumbList\",\"@id\":\"https:\\\/\\\/hijasdejesus.org\\\/pt-br\\\/convocada-la-congregacion-provincial-de-brasil-caribe\\\/#breadcrumb\",\"itemListElement\":[{\"@type\":\"ListItem\",\"position\":1,\"name\":\"Portada\",\"item\":\"https:\\\/\\\/hijasdejesus.org\\\/pt-br\\\/\"},{\"@type\":\"ListItem\",\"position\":2,\"name\":\"Reuni\u00e3o da Congrega\u00e7\u00e3o Provincial do Brasil &#8211; Caribe\"}]},{\"@type\":\"WebSite\",\"@id\":\"https:\\\/\\\/hijasdejesus.org\\\/pt-br\\\/#website\",\"url\":\"https:\\\/\\\/hijasdejesus.org\\\/pt-br\\\/\",\"name\":\"Hijas de Jes\u00fas\",\"description\":\"Despertamos a Jes\u00fas en el coraz\u00f3n, sacando lo mejor de las personas. Somos una congregaci\u00f3n religiosa ignaciana fundada por la Madre Candida\",\"publisher\":{\"@id\":\"https:\\\/\\\/hijasdejesus.org\\\/pt-br\\\/#organization\"},\"potentialAction\":[{\"@type\":\"SearchAction\",\"target\":{\"@type\":\"EntryPoint\",\"urlTemplate\":\"https:\\\/\\\/hijasdejesus.org\\\/pt-br\\\/?s={search_term_string}\"},\"query-input\":{\"@type\":\"PropertyValueSpecification\",\"valueRequired\":true,\"valueName\":\"search_term_string\"}}],\"inLanguage\":\"pt-BR\"},{\"@type\":\"Organization\",\"@id\":\"https:\\\/\\\/hijasdejesus.org\\\/pt-br\\\/#organization\",\"name\":\"Hijas de Jes\u00fas\",\"url\":\"https:\\\/\\\/hijasdejesus.org\\\/pt-br\\\/\",\"logo\":{\"@type\":\"ImageObject\",\"inLanguage\":\"pt-BR\",\"@id\":\"https:\\\/\\\/hijasdejesus.org\\\/pt-br\\\/#\\\/schema\\\/logo\\\/image\\\/\",\"url\":\"https:\\\/\\\/hijasdejesus.org\\\/wp-content\\\/uploads\\\/2023\\\/01\\\/Hijas-de-Jesus_hor-A7C957.png\",\"contentUrl\":\"https:\\\/\\\/hijasdejesus.org\\\/wp-content\\\/uploads\\\/2023\\\/01\\\/Hijas-de-Jesus_hor-A7C957.png\",\"width\":700,\"height\":360,\"caption\":\"Hijas de Jes\u00fas\"},\"image\":{\"@id\":\"https:\\\/\\\/hijasdejesus.org\\\/pt-br\\\/#\\\/schema\\\/logo\\\/image\\\/\"},\"sameAs\":[\"https:\\\/\\\/www.facebook.com\\\/hijasdejesusenelmundo\\\/\",\"https:\\\/\\\/x.com\\\/hijasdjesus\"]},{\"@type\":\"Person\",\"@id\":\"https:\\\/\\\/hijasdejesus.org\\\/pt-br\\\/#\\\/schema\\\/person\\\/a89333d7c811935bc234f49793356474\",\"name\":\"Beatriz Concejo\",\"image\":{\"@type\":\"ImageObject\",\"inLanguage\":\"pt-BR\",\"@id\":\"https:\\\/\\\/secure.gravatar.com\\\/avatar\\\/3075c01a99ba1b38ab876c1780b5fe86903d79b830670c26b7f45a65200e807a?s=96&d=mm&r=g\",\"url\":\"https:\\\/\\\/secure.gravatar.com\\\/avatar\\\/3075c01a99ba1b38ab876c1780b5fe86903d79b830670c26b7f45a65200e807a?s=96&d=mm&r=g\",\"contentUrl\":\"https:\\\/\\\/secure.gravatar.com\\\/avatar\\\/3075c01a99ba1b38ab876c1780b5fe86903d79b830670c26b7f45a65200e807a?s=96&d=mm&r=g\",\"caption\":\"Beatriz Concejo\"},\"url\":\"https:\\\/\\\/hijasdejesus.org\\\/pt-br\\\/author\\\/bea\\\/\"}]}<\/script>\n<!-- \/ Yoast SEO plugin. -->","yoast_head_json":{"title":"Reuni\u00e3o da Congrega\u00e7\u00e3o Provincial do Brasil - Caribe - Hijas de Jes\u00fas","robots":{"index":"index","follow":"follow","max-snippet":"max-snippet:-1","max-image-preview":"max-image-preview:large","max-video-preview":"max-video-preview:-1"},"canonical":"https:\/\/hijasdejesus.org\/pt-br\/convocada-la-congregacion-provincial-de-brasil-caribe\/","og_locale":"pt_BR","og_type":"article","og_title":"Reuni\u00e3o da Congrega\u00e7\u00e3o Provincial do Brasil - Caribe - Hijas de Jes\u00fas","og_description":"Animada pelo Esp\u00edrito Santo, que conduziu Maria, Madre C\u00e2ndida e que tamb\u00e9m nos conduz, a Superiora Provincial, S\u00f4nia Maria Soares da Rocha, convocou a Congrega\u00e7\u00e3o Provincial do Brasil &#8211; Caribe, que ser\u00e1 realizada na Casa &#8220;Sant\u00edssima Trindade&#8221;, em Belo Horizonte &#8211; Brasil eter\u00e1 in\u00edcio no dia 29 de dezembro, dia em que ser\u00e1 realizada a [&hellip;]","og_url":"https:\/\/hijasdejesus.org\/pt-br\/convocada-la-congregacion-provincial-de-brasil-caribe\/","og_site_name":"Hijas de Jes\u00fas","article_publisher":"https:\/\/www.facebook.com\/hijasdejesusenelmundo\/","article_published_time":"2024-06-03T09:28:28+00:00","article_modified_time":"2024-11-18T14:21:49+00:00","og_image":[{"width":2560,"height":1810,"url":"https:\/\/hijasdejesus.org\/wp-content\/uploads\/2024\/06\/logo-HdeJ-CGXIX_POR-scaled.jpg","type":"image\/jpeg"}],"author":"Beatriz Concejo","twitter_card":"summary_large_image","twitter_creator":"@hijasdjesus","twitter_site":"@hijasdjesus","twitter_misc":{"Escrito por":"Beatriz Concejo","Est. tempo de leitura":"1 minuto"},"schema":{"@context":"https:\/\/schema.org","@graph":[{"@type":"Article","@id":"https:\/\/hijasdejesus.org\/pt-br\/convocada-la-congregacion-provincial-de-brasil-caribe\/#article","isPartOf":{"@id":"https:\/\/hijasdejesus.org\/pt-br\/convocada-la-congregacion-provincial-de-brasil-caribe\/"},"author":{"name":"Beatriz Concejo","@id":"https:\/\/hijasdejesus.org\/pt-br\/#\/schema\/person\/a89333d7c811935bc234f49793356474"},"headline":"Reuni\u00e3o da Congrega\u00e7\u00e3o Provincial do Brasil &#8211; Caribe","datePublished":"2024-06-03T09:28:28+00:00","dateModified":"2024-11-18T14:21:49+00:00","mainEntityOfPage":{"@id":"https:\/\/hijasdejesus.org\/pt-br\/convocada-la-congregacion-provincial-de-brasil-caribe\/"},"wordCount":266,"commentCount":0,"publisher":{"@id":"https:\/\/hijasdejesus.org\/pt-br\/#organization"},"image":{"@id":"https:\/\/hijasdejesus.org\/pt-br\/convocada-la-congregacion-provincial-de-brasil-caribe\/#primaryimage"},"thumbnailUrl":"https:\/\/hijasdejesus.org\/wp-content\/uploads\/2024\/06\/logo-HdeJ-CGXIX_POR-scaled.jpg","keywords":["CG XIX"],"articleSection":["Brasil","Brasil-Caribe","CG XIX","Not\u00edcias","Rep\u00fablica Dominicana"],"inLanguage":"pt-BR","potentialAction":[{"@type":"CommentAction","name":"Comment","target":["https:\/\/hijasdejesus.org\/pt-br\/convocada-la-congregacion-provincial-de-brasil-caribe\/#respond"]}]},{"@type":"WebPage","@id":"https:\/\/hijasdejesus.org\/pt-br\/convocada-la-congregacion-provincial-de-brasil-caribe\/","url":"https:\/\/hijasdejesus.org\/pt-br\/convocada-la-congregacion-provincial-de-brasil-caribe\/","name":"Reuni\u00e3o da Congrega\u00e7\u00e3o Provincial do Brasil - Caribe - Hijas de Jes\u00fas","isPartOf":{"@id":"https:\/\/hijasdejesus.org\/pt-br\/#website"},"primaryImageOfPage":{"@id":"https:\/\/hijasdejesus.org\/pt-br\/convocada-la-congregacion-provincial-de-brasil-caribe\/#primaryimage"},"image":{"@id":"https:\/\/hijasdejesus.org\/pt-br\/convocada-la-congregacion-provincial-de-brasil-caribe\/#primaryimage"},"thumbnailUrl":"https:\/\/hijasdejesus.org\/wp-content\/uploads\/2024\/06\/logo-HdeJ-CGXIX_POR-scaled.jpg","datePublished":"2024-06-03T09:28:28+00:00","dateModified":"2024-11-18T14:21:49+00:00","breadcrumb":{"@id":"https:\/\/hijasdejesus.org\/pt-br\/convocada-la-congregacion-provincial-de-brasil-caribe\/#breadcrumb"},"inLanguage":"pt-BR","potentialAction":[{"@type":"ReadAction","target":["https:\/\/hijasdejesus.org\/pt-br\/convocada-la-congregacion-provincial-de-brasil-caribe\/"]}]},{"@type":"ImageObject","inLanguage":"pt-BR","@id":"https:\/\/hijasdejesus.org\/pt-br\/convocada-la-congregacion-provincial-de-brasil-caribe\/#primaryimage","url":"https:\/\/hijasdejesus.org\/wp-content\/uploads\/2024\/06\/logo-HdeJ-CGXIX_POR-scaled.jpg","contentUrl":"https:\/\/hijasdejesus.org\/wp-content\/uploads\/2024\/06\/logo-HdeJ-CGXIX_POR-scaled.jpg","width":2560,"height":1810},{"@type":"BreadcrumbList","@id":"https:\/\/hijasdejesus.org\/pt-br\/convocada-la-congregacion-provincial-de-brasil-caribe\/#breadcrumb","itemListElement":[{"@type":"ListItem","position":1,"name":"Portada","item":"https:\/\/hijasdejesus.org\/pt-br\/"},{"@type":"ListItem","position":2,"name":"Reuni\u00e3o da Congrega\u00e7\u00e3o Provincial do Brasil &#8211; Caribe"}]},{"@type":"WebSite","@id":"https:\/\/hijasdejesus.org\/pt-br\/#website","url":"https:\/\/hijasdejesus.org\/pt-br\/","name":"Hijas de Jes\u00fas","description":"Despertamos a Jes\u00fas en el coraz\u00f3n, sacando lo mejor de las personas. Somos una congregaci\u00f3n religiosa ignaciana fundada por la Madre Candida","publisher":{"@id":"https:\/\/hijasdejesus.org\/pt-br\/#organization"},"potentialAction":[{"@type":"SearchAction","target":{"@type":"EntryPoint","urlTemplate":"https:\/\/hijasdejesus.org\/pt-br\/?s={search_term_string}"},"query-input":{"@type":"PropertyValueSpecification","valueRequired":true,"valueName":"search_term_string"}}],"inLanguage":"pt-BR"},{"@type":"Organization","@id":"https:\/\/hijasdejesus.org\/pt-br\/#organization","name":"Hijas de Jes\u00fas","url":"https:\/\/hijasdejesus.org\/pt-br\/","logo":{"@type":"ImageObject","inLanguage":"pt-BR","@id":"https:\/\/hijasdejesus.org\/pt-br\/#\/schema\/logo\/image\/","url":"https:\/\/hijasdejesus.org\/wp-content\/uploads\/2023\/01\/Hijas-de-Jesus_hor-A7C957.png","contentUrl":"https:\/\/hijasdejesus.org\/wp-content\/uploads\/2023\/01\/Hijas-de-Jesus_hor-A7C957.png","width":700,"height":360,"caption":"Hijas de Jes\u00fas"},"image":{"@id":"https:\/\/hijasdejesus.org\/pt-br\/#\/schema\/logo\/image\/"},"sameAs":["https:\/\/www.facebook.com\/hijasdejesusenelmundo\/","https:\/\/x.com\/hijasdjesus"]},{"@type":"Person","@id":"https:\/\/hijasdejesus.org\/pt-br\/#\/schema\/person\/a89333d7c811935bc234f49793356474","name":"Beatriz Concejo","image":{"@type":"ImageObject","inLanguage":"pt-BR","@id":"https:\/\/secure.gravatar.com\/avatar\/3075c01a99ba1b38ab876c1780b5fe86903d79b830670c26b7f45a65200e807a?s=96&d=mm&r=g","url":"https:\/\/secure.gravatar.com\/avatar\/3075c01a99ba1b38ab876c1780b5fe86903d79b830670c26b7f45a65200e807a?s=96&d=mm&r=g","contentUrl":"https:\/\/secure.gravatar.com\/avatar\/3075c01a99ba1b38ab876c1780b5fe86903d79b830670c26b7f45a65200e807a?s=96&d=mm&r=g","caption":"Beatriz Concejo"},"url":"https:\/\/hijasdejesus.org\/pt-br\/author\/bea\/"}]}},"_links":{"self":[{"href":"https:\/\/hijasdejesus.org\/pt-br\/wp-json\/wp\/v2\/posts\/39581","targetHints":{"allow":["GET"]}}],"collection":[{"href":"https:\/\/hijasdejesus.org\/pt-br\/wp-json\/wp\/v2\/posts"}],"about":[{"href":"https:\/\/hijasdejesus.org\/pt-br\/wp-json\/wp\/v2\/types\/post"}],"author":[{"embeddable":true,"href":"https:\/\/hijasdejesus.org\/pt-br\/wp-json\/wp\/v2\/users\/2"}],"replies":[{"embeddable":true,"href":"https:\/\/hijasdejesus.org\/pt-br\/wp-json\/wp\/v2\/comments?post=39581"}],"version-history":[{"count":6,"href":"https:\/\/hijasdejesus.org\/pt-br\/wp-json\/wp\/v2\/posts\/39581\/revisions"}],"predecessor-version":[{"id":41415,"href":"https:\/\/hijasdejesus.org\/pt-br\/wp-json\/wp\/v2\/posts\/39581\/revisions\/41415"}],"wp:featuredmedia":[{"embeddable":true,"href":"https:\/\/hijasdejesus.org\/pt-br\/wp-json\/wp\/v2\/media\/39576"}],"wp:attachment":[{"href":"https:\/\/hijasdejesus.org\/pt-br\/wp-json\/wp\/v2\/media?parent=39581"}],"wp:term":[{"taxonomy":"category","embeddable":true,"href":"https:\/\/hijasdejesus.org\/pt-br\/wp-json\/wp\/v2\/categories?post=39581"},{"taxonomy":"post_tag","embeddable":true,"href":"https:\/\/hijasdejesus.org\/pt-br\/wp-json\/wp\/v2\/tags?post=39581"}],"curies":[{"name":"wp","href":"https:\/\/api.w.org\/{rel}","templated":true}]}}