{"id":39728,"date":"2024-06-20T13:57:04","date_gmt":"2024-06-20T11:57:04","guid":{"rendered":"https:\/\/hijasdejesus.org\/visita-canonica-a-cuba\/"},"modified":"2024-07-04T13:37:33","modified_gmt":"2024-07-04T11:37:33","slug":"visita-canonica-a-cuba","status":"publish","type":"post","link":"https:\/\/hijasdejesus.org\/pt-br\/visita-canonica-a-cuba\/","title":{"rendered":"Visita can\u00f4nica a Cuba"},"content":{"rendered":"\n<p>A visita de <strong><em>Graciela Francovig<\/em>, Superiora Geral, a Cuba<\/strong> terminou h\u00e1 poucos dias. Cada visita tem sua pr\u00f3pria peculiaridade, e esse foi o caso dessa.<\/p>\n\n<p><strong>A \u00fanica comunidade da ilha \u00e9 composta por quatro irm\u00e3s.  <\/strong>Eles ainda n\u00e3o est\u00e3o l\u00e1 h\u00e1 um ano. Os quatro<strong> s\u00e3o de tr\u00eas pa\u00edses diferentes e apenas um \u00e9 cubano<\/strong>. \u00c0s vezes, a comunica\u00e7\u00e3o n\u00e3o \u00e9 t\u00e3o f\u00e1cil quanto em qualquer outro lugar devido ao regime pol\u00edtico e aos constantes cortes de energia. Entrar ou sair do pa\u00eds \u00e9 complicado.<\/p>\n\n<p>Se a visita do Superior Geral \u00e9 sempre aguardada com alegria, essas circunst\u00e2ncias tornaram a<strong> alegria do encontro ainda maior <\/strong>. No pequeno aeroporto de Santiago de Cuba, ficamos retidas por meia hora porque n\u00e3o conseguiam encontrar nosso visto original (est\u00e1vamos indo como religiosas), que a superiora da comunidade tinha em m\u00e3os e estava do outro lado da porta. Houve uma certa confus\u00e3o entre n\u00f3s e alguns claretianos que n\u00e3o precisavam de visto porque residiam l\u00e1.<\/p>\n\n<p>No caminho para Bayamo, passamos <strong>pelo Santu\u00e1rio da Virgen de la Caridad del Cobre, Padroeira do pa\u00eds <\/strong>. Depois de<strong> confiar essa visita a ela, \u00e0s nossas irm\u00e3s e a toda a cidade, <\/strong>compartilhamos o que lev\u00e1vamos &#8220;e o que sobrou&#8221;, para que pud\u00e9ssemos compartilhar tamb\u00e9m com os respons\u00e1veis pelo Santu\u00e1rio.<\/p>\n\n<p><strong><em>Fernando Vega<\/em>, Vig\u00e1rio da Par\u00f3quia da Catedral<\/strong>, veio nos buscar em uma van da par\u00f3quia. Radoslaw Lydkowski (Radek), o p\u00e1roco, preparou a refei\u00e7\u00e3o para n\u00f3s, certificando-se de que, se as irm\u00e3s estivessem viajando, seria \u00fatil se elas nos convidassem para comer em sua casa. O p\u00e1roco de Guisa tamb\u00e9m estava presente no almo\u00e7o. <strong>Fernando e Radek estavam \u00e0 nossa disposi\u00e7\u00e3o para tudo o que precis\u00e1ssemos<\/strong>, para nos levar ao Centro de Forma\u00e7\u00e3o ou para visitar o Projeto Nazar\u00e9. Esse projeto oferece treinamento para crian\u00e7as de cinco dos bairros mais desfavorecidos.<\/p>\n\n<figure class=\"wp-block-gallery has-nested-images columns-default is-cropped wp-block-gallery-1 is-layout-flex wp-block-gallery-is-layout-flex\">\n<figure class=\"wp-block-image size-large\"><img loading=\"lazy\" decoding=\"async\" width=\"1024\" height=\"768\" data-id=\"39716\" src=\"https:\/\/hijasdejesus.org\/wp-content\/uploads\/2024\/06\/2024-VC-Cuba-5-1024x768.jpg\" alt=\"\" class=\"wp-image-39716\" srcset=\"https:\/\/hijasdejesus.org\/wp-content\/uploads\/2024\/06\/2024-VC-Cuba-5-980x735.jpg 980w, https:\/\/hijasdejesus.org\/wp-content\/uploads\/2024\/06\/2024-VC-Cuba-5-480x360.jpg 480w\" sizes=\"(min-width: 0px) and (max-width: 480px) 480px, (min-width: 481px) and (max-width: 980px) 980px, (min-width: 981px) 1024px, 100vw\" \/><\/figure>\n\n\n\n<figure class=\"wp-block-image size-large\"><img loading=\"lazy\" decoding=\"async\" width=\"1024\" height=\"768\" data-id=\"39708\" src=\"https:\/\/hijasdejesus.org\/wp-content\/uploads\/2024\/06\/2024-VC-Cuba-3-1024x768.jpg\" alt=\"\" class=\"wp-image-39708\" srcset=\"https:\/\/hijasdejesus.org\/wp-content\/uploads\/2024\/06\/2024-VC-Cuba-3-980x735.jpg 980w, https:\/\/hijasdejesus.org\/wp-content\/uploads\/2024\/06\/2024-VC-Cuba-3-480x360.jpg 480w\" sizes=\"(min-width: 0px) and (max-width: 480px) 480px, (min-width: 481px) and (max-width: 980px) 980px, (min-width: 981px) 1024px, 100vw\" \/><\/figure>\n<\/figure>\n\n<div style=\"height:26px\" aria-hidden=\"true\" class=\"wp-block-spacer\"><\/div>\n\n<p><strong>A sauda\u00e7\u00e3o aos leigos da Fam\u00edlia Madre C\u00e2ndida se transformou em uma reuni\u00e3o que terminou com tristeza.  <\/strong>Ainda mais quando os jovens se juntaram a n\u00f3s e falaram abertamente de seu amor pelos seus, por sua terra, da necessidade de permanecerem. Mas, ao mesmo tempo, falaram de<strong> seu desejo e dificuldade de partir em busca de um futuro que n\u00e3o lhes parece poss\u00edvel l\u00e1 <\/strong>. \u00c9 por isso que as irm\u00e3s s\u00e3o ainda mais significativas, porque deixam seu mundo &#8220;externo&#8221;, aquele que elas desejam e ainda precisam para seu desenvolvimento e forma\u00e7\u00e3o, a fim de<strong> compartilhar a f\u00e9 e a vida com os cubanos <\/strong>. Saudamos tamb\u00e9m o<strong> Bispo da Diocese,<em> D. \u00c1lvaro Julio Beyra<\/em><\/strong>, por sua acolhida e apoio incondicional.<\/p>\n\n<figure class=\"wp-block-gallery has-nested-images columns-default is-cropped wp-block-gallery-2 is-layout-flex wp-block-gallery-is-layout-flex\">\n<figure class=\"wp-block-image size-large\"><img loading=\"lazy\" decoding=\"async\" width=\"768\" height=\"1024\" data-id=\"39712\" src=\"https:\/\/hijasdejesus.org\/wp-content\/uploads\/2024\/06\/2024-VC-Cuba-4-768x1024.jpg\" alt=\"\" class=\"wp-image-39712\"\/><\/figure>\n\n\n\n<figure class=\"wp-block-image size-large\"><img loading=\"lazy\" decoding=\"async\" width=\"768\" height=\"1024\" data-id=\"39704\" src=\"https:\/\/hijasdejesus.org\/wp-content\/uploads\/2024\/06\/2024-VC-Cuba-2-768x1024.jpg\" alt=\"\" class=\"wp-image-39704\"\/><\/figure>\n<\/figure>\n\n<div style=\"height:26px\" aria-hidden=\"true\" class=\"wp-block-spacer\"><\/div>\n\n<p>Todos esses detalhes nos fazem sentir como uma pequena igreja viva, uma verdadeira comunidade, onde compartilhamos e cuidamos uns dos outros.  <strong>Nela, n\u00f3s, Filhas de Jesus, somos chamadas a ser uma presen\u00e7a que oferece esperan\u00e7a.<\/strong><\/p>\n\n<p><strong><em>Mar\u00eda Teresa Pinto FI.<\/em><\/strong><\/p>\n","protected":false},"excerpt":{"rendered":"<p>A visita de Graciela Francovig, Superiora Geral, a Cuba terminou h\u00e1 poucos dias. Cada visita tem sua pr\u00f3pria peculiaridade, e esse foi o caso dessa. A \u00fanica comunidade da ilha \u00e9 composta por quatro irm\u00e3s. Eles ainda n\u00e3o est\u00e3o l\u00e1 h\u00e1 um ano. Os quatro s\u00e3o de tr\u00eas pa\u00edses diferentes e apenas um \u00e9 cubano. [&hellip;]<\/p>\n","protected":false},"author":2,"featured_media":39723,"comment_status":"open","ping_status":"open","sticky":false,"template":"","format":"standard","meta":{"_et_pb_use_builder":"off","_et_pb_old_content":"","_et_gb_content_width":"","footnotes":"","_links_to":"","_links_to_target":""},"categories":[507,513,469],"tags":[714],"class_list":["post-39728","post","type-post","status-publish","format-standard","has-post-thumbnail","hentry","category-brasil-caribe-pt-br","category-cuba-pt-br","category-noticias-pt-br","tag-sin-categorizar-pt-br"],"yoast_head":"<!-- This site is optimized with the Yoast SEO plugin v27.5 - https:\/\/yoast.com\/product\/yoast-seo-wordpress\/ -->\n<title>Visita can\u00f4nica a Cuba - Hijas de Jes\u00fas<\/title>\n<meta name=\"robots\" content=\"index, follow, max-snippet:-1, max-image-preview:large, max-video-preview:-1\" \/>\n<link rel=\"canonical\" href=\"https:\/\/hijasdejesus.org\/pt-br\/visita-canonica-a-cuba\/\" \/>\n<meta property=\"og:locale\" content=\"pt_BR\" \/>\n<meta property=\"og:type\" content=\"article\" \/>\n<meta property=\"og:title\" content=\"Visita can\u00f4nica a Cuba - Hijas de Jes\u00fas\" \/>\n<meta property=\"og:description\" content=\"A visita de Graciela Francovig, Superiora Geral, a Cuba terminou h\u00e1 poucos dias. Cada visita tem sua pr\u00f3pria peculiaridade, e esse foi o caso dessa. A \u00fanica comunidade da ilha \u00e9 composta por quatro irm\u00e3s. Eles ainda n\u00e3o est\u00e3o l\u00e1 h\u00e1 um ano. Os quatro s\u00e3o de tr\u00eas pa\u00edses diferentes e apenas um \u00e9 cubano. [&hellip;]\" \/>\n<meta property=\"og:url\" content=\"https:\/\/hijasdejesus.org\/pt-br\/visita-canonica-a-cuba\/\" \/>\n<meta property=\"og:site_name\" content=\"Hijas de Jes\u00fas\" \/>\n<meta property=\"article:publisher\" content=\"https:\/\/www.facebook.com\/hijasdejesusenelmundo\/\" \/>\n<meta property=\"article:published_time\" content=\"2024-06-20T11:57:04+00:00\" \/>\n<meta property=\"article:modified_time\" content=\"2024-07-04T11:37:33+00:00\" \/>\n<meta property=\"og:image\" content=\"https:\/\/hijasdejesus.org\/wp-content\/uploads\/2024\/06\/2024-VC-Cuba-1.jpg\" \/>\n\t<meta property=\"og:image:width\" content=\"2016\" \/>\n\t<meta property=\"og:image:height\" content=\"1134\" \/>\n\t<meta property=\"og:image:type\" content=\"image\/jpeg\" \/>\n<meta name=\"author\" content=\"Beatriz Concejo\" \/>\n<meta name=\"twitter:card\" content=\"summary_large_image\" \/>\n<meta name=\"twitter:creator\" content=\"@hijasdjesus\" \/>\n<meta name=\"twitter:site\" content=\"@hijasdjesus\" \/>\n<meta name=\"twitter:label1\" content=\"Escrito por\" \/>\n\t<meta name=\"twitter:data1\" content=\"Beatriz Concejo\" \/>\n\t<meta name=\"twitter:label2\" content=\"Est. tempo de leitura\" \/>\n\t<meta name=\"twitter:data2\" content=\"3 minutos\" \/>\n<script type=\"application\/ld+json\" class=\"yoast-schema-graph\">{\"@context\":\"https:\\\/\\\/schema.org\",\"@graph\":[{\"@type\":\"Article\",\"@id\":\"https:\\\/\\\/hijasdejesus.org\\\/pt-br\\\/visita-canonica-a-cuba\\\/#article\",\"isPartOf\":{\"@id\":\"https:\\\/\\\/hijasdejesus.org\\\/pt-br\\\/visita-canonica-a-cuba\\\/\"},\"author\":{\"name\":\"Beatriz Concejo\",\"@id\":\"https:\\\/\\\/hijasdejesus.org\\\/pt-br\\\/#\\\/schema\\\/person\\\/a89333d7c811935bc234f49793356474\"},\"headline\":\"Visita can\u00f4nica a Cuba\",\"datePublished\":\"2024-06-20T11:57:04+00:00\",\"dateModified\":\"2024-07-04T11:37:33+00:00\",\"mainEntityOfPage\":{\"@id\":\"https:\\\/\\\/hijasdejesus.org\\\/pt-br\\\/visita-canonica-a-cuba\\\/\"},\"wordCount\":513,\"commentCount\":0,\"publisher\":{\"@id\":\"https:\\\/\\\/hijasdejesus.org\\\/pt-br\\\/#organization\"},\"image\":{\"@id\":\"https:\\\/\\\/hijasdejesus.org\\\/pt-br\\\/visita-canonica-a-cuba\\\/#primaryimage\"},\"thumbnailUrl\":\"https:\\\/\\\/hijasdejesus.org\\\/wp-content\\\/uploads\\\/2024\\\/06\\\/2024-VC-Cuba-1.jpg\",\"keywords\":[\"Sin categorizar\"],\"articleSection\":[\"Brasil-Caribe\",\"Cuba\",\"Not\u00edcias\"],\"inLanguage\":\"pt-BR\",\"potentialAction\":[{\"@type\":\"CommentAction\",\"name\":\"Comment\",\"target\":[\"https:\\\/\\\/hijasdejesus.org\\\/pt-br\\\/visita-canonica-a-cuba\\\/#respond\"]}]},{\"@type\":\"WebPage\",\"@id\":\"https:\\\/\\\/hijasdejesus.org\\\/pt-br\\\/visita-canonica-a-cuba\\\/\",\"url\":\"https:\\\/\\\/hijasdejesus.org\\\/pt-br\\\/visita-canonica-a-cuba\\\/\",\"name\":\"Visita can\u00f4nica a Cuba - Hijas de Jes\u00fas\",\"isPartOf\":{\"@id\":\"https:\\\/\\\/hijasdejesus.org\\\/pt-br\\\/#website\"},\"primaryImageOfPage\":{\"@id\":\"https:\\\/\\\/hijasdejesus.org\\\/pt-br\\\/visita-canonica-a-cuba\\\/#primaryimage\"},\"image\":{\"@id\":\"https:\\\/\\\/hijasdejesus.org\\\/pt-br\\\/visita-canonica-a-cuba\\\/#primaryimage\"},\"thumbnailUrl\":\"https:\\\/\\\/hijasdejesus.org\\\/wp-content\\\/uploads\\\/2024\\\/06\\\/2024-VC-Cuba-1.jpg\",\"datePublished\":\"2024-06-20T11:57:04+00:00\",\"dateModified\":\"2024-07-04T11:37:33+00:00\",\"breadcrumb\":{\"@id\":\"https:\\\/\\\/hijasdejesus.org\\\/pt-br\\\/visita-canonica-a-cuba\\\/#breadcrumb\"},\"inLanguage\":\"pt-BR\",\"potentialAction\":[{\"@type\":\"ReadAction\",\"target\":[\"https:\\\/\\\/hijasdejesus.org\\\/pt-br\\\/visita-canonica-a-cuba\\\/\"]}]},{\"@type\":\"ImageObject\",\"inLanguage\":\"pt-BR\",\"@id\":\"https:\\\/\\\/hijasdejesus.org\\\/pt-br\\\/visita-canonica-a-cuba\\\/#primaryimage\",\"url\":\"https:\\\/\\\/hijasdejesus.org\\\/wp-content\\\/uploads\\\/2024\\\/06\\\/2024-VC-Cuba-1.jpg\",\"contentUrl\":\"https:\\\/\\\/hijasdejesus.org\\\/wp-content\\\/uploads\\\/2024\\\/06\\\/2024-VC-Cuba-1.jpg\",\"width\":2016,\"height\":1134},{\"@type\":\"BreadcrumbList\",\"@id\":\"https:\\\/\\\/hijasdejesus.org\\\/pt-br\\\/visita-canonica-a-cuba\\\/#breadcrumb\",\"itemListElement\":[{\"@type\":\"ListItem\",\"position\":1,\"name\":\"Portada\",\"item\":\"https:\\\/\\\/hijasdejesus.org\\\/pt-br\\\/\"},{\"@type\":\"ListItem\",\"position\":2,\"name\":\"Visita can\u00f4nica a Cuba\"}]},{\"@type\":\"WebSite\",\"@id\":\"https:\\\/\\\/hijasdejesus.org\\\/pt-br\\\/#website\",\"url\":\"https:\\\/\\\/hijasdejesus.org\\\/pt-br\\\/\",\"name\":\"Hijas de Jes\u00fas\",\"description\":\"Despertamos a Jes\u00fas en el coraz\u00f3n, sacando lo mejor de las personas. Somos una congregaci\u00f3n religiosa ignaciana fundada por la Madre Candida\",\"publisher\":{\"@id\":\"https:\\\/\\\/hijasdejesus.org\\\/pt-br\\\/#organization\"},\"potentialAction\":[{\"@type\":\"SearchAction\",\"target\":{\"@type\":\"EntryPoint\",\"urlTemplate\":\"https:\\\/\\\/hijasdejesus.org\\\/pt-br\\\/?s={search_term_string}\"},\"query-input\":{\"@type\":\"PropertyValueSpecification\",\"valueRequired\":true,\"valueName\":\"search_term_string\"}}],\"inLanguage\":\"pt-BR\"},{\"@type\":\"Organization\",\"@id\":\"https:\\\/\\\/hijasdejesus.org\\\/pt-br\\\/#organization\",\"name\":\"Hijas de Jes\u00fas\",\"url\":\"https:\\\/\\\/hijasdejesus.org\\\/pt-br\\\/\",\"logo\":{\"@type\":\"ImageObject\",\"inLanguage\":\"pt-BR\",\"@id\":\"https:\\\/\\\/hijasdejesus.org\\\/pt-br\\\/#\\\/schema\\\/logo\\\/image\\\/\",\"url\":\"https:\\\/\\\/hijasdejesus.org\\\/wp-content\\\/uploads\\\/2023\\\/01\\\/Hijas-de-Jesus_hor-A7C957.png\",\"contentUrl\":\"https:\\\/\\\/hijasdejesus.org\\\/wp-content\\\/uploads\\\/2023\\\/01\\\/Hijas-de-Jesus_hor-A7C957.png\",\"width\":700,\"height\":360,\"caption\":\"Hijas de Jes\u00fas\"},\"image\":{\"@id\":\"https:\\\/\\\/hijasdejesus.org\\\/pt-br\\\/#\\\/schema\\\/logo\\\/image\\\/\"},\"sameAs\":[\"https:\\\/\\\/www.facebook.com\\\/hijasdejesusenelmundo\\\/\",\"https:\\\/\\\/x.com\\\/hijasdjesus\"]},{\"@type\":\"Person\",\"@id\":\"https:\\\/\\\/hijasdejesus.org\\\/pt-br\\\/#\\\/schema\\\/person\\\/a89333d7c811935bc234f49793356474\",\"name\":\"Beatriz Concejo\",\"image\":{\"@type\":\"ImageObject\",\"inLanguage\":\"pt-BR\",\"@id\":\"https:\\\/\\\/secure.gravatar.com\\\/avatar\\\/3075c01a99ba1b38ab876c1780b5fe86903d79b830670c26b7f45a65200e807a?s=96&d=mm&r=g\",\"url\":\"https:\\\/\\\/secure.gravatar.com\\\/avatar\\\/3075c01a99ba1b38ab876c1780b5fe86903d79b830670c26b7f45a65200e807a?s=96&d=mm&r=g\",\"contentUrl\":\"https:\\\/\\\/secure.gravatar.com\\\/avatar\\\/3075c01a99ba1b38ab876c1780b5fe86903d79b830670c26b7f45a65200e807a?s=96&d=mm&r=g\",\"caption\":\"Beatriz Concejo\"},\"url\":\"https:\\\/\\\/hijasdejesus.org\\\/pt-br\\\/author\\\/bea\\\/\"}]}<\/script>\n<!-- \/ Yoast SEO plugin. -->","yoast_head_json":{"title":"Visita can\u00f4nica a Cuba - Hijas de Jes\u00fas","robots":{"index":"index","follow":"follow","max-snippet":"max-snippet:-1","max-image-preview":"max-image-preview:large","max-video-preview":"max-video-preview:-1"},"canonical":"https:\/\/hijasdejesus.org\/pt-br\/visita-canonica-a-cuba\/","og_locale":"pt_BR","og_type":"article","og_title":"Visita can\u00f4nica a Cuba - Hijas de Jes\u00fas","og_description":"A visita de Graciela Francovig, Superiora Geral, a Cuba terminou h\u00e1 poucos dias. Cada visita tem sua pr\u00f3pria peculiaridade, e esse foi o caso dessa. A \u00fanica comunidade da ilha \u00e9 composta por quatro irm\u00e3s. Eles ainda n\u00e3o est\u00e3o l\u00e1 h\u00e1 um ano. Os quatro s\u00e3o de tr\u00eas pa\u00edses diferentes e apenas um \u00e9 cubano. [&hellip;]","og_url":"https:\/\/hijasdejesus.org\/pt-br\/visita-canonica-a-cuba\/","og_site_name":"Hijas de Jes\u00fas","article_publisher":"https:\/\/www.facebook.com\/hijasdejesusenelmundo\/","article_published_time":"2024-06-20T11:57:04+00:00","article_modified_time":"2024-07-04T11:37:33+00:00","og_image":[{"width":2016,"height":1134,"url":"https:\/\/hijasdejesus.org\/wp-content\/uploads\/2024\/06\/2024-VC-Cuba-1.jpg","type":"image\/jpeg"}],"author":"Beatriz Concejo","twitter_card":"summary_large_image","twitter_creator":"@hijasdjesus","twitter_site":"@hijasdjesus","twitter_misc":{"Escrito por":"Beatriz Concejo","Est. tempo de leitura":"3 minutos"},"schema":{"@context":"https:\/\/schema.org","@graph":[{"@type":"Article","@id":"https:\/\/hijasdejesus.org\/pt-br\/visita-canonica-a-cuba\/#article","isPartOf":{"@id":"https:\/\/hijasdejesus.org\/pt-br\/visita-canonica-a-cuba\/"},"author":{"name":"Beatriz Concejo","@id":"https:\/\/hijasdejesus.org\/pt-br\/#\/schema\/person\/a89333d7c811935bc234f49793356474"},"headline":"Visita can\u00f4nica a Cuba","datePublished":"2024-06-20T11:57:04+00:00","dateModified":"2024-07-04T11:37:33+00:00","mainEntityOfPage":{"@id":"https:\/\/hijasdejesus.org\/pt-br\/visita-canonica-a-cuba\/"},"wordCount":513,"commentCount":0,"publisher":{"@id":"https:\/\/hijasdejesus.org\/pt-br\/#organization"},"image":{"@id":"https:\/\/hijasdejesus.org\/pt-br\/visita-canonica-a-cuba\/#primaryimage"},"thumbnailUrl":"https:\/\/hijasdejesus.org\/wp-content\/uploads\/2024\/06\/2024-VC-Cuba-1.jpg","keywords":["Sin categorizar"],"articleSection":["Brasil-Caribe","Cuba","Not\u00edcias"],"inLanguage":"pt-BR","potentialAction":[{"@type":"CommentAction","name":"Comment","target":["https:\/\/hijasdejesus.org\/pt-br\/visita-canonica-a-cuba\/#respond"]}]},{"@type":"WebPage","@id":"https:\/\/hijasdejesus.org\/pt-br\/visita-canonica-a-cuba\/","url":"https:\/\/hijasdejesus.org\/pt-br\/visita-canonica-a-cuba\/","name":"Visita can\u00f4nica a Cuba - Hijas de Jes\u00fas","isPartOf":{"@id":"https:\/\/hijasdejesus.org\/pt-br\/#website"},"primaryImageOfPage":{"@id":"https:\/\/hijasdejesus.org\/pt-br\/visita-canonica-a-cuba\/#primaryimage"},"image":{"@id":"https:\/\/hijasdejesus.org\/pt-br\/visita-canonica-a-cuba\/#primaryimage"},"thumbnailUrl":"https:\/\/hijasdejesus.org\/wp-content\/uploads\/2024\/06\/2024-VC-Cuba-1.jpg","datePublished":"2024-06-20T11:57:04+00:00","dateModified":"2024-07-04T11:37:33+00:00","breadcrumb":{"@id":"https:\/\/hijasdejesus.org\/pt-br\/visita-canonica-a-cuba\/#breadcrumb"},"inLanguage":"pt-BR","potentialAction":[{"@type":"ReadAction","target":["https:\/\/hijasdejesus.org\/pt-br\/visita-canonica-a-cuba\/"]}]},{"@type":"ImageObject","inLanguage":"pt-BR","@id":"https:\/\/hijasdejesus.org\/pt-br\/visita-canonica-a-cuba\/#primaryimage","url":"https:\/\/hijasdejesus.org\/wp-content\/uploads\/2024\/06\/2024-VC-Cuba-1.jpg","contentUrl":"https:\/\/hijasdejesus.org\/wp-content\/uploads\/2024\/06\/2024-VC-Cuba-1.jpg","width":2016,"height":1134},{"@type":"BreadcrumbList","@id":"https:\/\/hijasdejesus.org\/pt-br\/visita-canonica-a-cuba\/#breadcrumb","itemListElement":[{"@type":"ListItem","position":1,"name":"Portada","item":"https:\/\/hijasdejesus.org\/pt-br\/"},{"@type":"ListItem","position":2,"name":"Visita can\u00f4nica a Cuba"}]},{"@type":"WebSite","@id":"https:\/\/hijasdejesus.org\/pt-br\/#website","url":"https:\/\/hijasdejesus.org\/pt-br\/","name":"Hijas de Jes\u00fas","description":"Despertamos a Jes\u00fas en el coraz\u00f3n, sacando lo mejor de las personas. Somos una congregaci\u00f3n religiosa ignaciana fundada por la Madre Candida","publisher":{"@id":"https:\/\/hijasdejesus.org\/pt-br\/#organization"},"potentialAction":[{"@type":"SearchAction","target":{"@type":"EntryPoint","urlTemplate":"https:\/\/hijasdejesus.org\/pt-br\/?s={search_term_string}"},"query-input":{"@type":"PropertyValueSpecification","valueRequired":true,"valueName":"search_term_string"}}],"inLanguage":"pt-BR"},{"@type":"Organization","@id":"https:\/\/hijasdejesus.org\/pt-br\/#organization","name":"Hijas de Jes\u00fas","url":"https:\/\/hijasdejesus.org\/pt-br\/","logo":{"@type":"ImageObject","inLanguage":"pt-BR","@id":"https:\/\/hijasdejesus.org\/pt-br\/#\/schema\/logo\/image\/","url":"https:\/\/hijasdejesus.org\/wp-content\/uploads\/2023\/01\/Hijas-de-Jesus_hor-A7C957.png","contentUrl":"https:\/\/hijasdejesus.org\/wp-content\/uploads\/2023\/01\/Hijas-de-Jesus_hor-A7C957.png","width":700,"height":360,"caption":"Hijas de Jes\u00fas"},"image":{"@id":"https:\/\/hijasdejesus.org\/pt-br\/#\/schema\/logo\/image\/"},"sameAs":["https:\/\/www.facebook.com\/hijasdejesusenelmundo\/","https:\/\/x.com\/hijasdjesus"]},{"@type":"Person","@id":"https:\/\/hijasdejesus.org\/pt-br\/#\/schema\/person\/a89333d7c811935bc234f49793356474","name":"Beatriz Concejo","image":{"@type":"ImageObject","inLanguage":"pt-BR","@id":"https:\/\/secure.gravatar.com\/avatar\/3075c01a99ba1b38ab876c1780b5fe86903d79b830670c26b7f45a65200e807a?s=96&d=mm&r=g","url":"https:\/\/secure.gravatar.com\/avatar\/3075c01a99ba1b38ab876c1780b5fe86903d79b830670c26b7f45a65200e807a?s=96&d=mm&r=g","contentUrl":"https:\/\/secure.gravatar.com\/avatar\/3075c01a99ba1b38ab876c1780b5fe86903d79b830670c26b7f45a65200e807a?s=96&d=mm&r=g","caption":"Beatriz Concejo"},"url":"https:\/\/hijasdejesus.org\/pt-br\/author\/bea\/"}]}},"_links":{"self":[{"href":"https:\/\/hijasdejesus.org\/pt-br\/wp-json\/wp\/v2\/posts\/39728","targetHints":{"allow":["GET"]}}],"collection":[{"href":"https:\/\/hijasdejesus.org\/pt-br\/wp-json\/wp\/v2\/posts"}],"about":[{"href":"https:\/\/hijasdejesus.org\/pt-br\/wp-json\/wp\/v2\/types\/post"}],"author":[{"embeddable":true,"href":"https:\/\/hijasdejesus.org\/pt-br\/wp-json\/wp\/v2\/users\/2"}],"replies":[{"embeddable":true,"href":"https:\/\/hijasdejesus.org\/pt-br\/wp-json\/wp\/v2\/comments?post=39728"}],"version-history":[{"count":1,"href":"https:\/\/hijasdejesus.org\/pt-br\/wp-json\/wp\/v2\/posts\/39728\/revisions"}],"predecessor-version":[{"id":39731,"href":"https:\/\/hijasdejesus.org\/pt-br\/wp-json\/wp\/v2\/posts\/39728\/revisions\/39731"}],"wp:featuredmedia":[{"embeddable":true,"href":"https:\/\/hijasdejesus.org\/pt-br\/wp-json\/wp\/v2\/media\/39723"}],"wp:attachment":[{"href":"https:\/\/hijasdejesus.org\/pt-br\/wp-json\/wp\/v2\/media?parent=39728"}],"wp:term":[{"taxonomy":"category","embeddable":true,"href":"https:\/\/hijasdejesus.org\/pt-br\/wp-json\/wp\/v2\/categories?post=39728"},{"taxonomy":"post_tag","embeddable":true,"href":"https:\/\/hijasdejesus.org\/pt-br\/wp-json\/wp\/v2\/tags?post=39728"}],"curies":[{"name":"wp","href":"https:\/\/api.w.org\/{rel}","templated":true}]}}