{"id":39751,"date":"2024-06-21T17:48:19","date_gmt":"2024-06-21T15:48:19","guid":{"rendered":"https:\/\/hijasdejesus.org\/vicenta-guilarte-filha-de-jesus-veneravel\/"},"modified":"2024-07-08T10:06:22","modified_gmt":"2024-07-08T08:06:22","slug":"vicenta-guilarte-filha-de-jesus-veneravel","status":"publish","type":"post","link":"https:\/\/hijasdejesus.org\/pt-br\/vicenta-guilarte-filha-de-jesus-veneravel\/","title":{"rendered":"Vicenta Guilarte, Filha de Jesus, vener\u00e1vel"},"content":{"rendered":"\n<p>O Papa Francisco aprovou ontem, 20 de junho de 2024, o<strong> decreto de virtudes heroicas da Filha de Jesus <em>Vicenta Guilarte Alonso<\/em><\/strong>. Lemos sobre ela no livro &#8220;A quem enviarei?&#8221; que Mar\u00eda del Carmen Cruz escreveu por ocasi\u00e3o do centen\u00e1rio da <strong>primeira expedi\u00e7\u00e3o da Congrega\u00e7\u00e3o fora da Espanha, ao Brasil<\/strong>.  <\/p>\n\n<p><em>Na lista de irm\u00e3s escolhidas para a primeira expedi\u00e7\u00e3o ao Brasil em 1911, Vicenta foi nomeada a quarta. Isso n\u00e3o foi nenhuma surpresa. Ela <strong>era bem conhecida e apreciada por todos<\/strong>. Madre C\u00e2ndida, no discernimento que fez para propor seu destino ao Brasil, contemplou isso:<\/em><\/p>\n\n<ul class=\"wp-block-list\">\n<li><em>Ela era uma freira jovem com boa sa\u00fade.<\/em><\/li>\n\n\n\n<li><em>Ela tinha um car\u00e1ter agrad\u00e1vel: gentil, positiva em tudo, com alegria serena (sem estrid\u00eancia), afetivamente equilibrada.<\/em><\/li>\n\n\n\n<li><em>Sua consist\u00eancia de vida, mantida fielmente durante os dez anos em que viveu na Congrega\u00e7\u00e3o. Ela foi um exemplo constante para novi\u00e7as e professas.<\/em><\/li>\n\n\n\n<li><em>O cuidado e a afei\u00e7\u00e3o que ele demonstrava pelos mais pobres entre os pobres eram um testemunho da qualidade de sua vida apost\u00f3lica.<\/em><\/li>\n\n\n\n<li><em>Seu amor pelos mais necessitados, sua prontid\u00e3o para estar perto dos mais necessitados.<\/em><\/li>\n<\/ul>\n\n<p>Essa era Vicenta.  <strong>Ela tornou transparente o amor que recebeu de Deus onde quer que tenha sido enviada.<\/strong>  O alojamento do porteiro servia como um local privilegiado para ele atender e lidar com muitas e variadas pessoas. Ela era um apoio especial para seminaristas e padres, aos quais era especialmente atenciosa quando pediam seus conselhos. As jovens a procuravam para conversar; as Filhas de Jesus que viviam com ela encontravam conforto em sua pessoa e for\u00e7a em suas lutas; suas superioras, um apoio calmo e firme. Suas boas-vindas eram estendidas \u00e0s fam\u00edlias dos alunos e a qualquer pessoa que se aproximasse dela.<\/p>\n\n<p>Em seu funeral, o prefeito da cidade se aproximou das irm\u00e3s e disse:  <\/p>\n\n<blockquote class=\"wp-block-quote is-layout-flow wp-block-quote-is-layout-flow\">\n<p><em>Madre Vicenta n\u00e3o era apenas sua, ela era patrim\u00f4nio de Leopoldina<\/em>.  <\/p>\n<\/blockquote>\n\n<p>O processo de canoniza\u00e7\u00e3o \u00e9 um processo longo e complexo que pode levar v\u00e1rios anos. Ele \u00e9 dividido em <strong>quatro est\u00e1gios principais<\/strong>: <a href=\"https:\/\/recursos.hijasdejesus.org\/?view=file&amp;id=650:sierva-de-dios-madre-vicenta-guilarte-alonso&amp;catid=24\">Servo de Deus<\/a>, Vener\u00e1vel, Aben\u00e7oado e Santo.<\/p>\n\n<p><strong>Vicenta Guilarte, com a aprova\u00e7\u00e3o do decreto das virtudes her\u00f3icas, torna-se Vener\u00e1vel. <\/strong>Que sua vida, juntamente com a de Santa C\u00e2ndida e da Beata Maria Ant\u00f4nia, nos mostre <strong>como ser filhas<\/strong> e desperte em cada cora\u00e7\u00e3o aquela primeira voca\u00e7\u00e3o que nos impele a nos doarmos aos outros. Por eles damos gra\u00e7as e a eles nos confiamos.<\/p>\n\n<div class=\"wp-block-buttons is-content-justification-center is-layout-flex wp-container-core-buttons-is-layout-16018d1d wp-block-buttons-is-layout-flex\">\n<div class=\"wp-block-button is-style-outline is-style-outline--1\"><a class=\"wp-block-button__link wp-element-button\" href=\"https:\/\/hijasdejesus.org\/pt-br\/vicenta-guilarte-fi-encontrou-a-felicidade-fazendo-a-vontade-de-deus\/\">Biografia<\/a><\/div>\n<\/div>\n\n<p>Leia o que eles dizem sobre ela em:  <\/p>\n\n<ul class=\"wp-block-list\">\n<li><a href=\"https:\/\/press.vatican.va\/content\/salastampa\/es\/bollettino\/pubblico\/2024\/06\/20\/200623d.html\">Escrit\u00f3rio de Imprensa da Santa S\u00e9<\/a><\/li>\n\n\n\n<li><a href=\"https:\/\/hijasdejesus.es\/vicenta-guilarte-reconocimiento-de-las-virtudes-heroicas\/\">Filhas de Jesus, Prov\u00edncia da Espanha &#8211; It\u00e1lia<\/a><\/li>\n\n\n\n<li><a href=\"https:\/\/www.vaticannews.va\/pt\/vaticano\/news\/2024-06\/vaticano-decretos-martirios-virtudes-heroicas-vicenta-alonso-bra.html\">Not\u00edcias do Vaticano<\/a><\/li>\n\n\n\n<li><a href=\"https:\/\/www.aciprensa.com\/noticias\/104991\/una-laica-y-una-religiosa-espanolas-mas-cerca-de-los-altares\">Imprensa da ACI<\/a><\/li>\n<\/ul>\n","protected":false},"excerpt":{"rendered":"<p>O Papa Francisco aprovou ontem, 20 de junho de 2024, o decreto de virtudes heroicas da Filha de Jesus Vicenta Guilarte Alonso. Lemos sobre ela no livro &#8220;A quem enviarei?&#8221; que Mar\u00eda del Carmen Cruz escreveu por ocasi\u00e3o do centen\u00e1rio da primeira expedi\u00e7\u00e3o da Congrega\u00e7\u00e3o fora da Espanha, ao Brasil. Na lista de irm\u00e3s escolhidas [&hellip;]<\/p>\n","protected":false},"author":7,"featured_media":39743,"comment_status":"closed","ping_status":"closed","sticky":false,"template":"","format":"standard","meta":{"_et_pb_use_builder":"off","_et_pb_old_content":"","_et_gb_content_width":"","footnotes":"","_links_to":"","_links_to_target":""},"categories":[529,533,469],"tags":[],"class_list":["post-39751","post","type-post","status-publish","format-standard","has-post-thumbnail","hentry","category-hijas-de-jesus-pt-br","category-igreja","category-noticias-pt-br"],"yoast_head":"<!-- This site is optimized with the Yoast SEO plugin v27.4 - https:\/\/yoast.com\/product\/yoast-seo-wordpress\/ -->\n<title>Vicenta Guilarte, Filha de Jesus, vener\u00e1vel - Hijas de Jes\u00fas<\/title>\n<meta name=\"robots\" content=\"index, follow, max-snippet:-1, max-image-preview:large, max-video-preview:-1\" \/>\n<link rel=\"canonical\" href=\"https:\/\/hijasdejesus.org\/pt-br\/vicenta-guilarte-filha-de-jesus-veneravel\/\" \/>\n<meta property=\"og:locale\" content=\"pt_BR\" \/>\n<meta property=\"og:type\" content=\"article\" \/>\n<meta property=\"og:title\" content=\"Vicenta Guilarte, Filha de Jesus, vener\u00e1vel - Hijas de Jes\u00fas\" \/>\n<meta property=\"og:description\" content=\"O Papa Francisco aprovou ontem, 20 de junho de 2024, o decreto de virtudes heroicas da Filha de Jesus Vicenta Guilarte Alonso. Lemos sobre ela no livro &#8220;A quem enviarei?&#8221; que Mar\u00eda del Carmen Cruz escreveu por ocasi\u00e3o do centen\u00e1rio da primeira expedi\u00e7\u00e3o da Congrega\u00e7\u00e3o fora da Espanha, ao Brasil. Na lista de irm\u00e3s escolhidas [&hellip;]\" \/>\n<meta property=\"og:url\" content=\"https:\/\/hijasdejesus.org\/pt-br\/vicenta-guilarte-filha-de-jesus-veneravel\/\" \/>\n<meta property=\"og:site_name\" content=\"Hijas de Jes\u00fas\" \/>\n<meta property=\"article:publisher\" content=\"https:\/\/www.facebook.com\/hijasdejesusenelmundo\/\" \/>\n<meta property=\"article:published_time\" content=\"2024-06-21T15:48:19+00:00\" \/>\n<meta property=\"article:modified_time\" content=\"2024-07-08T08:06:22+00:00\" \/>\n<meta property=\"og:image\" content=\"https:\/\/hijasdejesus.org\/wp-content\/uploads\/2024\/06\/Portada-web-2-1.jpg\" \/>\n\t<meta property=\"og:image:width\" content=\"1748\" \/>\n\t<meta property=\"og:image:height\" content=\"1240\" \/>\n\t<meta property=\"og:image:type\" content=\"image\/jpeg\" \/>\n<meta name=\"author\" content=\"Maria Jose\" \/>\n<meta name=\"twitter:card\" content=\"summary_large_image\" \/>\n<meta name=\"twitter:creator\" content=\"@hijasdjesus\" \/>\n<meta name=\"twitter:site\" content=\"@hijasdjesus\" \/>\n<meta name=\"twitter:label1\" content=\"Escrito por\" \/>\n\t<meta name=\"twitter:data1\" content=\"Maria Jose\" \/>\n\t<meta name=\"twitter:label2\" content=\"Est. tempo de leitura\" \/>\n\t<meta name=\"twitter:data2\" content=\"2 minutos\" \/>\n<script type=\"application\/ld+json\" class=\"yoast-schema-graph\">{\"@context\":\"https:\\\/\\\/schema.org\",\"@graph\":[{\"@type\":\"Article\",\"@id\":\"https:\\\/\\\/hijasdejesus.org\\\/pt-br\\\/vicenta-guilarte-filha-de-jesus-veneravel\\\/#article\",\"isPartOf\":{\"@id\":\"https:\\\/\\\/hijasdejesus.org\\\/pt-br\\\/vicenta-guilarte-filha-de-jesus-veneravel\\\/\"},\"author\":{\"name\":\"Maria Jose\",\"@id\":\"https:\\\/\\\/hijasdejesus.org\\\/pt-br\\\/#\\\/schema\\\/person\\\/fe794e79d9d612a993451d2d887ad731\"},\"headline\":\"Vicenta Guilarte, Filha de Jesus, vener\u00e1vel\",\"datePublished\":\"2024-06-21T15:48:19+00:00\",\"dateModified\":\"2024-07-08T08:06:22+00:00\",\"mainEntityOfPage\":{\"@id\":\"https:\\\/\\\/hijasdejesus.org\\\/pt-br\\\/vicenta-guilarte-filha-de-jesus-veneravel\\\/\"},\"wordCount\":462,\"publisher\":{\"@id\":\"https:\\\/\\\/hijasdejesus.org\\\/pt-br\\\/#organization\"},\"image\":{\"@id\":\"https:\\\/\\\/hijasdejesus.org\\\/pt-br\\\/vicenta-guilarte-filha-de-jesus-veneravel\\\/#primaryimage\"},\"thumbnailUrl\":\"https:\\\/\\\/hijasdejesus.org\\\/wp-content\\\/uploads\\\/2024\\\/06\\\/Portada-web-2-1.jpg\",\"articleSection\":[\"Hijas de Jes\u00fas\",\"Igreja\",\"Not\u00edcias\"],\"inLanguage\":\"pt-BR\"},{\"@type\":\"WebPage\",\"@id\":\"https:\\\/\\\/hijasdejesus.org\\\/pt-br\\\/vicenta-guilarte-filha-de-jesus-veneravel\\\/\",\"url\":\"https:\\\/\\\/hijasdejesus.org\\\/pt-br\\\/vicenta-guilarte-filha-de-jesus-veneravel\\\/\",\"name\":\"Vicenta Guilarte, Filha de Jesus, vener\u00e1vel - Hijas de Jes\u00fas\",\"isPartOf\":{\"@id\":\"https:\\\/\\\/hijasdejesus.org\\\/pt-br\\\/#website\"},\"primaryImageOfPage\":{\"@id\":\"https:\\\/\\\/hijasdejesus.org\\\/pt-br\\\/vicenta-guilarte-filha-de-jesus-veneravel\\\/#primaryimage\"},\"image\":{\"@id\":\"https:\\\/\\\/hijasdejesus.org\\\/pt-br\\\/vicenta-guilarte-filha-de-jesus-veneravel\\\/#primaryimage\"},\"thumbnailUrl\":\"https:\\\/\\\/hijasdejesus.org\\\/wp-content\\\/uploads\\\/2024\\\/06\\\/Portada-web-2-1.jpg\",\"datePublished\":\"2024-06-21T15:48:19+00:00\",\"dateModified\":\"2024-07-08T08:06:22+00:00\",\"breadcrumb\":{\"@id\":\"https:\\\/\\\/hijasdejesus.org\\\/pt-br\\\/vicenta-guilarte-filha-de-jesus-veneravel\\\/#breadcrumb\"},\"inLanguage\":\"pt-BR\",\"potentialAction\":[{\"@type\":\"ReadAction\",\"target\":[\"https:\\\/\\\/hijasdejesus.org\\\/pt-br\\\/vicenta-guilarte-filha-de-jesus-veneravel\\\/\"]}]},{\"@type\":\"ImageObject\",\"inLanguage\":\"pt-BR\",\"@id\":\"https:\\\/\\\/hijasdejesus.org\\\/pt-br\\\/vicenta-guilarte-filha-de-jesus-veneravel\\\/#primaryimage\",\"url\":\"https:\\\/\\\/hijasdejesus.org\\\/wp-content\\\/uploads\\\/2024\\\/06\\\/Portada-web-2-1.jpg\",\"contentUrl\":\"https:\\\/\\\/hijasdejesus.org\\\/wp-content\\\/uploads\\\/2024\\\/06\\\/Portada-web-2-1.jpg\",\"width\":1748,\"height\":1240},{\"@type\":\"BreadcrumbList\",\"@id\":\"https:\\\/\\\/hijasdejesus.org\\\/pt-br\\\/vicenta-guilarte-filha-de-jesus-veneravel\\\/#breadcrumb\",\"itemListElement\":[{\"@type\":\"ListItem\",\"position\":1,\"name\":\"Portada\",\"item\":\"https:\\\/\\\/hijasdejesus.org\\\/pt-br\\\/\"},{\"@type\":\"ListItem\",\"position\":2,\"name\":\"Vicenta Guilarte, Filha de Jesus, vener\u00e1vel\"}]},{\"@type\":\"WebSite\",\"@id\":\"https:\\\/\\\/hijasdejesus.org\\\/pt-br\\\/#website\",\"url\":\"https:\\\/\\\/hijasdejesus.org\\\/pt-br\\\/\",\"name\":\"Hijas de Jes\u00fas\",\"description\":\"Despertamos a Jes\u00fas en el coraz\u00f3n, sacando lo mejor de las personas. Somos una congregaci\u00f3n religiosa ignaciana fundada por la Madre Candida\",\"publisher\":{\"@id\":\"https:\\\/\\\/hijasdejesus.org\\\/pt-br\\\/#organization\"},\"potentialAction\":[{\"@type\":\"SearchAction\",\"target\":{\"@type\":\"EntryPoint\",\"urlTemplate\":\"https:\\\/\\\/hijasdejesus.org\\\/pt-br\\\/?s={search_term_string}\"},\"query-input\":{\"@type\":\"PropertyValueSpecification\",\"valueRequired\":true,\"valueName\":\"search_term_string\"}}],\"inLanguage\":\"pt-BR\"},{\"@type\":\"Organization\",\"@id\":\"https:\\\/\\\/hijasdejesus.org\\\/pt-br\\\/#organization\",\"name\":\"Hijas de Jes\u00fas\",\"url\":\"https:\\\/\\\/hijasdejesus.org\\\/pt-br\\\/\",\"logo\":{\"@type\":\"ImageObject\",\"inLanguage\":\"pt-BR\",\"@id\":\"https:\\\/\\\/hijasdejesus.org\\\/pt-br\\\/#\\\/schema\\\/logo\\\/image\\\/\",\"url\":\"https:\\\/\\\/hijasdejesus.org\\\/wp-content\\\/uploads\\\/2023\\\/01\\\/Hijas-de-Jesus_hor-A7C957.png\",\"contentUrl\":\"https:\\\/\\\/hijasdejesus.org\\\/wp-content\\\/uploads\\\/2023\\\/01\\\/Hijas-de-Jesus_hor-A7C957.png\",\"width\":700,\"height\":360,\"caption\":\"Hijas de Jes\u00fas\"},\"image\":{\"@id\":\"https:\\\/\\\/hijasdejesus.org\\\/pt-br\\\/#\\\/schema\\\/logo\\\/image\\\/\"},\"sameAs\":[\"https:\\\/\\\/www.facebook.com\\\/hijasdejesusenelmundo\\\/\",\"https:\\\/\\\/x.com\\\/hijasdjesus\"]},{\"@type\":\"Person\",\"@id\":\"https:\\\/\\\/hijasdejesus.org\\\/pt-br\\\/#\\\/schema\\\/person\\\/fe794e79d9d612a993451d2d887ad731\",\"name\":\"Maria Jose\",\"image\":{\"@type\":\"ImageObject\",\"inLanguage\":\"pt-BR\",\"@id\":\"https:\\\/\\\/secure.gravatar.com\\\/avatar\\\/e4747d4a34da9de60dbc74416afcd5b48db8bf40dc7c1d42c329ff225b10b863?s=96&d=mm&r=g\",\"url\":\"https:\\\/\\\/secure.gravatar.com\\\/avatar\\\/e4747d4a34da9de60dbc74416afcd5b48db8bf40dc7c1d42c329ff225b10b863?s=96&d=mm&r=g\",\"contentUrl\":\"https:\\\/\\\/secure.gravatar.com\\\/avatar\\\/e4747d4a34da9de60dbc74416afcd5b48db8bf40dc7c1d42c329ff225b10b863?s=96&d=mm&r=g\",\"caption\":\"Maria Jose\"},\"url\":\"https:\\\/\\\/hijasdejesus.org\\\/pt-br\\\/author\\\/mariajose\\\/\"}]}<\/script>\n<!-- \/ Yoast SEO plugin. -->","yoast_head_json":{"title":"Vicenta Guilarte, Filha de Jesus, vener\u00e1vel - Hijas de Jes\u00fas","robots":{"index":"index","follow":"follow","max-snippet":"max-snippet:-1","max-image-preview":"max-image-preview:large","max-video-preview":"max-video-preview:-1"},"canonical":"https:\/\/hijasdejesus.org\/pt-br\/vicenta-guilarte-filha-de-jesus-veneravel\/","og_locale":"pt_BR","og_type":"article","og_title":"Vicenta Guilarte, Filha de Jesus, vener\u00e1vel - Hijas de Jes\u00fas","og_description":"O Papa Francisco aprovou ontem, 20 de junho de 2024, o decreto de virtudes heroicas da Filha de Jesus Vicenta Guilarte Alonso. Lemos sobre ela no livro &#8220;A quem enviarei?&#8221; que Mar\u00eda del Carmen Cruz escreveu por ocasi\u00e3o do centen\u00e1rio da primeira expedi\u00e7\u00e3o da Congrega\u00e7\u00e3o fora da Espanha, ao Brasil. Na lista de irm\u00e3s escolhidas [&hellip;]","og_url":"https:\/\/hijasdejesus.org\/pt-br\/vicenta-guilarte-filha-de-jesus-veneravel\/","og_site_name":"Hijas de Jes\u00fas","article_publisher":"https:\/\/www.facebook.com\/hijasdejesusenelmundo\/","article_published_time":"2024-06-21T15:48:19+00:00","article_modified_time":"2024-07-08T08:06:22+00:00","og_image":[{"width":1748,"height":1240,"url":"https:\/\/hijasdejesus.org\/wp-content\/uploads\/2024\/06\/Portada-web-2-1.jpg","type":"image\/jpeg"}],"author":"Maria Jose","twitter_card":"summary_large_image","twitter_creator":"@hijasdjesus","twitter_site":"@hijasdjesus","twitter_misc":{"Escrito por":"Maria Jose","Est. tempo de leitura":"2 minutos"},"schema":{"@context":"https:\/\/schema.org","@graph":[{"@type":"Article","@id":"https:\/\/hijasdejesus.org\/pt-br\/vicenta-guilarte-filha-de-jesus-veneravel\/#article","isPartOf":{"@id":"https:\/\/hijasdejesus.org\/pt-br\/vicenta-guilarte-filha-de-jesus-veneravel\/"},"author":{"name":"Maria Jose","@id":"https:\/\/hijasdejesus.org\/pt-br\/#\/schema\/person\/fe794e79d9d612a993451d2d887ad731"},"headline":"Vicenta Guilarte, Filha de Jesus, vener\u00e1vel","datePublished":"2024-06-21T15:48:19+00:00","dateModified":"2024-07-08T08:06:22+00:00","mainEntityOfPage":{"@id":"https:\/\/hijasdejesus.org\/pt-br\/vicenta-guilarte-filha-de-jesus-veneravel\/"},"wordCount":462,"publisher":{"@id":"https:\/\/hijasdejesus.org\/pt-br\/#organization"},"image":{"@id":"https:\/\/hijasdejesus.org\/pt-br\/vicenta-guilarte-filha-de-jesus-veneravel\/#primaryimage"},"thumbnailUrl":"https:\/\/hijasdejesus.org\/wp-content\/uploads\/2024\/06\/Portada-web-2-1.jpg","articleSection":["Hijas de Jes\u00fas","Igreja","Not\u00edcias"],"inLanguage":"pt-BR"},{"@type":"WebPage","@id":"https:\/\/hijasdejesus.org\/pt-br\/vicenta-guilarte-filha-de-jesus-veneravel\/","url":"https:\/\/hijasdejesus.org\/pt-br\/vicenta-guilarte-filha-de-jesus-veneravel\/","name":"Vicenta Guilarte, Filha de Jesus, vener\u00e1vel - Hijas de Jes\u00fas","isPartOf":{"@id":"https:\/\/hijasdejesus.org\/pt-br\/#website"},"primaryImageOfPage":{"@id":"https:\/\/hijasdejesus.org\/pt-br\/vicenta-guilarte-filha-de-jesus-veneravel\/#primaryimage"},"image":{"@id":"https:\/\/hijasdejesus.org\/pt-br\/vicenta-guilarte-filha-de-jesus-veneravel\/#primaryimage"},"thumbnailUrl":"https:\/\/hijasdejesus.org\/wp-content\/uploads\/2024\/06\/Portada-web-2-1.jpg","datePublished":"2024-06-21T15:48:19+00:00","dateModified":"2024-07-08T08:06:22+00:00","breadcrumb":{"@id":"https:\/\/hijasdejesus.org\/pt-br\/vicenta-guilarte-filha-de-jesus-veneravel\/#breadcrumb"},"inLanguage":"pt-BR","potentialAction":[{"@type":"ReadAction","target":["https:\/\/hijasdejesus.org\/pt-br\/vicenta-guilarte-filha-de-jesus-veneravel\/"]}]},{"@type":"ImageObject","inLanguage":"pt-BR","@id":"https:\/\/hijasdejesus.org\/pt-br\/vicenta-guilarte-filha-de-jesus-veneravel\/#primaryimage","url":"https:\/\/hijasdejesus.org\/wp-content\/uploads\/2024\/06\/Portada-web-2-1.jpg","contentUrl":"https:\/\/hijasdejesus.org\/wp-content\/uploads\/2024\/06\/Portada-web-2-1.jpg","width":1748,"height":1240},{"@type":"BreadcrumbList","@id":"https:\/\/hijasdejesus.org\/pt-br\/vicenta-guilarte-filha-de-jesus-veneravel\/#breadcrumb","itemListElement":[{"@type":"ListItem","position":1,"name":"Portada","item":"https:\/\/hijasdejesus.org\/pt-br\/"},{"@type":"ListItem","position":2,"name":"Vicenta Guilarte, Filha de Jesus, vener\u00e1vel"}]},{"@type":"WebSite","@id":"https:\/\/hijasdejesus.org\/pt-br\/#website","url":"https:\/\/hijasdejesus.org\/pt-br\/","name":"Hijas de Jes\u00fas","description":"Despertamos a Jes\u00fas en el coraz\u00f3n, sacando lo mejor de las personas. Somos una congregaci\u00f3n religiosa ignaciana fundada por la Madre Candida","publisher":{"@id":"https:\/\/hijasdejesus.org\/pt-br\/#organization"},"potentialAction":[{"@type":"SearchAction","target":{"@type":"EntryPoint","urlTemplate":"https:\/\/hijasdejesus.org\/pt-br\/?s={search_term_string}"},"query-input":{"@type":"PropertyValueSpecification","valueRequired":true,"valueName":"search_term_string"}}],"inLanguage":"pt-BR"},{"@type":"Organization","@id":"https:\/\/hijasdejesus.org\/pt-br\/#organization","name":"Hijas de Jes\u00fas","url":"https:\/\/hijasdejesus.org\/pt-br\/","logo":{"@type":"ImageObject","inLanguage":"pt-BR","@id":"https:\/\/hijasdejesus.org\/pt-br\/#\/schema\/logo\/image\/","url":"https:\/\/hijasdejesus.org\/wp-content\/uploads\/2023\/01\/Hijas-de-Jesus_hor-A7C957.png","contentUrl":"https:\/\/hijasdejesus.org\/wp-content\/uploads\/2023\/01\/Hijas-de-Jesus_hor-A7C957.png","width":700,"height":360,"caption":"Hijas de Jes\u00fas"},"image":{"@id":"https:\/\/hijasdejesus.org\/pt-br\/#\/schema\/logo\/image\/"},"sameAs":["https:\/\/www.facebook.com\/hijasdejesusenelmundo\/","https:\/\/x.com\/hijasdjesus"]},{"@type":"Person","@id":"https:\/\/hijasdejesus.org\/pt-br\/#\/schema\/person\/fe794e79d9d612a993451d2d887ad731","name":"Maria Jose","image":{"@type":"ImageObject","inLanguage":"pt-BR","@id":"https:\/\/secure.gravatar.com\/avatar\/e4747d4a34da9de60dbc74416afcd5b48db8bf40dc7c1d42c329ff225b10b863?s=96&d=mm&r=g","url":"https:\/\/secure.gravatar.com\/avatar\/e4747d4a34da9de60dbc74416afcd5b48db8bf40dc7c1d42c329ff225b10b863?s=96&d=mm&r=g","contentUrl":"https:\/\/secure.gravatar.com\/avatar\/e4747d4a34da9de60dbc74416afcd5b48db8bf40dc7c1d42c329ff225b10b863?s=96&d=mm&r=g","caption":"Maria Jose"},"url":"https:\/\/hijasdejesus.org\/pt-br\/author\/mariajose\/"}]}},"_links":{"self":[{"href":"https:\/\/hijasdejesus.org\/pt-br\/wp-json\/wp\/v2\/posts\/39751","targetHints":{"allow":["GET"]}}],"collection":[{"href":"https:\/\/hijasdejesus.org\/pt-br\/wp-json\/wp\/v2\/posts"}],"about":[{"href":"https:\/\/hijasdejesus.org\/pt-br\/wp-json\/wp\/v2\/types\/post"}],"author":[{"embeddable":true,"href":"https:\/\/hijasdejesus.org\/pt-br\/wp-json\/wp\/v2\/users\/7"}],"replies":[{"embeddable":true,"href":"https:\/\/hijasdejesus.org\/pt-br\/wp-json\/wp\/v2\/comments?post=39751"}],"version-history":[{"count":2,"href":"https:\/\/hijasdejesus.org\/pt-br\/wp-json\/wp\/v2\/posts\/39751\/revisions"}],"predecessor-version":[{"id":40660,"href":"https:\/\/hijasdejesus.org\/pt-br\/wp-json\/wp\/v2\/posts\/39751\/revisions\/40660"}],"wp:featuredmedia":[{"embeddable":true,"href":"https:\/\/hijasdejesus.org\/pt-br\/wp-json\/wp\/v2\/media\/39743"}],"wp:attachment":[{"href":"https:\/\/hijasdejesus.org\/pt-br\/wp-json\/wp\/v2\/media?parent=39751"}],"wp:term":[{"taxonomy":"category","embeddable":true,"href":"https:\/\/hijasdejesus.org\/pt-br\/wp-json\/wp\/v2\/categories?post=39751"},{"taxonomy":"post_tag","embeddable":true,"href":"https:\/\/hijasdejesus.org\/pt-br\/wp-json\/wp\/v2\/tags?post=39751"}],"curies":[{"name":"wp","href":"https:\/\/api.w.org\/{rel}","templated":true}]}}