{"id":46201,"date":"2025-03-06T17:38:08","date_gmt":"2025-03-06T16:38:08","guid":{"rendered":"https:\/\/hijasdejesus.org\/mensagem-de-quaresma-carta-numero-45-do-superior-geral\/"},"modified":"2025-03-06T17:38:44","modified_gmt":"2025-03-06T16:38:44","slug":"mensagem-de-quaresma-carta-numero-45-do-superior-geral","status":"publish","type":"post","link":"https:\/\/hijasdejesus.org\/pt-br\/mensagem-de-quaresma-carta-numero-45-do-superior-geral\/","title":{"rendered":"Mensagem de Quaresma &#8211; Carta n\u00famero 45 do Superior Geral"},"content":{"rendered":"\n<p>No in\u00edcio da Quaresma, recebemos a Carta Circular n\u00ba 45 de Graciela Francovig, Superiora Geral. Compartilhamos parte dela, onde ela nos incentiva a viver esse tempo de prepara\u00e7\u00e3o para a P\u00e1scoa com esperan\u00e7a renovada. <\/p>\n\n<p><em>&#8220;Hoje \u00e9 quarta-feira de cinzas e queremos estar abertos \u00e0 a\u00e7\u00e3o transformadora de Deus. \u00c9 um momento privilegiado para estarmos mais conscientes de que estamos em uma jornada de discipulado com Ele. Ele nos convida a seguir Jesus, a acompanh\u00e1-lo em sua ascens\u00e3o a Jerusal\u00e9m. Recebemos as cinzas como um sinal de arrependimento, com o desejo de nos convertermos ao Deus que nos chama para uma nova vida, para mais vida.   <\/em><\/p>\n\n<p><em>Como este \u00e9 o Ano Santo &#8220;Peregrinos da Esperan\u00e7a&#8221; e como estamos entrando no tempo de prepara\u00e7\u00e3o para o CG XIX, temos mais uma raz\u00e3o para viv\u00ea-lo mais eclesialmente e congregacionalmente.  <\/em><\/p>\n\n<p><em>Convido voc\u00ea a ler e rezar a <\/em><a href=\"https:\/\/press.vatican.va\/content\/salastampa\/es\/bollettino\/pubblico\/2025\/02\/25\/240225a.html\"><em>mensagem do Papa Francisco para esta Quaresma,<\/em><\/a><em>  enquanto continuamos a rezar por sua sa\u00fade, neste momento t\u00e3o fr\u00e1gil. Acompanhamos os diferentes gestos de proximidade e ora\u00e7\u00e3o que as diversas pessoas que v\u00eam em peregrina\u00e7\u00e3o a Roma t\u00eam por ele&#8221;. <\/em><\/p>\n\n<p>Acolhemos essas palavras e desejamos viver esta Quaresma como uma jornada de esperan\u00e7a e profunda convers\u00e3o:<\/p>\n\n<p><em>Continuemos a orar uns pelos outros. Oremos por nossas irm\u00e3s mais idosas e por aquelas que sofrem de doen\u00e7as. Elogiamos as mo\u00e7as e seus formadores.    <\/em><\/p>\n\n<p><em>Deixo voc\u00eas com estas palavras de M. Candida em uma de suas cartas: &#8220;Nossa causa est\u00e1 nas m\u00e3os de Deus. M. C\u00e2ndida, em uma de suas cartas: &#8220;Nossa causa est\u00e1 nas m\u00e3os de Deus. Somos Filhas de Jesus, Ele nos defender\u00e1 de todo o mal. Essa \u00e9 a nossa esperan\u00e7a e n\u00e3o vamos nos deixar abater. Essa \u00e9 a nossa esperan\u00e7a e n\u00e3o vamos nos confundir.   <\/em>&#8220;.  <em>(CMF, n. 237. Esta carta \u00e9 dirigida \u00e0s Irm\u00e3s Antonia Robles, Mar\u00eda Igarategui e Isabel Ant\u00f3n, membros de seu Conselho, que estavam em Salamanca. Ela a escreve de Roma).<\/em><\/p>\n\n<p>Aceitamos este convite para viver uma Quaresma de esperan\u00e7a e convers\u00e3o, percorramos este caminho com Jesus e com a orienta\u00e7\u00e3o da Madre C\u00e2ndida. Que este tempo seja uma oportunidade para renovar nossa f\u00e9, fortalecer nossa comunh\u00e3o fraterna e nos preparar para celebrar a P\u00e1scoa e a XIX Congrega\u00e7\u00e3o Geral.   <\/p>\n","protected":false},"excerpt":{"rendered":"<p>No in\u00edcio da Quaresma, recebemos a Carta Circular n\u00ba 45 de Graciela Francovig, Superiora Geral. Compartilhamos parte dela, onde ela nos incentiva a viver esse tempo de prepara\u00e7\u00e3o para a P\u00e1scoa com esperan\u00e7a renovada. &#8220;Hoje \u00e9 quarta-feira de cinzas e queremos estar abertos \u00e0 a\u00e7\u00e3o transformadora de Deus. \u00c9 um momento privilegiado para estarmos mais [&hellip;]<\/p>\n","protected":false},"author":36,"featured_media":46199,"comment_status":"closed","ping_status":"closed","sticky":false,"template":"","format":"standard","meta":{"_et_pb_use_builder":"","_et_pb_old_content":"","_et_gb_content_width":"","footnotes":"","_links_to":"","_links_to_target":""},"categories":[527,469],"tags":[758,729],"class_list":["post-46201","post","type-post","status-publish","format-standard","has-post-thumbnail","hentry","category-governo_geral","category-noticias-pt-br","tag-cuaresma-pt-br","tag-superior-geral"],"yoast_head":"<!-- This site is optimized with the Yoast SEO plugin v27.5 - https:\/\/yoast.com\/product\/yoast-seo-wordpress\/ -->\n<title>Mensagem de Quaresma - Carta n\u00famero 45 do Superior Geral - Hijas de Jes\u00fas<\/title>\n<meta name=\"description\" content=\"Iniciamos a Quaresma com a Carta Circular n\u00ba 45 de Graciela Francovig, Superiora Geral, que nos convida a viver esse tempo com esperan\u00e7a e convers\u00e3o. Um chamado para seguir Jesus, rezar pelo Papa e fortalecer nossa f\u00e9 em prepara\u00e7\u00e3o para a P\u00e1scoa e a Congrega\u00e7\u00e3o Geral XIX.\" \/>\n<meta name=\"robots\" content=\"index, follow, max-snippet:-1, max-image-preview:large, max-video-preview:-1\" \/>\n<link rel=\"canonical\" href=\"https:\/\/hijasdejesus.org\/pt-br\/mensagem-de-quaresma-carta-numero-45-do-superior-geral\/\" \/>\n<meta property=\"og:locale\" content=\"pt_BR\" \/>\n<meta property=\"og:type\" content=\"article\" \/>\n<meta property=\"og:title\" content=\"Mensagem de Quaresma - Carta n\u00famero 45 do Superior Geral - Hijas de Jes\u00fas\" \/>\n<meta property=\"og:description\" content=\"Iniciamos a Quaresma com a Carta Circular n\u00ba 45 de Graciela Francovig, Superiora Geral, que nos convida a viver esse tempo com esperan\u00e7a e convers\u00e3o. Um chamado para seguir Jesus, rezar pelo Papa e fortalecer nossa f\u00e9 em prepara\u00e7\u00e3o para a P\u00e1scoa e a Congrega\u00e7\u00e3o Geral XIX.\" \/>\n<meta property=\"og:url\" content=\"https:\/\/hijasdejesus.org\/pt-br\/mensagem-de-quaresma-carta-numero-45-do-superior-geral\/\" \/>\n<meta property=\"og:site_name\" content=\"Hijas de Jes\u00fas\" \/>\n<meta property=\"article:publisher\" content=\"https:\/\/www.facebook.com\/hijasdejesusenelmundo\/\" \/>\n<meta property=\"article:published_time\" content=\"2025-03-06T16:38:08+00:00\" \/>\n<meta property=\"article:modified_time\" content=\"2025-03-06T16:38:44+00:00\" \/>\n<meta property=\"og:image\" content=\"https:\/\/hijasdejesus.org\/wp-content\/uploads\/2025\/03\/CartasSup.G.-Portada.png\" \/>\n\t<meta property=\"og:image:width\" content=\"3496\" \/>\n\t<meta property=\"og:image:height\" content=\"2480\" \/>\n\t<meta property=\"og:image:type\" content=\"image\/png\" \/>\n<meta name=\"author\" content=\"Comunicaci\u00f3n Internacional\" \/>\n<meta name=\"twitter:card\" content=\"summary_large_image\" \/>\n<meta name=\"twitter:creator\" content=\"@hijasdjesus\" \/>\n<meta name=\"twitter:site\" content=\"@hijasdjesus\" \/>\n<meta name=\"twitter:label1\" content=\"Escrito por\" \/>\n\t<meta name=\"twitter:data1\" content=\"Comunicaci\u00f3n Internacional\" \/>\n\t<meta name=\"twitter:label2\" content=\"Est. tempo de leitura\" \/>\n\t<meta name=\"twitter:data2\" content=\"2 minutos\" \/>\n<script type=\"application\/ld+json\" class=\"yoast-schema-graph\">{\"@context\":\"https:\\\/\\\/schema.org\",\"@graph\":[{\"@type\":\"Article\",\"@id\":\"https:\\\/\\\/hijasdejesus.org\\\/pt-br\\\/mensagem-de-quaresma-carta-numero-45-do-superior-geral\\\/#article\",\"isPartOf\":{\"@id\":\"https:\\\/\\\/hijasdejesus.org\\\/pt-br\\\/mensagem-de-quaresma-carta-numero-45-do-superior-geral\\\/\"},\"author\":{\"name\":\"Comunicaci\u00f3n Internacional\",\"@id\":\"https:\\\/\\\/hijasdejesus.org\\\/pt-br\\\/#\\\/schema\\\/person\\\/91b9e676dca8842a983b89793a34e5b8\"},\"headline\":\"Mensagem de Quaresma &#8211; Carta n\u00famero 45 do Superior Geral\",\"datePublished\":\"2025-03-06T16:38:08+00:00\",\"dateModified\":\"2025-03-06T16:38:44+00:00\",\"mainEntityOfPage\":{\"@id\":\"https:\\\/\\\/hijasdejesus.org\\\/pt-br\\\/mensagem-de-quaresma-carta-numero-45-do-superior-geral\\\/\"},\"wordCount\":410,\"publisher\":{\"@id\":\"https:\\\/\\\/hijasdejesus.org\\\/pt-br\\\/#organization\"},\"image\":{\"@id\":\"https:\\\/\\\/hijasdejesus.org\\\/pt-br\\\/mensagem-de-quaresma-carta-numero-45-do-superior-geral\\\/#primaryimage\"},\"thumbnailUrl\":\"https:\\\/\\\/hijasdejesus.org\\\/wp-content\\\/uploads\\\/2025\\\/03\\\/CartasSup.G.-Portada.png\",\"keywords\":[\"Cuaresma\",\"Superior Geral\"],\"articleSection\":[\"Governo geral\",\"Not\u00edcias\"],\"inLanguage\":\"pt-BR\"},{\"@type\":\"WebPage\",\"@id\":\"https:\\\/\\\/hijasdejesus.org\\\/pt-br\\\/mensagem-de-quaresma-carta-numero-45-do-superior-geral\\\/\",\"url\":\"https:\\\/\\\/hijasdejesus.org\\\/pt-br\\\/mensagem-de-quaresma-carta-numero-45-do-superior-geral\\\/\",\"name\":\"Mensagem de Quaresma - Carta n\u00famero 45 do Superior Geral - Hijas de Jes\u00fas\",\"isPartOf\":{\"@id\":\"https:\\\/\\\/hijasdejesus.org\\\/pt-br\\\/#website\"},\"primaryImageOfPage\":{\"@id\":\"https:\\\/\\\/hijasdejesus.org\\\/pt-br\\\/mensagem-de-quaresma-carta-numero-45-do-superior-geral\\\/#primaryimage\"},\"image\":{\"@id\":\"https:\\\/\\\/hijasdejesus.org\\\/pt-br\\\/mensagem-de-quaresma-carta-numero-45-do-superior-geral\\\/#primaryimage\"},\"thumbnailUrl\":\"https:\\\/\\\/hijasdejesus.org\\\/wp-content\\\/uploads\\\/2025\\\/03\\\/CartasSup.G.-Portada.png\",\"datePublished\":\"2025-03-06T16:38:08+00:00\",\"dateModified\":\"2025-03-06T16:38:44+00:00\",\"description\":\"Iniciamos a Quaresma com a Carta Circular n\u00ba 45 de Graciela Francovig, Superiora Geral, que nos convida a viver esse tempo com esperan\u00e7a e convers\u00e3o. Um chamado para seguir Jesus, rezar pelo Papa e fortalecer nossa f\u00e9 em prepara\u00e7\u00e3o para a P\u00e1scoa e a Congrega\u00e7\u00e3o Geral XIX.\",\"breadcrumb\":{\"@id\":\"https:\\\/\\\/hijasdejesus.org\\\/pt-br\\\/mensagem-de-quaresma-carta-numero-45-do-superior-geral\\\/#breadcrumb\"},\"inLanguage\":\"pt-BR\",\"potentialAction\":[{\"@type\":\"ReadAction\",\"target\":[\"https:\\\/\\\/hijasdejesus.org\\\/pt-br\\\/mensagem-de-quaresma-carta-numero-45-do-superior-geral\\\/\"]}]},{\"@type\":\"ImageObject\",\"inLanguage\":\"pt-BR\",\"@id\":\"https:\\\/\\\/hijasdejesus.org\\\/pt-br\\\/mensagem-de-quaresma-carta-numero-45-do-superior-geral\\\/#primaryimage\",\"url\":\"https:\\\/\\\/hijasdejesus.org\\\/wp-content\\\/uploads\\\/2025\\\/03\\\/CartasSup.G.-Portada.png\",\"contentUrl\":\"https:\\\/\\\/hijasdejesus.org\\\/wp-content\\\/uploads\\\/2025\\\/03\\\/CartasSup.G.-Portada.png\",\"width\":3496,\"height\":2480},{\"@type\":\"BreadcrumbList\",\"@id\":\"https:\\\/\\\/hijasdejesus.org\\\/pt-br\\\/mensagem-de-quaresma-carta-numero-45-do-superior-geral\\\/#breadcrumb\",\"itemListElement\":[{\"@type\":\"ListItem\",\"position\":1,\"name\":\"Portada\",\"item\":\"https:\\\/\\\/hijasdejesus.org\\\/pt-br\\\/\"},{\"@type\":\"ListItem\",\"position\":2,\"name\":\"Mensagem de Quaresma &#8211; Carta n\u00famero 45 do Superior Geral\"}]},{\"@type\":\"WebSite\",\"@id\":\"https:\\\/\\\/hijasdejesus.org\\\/pt-br\\\/#website\",\"url\":\"https:\\\/\\\/hijasdejesus.org\\\/pt-br\\\/\",\"name\":\"Hijas de Jes\u00fas\",\"description\":\"Despertamos a Jes\u00fas en el coraz\u00f3n, sacando lo mejor de las personas. Somos una congregaci\u00f3n religiosa ignaciana fundada por la Madre Candida\",\"publisher\":{\"@id\":\"https:\\\/\\\/hijasdejesus.org\\\/pt-br\\\/#organization\"},\"potentialAction\":[{\"@type\":\"SearchAction\",\"target\":{\"@type\":\"EntryPoint\",\"urlTemplate\":\"https:\\\/\\\/hijasdejesus.org\\\/pt-br\\\/?s={search_term_string}\"},\"query-input\":{\"@type\":\"PropertyValueSpecification\",\"valueRequired\":true,\"valueName\":\"search_term_string\"}}],\"inLanguage\":\"pt-BR\"},{\"@type\":\"Organization\",\"@id\":\"https:\\\/\\\/hijasdejesus.org\\\/pt-br\\\/#organization\",\"name\":\"Hijas de Jes\u00fas\",\"url\":\"https:\\\/\\\/hijasdejesus.org\\\/pt-br\\\/\",\"logo\":{\"@type\":\"ImageObject\",\"inLanguage\":\"pt-BR\",\"@id\":\"https:\\\/\\\/hijasdejesus.org\\\/pt-br\\\/#\\\/schema\\\/logo\\\/image\\\/\",\"url\":\"https:\\\/\\\/hijasdejesus.org\\\/wp-content\\\/uploads\\\/2023\\\/01\\\/Hijas-de-Jesus_hor-A7C957.png\",\"contentUrl\":\"https:\\\/\\\/hijasdejesus.org\\\/wp-content\\\/uploads\\\/2023\\\/01\\\/Hijas-de-Jesus_hor-A7C957.png\",\"width\":700,\"height\":360,\"caption\":\"Hijas de Jes\u00fas\"},\"image\":{\"@id\":\"https:\\\/\\\/hijasdejesus.org\\\/pt-br\\\/#\\\/schema\\\/logo\\\/image\\\/\"},\"sameAs\":[\"https:\\\/\\\/www.facebook.com\\\/hijasdejesusenelmundo\\\/\",\"https:\\\/\\\/x.com\\\/hijasdjesus\"]},{\"@type\":\"Person\",\"@id\":\"https:\\\/\\\/hijasdejesus.org\\\/pt-br\\\/#\\\/schema\\\/person\\\/91b9e676dca8842a983b89793a34e5b8\",\"name\":\"Comunicaci\u00f3n Internacional\",\"image\":{\"@type\":\"ImageObject\",\"inLanguage\":\"pt-BR\",\"@id\":\"https:\\\/\\\/secure.gravatar.com\\\/avatar\\\/dcb9b61797c934872aa9209ebf48b92edfeb0819dcdcaa77cd84879d6def414d?s=96&d=mm&r=g\",\"url\":\"https:\\\/\\\/secure.gravatar.com\\\/avatar\\\/dcb9b61797c934872aa9209ebf48b92edfeb0819dcdcaa77cd84879d6def414d?s=96&d=mm&r=g\",\"contentUrl\":\"https:\\\/\\\/secure.gravatar.com\\\/avatar\\\/dcb9b61797c934872aa9209ebf48b92edfeb0819dcdcaa77cd84879d6def414d?s=96&d=mm&r=g\",\"caption\":\"Comunicaci\u00f3n Internacional\"},\"url\":\"https:\\\/\\\/hijasdejesus.org\\\/pt-br\\\/author\\\/comunicacion-internacional\\\/\"}]}<\/script>\n<!-- \/ Yoast SEO plugin. -->","yoast_head_json":{"title":"Mensagem de Quaresma - Carta n\u00famero 45 do Superior Geral - Hijas de Jes\u00fas","description":"Iniciamos a Quaresma com a Carta Circular n\u00ba 45 de Graciela Francovig, Superiora Geral, que nos convida a viver esse tempo com esperan\u00e7a e convers\u00e3o. Um chamado para seguir Jesus, rezar pelo Papa e fortalecer nossa f\u00e9 em prepara\u00e7\u00e3o para a P\u00e1scoa e a Congrega\u00e7\u00e3o Geral XIX.","robots":{"index":"index","follow":"follow","max-snippet":"max-snippet:-1","max-image-preview":"max-image-preview:large","max-video-preview":"max-video-preview:-1"},"canonical":"https:\/\/hijasdejesus.org\/pt-br\/mensagem-de-quaresma-carta-numero-45-do-superior-geral\/","og_locale":"pt_BR","og_type":"article","og_title":"Mensagem de Quaresma - Carta n\u00famero 45 do Superior Geral - Hijas de Jes\u00fas","og_description":"Iniciamos a Quaresma com a Carta Circular n\u00ba 45 de Graciela Francovig, Superiora Geral, que nos convida a viver esse tempo com esperan\u00e7a e convers\u00e3o. Um chamado para seguir Jesus, rezar pelo Papa e fortalecer nossa f\u00e9 em prepara\u00e7\u00e3o para a P\u00e1scoa e a Congrega\u00e7\u00e3o Geral XIX.","og_url":"https:\/\/hijasdejesus.org\/pt-br\/mensagem-de-quaresma-carta-numero-45-do-superior-geral\/","og_site_name":"Hijas de Jes\u00fas","article_publisher":"https:\/\/www.facebook.com\/hijasdejesusenelmundo\/","article_published_time":"2025-03-06T16:38:08+00:00","article_modified_time":"2025-03-06T16:38:44+00:00","og_image":[{"width":3496,"height":2480,"url":"https:\/\/hijasdejesus.org\/wp-content\/uploads\/2025\/03\/CartasSup.G.-Portada.png","type":"image\/png"}],"author":"Comunicaci\u00f3n Internacional","twitter_card":"summary_large_image","twitter_creator":"@hijasdjesus","twitter_site":"@hijasdjesus","twitter_misc":{"Escrito por":"Comunicaci\u00f3n Internacional","Est. tempo de leitura":"2 minutos"},"schema":{"@context":"https:\/\/schema.org","@graph":[{"@type":"Article","@id":"https:\/\/hijasdejesus.org\/pt-br\/mensagem-de-quaresma-carta-numero-45-do-superior-geral\/#article","isPartOf":{"@id":"https:\/\/hijasdejesus.org\/pt-br\/mensagem-de-quaresma-carta-numero-45-do-superior-geral\/"},"author":{"name":"Comunicaci\u00f3n Internacional","@id":"https:\/\/hijasdejesus.org\/pt-br\/#\/schema\/person\/91b9e676dca8842a983b89793a34e5b8"},"headline":"Mensagem de Quaresma &#8211; Carta n\u00famero 45 do Superior Geral","datePublished":"2025-03-06T16:38:08+00:00","dateModified":"2025-03-06T16:38:44+00:00","mainEntityOfPage":{"@id":"https:\/\/hijasdejesus.org\/pt-br\/mensagem-de-quaresma-carta-numero-45-do-superior-geral\/"},"wordCount":410,"publisher":{"@id":"https:\/\/hijasdejesus.org\/pt-br\/#organization"},"image":{"@id":"https:\/\/hijasdejesus.org\/pt-br\/mensagem-de-quaresma-carta-numero-45-do-superior-geral\/#primaryimage"},"thumbnailUrl":"https:\/\/hijasdejesus.org\/wp-content\/uploads\/2025\/03\/CartasSup.G.-Portada.png","keywords":["Cuaresma","Superior Geral"],"articleSection":["Governo geral","Not\u00edcias"],"inLanguage":"pt-BR"},{"@type":"WebPage","@id":"https:\/\/hijasdejesus.org\/pt-br\/mensagem-de-quaresma-carta-numero-45-do-superior-geral\/","url":"https:\/\/hijasdejesus.org\/pt-br\/mensagem-de-quaresma-carta-numero-45-do-superior-geral\/","name":"Mensagem de Quaresma - Carta n\u00famero 45 do Superior Geral - Hijas de Jes\u00fas","isPartOf":{"@id":"https:\/\/hijasdejesus.org\/pt-br\/#website"},"primaryImageOfPage":{"@id":"https:\/\/hijasdejesus.org\/pt-br\/mensagem-de-quaresma-carta-numero-45-do-superior-geral\/#primaryimage"},"image":{"@id":"https:\/\/hijasdejesus.org\/pt-br\/mensagem-de-quaresma-carta-numero-45-do-superior-geral\/#primaryimage"},"thumbnailUrl":"https:\/\/hijasdejesus.org\/wp-content\/uploads\/2025\/03\/CartasSup.G.-Portada.png","datePublished":"2025-03-06T16:38:08+00:00","dateModified":"2025-03-06T16:38:44+00:00","description":"Iniciamos a Quaresma com a Carta Circular n\u00ba 45 de Graciela Francovig, Superiora Geral, que nos convida a viver esse tempo com esperan\u00e7a e convers\u00e3o. Um chamado para seguir Jesus, rezar pelo Papa e fortalecer nossa f\u00e9 em prepara\u00e7\u00e3o para a P\u00e1scoa e a Congrega\u00e7\u00e3o Geral XIX.","breadcrumb":{"@id":"https:\/\/hijasdejesus.org\/pt-br\/mensagem-de-quaresma-carta-numero-45-do-superior-geral\/#breadcrumb"},"inLanguage":"pt-BR","potentialAction":[{"@type":"ReadAction","target":["https:\/\/hijasdejesus.org\/pt-br\/mensagem-de-quaresma-carta-numero-45-do-superior-geral\/"]}]},{"@type":"ImageObject","inLanguage":"pt-BR","@id":"https:\/\/hijasdejesus.org\/pt-br\/mensagem-de-quaresma-carta-numero-45-do-superior-geral\/#primaryimage","url":"https:\/\/hijasdejesus.org\/wp-content\/uploads\/2025\/03\/CartasSup.G.-Portada.png","contentUrl":"https:\/\/hijasdejesus.org\/wp-content\/uploads\/2025\/03\/CartasSup.G.-Portada.png","width":3496,"height":2480},{"@type":"BreadcrumbList","@id":"https:\/\/hijasdejesus.org\/pt-br\/mensagem-de-quaresma-carta-numero-45-do-superior-geral\/#breadcrumb","itemListElement":[{"@type":"ListItem","position":1,"name":"Portada","item":"https:\/\/hijasdejesus.org\/pt-br\/"},{"@type":"ListItem","position":2,"name":"Mensagem de Quaresma &#8211; Carta n\u00famero 45 do Superior Geral"}]},{"@type":"WebSite","@id":"https:\/\/hijasdejesus.org\/pt-br\/#website","url":"https:\/\/hijasdejesus.org\/pt-br\/","name":"Hijas de Jes\u00fas","description":"Despertamos a Jes\u00fas en el coraz\u00f3n, sacando lo mejor de las personas. Somos una congregaci\u00f3n religiosa ignaciana fundada por la Madre Candida","publisher":{"@id":"https:\/\/hijasdejesus.org\/pt-br\/#organization"},"potentialAction":[{"@type":"SearchAction","target":{"@type":"EntryPoint","urlTemplate":"https:\/\/hijasdejesus.org\/pt-br\/?s={search_term_string}"},"query-input":{"@type":"PropertyValueSpecification","valueRequired":true,"valueName":"search_term_string"}}],"inLanguage":"pt-BR"},{"@type":"Organization","@id":"https:\/\/hijasdejesus.org\/pt-br\/#organization","name":"Hijas de Jes\u00fas","url":"https:\/\/hijasdejesus.org\/pt-br\/","logo":{"@type":"ImageObject","inLanguage":"pt-BR","@id":"https:\/\/hijasdejesus.org\/pt-br\/#\/schema\/logo\/image\/","url":"https:\/\/hijasdejesus.org\/wp-content\/uploads\/2023\/01\/Hijas-de-Jesus_hor-A7C957.png","contentUrl":"https:\/\/hijasdejesus.org\/wp-content\/uploads\/2023\/01\/Hijas-de-Jesus_hor-A7C957.png","width":700,"height":360,"caption":"Hijas de Jes\u00fas"},"image":{"@id":"https:\/\/hijasdejesus.org\/pt-br\/#\/schema\/logo\/image\/"},"sameAs":["https:\/\/www.facebook.com\/hijasdejesusenelmundo\/","https:\/\/x.com\/hijasdjesus"]},{"@type":"Person","@id":"https:\/\/hijasdejesus.org\/pt-br\/#\/schema\/person\/91b9e676dca8842a983b89793a34e5b8","name":"Comunicaci\u00f3n Internacional","image":{"@type":"ImageObject","inLanguage":"pt-BR","@id":"https:\/\/secure.gravatar.com\/avatar\/dcb9b61797c934872aa9209ebf48b92edfeb0819dcdcaa77cd84879d6def414d?s=96&d=mm&r=g","url":"https:\/\/secure.gravatar.com\/avatar\/dcb9b61797c934872aa9209ebf48b92edfeb0819dcdcaa77cd84879d6def414d?s=96&d=mm&r=g","contentUrl":"https:\/\/secure.gravatar.com\/avatar\/dcb9b61797c934872aa9209ebf48b92edfeb0819dcdcaa77cd84879d6def414d?s=96&d=mm&r=g","caption":"Comunicaci\u00f3n Internacional"},"url":"https:\/\/hijasdejesus.org\/pt-br\/author\/comunicacion-internacional\/"}]}},"_links":{"self":[{"href":"https:\/\/hijasdejesus.org\/pt-br\/wp-json\/wp\/v2\/posts\/46201","targetHints":{"allow":["GET"]}}],"collection":[{"href":"https:\/\/hijasdejesus.org\/pt-br\/wp-json\/wp\/v2\/posts"}],"about":[{"href":"https:\/\/hijasdejesus.org\/pt-br\/wp-json\/wp\/v2\/types\/post"}],"author":[{"embeddable":true,"href":"https:\/\/hijasdejesus.org\/pt-br\/wp-json\/wp\/v2\/users\/36"}],"replies":[{"embeddable":true,"href":"https:\/\/hijasdejesus.org\/pt-br\/wp-json\/wp\/v2\/comments?post=46201"}],"version-history":[{"count":1,"href":"https:\/\/hijasdejesus.org\/pt-br\/wp-json\/wp\/v2\/posts\/46201\/revisions"}],"predecessor-version":[{"id":46202,"href":"https:\/\/hijasdejesus.org\/pt-br\/wp-json\/wp\/v2\/posts\/46201\/revisions\/46202"}],"wp:featuredmedia":[{"embeddable":true,"href":"https:\/\/hijasdejesus.org\/pt-br\/wp-json\/wp\/v2\/media\/46199"}],"wp:attachment":[{"href":"https:\/\/hijasdejesus.org\/pt-br\/wp-json\/wp\/v2\/media?parent=46201"}],"wp:term":[{"taxonomy":"category","embeddable":true,"href":"https:\/\/hijasdejesus.org\/pt-br\/wp-json\/wp\/v2\/categories?post=46201"},{"taxonomy":"post_tag","embeddable":true,"href":"https:\/\/hijasdejesus.org\/pt-br\/wp-json\/wp\/v2\/tags?post=46201"}],"curies":[{"name":"wp","href":"https:\/\/api.w.org\/{rel}","templated":true}]}}