{"id":47626,"date":"2025-04-17T01:00:00","date_gmt":"2025-04-16T23:00:00","guid":{"rendered":"https:\/\/hijasdejesus.org\/quinta-feira-santa-com-ele-o-caminho-do-servico\/"},"modified":"2025-04-17T01:00:29","modified_gmt":"2025-04-16T23:00:29","slug":"quinta-feira-santa-com-ele-o-caminho-do-servico","status":"publish","type":"post","link":"https:\/\/hijasdejesus.org\/pt-br\/quinta-feira-santa-com-ele-o-caminho-do-servico\/","title":{"rendered":"Quinta-feira Santa: Com Ele, o caminho do servi\u00e7o"},"content":{"rendered":"\n<p class=\"has-text-align-center\"><strong>  &#8220;Dei-lhes o exemplo, para que voc\u00eas tamb\u00e9m fa\u00e7am por si mesmos o que eu fiz por voc\u00eas&#8221;.  <\/strong><\/p>\n\n<p>Com a Quinta-feira Santa, entramos no Tr\u00edduo Pascal. Nesse dia, Jesus desejou amorosamente celebrar a P\u00e1scoa com seus disc\u00edpulos. Foi uma refei\u00e7\u00e3o muito significativa que continuamos a celebrar em mem\u00f3ria dele em todas as missas. Ele fez dois gestos muito especiais que significam a mesma coisa: come\u00e7ou a lavar os p\u00e9s de seus disc\u00edpulos e partiu e distribuiu, tornando-se P\u00e3o e Vinho para todos, naquele momento e em cada Eucaristia. &#8220;Eu lhes dei o exemplo, para que voc\u00eas tamb\u00e9m fa\u00e7am o que eu fiz por voc\u00eas&#8221;.      <\/p>\n\n<p><em><strong>De que maneira concreta estou fazendo com minha vida o que Jesus fez por n\u00f3s, por mim?  <\/strong><\/em> <strong><em>O que significa para mim o fato de Jesus ter lavado os p\u00e9s de seus disc\u00edpulos?  <\/em><\/strong> <em><strong>E para ser dado a n\u00f3s em P\u00e3o e Vinho?  <\/strong><\/em> <em><strong>Pe\u00e7amos a Jesus para irmos com Ele no caminho do servi\u00e7o.<\/strong><\/em><\/p>\n\n<h5 class=\"wp-block-heading\"><strong>Ele lava os p\u00e9s dos disc\u00edpulos<\/strong><\/h5>\n\n<p><sub>1<\/sub> Antes da festa da P\u00e1scoa, sabendo Jesus que chegara a hora de passar deste mundo para o Pai, tendo amado os seus que estavam no mundo, amou-os at\u00e9 o fim. <sub>2<\/sub> Durante a ceia, quando o Diabo sugeriu a Judas Iscariotes que o tra\u00edsse<sub>,3<\/sub> sabendo que o Pai havia entregado todas as coisas em suas m\u00e3os, que ele havia sa\u00eddo de Deus e estava voltando para Deus<sub>,4<\/sub> levantou-se da mesa, tirou o manto, pegou uma toalha e cingiu-se. <sub>5<\/sub> E, deitando \u00e1gua numa bacia, come\u00e7ou a lavar os p\u00e9s dos disc\u00edpulos e a enxugar-lhos com a toalha que trazia cingida \u00e0 cintura. <sub>6<\/sub> Ent\u00e3o se aproximou de Sim\u00e3o Pedro, que lhe disse:<br\/>&#8220;Senhor, voc\u00ea lava os meus p\u00e9s?&#8221; <sub>7<\/sub> Jesus respondeu:<br\/>&#8220;O que eu fa\u00e7o voc\u00ea n\u00e3o entende agora, mas entender\u00e1 depois. <sub>8<\/sub> Pedro respondeu:<br\/>&#8211; Voc\u00ea nunca vai lavar os meus p\u00e9s.<br\/>Jesus lhe respondeu:<br\/>. &#8220;Se eu n\u00e3o o lavar, voc\u00ea n\u00e3o tem nada a ver comigo. <sub>9<\/sub> Disse-lhe Sim\u00e3o Pedro:<br\/>Senhor, se \u00e9 assim, n\u00e3o somente os p\u00e9s, mas tamb\u00e9m as m\u00e3os e a cabe\u00e7a. <sub>10<\/sub> Respondeu-lhe Jesus:<br\/>. Quem j\u00e1 tomou banho n\u00e3o precisa lavar-se sen\u00e3o os p\u00e9s, porque o resto est\u00e1 limpo.<br\/>E voc\u00eas est\u00e3o limpos, mas n\u00e3o todos<sub>.11<\/sub> Ele conhecia aquele que iria tra\u00ed-lo, por isso disse que nem todos voc\u00eas estavam limpos<sub>.12<\/sub> Depois de lavar os p\u00e9s deles, vestiu a capa, sentou-se e disse: &#8220;Voc\u00eas entendem o que eu fiz a voc\u00eas<sub>?13<\/sub> Voc\u00eas me chamam de mestre e professor, e me chamam de mestre e professor, e me chamam de mestre e professor, e me chamam de mestre e professor, e me chamam de mestre e professor, e me chamam de mestre e professor, e me chamam de mestre e professor, e me chamam de mestre e professor, e me chamam de mestre e professor. Voc\u00eas me chamam de mestre e senhor, e t\u00eam raz\u00e3o<sub>.14<\/sub> Portanto, se eu, que sou mestre e senhor de voc\u00eas, lavei os p\u00e9s de voc\u00eas, voc\u00eas tamb\u00e9m devem lavar os p\u00e9s uns dos outros<sub>.15<\/sub> Dei-lhes o exemplo, para que fa\u00e7am como eu fiz. <\/p>\n\n<p class=\"has-text-align-right\"><strong>(Jo 13, 1-15)<\/strong><\/p>\n","protected":false},"excerpt":{"rendered":"<p>&#8220;Dei-lhes o exemplo, para que voc\u00eas tamb\u00e9m fa\u00e7am por si mesmos o que eu fiz por voc\u00eas&#8221;. Com a Quinta-feira Santa, entramos no Tr\u00edduo Pascal. Nesse dia, Jesus desejou amorosamente celebrar a P\u00e1scoa com seus disc\u00edpulos. Foi uma refei\u00e7\u00e3o muito significativa que continuamos a celebrar em mem\u00f3ria dele em todas as missas. Ele fez dois [&hellip;]<\/p>\n","protected":false},"author":36,"featured_media":47615,"comment_status":"closed","ping_status":"closed","sticky":false,"template":"","format":"standard","meta":{"_et_pb_use_builder":"","_et_pb_old_content":"","_et_gb_content_width":"","footnotes":"","_links_to":"","_links_to_target":""},"categories":[991,469,1322],"tags":[825],"class_list":["post-47626","post","type-post","status-publish","format-standard","has-post-thumbnail","hentry","category-liturgia-oracion-pt-br","category-noticias-pt-br","category-oracaocgxix","tag-semana-santa-pt-br"],"yoast_head":"<!-- This site is optimized with the Yoast SEO plugin v27.5 - https:\/\/yoast.com\/product\/yoast-seo-wordpress\/ -->\n<title>Quinta-feira Santa: Com Ele, o caminho do servi\u00e7o - Hijas de Jes\u00fas<\/title>\n<meta name=\"description\" content=\"Com a Quinta-feira Santa, entramos no Tr\u00edduo Pascal. Nesse dia, Jesus desejou amorosamente celebrar a P\u00e1scoa com seus disc\u00edpulos. Foi uma refei\u00e7\u00e3o muito significativa que continuamos a celebrar em mem\u00f3ria dele em todas as missas. Ele fez dois gestos muito especiais que significam a mesma coisa: come\u00e7ou a lavar os p\u00e9s de seus disc\u00edpulos e se partiu e se distribuiu, tornando-se P\u00e3o e Vinho para todos, naquele momento e em cada Eucaristia.\" \/>\n<meta name=\"robots\" content=\"index, follow, max-snippet:-1, max-image-preview:large, max-video-preview:-1\" \/>\n<link rel=\"canonical\" href=\"https:\/\/hijasdejesus.org\/pt-br\/quinta-feira-santa-com-ele-o-caminho-do-servico\/\" \/>\n<meta property=\"og:locale\" content=\"pt_BR\" \/>\n<meta property=\"og:type\" content=\"article\" \/>\n<meta property=\"og:title\" content=\"Quinta-feira Santa: Com Ele, o caminho do servi\u00e7o - Hijas de Jes\u00fas\" \/>\n<meta property=\"og:description\" content=\"Com a Quinta-feira Santa, entramos no Tr\u00edduo Pascal. Nesse dia, Jesus desejou amorosamente celebrar a P\u00e1scoa com seus disc\u00edpulos. Foi uma refei\u00e7\u00e3o muito significativa que continuamos a celebrar em mem\u00f3ria dele em todas as missas. Ele fez dois gestos muito especiais que significam a mesma coisa: come\u00e7ou a lavar os p\u00e9s de seus disc\u00edpulos e se partiu e se distribuiu, tornando-se P\u00e3o e Vinho para todos, naquele momento e em cada Eucaristia.\" \/>\n<meta property=\"og:url\" content=\"https:\/\/hijasdejesus.org\/pt-br\/quinta-feira-santa-com-ele-o-caminho-do-servico\/\" \/>\n<meta property=\"og:site_name\" content=\"Hijas de Jes\u00fas\" \/>\n<meta property=\"article:publisher\" content=\"https:\/\/www.facebook.com\/hijasdejesusenelmundo\/\" \/>\n<meta property=\"article:published_time\" content=\"2025-04-16T23:00:00+00:00\" \/>\n<meta property=\"article:modified_time\" content=\"2025-04-16T23:00:29+00:00\" \/>\n<meta property=\"og:image\" content=\"https:\/\/hijasdejesus.org\/wp-content\/uploads\/2025\/04\/4-1024x726.png\" \/>\n\t<meta property=\"og:image:width\" content=\"1024\" \/>\n\t<meta property=\"og:image:height\" content=\"726\" \/>\n\t<meta property=\"og:image:type\" content=\"image\/png\" \/>\n<meta name=\"author\" content=\"Comunicaci\u00f3n Internacional\" \/>\n<meta name=\"twitter:card\" content=\"summary_large_image\" \/>\n<meta name=\"twitter:creator\" content=\"@hijasdjesus\" \/>\n<meta name=\"twitter:site\" content=\"@hijasdjesus\" \/>\n<meta name=\"twitter:label1\" content=\"Escrito por\" \/>\n\t<meta name=\"twitter:data1\" content=\"Comunicaci\u00f3n Internacional\" \/>\n\t<meta name=\"twitter:label2\" content=\"Est. tempo de leitura\" \/>\n\t<meta name=\"twitter:data2\" content=\"3 minutos\" \/>\n<script type=\"application\/ld+json\" class=\"yoast-schema-graph\">{\"@context\":\"https:\\\/\\\/schema.org\",\"@graph\":[{\"@type\":\"Article\",\"@id\":\"https:\\\/\\\/hijasdejesus.org\\\/pt-br\\\/quinta-feira-santa-com-ele-o-caminho-do-servico\\\/#article\",\"isPartOf\":{\"@id\":\"https:\\\/\\\/hijasdejesus.org\\\/pt-br\\\/quinta-feira-santa-com-ele-o-caminho-do-servico\\\/\"},\"author\":{\"name\":\"Comunicaci\u00f3n Internacional\",\"@id\":\"https:\\\/\\\/hijasdejesus.org\\\/pt-br\\\/#\\\/schema\\\/person\\\/91b9e676dca8842a983b89793a34e5b8\"},\"headline\":\"Quinta-feira Santa: Com Ele, o caminho do servi\u00e7o\",\"datePublished\":\"2025-04-16T23:00:00+00:00\",\"dateModified\":\"2025-04-16T23:00:29+00:00\",\"mainEntityOfPage\":{\"@id\":\"https:\\\/\\\/hijasdejesus.org\\\/pt-br\\\/quinta-feira-santa-com-ele-o-caminho-do-servico\\\/\"},\"wordCount\":577,\"publisher\":{\"@id\":\"https:\\\/\\\/hijasdejesus.org\\\/pt-br\\\/#organization\"},\"image\":{\"@id\":\"https:\\\/\\\/hijasdejesus.org\\\/pt-br\\\/quinta-feira-santa-com-ele-o-caminho-do-servico\\\/#primaryimage\"},\"thumbnailUrl\":\"https:\\\/\\\/hijasdejesus.org\\\/wp-content\\\/uploads\\\/2025\\\/04\\\/4.png\",\"keywords\":[\"Semana Santa\"],\"articleSection\":[\"Liturgia &#8211; oraci\u00f3n\",\"Not\u00edcias\",\"Ora\u00e7\u00e3oCGXIX\"],\"inLanguage\":\"pt-BR\"},{\"@type\":\"WebPage\",\"@id\":\"https:\\\/\\\/hijasdejesus.org\\\/pt-br\\\/quinta-feira-santa-com-ele-o-caminho-do-servico\\\/\",\"url\":\"https:\\\/\\\/hijasdejesus.org\\\/pt-br\\\/quinta-feira-santa-com-ele-o-caminho-do-servico\\\/\",\"name\":\"Quinta-feira Santa: Com Ele, o caminho do servi\u00e7o - Hijas de Jes\u00fas\",\"isPartOf\":{\"@id\":\"https:\\\/\\\/hijasdejesus.org\\\/pt-br\\\/#website\"},\"primaryImageOfPage\":{\"@id\":\"https:\\\/\\\/hijasdejesus.org\\\/pt-br\\\/quinta-feira-santa-com-ele-o-caminho-do-servico\\\/#primaryimage\"},\"image\":{\"@id\":\"https:\\\/\\\/hijasdejesus.org\\\/pt-br\\\/quinta-feira-santa-com-ele-o-caminho-do-servico\\\/#primaryimage\"},\"thumbnailUrl\":\"https:\\\/\\\/hijasdejesus.org\\\/wp-content\\\/uploads\\\/2025\\\/04\\\/4.png\",\"datePublished\":\"2025-04-16T23:00:00+00:00\",\"dateModified\":\"2025-04-16T23:00:29+00:00\",\"description\":\"Com a Quinta-feira Santa, entramos no Tr\u00edduo Pascal. Nesse dia, Jesus desejou amorosamente celebrar a P\u00e1scoa com seus disc\u00edpulos. Foi uma refei\u00e7\u00e3o muito significativa que continuamos a celebrar em mem\u00f3ria dele em todas as missas. Ele fez dois gestos muito especiais que significam a mesma coisa: come\u00e7ou a lavar os p\u00e9s de seus disc\u00edpulos e se partiu e se distribuiu, tornando-se P\u00e3o e Vinho para todos, naquele momento e em cada Eucaristia.\",\"breadcrumb\":{\"@id\":\"https:\\\/\\\/hijasdejesus.org\\\/pt-br\\\/quinta-feira-santa-com-ele-o-caminho-do-servico\\\/#breadcrumb\"},\"inLanguage\":\"pt-BR\",\"potentialAction\":[{\"@type\":\"ReadAction\",\"target\":[\"https:\\\/\\\/hijasdejesus.org\\\/pt-br\\\/quinta-feira-santa-com-ele-o-caminho-do-servico\\\/\"]}]},{\"@type\":\"ImageObject\",\"inLanguage\":\"pt-BR\",\"@id\":\"https:\\\/\\\/hijasdejesus.org\\\/pt-br\\\/quinta-feira-santa-com-ele-o-caminho-do-servico\\\/#primaryimage\",\"url\":\"https:\\\/\\\/hijasdejesus.org\\\/wp-content\\\/uploads\\\/2025\\\/04\\\/4.png\",\"contentUrl\":\"https:\\\/\\\/hijasdejesus.org\\\/wp-content\\\/uploads\\\/2025\\\/04\\\/4.png\",\"width\":1748,\"height\":1240},{\"@type\":\"BreadcrumbList\",\"@id\":\"https:\\\/\\\/hijasdejesus.org\\\/pt-br\\\/quinta-feira-santa-com-ele-o-caminho-do-servico\\\/#breadcrumb\",\"itemListElement\":[{\"@type\":\"ListItem\",\"position\":1,\"name\":\"Portada\",\"item\":\"https:\\\/\\\/hijasdejesus.org\\\/pt-br\\\/\"},{\"@type\":\"ListItem\",\"position\":2,\"name\":\"Quinta-feira Santa: Com Ele, o caminho do servi\u00e7o\"}]},{\"@type\":\"WebSite\",\"@id\":\"https:\\\/\\\/hijasdejesus.org\\\/pt-br\\\/#website\",\"url\":\"https:\\\/\\\/hijasdejesus.org\\\/pt-br\\\/\",\"name\":\"Hijas de Jes\u00fas\",\"description\":\"Despertamos a Jes\u00fas en el coraz\u00f3n, sacando lo mejor de las personas. Somos una congregaci\u00f3n religiosa ignaciana fundada por la Madre Candida\",\"publisher\":{\"@id\":\"https:\\\/\\\/hijasdejesus.org\\\/pt-br\\\/#organization\"},\"potentialAction\":[{\"@type\":\"SearchAction\",\"target\":{\"@type\":\"EntryPoint\",\"urlTemplate\":\"https:\\\/\\\/hijasdejesus.org\\\/pt-br\\\/?s={search_term_string}\"},\"query-input\":{\"@type\":\"PropertyValueSpecification\",\"valueRequired\":true,\"valueName\":\"search_term_string\"}}],\"inLanguage\":\"pt-BR\"},{\"@type\":\"Organization\",\"@id\":\"https:\\\/\\\/hijasdejesus.org\\\/pt-br\\\/#organization\",\"name\":\"Hijas de Jes\u00fas\",\"url\":\"https:\\\/\\\/hijasdejesus.org\\\/pt-br\\\/\",\"logo\":{\"@type\":\"ImageObject\",\"inLanguage\":\"pt-BR\",\"@id\":\"https:\\\/\\\/hijasdejesus.org\\\/pt-br\\\/#\\\/schema\\\/logo\\\/image\\\/\",\"url\":\"https:\\\/\\\/hijasdejesus.org\\\/wp-content\\\/uploads\\\/2023\\\/01\\\/Hijas-de-Jesus_hor-A7C957.png\",\"contentUrl\":\"https:\\\/\\\/hijasdejesus.org\\\/wp-content\\\/uploads\\\/2023\\\/01\\\/Hijas-de-Jesus_hor-A7C957.png\",\"width\":700,\"height\":360,\"caption\":\"Hijas de Jes\u00fas\"},\"image\":{\"@id\":\"https:\\\/\\\/hijasdejesus.org\\\/pt-br\\\/#\\\/schema\\\/logo\\\/image\\\/\"},\"sameAs\":[\"https:\\\/\\\/www.facebook.com\\\/hijasdejesusenelmundo\\\/\",\"https:\\\/\\\/x.com\\\/hijasdjesus\"]},{\"@type\":\"Person\",\"@id\":\"https:\\\/\\\/hijasdejesus.org\\\/pt-br\\\/#\\\/schema\\\/person\\\/91b9e676dca8842a983b89793a34e5b8\",\"name\":\"Comunicaci\u00f3n Internacional\",\"image\":{\"@type\":\"ImageObject\",\"inLanguage\":\"pt-BR\",\"@id\":\"https:\\\/\\\/secure.gravatar.com\\\/avatar\\\/dcb9b61797c934872aa9209ebf48b92edfeb0819dcdcaa77cd84879d6def414d?s=96&d=mm&r=g\",\"url\":\"https:\\\/\\\/secure.gravatar.com\\\/avatar\\\/dcb9b61797c934872aa9209ebf48b92edfeb0819dcdcaa77cd84879d6def414d?s=96&d=mm&r=g\",\"contentUrl\":\"https:\\\/\\\/secure.gravatar.com\\\/avatar\\\/dcb9b61797c934872aa9209ebf48b92edfeb0819dcdcaa77cd84879d6def414d?s=96&d=mm&r=g\",\"caption\":\"Comunicaci\u00f3n Internacional\"},\"url\":\"https:\\\/\\\/hijasdejesus.org\\\/pt-br\\\/author\\\/comunicacion-internacional\\\/\"}]}<\/script>\n<!-- \/ Yoast SEO plugin. -->","yoast_head_json":{"title":"Quinta-feira Santa: Com Ele, o caminho do servi\u00e7o - Hijas de Jes\u00fas","description":"Com a Quinta-feira Santa, entramos no Tr\u00edduo Pascal. Nesse dia, Jesus desejou amorosamente celebrar a P\u00e1scoa com seus disc\u00edpulos. Foi uma refei\u00e7\u00e3o muito significativa que continuamos a celebrar em mem\u00f3ria dele em todas as missas. Ele fez dois gestos muito especiais que significam a mesma coisa: come\u00e7ou a lavar os p\u00e9s de seus disc\u00edpulos e se partiu e se distribuiu, tornando-se P\u00e3o e Vinho para todos, naquele momento e em cada Eucaristia.","robots":{"index":"index","follow":"follow","max-snippet":"max-snippet:-1","max-image-preview":"max-image-preview:large","max-video-preview":"max-video-preview:-1"},"canonical":"https:\/\/hijasdejesus.org\/pt-br\/quinta-feira-santa-com-ele-o-caminho-do-servico\/","og_locale":"pt_BR","og_type":"article","og_title":"Quinta-feira Santa: Com Ele, o caminho do servi\u00e7o - Hijas de Jes\u00fas","og_description":"Com a Quinta-feira Santa, entramos no Tr\u00edduo Pascal. Nesse dia, Jesus desejou amorosamente celebrar a P\u00e1scoa com seus disc\u00edpulos. Foi uma refei\u00e7\u00e3o muito significativa que continuamos a celebrar em mem\u00f3ria dele em todas as missas. Ele fez dois gestos muito especiais que significam a mesma coisa: come\u00e7ou a lavar os p\u00e9s de seus disc\u00edpulos e se partiu e se distribuiu, tornando-se P\u00e3o e Vinho para todos, naquele momento e em cada Eucaristia.","og_url":"https:\/\/hijasdejesus.org\/pt-br\/quinta-feira-santa-com-ele-o-caminho-do-servico\/","og_site_name":"Hijas de Jes\u00fas","article_publisher":"https:\/\/www.facebook.com\/hijasdejesusenelmundo\/","article_published_time":"2025-04-16T23:00:00+00:00","article_modified_time":"2025-04-16T23:00:29+00:00","og_image":[{"width":1024,"height":726,"url":"https:\/\/hijasdejesus.org\/wp-content\/uploads\/2025\/04\/4-1024x726.png","type":"image\/png"}],"author":"Comunicaci\u00f3n Internacional","twitter_card":"summary_large_image","twitter_creator":"@hijasdjesus","twitter_site":"@hijasdjesus","twitter_misc":{"Escrito por":"Comunicaci\u00f3n Internacional","Est. tempo de leitura":"3 minutos"},"schema":{"@context":"https:\/\/schema.org","@graph":[{"@type":"Article","@id":"https:\/\/hijasdejesus.org\/pt-br\/quinta-feira-santa-com-ele-o-caminho-do-servico\/#article","isPartOf":{"@id":"https:\/\/hijasdejesus.org\/pt-br\/quinta-feira-santa-com-ele-o-caminho-do-servico\/"},"author":{"name":"Comunicaci\u00f3n Internacional","@id":"https:\/\/hijasdejesus.org\/pt-br\/#\/schema\/person\/91b9e676dca8842a983b89793a34e5b8"},"headline":"Quinta-feira Santa: Com Ele, o caminho do servi\u00e7o","datePublished":"2025-04-16T23:00:00+00:00","dateModified":"2025-04-16T23:00:29+00:00","mainEntityOfPage":{"@id":"https:\/\/hijasdejesus.org\/pt-br\/quinta-feira-santa-com-ele-o-caminho-do-servico\/"},"wordCount":577,"publisher":{"@id":"https:\/\/hijasdejesus.org\/pt-br\/#organization"},"image":{"@id":"https:\/\/hijasdejesus.org\/pt-br\/quinta-feira-santa-com-ele-o-caminho-do-servico\/#primaryimage"},"thumbnailUrl":"https:\/\/hijasdejesus.org\/wp-content\/uploads\/2025\/04\/4.png","keywords":["Semana Santa"],"articleSection":["Liturgia &#8211; oraci\u00f3n","Not\u00edcias","Ora\u00e7\u00e3oCGXIX"],"inLanguage":"pt-BR"},{"@type":"WebPage","@id":"https:\/\/hijasdejesus.org\/pt-br\/quinta-feira-santa-com-ele-o-caminho-do-servico\/","url":"https:\/\/hijasdejesus.org\/pt-br\/quinta-feira-santa-com-ele-o-caminho-do-servico\/","name":"Quinta-feira Santa: Com Ele, o caminho do servi\u00e7o - Hijas de Jes\u00fas","isPartOf":{"@id":"https:\/\/hijasdejesus.org\/pt-br\/#website"},"primaryImageOfPage":{"@id":"https:\/\/hijasdejesus.org\/pt-br\/quinta-feira-santa-com-ele-o-caminho-do-servico\/#primaryimage"},"image":{"@id":"https:\/\/hijasdejesus.org\/pt-br\/quinta-feira-santa-com-ele-o-caminho-do-servico\/#primaryimage"},"thumbnailUrl":"https:\/\/hijasdejesus.org\/wp-content\/uploads\/2025\/04\/4.png","datePublished":"2025-04-16T23:00:00+00:00","dateModified":"2025-04-16T23:00:29+00:00","description":"Com a Quinta-feira Santa, entramos no Tr\u00edduo Pascal. Nesse dia, Jesus desejou amorosamente celebrar a P\u00e1scoa com seus disc\u00edpulos. Foi uma refei\u00e7\u00e3o muito significativa que continuamos a celebrar em mem\u00f3ria dele em todas as missas. Ele fez dois gestos muito especiais que significam a mesma coisa: come\u00e7ou a lavar os p\u00e9s de seus disc\u00edpulos e se partiu e se distribuiu, tornando-se P\u00e3o e Vinho para todos, naquele momento e em cada Eucaristia.","breadcrumb":{"@id":"https:\/\/hijasdejesus.org\/pt-br\/quinta-feira-santa-com-ele-o-caminho-do-servico\/#breadcrumb"},"inLanguage":"pt-BR","potentialAction":[{"@type":"ReadAction","target":["https:\/\/hijasdejesus.org\/pt-br\/quinta-feira-santa-com-ele-o-caminho-do-servico\/"]}]},{"@type":"ImageObject","inLanguage":"pt-BR","@id":"https:\/\/hijasdejesus.org\/pt-br\/quinta-feira-santa-com-ele-o-caminho-do-servico\/#primaryimage","url":"https:\/\/hijasdejesus.org\/wp-content\/uploads\/2025\/04\/4.png","contentUrl":"https:\/\/hijasdejesus.org\/wp-content\/uploads\/2025\/04\/4.png","width":1748,"height":1240},{"@type":"BreadcrumbList","@id":"https:\/\/hijasdejesus.org\/pt-br\/quinta-feira-santa-com-ele-o-caminho-do-servico\/#breadcrumb","itemListElement":[{"@type":"ListItem","position":1,"name":"Portada","item":"https:\/\/hijasdejesus.org\/pt-br\/"},{"@type":"ListItem","position":2,"name":"Quinta-feira Santa: Com Ele, o caminho do servi\u00e7o"}]},{"@type":"WebSite","@id":"https:\/\/hijasdejesus.org\/pt-br\/#website","url":"https:\/\/hijasdejesus.org\/pt-br\/","name":"Hijas de Jes\u00fas","description":"Despertamos a Jes\u00fas en el coraz\u00f3n, sacando lo mejor de las personas. Somos una congregaci\u00f3n religiosa ignaciana fundada por la Madre Candida","publisher":{"@id":"https:\/\/hijasdejesus.org\/pt-br\/#organization"},"potentialAction":[{"@type":"SearchAction","target":{"@type":"EntryPoint","urlTemplate":"https:\/\/hijasdejesus.org\/pt-br\/?s={search_term_string}"},"query-input":{"@type":"PropertyValueSpecification","valueRequired":true,"valueName":"search_term_string"}}],"inLanguage":"pt-BR"},{"@type":"Organization","@id":"https:\/\/hijasdejesus.org\/pt-br\/#organization","name":"Hijas de Jes\u00fas","url":"https:\/\/hijasdejesus.org\/pt-br\/","logo":{"@type":"ImageObject","inLanguage":"pt-BR","@id":"https:\/\/hijasdejesus.org\/pt-br\/#\/schema\/logo\/image\/","url":"https:\/\/hijasdejesus.org\/wp-content\/uploads\/2023\/01\/Hijas-de-Jesus_hor-A7C957.png","contentUrl":"https:\/\/hijasdejesus.org\/wp-content\/uploads\/2023\/01\/Hijas-de-Jesus_hor-A7C957.png","width":700,"height":360,"caption":"Hijas de Jes\u00fas"},"image":{"@id":"https:\/\/hijasdejesus.org\/pt-br\/#\/schema\/logo\/image\/"},"sameAs":["https:\/\/www.facebook.com\/hijasdejesusenelmundo\/","https:\/\/x.com\/hijasdjesus"]},{"@type":"Person","@id":"https:\/\/hijasdejesus.org\/pt-br\/#\/schema\/person\/91b9e676dca8842a983b89793a34e5b8","name":"Comunicaci\u00f3n Internacional","image":{"@type":"ImageObject","inLanguage":"pt-BR","@id":"https:\/\/secure.gravatar.com\/avatar\/dcb9b61797c934872aa9209ebf48b92edfeb0819dcdcaa77cd84879d6def414d?s=96&d=mm&r=g","url":"https:\/\/secure.gravatar.com\/avatar\/dcb9b61797c934872aa9209ebf48b92edfeb0819dcdcaa77cd84879d6def414d?s=96&d=mm&r=g","contentUrl":"https:\/\/secure.gravatar.com\/avatar\/dcb9b61797c934872aa9209ebf48b92edfeb0819dcdcaa77cd84879d6def414d?s=96&d=mm&r=g","caption":"Comunicaci\u00f3n Internacional"},"url":"https:\/\/hijasdejesus.org\/pt-br\/author\/comunicacion-internacional\/"}]}},"_links":{"self":[{"href":"https:\/\/hijasdejesus.org\/pt-br\/wp-json\/wp\/v2\/posts\/47626","targetHints":{"allow":["GET"]}}],"collection":[{"href":"https:\/\/hijasdejesus.org\/pt-br\/wp-json\/wp\/v2\/posts"}],"about":[{"href":"https:\/\/hijasdejesus.org\/pt-br\/wp-json\/wp\/v2\/types\/post"}],"author":[{"embeddable":true,"href":"https:\/\/hijasdejesus.org\/pt-br\/wp-json\/wp\/v2\/users\/36"}],"replies":[{"embeddable":true,"href":"https:\/\/hijasdejesus.org\/pt-br\/wp-json\/wp\/v2\/comments?post=47626"}],"version-history":[{"count":1,"href":"https:\/\/hijasdejesus.org\/pt-br\/wp-json\/wp\/v2\/posts\/47626\/revisions"}],"predecessor-version":[{"id":47627,"href":"https:\/\/hijasdejesus.org\/pt-br\/wp-json\/wp\/v2\/posts\/47626\/revisions\/47627"}],"wp:featuredmedia":[{"embeddable":true,"href":"https:\/\/hijasdejesus.org\/pt-br\/wp-json\/wp\/v2\/media\/47615"}],"wp:attachment":[{"href":"https:\/\/hijasdejesus.org\/pt-br\/wp-json\/wp\/v2\/media?parent=47626"}],"wp:term":[{"taxonomy":"category","embeddable":true,"href":"https:\/\/hijasdejesus.org\/pt-br\/wp-json\/wp\/v2\/categories?post=47626"},{"taxonomy":"post_tag","embeddable":true,"href":"https:\/\/hijasdejesus.org\/pt-br\/wp-json\/wp\/v2\/tags?post=47626"}],"curies":[{"name":"wp","href":"https:\/\/api.w.org\/{rel}","templated":true}]}}