{"id":48787,"date":"2025-05-11T23:36:07","date_gmt":"2025-05-11T21:36:07","guid":{"rendered":"https:\/\/hijasdejesus.org\/movido-a-perseverar-na-fidelidade-ao-carisma-recebido-do-espirito\/"},"modified":"2025-07-28T15:09:02","modified_gmt":"2025-07-28T13:09:02","slug":"movido-a-perseverar-na-fidelidade-ao-carisma-recebido-do-espirito","status":"publish","type":"post","link":"https:\/\/hijasdejesus.org\/pt-br\/movido-a-perseverar-na-fidelidade-ao-carisma-recebido-do-espirito\/","title":{"rendered":"Movido a perseverar na fidelidade ao carisma recebido do Esp\u00edrito"},"content":{"rendered":"\n<p>Hoje, 12 de maio de 2025, \u00e9 o 29\u00ba anivers\u00e1rio da beatifica\u00e7\u00e3o de M. Candida e Anto\u00f1ita. C\u00e2ndida e Anto\u00f1ita<\/p>\n\n<p>Lembramo-nos desse dia com gratid\u00e3o, convidados a dar vida ao que oramos tantas vezes com &#8220;Toma, Senhor&#8221;, dizendo &#8220;toma minha mem\u00f3ria&#8221;. Minha mem\u00f3ria \u00e9 o que mantive sagrado em meu cora\u00e7\u00e3o. Dar a ele o que lembro, o que vivi, minha hist\u00f3ria, reconhecer sua presen\u00e7a, seu amor, sua miseric\u00f3rdia, seu chamado, seu acompanhamento e seu envio. O quanto a mem\u00f3ria daquele 12 de maio de 1996 pode nos ajudar hoje!   <\/p>\n\n<p>O ent\u00e3o Papa Jo\u00e3o Paulo II, no dia 12 de maio de 1996, na Pra\u00e7a de S\u00e3o Pedro, diante de milhares de fi\u00e9is, entre os quais se encontravam muitas Filhas de Jesus, leigos e leigas vinculados de alguma maneira a M. C\u00e2ndida e M. Anto\u00f1ita, fam\u00edlias, crian\u00e7as, especialmente escolares, educadores, jovens&#8230; de &#8220;qualquer parte do mundo&#8221; onde as Filhas de Jesus est\u00e3o presentes, pronunciou, na presen\u00e7a de M. C\u00e2ndida e M. Anto\u00f1ita, que &#8220;as Filhas de Jesus est\u00e3o presentes em todas as partes do mundo&#8221;. M. Candida e M. Anto\u00f1ita, fam\u00edlias, crian\u00e7as, especialmente escolares, educadores, jovens&#8230; de &#8220;todo o mundo&#8221; onde as Filhas de Jesus est\u00e3o presentes, pronunciou, entre outras, estas palavras que sentimos serem muito relevantes hoje, neste momento da hist\u00f3ria, na Igreja e na Congrega\u00e7\u00e3o que est\u00e1 presente em Roma atrav\u00e9s das Irm\u00e3s ali reunidas. <\/p>\n\n<blockquote class=\"wp-block-quote is-layout-flow wp-block-quote-is-layout-flow\">\n<p><em>  O testemunho de vida desses dois novos beatos enche a Igreja de alegria e deve mover sua congrega\u00e7\u00e3o, espalhada em tantos pa\u00edses, a seguir seus ricos ensinamentos, seu modelo de dedica\u00e7\u00e3o e perseveran\u00e7a na fidelidade ao carisma recebido do Esp\u00edrito.<\/em><\/p>\n<\/blockquote>\n\n<p class=\"has-text-align-center\"><em>             <\/em><strong>N\u00e3o \u00e9 exatamente esse o prop\u00f3sito de nossa Congrega\u00e7\u00e3o e de toda Congrega\u00e7\u00e3o Geral?<\/strong><\/p>\n\n<p>No final da ora\u00e7\u00e3o do Regina Coeli, o Papa Jo\u00e3o Paulo II tamb\u00e9m falou sobre nossos dois novos aben\u00e7oados:<\/p>\n\n<blockquote class=\"wp-block-quote is-layout-flow wp-block-quote-is-layout-flow\">\n<p><em>  A profunda espiritualidade dessas duas mulheres guipuzcoanas de cora\u00e7\u00e3o universal, baseada nos Exerc\u00edcios Inacianos, levou-as a se dedicar com santo zelo ao servi\u00e7o da Igreja e \u00e0s necessidades das pessoas de seu tempo. Seu testemunho continua vivo e nos fala de ardor mission\u00e1rio, de humilde confian\u00e7a, de buscar sempre e em tudo a maior gl\u00f3ria de Deus e a salva\u00e7\u00e3o da humanidade. <\/em><\/p>\n<\/blockquote>\n\n<p class=\"has-text-align-center\"><em>              <\/em><strong>O que move voc\u00ea em sua vida? <\/strong><\/p>\n\n<p>Seu testemunho continua vivo tamb\u00e9m em nossos dias&#8230; nestes &#8220;dias&#8221; do Ano Jubilar dos Peregrinos da Esperan\u00e7a, de despedida do Papa Francisco, de boas-vindas agradecidas ao rec\u00e9m-eleito Papa Le\u00e3o XIV, de nosso CGXIX e tamb\u00e9m de tantas alegrias, sofrimentos, buscas, trabalhos, oportunidades, desafios, ajudas, ego\u00edsmos, esperan\u00e7as e desesperos das pessoas em todo o mundo hoje&#8230;  <\/p>\n\n<p>Recordamos tamb\u00e9m as palavras da Superiora Geral da \u00e9poca, Ir. Pilar Mart\u00ednez, poucos dias depois da beatifica\u00e7\u00e3o, em Salamanca, em 25 de maio de 1996, por ocasi\u00e3o do traslado dos restos mortais de M. C\u00e2ndida do Pante\u00e3o dos Mostenses para a capela, em uma urna colocada sob o altar. Voc\u00ea pode ver os restos mortais de M. Candida do Pante\u00e3o dos Mostenses para a capela, em uma urna colocada sob o altar.<\/p>\n\n<blockquote class=\"wp-block-quote is-layout-flow wp-block-quote-is-layout-flow\">\n<p><em>  E para n\u00f3s, Filhas de Jesus, o que suas cinzas nos dizem hoje, descansando ao lado de Cristo Eucar\u00edstico e sob o olhar de Maria, estrela de nossos caminhos?<\/em><\/p>\n\n\n\n<p><em>  Sinto que, a partir daqui, ela nos confirma que a &#8220;verdadeira Filha de Jesus&#8221; \u00e9 aquela que vive como ela viveu: com o cora\u00e7\u00e3o firmemente alicer\u00e7ado no amor de Jesus Cristo, firme e determinada na miss\u00e3o que ele lhe confiou, apoiada na seguran\u00e7a que sua f\u00e9 lhe deu, abandonada \u00e0 sua vontade e alegre em seu servi\u00e7o. [&#8230;] E com o compromisso de continuar a dar vida ao carisma que ela nos deixou e de encarn\u00e1-lo no presente de nossa hist\u00f3ria. <\/em><\/p>\n<\/blockquote>\n\n<p class=\"has-text-align-center\"><em>             <\/em><strong>O que essas palavras dizem a voc\u00ea hoje para sua vida, sua comunidade, sua fam\u00edlia, seu trabalho, sua miss\u00e3o, seus estudos&#8230; e para o CGXIX das Filhas de Jesus?<\/strong><\/p>\n\n<p><em>Hoje recomendamos especialmente a CGXIX a Santa C\u00e2ndida M\u00aa de Jes\u00fas e \u00e0 Bem-aventurada M\u00aa Antonia Bandr\u00e9s El\u00f3segui, confiando em sua intercess\u00e3o e ajuda para continuar &#8220;preservando e fazendo crescer a Congrega\u00e7\u00e3o em seu bom ser&#8221; no presente de nossa hist\u00f3ria e de nosso mundo.<\/em><\/p>\n","protected":false},"excerpt":{"rendered":"<p>Hoje, 12 de maio de 2025, \u00e9 o 29\u00ba anivers\u00e1rio da beatifica\u00e7\u00e3o de M. Candida e Anto\u00f1ita. C\u00e2ndida e Anto\u00f1ita Lembramo-nos desse dia com gratid\u00e3o, convidados a dar vida ao que oramos tantas vezes com &#8220;Toma, Senhor&#8221;, dizendo &#8220;toma minha mem\u00f3ria&#8221;. Minha mem\u00f3ria \u00e9 o que mantive sagrado em meu cora\u00e7\u00e3o. Dar a ele o [&hellip;]<\/p>\n","protected":false},"author":36,"featured_media":48781,"comment_status":"closed","ping_status":"closed","sticky":false,"template":"","format":"standard","meta":{"_et_pb_use_builder":"","_et_pb_old_content":"","_et_gb_content_width":"","footnotes":"","_links_to":"","_links_to_target":""},"categories":[529,991,469],"tags":[859,1012,790],"class_list":["post-48787","post","type-post","status-publish","format-standard","has-post-thumbnail","hentry","category-hijas-de-jesus-pt-br","category-liturgia-oracion-pt-br","category-noticias-pt-br","tag-antonita-pt-br","tag-ma-antonia-bandres-pt-br","tag-sao-candida"],"yoast_head":"<!-- This site is optimized with the Yoast SEO plugin v27.5 - https:\/\/yoast.com\/product\/yoast-seo-wordpress\/ -->\n<title>Movido a perseverar na fidelidade ao carisma recebido do Esp\u00edrito - Hijas de Jes\u00fas<\/title>\n<meta name=\"description\" content=\"29\u00ba anivers\u00e1rio da beatifica\u00e7\u00e3o de M. C\u00e1ndida e M. Anto\u00f1ita. C\u00e2ndida e Anto\u00f1ita Quanto pode nos ajudar hoje a mem\u00f3ria daquele 12 de maio de 1996! O que ela diz a voc\u00ea hoje para sua vida, sua comunidade, sua fam\u00edlia, seu trabalho, sua miss\u00e3o, seus estudos... e para a CGXIX das Filhas de Jesus?\" \/>\n<meta name=\"robots\" content=\"index, follow, max-snippet:-1, max-image-preview:large, max-video-preview:-1\" \/>\n<link rel=\"canonical\" href=\"https:\/\/hijasdejesus.org\/pt-br\/movido-a-perseverar-na-fidelidade-ao-carisma-recebido-do-espirito\/\" \/>\n<meta property=\"og:locale\" content=\"pt_BR\" \/>\n<meta property=\"og:type\" content=\"article\" \/>\n<meta property=\"og:title\" content=\"Movido a perseverar na fidelidade ao carisma recebido do Esp\u00edrito - Hijas de Jes\u00fas\" \/>\n<meta property=\"og:description\" content=\"29\u00ba anivers\u00e1rio da beatifica\u00e7\u00e3o de M. C\u00e1ndida e M. Anto\u00f1ita. C\u00e2ndida e Anto\u00f1ita Quanto pode nos ajudar hoje a mem\u00f3ria daquele 12 de maio de 1996! O que ela diz a voc\u00ea hoje para sua vida, sua comunidade, sua fam\u00edlia, seu trabalho, sua miss\u00e3o, seus estudos... e para a CGXIX das Filhas de Jesus?\" \/>\n<meta property=\"og:url\" content=\"https:\/\/hijasdejesus.org\/pt-br\/movido-a-perseverar-na-fidelidade-ao-carisma-recebido-do-espirito\/\" \/>\n<meta property=\"og:site_name\" content=\"Hijas de Jes\u00fas\" \/>\n<meta property=\"article:publisher\" content=\"https:\/\/www.facebook.com\/hijasdejesusenelmundo\/\" \/>\n<meta property=\"article:published_time\" content=\"2025-05-11T21:36:07+00:00\" \/>\n<meta property=\"article:modified_time\" content=\"2025-07-28T13:09:02+00:00\" \/>\n<meta property=\"og:image\" content=\"https:\/\/hijasdejesus.org\/wp-content\/uploads\/2025\/05\/CartasSup.G.-Portada-1-1024x726.png\" \/>\n\t<meta property=\"og:image:width\" content=\"1024\" \/>\n\t<meta property=\"og:image:height\" content=\"726\" \/>\n\t<meta property=\"og:image:type\" content=\"image\/png\" \/>\n<meta name=\"author\" content=\"Comunicaci\u00f3n Internacional\" \/>\n<meta name=\"twitter:card\" content=\"summary_large_image\" \/>\n<meta name=\"twitter:creator\" content=\"@hijasdjesus\" \/>\n<meta name=\"twitter:site\" content=\"@hijasdjesus\" \/>\n<meta name=\"twitter:label1\" content=\"Escrito por\" \/>\n\t<meta name=\"twitter:data1\" content=\"Comunicaci\u00f3n Internacional\" \/>\n\t<meta name=\"twitter:label2\" content=\"Est. tempo de leitura\" \/>\n\t<meta name=\"twitter:data2\" content=\"4 minutos\" \/>\n<script type=\"application\/ld+json\" class=\"yoast-schema-graph\">{\"@context\":\"https:\\\/\\\/schema.org\",\"@graph\":[{\"@type\":\"Article\",\"@id\":\"https:\\\/\\\/hijasdejesus.org\\\/pt-br\\\/movido-a-perseverar-na-fidelidade-ao-carisma-recebido-do-espirito\\\/#article\",\"isPartOf\":{\"@id\":\"https:\\\/\\\/hijasdejesus.org\\\/pt-br\\\/movido-a-perseverar-na-fidelidade-ao-carisma-recebido-do-espirito\\\/\"},\"author\":{\"name\":\"Comunicaci\u00f3n Internacional\",\"@id\":\"https:\\\/\\\/hijasdejesus.org\\\/pt-br\\\/#\\\/schema\\\/person\\\/91b9e676dca8842a983b89793a34e5b8\"},\"headline\":\"Movido a perseverar na fidelidade ao carisma recebido do Esp\u00edrito\",\"datePublished\":\"2025-05-11T21:36:07+00:00\",\"dateModified\":\"2025-07-28T13:09:02+00:00\",\"mainEntityOfPage\":{\"@id\":\"https:\\\/\\\/hijasdejesus.org\\\/pt-br\\\/movido-a-perseverar-na-fidelidade-ao-carisma-recebido-do-espirito\\\/\"},\"wordCount\":762,\"publisher\":{\"@id\":\"https:\\\/\\\/hijasdejesus.org\\\/pt-br\\\/#organization\"},\"image\":{\"@id\":\"https:\\\/\\\/hijasdejesus.org\\\/pt-br\\\/movido-a-perseverar-na-fidelidade-ao-carisma-recebido-do-espirito\\\/#primaryimage\"},\"thumbnailUrl\":\"https:\\\/\\\/hijasdejesus.org\\\/wp-content\\\/uploads\\\/2025\\\/05\\\/CartasSup.G.-Portada-1.png\",\"keywords\":[\"Anto\u00f1ita\",\"M\u00aa Antonia Bandr\u00e9s\",\"S\u00e3o C\u00e2ndida\"],\"articleSection\":[\"Hijas de Jes\u00fas\",\"Liturgia &#8211; oraci\u00f3n\",\"Not\u00edcias\"],\"inLanguage\":\"pt-BR\"},{\"@type\":\"WebPage\",\"@id\":\"https:\\\/\\\/hijasdejesus.org\\\/pt-br\\\/movido-a-perseverar-na-fidelidade-ao-carisma-recebido-do-espirito\\\/\",\"url\":\"https:\\\/\\\/hijasdejesus.org\\\/pt-br\\\/movido-a-perseverar-na-fidelidade-ao-carisma-recebido-do-espirito\\\/\",\"name\":\"Movido a perseverar na fidelidade ao carisma recebido do Esp\u00edrito - Hijas de Jes\u00fas\",\"isPartOf\":{\"@id\":\"https:\\\/\\\/hijasdejesus.org\\\/pt-br\\\/#website\"},\"primaryImageOfPage\":{\"@id\":\"https:\\\/\\\/hijasdejesus.org\\\/pt-br\\\/movido-a-perseverar-na-fidelidade-ao-carisma-recebido-do-espirito\\\/#primaryimage\"},\"image\":{\"@id\":\"https:\\\/\\\/hijasdejesus.org\\\/pt-br\\\/movido-a-perseverar-na-fidelidade-ao-carisma-recebido-do-espirito\\\/#primaryimage\"},\"thumbnailUrl\":\"https:\\\/\\\/hijasdejesus.org\\\/wp-content\\\/uploads\\\/2025\\\/05\\\/CartasSup.G.-Portada-1.png\",\"datePublished\":\"2025-05-11T21:36:07+00:00\",\"dateModified\":\"2025-07-28T13:09:02+00:00\",\"description\":\"29\u00ba anivers\u00e1rio da beatifica\u00e7\u00e3o de M. C\u00e1ndida e M. Anto\u00f1ita. C\u00e2ndida e Anto\u00f1ita Quanto pode nos ajudar hoje a mem\u00f3ria daquele 12 de maio de 1996! O que ela diz a voc\u00ea hoje para sua vida, sua comunidade, sua fam\u00edlia, seu trabalho, sua miss\u00e3o, seus estudos... e para a CGXIX das Filhas de Jesus?\",\"breadcrumb\":{\"@id\":\"https:\\\/\\\/hijasdejesus.org\\\/pt-br\\\/movido-a-perseverar-na-fidelidade-ao-carisma-recebido-do-espirito\\\/#breadcrumb\"},\"inLanguage\":\"pt-BR\",\"potentialAction\":[{\"@type\":\"ReadAction\",\"target\":[\"https:\\\/\\\/hijasdejesus.org\\\/pt-br\\\/movido-a-perseverar-na-fidelidade-ao-carisma-recebido-do-espirito\\\/\"]}]},{\"@type\":\"ImageObject\",\"inLanguage\":\"pt-BR\",\"@id\":\"https:\\\/\\\/hijasdejesus.org\\\/pt-br\\\/movido-a-perseverar-na-fidelidade-ao-carisma-recebido-do-espirito\\\/#primaryimage\",\"url\":\"https:\\\/\\\/hijasdejesus.org\\\/wp-content\\\/uploads\\\/2025\\\/05\\\/CartasSup.G.-Portada-1.png\",\"contentUrl\":\"https:\\\/\\\/hijasdejesus.org\\\/wp-content\\\/uploads\\\/2025\\\/05\\\/CartasSup.G.-Portada-1.png\",\"width\":1748,\"height\":1240},{\"@type\":\"BreadcrumbList\",\"@id\":\"https:\\\/\\\/hijasdejesus.org\\\/pt-br\\\/movido-a-perseverar-na-fidelidade-ao-carisma-recebido-do-espirito\\\/#breadcrumb\",\"itemListElement\":[{\"@type\":\"ListItem\",\"position\":1,\"name\":\"Portada\",\"item\":\"https:\\\/\\\/hijasdejesus.org\\\/pt-br\\\/\"},{\"@type\":\"ListItem\",\"position\":2,\"name\":\"Movido a perseverar na fidelidade ao carisma recebido do Esp\u00edrito\"}]},{\"@type\":\"WebSite\",\"@id\":\"https:\\\/\\\/hijasdejesus.org\\\/pt-br\\\/#website\",\"url\":\"https:\\\/\\\/hijasdejesus.org\\\/pt-br\\\/\",\"name\":\"Hijas de Jes\u00fas\",\"description\":\"Despertamos a Jes\u00fas en el coraz\u00f3n, sacando lo mejor de las personas. Somos una congregaci\u00f3n religiosa ignaciana fundada por la Madre Candida\",\"publisher\":{\"@id\":\"https:\\\/\\\/hijasdejesus.org\\\/pt-br\\\/#organization\"},\"potentialAction\":[{\"@type\":\"SearchAction\",\"target\":{\"@type\":\"EntryPoint\",\"urlTemplate\":\"https:\\\/\\\/hijasdejesus.org\\\/pt-br\\\/?s={search_term_string}\"},\"query-input\":{\"@type\":\"PropertyValueSpecification\",\"valueRequired\":true,\"valueName\":\"search_term_string\"}}],\"inLanguage\":\"pt-BR\"},{\"@type\":\"Organization\",\"@id\":\"https:\\\/\\\/hijasdejesus.org\\\/pt-br\\\/#organization\",\"name\":\"Hijas de Jes\u00fas\",\"url\":\"https:\\\/\\\/hijasdejesus.org\\\/pt-br\\\/\",\"logo\":{\"@type\":\"ImageObject\",\"inLanguage\":\"pt-BR\",\"@id\":\"https:\\\/\\\/hijasdejesus.org\\\/pt-br\\\/#\\\/schema\\\/logo\\\/image\\\/\",\"url\":\"https:\\\/\\\/hijasdejesus.org\\\/wp-content\\\/uploads\\\/2023\\\/01\\\/Hijas-de-Jesus_hor-A7C957.png\",\"contentUrl\":\"https:\\\/\\\/hijasdejesus.org\\\/wp-content\\\/uploads\\\/2023\\\/01\\\/Hijas-de-Jesus_hor-A7C957.png\",\"width\":700,\"height\":360,\"caption\":\"Hijas de Jes\u00fas\"},\"image\":{\"@id\":\"https:\\\/\\\/hijasdejesus.org\\\/pt-br\\\/#\\\/schema\\\/logo\\\/image\\\/\"},\"sameAs\":[\"https:\\\/\\\/www.facebook.com\\\/hijasdejesusenelmundo\\\/\",\"https:\\\/\\\/x.com\\\/hijasdjesus\"]},{\"@type\":\"Person\",\"@id\":\"https:\\\/\\\/hijasdejesus.org\\\/pt-br\\\/#\\\/schema\\\/person\\\/91b9e676dca8842a983b89793a34e5b8\",\"name\":\"Comunicaci\u00f3n Internacional\",\"image\":{\"@type\":\"ImageObject\",\"inLanguage\":\"pt-BR\",\"@id\":\"https:\\\/\\\/secure.gravatar.com\\\/avatar\\\/dcb9b61797c934872aa9209ebf48b92edfeb0819dcdcaa77cd84879d6def414d?s=96&d=mm&r=g\",\"url\":\"https:\\\/\\\/secure.gravatar.com\\\/avatar\\\/dcb9b61797c934872aa9209ebf48b92edfeb0819dcdcaa77cd84879d6def414d?s=96&d=mm&r=g\",\"contentUrl\":\"https:\\\/\\\/secure.gravatar.com\\\/avatar\\\/dcb9b61797c934872aa9209ebf48b92edfeb0819dcdcaa77cd84879d6def414d?s=96&d=mm&r=g\",\"caption\":\"Comunicaci\u00f3n Internacional\"},\"url\":\"https:\\\/\\\/hijasdejesus.org\\\/pt-br\\\/author\\\/comunicacion-internacional\\\/\"}]}<\/script>\n<!-- \/ Yoast SEO plugin. -->","yoast_head_json":{"title":"Movido a perseverar na fidelidade ao carisma recebido do Esp\u00edrito - Hijas de Jes\u00fas","description":"29\u00ba anivers\u00e1rio da beatifica\u00e7\u00e3o de M. C\u00e1ndida e M. Anto\u00f1ita. C\u00e2ndida e Anto\u00f1ita Quanto pode nos ajudar hoje a mem\u00f3ria daquele 12 de maio de 1996! O que ela diz a voc\u00ea hoje para sua vida, sua comunidade, sua fam\u00edlia, seu trabalho, sua miss\u00e3o, seus estudos... e para a CGXIX das Filhas de Jesus?","robots":{"index":"index","follow":"follow","max-snippet":"max-snippet:-1","max-image-preview":"max-image-preview:large","max-video-preview":"max-video-preview:-1"},"canonical":"https:\/\/hijasdejesus.org\/pt-br\/movido-a-perseverar-na-fidelidade-ao-carisma-recebido-do-espirito\/","og_locale":"pt_BR","og_type":"article","og_title":"Movido a perseverar na fidelidade ao carisma recebido do Esp\u00edrito - Hijas de Jes\u00fas","og_description":"29\u00ba anivers\u00e1rio da beatifica\u00e7\u00e3o de M. C\u00e1ndida e M. Anto\u00f1ita. C\u00e2ndida e Anto\u00f1ita Quanto pode nos ajudar hoje a mem\u00f3ria daquele 12 de maio de 1996! O que ela diz a voc\u00ea hoje para sua vida, sua comunidade, sua fam\u00edlia, seu trabalho, sua miss\u00e3o, seus estudos... e para a CGXIX das Filhas de Jesus?","og_url":"https:\/\/hijasdejesus.org\/pt-br\/movido-a-perseverar-na-fidelidade-ao-carisma-recebido-do-espirito\/","og_site_name":"Hijas de Jes\u00fas","article_publisher":"https:\/\/www.facebook.com\/hijasdejesusenelmundo\/","article_published_time":"2025-05-11T21:36:07+00:00","article_modified_time":"2025-07-28T13:09:02+00:00","og_image":[{"width":1024,"height":726,"url":"https:\/\/hijasdejesus.org\/wp-content\/uploads\/2025\/05\/CartasSup.G.-Portada-1-1024x726.png","type":"image\/png"}],"author":"Comunicaci\u00f3n Internacional","twitter_card":"summary_large_image","twitter_creator":"@hijasdjesus","twitter_site":"@hijasdjesus","twitter_misc":{"Escrito por":"Comunicaci\u00f3n Internacional","Est. tempo de leitura":"4 minutos"},"schema":{"@context":"https:\/\/schema.org","@graph":[{"@type":"Article","@id":"https:\/\/hijasdejesus.org\/pt-br\/movido-a-perseverar-na-fidelidade-ao-carisma-recebido-do-espirito\/#article","isPartOf":{"@id":"https:\/\/hijasdejesus.org\/pt-br\/movido-a-perseverar-na-fidelidade-ao-carisma-recebido-do-espirito\/"},"author":{"name":"Comunicaci\u00f3n Internacional","@id":"https:\/\/hijasdejesus.org\/pt-br\/#\/schema\/person\/91b9e676dca8842a983b89793a34e5b8"},"headline":"Movido a perseverar na fidelidade ao carisma recebido do Esp\u00edrito","datePublished":"2025-05-11T21:36:07+00:00","dateModified":"2025-07-28T13:09:02+00:00","mainEntityOfPage":{"@id":"https:\/\/hijasdejesus.org\/pt-br\/movido-a-perseverar-na-fidelidade-ao-carisma-recebido-do-espirito\/"},"wordCount":762,"publisher":{"@id":"https:\/\/hijasdejesus.org\/pt-br\/#organization"},"image":{"@id":"https:\/\/hijasdejesus.org\/pt-br\/movido-a-perseverar-na-fidelidade-ao-carisma-recebido-do-espirito\/#primaryimage"},"thumbnailUrl":"https:\/\/hijasdejesus.org\/wp-content\/uploads\/2025\/05\/CartasSup.G.-Portada-1.png","keywords":["Anto\u00f1ita","M\u00aa Antonia Bandr\u00e9s","S\u00e3o C\u00e2ndida"],"articleSection":["Hijas de Jes\u00fas","Liturgia &#8211; oraci\u00f3n","Not\u00edcias"],"inLanguage":"pt-BR"},{"@type":"WebPage","@id":"https:\/\/hijasdejesus.org\/pt-br\/movido-a-perseverar-na-fidelidade-ao-carisma-recebido-do-espirito\/","url":"https:\/\/hijasdejesus.org\/pt-br\/movido-a-perseverar-na-fidelidade-ao-carisma-recebido-do-espirito\/","name":"Movido a perseverar na fidelidade ao carisma recebido do Esp\u00edrito - Hijas de Jes\u00fas","isPartOf":{"@id":"https:\/\/hijasdejesus.org\/pt-br\/#website"},"primaryImageOfPage":{"@id":"https:\/\/hijasdejesus.org\/pt-br\/movido-a-perseverar-na-fidelidade-ao-carisma-recebido-do-espirito\/#primaryimage"},"image":{"@id":"https:\/\/hijasdejesus.org\/pt-br\/movido-a-perseverar-na-fidelidade-ao-carisma-recebido-do-espirito\/#primaryimage"},"thumbnailUrl":"https:\/\/hijasdejesus.org\/wp-content\/uploads\/2025\/05\/CartasSup.G.-Portada-1.png","datePublished":"2025-05-11T21:36:07+00:00","dateModified":"2025-07-28T13:09:02+00:00","description":"29\u00ba anivers\u00e1rio da beatifica\u00e7\u00e3o de M. C\u00e1ndida e M. Anto\u00f1ita. C\u00e2ndida e Anto\u00f1ita Quanto pode nos ajudar hoje a mem\u00f3ria daquele 12 de maio de 1996! O que ela diz a voc\u00ea hoje para sua vida, sua comunidade, sua fam\u00edlia, seu trabalho, sua miss\u00e3o, seus estudos... e para a CGXIX das Filhas de Jesus?","breadcrumb":{"@id":"https:\/\/hijasdejesus.org\/pt-br\/movido-a-perseverar-na-fidelidade-ao-carisma-recebido-do-espirito\/#breadcrumb"},"inLanguage":"pt-BR","potentialAction":[{"@type":"ReadAction","target":["https:\/\/hijasdejesus.org\/pt-br\/movido-a-perseverar-na-fidelidade-ao-carisma-recebido-do-espirito\/"]}]},{"@type":"ImageObject","inLanguage":"pt-BR","@id":"https:\/\/hijasdejesus.org\/pt-br\/movido-a-perseverar-na-fidelidade-ao-carisma-recebido-do-espirito\/#primaryimage","url":"https:\/\/hijasdejesus.org\/wp-content\/uploads\/2025\/05\/CartasSup.G.-Portada-1.png","contentUrl":"https:\/\/hijasdejesus.org\/wp-content\/uploads\/2025\/05\/CartasSup.G.-Portada-1.png","width":1748,"height":1240},{"@type":"BreadcrumbList","@id":"https:\/\/hijasdejesus.org\/pt-br\/movido-a-perseverar-na-fidelidade-ao-carisma-recebido-do-espirito\/#breadcrumb","itemListElement":[{"@type":"ListItem","position":1,"name":"Portada","item":"https:\/\/hijasdejesus.org\/pt-br\/"},{"@type":"ListItem","position":2,"name":"Movido a perseverar na fidelidade ao carisma recebido do Esp\u00edrito"}]},{"@type":"WebSite","@id":"https:\/\/hijasdejesus.org\/pt-br\/#website","url":"https:\/\/hijasdejesus.org\/pt-br\/","name":"Hijas de Jes\u00fas","description":"Despertamos a Jes\u00fas en el coraz\u00f3n, sacando lo mejor de las personas. Somos una congregaci\u00f3n religiosa ignaciana fundada por la Madre Candida","publisher":{"@id":"https:\/\/hijasdejesus.org\/pt-br\/#organization"},"potentialAction":[{"@type":"SearchAction","target":{"@type":"EntryPoint","urlTemplate":"https:\/\/hijasdejesus.org\/pt-br\/?s={search_term_string}"},"query-input":{"@type":"PropertyValueSpecification","valueRequired":true,"valueName":"search_term_string"}}],"inLanguage":"pt-BR"},{"@type":"Organization","@id":"https:\/\/hijasdejesus.org\/pt-br\/#organization","name":"Hijas de Jes\u00fas","url":"https:\/\/hijasdejesus.org\/pt-br\/","logo":{"@type":"ImageObject","inLanguage":"pt-BR","@id":"https:\/\/hijasdejesus.org\/pt-br\/#\/schema\/logo\/image\/","url":"https:\/\/hijasdejesus.org\/wp-content\/uploads\/2023\/01\/Hijas-de-Jesus_hor-A7C957.png","contentUrl":"https:\/\/hijasdejesus.org\/wp-content\/uploads\/2023\/01\/Hijas-de-Jesus_hor-A7C957.png","width":700,"height":360,"caption":"Hijas de Jes\u00fas"},"image":{"@id":"https:\/\/hijasdejesus.org\/pt-br\/#\/schema\/logo\/image\/"},"sameAs":["https:\/\/www.facebook.com\/hijasdejesusenelmundo\/","https:\/\/x.com\/hijasdjesus"]},{"@type":"Person","@id":"https:\/\/hijasdejesus.org\/pt-br\/#\/schema\/person\/91b9e676dca8842a983b89793a34e5b8","name":"Comunicaci\u00f3n Internacional","image":{"@type":"ImageObject","inLanguage":"pt-BR","@id":"https:\/\/secure.gravatar.com\/avatar\/dcb9b61797c934872aa9209ebf48b92edfeb0819dcdcaa77cd84879d6def414d?s=96&d=mm&r=g","url":"https:\/\/secure.gravatar.com\/avatar\/dcb9b61797c934872aa9209ebf48b92edfeb0819dcdcaa77cd84879d6def414d?s=96&d=mm&r=g","contentUrl":"https:\/\/secure.gravatar.com\/avatar\/dcb9b61797c934872aa9209ebf48b92edfeb0819dcdcaa77cd84879d6def414d?s=96&d=mm&r=g","caption":"Comunicaci\u00f3n Internacional"},"url":"https:\/\/hijasdejesus.org\/pt-br\/author\/comunicacion-internacional\/"}]}},"_links":{"self":[{"href":"https:\/\/hijasdejesus.org\/pt-br\/wp-json\/wp\/v2\/posts\/48787","targetHints":{"allow":["GET"]}}],"collection":[{"href":"https:\/\/hijasdejesus.org\/pt-br\/wp-json\/wp\/v2\/posts"}],"about":[{"href":"https:\/\/hijasdejesus.org\/pt-br\/wp-json\/wp\/v2\/types\/post"}],"author":[{"embeddable":true,"href":"https:\/\/hijasdejesus.org\/pt-br\/wp-json\/wp\/v2\/users\/36"}],"replies":[{"embeddable":true,"href":"https:\/\/hijasdejesus.org\/pt-br\/wp-json\/wp\/v2\/comments?post=48787"}],"version-history":[{"count":1,"href":"https:\/\/hijasdejesus.org\/pt-br\/wp-json\/wp\/v2\/posts\/48787\/revisions"}],"predecessor-version":[{"id":48788,"href":"https:\/\/hijasdejesus.org\/pt-br\/wp-json\/wp\/v2\/posts\/48787\/revisions\/48788"}],"wp:featuredmedia":[{"embeddable":true,"href":"https:\/\/hijasdejesus.org\/pt-br\/wp-json\/wp\/v2\/media\/48781"}],"wp:attachment":[{"href":"https:\/\/hijasdejesus.org\/pt-br\/wp-json\/wp\/v2\/media?parent=48787"}],"wp:term":[{"taxonomy":"category","embeddable":true,"href":"https:\/\/hijasdejesus.org\/pt-br\/wp-json\/wp\/v2\/categories?post=48787"},{"taxonomy":"post_tag","embeddable":true,"href":"https:\/\/hijasdejesus.org\/pt-br\/wp-json\/wp\/v2\/tags?post=48787"}],"curies":[{"name":"wp","href":"https:\/\/api.w.org\/{rel}","templated":true}]}}