{"id":49258,"date":"2025-06-07T21:00:00","date_gmt":"2025-06-07T19:00:00","guid":{"rendered":"https:\/\/hijasdejesus.org\/venha-e-nos-de-sua-luz\/"},"modified":"2025-07-28T15:08:22","modified_gmt":"2025-07-28T13:08:22","slug":"venha-e-nos-de-sua-luz","status":"publish","type":"post","link":"https:\/\/hijasdejesus.org\/pt-br\/venha-e-nos-de-sua-luz\/","title":{"rendered":"Venha e nos d\u00ea sua luz"},"content":{"rendered":"\n<p>Pentecostes \u00e9 sempre um convite para voltarmos \u00e0 origem, ao momento em que o Esp\u00edrito foi derramado sobre os disc\u00edpulos, incendiando seus cora\u00e7\u00f5es, abrindo seus olhos e enviando-os ao mundo como testemunhas corajosas do Evangelho.<\/p>\n\n<h2 class=\"wp-block-heading\"><strong>Congregados e enviados<\/strong><\/h2>\n\n<p>Nos \u00faltimos meses, as Filhas de Jesus tamb\u00e9m viveram momentos de forte experi\u00eancia do Esp\u00edrito, como o tempo de discernimento na <strong>Congrega\u00e7\u00e3o Geral XIX.<\/strong> Uma Congrega\u00e7\u00e3o Geral \u00e9, como o pr\u00f3prio nome diz, um momento em que as Filhas de Jesus se re\u00fanem, nos reunimos para escutar juntas o Esp\u00edrito, para discernir o que Deus sonha para a Congrega\u00e7\u00e3o e para o mundo. <\/p>\n\n<p>Mas tudo isso tem um significado no que acontece depois, quando cada membro retorna \u00e0 sua Prov\u00edncia, levando consigo um pouco do fogo que experimentou, da luz que recebeu e do sopro que compartilhou. Como os disc\u00edpulos depois de Pentecostes, a Congrega\u00e7\u00e3o Filhas de Jesus \u00e9 um <strong>corpo unido e, ao mesmo tempo, disperso em miss\u00e3o,<\/strong> levando em nossas m\u00e3os e em nossos cora\u00e7\u00f5es aquela chama acesa para continuar animando, acompanhando e tornando presente a Boa Nova em todos os lugares para onde somos enviadas.   <\/p>\n\n<h2 class=\"wp-block-heading\"><strong>Pentecostes, um momento de mudan\u00e7a e esperan\u00e7a<\/strong><\/h2>\n\n<p>O Pentecostes nos lembra que <strong>n\u00e3o \u00e9 hora de ficarmos parados<\/strong>. \u00c9 hora de nos deixarmos transformar e de transformar nosso ambiente. \u00c9 por isso que queremos compartilhar uma m\u00fasica que nos inspira a viver esse tempo com coragem e esperan\u00e7a.  <\/p>\n\n<p>Ela faz parte do CD \u201cThe Audacity of the Heart\u201d (A aud\u00e1cia do cora\u00e7\u00e3o), que foi gravado para o 150\u00ba anivers\u00e1rio da funda\u00e7\u00e3o da congrega\u00e7\u00e3o, em 8 de dezembro de 1871, e pode ser<a href=\"https:\/\/recursos.hijasdejesus.org\/?view=file&amp;id=539:cambia&amp;catid=24\"> encontrado na se\u00e7\u00e3o de recursos do nosso site<\/a>, juntamente com outras belas m\u00fasicas compostas naquela \u00e9poca.<\/p>\n\n<figure class=\"wp-block-audio\"><audio controls=\"\" src=\"https:\/\/recursos.hijasdejesus.org\/?view=file&amp;id=539:cambia&amp;catid=24&amp;filename=07%20Cambia%20-%20David%20de%20Amo.mp3\"><\/audio><\/figure>\n\n<p>A letra \u00e9 a seguinte:<\/p>\n\n<p><strong>\ud83c\udfb6<\/strong><strong> MUDAN\u00c7A <\/strong><strong>\ud83c\udfb6<\/strong><\/p>\n\n<p><strong>Eu troco um dia triste para voc\u00ea<\/strong><strong><br\/><\/strong> por um cheio de sol,<br\/>Troco os invernos frios<br\/>por um pouco de calor,<br\/>Troco os sonhos desfeitos<br\/>por um raio de esperan\u00e7a<br\/>que far\u00e1 voc\u00ea se levantar<br\/>e cantar com vontade.<\/p>\n\n<p><strong>(Alterar)<\/strong><\/p>\n\n<p>N\u00e3o haver\u00e1 mais injusti\u00e7a,<br\/>vamos mudar o mundo inteiro,<br\/>vamos torn\u00e1-lo um lar para todos<br\/>onde o medo n\u00e3o exista mais.<br\/>Vamos acreditar que \u00e9 poss\u00edvel<br\/>dar um sorriso ao mundo,<br\/>vamos criar um futuro<br\/>onde cuidamos da vida.<\/p>\n\n<p><strong>(Alterar) O mundo inteiro<\/strong><strong><br\/><\/strong> (Change) is too small<br\/>(Change) for my desires.<br\/>What shall we do with ours?<br\/>(Change) I alone nothing,<br\/>(Change) but with you I can.<br\/>(Change) If we go together<br\/>we&#8217;ll go far.<\/p>\n\n<p>Seus sonhos e ilus\u00f5es, sua coragem e sua bravura,<br\/>seus passos sempre firmes, a for\u00e7a dentro de voc\u00ea,<br\/>continuam a ser uma bandeira<br\/>que anuncia a esperan\u00e7a<br\/>de um mundo que se move,<br\/>que caminha e que avan\u00e7a.<\/p>\n\n<p><strong>(Alterar)<\/strong><\/p>\n\n<p>Hoje \u00e9 a hora novamente,<br\/>somos o motor da mudan\u00e7a,<br\/>vamos liberar as ilus\u00f5es,<br\/>hoje o mundo est\u00e1 esperando.<br\/>Hoje meu cora\u00e7\u00e3o me diz<br\/>\u201cseja corajoso\u201d, \u201ccoloque-se na linha\u201d,<br\/>n\u00e3o h\u00e1 desculpas,<br\/>\u00e9 hora de criar um novo tempo.<\/p>\n\n<p><strong>(Alterar) O mundo inteiro<\/strong><strong><br\/><\/strong> (Change) is too small<br\/>(Change) for my desires.<br\/>What shall we do with ours?<br\/>(Change) I alone nothing,<br\/>(Change) but with you I can.<br\/>(Change) If we go together<br\/>we&#8217;ll go far.<\/p>\n\n<p>Acredite&#8230; Acredite&#8230; <strong>Mude!<\/strong><\/p>\n\n<h2 class=\"wp-block-heading\"><strong>Dispersos na miss\u00e3o, unidos no Esp\u00edrito<\/strong><\/h2>\n\n<p>Ao celebrarmos o Pentecostes, nos sentimos chamados a mudar o grande e o pequeno, a construir e reconstruir, a colocar luz onde h\u00e1 escurid\u00e3o e a trazer esperan\u00e7a onde tudo est\u00e1 quebrado.  <\/p>\n\n<p>O Esp\u00edrito nos renova e faz com que tudo mude, mesmo nas mesmas circunst\u00e2ncias&#8230; O que voc\u00ea precisa que o Esp\u00edrito renove e mude em sua vida? Que mudan\u00e7as voc\u00ea testemunha o Esp\u00edrito incentivando nas pessoas pr\u00f3ximas a voc\u00ea?   <\/p>\n\n<p>Que este Pentecostes nos encontre dispersos em miss\u00e3o e unidos no mesmo Esp\u00edrito, encorajando a vida, especialmente onde ela est\u00e1 amea\u00e7ada, e sustentando a chama que n\u00e3o se extinguir\u00e1.<\/p>\n","protected":false},"excerpt":{"rendered":"<p>Pentecostes \u00e9 sempre um convite para voltarmos \u00e0 origem, ao momento em que o Esp\u00edrito foi derramado sobre os disc\u00edpulos, incendiando seus cora\u00e7\u00f5es, abrindo seus olhos e enviando-os ao mundo como testemunhas corajosas do Evangelho. Congregados e enviados Nos \u00faltimos meses, as Filhas de Jesus tamb\u00e9m viveram momentos de forte experi\u00eancia do Esp\u00edrito, como o [&hellip;]<\/p>\n","protected":false},"author":36,"featured_media":49253,"comment_status":"closed","ping_status":"closed","sticky":false,"template":"","format":"standard","meta":{"_et_pb_use_builder":"","_et_pb_old_content":"","_et_gb_content_width":"","footnotes":"","_links_to":"","_links_to_target":""},"categories":[991,469],"tags":[1370],"class_list":["post-49258","post","type-post","status-publish","format-standard","has-post-thumbnail","hentry","category-liturgia-oracion-pt-br","category-noticias-pt-br","tag-liturgia-pt-br"],"yoast_head":"<!-- This site is optimized with the Yoast SEO plugin v27.5 - https:\/\/yoast.com\/product\/yoast-seo-wordpress\/ -->\n<title>Venha e nos d\u00ea sua luz - Hijas de Jes\u00fas<\/title>\n<meta name=\"description\" content=\"Pentecostes \u00e9 envio, miss\u00e3o e fogo compartilhado. Compartilhamos com voc\u00ea a m\u00fasica \u201cCambia\u201d para acompanhar esse momento.\" \/>\n<meta name=\"robots\" content=\"index, follow, max-snippet:-1, max-image-preview:large, max-video-preview:-1\" \/>\n<link rel=\"canonical\" href=\"https:\/\/hijasdejesus.org\/pt-br\/venha-e-nos-de-sua-luz\/\" \/>\n<meta property=\"og:locale\" content=\"pt_BR\" \/>\n<meta property=\"og:type\" content=\"article\" \/>\n<meta property=\"og:title\" content=\"Venha e nos d\u00ea sua luz - Hijas de Jes\u00fas\" \/>\n<meta property=\"og:description\" content=\"Pentecostes \u00e9 envio, miss\u00e3o e fogo compartilhado. Compartilhamos com voc\u00ea a m\u00fasica \u201cCambia\u201d para acompanhar esse momento.\" \/>\n<meta property=\"og:url\" content=\"https:\/\/hijasdejesus.org\/pt-br\/venha-e-nos-de-sua-luz\/\" \/>\n<meta property=\"og:site_name\" content=\"Hijas de Jes\u00fas\" \/>\n<meta property=\"article:publisher\" content=\"https:\/\/www.facebook.com\/hijasdejesusenelmundo\/\" \/>\n<meta property=\"article:published_time\" content=\"2025-06-07T19:00:00+00:00\" \/>\n<meta property=\"article:modified_time\" content=\"2025-07-28T13:08:22+00:00\" \/>\n<meta property=\"og:image\" content=\"https:\/\/hijasdejesus.org\/wp-content\/uploads\/2025\/06\/Portadas-web-1.png\" \/>\n\t<meta property=\"og:image:width\" content=\"1748\" \/>\n\t<meta property=\"og:image:height\" content=\"1240\" \/>\n\t<meta property=\"og:image:type\" content=\"image\/png\" \/>\n<meta name=\"author\" content=\"Comunicaci\u00f3n Internacional\" \/>\n<meta name=\"twitter:card\" content=\"summary_large_image\" \/>\n<meta name=\"twitter:creator\" content=\"@hijasdjesus\" \/>\n<meta name=\"twitter:site\" content=\"@hijasdjesus\" \/>\n<meta name=\"twitter:label1\" content=\"Escrito por\" \/>\n\t<meta name=\"twitter:data1\" content=\"Comunicaci\u00f3n Internacional\" \/>\n\t<meta name=\"twitter:label2\" content=\"Est. tempo de leitura\" \/>\n\t<meta name=\"twitter:data2\" content=\"3 minutos\" \/>\n<script type=\"application\/ld+json\" class=\"yoast-schema-graph\">{\"@context\":\"https:\\\/\\\/schema.org\",\"@graph\":[{\"@type\":\"Article\",\"@id\":\"https:\\\/\\\/hijasdejesus.org\\\/pt-br\\\/venha-e-nos-de-sua-luz\\\/#article\",\"isPartOf\":{\"@id\":\"https:\\\/\\\/hijasdejesus.org\\\/pt-br\\\/venha-e-nos-de-sua-luz\\\/\"},\"author\":{\"name\":\"Comunicaci\u00f3n Internacional\",\"@id\":\"https:\\\/\\\/hijasdejesus.org\\\/pt-br\\\/#\\\/schema\\\/person\\\/91b9e676dca8842a983b89793a34e5b8\"},\"headline\":\"Venha e nos d\u00ea sua luz\",\"datePublished\":\"2025-06-07T19:00:00+00:00\",\"dateModified\":\"2025-07-28T13:08:22+00:00\",\"mainEntityOfPage\":{\"@id\":\"https:\\\/\\\/hijasdejesus.org\\\/pt-br\\\/venha-e-nos-de-sua-luz\\\/\"},\"wordCount\":669,\"publisher\":{\"@id\":\"https:\\\/\\\/hijasdejesus.org\\\/pt-br\\\/#organization\"},\"image\":{\"@id\":\"https:\\\/\\\/hijasdejesus.org\\\/pt-br\\\/venha-e-nos-de-sua-luz\\\/#primaryimage\"},\"thumbnailUrl\":\"https:\\\/\\\/hijasdejesus.org\\\/wp-content\\\/uploads\\\/2025\\\/06\\\/Portadas-web-1.png\",\"keywords\":[\"Liturgia\"],\"articleSection\":[\"Liturgia &#8211; oraci\u00f3n\",\"Not\u00edcias\"],\"inLanguage\":\"pt-BR\"},{\"@type\":\"WebPage\",\"@id\":\"https:\\\/\\\/hijasdejesus.org\\\/pt-br\\\/venha-e-nos-de-sua-luz\\\/\",\"url\":\"https:\\\/\\\/hijasdejesus.org\\\/pt-br\\\/venha-e-nos-de-sua-luz\\\/\",\"name\":\"Venha e nos d\u00ea sua luz - Hijas de Jes\u00fas\",\"isPartOf\":{\"@id\":\"https:\\\/\\\/hijasdejesus.org\\\/pt-br\\\/#website\"},\"primaryImageOfPage\":{\"@id\":\"https:\\\/\\\/hijasdejesus.org\\\/pt-br\\\/venha-e-nos-de-sua-luz\\\/#primaryimage\"},\"image\":{\"@id\":\"https:\\\/\\\/hijasdejesus.org\\\/pt-br\\\/venha-e-nos-de-sua-luz\\\/#primaryimage\"},\"thumbnailUrl\":\"https:\\\/\\\/hijasdejesus.org\\\/wp-content\\\/uploads\\\/2025\\\/06\\\/Portadas-web-1.png\",\"datePublished\":\"2025-06-07T19:00:00+00:00\",\"dateModified\":\"2025-07-28T13:08:22+00:00\",\"description\":\"Pentecostes \u00e9 envio, miss\u00e3o e fogo compartilhado. Compartilhamos com voc\u00ea a m\u00fasica \u201cCambia\u201d para acompanhar esse momento.\",\"breadcrumb\":{\"@id\":\"https:\\\/\\\/hijasdejesus.org\\\/pt-br\\\/venha-e-nos-de-sua-luz\\\/#breadcrumb\"},\"inLanguage\":\"pt-BR\",\"potentialAction\":[{\"@type\":\"ReadAction\",\"target\":[\"https:\\\/\\\/hijasdejesus.org\\\/pt-br\\\/venha-e-nos-de-sua-luz\\\/\"]}]},{\"@type\":\"ImageObject\",\"inLanguage\":\"pt-BR\",\"@id\":\"https:\\\/\\\/hijasdejesus.org\\\/pt-br\\\/venha-e-nos-de-sua-luz\\\/#primaryimage\",\"url\":\"https:\\\/\\\/hijasdejesus.org\\\/wp-content\\\/uploads\\\/2025\\\/06\\\/Portadas-web-1.png\",\"contentUrl\":\"https:\\\/\\\/hijasdejesus.org\\\/wp-content\\\/uploads\\\/2025\\\/06\\\/Portadas-web-1.png\",\"width\":1748,\"height\":1240},{\"@type\":\"BreadcrumbList\",\"@id\":\"https:\\\/\\\/hijasdejesus.org\\\/pt-br\\\/venha-e-nos-de-sua-luz\\\/#breadcrumb\",\"itemListElement\":[{\"@type\":\"ListItem\",\"position\":1,\"name\":\"Portada\",\"item\":\"https:\\\/\\\/hijasdejesus.org\\\/pt-br\\\/\"},{\"@type\":\"ListItem\",\"position\":2,\"name\":\"Venha e nos d\u00ea sua luz\"}]},{\"@type\":\"WebSite\",\"@id\":\"https:\\\/\\\/hijasdejesus.org\\\/pt-br\\\/#website\",\"url\":\"https:\\\/\\\/hijasdejesus.org\\\/pt-br\\\/\",\"name\":\"Hijas de Jes\u00fas\",\"description\":\"Despertamos a Jes\u00fas en el coraz\u00f3n, sacando lo mejor de las personas. Somos una congregaci\u00f3n religiosa ignaciana fundada por la Madre Candida\",\"publisher\":{\"@id\":\"https:\\\/\\\/hijasdejesus.org\\\/pt-br\\\/#organization\"},\"potentialAction\":[{\"@type\":\"SearchAction\",\"target\":{\"@type\":\"EntryPoint\",\"urlTemplate\":\"https:\\\/\\\/hijasdejesus.org\\\/pt-br\\\/?s={search_term_string}\"},\"query-input\":{\"@type\":\"PropertyValueSpecification\",\"valueRequired\":true,\"valueName\":\"search_term_string\"}}],\"inLanguage\":\"pt-BR\"},{\"@type\":\"Organization\",\"@id\":\"https:\\\/\\\/hijasdejesus.org\\\/pt-br\\\/#organization\",\"name\":\"Hijas de Jes\u00fas\",\"url\":\"https:\\\/\\\/hijasdejesus.org\\\/pt-br\\\/\",\"logo\":{\"@type\":\"ImageObject\",\"inLanguage\":\"pt-BR\",\"@id\":\"https:\\\/\\\/hijasdejesus.org\\\/pt-br\\\/#\\\/schema\\\/logo\\\/image\\\/\",\"url\":\"https:\\\/\\\/hijasdejesus.org\\\/wp-content\\\/uploads\\\/2023\\\/01\\\/Hijas-de-Jesus_hor-A7C957.png\",\"contentUrl\":\"https:\\\/\\\/hijasdejesus.org\\\/wp-content\\\/uploads\\\/2023\\\/01\\\/Hijas-de-Jesus_hor-A7C957.png\",\"width\":700,\"height\":360,\"caption\":\"Hijas de Jes\u00fas\"},\"image\":{\"@id\":\"https:\\\/\\\/hijasdejesus.org\\\/pt-br\\\/#\\\/schema\\\/logo\\\/image\\\/\"},\"sameAs\":[\"https:\\\/\\\/www.facebook.com\\\/hijasdejesusenelmundo\\\/\",\"https:\\\/\\\/x.com\\\/hijasdjesus\"]},{\"@type\":\"Person\",\"@id\":\"https:\\\/\\\/hijasdejesus.org\\\/pt-br\\\/#\\\/schema\\\/person\\\/91b9e676dca8842a983b89793a34e5b8\",\"name\":\"Comunicaci\u00f3n Internacional\",\"image\":{\"@type\":\"ImageObject\",\"inLanguage\":\"pt-BR\",\"@id\":\"https:\\\/\\\/secure.gravatar.com\\\/avatar\\\/dcb9b61797c934872aa9209ebf48b92edfeb0819dcdcaa77cd84879d6def414d?s=96&d=mm&r=g\",\"url\":\"https:\\\/\\\/secure.gravatar.com\\\/avatar\\\/dcb9b61797c934872aa9209ebf48b92edfeb0819dcdcaa77cd84879d6def414d?s=96&d=mm&r=g\",\"contentUrl\":\"https:\\\/\\\/secure.gravatar.com\\\/avatar\\\/dcb9b61797c934872aa9209ebf48b92edfeb0819dcdcaa77cd84879d6def414d?s=96&d=mm&r=g\",\"caption\":\"Comunicaci\u00f3n Internacional\"},\"url\":\"https:\\\/\\\/hijasdejesus.org\\\/pt-br\\\/author\\\/comunicacion-internacional\\\/\"}]}<\/script>\n<!-- \/ Yoast SEO plugin. -->","yoast_head_json":{"title":"Venha e nos d\u00ea sua luz - Hijas de Jes\u00fas","description":"Pentecostes \u00e9 envio, miss\u00e3o e fogo compartilhado. Compartilhamos com voc\u00ea a m\u00fasica \u201cCambia\u201d para acompanhar esse momento.","robots":{"index":"index","follow":"follow","max-snippet":"max-snippet:-1","max-image-preview":"max-image-preview:large","max-video-preview":"max-video-preview:-1"},"canonical":"https:\/\/hijasdejesus.org\/pt-br\/venha-e-nos-de-sua-luz\/","og_locale":"pt_BR","og_type":"article","og_title":"Venha e nos d\u00ea sua luz - Hijas de Jes\u00fas","og_description":"Pentecostes \u00e9 envio, miss\u00e3o e fogo compartilhado. Compartilhamos com voc\u00ea a m\u00fasica \u201cCambia\u201d para acompanhar esse momento.","og_url":"https:\/\/hijasdejesus.org\/pt-br\/venha-e-nos-de-sua-luz\/","og_site_name":"Hijas de Jes\u00fas","article_publisher":"https:\/\/www.facebook.com\/hijasdejesusenelmundo\/","article_published_time":"2025-06-07T19:00:00+00:00","article_modified_time":"2025-07-28T13:08:22+00:00","og_image":[{"width":1748,"height":1240,"url":"https:\/\/hijasdejesus.org\/wp-content\/uploads\/2025\/06\/Portadas-web-1.png","type":"image\/png"}],"author":"Comunicaci\u00f3n Internacional","twitter_card":"summary_large_image","twitter_creator":"@hijasdjesus","twitter_site":"@hijasdjesus","twitter_misc":{"Escrito por":"Comunicaci\u00f3n Internacional","Est. tempo de leitura":"3 minutos"},"schema":{"@context":"https:\/\/schema.org","@graph":[{"@type":"Article","@id":"https:\/\/hijasdejesus.org\/pt-br\/venha-e-nos-de-sua-luz\/#article","isPartOf":{"@id":"https:\/\/hijasdejesus.org\/pt-br\/venha-e-nos-de-sua-luz\/"},"author":{"name":"Comunicaci\u00f3n Internacional","@id":"https:\/\/hijasdejesus.org\/pt-br\/#\/schema\/person\/91b9e676dca8842a983b89793a34e5b8"},"headline":"Venha e nos d\u00ea sua luz","datePublished":"2025-06-07T19:00:00+00:00","dateModified":"2025-07-28T13:08:22+00:00","mainEntityOfPage":{"@id":"https:\/\/hijasdejesus.org\/pt-br\/venha-e-nos-de-sua-luz\/"},"wordCount":669,"publisher":{"@id":"https:\/\/hijasdejesus.org\/pt-br\/#organization"},"image":{"@id":"https:\/\/hijasdejesus.org\/pt-br\/venha-e-nos-de-sua-luz\/#primaryimage"},"thumbnailUrl":"https:\/\/hijasdejesus.org\/wp-content\/uploads\/2025\/06\/Portadas-web-1.png","keywords":["Liturgia"],"articleSection":["Liturgia &#8211; oraci\u00f3n","Not\u00edcias"],"inLanguage":"pt-BR"},{"@type":"WebPage","@id":"https:\/\/hijasdejesus.org\/pt-br\/venha-e-nos-de-sua-luz\/","url":"https:\/\/hijasdejesus.org\/pt-br\/venha-e-nos-de-sua-luz\/","name":"Venha e nos d\u00ea sua luz - Hijas de Jes\u00fas","isPartOf":{"@id":"https:\/\/hijasdejesus.org\/pt-br\/#website"},"primaryImageOfPage":{"@id":"https:\/\/hijasdejesus.org\/pt-br\/venha-e-nos-de-sua-luz\/#primaryimage"},"image":{"@id":"https:\/\/hijasdejesus.org\/pt-br\/venha-e-nos-de-sua-luz\/#primaryimage"},"thumbnailUrl":"https:\/\/hijasdejesus.org\/wp-content\/uploads\/2025\/06\/Portadas-web-1.png","datePublished":"2025-06-07T19:00:00+00:00","dateModified":"2025-07-28T13:08:22+00:00","description":"Pentecostes \u00e9 envio, miss\u00e3o e fogo compartilhado. Compartilhamos com voc\u00ea a m\u00fasica \u201cCambia\u201d para acompanhar esse momento.","breadcrumb":{"@id":"https:\/\/hijasdejesus.org\/pt-br\/venha-e-nos-de-sua-luz\/#breadcrumb"},"inLanguage":"pt-BR","potentialAction":[{"@type":"ReadAction","target":["https:\/\/hijasdejesus.org\/pt-br\/venha-e-nos-de-sua-luz\/"]}]},{"@type":"ImageObject","inLanguage":"pt-BR","@id":"https:\/\/hijasdejesus.org\/pt-br\/venha-e-nos-de-sua-luz\/#primaryimage","url":"https:\/\/hijasdejesus.org\/wp-content\/uploads\/2025\/06\/Portadas-web-1.png","contentUrl":"https:\/\/hijasdejesus.org\/wp-content\/uploads\/2025\/06\/Portadas-web-1.png","width":1748,"height":1240},{"@type":"BreadcrumbList","@id":"https:\/\/hijasdejesus.org\/pt-br\/venha-e-nos-de-sua-luz\/#breadcrumb","itemListElement":[{"@type":"ListItem","position":1,"name":"Portada","item":"https:\/\/hijasdejesus.org\/pt-br\/"},{"@type":"ListItem","position":2,"name":"Venha e nos d\u00ea sua luz"}]},{"@type":"WebSite","@id":"https:\/\/hijasdejesus.org\/pt-br\/#website","url":"https:\/\/hijasdejesus.org\/pt-br\/","name":"Hijas de Jes\u00fas","description":"Despertamos a Jes\u00fas en el coraz\u00f3n, sacando lo mejor de las personas. Somos una congregaci\u00f3n religiosa ignaciana fundada por la Madre Candida","publisher":{"@id":"https:\/\/hijasdejesus.org\/pt-br\/#organization"},"potentialAction":[{"@type":"SearchAction","target":{"@type":"EntryPoint","urlTemplate":"https:\/\/hijasdejesus.org\/pt-br\/?s={search_term_string}"},"query-input":{"@type":"PropertyValueSpecification","valueRequired":true,"valueName":"search_term_string"}}],"inLanguage":"pt-BR"},{"@type":"Organization","@id":"https:\/\/hijasdejesus.org\/pt-br\/#organization","name":"Hijas de Jes\u00fas","url":"https:\/\/hijasdejesus.org\/pt-br\/","logo":{"@type":"ImageObject","inLanguage":"pt-BR","@id":"https:\/\/hijasdejesus.org\/pt-br\/#\/schema\/logo\/image\/","url":"https:\/\/hijasdejesus.org\/wp-content\/uploads\/2023\/01\/Hijas-de-Jesus_hor-A7C957.png","contentUrl":"https:\/\/hijasdejesus.org\/wp-content\/uploads\/2023\/01\/Hijas-de-Jesus_hor-A7C957.png","width":700,"height":360,"caption":"Hijas de Jes\u00fas"},"image":{"@id":"https:\/\/hijasdejesus.org\/pt-br\/#\/schema\/logo\/image\/"},"sameAs":["https:\/\/www.facebook.com\/hijasdejesusenelmundo\/","https:\/\/x.com\/hijasdjesus"]},{"@type":"Person","@id":"https:\/\/hijasdejesus.org\/pt-br\/#\/schema\/person\/91b9e676dca8842a983b89793a34e5b8","name":"Comunicaci\u00f3n Internacional","image":{"@type":"ImageObject","inLanguage":"pt-BR","@id":"https:\/\/secure.gravatar.com\/avatar\/dcb9b61797c934872aa9209ebf48b92edfeb0819dcdcaa77cd84879d6def414d?s=96&d=mm&r=g","url":"https:\/\/secure.gravatar.com\/avatar\/dcb9b61797c934872aa9209ebf48b92edfeb0819dcdcaa77cd84879d6def414d?s=96&d=mm&r=g","contentUrl":"https:\/\/secure.gravatar.com\/avatar\/dcb9b61797c934872aa9209ebf48b92edfeb0819dcdcaa77cd84879d6def414d?s=96&d=mm&r=g","caption":"Comunicaci\u00f3n Internacional"},"url":"https:\/\/hijasdejesus.org\/pt-br\/author\/comunicacion-internacional\/"}]}},"_links":{"self":[{"href":"https:\/\/hijasdejesus.org\/pt-br\/wp-json\/wp\/v2\/posts\/49258","targetHints":{"allow":["GET"]}}],"collection":[{"href":"https:\/\/hijasdejesus.org\/pt-br\/wp-json\/wp\/v2\/posts"}],"about":[{"href":"https:\/\/hijasdejesus.org\/pt-br\/wp-json\/wp\/v2\/types\/post"}],"author":[{"embeddable":true,"href":"https:\/\/hijasdejesus.org\/pt-br\/wp-json\/wp\/v2\/users\/36"}],"replies":[{"embeddable":true,"href":"https:\/\/hijasdejesus.org\/pt-br\/wp-json\/wp\/v2\/comments?post=49258"}],"version-history":[{"count":1,"href":"https:\/\/hijasdejesus.org\/pt-br\/wp-json\/wp\/v2\/posts\/49258\/revisions"}],"predecessor-version":[{"id":49259,"href":"https:\/\/hijasdejesus.org\/pt-br\/wp-json\/wp\/v2\/posts\/49258\/revisions\/49259"}],"wp:featuredmedia":[{"embeddable":true,"href":"https:\/\/hijasdejesus.org\/pt-br\/wp-json\/wp\/v2\/media\/49253"}],"wp:attachment":[{"href":"https:\/\/hijasdejesus.org\/pt-br\/wp-json\/wp\/v2\/media?parent=49258"}],"wp:term":[{"taxonomy":"category","embeddable":true,"href":"https:\/\/hijasdejesus.org\/pt-br\/wp-json\/wp\/v2\/categories?post=49258"},{"taxonomy":"post_tag","embeddable":true,"href":"https:\/\/hijasdejesus.org\/pt-br\/wp-json\/wp\/v2\/tags?post=49258"}],"curies":[{"name":"wp","href":"https:\/\/api.w.org\/{rel}","templated":true}]}}