{"id":49299,"date":"2025-06-10T21:26:44","date_gmt":"2025-06-10T19:26:44","guid":{"rendered":"https:\/\/hijasdejesus.org\/mocambique-um-novo-comeco-em-inhambane\/"},"modified":"2025-06-12T19:12:28","modified_gmt":"2025-06-12T17:12:28","slug":"mocambique-um-novo-comeco-em-inhambane","status":"publish","type":"post","link":"https:\/\/hijasdejesus.org\/pt-br\/mocambique-um-novo-comeco-em-inhambane\/","title":{"rendered":"Mo\u00e7ambique: um novo come\u00e7o em Inhambane"},"content":{"rendered":"\n<p>Na <strong>Carta 45<\/strong>, nossa Superiora Geral <strong>Graciela Francovig<\/strong> compartilhou conosco algumas not\u00edcias do Corpo que nos convidam \u00e0 gratid\u00e3o, \u00e0 solidariedade e a manter viva a esperan\u00e7a. Entre elas, ela falou sobre a jornada de nossas irm\u00e3s em <strong>Mo\u00e7ambique<\/strong>, que est\u00e3o vivendo um momento de mudan\u00e7a, busca e novos come\u00e7os. <\/p>\n\n<p><strong>H\u00e1 poucos dias celebramos a festa de Pentecostes<\/strong>, que nos lembra o envio mission\u00e1rio e a a\u00e7\u00e3o do Esp\u00edrito que nos impele a sair, anunciar, acompanhar e semear esperan\u00e7a no meio do povo. Com esse mesmo Esp\u00edrito, nossas irm\u00e3s continuam sua jornada em Mo\u00e7ambique. <\/p>\n\n<p>Em meados de fevereiro, a <strong>Igreja e o povo de Metoro<\/strong> <strong>e Maputo<\/strong> se despediram carinhosamente das irm\u00e3s ap\u00f3s anos de presen\u00e7a e servi\u00e7o nessa terra t\u00e3o querida para n\u00f3s. De l\u00e1, elas iniciaram sua viagem para <strong>Inhambane<\/strong>, onde duas irm\u00e3s de <strong>Maputo<\/strong> j\u00e1 as aguardavam <strong>.<\/strong> Para elas, esse \u00e9 um momento de conhecimento, de adapta\u00e7\u00e3o, de encontro com novas realidades e de dar os primeiros passos em uma miss\u00e3o que acaba de come\u00e7ar. Nossa irm\u00e3 <strong>Kenia Cede\u00f1o, da Rep\u00fablica Dominicana<\/strong>, depois de ter estado no Brasil por algum tempo, preparando-se para essa miss\u00e3o, aprendendo portugu\u00eas para poder se comunicar e compartilhar melhor com o povo mo\u00e7ambicano, como Graciela indicou em sua carta, j\u00e1 est\u00e1 em Inhambane.  <\/p>\n\n<figure class=\"wp-block-gallery has-nested-images columns-default is-cropped wp-block-gallery-1 is-layout-flex wp-block-gallery-is-layout-flex\">\n<figure class=\"wp-block-image size-large\"><img loading=\"lazy\" decoding=\"async\" width=\"1024\" height=\"726\" data-id=\"49280\" src=\"https:\/\/hijasdejesus.org\/wp-content\/uploads\/2025\/06\/1-1024x726.png\" alt=\"\" class=\"wp-image-49280\" srcset=\"https:\/\/hijasdejesus.org\/wp-content\/uploads\/2025\/06\/1-980x695.png 980w, https:\/\/hijasdejesus.org\/wp-content\/uploads\/2025\/06\/1-480x341.png 480w\" sizes=\"(min-width: 0px) and (max-width: 480px) 480px, (min-width: 481px) and (max-width: 980px) 980px, (min-width: 981px) 1024px, 100vw\" \/><figcaption class=\"wp-element-caption\">Pilar de la Puerta, Massiel Castillo e Mar\u00eda de la O Mart\u00ednez, Filhas de Jesus.<\/figcaption><\/figure>\n\n\n\n<figure class=\"wp-block-image size-large\"><img loading=\"lazy\" decoding=\"async\" width=\"1024\" height=\"726\" data-id=\"49284\" src=\"https:\/\/hijasdejesus.org\/wp-content\/uploads\/2025\/06\/3-1024x726.png\" alt=\"\" class=\"wp-image-49284\" srcset=\"https:\/\/hijasdejesus.org\/wp-content\/uploads\/2025\/06\/3-980x695.png 980w, https:\/\/hijasdejesus.org\/wp-content\/uploads\/2025\/06\/3-480x341.png 480w\" sizes=\"(min-width: 0px) and (max-width: 480px) 480px, (min-width: 481px) and (max-width: 980px) 980px, (min-width: 981px) 1024px, 100vw\" \/><figcaption class=\"wp-element-caption\">Santu\u00e1rio dos M\u00e1rtires de Guiua<\/figcaption><\/figure>\n<\/figure>\n\n<p><\/p>\n\n<p>Por sua vez, <strong>Maria Aparecida Ramos<\/strong> continua em <strong>Pemba<\/strong> para completar o <a href=\"https:\/\/www.ayudaalaiglesianecesitada.org\/testimonios\/mozambique-ayuda-comunidades-acn\">acompanhamento psicossocial de pessoas que viveram os duros traumas<\/a> da guerra que recentemente atingiu a regi\u00e3o. <em>Depois de discernirmos juntos<\/em>&#8220;, diz Graciela, &#8220;eles entenderam que <em>n\u00e3o poder\u00edamos ir embora sem concluir esse servi\u00e7o, que \u00e9 t\u00e3o necess\u00e1rio para aqueles que mais sofrem&#8221;.<\/em> Durante esses meses, Aparecida est\u00e1 morando com as <strong>Irm\u00e3s Pastorinhas<\/strong> daquela cidade.<\/p>\n\n<p>Al\u00e9m disso, <strong>Mar\u00eda de la O Mart\u00ednez<\/strong>, delegada de Mo\u00e7ambique, acompanha de perto este movimento e esta nova presen\u00e7a. Ela esteve em Mo\u00e7ambique antes do CGXIX para coordenar o necess\u00e1rio com as irm\u00e3s desta Congrega\u00e7\u00e3o e para conhecer pessoalmente a nova miss\u00e3o em <strong>Inhambane<\/strong>. <\/p>\n\n<figure class=\"wp-block-gallery has-nested-images columns-default is-cropped wp-block-gallery-2 is-layout-flex wp-block-gallery-is-layout-flex\">\n<figure class=\"wp-block-image size-large\"><img loading=\"lazy\" decoding=\"async\" width=\"1024\" height=\"726\" data-id=\"49276\" src=\"https:\/\/hijasdejesus.org\/wp-content\/uploads\/2025\/06\/2-1024x726.png\" alt=\"\" class=\"wp-image-49276\" srcset=\"https:\/\/hijasdejesus.org\/wp-content\/uploads\/2025\/06\/2-980x695.png 980w, https:\/\/hijasdejesus.org\/wp-content\/uploads\/2025\/06\/2-480x341.png 480w\" sizes=\"(min-width: 0px) and (max-width: 480px) 480px, (min-width: 481px) and (max-width: 980px) 980px, (min-width: 981px) 1024px, 100vw\" \/><figcaption class=\"wp-element-caption\">O diretor do Centro de Treinamento explicando as atividades do Centro.<\/figcaption><\/figure>\n\n\n\n<figure class=\"wp-block-image size-large\"><img loading=\"lazy\" decoding=\"async\" width=\"1024\" height=\"726\" data-id=\"49272\" src=\"https:\/\/hijasdejesus.org\/wp-content\/uploads\/2025\/06\/4-1024x726.png\" alt=\"\" class=\"wp-image-49272\" srcset=\"https:\/\/hijasdejesus.org\/wp-content\/uploads\/2025\/06\/4-980x695.png 980w, https:\/\/hijasdejesus.org\/wp-content\/uploads\/2025\/06\/4-480x341.png 480w\" sizes=\"(min-width: 0px) and (max-width: 480px) 480px, (min-width: 481px) and (max-width: 980px) 980px, (min-width: 981px) 1024px, 100vw\" \/><figcaption class=\"wp-element-caption\">Mar\u00eda de la O Mart\u00ednez, FI e o bispo Ernesto Maguengue.<\/figcaption><\/figure>\n<\/figure>\n\n<p><\/p>\n\n<p>Como Graciela nos lembrou em sua carta, esse per\u00edodo significou muitas <strong>partidas<\/strong> para nossas irm\u00e3s. N\u00e3o apenas deslocamentos geogr\u00e1ficos ou mudan\u00e7as de diocese, mas tamb\u00e9m <strong>partidas interiores<\/strong>, tendo que deixar lugares e pessoas queridas, onde a necessidade \u00e9 t\u00e3o grande e onde, humanamente falando, sentimos que nunca dever\u00edamos sair. <\/p>\n\n<p>Hoje queremos <strong>expressar nossa profunda gratid\u00e3o pelos<\/strong> <strong>20 anos de presen\u00e7a<\/strong> das Filhas de Jesus em <strong>Metoro e Pemba<\/strong>, e por todo o bem semeado em tantas vidas por meio da dedica\u00e7\u00e3o paciente, abnegada e prof\u00e9tica de tantas Filhas de Jesus durante esses anos. A todas elas, em nome da Congrega\u00e7\u00e3o: <strong>obrigado, queridas irm\u00e3s!<\/strong> <\/p>\n\n<p><strong>Com gratid\u00e3o e esperan\u00e7a<\/strong>, compartilhamos essa not\u00edcia que, como diz Graciela, <strong>nos leva a sair, a buscar e a confiar<\/strong> que <strong>Deus continua a abrir caminho conosco<\/strong>, <strong>onde quer que sejamos enviados<\/strong>.<\/p>\n\n<figure class=\"wp-block-gallery has-nested-images columns-default is-cropped wp-block-gallery-3 is-layout-flex wp-block-gallery-is-layout-flex\">\n<figure class=\"wp-block-image size-large\"><img loading=\"lazy\" decoding=\"async\" width=\"1024\" height=\"726\" data-id=\"49288\" src=\"https:\/\/hijasdejesus.org\/wp-content\/uploads\/2025\/06\/5-1024x726.png\" alt=\"\" class=\"wp-image-49288\" srcset=\"https:\/\/hijasdejesus.org\/wp-content\/uploads\/2025\/06\/5-980x695.png 980w, https:\/\/hijasdejesus.org\/wp-content\/uploads\/2025\/06\/5-480x341.png 480w\" sizes=\"(min-width: 0px) and (max-width: 480px) 480px, (min-width: 481px) and (max-width: 980px) 980px, (min-width: 981px) 1024px, 100vw\" \/><figcaption class=\"wp-element-caption\">Centro de Treinamento Diocesano em Guiua<\/figcaption><\/figure>\n\n\n\n<figure class=\"wp-block-image size-large\"><img loading=\"lazy\" decoding=\"async\" width=\"1024\" height=\"726\" data-id=\"49293\" src=\"https:\/\/hijasdejesus.org\/wp-content\/uploads\/2025\/06\/Portadas-web-2-1024x726.png\" alt=\"\" class=\"wp-image-49293\" srcset=\"https:\/\/hijasdejesus.org\/wp-content\/uploads\/2025\/06\/Portadas-web-2-980x695.png 980w, https:\/\/hijasdejesus.org\/wp-content\/uploads\/2025\/06\/Portadas-web-2-480x341.png 480w\" sizes=\"(min-width: 0px) and (max-width: 480px) 480px, (min-width: 481px) and (max-width: 980px) 980px, (min-width: 981px) 1024px, 100vw\" \/><\/figure>\n<\/figure>\n","protected":false},"excerpt":{"rendered":"<p>Na Carta 45, nossa Superiora Geral Graciela Francovig compartilhou conosco algumas not\u00edcias do Corpo que nos convidam \u00e0 gratid\u00e3o, \u00e0 solidariedade e a manter viva a esperan\u00e7a. Entre elas, ela falou sobre a jornada de nossas irm\u00e3s em Mo\u00e7ambique, que est\u00e3o vivendo um momento de mudan\u00e7a, busca e novos come\u00e7os. H\u00e1 poucos dias celebramos a [&hellip;]<\/p>\n","protected":false},"author":36,"featured_media":49291,"comment_status":"closed","ping_status":"closed","sticky":false,"template":"","format":"standard","meta":{"_et_pb_use_builder":"","_et_pb_old_content":"","_et_gb_content_width":"","footnotes":"","_links_to":"","_links_to_target":""},"categories":[505,541,469,543],"tags":[],"class_list":["post-49299","post","type-post","status-publish","format-standard","has-post-thumbnail","hentry","category-brasil-pt-br","category-mocambique","category-noticias-pt-br","category-republica-dominicana-pt-br"],"yoast_head":"<!-- This site is optimized with the Yoast SEO plugin v27.5 - https:\/\/yoast.com\/product\/yoast-seo-wordpress\/ -->\n<title>Mo\u00e7ambique: um novo come\u00e7o em Inhambane - Hijas de Jes\u00fas<\/title>\n<meta name=\"description\" content=\"As Filhas de Jesus iniciam uma nova miss\u00e3o em Inhambane, Mo\u00e7ambique, ap\u00f3s 20 anos de presen\u00e7a em Metoro. Descubra esse tempo de envio, mudan\u00e7as e esperan\u00e7a.\" \/>\n<meta name=\"robots\" content=\"index, follow, max-snippet:-1, max-image-preview:large, max-video-preview:-1\" \/>\n<link rel=\"canonical\" href=\"https:\/\/hijasdejesus.org\/pt-br\/mocambique-um-novo-comeco-em-inhambane\/\" \/>\n<meta property=\"og:locale\" content=\"pt_BR\" \/>\n<meta property=\"og:type\" content=\"article\" \/>\n<meta property=\"og:title\" content=\"Mo\u00e7ambique: um novo come\u00e7o em Inhambane - Hijas de Jes\u00fas\" \/>\n<meta property=\"og:description\" content=\"As Filhas de Jesus iniciam uma nova miss\u00e3o em Inhambane, Mo\u00e7ambique, ap\u00f3s 20 anos de presen\u00e7a em Metoro. Descubra esse tempo de envio, mudan\u00e7as e esperan\u00e7a.\" \/>\n<meta property=\"og:url\" content=\"https:\/\/hijasdejesus.org\/pt-br\/mocambique-um-novo-comeco-em-inhambane\/\" \/>\n<meta property=\"og:site_name\" content=\"Hijas de Jes\u00fas\" \/>\n<meta property=\"article:publisher\" content=\"https:\/\/www.facebook.com\/hijasdejesusenelmundo\/\" \/>\n<meta property=\"article:published_time\" content=\"2025-06-10T19:26:44+00:00\" \/>\n<meta property=\"article:modified_time\" content=\"2025-06-12T17:12:28+00:00\" \/>\n<meta property=\"og:image\" content=\"https:\/\/hijasdejesus.org\/wp-content\/uploads\/2025\/06\/5-1024x726.png\" \/>\n\t<meta property=\"og:image:width\" content=\"1024\" \/>\n\t<meta property=\"og:image:height\" content=\"726\" \/>\n\t<meta property=\"og:image:type\" content=\"image\/png\" \/>\n<meta name=\"author\" content=\"Comunicaci\u00f3n Internacional\" \/>\n<meta name=\"twitter:card\" content=\"summary_large_image\" \/>\n<meta name=\"twitter:creator\" content=\"@hijasdjesus\" \/>\n<meta name=\"twitter:site\" content=\"@hijasdjesus\" \/>\n<meta name=\"twitter:label1\" content=\"Escrito por\" \/>\n\t<meta name=\"twitter:data1\" content=\"Comunicaci\u00f3n Internacional\" \/>\n\t<meta name=\"twitter:label2\" content=\"Est. tempo de leitura\" \/>\n\t<meta name=\"twitter:data2\" content=\"3 minutos\" \/>\n<script type=\"application\/ld+json\" class=\"yoast-schema-graph\">{\"@context\":\"https:\\\/\\\/schema.org\",\"@graph\":[{\"@type\":\"Article\",\"@id\":\"https:\\\/\\\/hijasdejesus.org\\\/pt-br\\\/mocambique-um-novo-comeco-em-inhambane\\\/#article\",\"isPartOf\":{\"@id\":\"https:\\\/\\\/hijasdejesus.org\\\/pt-br\\\/mocambique-um-novo-comeco-em-inhambane\\\/\"},\"author\":{\"name\":\"Comunicaci\u00f3n Internacional\",\"@id\":\"https:\\\/\\\/hijasdejesus.org\\\/pt-br\\\/#\\\/schema\\\/person\\\/91b9e676dca8842a983b89793a34e5b8\"},\"headline\":\"Mo\u00e7ambique: um novo come\u00e7o em Inhambane\",\"datePublished\":\"2025-06-10T19:26:44+00:00\",\"dateModified\":\"2025-06-12T17:12:28+00:00\",\"mainEntityOfPage\":{\"@id\":\"https:\\\/\\\/hijasdejesus.org\\\/pt-br\\\/mocambique-um-novo-comeco-em-inhambane\\\/\"},\"wordCount\":575,\"publisher\":{\"@id\":\"https:\\\/\\\/hijasdejesus.org\\\/pt-br\\\/#organization\"},\"image\":{\"@id\":\"https:\\\/\\\/hijasdejesus.org\\\/pt-br\\\/mocambique-um-novo-comeco-em-inhambane\\\/#primaryimage\"},\"thumbnailUrl\":\"https:\\\/\\\/hijasdejesus.org\\\/wp-content\\\/uploads\\\/2025\\\/06\\\/5.png\",\"articleSection\":[\"Brasil\",\"Mo\u00e7ambique\",\"Not\u00edcias\",\"Rep\u00fablica Dominicana\"],\"inLanguage\":\"pt-BR\"},{\"@type\":\"WebPage\",\"@id\":\"https:\\\/\\\/hijasdejesus.org\\\/pt-br\\\/mocambique-um-novo-comeco-em-inhambane\\\/\",\"url\":\"https:\\\/\\\/hijasdejesus.org\\\/pt-br\\\/mocambique-um-novo-comeco-em-inhambane\\\/\",\"name\":\"Mo\u00e7ambique: um novo come\u00e7o em Inhambane - Hijas de Jes\u00fas\",\"isPartOf\":{\"@id\":\"https:\\\/\\\/hijasdejesus.org\\\/pt-br\\\/#website\"},\"primaryImageOfPage\":{\"@id\":\"https:\\\/\\\/hijasdejesus.org\\\/pt-br\\\/mocambique-um-novo-comeco-em-inhambane\\\/#primaryimage\"},\"image\":{\"@id\":\"https:\\\/\\\/hijasdejesus.org\\\/pt-br\\\/mocambique-um-novo-comeco-em-inhambane\\\/#primaryimage\"},\"thumbnailUrl\":\"https:\\\/\\\/hijasdejesus.org\\\/wp-content\\\/uploads\\\/2025\\\/06\\\/5.png\",\"datePublished\":\"2025-06-10T19:26:44+00:00\",\"dateModified\":\"2025-06-12T17:12:28+00:00\",\"description\":\"As Filhas de Jesus iniciam uma nova miss\u00e3o em Inhambane, Mo\u00e7ambique, ap\u00f3s 20 anos de presen\u00e7a em Metoro. Descubra esse tempo de envio, mudan\u00e7as e esperan\u00e7a.\",\"breadcrumb\":{\"@id\":\"https:\\\/\\\/hijasdejesus.org\\\/pt-br\\\/mocambique-um-novo-comeco-em-inhambane\\\/#breadcrumb\"},\"inLanguage\":\"pt-BR\",\"potentialAction\":[{\"@type\":\"ReadAction\",\"target\":[\"https:\\\/\\\/hijasdejesus.org\\\/pt-br\\\/mocambique-um-novo-comeco-em-inhambane\\\/\"]}]},{\"@type\":\"ImageObject\",\"inLanguage\":\"pt-BR\",\"@id\":\"https:\\\/\\\/hijasdejesus.org\\\/pt-br\\\/mocambique-um-novo-comeco-em-inhambane\\\/#primaryimage\",\"url\":\"https:\\\/\\\/hijasdejesus.org\\\/wp-content\\\/uploads\\\/2025\\\/06\\\/5.png\",\"contentUrl\":\"https:\\\/\\\/hijasdejesus.org\\\/wp-content\\\/uploads\\\/2025\\\/06\\\/5.png\",\"width\":1748,\"height\":1240},{\"@type\":\"BreadcrumbList\",\"@id\":\"https:\\\/\\\/hijasdejesus.org\\\/pt-br\\\/mocambique-um-novo-comeco-em-inhambane\\\/#breadcrumb\",\"itemListElement\":[{\"@type\":\"ListItem\",\"position\":1,\"name\":\"Portada\",\"item\":\"https:\\\/\\\/hijasdejesus.org\\\/pt-br\\\/\"},{\"@type\":\"ListItem\",\"position\":2,\"name\":\"Mo\u00e7ambique: um novo come\u00e7o em Inhambane\"}]},{\"@type\":\"WebSite\",\"@id\":\"https:\\\/\\\/hijasdejesus.org\\\/pt-br\\\/#website\",\"url\":\"https:\\\/\\\/hijasdejesus.org\\\/pt-br\\\/\",\"name\":\"Hijas de Jes\u00fas\",\"description\":\"Despertamos a Jes\u00fas en el coraz\u00f3n, sacando lo mejor de las personas. Somos una congregaci\u00f3n religiosa ignaciana fundada por la Madre Candida\",\"publisher\":{\"@id\":\"https:\\\/\\\/hijasdejesus.org\\\/pt-br\\\/#organization\"},\"potentialAction\":[{\"@type\":\"SearchAction\",\"target\":{\"@type\":\"EntryPoint\",\"urlTemplate\":\"https:\\\/\\\/hijasdejesus.org\\\/pt-br\\\/?s={search_term_string}\"},\"query-input\":{\"@type\":\"PropertyValueSpecification\",\"valueRequired\":true,\"valueName\":\"search_term_string\"}}],\"inLanguage\":\"pt-BR\"},{\"@type\":\"Organization\",\"@id\":\"https:\\\/\\\/hijasdejesus.org\\\/pt-br\\\/#organization\",\"name\":\"Hijas de Jes\u00fas\",\"url\":\"https:\\\/\\\/hijasdejesus.org\\\/pt-br\\\/\",\"logo\":{\"@type\":\"ImageObject\",\"inLanguage\":\"pt-BR\",\"@id\":\"https:\\\/\\\/hijasdejesus.org\\\/pt-br\\\/#\\\/schema\\\/logo\\\/image\\\/\",\"url\":\"https:\\\/\\\/hijasdejesus.org\\\/wp-content\\\/uploads\\\/2023\\\/01\\\/Hijas-de-Jesus_hor-A7C957.png\",\"contentUrl\":\"https:\\\/\\\/hijasdejesus.org\\\/wp-content\\\/uploads\\\/2023\\\/01\\\/Hijas-de-Jesus_hor-A7C957.png\",\"width\":700,\"height\":360,\"caption\":\"Hijas de Jes\u00fas\"},\"image\":{\"@id\":\"https:\\\/\\\/hijasdejesus.org\\\/pt-br\\\/#\\\/schema\\\/logo\\\/image\\\/\"},\"sameAs\":[\"https:\\\/\\\/www.facebook.com\\\/hijasdejesusenelmundo\\\/\",\"https:\\\/\\\/x.com\\\/hijasdjesus\"]},{\"@type\":\"Person\",\"@id\":\"https:\\\/\\\/hijasdejesus.org\\\/pt-br\\\/#\\\/schema\\\/person\\\/91b9e676dca8842a983b89793a34e5b8\",\"name\":\"Comunicaci\u00f3n Internacional\",\"image\":{\"@type\":\"ImageObject\",\"inLanguage\":\"pt-BR\",\"@id\":\"https:\\\/\\\/secure.gravatar.com\\\/avatar\\\/dcb9b61797c934872aa9209ebf48b92edfeb0819dcdcaa77cd84879d6def414d?s=96&d=mm&r=g\",\"url\":\"https:\\\/\\\/secure.gravatar.com\\\/avatar\\\/dcb9b61797c934872aa9209ebf48b92edfeb0819dcdcaa77cd84879d6def414d?s=96&d=mm&r=g\",\"contentUrl\":\"https:\\\/\\\/secure.gravatar.com\\\/avatar\\\/dcb9b61797c934872aa9209ebf48b92edfeb0819dcdcaa77cd84879d6def414d?s=96&d=mm&r=g\",\"caption\":\"Comunicaci\u00f3n Internacional\"},\"url\":\"https:\\\/\\\/hijasdejesus.org\\\/pt-br\\\/author\\\/comunicacion-internacional\\\/\"}]}<\/script>\n<!-- \/ Yoast SEO plugin. -->","yoast_head_json":{"title":"Mo\u00e7ambique: um novo come\u00e7o em Inhambane - Hijas de Jes\u00fas","description":"As Filhas de Jesus iniciam uma nova miss\u00e3o em Inhambane, Mo\u00e7ambique, ap\u00f3s 20 anos de presen\u00e7a em Metoro. Descubra esse tempo de envio, mudan\u00e7as e esperan\u00e7a.","robots":{"index":"index","follow":"follow","max-snippet":"max-snippet:-1","max-image-preview":"max-image-preview:large","max-video-preview":"max-video-preview:-1"},"canonical":"https:\/\/hijasdejesus.org\/pt-br\/mocambique-um-novo-comeco-em-inhambane\/","og_locale":"pt_BR","og_type":"article","og_title":"Mo\u00e7ambique: um novo come\u00e7o em Inhambane - Hijas de Jes\u00fas","og_description":"As Filhas de Jesus iniciam uma nova miss\u00e3o em Inhambane, Mo\u00e7ambique, ap\u00f3s 20 anos de presen\u00e7a em Metoro. Descubra esse tempo de envio, mudan\u00e7as e esperan\u00e7a.","og_url":"https:\/\/hijasdejesus.org\/pt-br\/mocambique-um-novo-comeco-em-inhambane\/","og_site_name":"Hijas de Jes\u00fas","article_publisher":"https:\/\/www.facebook.com\/hijasdejesusenelmundo\/","article_published_time":"2025-06-10T19:26:44+00:00","article_modified_time":"2025-06-12T17:12:28+00:00","og_image":[{"width":1024,"height":726,"url":"https:\/\/hijasdejesus.org\/wp-content\/uploads\/2025\/06\/5-1024x726.png","type":"image\/png"}],"author":"Comunicaci\u00f3n Internacional","twitter_card":"summary_large_image","twitter_creator":"@hijasdjesus","twitter_site":"@hijasdjesus","twitter_misc":{"Escrito por":"Comunicaci\u00f3n Internacional","Est. tempo de leitura":"3 minutos"},"schema":{"@context":"https:\/\/schema.org","@graph":[{"@type":"Article","@id":"https:\/\/hijasdejesus.org\/pt-br\/mocambique-um-novo-comeco-em-inhambane\/#article","isPartOf":{"@id":"https:\/\/hijasdejesus.org\/pt-br\/mocambique-um-novo-comeco-em-inhambane\/"},"author":{"name":"Comunicaci\u00f3n Internacional","@id":"https:\/\/hijasdejesus.org\/pt-br\/#\/schema\/person\/91b9e676dca8842a983b89793a34e5b8"},"headline":"Mo\u00e7ambique: um novo come\u00e7o em Inhambane","datePublished":"2025-06-10T19:26:44+00:00","dateModified":"2025-06-12T17:12:28+00:00","mainEntityOfPage":{"@id":"https:\/\/hijasdejesus.org\/pt-br\/mocambique-um-novo-comeco-em-inhambane\/"},"wordCount":575,"publisher":{"@id":"https:\/\/hijasdejesus.org\/pt-br\/#organization"},"image":{"@id":"https:\/\/hijasdejesus.org\/pt-br\/mocambique-um-novo-comeco-em-inhambane\/#primaryimage"},"thumbnailUrl":"https:\/\/hijasdejesus.org\/wp-content\/uploads\/2025\/06\/5.png","articleSection":["Brasil","Mo\u00e7ambique","Not\u00edcias","Rep\u00fablica Dominicana"],"inLanguage":"pt-BR"},{"@type":"WebPage","@id":"https:\/\/hijasdejesus.org\/pt-br\/mocambique-um-novo-comeco-em-inhambane\/","url":"https:\/\/hijasdejesus.org\/pt-br\/mocambique-um-novo-comeco-em-inhambane\/","name":"Mo\u00e7ambique: um novo come\u00e7o em Inhambane - Hijas de Jes\u00fas","isPartOf":{"@id":"https:\/\/hijasdejesus.org\/pt-br\/#website"},"primaryImageOfPage":{"@id":"https:\/\/hijasdejesus.org\/pt-br\/mocambique-um-novo-comeco-em-inhambane\/#primaryimage"},"image":{"@id":"https:\/\/hijasdejesus.org\/pt-br\/mocambique-um-novo-comeco-em-inhambane\/#primaryimage"},"thumbnailUrl":"https:\/\/hijasdejesus.org\/wp-content\/uploads\/2025\/06\/5.png","datePublished":"2025-06-10T19:26:44+00:00","dateModified":"2025-06-12T17:12:28+00:00","description":"As Filhas de Jesus iniciam uma nova miss\u00e3o em Inhambane, Mo\u00e7ambique, ap\u00f3s 20 anos de presen\u00e7a em Metoro. Descubra esse tempo de envio, mudan\u00e7as e esperan\u00e7a.","breadcrumb":{"@id":"https:\/\/hijasdejesus.org\/pt-br\/mocambique-um-novo-comeco-em-inhambane\/#breadcrumb"},"inLanguage":"pt-BR","potentialAction":[{"@type":"ReadAction","target":["https:\/\/hijasdejesus.org\/pt-br\/mocambique-um-novo-comeco-em-inhambane\/"]}]},{"@type":"ImageObject","inLanguage":"pt-BR","@id":"https:\/\/hijasdejesus.org\/pt-br\/mocambique-um-novo-comeco-em-inhambane\/#primaryimage","url":"https:\/\/hijasdejesus.org\/wp-content\/uploads\/2025\/06\/5.png","contentUrl":"https:\/\/hijasdejesus.org\/wp-content\/uploads\/2025\/06\/5.png","width":1748,"height":1240},{"@type":"BreadcrumbList","@id":"https:\/\/hijasdejesus.org\/pt-br\/mocambique-um-novo-comeco-em-inhambane\/#breadcrumb","itemListElement":[{"@type":"ListItem","position":1,"name":"Portada","item":"https:\/\/hijasdejesus.org\/pt-br\/"},{"@type":"ListItem","position":2,"name":"Mo\u00e7ambique: um novo come\u00e7o em Inhambane"}]},{"@type":"WebSite","@id":"https:\/\/hijasdejesus.org\/pt-br\/#website","url":"https:\/\/hijasdejesus.org\/pt-br\/","name":"Hijas de Jes\u00fas","description":"Despertamos a Jes\u00fas en el coraz\u00f3n, sacando lo mejor de las personas. Somos una congregaci\u00f3n religiosa ignaciana fundada por la Madre Candida","publisher":{"@id":"https:\/\/hijasdejesus.org\/pt-br\/#organization"},"potentialAction":[{"@type":"SearchAction","target":{"@type":"EntryPoint","urlTemplate":"https:\/\/hijasdejesus.org\/pt-br\/?s={search_term_string}"},"query-input":{"@type":"PropertyValueSpecification","valueRequired":true,"valueName":"search_term_string"}}],"inLanguage":"pt-BR"},{"@type":"Organization","@id":"https:\/\/hijasdejesus.org\/pt-br\/#organization","name":"Hijas de Jes\u00fas","url":"https:\/\/hijasdejesus.org\/pt-br\/","logo":{"@type":"ImageObject","inLanguage":"pt-BR","@id":"https:\/\/hijasdejesus.org\/pt-br\/#\/schema\/logo\/image\/","url":"https:\/\/hijasdejesus.org\/wp-content\/uploads\/2023\/01\/Hijas-de-Jesus_hor-A7C957.png","contentUrl":"https:\/\/hijasdejesus.org\/wp-content\/uploads\/2023\/01\/Hijas-de-Jesus_hor-A7C957.png","width":700,"height":360,"caption":"Hijas de Jes\u00fas"},"image":{"@id":"https:\/\/hijasdejesus.org\/pt-br\/#\/schema\/logo\/image\/"},"sameAs":["https:\/\/www.facebook.com\/hijasdejesusenelmundo\/","https:\/\/x.com\/hijasdjesus"]},{"@type":"Person","@id":"https:\/\/hijasdejesus.org\/pt-br\/#\/schema\/person\/91b9e676dca8842a983b89793a34e5b8","name":"Comunicaci\u00f3n Internacional","image":{"@type":"ImageObject","inLanguage":"pt-BR","@id":"https:\/\/secure.gravatar.com\/avatar\/dcb9b61797c934872aa9209ebf48b92edfeb0819dcdcaa77cd84879d6def414d?s=96&d=mm&r=g","url":"https:\/\/secure.gravatar.com\/avatar\/dcb9b61797c934872aa9209ebf48b92edfeb0819dcdcaa77cd84879d6def414d?s=96&d=mm&r=g","contentUrl":"https:\/\/secure.gravatar.com\/avatar\/dcb9b61797c934872aa9209ebf48b92edfeb0819dcdcaa77cd84879d6def414d?s=96&d=mm&r=g","caption":"Comunicaci\u00f3n Internacional"},"url":"https:\/\/hijasdejesus.org\/pt-br\/author\/comunicacion-internacional\/"}]}},"_links":{"self":[{"href":"https:\/\/hijasdejesus.org\/pt-br\/wp-json\/wp\/v2\/posts\/49299","targetHints":{"allow":["GET"]}}],"collection":[{"href":"https:\/\/hijasdejesus.org\/pt-br\/wp-json\/wp\/v2\/posts"}],"about":[{"href":"https:\/\/hijasdejesus.org\/pt-br\/wp-json\/wp\/v2\/types\/post"}],"author":[{"embeddable":true,"href":"https:\/\/hijasdejesus.org\/pt-br\/wp-json\/wp\/v2\/users\/36"}],"replies":[{"embeddable":true,"href":"https:\/\/hijasdejesus.org\/pt-br\/wp-json\/wp\/v2\/comments?post=49299"}],"version-history":[{"count":1,"href":"https:\/\/hijasdejesus.org\/pt-br\/wp-json\/wp\/v2\/posts\/49299\/revisions"}],"predecessor-version":[{"id":49301,"href":"https:\/\/hijasdejesus.org\/pt-br\/wp-json\/wp\/v2\/posts\/49299\/revisions\/49301"}],"wp:featuredmedia":[{"embeddable":true,"href":"https:\/\/hijasdejesus.org\/pt-br\/wp-json\/wp\/v2\/media\/49291"}],"wp:attachment":[{"href":"https:\/\/hijasdejesus.org\/pt-br\/wp-json\/wp\/v2\/media?parent=49299"}],"wp:term":[{"taxonomy":"category","embeddable":true,"href":"https:\/\/hijasdejesus.org\/pt-br\/wp-json\/wp\/v2\/categories?post=49299"},{"taxonomy":"post_tag","embeddable":true,"href":"https:\/\/hijasdejesus.org\/pt-br\/wp-json\/wp\/v2\/tags?post=49299"}],"curies":[{"name":"wp","href":"https:\/\/api.w.org\/{rel}","templated":true}]}}