{"id":49607,"date":"2025-07-25T17:39:13","date_gmt":"2025-07-25T15:39:13","guid":{"rendered":"https:\/\/hijasdejesus.org\/apostolo-santiago-e-jovens-fi-uma-peregrinacao-continua\/"},"modified":"2025-07-28T04:17:18","modified_gmt":"2025-07-28T02:17:18","slug":"apostolo-santiago-e-jovens-fi-uma-peregrinacao-continua","status":"publish","type":"post","link":"https:\/\/hijasdejesus.org\/pt-br\/apostolo-santiago-e-jovens-fi-uma-peregrinacao-continua\/","title":{"rendered":"Ap\u00f3stolo Santiago e Jovens FI: uma peregrina\u00e7\u00e3o cont\u00ednua"},"content":{"rendered":"\n<p>Hoje, na festa de <strong>S\u00e3o Tiago Ap\u00f3stolo<\/strong>, padroeiro dos peregrinos, queremos fazer uma retrospectiva dos caminhos percorridos pelos <strong>Jovens FI<\/strong> a partir da partilha de cada uma das prov\u00edncias: viagens interiores e exteriores que fortaleceram a f\u00e9, despertaram o desejo de seguir Jesus, deram vida ao carisma da <strong>Madre C\u00e2ndida<\/strong> e abriram o cora\u00e7\u00e3o aos outros.<\/p>\n\n<p>Convidamos voc\u00ea a reviver cada uma dessas <a href=\"https:\/\/hijasdejesus.org\/pt-br\/fi-youth-uma-peregrinacao-de-esperanca\/\">peregrina\u00e7\u00f5es de esperan\u00e7a:<\/a><\/p>\n\n<ul class=\"wp-block-list\">\n<li><a href=\"https:\/\/hijasdejesus.org\/pt-br\/fi-youth-pilgrimage-of-hope-da-america-andina\/\">Prov\u00edncia Am\u00e9rica Andina<\/a><\/li>\n\n\n\n<li><a href=\"https:\/\/hijasdejesus.org\/pt-br\/fi-youth-pilgrimage-of-hope-da-republica-dominicana\/\">Prov\u00edncia Brasil-Caribe<\/a><\/li>\n\n\n\n<li><a href=\"https:\/\/hijasdejesus.org\/pt-br\/fi-youth-pilgrimage-of-hope-da-espanha\/\">Prov\u00edncia Espanha-It\u00e1lia<\/a><\/li>\n\n\n\n<li><a href=\"https:\/\/hijasdejesus.org\/pt-br\/fi-youth-pilgrimage-of-hope-das-filipinas\/\">Prov\u00edncia Indico-Pac\u00edfico<\/a><\/li>\n\n\n\n<li><a href=\"https:\/\/hijasdejesus.org\/pt-br\/fi-youth-pilgrimage-of-hope-do-leste-asiatico\/\">Prov\u00edncia da \u00c1sia Oriental<\/a><\/li>\n<\/ul>\n\n<h3 class=\"wp-block-heading\"><strong>Uma experi\u00eancia que amplia<\/strong><\/h3>\n\n<p>Essa peregrina\u00e7\u00e3o continua, pois desde a manh\u00e3 de <strong>quarta-feira, 23 de julho<\/strong>, at\u00e9 o meio-dia de <strong>25<\/strong> de julho, os Jovens FI da <strong>Am\u00e9rica<\/strong> come\u00e7aram a se reunir em <strong>Madri<\/strong>, o ponto de partida para uma nova etapa da peregrina\u00e7\u00e3o.<\/p>\n\n<p>Os primeiros a chegar foram <strong>Danna e Cristopher<\/strong>, da <strong>Bol\u00edvia<\/strong>. Depois, <strong>Fran, Monse, Julieta, Ling e Joaqu\u00edn<\/strong>, da <strong>Argentina<\/strong>, juntaram-se a eles em momentos diferentes. Esse grupo faz parte da <strong>Prov\u00edncia da Am\u00e9rica Andina <\/strong> e \u00e9 acompanhado por <strong>M. Carmen Jim\u00e9nez, fi.<\/strong> Durante esses dias, eles se hospedaram no <strong>Colegio Mayor Berrospe<\/strong>, onde foram calorosamente recebidos pela comunidade. Obrigado pela hospitalidade de voc\u00eas!    <\/p>\n\n<figure class=\"wp-block-gallery has-nested-images columns-default is-cropped wp-block-gallery-1 is-layout-flex wp-block-gallery-is-layout-flex\">\n<figure class=\"wp-block-image size-large\"><img loading=\"lazy\" decoding=\"async\" width=\"1024\" height=\"726\" data-id=\"49583\" src=\"https:\/\/hijasdejesus.org\/wp-content\/uploads\/2025\/07\/4-1024x726.png\" alt=\"\" class=\"wp-image-49583\" srcset=\"https:\/\/hijasdejesus.org\/wp-content\/uploads\/2025\/07\/4-980x695.png 980w, https:\/\/hijasdejesus.org\/wp-content\/uploads\/2025\/07\/4-480x341.png 480w\" sizes=\"(min-width: 0px) and (max-width: 480px) 480px, (min-width: 481px) and (max-width: 980px) 980px, (min-width: 981px) 1024px, 100vw\" \/><\/figure>\n\n\n\n<figure class=\"wp-block-image size-large\"><img loading=\"lazy\" decoding=\"async\" width=\"1024\" height=\"726\" data-id=\"49579\" src=\"https:\/\/hijasdejesus.org\/wp-content\/uploads\/2025\/07\/5-1024x726.png\" alt=\"\" class=\"wp-image-49579\" srcset=\"https:\/\/hijasdejesus.org\/wp-content\/uploads\/2025\/07\/5-980x695.png 980w, https:\/\/hijasdejesus.org\/wp-content\/uploads\/2025\/07\/5-480x341.png 480w\" sizes=\"(min-width: 0px) and (max-width: 480px) 480px, (min-width: 481px) and (max-width: 980px) 980px, (min-width: 981px) 1024px, 100vw\" \/><\/figure>\n\n\n\n<figure class=\"wp-block-image size-large\"><img loading=\"lazy\" decoding=\"async\" width=\"1748\" height=\"1240\" data-id=\"49586\" src=\"https:\/\/hijasdejesus.org\/wp-content\/uploads\/2025\/07\/6-1024x726.png\" alt=\"\" class=\"wp-image-49586\" srcset=\"https:\/\/hijasdejesus.org\/wp-content\/uploads\/2025\/07\/6-1024x726.png 1748w, https:\/\/hijasdejesus.org\/wp-content\/uploads\/2025\/07\/6-1280x908.png 1280w, https:\/\/hijasdejesus.org\/wp-content\/uploads\/2025\/07\/6-980x695.png 980w, https:\/\/hijasdejesus.org\/wp-content\/uploads\/2025\/07\/6-480x341.png 480w\" sizes=\"(min-width: 0px) and (max-width: 480px) 480px, (min-width: 481px) and (max-width: 980px) 980px, (min-width: 981px) and (max-width: 1280px) 1280px, (min-width: 1281px) 1748px, 100vw\" \/><\/figure>\n<\/figure>\n\n<p><\/p>\n\n<p>Na manh\u00e3 do dia 25, acompanhados por <strong>Naike fi<\/strong>, que tamb\u00e9m os acompanhar\u00e1 durante toda a experi\u00eancia, eles partiram para o aeroporto, onde receberam o entusiasmado grupo da <strong>Prov\u00edncia Brasil-Caribe<\/strong>, os jovens da <strong>Rep\u00fablica Dominicana<\/strong>, que chegaram cheios de energia e alegria.<\/p>\n\n<p>Em um belo gesto de proximidade, v\u00e1rias irm\u00e3s da Prov\u00edncia Espanha-It\u00e1lia estavam presentes. <strong>Mar\u00eda del Mar Dom\u00ednguez, fi a <\/strong>nova superiora provincial<strong>, Rosa Espinosa, fi <\/strong>a ex-superiora provincial e atual conselheira geral<strong>, <\/strong>e<strong> Silvia Casado, <\/strong>tesoureira provincial, vieram se despedir do grupo.  <\/p>\n\n<p>Depois de abra\u00e7os, fotos e b\u00ean\u00e7\u00e3os, o grupo partiu para <strong>Salamanca<\/strong>, onde iniciar\u00e1 a <strong>Rota da Madre C\u00e2ndida<\/strong>: uma experi\u00eancia espiritual que os preparar\u00e1 interiormente para viver o <strong>Jubileu dos Jovens em Roma<\/strong> como aut\u00eanticos peregrinos da esperan\u00e7a.<\/p>\n\n<figure class=\"wp-block-gallery has-nested-images columns-default is-cropped wp-block-gallery-2 is-layout-flex wp-block-gallery-is-layout-flex\">\n<figure class=\"wp-block-image size-large\"><img loading=\"lazy\" decoding=\"async\" width=\"1024\" height=\"726\" data-id=\"49595\" src=\"https:\/\/hijasdejesus.org\/wp-content\/uploads\/2025\/07\/1-1024x726.png\" alt=\"\" class=\"wp-image-49595\" srcset=\"https:\/\/hijasdejesus.org\/wp-content\/uploads\/2025\/07\/1-980x695.png 980w, https:\/\/hijasdejesus.org\/wp-content\/uploads\/2025\/07\/1-480x341.png 480w\" sizes=\"(min-width: 0px) and (max-width: 480px) 480px, (min-width: 481px) and (max-width: 980px) 980px, (min-width: 981px) 1024px, 100vw\" \/><\/figure>\n\n\n\n<figure class=\"wp-block-image size-large\"><img loading=\"lazy\" decoding=\"async\" width=\"1024\" height=\"726\" data-id=\"49599\" src=\"https:\/\/hijasdejesus.org\/wp-content\/uploads\/2025\/07\/2-1024x726.png\" alt=\"\" class=\"wp-image-49599\" srcset=\"https:\/\/hijasdejesus.org\/wp-content\/uploads\/2025\/07\/2-980x695.png 980w, https:\/\/hijasdejesus.org\/wp-content\/uploads\/2025\/07\/2-480x341.png 480w\" sizes=\"(min-width: 0px) and (max-width: 480px) 480px, (min-width: 481px) and (max-width: 980px) 980px, (min-width: 981px) 1024px, 100vw\" \/><\/figure>\n\n\n\n<figure class=\"wp-block-image size-large\"><img loading=\"lazy\" decoding=\"async\" width=\"1024\" height=\"726\" data-id=\"49591\" src=\"https:\/\/hijasdejesus.org\/wp-content\/uploads\/2025\/07\/3-1024x726.png\" alt=\"\" class=\"wp-image-49591\" srcset=\"https:\/\/hijasdejesus.org\/wp-content\/uploads\/2025\/07\/3-980x695.png 980w, https:\/\/hijasdejesus.org\/wp-content\/uploads\/2025\/07\/3-480x341.png 480w\" sizes=\"(min-width: 0px) and (max-width: 480px) 480px, (min-width: 481px) and (max-width: 980px) 980px, (min-width: 981px) 1024px, 100vw\" \/><\/figure>\n<\/figure>\n\n<p><\/p>\n\n<h3 class=\"wp-block-heading\"><strong>Uma peregrina\u00e7\u00e3o que n\u00e3o termina<\/strong><\/h3>\n\n<p>Acompanhamos nossos jovens com nossa <strong>ora\u00e7\u00e3o confiante<\/strong>, sabendo que cada passo, cada encontro, cada sil\u00eancio ser\u00e1 uma semente que Deus far\u00e1 crescer.<\/p>\n\n<p>Como S\u00e3o Tiago, que continuem caminhando com a &#8220;aud\u00e1cia do cora\u00e7\u00e3o&#8221;, na certeza de que a peregrina\u00e7\u00e3o n\u00e3o termina em Roma, porque cada passo faz ressoar bem alto as palavras da Madre C\u00e2ndida: <strong><em>&#8220;O mundo \u00e9 pequeno para meus desejos&#8221;.<\/em><\/strong><\/p>\n","protected":false},"excerpt":{"rendered":"<p>Hoje, na festa de S\u00e3o Tiago Ap\u00f3stolo, padroeiro dos peregrinos, queremos fazer uma retrospectiva dos caminhos percorridos pelos Jovens FI a partir da partilha de cada uma das prov\u00edncias: viagens interiores e exteriores que fortaleceram a f\u00e9, despertaram o desejo de seguir Jesus, deram vida ao carisma da Madre C\u00e2ndida e abriram o cora\u00e7\u00e3o aos [&hellip;]<\/p>\n","protected":false},"author":36,"featured_media":49578,"comment_status":"closed","ping_status":"closed","sticky":false,"template":"","format":"standard","meta":{"_et_pb_use_builder":"","_et_pb_old_content":"","_et_gb_content_width":"","footnotes":"","_links_to":"","_links_to_target":""},"categories":[1290,537,469],"tags":[1271],"class_list":["post-49607","post","type-post","status-publish","format-standard","has-post-thumbnail","hentry","category-jovem-fi","category-juventude","category-noticias-pt-br","tag-jubileu"],"yoast_head":"<!-- This site is optimized with the Yoast SEO plugin v27.5 - https:\/\/yoast.com\/product\/yoast-seo-wordpress\/ -->\n<title>Ap\u00f3stolo Santiago e Jovens FI: uma peregrina\u00e7\u00e3o cont\u00ednua - Hijas de Jes\u00fas<\/title>\n<meta name=\"description\" content=\"A Juventude FI da Am\u00e9rica chega \u00e0 Espanha a caminho do Jubileu em Roma e iniciar\u00e1 a rota da Madre C\u00e2ndida em Salamanca.\" \/>\n<meta name=\"robots\" content=\"index, follow, max-snippet:-1, max-image-preview:large, max-video-preview:-1\" \/>\n<link rel=\"canonical\" href=\"https:\/\/hijasdejesus.org\/pt-br\/apostolo-santiago-e-jovens-fi-uma-peregrinacao-continua\/\" \/>\n<meta property=\"og:locale\" content=\"pt_BR\" \/>\n<meta property=\"og:type\" content=\"article\" \/>\n<meta property=\"og:title\" content=\"Ap\u00f3stolo Santiago e Jovens FI: uma peregrina\u00e7\u00e3o cont\u00ednua - Hijas de Jes\u00fas\" \/>\n<meta property=\"og:description\" content=\"A Juventude FI da Am\u00e9rica chega \u00e0 Espanha a caminho do Jubileu em Roma e iniciar\u00e1 a rota da Madre C\u00e2ndida em Salamanca.\" \/>\n<meta property=\"og:url\" content=\"https:\/\/hijasdejesus.org\/pt-br\/apostolo-santiago-e-jovens-fi-uma-peregrinacao-continua\/\" \/>\n<meta property=\"og:site_name\" content=\"Hijas de Jes\u00fas\" \/>\n<meta property=\"article:publisher\" content=\"https:\/\/www.facebook.com\/hijasdejesusenelmundo\/\" \/>\n<meta property=\"article:published_time\" content=\"2025-07-25T15:39:13+00:00\" \/>\n<meta property=\"article:modified_time\" content=\"2025-07-28T02:17:18+00:00\" \/>\n<meta property=\"og:image\" content=\"https:\/\/hijasdejesus.org\/wp-content\/uploads\/2025\/07\/Portadas-web-5-1-1024x726.png\" \/>\n\t<meta property=\"og:image:width\" content=\"1024\" \/>\n\t<meta property=\"og:image:height\" content=\"726\" \/>\n\t<meta property=\"og:image:type\" content=\"image\/png\" \/>\n<meta name=\"author\" content=\"Comunicaci\u00f3n Internacional\" \/>\n<meta name=\"twitter:card\" content=\"summary_large_image\" \/>\n<meta name=\"twitter:creator\" content=\"@hijasdjesus\" \/>\n<meta name=\"twitter:site\" content=\"@hijasdjesus\" \/>\n<meta name=\"twitter:label1\" content=\"Escrito por\" \/>\n\t<meta name=\"twitter:data1\" content=\"Comunicaci\u00f3n Internacional\" \/>\n\t<meta name=\"twitter:label2\" content=\"Est. tempo de leitura\" \/>\n\t<meta name=\"twitter:data2\" content=\"2 minutos\" \/>\n<script type=\"application\/ld+json\" class=\"yoast-schema-graph\">{\"@context\":\"https:\\\/\\\/schema.org\",\"@graph\":[{\"@type\":\"Article\",\"@id\":\"https:\\\/\\\/hijasdejesus.org\\\/pt-br\\\/apostolo-santiago-e-jovens-fi-uma-peregrinacao-continua\\\/#article\",\"isPartOf\":{\"@id\":\"https:\\\/\\\/hijasdejesus.org\\\/pt-br\\\/apostolo-santiago-e-jovens-fi-uma-peregrinacao-continua\\\/\"},\"author\":{\"name\":\"Comunicaci\u00f3n Internacional\",\"@id\":\"https:\\\/\\\/hijasdejesus.org\\\/pt-br\\\/#\\\/schema\\\/person\\\/91b9e676dca8842a983b89793a34e5b8\"},\"headline\":\"Ap\u00f3stolo Santiago e Jovens FI: uma peregrina\u00e7\u00e3o cont\u00ednua\",\"datePublished\":\"2025-07-25T15:39:13+00:00\",\"dateModified\":\"2025-07-28T02:17:18+00:00\",\"mainEntityOfPage\":{\"@id\":\"https:\\\/\\\/hijasdejesus.org\\\/pt-br\\\/apostolo-santiago-e-jovens-fi-uma-peregrinacao-continua\\\/\"},\"wordCount\":434,\"publisher\":{\"@id\":\"https:\\\/\\\/hijasdejesus.org\\\/pt-br\\\/#organization\"},\"image\":{\"@id\":\"https:\\\/\\\/hijasdejesus.org\\\/pt-br\\\/apostolo-santiago-e-jovens-fi-uma-peregrinacao-continua\\\/#primaryimage\"},\"thumbnailUrl\":\"https:\\\/\\\/hijasdejesus.org\\\/wp-content\\\/uploads\\\/2025\\\/07\\\/Portadas-web-5-1.png\",\"keywords\":[\"Jubileu\"],\"articleSection\":[\"Jovem FI\",\"Juventude\",\"Not\u00edcias\"],\"inLanguage\":\"pt-BR\"},{\"@type\":\"WebPage\",\"@id\":\"https:\\\/\\\/hijasdejesus.org\\\/pt-br\\\/apostolo-santiago-e-jovens-fi-uma-peregrinacao-continua\\\/\",\"url\":\"https:\\\/\\\/hijasdejesus.org\\\/pt-br\\\/apostolo-santiago-e-jovens-fi-uma-peregrinacao-continua\\\/\",\"name\":\"Ap\u00f3stolo Santiago e Jovens FI: uma peregrina\u00e7\u00e3o cont\u00ednua - Hijas de Jes\u00fas\",\"isPartOf\":{\"@id\":\"https:\\\/\\\/hijasdejesus.org\\\/pt-br\\\/#website\"},\"primaryImageOfPage\":{\"@id\":\"https:\\\/\\\/hijasdejesus.org\\\/pt-br\\\/apostolo-santiago-e-jovens-fi-uma-peregrinacao-continua\\\/#primaryimage\"},\"image\":{\"@id\":\"https:\\\/\\\/hijasdejesus.org\\\/pt-br\\\/apostolo-santiago-e-jovens-fi-uma-peregrinacao-continua\\\/#primaryimage\"},\"thumbnailUrl\":\"https:\\\/\\\/hijasdejesus.org\\\/wp-content\\\/uploads\\\/2025\\\/07\\\/Portadas-web-5-1.png\",\"datePublished\":\"2025-07-25T15:39:13+00:00\",\"dateModified\":\"2025-07-28T02:17:18+00:00\",\"description\":\"A Juventude FI da Am\u00e9rica chega \u00e0 Espanha a caminho do Jubileu em Roma e iniciar\u00e1 a rota da Madre C\u00e2ndida em Salamanca.\",\"breadcrumb\":{\"@id\":\"https:\\\/\\\/hijasdejesus.org\\\/pt-br\\\/apostolo-santiago-e-jovens-fi-uma-peregrinacao-continua\\\/#breadcrumb\"},\"inLanguage\":\"pt-BR\",\"potentialAction\":[{\"@type\":\"ReadAction\",\"target\":[\"https:\\\/\\\/hijasdejesus.org\\\/pt-br\\\/apostolo-santiago-e-jovens-fi-uma-peregrinacao-continua\\\/\"]}]},{\"@type\":\"ImageObject\",\"inLanguage\":\"pt-BR\",\"@id\":\"https:\\\/\\\/hijasdejesus.org\\\/pt-br\\\/apostolo-santiago-e-jovens-fi-uma-peregrinacao-continua\\\/#primaryimage\",\"url\":\"https:\\\/\\\/hijasdejesus.org\\\/wp-content\\\/uploads\\\/2025\\\/07\\\/Portadas-web-5-1.png\",\"contentUrl\":\"https:\\\/\\\/hijasdejesus.org\\\/wp-content\\\/uploads\\\/2025\\\/07\\\/Portadas-web-5-1.png\",\"width\":1748,\"height\":1240},{\"@type\":\"BreadcrumbList\",\"@id\":\"https:\\\/\\\/hijasdejesus.org\\\/pt-br\\\/apostolo-santiago-e-jovens-fi-uma-peregrinacao-continua\\\/#breadcrumb\",\"itemListElement\":[{\"@type\":\"ListItem\",\"position\":1,\"name\":\"Portada\",\"item\":\"https:\\\/\\\/hijasdejesus.org\\\/pt-br\\\/\"},{\"@type\":\"ListItem\",\"position\":2,\"name\":\"Ap\u00f3stolo Santiago e Jovens FI: uma peregrina\u00e7\u00e3o cont\u00ednua\"}]},{\"@type\":\"WebSite\",\"@id\":\"https:\\\/\\\/hijasdejesus.org\\\/pt-br\\\/#website\",\"url\":\"https:\\\/\\\/hijasdejesus.org\\\/pt-br\\\/\",\"name\":\"Hijas de Jes\u00fas\",\"description\":\"Despertamos a Jes\u00fas en el coraz\u00f3n, sacando lo mejor de las personas. Somos una congregaci\u00f3n religiosa ignaciana fundada por la Madre Candida\",\"publisher\":{\"@id\":\"https:\\\/\\\/hijasdejesus.org\\\/pt-br\\\/#organization\"},\"potentialAction\":[{\"@type\":\"SearchAction\",\"target\":{\"@type\":\"EntryPoint\",\"urlTemplate\":\"https:\\\/\\\/hijasdejesus.org\\\/pt-br\\\/?s={search_term_string}\"},\"query-input\":{\"@type\":\"PropertyValueSpecification\",\"valueRequired\":true,\"valueName\":\"search_term_string\"}}],\"inLanguage\":\"pt-BR\"},{\"@type\":\"Organization\",\"@id\":\"https:\\\/\\\/hijasdejesus.org\\\/pt-br\\\/#organization\",\"name\":\"Hijas de Jes\u00fas\",\"url\":\"https:\\\/\\\/hijasdejesus.org\\\/pt-br\\\/\",\"logo\":{\"@type\":\"ImageObject\",\"inLanguage\":\"pt-BR\",\"@id\":\"https:\\\/\\\/hijasdejesus.org\\\/pt-br\\\/#\\\/schema\\\/logo\\\/image\\\/\",\"url\":\"https:\\\/\\\/hijasdejesus.org\\\/wp-content\\\/uploads\\\/2023\\\/01\\\/Hijas-de-Jesus_hor-A7C957.png\",\"contentUrl\":\"https:\\\/\\\/hijasdejesus.org\\\/wp-content\\\/uploads\\\/2023\\\/01\\\/Hijas-de-Jesus_hor-A7C957.png\",\"width\":700,\"height\":360,\"caption\":\"Hijas de Jes\u00fas\"},\"image\":{\"@id\":\"https:\\\/\\\/hijasdejesus.org\\\/pt-br\\\/#\\\/schema\\\/logo\\\/image\\\/\"},\"sameAs\":[\"https:\\\/\\\/www.facebook.com\\\/hijasdejesusenelmundo\\\/\",\"https:\\\/\\\/x.com\\\/hijasdjesus\"]},{\"@type\":\"Person\",\"@id\":\"https:\\\/\\\/hijasdejesus.org\\\/pt-br\\\/#\\\/schema\\\/person\\\/91b9e676dca8842a983b89793a34e5b8\",\"name\":\"Comunicaci\u00f3n Internacional\",\"image\":{\"@type\":\"ImageObject\",\"inLanguage\":\"pt-BR\",\"@id\":\"https:\\\/\\\/secure.gravatar.com\\\/avatar\\\/dcb9b61797c934872aa9209ebf48b92edfeb0819dcdcaa77cd84879d6def414d?s=96&d=mm&r=g\",\"url\":\"https:\\\/\\\/secure.gravatar.com\\\/avatar\\\/dcb9b61797c934872aa9209ebf48b92edfeb0819dcdcaa77cd84879d6def414d?s=96&d=mm&r=g\",\"contentUrl\":\"https:\\\/\\\/secure.gravatar.com\\\/avatar\\\/dcb9b61797c934872aa9209ebf48b92edfeb0819dcdcaa77cd84879d6def414d?s=96&d=mm&r=g\",\"caption\":\"Comunicaci\u00f3n Internacional\"},\"url\":\"https:\\\/\\\/hijasdejesus.org\\\/pt-br\\\/author\\\/comunicacion-internacional\\\/\"}]}<\/script>\n<!-- \/ Yoast SEO plugin. -->","yoast_head_json":{"title":"Ap\u00f3stolo Santiago e Jovens FI: uma peregrina\u00e7\u00e3o cont\u00ednua - Hijas de Jes\u00fas","description":"A Juventude FI da Am\u00e9rica chega \u00e0 Espanha a caminho do Jubileu em Roma e iniciar\u00e1 a rota da Madre C\u00e2ndida em Salamanca.","robots":{"index":"index","follow":"follow","max-snippet":"max-snippet:-1","max-image-preview":"max-image-preview:large","max-video-preview":"max-video-preview:-1"},"canonical":"https:\/\/hijasdejesus.org\/pt-br\/apostolo-santiago-e-jovens-fi-uma-peregrinacao-continua\/","og_locale":"pt_BR","og_type":"article","og_title":"Ap\u00f3stolo Santiago e Jovens FI: uma peregrina\u00e7\u00e3o cont\u00ednua - Hijas de Jes\u00fas","og_description":"A Juventude FI da Am\u00e9rica chega \u00e0 Espanha a caminho do Jubileu em Roma e iniciar\u00e1 a rota da Madre C\u00e2ndida em Salamanca.","og_url":"https:\/\/hijasdejesus.org\/pt-br\/apostolo-santiago-e-jovens-fi-uma-peregrinacao-continua\/","og_site_name":"Hijas de Jes\u00fas","article_publisher":"https:\/\/www.facebook.com\/hijasdejesusenelmundo\/","article_published_time":"2025-07-25T15:39:13+00:00","article_modified_time":"2025-07-28T02:17:18+00:00","og_image":[{"width":1024,"height":726,"url":"https:\/\/hijasdejesus.org\/wp-content\/uploads\/2025\/07\/Portadas-web-5-1-1024x726.png","type":"image\/png"}],"author":"Comunicaci\u00f3n Internacional","twitter_card":"summary_large_image","twitter_creator":"@hijasdjesus","twitter_site":"@hijasdjesus","twitter_misc":{"Escrito por":"Comunicaci\u00f3n Internacional","Est. tempo de leitura":"2 minutos"},"schema":{"@context":"https:\/\/schema.org","@graph":[{"@type":"Article","@id":"https:\/\/hijasdejesus.org\/pt-br\/apostolo-santiago-e-jovens-fi-uma-peregrinacao-continua\/#article","isPartOf":{"@id":"https:\/\/hijasdejesus.org\/pt-br\/apostolo-santiago-e-jovens-fi-uma-peregrinacao-continua\/"},"author":{"name":"Comunicaci\u00f3n Internacional","@id":"https:\/\/hijasdejesus.org\/pt-br\/#\/schema\/person\/91b9e676dca8842a983b89793a34e5b8"},"headline":"Ap\u00f3stolo Santiago e Jovens FI: uma peregrina\u00e7\u00e3o cont\u00ednua","datePublished":"2025-07-25T15:39:13+00:00","dateModified":"2025-07-28T02:17:18+00:00","mainEntityOfPage":{"@id":"https:\/\/hijasdejesus.org\/pt-br\/apostolo-santiago-e-jovens-fi-uma-peregrinacao-continua\/"},"wordCount":434,"publisher":{"@id":"https:\/\/hijasdejesus.org\/pt-br\/#organization"},"image":{"@id":"https:\/\/hijasdejesus.org\/pt-br\/apostolo-santiago-e-jovens-fi-uma-peregrinacao-continua\/#primaryimage"},"thumbnailUrl":"https:\/\/hijasdejesus.org\/wp-content\/uploads\/2025\/07\/Portadas-web-5-1.png","keywords":["Jubileu"],"articleSection":["Jovem FI","Juventude","Not\u00edcias"],"inLanguage":"pt-BR"},{"@type":"WebPage","@id":"https:\/\/hijasdejesus.org\/pt-br\/apostolo-santiago-e-jovens-fi-uma-peregrinacao-continua\/","url":"https:\/\/hijasdejesus.org\/pt-br\/apostolo-santiago-e-jovens-fi-uma-peregrinacao-continua\/","name":"Ap\u00f3stolo Santiago e Jovens FI: uma peregrina\u00e7\u00e3o cont\u00ednua - Hijas de Jes\u00fas","isPartOf":{"@id":"https:\/\/hijasdejesus.org\/pt-br\/#website"},"primaryImageOfPage":{"@id":"https:\/\/hijasdejesus.org\/pt-br\/apostolo-santiago-e-jovens-fi-uma-peregrinacao-continua\/#primaryimage"},"image":{"@id":"https:\/\/hijasdejesus.org\/pt-br\/apostolo-santiago-e-jovens-fi-uma-peregrinacao-continua\/#primaryimage"},"thumbnailUrl":"https:\/\/hijasdejesus.org\/wp-content\/uploads\/2025\/07\/Portadas-web-5-1.png","datePublished":"2025-07-25T15:39:13+00:00","dateModified":"2025-07-28T02:17:18+00:00","description":"A Juventude FI da Am\u00e9rica chega \u00e0 Espanha a caminho do Jubileu em Roma e iniciar\u00e1 a rota da Madre C\u00e2ndida em Salamanca.","breadcrumb":{"@id":"https:\/\/hijasdejesus.org\/pt-br\/apostolo-santiago-e-jovens-fi-uma-peregrinacao-continua\/#breadcrumb"},"inLanguage":"pt-BR","potentialAction":[{"@type":"ReadAction","target":["https:\/\/hijasdejesus.org\/pt-br\/apostolo-santiago-e-jovens-fi-uma-peregrinacao-continua\/"]}]},{"@type":"ImageObject","inLanguage":"pt-BR","@id":"https:\/\/hijasdejesus.org\/pt-br\/apostolo-santiago-e-jovens-fi-uma-peregrinacao-continua\/#primaryimage","url":"https:\/\/hijasdejesus.org\/wp-content\/uploads\/2025\/07\/Portadas-web-5-1.png","contentUrl":"https:\/\/hijasdejesus.org\/wp-content\/uploads\/2025\/07\/Portadas-web-5-1.png","width":1748,"height":1240},{"@type":"BreadcrumbList","@id":"https:\/\/hijasdejesus.org\/pt-br\/apostolo-santiago-e-jovens-fi-uma-peregrinacao-continua\/#breadcrumb","itemListElement":[{"@type":"ListItem","position":1,"name":"Portada","item":"https:\/\/hijasdejesus.org\/pt-br\/"},{"@type":"ListItem","position":2,"name":"Ap\u00f3stolo Santiago e Jovens FI: uma peregrina\u00e7\u00e3o cont\u00ednua"}]},{"@type":"WebSite","@id":"https:\/\/hijasdejesus.org\/pt-br\/#website","url":"https:\/\/hijasdejesus.org\/pt-br\/","name":"Hijas de Jes\u00fas","description":"Despertamos a Jes\u00fas en el coraz\u00f3n, sacando lo mejor de las personas. Somos una congregaci\u00f3n religiosa ignaciana fundada por la Madre Candida","publisher":{"@id":"https:\/\/hijasdejesus.org\/pt-br\/#organization"},"potentialAction":[{"@type":"SearchAction","target":{"@type":"EntryPoint","urlTemplate":"https:\/\/hijasdejesus.org\/pt-br\/?s={search_term_string}"},"query-input":{"@type":"PropertyValueSpecification","valueRequired":true,"valueName":"search_term_string"}}],"inLanguage":"pt-BR"},{"@type":"Organization","@id":"https:\/\/hijasdejesus.org\/pt-br\/#organization","name":"Hijas de Jes\u00fas","url":"https:\/\/hijasdejesus.org\/pt-br\/","logo":{"@type":"ImageObject","inLanguage":"pt-BR","@id":"https:\/\/hijasdejesus.org\/pt-br\/#\/schema\/logo\/image\/","url":"https:\/\/hijasdejesus.org\/wp-content\/uploads\/2023\/01\/Hijas-de-Jesus_hor-A7C957.png","contentUrl":"https:\/\/hijasdejesus.org\/wp-content\/uploads\/2023\/01\/Hijas-de-Jesus_hor-A7C957.png","width":700,"height":360,"caption":"Hijas de Jes\u00fas"},"image":{"@id":"https:\/\/hijasdejesus.org\/pt-br\/#\/schema\/logo\/image\/"},"sameAs":["https:\/\/www.facebook.com\/hijasdejesusenelmundo\/","https:\/\/x.com\/hijasdjesus"]},{"@type":"Person","@id":"https:\/\/hijasdejesus.org\/pt-br\/#\/schema\/person\/91b9e676dca8842a983b89793a34e5b8","name":"Comunicaci\u00f3n Internacional","image":{"@type":"ImageObject","inLanguage":"pt-BR","@id":"https:\/\/secure.gravatar.com\/avatar\/dcb9b61797c934872aa9209ebf48b92edfeb0819dcdcaa77cd84879d6def414d?s=96&d=mm&r=g","url":"https:\/\/secure.gravatar.com\/avatar\/dcb9b61797c934872aa9209ebf48b92edfeb0819dcdcaa77cd84879d6def414d?s=96&d=mm&r=g","contentUrl":"https:\/\/secure.gravatar.com\/avatar\/dcb9b61797c934872aa9209ebf48b92edfeb0819dcdcaa77cd84879d6def414d?s=96&d=mm&r=g","caption":"Comunicaci\u00f3n Internacional"},"url":"https:\/\/hijasdejesus.org\/pt-br\/author\/comunicacion-internacional\/"}]}},"_links":{"self":[{"href":"https:\/\/hijasdejesus.org\/pt-br\/wp-json\/wp\/v2\/posts\/49607","targetHints":{"allow":["GET"]}}],"collection":[{"href":"https:\/\/hijasdejesus.org\/pt-br\/wp-json\/wp\/v2\/posts"}],"about":[{"href":"https:\/\/hijasdejesus.org\/pt-br\/wp-json\/wp\/v2\/types\/post"}],"author":[{"embeddable":true,"href":"https:\/\/hijasdejesus.org\/pt-br\/wp-json\/wp\/v2\/users\/36"}],"replies":[{"embeddable":true,"href":"https:\/\/hijasdejesus.org\/pt-br\/wp-json\/wp\/v2\/comments?post=49607"}],"version-history":[{"count":1,"href":"https:\/\/hijasdejesus.org\/pt-br\/wp-json\/wp\/v2\/posts\/49607\/revisions"}],"predecessor-version":[{"id":49608,"href":"https:\/\/hijasdejesus.org\/pt-br\/wp-json\/wp\/v2\/posts\/49607\/revisions\/49608"}],"wp:featuredmedia":[{"embeddable":true,"href":"https:\/\/hijasdejesus.org\/pt-br\/wp-json\/wp\/v2\/media\/49578"}],"wp:attachment":[{"href":"https:\/\/hijasdejesus.org\/pt-br\/wp-json\/wp\/v2\/media?parent=49607"}],"wp:term":[{"taxonomy":"category","embeddable":true,"href":"https:\/\/hijasdejesus.org\/pt-br\/wp-json\/wp\/v2\/categories?post=49607"},{"taxonomy":"post_tag","embeddable":true,"href":"https:\/\/hijasdejesus.org\/pt-br\/wp-json\/wp\/v2\/tags?post=49607"}],"curies":[{"name":"wp","href":"https:\/\/api.w.org\/{rel}","templated":true}]}}