{"id":51657,"date":"2025-11-12T18:18:42","date_gmt":"2025-11-12T17:18:42","guid":{"rendered":"https:\/\/hijasdejesus.org\/transmissao-da-determinacao-da-cg-xix-mocambique\/"},"modified":"2025-11-17T17:27:43","modified_gmt":"2025-11-17T16:27:43","slug":"transmissao-da-determinacao-da-cg-xix-mocambique","status":"publish","type":"post","link":"https:\/\/hijasdejesus.org\/pt-br\/transmissao-da-determinacao-da-cg-xix-mocambique\/","title":{"rendered":"Transmiss\u00e3o da determina\u00e7\u00e3o da CG XIX &#8211; Mo\u00e7ambique"},"content":{"rendered":"\n<p>No dia 22 de julho de 2025, festa de <strong>Santa Maria Madalena<\/strong>, a <a href=\"https:\/\/hijasdejesus.org\/pt-br\/mocambique-um-novo-comeco-em-inhambane\/\">comunidade de Inhambane<\/a>, Mo\u00e7ambique, viveu com alegria e gratid\u00e3o a transmiss\u00e3o da Determina\u00e7\u00e3o da XIX Congrega\u00e7\u00e3o Geral. Em uma atmosfera de ora\u00e7\u00e3o, escuta e comunh\u00e3o, as irm\u00e3s acolheram esse novo chamado do Esp\u00edrito como uma b\u00fassola que orienta o cora\u00e7\u00e3o e renova a miss\u00e3o.<\/p>\n\n<p>Durante o dia, surgiram palavras que ressoaram fortemente em todos: <strong>corresponsabilidade, aud\u00e1cia, filia\u00e7\u00e3o e esperan\u00e7a<\/strong>. A Determina\u00e7\u00e3o foi recebida como uma nova &#8220;Palavra de Deus&#8221;, um convite para nascer de novo e viver a convers\u00e3o filial que nos impele a fortalecer a comunica\u00e7\u00e3o, a tecer la\u00e7os de fraternidade e a fazer uma jornada com os outros.<br\/>Como expressou uma irm\u00e3, <em>&#8220;convencidas de que o melhor que podemos oferecer ao mundo \u00e9 sermos filhas e irm\u00e3s, sentimos que essa Determina\u00e7\u00e3o nos provoca, nos inspira e nos abre o caminho&#8221;.<\/em> <\/p>\n\n<p>A comunidade tamb\u00e9m compartilhou a alegria de redescobrir na <strong>Carta n\u00ba 221 da Madre C\u00e2ndida<\/strong> o eco do mesmo desejo que anima a Congrega\u00e7\u00e3o hoje: <em>&#8220;Quero ser chamada de Filhas de Jesus&#8221;.<\/em> Palavras que, ao rel\u00ea-las, se sentem vivas e atuais, como um chamado a recriar nosso ser a partir do carisma de M. C\u00e2ndida, buscando juntas e da mesma forma, o carisma das Filhas de Jesus. Voc\u00ea pode ver o carisma de M. C\u00e2ndida, buscando juntos e com outros, os caminhos que o Esp\u00edrito nos indica. <\/p>\n\n<p><strong>O n\u00ba 21 da Determina\u00e7\u00e3o<\/strong>, em <em>&#8220;Incentivar a vida com os outros&#8221;,<\/em> foi especialmente significativo para as irm\u00e3s, que o receberam como um horizonte de esperan\u00e7a e compromisso para o novo sex\u00eanio. Com confian\u00e7a em Deus Pai, que cuida de todos, as Filhas de Jesus de Mo\u00e7ambique se unem a este movimento congregacional de renova\u00e7\u00e3o e envio, com o desejo de serem mulheres do Evangelho vivo, portadoras de alegria e testemunhas do amor que transforma. <\/p>\n\n<h3 class=\"wp-block-heading\"><strong>Determina\u00e7\u00e3o na Congrega\u00e7\u00e3o Universal<\/strong><\/h3>\n\n<p>Esta publica\u00e7\u00e3o <strong>\u00e9 o ponto culminante de nossa viagem pela web para a transmiss\u00e3o da Determina\u00e7\u00e3o da CG XIX em todas as comunidades da Congrega\u00e7\u00e3o<\/strong>. Uma viagem que nos permitiu reconhecer o que nos une como Filhas de Jesus no mundo, como uma de nossas seguidoras expressou na RRSS: &#8221; <em>Essa not\u00edcia mostra como o esp\u00edrito do carisma deixado pela Madre C\u00e2ndida transcende as fronteiras culturais e geogr\u00e1ficas. Embora essas comunidades sejam muito diferentes, todas elas vivem uma profunda unidade em torno do mesmo chamado: ser fam\u00edlia na f\u00e9&#8221;. <\/em><\/p>\n\n<p>  Ao longo dessas semanas, compartilhamos experi\u00eancias, resson\u00e2ncias e gestos que confirmam nossa <strong>identidade comum<\/strong> e o profundo desejo que nos une: <strong>ser Filhas de Jesus<\/strong>. A jornada continua. Continuamos a aprofundar nossa Determina\u00e7\u00e3o, deixando-nos guiar pelo Esp\u00edrito, recriando nosso ser, incentivando a vida e buscando juntas &#8211; e com outras pessoas &#8211; como dar mais vida ao cora\u00e7\u00e3o do mundo.  <\/p>\n","protected":false},"excerpt":{"rendered":"<p>No dia 22 de julho de 2025, festa de Santa Maria Madalena, a comunidade de Inhambane, Mo\u00e7ambique, viveu com alegria e gratid\u00e3o a transmiss\u00e3o da Determina\u00e7\u00e3o da XIX Congrega\u00e7\u00e3o Geral. Em uma atmosfera de ora\u00e7\u00e3o, escuta e comunh\u00e3o, as irm\u00e3s acolheram esse novo chamado do Esp\u00edrito como uma b\u00fassola que orienta o cora\u00e7\u00e3o e renova [&hellip;]<\/p>\n","protected":false},"author":36,"featured_media":51654,"comment_status":"closed","ping_status":"closed","sticky":false,"template":"","format":"standard","meta":{"_et_pb_use_builder":"","_et_pb_old_content":"","_et_gb_content_width":"","footnotes":"","_links_to":"","_links_to_target":""},"categories":[1260,541,469,1330],"tags":[743],"class_list":["post-51657","post","type-post","status-publish","format-standard","has-post-thumbnail","hentry","category-cg-xix-pt-br","category-mocambique","category-noticias-pt-br","category-noticiascgxix-pt-br","tag-congregacao-geral"],"yoast_head":"<!-- This site is optimized with the Yoast SEO plugin v27.5 - https:\/\/yoast.com\/product\/yoast-seo-wordpress\/ -->\n<title>Transmiss\u00e3o da determina\u00e7\u00e3o da CG XIX - Mo\u00e7ambique - Hijas de Jes\u00fas<\/title>\n<meta name=\"description\" content=\"Em 22 de julho de 2025, a comunidade de Inhambane, Mo\u00e7ambique, experimentou com alegria e gratid\u00e3o a transmiss\u00e3o da Determina\u00e7\u00e3o da XIX Congrega\u00e7\u00e3o Geral.\" \/>\n<meta name=\"robots\" content=\"index, follow, max-snippet:-1, max-image-preview:large, max-video-preview:-1\" \/>\n<link rel=\"canonical\" href=\"https:\/\/hijasdejesus.org\/pt-br\/transmissao-da-determinacao-da-cg-xix-mocambique\/\" \/>\n<meta property=\"og:locale\" content=\"pt_BR\" \/>\n<meta property=\"og:type\" content=\"article\" \/>\n<meta property=\"og:title\" content=\"Transmiss\u00e3o da determina\u00e7\u00e3o da CG XIX - Mo\u00e7ambique - Hijas de Jes\u00fas\" \/>\n<meta property=\"og:description\" content=\"Em 22 de julho de 2025, a comunidade de Inhambane, Mo\u00e7ambique, experimentou com alegria e gratid\u00e3o a transmiss\u00e3o da Determina\u00e7\u00e3o da XIX Congrega\u00e7\u00e3o Geral.\" \/>\n<meta property=\"og:url\" content=\"https:\/\/hijasdejesus.org\/pt-br\/transmissao-da-determinacao-da-cg-xix-mocambique\/\" \/>\n<meta property=\"og:site_name\" content=\"Hijas de Jes\u00fas\" \/>\n<meta property=\"article:publisher\" content=\"https:\/\/www.facebook.com\/hijasdejesusenelmundo\/\" \/>\n<meta property=\"article:published_time\" content=\"2025-11-12T17:18:42+00:00\" \/>\n<meta property=\"article:modified_time\" content=\"2025-11-17T16:27:43+00:00\" \/>\n<meta property=\"og:image\" content=\"https:\/\/hijasdejesus.org\/wp-content\/uploads\/2025\/11\/Portadas-web-4-2-1024x726.png\" \/>\n\t<meta property=\"og:image:width\" content=\"1024\" \/>\n\t<meta property=\"og:image:height\" content=\"726\" \/>\n\t<meta property=\"og:image:type\" content=\"image\/png\" \/>\n<meta name=\"author\" content=\"Comunicaci\u00f3n Internacional\" \/>\n<meta name=\"twitter:card\" content=\"summary_large_image\" \/>\n<meta name=\"twitter:creator\" content=\"@hijasdjesus\" \/>\n<meta name=\"twitter:site\" content=\"@hijasdjesus\" \/>\n<meta name=\"twitter:label1\" content=\"Escrito por\" \/>\n\t<meta name=\"twitter:data1\" content=\"Comunicaci\u00f3n Internacional\" \/>\n\t<meta name=\"twitter:label2\" content=\"Est. tempo de leitura\" \/>\n\t<meta name=\"twitter:data2\" content=\"3 minutos\" \/>\n<script type=\"application\/ld+json\" class=\"yoast-schema-graph\">{\"@context\":\"https:\\\/\\\/schema.org\",\"@graph\":[{\"@type\":\"Article\",\"@id\":\"https:\\\/\\\/hijasdejesus.org\\\/pt-br\\\/transmissao-da-determinacao-da-cg-xix-mocambique\\\/#article\",\"isPartOf\":{\"@id\":\"https:\\\/\\\/hijasdejesus.org\\\/pt-br\\\/transmissao-da-determinacao-da-cg-xix-mocambique\\\/\"},\"author\":{\"name\":\"Comunicaci\u00f3n Internacional\",\"@id\":\"https:\\\/\\\/hijasdejesus.org\\\/pt-br\\\/#\\\/schema\\\/person\\\/91b9e676dca8842a983b89793a34e5b8\"},\"headline\":\"Transmiss\u00e3o da determina\u00e7\u00e3o da CG XIX &#8211; Mo\u00e7ambique\",\"datePublished\":\"2025-11-12T17:18:42+00:00\",\"dateModified\":\"2025-11-17T16:27:43+00:00\",\"mainEntityOfPage\":{\"@id\":\"https:\\\/\\\/hijasdejesus.org\\\/pt-br\\\/transmissao-da-determinacao-da-cg-xix-mocambique\\\/\"},\"wordCount\":515,\"publisher\":{\"@id\":\"https:\\\/\\\/hijasdejesus.org\\\/pt-br\\\/#organization\"},\"image\":{\"@id\":\"https:\\\/\\\/hijasdejesus.org\\\/pt-br\\\/transmissao-da-determinacao-da-cg-xix-mocambique\\\/#primaryimage\"},\"thumbnailUrl\":\"https:\\\/\\\/hijasdejesus.org\\\/wp-content\\\/uploads\\\/2025\\\/11\\\/Portadas-web-4-2.png\",\"keywords\":[\"Congrega\u00e7\u00e3o Geral\"],\"articleSection\":[\"CG XIX\",\"Mo\u00e7ambique\",\"Not\u00edcias\",\"Not\u00edciasCGXIX\"],\"inLanguage\":\"pt-BR\"},{\"@type\":\"WebPage\",\"@id\":\"https:\\\/\\\/hijasdejesus.org\\\/pt-br\\\/transmissao-da-determinacao-da-cg-xix-mocambique\\\/\",\"url\":\"https:\\\/\\\/hijasdejesus.org\\\/pt-br\\\/transmissao-da-determinacao-da-cg-xix-mocambique\\\/\",\"name\":\"Transmiss\u00e3o da determina\u00e7\u00e3o da CG XIX - Mo\u00e7ambique - Hijas de Jes\u00fas\",\"isPartOf\":{\"@id\":\"https:\\\/\\\/hijasdejesus.org\\\/pt-br\\\/#website\"},\"primaryImageOfPage\":{\"@id\":\"https:\\\/\\\/hijasdejesus.org\\\/pt-br\\\/transmissao-da-determinacao-da-cg-xix-mocambique\\\/#primaryimage\"},\"image\":{\"@id\":\"https:\\\/\\\/hijasdejesus.org\\\/pt-br\\\/transmissao-da-determinacao-da-cg-xix-mocambique\\\/#primaryimage\"},\"thumbnailUrl\":\"https:\\\/\\\/hijasdejesus.org\\\/wp-content\\\/uploads\\\/2025\\\/11\\\/Portadas-web-4-2.png\",\"datePublished\":\"2025-11-12T17:18:42+00:00\",\"dateModified\":\"2025-11-17T16:27:43+00:00\",\"description\":\"Em 22 de julho de 2025, a comunidade de Inhambane, Mo\u00e7ambique, experimentou com alegria e gratid\u00e3o a transmiss\u00e3o da Determina\u00e7\u00e3o da XIX Congrega\u00e7\u00e3o Geral.\",\"breadcrumb\":{\"@id\":\"https:\\\/\\\/hijasdejesus.org\\\/pt-br\\\/transmissao-da-determinacao-da-cg-xix-mocambique\\\/#breadcrumb\"},\"inLanguage\":\"pt-BR\",\"potentialAction\":[{\"@type\":\"ReadAction\",\"target\":[\"https:\\\/\\\/hijasdejesus.org\\\/pt-br\\\/transmissao-da-determinacao-da-cg-xix-mocambique\\\/\"]}]},{\"@type\":\"ImageObject\",\"inLanguage\":\"pt-BR\",\"@id\":\"https:\\\/\\\/hijasdejesus.org\\\/pt-br\\\/transmissao-da-determinacao-da-cg-xix-mocambique\\\/#primaryimage\",\"url\":\"https:\\\/\\\/hijasdejesus.org\\\/wp-content\\\/uploads\\\/2025\\\/11\\\/Portadas-web-4-2.png\",\"contentUrl\":\"https:\\\/\\\/hijasdejesus.org\\\/wp-content\\\/uploads\\\/2025\\\/11\\\/Portadas-web-4-2.png\",\"width\":1748,\"height\":1240},{\"@type\":\"BreadcrumbList\",\"@id\":\"https:\\\/\\\/hijasdejesus.org\\\/pt-br\\\/transmissao-da-determinacao-da-cg-xix-mocambique\\\/#breadcrumb\",\"itemListElement\":[{\"@type\":\"ListItem\",\"position\":1,\"name\":\"Portada\",\"item\":\"https:\\\/\\\/hijasdejesus.org\\\/pt-br\\\/\"},{\"@type\":\"ListItem\",\"position\":2,\"name\":\"Transmiss\u00e3o da determina\u00e7\u00e3o da CG XIX &#8211; Mo\u00e7ambique\"}]},{\"@type\":\"WebSite\",\"@id\":\"https:\\\/\\\/hijasdejesus.org\\\/pt-br\\\/#website\",\"url\":\"https:\\\/\\\/hijasdejesus.org\\\/pt-br\\\/\",\"name\":\"Hijas de Jes\u00fas\",\"description\":\"Despertamos a Jes\u00fas en el coraz\u00f3n, sacando lo mejor de las personas. Somos una congregaci\u00f3n religiosa ignaciana fundada por la Madre Candida\",\"publisher\":{\"@id\":\"https:\\\/\\\/hijasdejesus.org\\\/pt-br\\\/#organization\"},\"potentialAction\":[{\"@type\":\"SearchAction\",\"target\":{\"@type\":\"EntryPoint\",\"urlTemplate\":\"https:\\\/\\\/hijasdejesus.org\\\/pt-br\\\/?s={search_term_string}\"},\"query-input\":{\"@type\":\"PropertyValueSpecification\",\"valueRequired\":true,\"valueName\":\"search_term_string\"}}],\"inLanguage\":\"pt-BR\"},{\"@type\":\"Organization\",\"@id\":\"https:\\\/\\\/hijasdejesus.org\\\/pt-br\\\/#organization\",\"name\":\"Hijas de Jes\u00fas\",\"url\":\"https:\\\/\\\/hijasdejesus.org\\\/pt-br\\\/\",\"logo\":{\"@type\":\"ImageObject\",\"inLanguage\":\"pt-BR\",\"@id\":\"https:\\\/\\\/hijasdejesus.org\\\/pt-br\\\/#\\\/schema\\\/logo\\\/image\\\/\",\"url\":\"https:\\\/\\\/hijasdejesus.org\\\/wp-content\\\/uploads\\\/2023\\\/01\\\/Hijas-de-Jesus_hor-A7C957.png\",\"contentUrl\":\"https:\\\/\\\/hijasdejesus.org\\\/wp-content\\\/uploads\\\/2023\\\/01\\\/Hijas-de-Jesus_hor-A7C957.png\",\"width\":700,\"height\":360,\"caption\":\"Hijas de Jes\u00fas\"},\"image\":{\"@id\":\"https:\\\/\\\/hijasdejesus.org\\\/pt-br\\\/#\\\/schema\\\/logo\\\/image\\\/\"},\"sameAs\":[\"https:\\\/\\\/www.facebook.com\\\/hijasdejesusenelmundo\\\/\",\"https:\\\/\\\/x.com\\\/hijasdjesus\"]},{\"@type\":\"Person\",\"@id\":\"https:\\\/\\\/hijasdejesus.org\\\/pt-br\\\/#\\\/schema\\\/person\\\/91b9e676dca8842a983b89793a34e5b8\",\"name\":\"Comunicaci\u00f3n Internacional\",\"image\":{\"@type\":\"ImageObject\",\"inLanguage\":\"pt-BR\",\"@id\":\"https:\\\/\\\/secure.gravatar.com\\\/avatar\\\/dcb9b61797c934872aa9209ebf48b92edfeb0819dcdcaa77cd84879d6def414d?s=96&d=mm&r=g\",\"url\":\"https:\\\/\\\/secure.gravatar.com\\\/avatar\\\/dcb9b61797c934872aa9209ebf48b92edfeb0819dcdcaa77cd84879d6def414d?s=96&d=mm&r=g\",\"contentUrl\":\"https:\\\/\\\/secure.gravatar.com\\\/avatar\\\/dcb9b61797c934872aa9209ebf48b92edfeb0819dcdcaa77cd84879d6def414d?s=96&d=mm&r=g\",\"caption\":\"Comunicaci\u00f3n Internacional\"},\"url\":\"https:\\\/\\\/hijasdejesus.org\\\/pt-br\\\/author\\\/comunicacion-internacional\\\/\"}]}<\/script>\n<!-- \/ Yoast SEO plugin. -->","yoast_head_json":{"title":"Transmiss\u00e3o da determina\u00e7\u00e3o da CG XIX - Mo\u00e7ambique - Hijas de Jes\u00fas","description":"Em 22 de julho de 2025, a comunidade de Inhambane, Mo\u00e7ambique, experimentou com alegria e gratid\u00e3o a transmiss\u00e3o da Determina\u00e7\u00e3o da XIX Congrega\u00e7\u00e3o Geral.","robots":{"index":"index","follow":"follow","max-snippet":"max-snippet:-1","max-image-preview":"max-image-preview:large","max-video-preview":"max-video-preview:-1"},"canonical":"https:\/\/hijasdejesus.org\/pt-br\/transmissao-da-determinacao-da-cg-xix-mocambique\/","og_locale":"pt_BR","og_type":"article","og_title":"Transmiss\u00e3o da determina\u00e7\u00e3o da CG XIX - Mo\u00e7ambique - Hijas de Jes\u00fas","og_description":"Em 22 de julho de 2025, a comunidade de Inhambane, Mo\u00e7ambique, experimentou com alegria e gratid\u00e3o a transmiss\u00e3o da Determina\u00e7\u00e3o da XIX Congrega\u00e7\u00e3o Geral.","og_url":"https:\/\/hijasdejesus.org\/pt-br\/transmissao-da-determinacao-da-cg-xix-mocambique\/","og_site_name":"Hijas de Jes\u00fas","article_publisher":"https:\/\/www.facebook.com\/hijasdejesusenelmundo\/","article_published_time":"2025-11-12T17:18:42+00:00","article_modified_time":"2025-11-17T16:27:43+00:00","og_image":[{"width":1024,"height":726,"url":"https:\/\/hijasdejesus.org\/wp-content\/uploads\/2025\/11\/Portadas-web-4-2-1024x726.png","type":"image\/png"}],"author":"Comunicaci\u00f3n Internacional","twitter_card":"summary_large_image","twitter_creator":"@hijasdjesus","twitter_site":"@hijasdjesus","twitter_misc":{"Escrito por":"Comunicaci\u00f3n Internacional","Est. tempo de leitura":"3 minutos"},"schema":{"@context":"https:\/\/schema.org","@graph":[{"@type":"Article","@id":"https:\/\/hijasdejesus.org\/pt-br\/transmissao-da-determinacao-da-cg-xix-mocambique\/#article","isPartOf":{"@id":"https:\/\/hijasdejesus.org\/pt-br\/transmissao-da-determinacao-da-cg-xix-mocambique\/"},"author":{"name":"Comunicaci\u00f3n Internacional","@id":"https:\/\/hijasdejesus.org\/pt-br\/#\/schema\/person\/91b9e676dca8842a983b89793a34e5b8"},"headline":"Transmiss\u00e3o da determina\u00e7\u00e3o da CG XIX &#8211; Mo\u00e7ambique","datePublished":"2025-11-12T17:18:42+00:00","dateModified":"2025-11-17T16:27:43+00:00","mainEntityOfPage":{"@id":"https:\/\/hijasdejesus.org\/pt-br\/transmissao-da-determinacao-da-cg-xix-mocambique\/"},"wordCount":515,"publisher":{"@id":"https:\/\/hijasdejesus.org\/pt-br\/#organization"},"image":{"@id":"https:\/\/hijasdejesus.org\/pt-br\/transmissao-da-determinacao-da-cg-xix-mocambique\/#primaryimage"},"thumbnailUrl":"https:\/\/hijasdejesus.org\/wp-content\/uploads\/2025\/11\/Portadas-web-4-2.png","keywords":["Congrega\u00e7\u00e3o Geral"],"articleSection":["CG XIX","Mo\u00e7ambique","Not\u00edcias","Not\u00edciasCGXIX"],"inLanguage":"pt-BR"},{"@type":"WebPage","@id":"https:\/\/hijasdejesus.org\/pt-br\/transmissao-da-determinacao-da-cg-xix-mocambique\/","url":"https:\/\/hijasdejesus.org\/pt-br\/transmissao-da-determinacao-da-cg-xix-mocambique\/","name":"Transmiss\u00e3o da determina\u00e7\u00e3o da CG XIX - Mo\u00e7ambique - Hijas de Jes\u00fas","isPartOf":{"@id":"https:\/\/hijasdejesus.org\/pt-br\/#website"},"primaryImageOfPage":{"@id":"https:\/\/hijasdejesus.org\/pt-br\/transmissao-da-determinacao-da-cg-xix-mocambique\/#primaryimage"},"image":{"@id":"https:\/\/hijasdejesus.org\/pt-br\/transmissao-da-determinacao-da-cg-xix-mocambique\/#primaryimage"},"thumbnailUrl":"https:\/\/hijasdejesus.org\/wp-content\/uploads\/2025\/11\/Portadas-web-4-2.png","datePublished":"2025-11-12T17:18:42+00:00","dateModified":"2025-11-17T16:27:43+00:00","description":"Em 22 de julho de 2025, a comunidade de Inhambane, Mo\u00e7ambique, experimentou com alegria e gratid\u00e3o a transmiss\u00e3o da Determina\u00e7\u00e3o da XIX Congrega\u00e7\u00e3o Geral.","breadcrumb":{"@id":"https:\/\/hijasdejesus.org\/pt-br\/transmissao-da-determinacao-da-cg-xix-mocambique\/#breadcrumb"},"inLanguage":"pt-BR","potentialAction":[{"@type":"ReadAction","target":["https:\/\/hijasdejesus.org\/pt-br\/transmissao-da-determinacao-da-cg-xix-mocambique\/"]}]},{"@type":"ImageObject","inLanguage":"pt-BR","@id":"https:\/\/hijasdejesus.org\/pt-br\/transmissao-da-determinacao-da-cg-xix-mocambique\/#primaryimage","url":"https:\/\/hijasdejesus.org\/wp-content\/uploads\/2025\/11\/Portadas-web-4-2.png","contentUrl":"https:\/\/hijasdejesus.org\/wp-content\/uploads\/2025\/11\/Portadas-web-4-2.png","width":1748,"height":1240},{"@type":"BreadcrumbList","@id":"https:\/\/hijasdejesus.org\/pt-br\/transmissao-da-determinacao-da-cg-xix-mocambique\/#breadcrumb","itemListElement":[{"@type":"ListItem","position":1,"name":"Portada","item":"https:\/\/hijasdejesus.org\/pt-br\/"},{"@type":"ListItem","position":2,"name":"Transmiss\u00e3o da determina\u00e7\u00e3o da CG XIX &#8211; Mo\u00e7ambique"}]},{"@type":"WebSite","@id":"https:\/\/hijasdejesus.org\/pt-br\/#website","url":"https:\/\/hijasdejesus.org\/pt-br\/","name":"Hijas de Jes\u00fas","description":"Despertamos a Jes\u00fas en el coraz\u00f3n, sacando lo mejor de las personas. Somos una congregaci\u00f3n religiosa ignaciana fundada por la Madre Candida","publisher":{"@id":"https:\/\/hijasdejesus.org\/pt-br\/#organization"},"potentialAction":[{"@type":"SearchAction","target":{"@type":"EntryPoint","urlTemplate":"https:\/\/hijasdejesus.org\/pt-br\/?s={search_term_string}"},"query-input":{"@type":"PropertyValueSpecification","valueRequired":true,"valueName":"search_term_string"}}],"inLanguage":"pt-BR"},{"@type":"Organization","@id":"https:\/\/hijasdejesus.org\/pt-br\/#organization","name":"Hijas de Jes\u00fas","url":"https:\/\/hijasdejesus.org\/pt-br\/","logo":{"@type":"ImageObject","inLanguage":"pt-BR","@id":"https:\/\/hijasdejesus.org\/pt-br\/#\/schema\/logo\/image\/","url":"https:\/\/hijasdejesus.org\/wp-content\/uploads\/2023\/01\/Hijas-de-Jesus_hor-A7C957.png","contentUrl":"https:\/\/hijasdejesus.org\/wp-content\/uploads\/2023\/01\/Hijas-de-Jesus_hor-A7C957.png","width":700,"height":360,"caption":"Hijas de Jes\u00fas"},"image":{"@id":"https:\/\/hijasdejesus.org\/pt-br\/#\/schema\/logo\/image\/"},"sameAs":["https:\/\/www.facebook.com\/hijasdejesusenelmundo\/","https:\/\/x.com\/hijasdjesus"]},{"@type":"Person","@id":"https:\/\/hijasdejesus.org\/pt-br\/#\/schema\/person\/91b9e676dca8842a983b89793a34e5b8","name":"Comunicaci\u00f3n Internacional","image":{"@type":"ImageObject","inLanguage":"pt-BR","@id":"https:\/\/secure.gravatar.com\/avatar\/dcb9b61797c934872aa9209ebf48b92edfeb0819dcdcaa77cd84879d6def414d?s=96&d=mm&r=g","url":"https:\/\/secure.gravatar.com\/avatar\/dcb9b61797c934872aa9209ebf48b92edfeb0819dcdcaa77cd84879d6def414d?s=96&d=mm&r=g","contentUrl":"https:\/\/secure.gravatar.com\/avatar\/dcb9b61797c934872aa9209ebf48b92edfeb0819dcdcaa77cd84879d6def414d?s=96&d=mm&r=g","caption":"Comunicaci\u00f3n Internacional"},"url":"https:\/\/hijasdejesus.org\/pt-br\/author\/comunicacion-internacional\/"}]}},"_links":{"self":[{"href":"https:\/\/hijasdejesus.org\/pt-br\/wp-json\/wp\/v2\/posts\/51657","targetHints":{"allow":["GET"]}}],"collection":[{"href":"https:\/\/hijasdejesus.org\/pt-br\/wp-json\/wp\/v2\/posts"}],"about":[{"href":"https:\/\/hijasdejesus.org\/pt-br\/wp-json\/wp\/v2\/types\/post"}],"author":[{"embeddable":true,"href":"https:\/\/hijasdejesus.org\/pt-br\/wp-json\/wp\/v2\/users\/36"}],"replies":[{"embeddable":true,"href":"https:\/\/hijasdejesus.org\/pt-br\/wp-json\/wp\/v2\/comments?post=51657"}],"version-history":[{"count":4,"href":"https:\/\/hijasdejesus.org\/pt-br\/wp-json\/wp\/v2\/posts\/51657\/revisions"}],"predecessor-version":[{"id":51893,"href":"https:\/\/hijasdejesus.org\/pt-br\/wp-json\/wp\/v2\/posts\/51657\/revisions\/51893"}],"wp:featuredmedia":[{"embeddable":true,"href":"https:\/\/hijasdejesus.org\/pt-br\/wp-json\/wp\/v2\/media\/51654"}],"wp:attachment":[{"href":"https:\/\/hijasdejesus.org\/pt-br\/wp-json\/wp\/v2\/media?parent=51657"}],"wp:term":[{"taxonomy":"category","embeddable":true,"href":"https:\/\/hijasdejesus.org\/pt-br\/wp-json\/wp\/v2\/categories?post=51657"},{"taxonomy":"post_tag","embeddable":true,"href":"https:\/\/hijasdejesus.org\/pt-br\/wp-json\/wp\/v2\/tags?post=51657"}],"curies":[{"name":"wp","href":"https:\/\/api.w.org\/{rel}","templated":true}]}}