{"id":52023,"date":"2025-11-29T12:00:00","date_gmt":"2025-11-29T11:00:00","guid":{"rendered":"https:\/\/hijasdejesus.org\/novena-da-imaculada-conceicao-maria-nos-ajuda-a-recriar-nosso-ser\/"},"modified":"2025-11-29T12:00:30","modified_gmt":"2025-11-29T11:00:30","slug":"novena-da-imaculada-conceicao-maria-nos-ajuda-a-recriar-nosso-ser","status":"publish","type":"post","link":"https:\/\/hijasdejesus.org\/pt-br\/novena-da-imaculada-conceicao-maria-nos-ajuda-a-recriar-nosso-ser\/","title":{"rendered":"Novena da Imaculada Concei\u00e7\u00e3o: Maria nos ajuda a recriar nosso ser"},"content":{"rendered":"\n<p><strong>&#8220;Sempre levando Maria Imaculada como a Estrela de nossos caminhos&#8221;.<\/strong><\/p>\n\n<p><strong>Como fam\u00edlia da Madre C\u00e2ndida<\/strong>, queremos compartilhar com alegria esta <strong>Novena da Imaculada Concei\u00e7\u00e3o<\/strong>, para que durante nove dias preparemos nossos cora\u00e7\u00f5es para a festa da Imaculada Concei\u00e7\u00e3o e, sob a prote\u00e7\u00e3o de Nossa Senhora, possamos entrar com esperan\u00e7a neste <strong>processo cont\u00ednuo de convers\u00e3o filial<\/strong> ao qual somos convidados.<\/p>\n\n<p>Esta Novena da Imaculada Concei\u00e7\u00e3o, que come\u00e7amos na v\u00e9spera do <strong>primeiro domingo do Advento<\/strong>, neste <strong>Ano Jubilar da Esperan\u00e7a<\/strong>, que agora est\u00e1 em sua fase final, desejamos que seja um recurso que nos ajude a parar, rezar e redescobrir o cora\u00e7\u00e3o de nossa f\u00e9. Como Filhas de Jesus, e estendendo-o a toda a fam\u00edlia carism\u00e1tica, continuamos a viver este <strong>momento congregacional<\/strong> que nos chama a apropriar-nos, de maneira mais espiritual e cordial, da <strong>Determina\u00e7\u00e3o da CG XIX: <em>Quero ser chamada Filhas de Jesus<\/em><\/strong>. <\/p>\n\n<p>Em meio ao <strong>complexo contexto em que vive nosso mundo<\/strong> &#8211; com realidades diversas nos pa\u00edses e regi\u00f5es onde estamos presentes &#8211; sentimos ainda mais a necessidade de voltar \u00e0 fonte, de pedir a Deus e a Maria um cora\u00e7\u00e3o aberto e confiante, capaz de reconhecer a gra\u00e7a que sempre nos precede.<\/p>\n\n<p>Que Maria Imaculada, <em>Estrela de nossos caminhos<\/em>, nos coloque junto a seu filho, para continuar preparando nossas vidas para serem renovadas pelo <strong>dom da filia\u00e7\u00e3o<\/strong>, esse tra\u00e7o carism\u00e1tico central que o Esp\u00edrito deu a Santa C\u00e2ndida e que hoje tamb\u00e9m \u00e9 oferecido \u00e0queles de n\u00f3s que fazemos parte de sua fam\u00edlia.<\/p>\n\n<h3 class=\"wp-block-heading\"><strong>Fa\u00e7a o download, ore e compartilhe.<\/strong><\/h3>\n\n<p>Convidamos voc\u00ea a:<\/p>\n\n<ul class=\"wp-block-list\">\n<li><strong>Fa\u00e7a o download<\/strong> da novena.<\/li>\n\n\n\n<li><strong>Compartilhe-o<\/strong> em suas comunidades, grupos e redes.<\/li>\n\n\n\n<li><strong>Ore <\/strong>com ela, pessoalmente ou em um grupo, durante esses dias que nos preparam para a festa da Imaculada Concei\u00e7\u00e3o.<\/li>\n<\/ul>\n\n<p>Que este tempo nos encontre unidos em ora\u00e7\u00e3o, esperan\u00e7a e na alegria de saber que somos filhos e filhas amados.<\/p>\n\n<p><strong>Maria Imaculada, Estrela de nossa jornada, esteja conosco.<\/strong><\/p>\n\n<p><\/p>\n\n<div class=\"wp-block-buttons has-white-background-color has-background is-content-justification-center is-layout-flex wp-container-core-buttons-is-layout-16018d1d wp-block-buttons-is-layout-flex\">\n<div class=\"wp-block-button is-style-outline is-style-outline--1\"><a class=\"wp-block-button__link wp-element-button\" href=\"https:\/\/recursos.hijasdejesus.org\/?view=file&amp;id=753:novena-de-la-inmaculada&amp;catid=24\">Fa\u00e7a o download aqui<\/a><\/div>\n<\/div>\n","protected":false},"excerpt":{"rendered":"<p>&#8220;Sempre levando Maria Imaculada como a Estrela de nossos caminhos&#8221;. Como fam\u00edlia da Madre C\u00e2ndida, queremos compartilhar com alegria esta Novena da Imaculada Concei\u00e7\u00e3o, para que durante nove dias preparemos nossos cora\u00e7\u00f5es para a festa da Imaculada Concei\u00e7\u00e3o e, sob a prote\u00e7\u00e3o de Nossa Senhora, possamos entrar com esperan\u00e7a neste processo cont\u00ednuo de convers\u00e3o filial [&hellip;]<\/p>\n","protected":false},"author":36,"featured_media":52021,"comment_status":"closed","ping_status":"closed","sticky":false,"template":"","format":"standard","meta":{"_et_pb_use_builder":"","_et_pb_old_content":"","_et_gb_content_width":"","footnotes":"","_links_to":"","_links_to_target":""},"categories":[38,991,469],"tags":[753],"class_list":["post-52023","post","type-post","status-publish","format-standard","has-post-thumbnail","hentry","category-fi-pt-br","category-liturgia-oracion-pt-br","category-noticias-pt-br","tag-imaculada"],"yoast_head":"<!-- This site is optimized with the Yoast SEO plugin v27.5 - https:\/\/yoast.com\/product\/yoast-seo-wordpress\/ -->\n<title>Novena da Imaculada Concei\u00e7\u00e3o: Maria nos ajuda a recriar nosso ser - Hijas de Jes\u00fas<\/title>\n<meta name=\"description\" content=\"Como fam\u00edlia da Madre C\u00e2ndida, queremos compartilhar com alegria esta novena, para que durante nove dias possamos preparar nossos cora\u00e7\u00f5es para a festa da Imaculada Concei\u00e7\u00e3o.\" \/>\n<meta name=\"robots\" content=\"index, follow, max-snippet:-1, max-image-preview:large, max-video-preview:-1\" \/>\n<link rel=\"canonical\" href=\"https:\/\/hijasdejesus.org\/pt-br\/novena-da-imaculada-conceicao-maria-nos-ajuda-a-recriar-nosso-ser\/\" \/>\n<meta property=\"og:locale\" content=\"pt_BR\" \/>\n<meta property=\"og:type\" content=\"article\" \/>\n<meta property=\"og:title\" content=\"Novena da Imaculada Concei\u00e7\u00e3o: Maria nos ajuda a recriar nosso ser - Hijas de Jes\u00fas\" \/>\n<meta property=\"og:description\" content=\"Como fam\u00edlia da Madre C\u00e2ndida, queremos compartilhar com alegria esta novena, para que durante nove dias possamos preparar nossos cora\u00e7\u00f5es para a festa da Imaculada Concei\u00e7\u00e3o.\" \/>\n<meta property=\"og:url\" content=\"https:\/\/hijasdejesus.org\/pt-br\/novena-da-imaculada-conceicao-maria-nos-ajuda-a-recriar-nosso-ser\/\" \/>\n<meta property=\"og:site_name\" content=\"Hijas de Jes\u00fas\" \/>\n<meta property=\"article:publisher\" content=\"https:\/\/www.facebook.com\/hijasdejesusenelmundo\/\" \/>\n<meta property=\"article:published_time\" content=\"2025-11-29T11:00:00+00:00\" \/>\n<meta property=\"article:modified_time\" content=\"2025-11-29T11:00:30+00:00\" \/>\n<meta property=\"og:image\" content=\"https:\/\/hijasdejesus.org\/wp-content\/uploads\/2025\/11\/Portadas-web-3.png\" \/>\n\t<meta property=\"og:image:width\" content=\"1748\" \/>\n\t<meta property=\"og:image:height\" content=\"1240\" \/>\n\t<meta property=\"og:image:type\" content=\"image\/png\" \/>\n<meta name=\"author\" content=\"Comunicaci\u00f3n Internacional\" \/>\n<meta name=\"twitter:card\" content=\"summary_large_image\" \/>\n<meta name=\"twitter:creator\" content=\"@hijasdjesus\" \/>\n<meta name=\"twitter:site\" content=\"@hijasdjesus\" \/>\n<meta name=\"twitter:label1\" content=\"Escrito por\" \/>\n\t<meta name=\"twitter:data1\" content=\"Comunicaci\u00f3n Internacional\" \/>\n\t<meta name=\"twitter:label2\" content=\"Est. tempo de leitura\" \/>\n\t<meta name=\"twitter:data2\" content=\"2 minutos\" \/>\n<script type=\"application\/ld+json\" class=\"yoast-schema-graph\">{\"@context\":\"https:\\\/\\\/schema.org\",\"@graph\":[{\"@type\":\"Article\",\"@id\":\"https:\\\/\\\/hijasdejesus.org\\\/pt-br\\\/novena-da-imaculada-conceicao-maria-nos-ajuda-a-recriar-nosso-ser\\\/#article\",\"isPartOf\":{\"@id\":\"https:\\\/\\\/hijasdejesus.org\\\/pt-br\\\/novena-da-imaculada-conceicao-maria-nos-ajuda-a-recriar-nosso-ser\\\/\"},\"author\":{\"name\":\"Comunicaci\u00f3n Internacional\",\"@id\":\"https:\\\/\\\/hijasdejesus.org\\\/pt-br\\\/#\\\/schema\\\/person\\\/91b9e676dca8842a983b89793a34e5b8\"},\"headline\":\"Novena da Imaculada Concei\u00e7\u00e3o: Maria nos ajuda a recriar nosso ser\",\"datePublished\":\"2025-11-29T11:00:00+00:00\",\"dateModified\":\"2025-11-29T11:00:30+00:00\",\"mainEntityOfPage\":{\"@id\":\"https:\\\/\\\/hijasdejesus.org\\\/pt-br\\\/novena-da-imaculada-conceicao-maria-nos-ajuda-a-recriar-nosso-ser\\\/\"},\"wordCount\":363,\"publisher\":{\"@id\":\"https:\\\/\\\/hijasdejesus.org\\\/pt-br\\\/#organization\"},\"image\":{\"@id\":\"https:\\\/\\\/hijasdejesus.org\\\/pt-br\\\/novena-da-imaculada-conceicao-maria-nos-ajuda-a-recriar-nosso-ser\\\/#primaryimage\"},\"thumbnailUrl\":\"https:\\\/\\\/hijasdejesus.org\\\/wp-content\\\/uploads\\\/2025\\\/11\\\/Portadas-web-3.png\",\"keywords\":[\"Imaculada\"],\"articleSection\":[\"fi\",\"Liturgia &#8211; oraci\u00f3n\",\"Not\u00edcias\"],\"inLanguage\":\"pt-BR\"},{\"@type\":\"WebPage\",\"@id\":\"https:\\\/\\\/hijasdejesus.org\\\/pt-br\\\/novena-da-imaculada-conceicao-maria-nos-ajuda-a-recriar-nosso-ser\\\/\",\"url\":\"https:\\\/\\\/hijasdejesus.org\\\/pt-br\\\/novena-da-imaculada-conceicao-maria-nos-ajuda-a-recriar-nosso-ser\\\/\",\"name\":\"Novena da Imaculada Concei\u00e7\u00e3o: Maria nos ajuda a recriar nosso ser - Hijas de Jes\u00fas\",\"isPartOf\":{\"@id\":\"https:\\\/\\\/hijasdejesus.org\\\/pt-br\\\/#website\"},\"primaryImageOfPage\":{\"@id\":\"https:\\\/\\\/hijasdejesus.org\\\/pt-br\\\/novena-da-imaculada-conceicao-maria-nos-ajuda-a-recriar-nosso-ser\\\/#primaryimage\"},\"image\":{\"@id\":\"https:\\\/\\\/hijasdejesus.org\\\/pt-br\\\/novena-da-imaculada-conceicao-maria-nos-ajuda-a-recriar-nosso-ser\\\/#primaryimage\"},\"thumbnailUrl\":\"https:\\\/\\\/hijasdejesus.org\\\/wp-content\\\/uploads\\\/2025\\\/11\\\/Portadas-web-3.png\",\"datePublished\":\"2025-11-29T11:00:00+00:00\",\"dateModified\":\"2025-11-29T11:00:30+00:00\",\"description\":\"Como fam\u00edlia da Madre C\u00e2ndida, queremos compartilhar com alegria esta novena, para que durante nove dias possamos preparar nossos cora\u00e7\u00f5es para a festa da Imaculada Concei\u00e7\u00e3o.\",\"breadcrumb\":{\"@id\":\"https:\\\/\\\/hijasdejesus.org\\\/pt-br\\\/novena-da-imaculada-conceicao-maria-nos-ajuda-a-recriar-nosso-ser\\\/#breadcrumb\"},\"inLanguage\":\"pt-BR\",\"potentialAction\":[{\"@type\":\"ReadAction\",\"target\":[\"https:\\\/\\\/hijasdejesus.org\\\/pt-br\\\/novena-da-imaculada-conceicao-maria-nos-ajuda-a-recriar-nosso-ser\\\/\"]}]},{\"@type\":\"ImageObject\",\"inLanguage\":\"pt-BR\",\"@id\":\"https:\\\/\\\/hijasdejesus.org\\\/pt-br\\\/novena-da-imaculada-conceicao-maria-nos-ajuda-a-recriar-nosso-ser\\\/#primaryimage\",\"url\":\"https:\\\/\\\/hijasdejesus.org\\\/wp-content\\\/uploads\\\/2025\\\/11\\\/Portadas-web-3.png\",\"contentUrl\":\"https:\\\/\\\/hijasdejesus.org\\\/wp-content\\\/uploads\\\/2025\\\/11\\\/Portadas-web-3.png\",\"width\":1748,\"height\":1240},{\"@type\":\"BreadcrumbList\",\"@id\":\"https:\\\/\\\/hijasdejesus.org\\\/pt-br\\\/novena-da-imaculada-conceicao-maria-nos-ajuda-a-recriar-nosso-ser\\\/#breadcrumb\",\"itemListElement\":[{\"@type\":\"ListItem\",\"position\":1,\"name\":\"Portada\",\"item\":\"https:\\\/\\\/hijasdejesus.org\\\/pt-br\\\/\"},{\"@type\":\"ListItem\",\"position\":2,\"name\":\"Novena da Imaculada Concei\u00e7\u00e3o: Maria nos ajuda a recriar nosso ser\"}]},{\"@type\":\"WebSite\",\"@id\":\"https:\\\/\\\/hijasdejesus.org\\\/pt-br\\\/#website\",\"url\":\"https:\\\/\\\/hijasdejesus.org\\\/pt-br\\\/\",\"name\":\"Hijas de Jes\u00fas\",\"description\":\"Despertamos a Jes\u00fas en el coraz\u00f3n, sacando lo mejor de las personas. Somos una congregaci\u00f3n religiosa ignaciana fundada por la Madre Candida\",\"publisher\":{\"@id\":\"https:\\\/\\\/hijasdejesus.org\\\/pt-br\\\/#organization\"},\"potentialAction\":[{\"@type\":\"SearchAction\",\"target\":{\"@type\":\"EntryPoint\",\"urlTemplate\":\"https:\\\/\\\/hijasdejesus.org\\\/pt-br\\\/?s={search_term_string}\"},\"query-input\":{\"@type\":\"PropertyValueSpecification\",\"valueRequired\":true,\"valueName\":\"search_term_string\"}}],\"inLanguage\":\"pt-BR\"},{\"@type\":\"Organization\",\"@id\":\"https:\\\/\\\/hijasdejesus.org\\\/pt-br\\\/#organization\",\"name\":\"Hijas de Jes\u00fas\",\"url\":\"https:\\\/\\\/hijasdejesus.org\\\/pt-br\\\/\",\"logo\":{\"@type\":\"ImageObject\",\"inLanguage\":\"pt-BR\",\"@id\":\"https:\\\/\\\/hijasdejesus.org\\\/pt-br\\\/#\\\/schema\\\/logo\\\/image\\\/\",\"url\":\"https:\\\/\\\/hijasdejesus.org\\\/wp-content\\\/uploads\\\/2023\\\/01\\\/Hijas-de-Jesus_hor-A7C957.png\",\"contentUrl\":\"https:\\\/\\\/hijasdejesus.org\\\/wp-content\\\/uploads\\\/2023\\\/01\\\/Hijas-de-Jesus_hor-A7C957.png\",\"width\":700,\"height\":360,\"caption\":\"Hijas de Jes\u00fas\"},\"image\":{\"@id\":\"https:\\\/\\\/hijasdejesus.org\\\/pt-br\\\/#\\\/schema\\\/logo\\\/image\\\/\"},\"sameAs\":[\"https:\\\/\\\/www.facebook.com\\\/hijasdejesusenelmundo\\\/\",\"https:\\\/\\\/x.com\\\/hijasdjesus\"]},{\"@type\":\"Person\",\"@id\":\"https:\\\/\\\/hijasdejesus.org\\\/pt-br\\\/#\\\/schema\\\/person\\\/91b9e676dca8842a983b89793a34e5b8\",\"name\":\"Comunicaci\u00f3n Internacional\",\"image\":{\"@type\":\"ImageObject\",\"inLanguage\":\"pt-BR\",\"@id\":\"https:\\\/\\\/secure.gravatar.com\\\/avatar\\\/dcb9b61797c934872aa9209ebf48b92edfeb0819dcdcaa77cd84879d6def414d?s=96&d=mm&r=g\",\"url\":\"https:\\\/\\\/secure.gravatar.com\\\/avatar\\\/dcb9b61797c934872aa9209ebf48b92edfeb0819dcdcaa77cd84879d6def414d?s=96&d=mm&r=g\",\"contentUrl\":\"https:\\\/\\\/secure.gravatar.com\\\/avatar\\\/dcb9b61797c934872aa9209ebf48b92edfeb0819dcdcaa77cd84879d6def414d?s=96&d=mm&r=g\",\"caption\":\"Comunicaci\u00f3n Internacional\"},\"url\":\"https:\\\/\\\/hijasdejesus.org\\\/pt-br\\\/author\\\/comunicacion-internacional\\\/\"}]}<\/script>\n<!-- \/ Yoast SEO plugin. -->","yoast_head_json":{"title":"Novena da Imaculada Concei\u00e7\u00e3o: Maria nos ajuda a recriar nosso ser - Hijas de Jes\u00fas","description":"Como fam\u00edlia da Madre C\u00e2ndida, queremos compartilhar com alegria esta novena, para que durante nove dias possamos preparar nossos cora\u00e7\u00f5es para a festa da Imaculada Concei\u00e7\u00e3o.","robots":{"index":"index","follow":"follow","max-snippet":"max-snippet:-1","max-image-preview":"max-image-preview:large","max-video-preview":"max-video-preview:-1"},"canonical":"https:\/\/hijasdejesus.org\/pt-br\/novena-da-imaculada-conceicao-maria-nos-ajuda-a-recriar-nosso-ser\/","og_locale":"pt_BR","og_type":"article","og_title":"Novena da Imaculada Concei\u00e7\u00e3o: Maria nos ajuda a recriar nosso ser - Hijas de Jes\u00fas","og_description":"Como fam\u00edlia da Madre C\u00e2ndida, queremos compartilhar com alegria esta novena, para que durante nove dias possamos preparar nossos cora\u00e7\u00f5es para a festa da Imaculada Concei\u00e7\u00e3o.","og_url":"https:\/\/hijasdejesus.org\/pt-br\/novena-da-imaculada-conceicao-maria-nos-ajuda-a-recriar-nosso-ser\/","og_site_name":"Hijas de Jes\u00fas","article_publisher":"https:\/\/www.facebook.com\/hijasdejesusenelmundo\/","article_published_time":"2025-11-29T11:00:00+00:00","article_modified_time":"2025-11-29T11:00:30+00:00","og_image":[{"width":1748,"height":1240,"url":"https:\/\/hijasdejesus.org\/wp-content\/uploads\/2025\/11\/Portadas-web-3.png","type":"image\/png"}],"author":"Comunicaci\u00f3n Internacional","twitter_card":"summary_large_image","twitter_creator":"@hijasdjesus","twitter_site":"@hijasdjesus","twitter_misc":{"Escrito por":"Comunicaci\u00f3n Internacional","Est. tempo de leitura":"2 minutos"},"schema":{"@context":"https:\/\/schema.org","@graph":[{"@type":"Article","@id":"https:\/\/hijasdejesus.org\/pt-br\/novena-da-imaculada-conceicao-maria-nos-ajuda-a-recriar-nosso-ser\/#article","isPartOf":{"@id":"https:\/\/hijasdejesus.org\/pt-br\/novena-da-imaculada-conceicao-maria-nos-ajuda-a-recriar-nosso-ser\/"},"author":{"name":"Comunicaci\u00f3n Internacional","@id":"https:\/\/hijasdejesus.org\/pt-br\/#\/schema\/person\/91b9e676dca8842a983b89793a34e5b8"},"headline":"Novena da Imaculada Concei\u00e7\u00e3o: Maria nos ajuda a recriar nosso ser","datePublished":"2025-11-29T11:00:00+00:00","dateModified":"2025-11-29T11:00:30+00:00","mainEntityOfPage":{"@id":"https:\/\/hijasdejesus.org\/pt-br\/novena-da-imaculada-conceicao-maria-nos-ajuda-a-recriar-nosso-ser\/"},"wordCount":363,"publisher":{"@id":"https:\/\/hijasdejesus.org\/pt-br\/#organization"},"image":{"@id":"https:\/\/hijasdejesus.org\/pt-br\/novena-da-imaculada-conceicao-maria-nos-ajuda-a-recriar-nosso-ser\/#primaryimage"},"thumbnailUrl":"https:\/\/hijasdejesus.org\/wp-content\/uploads\/2025\/11\/Portadas-web-3.png","keywords":["Imaculada"],"articleSection":["fi","Liturgia &#8211; oraci\u00f3n","Not\u00edcias"],"inLanguage":"pt-BR"},{"@type":"WebPage","@id":"https:\/\/hijasdejesus.org\/pt-br\/novena-da-imaculada-conceicao-maria-nos-ajuda-a-recriar-nosso-ser\/","url":"https:\/\/hijasdejesus.org\/pt-br\/novena-da-imaculada-conceicao-maria-nos-ajuda-a-recriar-nosso-ser\/","name":"Novena da Imaculada Concei\u00e7\u00e3o: Maria nos ajuda a recriar nosso ser - Hijas de Jes\u00fas","isPartOf":{"@id":"https:\/\/hijasdejesus.org\/pt-br\/#website"},"primaryImageOfPage":{"@id":"https:\/\/hijasdejesus.org\/pt-br\/novena-da-imaculada-conceicao-maria-nos-ajuda-a-recriar-nosso-ser\/#primaryimage"},"image":{"@id":"https:\/\/hijasdejesus.org\/pt-br\/novena-da-imaculada-conceicao-maria-nos-ajuda-a-recriar-nosso-ser\/#primaryimage"},"thumbnailUrl":"https:\/\/hijasdejesus.org\/wp-content\/uploads\/2025\/11\/Portadas-web-3.png","datePublished":"2025-11-29T11:00:00+00:00","dateModified":"2025-11-29T11:00:30+00:00","description":"Como fam\u00edlia da Madre C\u00e2ndida, queremos compartilhar com alegria esta novena, para que durante nove dias possamos preparar nossos cora\u00e7\u00f5es para a festa da Imaculada Concei\u00e7\u00e3o.","breadcrumb":{"@id":"https:\/\/hijasdejesus.org\/pt-br\/novena-da-imaculada-conceicao-maria-nos-ajuda-a-recriar-nosso-ser\/#breadcrumb"},"inLanguage":"pt-BR","potentialAction":[{"@type":"ReadAction","target":["https:\/\/hijasdejesus.org\/pt-br\/novena-da-imaculada-conceicao-maria-nos-ajuda-a-recriar-nosso-ser\/"]}]},{"@type":"ImageObject","inLanguage":"pt-BR","@id":"https:\/\/hijasdejesus.org\/pt-br\/novena-da-imaculada-conceicao-maria-nos-ajuda-a-recriar-nosso-ser\/#primaryimage","url":"https:\/\/hijasdejesus.org\/wp-content\/uploads\/2025\/11\/Portadas-web-3.png","contentUrl":"https:\/\/hijasdejesus.org\/wp-content\/uploads\/2025\/11\/Portadas-web-3.png","width":1748,"height":1240},{"@type":"BreadcrumbList","@id":"https:\/\/hijasdejesus.org\/pt-br\/novena-da-imaculada-conceicao-maria-nos-ajuda-a-recriar-nosso-ser\/#breadcrumb","itemListElement":[{"@type":"ListItem","position":1,"name":"Portada","item":"https:\/\/hijasdejesus.org\/pt-br\/"},{"@type":"ListItem","position":2,"name":"Novena da Imaculada Concei\u00e7\u00e3o: Maria nos ajuda a recriar nosso ser"}]},{"@type":"WebSite","@id":"https:\/\/hijasdejesus.org\/pt-br\/#website","url":"https:\/\/hijasdejesus.org\/pt-br\/","name":"Hijas de Jes\u00fas","description":"Despertamos a Jes\u00fas en el coraz\u00f3n, sacando lo mejor de las personas. Somos una congregaci\u00f3n religiosa ignaciana fundada por la Madre Candida","publisher":{"@id":"https:\/\/hijasdejesus.org\/pt-br\/#organization"},"potentialAction":[{"@type":"SearchAction","target":{"@type":"EntryPoint","urlTemplate":"https:\/\/hijasdejesus.org\/pt-br\/?s={search_term_string}"},"query-input":{"@type":"PropertyValueSpecification","valueRequired":true,"valueName":"search_term_string"}}],"inLanguage":"pt-BR"},{"@type":"Organization","@id":"https:\/\/hijasdejesus.org\/pt-br\/#organization","name":"Hijas de Jes\u00fas","url":"https:\/\/hijasdejesus.org\/pt-br\/","logo":{"@type":"ImageObject","inLanguage":"pt-BR","@id":"https:\/\/hijasdejesus.org\/pt-br\/#\/schema\/logo\/image\/","url":"https:\/\/hijasdejesus.org\/wp-content\/uploads\/2023\/01\/Hijas-de-Jesus_hor-A7C957.png","contentUrl":"https:\/\/hijasdejesus.org\/wp-content\/uploads\/2023\/01\/Hijas-de-Jesus_hor-A7C957.png","width":700,"height":360,"caption":"Hijas de Jes\u00fas"},"image":{"@id":"https:\/\/hijasdejesus.org\/pt-br\/#\/schema\/logo\/image\/"},"sameAs":["https:\/\/www.facebook.com\/hijasdejesusenelmundo\/","https:\/\/x.com\/hijasdjesus"]},{"@type":"Person","@id":"https:\/\/hijasdejesus.org\/pt-br\/#\/schema\/person\/91b9e676dca8842a983b89793a34e5b8","name":"Comunicaci\u00f3n Internacional","image":{"@type":"ImageObject","inLanguage":"pt-BR","@id":"https:\/\/secure.gravatar.com\/avatar\/dcb9b61797c934872aa9209ebf48b92edfeb0819dcdcaa77cd84879d6def414d?s=96&d=mm&r=g","url":"https:\/\/secure.gravatar.com\/avatar\/dcb9b61797c934872aa9209ebf48b92edfeb0819dcdcaa77cd84879d6def414d?s=96&d=mm&r=g","contentUrl":"https:\/\/secure.gravatar.com\/avatar\/dcb9b61797c934872aa9209ebf48b92edfeb0819dcdcaa77cd84879d6def414d?s=96&d=mm&r=g","caption":"Comunicaci\u00f3n Internacional"},"url":"https:\/\/hijasdejesus.org\/pt-br\/author\/comunicacion-internacional\/"}]}},"_links":{"self":[{"href":"https:\/\/hijasdejesus.org\/pt-br\/wp-json\/wp\/v2\/posts\/52023","targetHints":{"allow":["GET"]}}],"collection":[{"href":"https:\/\/hijasdejesus.org\/pt-br\/wp-json\/wp\/v2\/posts"}],"about":[{"href":"https:\/\/hijasdejesus.org\/pt-br\/wp-json\/wp\/v2\/types\/post"}],"author":[{"embeddable":true,"href":"https:\/\/hijasdejesus.org\/pt-br\/wp-json\/wp\/v2\/users\/36"}],"replies":[{"embeddable":true,"href":"https:\/\/hijasdejesus.org\/pt-br\/wp-json\/wp\/v2\/comments?post=52023"}],"version-history":[{"count":1,"href":"https:\/\/hijasdejesus.org\/pt-br\/wp-json\/wp\/v2\/posts\/52023\/revisions"}],"predecessor-version":[{"id":52024,"href":"https:\/\/hijasdejesus.org\/pt-br\/wp-json\/wp\/v2\/posts\/52023\/revisions\/52024"}],"wp:featuredmedia":[{"embeddable":true,"href":"https:\/\/hijasdejesus.org\/pt-br\/wp-json\/wp\/v2\/media\/52021"}],"wp:attachment":[{"href":"https:\/\/hijasdejesus.org\/pt-br\/wp-json\/wp\/v2\/media?parent=52023"}],"wp:term":[{"taxonomy":"category","embeddable":true,"href":"https:\/\/hijasdejesus.org\/pt-br\/wp-json\/wp\/v2\/categories?post=52023"},{"taxonomy":"post_tag","embeddable":true,"href":"https:\/\/hijasdejesus.org\/pt-br\/wp-json\/wp\/v2\/tags?post=52023"}],"curies":[{"name":"wp","href":"https:\/\/api.w.org\/{rel}","templated":true}]}}