{"id":53136,"date":"2026-03-14T19:00:00","date_gmt":"2026-03-14T18:00:00","guid":{"rendered":"https:\/\/hijasdejesus.org\/iv-domingo-da-quaresma\/"},"modified":"2026-03-18T19:52:40","modified_gmt":"2026-03-18T18:52:40","slug":"iv-domingo-da-quaresma","status":"publish","type":"post","link":"https:\/\/hijasdejesus.org\/pt-br\/iv-domingo-da-quaresma\/","title":{"rendered":"IV Domingo da Quaresma"},"content":{"rendered":"\n<p>O <a href=\"https:\/\/hijasdejesus.org\/pt-br\/i-domingo-da-quaresma\/\" type=\"link\" id=\"https:\/\/hijasdejesus.org\/i-domingo-cuaresma-2026\/\">primeiro domingo<\/a> nos convidou a reconhecer que o pecado quebra, mas Deus recria; onde a morte se expande, a gra\u00e7a transborda. No <a href=\"https:\/\/hijasdejesus.org\/pt-br\/ii-domingo-da-quaresma\/\" type=\"link\" id=\"https:\/\/hijasdejesus.org\/ii-domingo-de-cuaresma-2026\/\">segundo domingo<\/a>, a voca\u00e7\u00e3o ressoou fortemente como dom e chamado, e o<a href=\"https:\/\/hijasdejesus.org\/pt-br\/iii-domingo-da-quaresma\/\"> terceiro domingo <\/a> nos convidou a estar presentes para acompanhar a vida e sustentar a esperan\u00e7a. <\/p>\n\n<p>Neste quarto domingo, somos convidados a ser luz, a caminhar como filhos da luz, o que n\u00e3o significa n\u00e3o ter sombras, mas <strong>nos permitir ser iluminados por Cristo e refletir sua luz. <\/strong>Nossas obras e presen\u00e7as apost\u00f3licas s\u00e3o chamadas a ser espa\u00e7os onde as pessoas crescem, sentem-se acolhidas e descobrem caminhos de vida. <strong>A miss\u00e3o educativa e evangelizadora \u00e9 chamada a ser um espa\u00e7o de vida, verdade e transforma\u00e7\u00e3o social.<\/strong><\/p>\n\n<p>Neste domingo, a Palavra nos convida a analisar se nossas presen\u00e7as est\u00e3o ajudando a despertar, a elevar, a transformar a realidade, a viver de forma mais plena e justa.<\/p>\n\n<p><\/p>\n\n<h2 class=\"wp-block-heading\">Antes voc\u00ea era trevas, mas agora \u00e9 luz no Senhor.<\/h2>\n\n<blockquote class=\"wp-block-quote is-layout-flow wp-block-quote-is-layout-flow\">\n<p>Irm\u00e3os: Outrora voc\u00eas eram trevas, mas agora s\u00e3o luz no Senhor. Andem como filhos da luz &#8211; toda bondade, justi\u00e7a e verdade s\u00e3o frutos da luz &#8211; buscando o que \u00e9 agrad\u00e1vel ao Senhor, n\u00e3o participando das obras infrut\u00edferas das trevas, mas denunciando-as. Pois \u00e9 at\u00e9 vergonhoso mencionar as coisas que eles fazem em segredo. Mas a luz, ao denunci\u00e1-las, as exp\u00f5e, e tudo o que \u00e9 exposto \u00e9 luz.    \u00c9 por isso que ele diz: &#8220;Desperta, \u00f3 tu que dormes, levanta-te dentre os mortos, e Cristo ser\u00e1 a tua luz&#8221;.  <strong>Ef 5,8-14<\/strong><\/p>\n<\/blockquote>\n\n<p><\/p>\n\n<h2 class=\"wp-block-heading\">Presen\u00e7as apost\u00f3licas que evangelizam e transformam.<\/h2>\n\n<blockquote class=\"wp-block-quote is-layout-flow wp-block-quote-is-layout-flow\">\n<p>Cuidamos de nossas presen\u00e7as apost\u00f3licas, assegurando que sejam espa\u00e7os de evangeliza\u00e7\u00e3o e agentes de transforma\u00e7\u00e3o social, de modo que em cada uma delas se d\u00ea vida ao &#8220;nosso jeito pr\u00f3prio de educar&#8221;. Conscientes da import\u00e2ncia da educa\u00e7\u00e3o na constru\u00e7\u00e3o de um futuro mais justo e fraterno, continuamos a promover nelas o Pacto Educativo Global, respondendo assim a essa iniciativa da Igreja e \u00e0s necessidades de hoje com nossa miss\u00e3o educativa. <strong>  Det CGXIX n. 24<\/strong><\/p>\n<\/blockquote>\n\n<p><\/p>\n\n<h2 class=\"wp-block-heading\">Quest\u00e3o de discernimento<\/h2>\n\n<p class=\"has-text-align-center\"><kbd>At\u00e9 que ponto nossas presen\u00e7as apost\u00f3licas hoje s\u00e3o espa\u00e7os de luz que evangelizam, transformam e geram nova vida, justi\u00e7a e esperan\u00e7a, de acordo com nossa pr\u00f3pria maneira de educar?<\/kbd><\/p>\n\n<p><\/p>\n\n<p class=\"has-text-align-center\"><strong>Proposta de ora\u00e7\u00e3o inaciana<\/strong><\/p>\n\n<div class=\"wp-block-buttons is-content-justification-center is-layout-flex wp-container-core-buttons-is-layout-16018d1d wp-block-buttons-is-layout-flex\">\n<div class=\"wp-block-button is-style-outline is-style-outline--1\"><a class=\"wp-block-button__link wp-element-button\" href=\"https:\/\/recursos.hijasdejesus.org\/?view=file&amp;id=787:oracion-iv-domingo-de-cuaresma-2026&amp;catid=24\">Fa\u00e7a o download aqui<\/a><\/div>\n<\/div>\n","protected":false},"excerpt":{"rendered":"<p>O primeiro domingo nos convidou a reconhecer que o pecado quebra, mas Deus recria; onde a morte se expande, a gra\u00e7a transborda. No segundo domingo, a voca\u00e7\u00e3o ressoou fortemente como dom e chamado, e o terceiro domingo nos convidou a estar presentes para acompanhar a vida e sustentar a esperan\u00e7a. Neste quarto domingo, somos convidados [&hellip;]<\/p>\n","protected":false},"author":36,"featured_media":53124,"comment_status":"closed","ping_status":"closed","sticky":false,"template":"","format":"standard","meta":{"_et_pb_use_builder":"","_et_pb_old_content":"","_et_gb_content_width":"","footnotes":"","_links_to":"","_links_to_target":""},"categories":[511,991,469],"tags":[743,758],"class_list":["post-53136","post","type-post","status-publish","format-standard","has-post-thumbnail","hentry","category-comunicacao","category-liturgia-oracion-pt-br","category-noticias-pt-br","tag-congregacao-geral","tag-cuaresma-pt-br"],"yoast_head":"<!-- This site is optimized with the Yoast SEO plugin v27.5 - https:\/\/yoast.com\/product\/yoast-seo-wordpress\/ -->\n<title>IV Domingo da Quaresma - Hijas de Jes\u00fas<\/title>\n<meta name=\"description\" content=\"Nesta jornada quaresmal, a Palavra nos lembra que ser luz, andar como filhos da luz, n\u00e3o significa n\u00e3o ter sombras, mas permitir que sejamos iluminados por Cristo e refletir sua luz.\" \/>\n<meta name=\"robots\" content=\"index, follow, max-snippet:-1, max-image-preview:large, max-video-preview:-1\" \/>\n<link rel=\"canonical\" href=\"https:\/\/hijasdejesus.org\/pt-br\/iv-domingo-da-quaresma\/\" \/>\n<meta property=\"og:locale\" content=\"pt_BR\" \/>\n<meta property=\"og:type\" content=\"article\" \/>\n<meta property=\"og:title\" content=\"IV Domingo da Quaresma - Hijas de Jes\u00fas\" \/>\n<meta property=\"og:description\" content=\"Nesta jornada quaresmal, a Palavra nos lembra que ser luz, andar como filhos da luz, n\u00e3o significa n\u00e3o ter sombras, mas permitir que sejamos iluminados por Cristo e refletir sua luz.\" \/>\n<meta property=\"og:url\" content=\"https:\/\/hijasdejesus.org\/pt-br\/iv-domingo-da-quaresma\/\" \/>\n<meta property=\"og:site_name\" content=\"Hijas de Jes\u00fas\" \/>\n<meta property=\"article:publisher\" content=\"https:\/\/www.facebook.com\/hijasdejesusenelmundo\/\" \/>\n<meta property=\"article:published_time\" content=\"2026-03-14T18:00:00+00:00\" \/>\n<meta property=\"article:modified_time\" content=\"2026-03-18T18:52:40+00:00\" \/>\n<meta property=\"og:image\" content=\"https:\/\/hijasdejesus.org\/wp-content\/uploads\/2026\/03\/Portadas-web-4-1024x726.png\" \/>\n\t<meta property=\"og:image:width\" content=\"1024\" \/>\n\t<meta property=\"og:image:height\" content=\"726\" \/>\n\t<meta property=\"og:image:type\" content=\"image\/png\" \/>\n<meta name=\"author\" content=\"Comunicaci\u00f3n Internacional\" \/>\n<meta name=\"twitter:card\" content=\"summary_large_image\" \/>\n<meta name=\"twitter:creator\" content=\"@hijasdjesus\" \/>\n<meta name=\"twitter:site\" content=\"@hijasdjesus\" \/>\n<meta name=\"twitter:label1\" content=\"Escrito por\" \/>\n\t<meta name=\"twitter:data1\" content=\"Comunicaci\u00f3n Internacional\" \/>\n\t<meta name=\"twitter:label2\" content=\"Est. tempo de leitura\" \/>\n\t<meta name=\"twitter:data2\" content=\"2 minutos\" \/>\n<script type=\"application\/ld+json\" class=\"yoast-schema-graph\">{\"@context\":\"https:\\\/\\\/schema.org\",\"@graph\":[{\"@type\":\"Article\",\"@id\":\"https:\\\/\\\/hijasdejesus.org\\\/pt-br\\\/iv-domingo-da-quaresma\\\/#article\",\"isPartOf\":{\"@id\":\"https:\\\/\\\/hijasdejesus.org\\\/pt-br\\\/iv-domingo-da-quaresma\\\/\"},\"author\":{\"name\":\"Comunicaci\u00f3n Internacional\",\"@id\":\"https:\\\/\\\/hijasdejesus.org\\\/pt-br\\\/#\\\/schema\\\/person\\\/91b9e676dca8842a983b89793a34e5b8\"},\"headline\":\"IV Domingo da Quaresma\",\"datePublished\":\"2026-03-14T18:00:00+00:00\",\"dateModified\":\"2026-03-18T18:52:40+00:00\",\"mainEntityOfPage\":{\"@id\":\"https:\\\/\\\/hijasdejesus.org\\\/pt-br\\\/iv-domingo-da-quaresma\\\/\"},\"wordCount\":413,\"publisher\":{\"@id\":\"https:\\\/\\\/hijasdejesus.org\\\/pt-br\\\/#organization\"},\"image\":{\"@id\":\"https:\\\/\\\/hijasdejesus.org\\\/pt-br\\\/iv-domingo-da-quaresma\\\/#primaryimage\"},\"thumbnailUrl\":\"https:\\\/\\\/hijasdejesus.org\\\/wp-content\\\/uploads\\\/2026\\\/03\\\/Portadas-web-4.png\",\"keywords\":[\"Congrega\u00e7\u00e3o Geral\",\"Cuaresma\"],\"articleSection\":[\"Comunica\u00e7\u00e3o\",\"Liturgia &#8211; oraci\u00f3n\",\"Not\u00edcias\"],\"inLanguage\":\"pt-BR\"},{\"@type\":\"WebPage\",\"@id\":\"https:\\\/\\\/hijasdejesus.org\\\/pt-br\\\/iv-domingo-da-quaresma\\\/\",\"url\":\"https:\\\/\\\/hijasdejesus.org\\\/pt-br\\\/iv-domingo-da-quaresma\\\/\",\"name\":\"IV Domingo da Quaresma - Hijas de Jes\u00fas\",\"isPartOf\":{\"@id\":\"https:\\\/\\\/hijasdejesus.org\\\/pt-br\\\/#website\"},\"primaryImageOfPage\":{\"@id\":\"https:\\\/\\\/hijasdejesus.org\\\/pt-br\\\/iv-domingo-da-quaresma\\\/#primaryimage\"},\"image\":{\"@id\":\"https:\\\/\\\/hijasdejesus.org\\\/pt-br\\\/iv-domingo-da-quaresma\\\/#primaryimage\"},\"thumbnailUrl\":\"https:\\\/\\\/hijasdejesus.org\\\/wp-content\\\/uploads\\\/2026\\\/03\\\/Portadas-web-4.png\",\"datePublished\":\"2026-03-14T18:00:00+00:00\",\"dateModified\":\"2026-03-18T18:52:40+00:00\",\"description\":\"Nesta jornada quaresmal, a Palavra nos lembra que ser luz, andar como filhos da luz, n\u00e3o significa n\u00e3o ter sombras, mas permitir que sejamos iluminados por Cristo e refletir sua luz.\",\"breadcrumb\":{\"@id\":\"https:\\\/\\\/hijasdejesus.org\\\/pt-br\\\/iv-domingo-da-quaresma\\\/#breadcrumb\"},\"inLanguage\":\"pt-BR\",\"potentialAction\":[{\"@type\":\"ReadAction\",\"target\":[\"https:\\\/\\\/hijasdejesus.org\\\/pt-br\\\/iv-domingo-da-quaresma\\\/\"]}]},{\"@type\":\"ImageObject\",\"inLanguage\":\"pt-BR\",\"@id\":\"https:\\\/\\\/hijasdejesus.org\\\/pt-br\\\/iv-domingo-da-quaresma\\\/#primaryimage\",\"url\":\"https:\\\/\\\/hijasdejesus.org\\\/wp-content\\\/uploads\\\/2026\\\/03\\\/Portadas-web-4.png\",\"contentUrl\":\"https:\\\/\\\/hijasdejesus.org\\\/wp-content\\\/uploads\\\/2026\\\/03\\\/Portadas-web-4.png\",\"width\":1748,\"height\":1240},{\"@type\":\"BreadcrumbList\",\"@id\":\"https:\\\/\\\/hijasdejesus.org\\\/pt-br\\\/iv-domingo-da-quaresma\\\/#breadcrumb\",\"itemListElement\":[{\"@type\":\"ListItem\",\"position\":1,\"name\":\"Portada\",\"item\":\"https:\\\/\\\/hijasdejesus.org\\\/pt-br\\\/\"},{\"@type\":\"ListItem\",\"position\":2,\"name\":\"IV Domingo da Quaresma\"}]},{\"@type\":\"WebSite\",\"@id\":\"https:\\\/\\\/hijasdejesus.org\\\/pt-br\\\/#website\",\"url\":\"https:\\\/\\\/hijasdejesus.org\\\/pt-br\\\/\",\"name\":\"Hijas de Jes\u00fas\",\"description\":\"Despertamos a Jes\u00fas en el coraz\u00f3n, sacando lo mejor de las personas. Somos una congregaci\u00f3n religiosa ignaciana fundada por la Madre Candida\",\"publisher\":{\"@id\":\"https:\\\/\\\/hijasdejesus.org\\\/pt-br\\\/#organization\"},\"potentialAction\":[{\"@type\":\"SearchAction\",\"target\":{\"@type\":\"EntryPoint\",\"urlTemplate\":\"https:\\\/\\\/hijasdejesus.org\\\/pt-br\\\/?s={search_term_string}\"},\"query-input\":{\"@type\":\"PropertyValueSpecification\",\"valueRequired\":true,\"valueName\":\"search_term_string\"}}],\"inLanguage\":\"pt-BR\"},{\"@type\":\"Organization\",\"@id\":\"https:\\\/\\\/hijasdejesus.org\\\/pt-br\\\/#organization\",\"name\":\"Hijas de Jes\u00fas\",\"url\":\"https:\\\/\\\/hijasdejesus.org\\\/pt-br\\\/\",\"logo\":{\"@type\":\"ImageObject\",\"inLanguage\":\"pt-BR\",\"@id\":\"https:\\\/\\\/hijasdejesus.org\\\/pt-br\\\/#\\\/schema\\\/logo\\\/image\\\/\",\"url\":\"https:\\\/\\\/hijasdejesus.org\\\/wp-content\\\/uploads\\\/2023\\\/01\\\/Hijas-de-Jesus_hor-A7C957.png\",\"contentUrl\":\"https:\\\/\\\/hijasdejesus.org\\\/wp-content\\\/uploads\\\/2023\\\/01\\\/Hijas-de-Jesus_hor-A7C957.png\",\"width\":700,\"height\":360,\"caption\":\"Hijas de Jes\u00fas\"},\"image\":{\"@id\":\"https:\\\/\\\/hijasdejesus.org\\\/pt-br\\\/#\\\/schema\\\/logo\\\/image\\\/\"},\"sameAs\":[\"https:\\\/\\\/www.facebook.com\\\/hijasdejesusenelmundo\\\/\",\"https:\\\/\\\/x.com\\\/hijasdjesus\"]},{\"@type\":\"Person\",\"@id\":\"https:\\\/\\\/hijasdejesus.org\\\/pt-br\\\/#\\\/schema\\\/person\\\/91b9e676dca8842a983b89793a34e5b8\",\"name\":\"Comunicaci\u00f3n Internacional\",\"image\":{\"@type\":\"ImageObject\",\"inLanguage\":\"pt-BR\",\"@id\":\"https:\\\/\\\/secure.gravatar.com\\\/avatar\\\/dcb9b61797c934872aa9209ebf48b92edfeb0819dcdcaa77cd84879d6def414d?s=96&d=mm&r=g\",\"url\":\"https:\\\/\\\/secure.gravatar.com\\\/avatar\\\/dcb9b61797c934872aa9209ebf48b92edfeb0819dcdcaa77cd84879d6def414d?s=96&d=mm&r=g\",\"contentUrl\":\"https:\\\/\\\/secure.gravatar.com\\\/avatar\\\/dcb9b61797c934872aa9209ebf48b92edfeb0819dcdcaa77cd84879d6def414d?s=96&d=mm&r=g\",\"caption\":\"Comunicaci\u00f3n Internacional\"},\"url\":\"https:\\\/\\\/hijasdejesus.org\\\/pt-br\\\/author\\\/comunicacion-internacional\\\/\"}]}<\/script>\n<!-- \/ Yoast SEO plugin. -->","yoast_head_json":{"title":"IV Domingo da Quaresma - Hijas de Jes\u00fas","description":"Nesta jornada quaresmal, a Palavra nos lembra que ser luz, andar como filhos da luz, n\u00e3o significa n\u00e3o ter sombras, mas permitir que sejamos iluminados por Cristo e refletir sua luz.","robots":{"index":"index","follow":"follow","max-snippet":"max-snippet:-1","max-image-preview":"max-image-preview:large","max-video-preview":"max-video-preview:-1"},"canonical":"https:\/\/hijasdejesus.org\/pt-br\/iv-domingo-da-quaresma\/","og_locale":"pt_BR","og_type":"article","og_title":"IV Domingo da Quaresma - Hijas de Jes\u00fas","og_description":"Nesta jornada quaresmal, a Palavra nos lembra que ser luz, andar como filhos da luz, n\u00e3o significa n\u00e3o ter sombras, mas permitir que sejamos iluminados por Cristo e refletir sua luz.","og_url":"https:\/\/hijasdejesus.org\/pt-br\/iv-domingo-da-quaresma\/","og_site_name":"Hijas de Jes\u00fas","article_publisher":"https:\/\/www.facebook.com\/hijasdejesusenelmundo\/","article_published_time":"2026-03-14T18:00:00+00:00","article_modified_time":"2026-03-18T18:52:40+00:00","og_image":[{"width":1024,"height":726,"url":"https:\/\/hijasdejesus.org\/wp-content\/uploads\/2026\/03\/Portadas-web-4-1024x726.png","type":"image\/png"}],"author":"Comunicaci\u00f3n Internacional","twitter_card":"summary_large_image","twitter_creator":"@hijasdjesus","twitter_site":"@hijasdjesus","twitter_misc":{"Escrito por":"Comunicaci\u00f3n Internacional","Est. tempo de leitura":"2 minutos"},"schema":{"@context":"https:\/\/schema.org","@graph":[{"@type":"Article","@id":"https:\/\/hijasdejesus.org\/pt-br\/iv-domingo-da-quaresma\/#article","isPartOf":{"@id":"https:\/\/hijasdejesus.org\/pt-br\/iv-domingo-da-quaresma\/"},"author":{"name":"Comunicaci\u00f3n Internacional","@id":"https:\/\/hijasdejesus.org\/pt-br\/#\/schema\/person\/91b9e676dca8842a983b89793a34e5b8"},"headline":"IV Domingo da Quaresma","datePublished":"2026-03-14T18:00:00+00:00","dateModified":"2026-03-18T18:52:40+00:00","mainEntityOfPage":{"@id":"https:\/\/hijasdejesus.org\/pt-br\/iv-domingo-da-quaresma\/"},"wordCount":413,"publisher":{"@id":"https:\/\/hijasdejesus.org\/pt-br\/#organization"},"image":{"@id":"https:\/\/hijasdejesus.org\/pt-br\/iv-domingo-da-quaresma\/#primaryimage"},"thumbnailUrl":"https:\/\/hijasdejesus.org\/wp-content\/uploads\/2026\/03\/Portadas-web-4.png","keywords":["Congrega\u00e7\u00e3o Geral","Cuaresma"],"articleSection":["Comunica\u00e7\u00e3o","Liturgia &#8211; oraci\u00f3n","Not\u00edcias"],"inLanguage":"pt-BR"},{"@type":"WebPage","@id":"https:\/\/hijasdejesus.org\/pt-br\/iv-domingo-da-quaresma\/","url":"https:\/\/hijasdejesus.org\/pt-br\/iv-domingo-da-quaresma\/","name":"IV Domingo da Quaresma - Hijas de Jes\u00fas","isPartOf":{"@id":"https:\/\/hijasdejesus.org\/pt-br\/#website"},"primaryImageOfPage":{"@id":"https:\/\/hijasdejesus.org\/pt-br\/iv-domingo-da-quaresma\/#primaryimage"},"image":{"@id":"https:\/\/hijasdejesus.org\/pt-br\/iv-domingo-da-quaresma\/#primaryimage"},"thumbnailUrl":"https:\/\/hijasdejesus.org\/wp-content\/uploads\/2026\/03\/Portadas-web-4.png","datePublished":"2026-03-14T18:00:00+00:00","dateModified":"2026-03-18T18:52:40+00:00","description":"Nesta jornada quaresmal, a Palavra nos lembra que ser luz, andar como filhos da luz, n\u00e3o significa n\u00e3o ter sombras, mas permitir que sejamos iluminados por Cristo e refletir sua luz.","breadcrumb":{"@id":"https:\/\/hijasdejesus.org\/pt-br\/iv-domingo-da-quaresma\/#breadcrumb"},"inLanguage":"pt-BR","potentialAction":[{"@type":"ReadAction","target":["https:\/\/hijasdejesus.org\/pt-br\/iv-domingo-da-quaresma\/"]}]},{"@type":"ImageObject","inLanguage":"pt-BR","@id":"https:\/\/hijasdejesus.org\/pt-br\/iv-domingo-da-quaresma\/#primaryimage","url":"https:\/\/hijasdejesus.org\/wp-content\/uploads\/2026\/03\/Portadas-web-4.png","contentUrl":"https:\/\/hijasdejesus.org\/wp-content\/uploads\/2026\/03\/Portadas-web-4.png","width":1748,"height":1240},{"@type":"BreadcrumbList","@id":"https:\/\/hijasdejesus.org\/pt-br\/iv-domingo-da-quaresma\/#breadcrumb","itemListElement":[{"@type":"ListItem","position":1,"name":"Portada","item":"https:\/\/hijasdejesus.org\/pt-br\/"},{"@type":"ListItem","position":2,"name":"IV Domingo da Quaresma"}]},{"@type":"WebSite","@id":"https:\/\/hijasdejesus.org\/pt-br\/#website","url":"https:\/\/hijasdejesus.org\/pt-br\/","name":"Hijas de Jes\u00fas","description":"Despertamos a Jes\u00fas en el coraz\u00f3n, sacando lo mejor de las personas. Somos una congregaci\u00f3n religiosa ignaciana fundada por la Madre Candida","publisher":{"@id":"https:\/\/hijasdejesus.org\/pt-br\/#organization"},"potentialAction":[{"@type":"SearchAction","target":{"@type":"EntryPoint","urlTemplate":"https:\/\/hijasdejesus.org\/pt-br\/?s={search_term_string}"},"query-input":{"@type":"PropertyValueSpecification","valueRequired":true,"valueName":"search_term_string"}}],"inLanguage":"pt-BR"},{"@type":"Organization","@id":"https:\/\/hijasdejesus.org\/pt-br\/#organization","name":"Hijas de Jes\u00fas","url":"https:\/\/hijasdejesus.org\/pt-br\/","logo":{"@type":"ImageObject","inLanguage":"pt-BR","@id":"https:\/\/hijasdejesus.org\/pt-br\/#\/schema\/logo\/image\/","url":"https:\/\/hijasdejesus.org\/wp-content\/uploads\/2023\/01\/Hijas-de-Jesus_hor-A7C957.png","contentUrl":"https:\/\/hijasdejesus.org\/wp-content\/uploads\/2023\/01\/Hijas-de-Jesus_hor-A7C957.png","width":700,"height":360,"caption":"Hijas de Jes\u00fas"},"image":{"@id":"https:\/\/hijasdejesus.org\/pt-br\/#\/schema\/logo\/image\/"},"sameAs":["https:\/\/www.facebook.com\/hijasdejesusenelmundo\/","https:\/\/x.com\/hijasdjesus"]},{"@type":"Person","@id":"https:\/\/hijasdejesus.org\/pt-br\/#\/schema\/person\/91b9e676dca8842a983b89793a34e5b8","name":"Comunicaci\u00f3n Internacional","image":{"@type":"ImageObject","inLanguage":"pt-BR","@id":"https:\/\/secure.gravatar.com\/avatar\/dcb9b61797c934872aa9209ebf48b92edfeb0819dcdcaa77cd84879d6def414d?s=96&d=mm&r=g","url":"https:\/\/secure.gravatar.com\/avatar\/dcb9b61797c934872aa9209ebf48b92edfeb0819dcdcaa77cd84879d6def414d?s=96&d=mm&r=g","contentUrl":"https:\/\/secure.gravatar.com\/avatar\/dcb9b61797c934872aa9209ebf48b92edfeb0819dcdcaa77cd84879d6def414d?s=96&d=mm&r=g","caption":"Comunicaci\u00f3n Internacional"},"url":"https:\/\/hijasdejesus.org\/pt-br\/author\/comunicacion-internacional\/"}]}},"_links":{"self":[{"href":"https:\/\/hijasdejesus.org\/pt-br\/wp-json\/wp\/v2\/posts\/53136","targetHints":{"allow":["GET"]}}],"collection":[{"href":"https:\/\/hijasdejesus.org\/pt-br\/wp-json\/wp\/v2\/posts"}],"about":[{"href":"https:\/\/hijasdejesus.org\/pt-br\/wp-json\/wp\/v2\/types\/post"}],"author":[{"embeddable":true,"href":"https:\/\/hijasdejesus.org\/pt-br\/wp-json\/wp\/v2\/users\/36"}],"replies":[{"embeddable":true,"href":"https:\/\/hijasdejesus.org\/pt-br\/wp-json\/wp\/v2\/comments?post=53136"}],"version-history":[{"count":2,"href":"https:\/\/hijasdejesus.org\/pt-br\/wp-json\/wp\/v2\/posts\/53136\/revisions"}],"predecessor-version":[{"id":53167,"href":"https:\/\/hijasdejesus.org\/pt-br\/wp-json\/wp\/v2\/posts\/53136\/revisions\/53167"}],"wp:featuredmedia":[{"embeddable":true,"href":"https:\/\/hijasdejesus.org\/pt-br\/wp-json\/wp\/v2\/media\/53124"}],"wp:attachment":[{"href":"https:\/\/hijasdejesus.org\/pt-br\/wp-json\/wp\/v2\/media?parent=53136"}],"wp:term":[{"taxonomy":"category","embeddable":true,"href":"https:\/\/hijasdejesus.org\/pt-br\/wp-json\/wp\/v2\/categories?post=53136"},{"taxonomy":"post_tag","embeddable":true,"href":"https:\/\/hijasdejesus.org\/pt-br\/wp-json\/wp\/v2\/tags?post=53136"}],"curies":[{"name":"wp","href":"https:\/\/api.w.org\/{rel}","templated":true}]}}